{"id":87374,"date":"2024-07-26T06:59:26","date_gmt":"2024-07-26T13:59:26","guid":{"rendered":"https:\/\/fuentesfidedignas.com.mx\/?p=87374"},"modified":"2024-07-26T06:59:28","modified_gmt":"2024-07-26T13:59:28","slug":"revelan-primeras-fotos-de-el-mayo-y-joaquin-guzman-lopez-tras-detencion","status":"publish","type":"post","link":"https:\/\/fuentesfidedignas.com.mx\/index.php\/2024\/07\/26\/revelan-primeras-fotos-de-el-mayo-y-joaquin-guzman-lopez-tras-detencion\/","title":{"rendered":"Revelan primeras fotos de &#8216;El Mayo&#8217; y Joaqu\u00edn Guzm\u00e1n L\u00f3pez tras detenci\u00f3n"},"content":{"rendered":"\n<p><strong><em>En redes circula la primera fotograf\u00eda de Ismael Zambada y el hijo de El Chapo tras entregarse a las autoridades estadunidenses.<\/em><\/strong><\/p>\n\n\n\n<p>Tras ser detenido en El Paso, Texas, Estados Unidos, Ismael El Mayo Zambada fue captado en im\u00e1genes, marcando un paso significativo en la lucha contra el narcotr\u00e1fico, al tiempo tambi\u00e9n se detuvo a&nbsp;Joaqu\u00edn Guzm\u00e1n L\u00f3pez, hijo del l\u00edder criminal Joaqu\u00edn El Chapo Guzm\u00e1n.&nbsp;&nbsp;<\/p>\n\n\n\n<p>A trav\u00e9s de redes sociales, se difundi\u00f3 la primera fotograf\u00eda de Ismael Zambada\u00a0 y el hijo de El Chapo tras entregarse a las autoridades estadunidenses.<\/p>\n\n\n\n<p><strong>As\u00ed luce\u00a0El Mayo Zambada en su primera fotograf\u00eda tras su detenci\u00f3n en EU<\/strong><br>Zambada, uno de los capos m\u00e1s buscados y quien hab\u00eda evadido la justicia durante a\u00f1os, se encontraba en la lista de los criminales m\u00e1s peligrosos tanto en M\u00e9xico como en Estados Unidos.\u00a0<\/p>\n\n\n\n<p>En la imagen difundida en redes sociales se puede ver al Mayo Zambada con una playera tipo polo azul, dentro de un veh\u00edculo con un cintur\u00f3n de pasajero en el lado derecho de su pecho, mientras \u00e9l mantiene la mirada hac\u00eda un lado.&nbsp;<\/p>\n\n\n\n<p>Por su parte, la foto de\u00a0Joaqu\u00edn Guzm\u00e1n L\u00f3pez lo muestra escoltado en lo que parece ser una pista de aterrizaje, al momento de sus detenci\u00f3n portaba una playera color negro.<\/p>\n\n\n\n<figure class=\"wp-block-image size-full\"><img decoding=\"async\" width=\"702\" height=\"379\" src=\"https:\/\/fuentesfidedignas.com.mx\/wp-content\/uploads\/2024\/07\/mayo-detenido-.jpg\" alt=\"\" class=\"wp-image-87375\" srcset=\"https:\/\/fuentesfidedignas.com.mx\/wp-content\/uploads\/2024\/07\/mayo-detenido-.jpg 702w, https:\/\/fuentesfidedignas.com.mx\/wp-content\/uploads\/2024\/07\/mayo-detenido--300x162.jpg 300w, https:\/\/fuentesfidedignas.com.mx\/wp-content\/uploads\/2024\/07\/mayo-detenido--600x324.jpg 600w, https:\/\/fuentesfidedignas.com.mx\/wp-content\/uploads\/2024\/07\/mayo-detenido--696x376.jpg 696w\" sizes=\"(max-width: 702px) 100vw, 702px\" \/><\/figure>\n\n\n\n<p><strong>\u00bfC\u00f3mo detuvieron a el Mayo Zambada?<\/strong><br>Su arresto es el resultado de una operaci\u00f3n conjunta de agencias de seguridad estadunidenses, seg\u00fan confirmaron fuentes cercanas a la operaci\u00f3n a la agencia Reuters.<\/p>\n\n\n\n<p>Ismael Zambada Garc\u00eda, conocido como El Mayo, cofundador del C\u00e1rtel de Sinaloa junto a Joaqu\u00edn El Chapo Guzm\u00e1n, ha sido una figura central en la historia del narcotr\u00e1fico en M\u00e9xico.&nbsp;<\/p>\n\n\n\n<p>Bajo su liderazgo, el c\u00e1rtel se convirti\u00f3 en una de las organizaciones criminales m\u00e1s poderosas y violentas del mundo, responsable de una vasta red de tr\u00e1fico de drogas que se extend\u00eda desde Am\u00e9rica Latina hasta Estados Unidos y otros continentes.<\/p>\n\n\n\n<p>En febrero, fiscales federales de Estados Unidos lo acusaron formalmente de conspiraci\u00f3n para fabricar y distribuir fentanilo, una droga sint\u00e9tica que ha sido identificada como la principal causa de muertes por sobredosis entre estadounidenses de 18 a 45 a\u00f1os.<\/p>\n\n\n\n<p><strong>\u00bfQui\u00e9n es el Mayo Zambada?<\/strong><br>La historia de El Mayo Zambada se remonta a los a\u00f1os ochenta, durante el auge del narcotr\u00e1fico en M\u00e9xico. Originario del estado de Sinaloa, Zambada comenz\u00f3 su carrera delictiva como miembro del C\u00e1rtel de Guadalajara, una organizaci\u00f3n pionera en el tr\u00e1fico de drogas en M\u00e9xico, liderada por figuras como Miguel \u00c1ngel F\u00e9lix Gallardo, Rafael Caro Quintero y Ernesto Fonseca Carrillo.\u00a0<\/p>\n\n\n\n<p>Este c\u00e1rtel sent\u00f3 las bases del narcotr\u00e1fico moderno en M\u00e9xico, estableciendo rutas y contactos que luego ser\u00edan explotados por otros c\u00e1rteles.<\/p>\n\n\n\n<p>Zambada y Guzm\u00e1n, entonces en roles menores dentro de la organizaci\u00f3n, se destacaron por su astucia y ambici\u00f3n. Tras el asesinato del agente de la DEA Enrique Kiki Camarena por \u00f3rdenes de Caro Quintero, el C\u00e1rtel de Guadalajara comenz\u00f3 a desmoronarse, lo que permiti\u00f3 a Zambada y Guzm\u00e1n formar su propia organizaci\u00f3n, el C\u00e1rtel de Sinaloa.&nbsp;<\/p>\n\n\n\n<p>La relaci\u00f3n entre El Chapo y El Mayo fue clave para el crecimiento del c\u00e1rtel, aunque eventualmente se fractur\u00f3 debido a conflictos internos, incluyendo la muerte de uno de los hijos de Guzm\u00e1n.&nbsp;<\/p>\n\n\n\n<p>Sin embargo, Zambada mantuvo su posici\u00f3n como l\u00edder del c\u00e1rtel, consolidando su poder y operando en la sombra mientras Guzm\u00e1n se convirti\u00f3 en la figura p\u00fablica m\u00e1s visible del c\u00e1rtel hasta su captura y extradici\u00f3n a Estados Unidos.<\/p>\n\n\n\n<p>La detenci\u00f3n de El Mayo Zambada representa un golpe significativo para el c\u00e1rtel de Sinaloa, que ha visto a varios de sus l\u00edderes capturados o asesinados en los \u00faltimos a\u00f1os.&nbsp;<\/p>\n\n\n\n<p><strong><em>Noticia en desarrollo<\/em>&#8230;<\/strong><\/p>\n","protected":false},"excerpt":{"rendered":"<p>En redes circula la primera fotograf\u00eda de Ismael Zambada y el hijo de El Chapo tras entregarse a las autoridades estadunidenses. Tras ser detenido en El Paso, Texas, Estados Unidos, Ismael El Mayo Zambada fue captado en im\u00e1genes, marcando un paso significativo en la lucha contra el narcotr\u00e1fico, al tiempo tambi\u00e9n se detuvo a&nbsp;Joaqu\u00edn Guzm\u00e1n [&hellip;]<\/p>\n","protected":false},"author":9,"featured_media":74056,"comment_status":"open","ping_status":"open","sticky":false,"template":"","format":"standard","meta":{"tdm_status":"","tdm_grid_status":"","footnotes":""},"categories":[37],"tags":[],"class_list":{"0":"post-87374","1":"post","2":"type-post","3":"status-publish","4":"format-standard","5":"has-post-thumbnail","7":"category-nota-principal"},"yoast_head":"<!-- This site is optimized with the Yoast SEO plugin v27.5 - https:\/\/yoast.com\/product\/yoast-seo-wordpress\/ -->\n<title>Revelan primeras fotos de &#039;El Mayo&#039; y Joaqu\u00edn Guzm\u00e1n L\u00f3pez tras detenci\u00f3n - Fuentes Fidedignas<\/title>\n<meta name=\"robots\" content=\"index, follow, max-snippet:-1, max-image-preview:large, max-video-preview:-1\" \/>\n<link rel=\"canonical\" href=\"https:\/\/fuentesfidedignas.com.mx\/index.php\/2024\/07\/26\/revelan-primeras-fotos-de-el-mayo-y-joaquin-guzman-lopez-tras-detencion\/\" \/>\n<meta property=\"og:locale\" content=\"es_MX\" \/>\n<meta property=\"og:type\" content=\"article\" \/>\n<meta property=\"og:title\" content=\"Revelan primeras fotos de &#039;El Mayo&#039; y Joaqu\u00edn Guzm\u00e1n L\u00f3pez tras detenci\u00f3n - Fuentes Fidedignas\" \/>\n<meta property=\"og:description\" content=\"En redes circula la primera fotograf\u00eda de Ismael Zambada y el hijo de El Chapo tras entregarse a las autoridades estadunidenses. Tras ser detenido en El Paso, Texas, Estados Unidos, Ismael El Mayo Zambada fue captado en im\u00e1genes, marcando un paso significativo en la lucha contra el narcotr\u00e1fico, al tiempo tambi\u00e9n se detuvo a&nbsp;Joaqu\u00edn Guzm\u00e1n [&hellip;]\" \/>\n<meta property=\"og:url\" content=\"https:\/\/fuentesfidedignas.com.mx\/index.php\/2024\/07\/26\/revelan-primeras-fotos-de-el-mayo-y-joaquin-guzman-lopez-tras-detencion\/\" \/>\n<meta property=\"og:site_name\" content=\"Fuentes Fidedignas\" \/>\n<meta property=\"article:publisher\" content=\"https:\/\/www.facebook.com\/Fuentes-Fidedignas-368234489921644\" \/>\n<meta property=\"article:published_time\" content=\"2024-07-26T13:59:26+00:00\" \/>\n<meta property=\"article:modified_time\" content=\"2024-07-26T13:59:28+00:00\" \/>\n<meta property=\"og:image\" content=\"https:\/\/fuentesfidedignas.com.mx\/wp-content\/uploads\/2024\/02\/MAYO_ZAMBADA.jpg\" \/>\n\t<meta property=\"og:image:width\" content=\"960\" \/>\n\t<meta property=\"og:image:height\" content=\"540\" \/>\n\t<meta property=\"og:image:type\" content=\"image\/jpeg\" \/>\n<meta name=\"author\" content=\"Milenio\" \/>\n<meta name=\"twitter:card\" content=\"summary_large_image\" \/>\n<meta name=\"twitter:creator\" content=\"@fidedignas\" \/>\n<meta name=\"twitter:site\" content=\"@fidedignas\" \/>\n<meta name=\"twitter:label1\" content=\"Escrito por\" \/>\n\t<meta name=\"twitter:data1\" content=\"Milenio\" \/>\n\t<meta name=\"twitter:label2\" content=\"Tiempo de lectura\" \/>\n\t<meta name=\"twitter:data2\" content=\"4 minutos\" \/>\n<script type=\"application\/ld+json\" class=\"yoast-schema-graph\">{\"@context\":\"https:\\\/\\\/schema.org\",\"@graph\":[{\"@type\":\"Article\",\"@id\":\"https:\\\/\\\/fuentesfidedignas.com.mx\\\/index.php\\\/2024\\\/07\\\/26\\\/revelan-primeras-fotos-de-el-mayo-y-joaquin-guzman-lopez-tras-detencion\\\/#article\",\"isPartOf\":{\"@id\":\"https:\\\/\\\/fuentesfidedignas.com.mx\\\/index.php\\\/2024\\\/07\\\/26\\\/revelan-primeras-fotos-de-el-mayo-y-joaquin-guzman-lopez-tras-detencion\\\/\"},\"author\":{\"name\":\"Milenio\",\"@id\":\"https:\\\/\\\/fuentesfidedignas.com.mx\\\/#\\\/schema\\\/person\\\/47ec0135738f4b0c7495f06a77a2c976\"},\"headline\":\"Revelan primeras fotos de &#8216;El Mayo&#8217; y Joaqu\u00edn Guzm\u00e1n L\u00f3pez tras detenci\u00f3n\",\"datePublished\":\"2024-07-26T13:59:26+00:00\",\"dateModified\":\"2024-07-26T13:59:28+00:00\",\"mainEntityOfPage\":{\"@id\":\"https:\\\/\\\/fuentesfidedignas.com.mx\\\/index.php\\\/2024\\\/07\\\/26\\\/revelan-primeras-fotos-de-el-mayo-y-joaquin-guzman-lopez-tras-detencion\\\/\"},\"wordCount\":698,\"commentCount\":0,\"publisher\":{\"@id\":\"https:\\\/\\\/fuentesfidedignas.com.mx\\\/#organization\"},\"image\":{\"@id\":\"https:\\\/\\\/fuentesfidedignas.com.mx\\\/index.php\\\/2024\\\/07\\\/26\\\/revelan-primeras-fotos-de-el-mayo-y-joaquin-guzman-lopez-tras-detencion\\\/#primaryimage\"},\"thumbnailUrl\":\"https:\\\/\\\/fuentesfidedignas.com.mx\\\/wp-content\\\/uploads\\\/2024\\\/02\\\/MAYO_ZAMBADA.jpg\",\"articleSection\":[\"NOTA PRINCIPAL\"],\"inLanguage\":\"es\",\"potentialAction\":[{\"@type\":\"CommentAction\",\"name\":\"Comment\",\"target\":[\"https:\\\/\\\/fuentesfidedignas.com.mx\\\/index.php\\\/2024\\\/07\\\/26\\\/revelan-primeras-fotos-de-el-mayo-y-joaquin-guzman-lopez-tras-detencion\\\/#respond\"]}]},{\"@type\":\"WebPage\",\"@id\":\"https:\\\/\\\/fuentesfidedignas.com.mx\\\/index.php\\\/2024\\\/07\\\/26\\\/revelan-primeras-fotos-de-el-mayo-y-joaquin-guzman-lopez-tras-detencion\\\/\",\"url\":\"https:\\\/\\\/fuentesfidedignas.com.mx\\\/index.php\\\/2024\\\/07\\\/26\\\/revelan-primeras-fotos-de-el-mayo-y-joaquin-guzman-lopez-tras-detencion\\\/\",\"name\":\"Revelan primeras fotos de 'El Mayo' y Joaqu\u00edn Guzm\u00e1n L\u00f3pez tras detenci\u00f3n - Fuentes Fidedignas\",\"isPartOf\":{\"@id\":\"https:\\\/\\\/fuentesfidedignas.com.mx\\\/#website\"},\"primaryImageOfPage\":{\"@id\":\"https:\\\/\\\/fuentesfidedignas.com.mx\\\/index.php\\\/2024\\\/07\\\/26\\\/revelan-primeras-fotos-de-el-mayo-y-joaquin-guzman-lopez-tras-detencion\\\/#primaryimage\"},\"image\":{\"@id\":\"https:\\\/\\\/fuentesfidedignas.com.mx\\\/index.php\\\/2024\\\/07\\\/26\\\/revelan-primeras-fotos-de-el-mayo-y-joaquin-guzman-lopez-tras-detencion\\\/#primaryimage\"},\"thumbnailUrl\":\"https:\\\/\\\/fuentesfidedignas.com.mx\\\/wp-content\\\/uploads\\\/2024\\\/02\\\/MAYO_ZAMBADA.jpg\",\"datePublished\":\"2024-07-26T13:59:26+00:00\",\"dateModified\":\"2024-07-26T13:59:28+00:00\",\"breadcrumb\":{\"@id\":\"https:\\\/\\\/fuentesfidedignas.com.mx\\\/index.php\\\/2024\\\/07\\\/26\\\/revelan-primeras-fotos-de-el-mayo-y-joaquin-guzman-lopez-tras-detencion\\\/#breadcrumb\"},\"inLanguage\":\"es\",\"potentialAction\":[{\"@type\":\"ReadAction\",\"target\":[\"https:\\\/\\\/fuentesfidedignas.com.mx\\\/index.php\\\/2024\\\/07\\\/26\\\/revelan-primeras-fotos-de-el-mayo-y-joaquin-guzman-lopez-tras-detencion\\\/\"]}]},{\"@type\":\"ImageObject\",\"inLanguage\":\"es\",\"@id\":\"https:\\\/\\\/fuentesfidedignas.com.mx\\\/index.php\\\/2024\\\/07\\\/26\\\/revelan-primeras-fotos-de-el-mayo-y-joaquin-guzman-lopez-tras-detencion\\\/#primaryimage\",\"url\":\"https:\\\/\\\/fuentesfidedignas.com.mx\\\/wp-content\\\/uploads\\\/2024\\\/02\\\/MAYO_ZAMBADA.jpg\",\"contentUrl\":\"https:\\\/\\\/fuentesfidedignas.com.mx\\\/wp-content\\\/uploads\\\/2024\\\/02\\\/MAYO_ZAMBADA.jpg\",\"width\":960,\"height\":540},{\"@type\":\"BreadcrumbList\",\"@id\":\"https:\\\/\\\/fuentesfidedignas.com.mx\\\/index.php\\\/2024\\\/07\\\/26\\\/revelan-primeras-fotos-de-el-mayo-y-joaquin-guzman-lopez-tras-detencion\\\/#breadcrumb\",\"itemListElement\":[{\"@type\":\"ListItem\",\"position\":1,\"name\":\"Inicio\",\"item\":\"https:\\\/\\\/fuentesfidedignas.com.mx\\\/\"},{\"@type\":\"ListItem\",\"position\":2,\"name\":\"Revelan primeras fotos de &#8216;El Mayo&#8217; y Joaqu\u00edn Guzm\u00e1n L\u00f3pez tras detenci\u00f3n\"}]},{\"@type\":\"WebSite\",\"@id\":\"https:\\\/\\\/fuentesfidedignas.com.mx\\\/#website\",\"url\":\"https:\\\/\\\/fuentesfidedignas.com.mx\\\/\",\"name\":\"Fuentes Fidedignas\",\"description\":\"Otro sitio realizado con WordPress\",\"publisher\":{\"@id\":\"https:\\\/\\\/fuentesfidedignas.com.mx\\\/#organization\"},\"potentialAction\":[{\"@type\":\"SearchAction\",\"target\":{\"@type\":\"EntryPoint\",\"urlTemplate\":\"https:\\\/\\\/fuentesfidedignas.com.mx\\\/?s={search_term_string}\"},\"query-input\":{\"@type\":\"PropertyValueSpecification\",\"valueRequired\":true,\"valueName\":\"search_term_string\"}}],\"inLanguage\":\"es\"},{\"@type\":\"Organization\",\"@id\":\"https:\\\/\\\/fuentesfidedignas.com.mx\\\/#organization\",\"name\":\"Fuentes Fidedignas\",\"url\":\"https:\\\/\\\/fuentesfidedignas.com.mx\\\/\",\"logo\":{\"@type\":\"ImageObject\",\"inLanguage\":\"es\",\"@id\":\"https:\\\/\\\/fuentesfidedignas.com.mx\\\/#\\\/schema\\\/logo\\\/image\\\/\",\"url\":\"https:\\\/\\\/fuentesfidedignas.com.mx\\\/wp-content\\\/uploads\\\/2021\\\/04\\\/logo-retina.png\",\"contentUrl\":\"https:\\\/\\\/fuentesfidedignas.com.mx\\\/wp-content\\\/uploads\\\/2021\\\/04\\\/logo-retina.png\",\"width\":280,\"height\":51,\"caption\":\"Fuentes Fidedignas\"},\"image\":{\"@id\":\"https:\\\/\\\/fuentesfidedignas.com.mx\\\/#\\\/schema\\\/logo\\\/image\\\/\"},\"sameAs\":[\"https:\\\/\\\/www.facebook.com\\\/Fuentes-Fidedignas-368234489921644\",\"https:\\\/\\\/x.com\\\/fidedignas\"]},{\"@type\":\"Person\",\"@id\":\"https:\\\/\\\/fuentesfidedignas.com.mx\\\/#\\\/schema\\\/person\\\/47ec0135738f4b0c7495f06a77a2c976\",\"name\":\"Milenio\",\"image\":{\"@type\":\"ImageObject\",\"inLanguage\":\"es\",\"@id\":\"https:\\\/\\\/secure.gravatar.com\\\/avatar\\\/acabf7b54753e51c2c76457954577c236b3b764789b19879565769739d1e4a75?s=96&d=mm&r=g\",\"url\":\"https:\\\/\\\/secure.gravatar.com\\\/avatar\\\/acabf7b54753e51c2c76457954577c236b3b764789b19879565769739d1e4a75?s=96&d=mm&r=g\",\"contentUrl\":\"https:\\\/\\\/secure.gravatar.com\\\/avatar\\\/acabf7b54753e51c2c76457954577c236b3b764789b19879565769739d1e4a75?s=96&d=mm&r=g\",\"caption\":\"Milenio\"},\"url\":\"https:\\\/\\\/fuentesfidedignas.com.mx\\\/index.php\\\/author\\\/milenio\\\/\"}]}<\/script>\n<!-- \/ Yoast SEO plugin. -->","yoast_head_json":{"title":"Revelan primeras fotos de 'El Mayo' y Joaqu\u00edn Guzm\u00e1n L\u00f3pez tras detenci\u00f3n - Fuentes Fidedignas","robots":{"index":"index","follow":"follow","max-snippet":"max-snippet:-1","max-image-preview":"max-image-preview:large","max-video-preview":"max-video-preview:-1"},"canonical":"https:\/\/fuentesfidedignas.com.mx\/index.php\/2024\/07\/26\/revelan-primeras-fotos-de-el-mayo-y-joaquin-guzman-lopez-tras-detencion\/","og_locale":"es_MX","og_type":"article","og_title":"Revelan primeras fotos de 'El Mayo' y Joaqu\u00edn Guzm\u00e1n L\u00f3pez tras detenci\u00f3n - Fuentes Fidedignas","og_description":"En redes circula la primera fotograf\u00eda de Ismael Zambada y el hijo de El Chapo tras entregarse a las autoridades estadunidenses. Tras ser detenido en El Paso, Texas, Estados Unidos, Ismael El Mayo Zambada fue captado en im\u00e1genes, marcando un paso significativo en la lucha contra el narcotr\u00e1fico, al tiempo tambi\u00e9n se detuvo a&nbsp;Joaqu\u00edn Guzm\u00e1n [&hellip;]","og_url":"https:\/\/fuentesfidedignas.com.mx\/index.php\/2024\/07\/26\/revelan-primeras-fotos-de-el-mayo-y-joaquin-guzman-lopez-tras-detencion\/","og_site_name":"Fuentes Fidedignas","article_publisher":"https:\/\/www.facebook.com\/Fuentes-Fidedignas-368234489921644","article_published_time":"2024-07-26T13:59:26+00:00","article_modified_time":"2024-07-26T13:59:28+00:00","og_image":[{"width":960,"height":540,"url":"https:\/\/fuentesfidedignas.com.mx\/wp-content\/uploads\/2024\/02\/MAYO_ZAMBADA.jpg","type":"image\/jpeg"}],"author":"Milenio","twitter_card":"summary_large_image","twitter_creator":"@fidedignas","twitter_site":"@fidedignas","twitter_misc":{"Escrito por":"Milenio","Tiempo de lectura":"4 minutos"},"schema":{"@context":"https:\/\/schema.org","@graph":[{"@type":"Article","@id":"https:\/\/fuentesfidedignas.com.mx\/index.php\/2024\/07\/26\/revelan-primeras-fotos-de-el-mayo-y-joaquin-guzman-lopez-tras-detencion\/#article","isPartOf":{"@id":"https:\/\/fuentesfidedignas.com.mx\/index.php\/2024\/07\/26\/revelan-primeras-fotos-de-el-mayo-y-joaquin-guzman-lopez-tras-detencion\/"},"author":{"name":"Milenio","@id":"https:\/\/fuentesfidedignas.com.mx\/#\/schema\/person\/47ec0135738f4b0c7495f06a77a2c976"},"headline":"Revelan primeras fotos de &#8216;El Mayo&#8217; y Joaqu\u00edn Guzm\u00e1n L\u00f3pez tras detenci\u00f3n","datePublished":"2024-07-26T13:59:26+00:00","dateModified":"2024-07-26T13:59:28+00:00","mainEntityOfPage":{"@id":"https:\/\/fuentesfidedignas.com.mx\/index.php\/2024\/07\/26\/revelan-primeras-fotos-de-el-mayo-y-joaquin-guzman-lopez-tras-detencion\/"},"wordCount":698,"commentCount":0,"publisher":{"@id":"https:\/\/fuentesfidedignas.com.mx\/#organization"},"image":{"@id":"https:\/\/fuentesfidedignas.com.mx\/index.php\/2024\/07\/26\/revelan-primeras-fotos-de-el-mayo-y-joaquin-guzman-lopez-tras-detencion\/#primaryimage"},"thumbnailUrl":"https:\/\/fuentesfidedignas.com.mx\/wp-content\/uploads\/2024\/02\/MAYO_ZAMBADA.jpg","articleSection":["NOTA PRINCIPAL"],"inLanguage":"es","potentialAction":[{"@type":"CommentAction","name":"Comment","target":["https:\/\/fuentesfidedignas.com.mx\/index.php\/2024\/07\/26\/revelan-primeras-fotos-de-el-mayo-y-joaquin-guzman-lopez-tras-detencion\/#respond"]}]},{"@type":"WebPage","@id":"https:\/\/fuentesfidedignas.com.mx\/index.php\/2024\/07\/26\/revelan-primeras-fotos-de-el-mayo-y-joaquin-guzman-lopez-tras-detencion\/","url":"https:\/\/fuentesfidedignas.com.mx\/index.php\/2024\/07\/26\/revelan-primeras-fotos-de-el-mayo-y-joaquin-guzman-lopez-tras-detencion\/","name":"Revelan primeras fotos de 'El Mayo' y Joaqu\u00edn Guzm\u00e1n L\u00f3pez tras detenci\u00f3n - Fuentes Fidedignas","isPartOf":{"@id":"https:\/\/fuentesfidedignas.com.mx\/#website"},"primaryImageOfPage":{"@id":"https:\/\/fuentesfidedignas.com.mx\/index.php\/2024\/07\/26\/revelan-primeras-fotos-de-el-mayo-y-joaquin-guzman-lopez-tras-detencion\/#primaryimage"},"image":{"@id":"https:\/\/fuentesfidedignas.com.mx\/index.php\/2024\/07\/26\/revelan-primeras-fotos-de-el-mayo-y-joaquin-guzman-lopez-tras-detencion\/#primaryimage"},"thumbnailUrl":"https:\/\/fuentesfidedignas.com.mx\/wp-content\/uploads\/2024\/02\/MAYO_ZAMBADA.jpg","datePublished":"2024-07-26T13:59:26+00:00","dateModified":"2024-07-26T13:59:28+00:00","breadcrumb":{"@id":"https:\/\/fuentesfidedignas.com.mx\/index.php\/2024\/07\/26\/revelan-primeras-fotos-de-el-mayo-y-joaquin-guzman-lopez-tras-detencion\/#breadcrumb"},"inLanguage":"es","potentialAction":[{"@type":"ReadAction","target":["https:\/\/fuentesfidedignas.com.mx\/index.php\/2024\/07\/26\/revelan-primeras-fotos-de-el-mayo-y-joaquin-guzman-lopez-tras-detencion\/"]}]},{"@type":"ImageObject","inLanguage":"es","@id":"https:\/\/fuentesfidedignas.com.mx\/index.php\/2024\/07\/26\/revelan-primeras-fotos-de-el-mayo-y-joaquin-guzman-lopez-tras-detencion\/#primaryimage","url":"https:\/\/fuentesfidedignas.com.mx\/wp-content\/uploads\/2024\/02\/MAYO_ZAMBADA.jpg","contentUrl":"https:\/\/fuentesfidedignas.com.mx\/wp-content\/uploads\/2024\/02\/MAYO_ZAMBADA.jpg","width":960,"height":540},{"@type":"BreadcrumbList","@id":"https:\/\/fuentesfidedignas.com.mx\/index.php\/2024\/07\/26\/revelan-primeras-fotos-de-el-mayo-y-joaquin-guzman-lopez-tras-detencion\/#breadcrumb","itemListElement":[{"@type":"ListItem","position":1,"name":"Inicio","item":"https:\/\/fuentesfidedignas.com.mx\/"},{"@type":"ListItem","position":2,"name":"Revelan primeras fotos de &#8216;El Mayo&#8217; y Joaqu\u00edn Guzm\u00e1n L\u00f3pez tras detenci\u00f3n"}]},{"@type":"WebSite","@id":"https:\/\/fuentesfidedignas.com.mx\/#website","url":"https:\/\/fuentesfidedignas.com.mx\/","name":"Fuentes Fidedignas","description":"Otro sitio realizado con WordPress","publisher":{"@id":"https:\/\/fuentesfidedignas.com.mx\/#organization"},"potentialAction":[{"@type":"SearchAction","target":{"@type":"EntryPoint","urlTemplate":"https:\/\/fuentesfidedignas.com.mx\/?s={search_term_string}"},"query-input":{"@type":"PropertyValueSpecification","valueRequired":true,"valueName":"search_term_string"}}],"inLanguage":"es"},{"@type":"Organization","@id":"https:\/\/fuentesfidedignas.com.mx\/#organization","name":"Fuentes Fidedignas","url":"https:\/\/fuentesfidedignas.com.mx\/","logo":{"@type":"ImageObject","inLanguage":"es","@id":"https:\/\/fuentesfidedignas.com.mx\/#\/schema\/logo\/image\/","url":"https:\/\/fuentesfidedignas.com.mx\/wp-content\/uploads\/2021\/04\/logo-retina.png","contentUrl":"https:\/\/fuentesfidedignas.com.mx\/wp-content\/uploads\/2021\/04\/logo-retina.png","width":280,"height":51,"caption":"Fuentes Fidedignas"},"image":{"@id":"https:\/\/fuentesfidedignas.com.mx\/#\/schema\/logo\/image\/"},"sameAs":["https:\/\/www.facebook.com\/Fuentes-Fidedignas-368234489921644","https:\/\/x.com\/fidedignas"]},{"@type":"Person","@id":"https:\/\/fuentesfidedignas.com.mx\/#\/schema\/person\/47ec0135738f4b0c7495f06a77a2c976","name":"Milenio","image":{"@type":"ImageObject","inLanguage":"es","@id":"https:\/\/secure.gravatar.com\/avatar\/acabf7b54753e51c2c76457954577c236b3b764789b19879565769739d1e4a75?s=96&d=mm&r=g","url":"https:\/\/secure.gravatar.com\/avatar\/acabf7b54753e51c2c76457954577c236b3b764789b19879565769739d1e4a75?s=96&d=mm&r=g","contentUrl":"https:\/\/secure.gravatar.com\/avatar\/acabf7b54753e51c2c76457954577c236b3b764789b19879565769739d1e4a75?s=96&d=mm&r=g","caption":"Milenio"},"url":"https:\/\/fuentesfidedignas.com.mx\/index.php\/author\/milenio\/"}]}},"_links":{"self":[{"href":"https:\/\/fuentesfidedignas.com.mx\/index.php\/wp-json\/wp\/v2\/posts\/87374","targetHints":{"allow":["GET"]}}],"collection":[{"href":"https:\/\/fuentesfidedignas.com.mx\/index.php\/wp-json\/wp\/v2\/posts"}],"about":[{"href":"https:\/\/fuentesfidedignas.com.mx\/index.php\/wp-json\/wp\/v2\/types\/post"}],"author":[{"embeddable":true,"href":"https:\/\/fuentesfidedignas.com.mx\/index.php\/wp-json\/wp\/v2\/users\/9"}],"replies":[{"embeddable":true,"href":"https:\/\/fuentesfidedignas.com.mx\/index.php\/wp-json\/wp\/v2\/comments?post=87374"}],"version-history":[{"count":1,"href":"https:\/\/fuentesfidedignas.com.mx\/index.php\/wp-json\/wp\/v2\/posts\/87374\/revisions"}],"predecessor-version":[{"id":87376,"href":"https:\/\/fuentesfidedignas.com.mx\/index.php\/wp-json\/wp\/v2\/posts\/87374\/revisions\/87376"}],"wp:featuredmedia":[{"embeddable":true,"href":"https:\/\/fuentesfidedignas.com.mx\/index.php\/wp-json\/wp\/v2\/media\/74056"}],"wp:attachment":[{"href":"https:\/\/fuentesfidedignas.com.mx\/index.php\/wp-json\/wp\/v2\/media?parent=87374"}],"wp:term":[{"taxonomy":"category","embeddable":true,"href":"https:\/\/fuentesfidedignas.com.mx\/index.php\/wp-json\/wp\/v2\/categories?post=87374"},{"taxonomy":"post_tag","embeddable":true,"href":"https:\/\/fuentesfidedignas.com.mx\/index.php\/wp-json\/wp\/v2\/tags?post=87374"}],"curies":[{"name":"wp","href":"https:\/\/api.w.org\/{rel}","templated":true}]}}