{"id":87296,"date":"2024-07-25T11:14:26","date_gmt":"2024-07-25T18:14:26","guid":{"rendered":"https:\/\/fuentesfidedignas.com.mx\/?p=87296"},"modified":"2024-07-25T11:14:27","modified_gmt":"2024-07-25T18:14:27","slug":"video-sheinbaum-informa-que-zoe-robledo-seguira-al-frente-del-imss","status":"publish","type":"post","link":"https:\/\/fuentesfidedignas.com.mx\/index.php\/2024\/07\/25\/video-sheinbaum-informa-que-zoe-robledo-seguira-al-frente-del-imss\/","title":{"rendered":"VIDEO: Sheinbaum informa que Zo\u00e9 Robledo seguir\u00e1 al frente del IMSS"},"content":{"rendered":"\n<p><strong><em>Claudia Sheinbaum detall\u00f3 este jueves que Zo\u00e9 Robledo seguir\u00e1 como titular del Instituto Mexicano del Seguro Social (IMSS)<\/em><\/strong><\/p>\n\n\n\n<p>Claudia Sheinbaum Pardo, virtual presidenta electa, inform\u00f3 que Zo\u00e9 Robledo seguir\u00e1 al frente del Instituto Mexicano del Seguro Social (IMSS)<\/p>\n\n\n\n<figure class=\"wp-block-embed is-type-video is-provider-youtube wp-block-embed-youtube wp-embed-aspect-16-9 wp-has-aspect-ratio\"><div class=\"wp-block-embed__wrapper\">\n<iframe loading=\"lazy\" title=\"Conferencia de prensa 25\/07\/2024\" width=\"696\" height=\"392\" src=\"https:\/\/www.youtube.com\/embed\/G06zTesWaP8?feature=oembed\" frameborder=\"0\" allow=\"accelerometer; autoplay; clipboard-write; encrypted-media; gyroscope; picture-in-picture; web-share\" referrerpolicy=\"strict-origin-when-cross-origin\" allowfullscreen><\/iframe>\n<\/div><\/figure>\n\n\n\n<p>El primer integrante confirmado del Gabinete presidencial fue Rogelio Ram\u00edrez de la O, en la Secretar\u00eda de Hacienda.<\/p>\n\n\n\n<p>Los primeros nombramientos fueron Alicia B\u00e1rcena en Medioambiente y Recursos Naturales; Ernestina Godoy en Consejer\u00eda Jur\u00eddica de Presidencia; Marcelo Ebrard en Econom\u00eda; Rosaura Ruiz Guti\u00e9rrez, en la nueva Secretar\u00eda de Ciencias Humanidades, Tecnolog\u00eda e Innovaci\u00f3n; Juan Ram\u00f3n de la Fuente, en Relaciones Exteriores, y Julio Berdegu\u00e9 en Agricultura y Desarrollo Rural.<\/p>\n\n\n\n<p>En una segunda tanda fueron anunciados Luz Elena Gonz\u00e1lez, en Energ\u00eda; David Kershenobich, en Salud; Raquel Buenrostro en Funci\u00f3n P\u00fablica; Jes\u00fas Antonio Esteva, en Infraestructura, Comunicaciones y Transportes, y Edna Elena Vega Rangel, en Desarrollo Agrario, Territorial y Urbano.<\/p>\n\n\n\n<p>La tercera tanda correspondi\u00f3 a Omar Hamid Garc\u00eda Harfuch, en Seguridad y Protecci\u00f3n Ciudadana (SSPC), Rosa Icela Rodr\u00edguez Vel\u00e1zquez, en Gobernaci\u00f3n (Segob);Ariadna Montiel Reyes, repite como secretaria del Bienestar, mientras que Mario Delgado Carrillo, ser\u00e1 el pr\u00f3ximo secretario de Educaci\u00f3n P\u00fablica (SEP).<\/p>\n\n\n\n<p>L\u00e1zaro C\u00e1rdenas Batel fue nombrado la semana pasada como el jefe de la Oficina de la Presidencia de la Presidencia<\/p>\n\n\n\n<p>En la \u00faltima tanda de nombramientos fueron seleccionados Marath Baruch Bola\u00f1os L\u00f3pez, como titular del Trabajo y Previsi\u00f3n Social; Claudia Curiel de Icaza, secretaria de Cultura, as\u00ed como Josefina Rodr\u00edguez Zamora, en la cartera de Turismo.<\/p>\n\n\n\n<p>Los titulares de las Secretar\u00eda de la Defensa Nacional (Sedena) y de Marina (Semar) ser\u00e1n anunciados hasta septiembre.<\/p>\n","protected":false},"excerpt":{"rendered":"<p>Claudia Sheinbaum detall\u00f3 este jueves que Zo\u00e9 Robledo seguir\u00e1 como titular del Instituto Mexicano del Seguro Social (IMSS) Claudia Sheinbaum Pardo, virtual presidenta electa, inform\u00f3 que Zo\u00e9 Robledo seguir\u00e1 al frente del Instituto Mexicano del Seguro Social (IMSS) El primer integrante confirmado del Gabinete presidencial fue Rogelio Ram\u00edrez de la O, en la Secretar\u00eda de [&hellip;]<\/p>\n","protected":false},"author":47,"featured_media":87297,"comment_status":"open","ping_status":"open","sticky":false,"template":"","format":"standard","meta":{"tdm_status":"","tdm_grid_status":"","footnotes":""},"categories":[39],"tags":[],"class_list":{"0":"post-87296","1":"post","2":"type-post","3":"status-publish","4":"format-standard","5":"has-post-thumbnail","7":"category-noticias-nacionales"},"yoast_head":"<!-- This site is optimized with the Yoast SEO plugin v27.5 - https:\/\/yoast.com\/product\/yoast-seo-wordpress\/ -->\n<title>VIDEO: Sheinbaum informa que Zo\u00e9 Robledo seguir\u00e1 al frente del IMSS - Fuentes Fidedignas<\/title>\n<meta name=\"robots\" content=\"index, follow, max-snippet:-1, max-image-preview:large, max-video-preview:-1\" \/>\n<link rel=\"canonical\" href=\"https:\/\/fuentesfidedignas.com.mx\/index.php\/2024\/07\/25\/video-sheinbaum-informa-que-zoe-robledo-seguira-al-frente-del-imss\/\" \/>\n<meta property=\"og:locale\" content=\"es_MX\" \/>\n<meta property=\"og:type\" content=\"article\" \/>\n<meta property=\"og:title\" content=\"VIDEO: Sheinbaum informa que Zo\u00e9 Robledo seguir\u00e1 al frente del IMSS - Fuentes Fidedignas\" \/>\n<meta property=\"og:description\" content=\"Claudia Sheinbaum detall\u00f3 este jueves que Zo\u00e9 Robledo seguir\u00e1 como titular del Instituto Mexicano del Seguro Social (IMSS) Claudia Sheinbaum Pardo, virtual presidenta electa, inform\u00f3 que Zo\u00e9 Robledo seguir\u00e1 al frente del Instituto Mexicano del Seguro Social (IMSS) El primer integrante confirmado del Gabinete presidencial fue Rogelio Ram\u00edrez de la O, en la Secretar\u00eda de [&hellip;]\" \/>\n<meta property=\"og:url\" content=\"https:\/\/fuentesfidedignas.com.mx\/index.php\/2024\/07\/25\/video-sheinbaum-informa-que-zoe-robledo-seguira-al-frente-del-imss\/\" \/>\n<meta property=\"og:site_name\" content=\"Fuentes Fidedignas\" \/>\n<meta property=\"article:publisher\" content=\"https:\/\/www.facebook.com\/Fuentes-Fidedignas-368234489921644\" \/>\n<meta property=\"article:published_time\" content=\"2024-07-25T18:14:26+00:00\" \/>\n<meta property=\"article:modified_time\" content=\"2024-07-25T18:14:27+00:00\" \/>\n<meta property=\"og:image\" content=\"https:\/\/fuentesfidedignas.com.mx\/wp-content\/uploads\/2024\/07\/zoe-robledo-imss.jpg\" \/>\n\t<meta property=\"og:image:width\" content=\"650\" \/>\n\t<meta property=\"og:image:height\" content=\"433\" \/>\n\t<meta property=\"og:image:type\" content=\"image\/jpeg\" \/>\n<meta name=\"author\" content=\"L\u00f3pez D\u00f3riga\" \/>\n<meta name=\"twitter:card\" content=\"summary_large_image\" \/>\n<meta name=\"twitter:creator\" content=\"@fidedignas\" \/>\n<meta name=\"twitter:site\" content=\"@fidedignas\" \/>\n<meta name=\"twitter:label1\" content=\"Escrito por\" \/>\n\t<meta name=\"twitter:data1\" content=\"L\u00f3pez D\u00f3riga\" \/>\n\t<meta name=\"twitter:label2\" content=\"Tiempo de lectura\" \/>\n\t<meta name=\"twitter:data2\" content=\"2 minutos\" \/>\n<script type=\"application\/ld+json\" class=\"yoast-schema-graph\">{\"@context\":\"https:\\\/\\\/schema.org\",\"@graph\":[{\"@type\":\"Article\",\"@id\":\"https:\\\/\\\/fuentesfidedignas.com.mx\\\/index.php\\\/2024\\\/07\\\/25\\\/video-sheinbaum-informa-que-zoe-robledo-seguira-al-frente-del-imss\\\/#article\",\"isPartOf\":{\"@id\":\"https:\\\/\\\/fuentesfidedignas.com.mx\\\/index.php\\\/2024\\\/07\\\/25\\\/video-sheinbaum-informa-que-zoe-robledo-seguira-al-frente-del-imss\\\/\"},\"author\":{\"name\":\"L\u00f3pez D\u00f3riga\",\"@id\":\"https:\\\/\\\/fuentesfidedignas.com.mx\\\/#\\\/schema\\\/person\\\/67d852f0557c8509146a4b9ddebd543a\"},\"headline\":\"VIDEO: Sheinbaum informa que Zo\u00e9 Robledo seguir\u00e1 al frente del IMSS\",\"datePublished\":\"2024-07-25T18:14:26+00:00\",\"dateModified\":\"2024-07-25T18:14:27+00:00\",\"mainEntityOfPage\":{\"@id\":\"https:\\\/\\\/fuentesfidedignas.com.mx\\\/index.php\\\/2024\\\/07\\\/25\\\/video-sheinbaum-informa-que-zoe-robledo-seguira-al-frente-del-imss\\\/\"},\"wordCount\":311,\"commentCount\":0,\"publisher\":{\"@id\":\"https:\\\/\\\/fuentesfidedignas.com.mx\\\/#organization\"},\"image\":{\"@id\":\"https:\\\/\\\/fuentesfidedignas.com.mx\\\/index.php\\\/2024\\\/07\\\/25\\\/video-sheinbaum-informa-que-zoe-robledo-seguira-al-frente-del-imss\\\/#primaryimage\"},\"thumbnailUrl\":\"https:\\\/\\\/fuentesfidedignas.com.mx\\\/wp-content\\\/uploads\\\/2024\\\/07\\\/zoe-robledo-imss.jpg\",\"articleSection\":[\"NOTICIAS NACIONALES\"],\"inLanguage\":\"es\",\"potentialAction\":[{\"@type\":\"CommentAction\",\"name\":\"Comment\",\"target\":[\"https:\\\/\\\/fuentesfidedignas.com.mx\\\/index.php\\\/2024\\\/07\\\/25\\\/video-sheinbaum-informa-que-zoe-robledo-seguira-al-frente-del-imss\\\/#respond\"]}]},{\"@type\":\"WebPage\",\"@id\":\"https:\\\/\\\/fuentesfidedignas.com.mx\\\/index.php\\\/2024\\\/07\\\/25\\\/video-sheinbaum-informa-que-zoe-robledo-seguira-al-frente-del-imss\\\/\",\"url\":\"https:\\\/\\\/fuentesfidedignas.com.mx\\\/index.php\\\/2024\\\/07\\\/25\\\/video-sheinbaum-informa-que-zoe-robledo-seguira-al-frente-del-imss\\\/\",\"name\":\"VIDEO: Sheinbaum informa que Zo\u00e9 Robledo seguir\u00e1 al frente del IMSS - Fuentes Fidedignas\",\"isPartOf\":{\"@id\":\"https:\\\/\\\/fuentesfidedignas.com.mx\\\/#website\"},\"primaryImageOfPage\":{\"@id\":\"https:\\\/\\\/fuentesfidedignas.com.mx\\\/index.php\\\/2024\\\/07\\\/25\\\/video-sheinbaum-informa-que-zoe-robledo-seguira-al-frente-del-imss\\\/#primaryimage\"},\"image\":{\"@id\":\"https:\\\/\\\/fuentesfidedignas.com.mx\\\/index.php\\\/2024\\\/07\\\/25\\\/video-sheinbaum-informa-que-zoe-robledo-seguira-al-frente-del-imss\\\/#primaryimage\"},\"thumbnailUrl\":\"https:\\\/\\\/fuentesfidedignas.com.mx\\\/wp-content\\\/uploads\\\/2024\\\/07\\\/zoe-robledo-imss.jpg\",\"datePublished\":\"2024-07-25T18:14:26+00:00\",\"dateModified\":\"2024-07-25T18:14:27+00:00\",\"breadcrumb\":{\"@id\":\"https:\\\/\\\/fuentesfidedignas.com.mx\\\/index.php\\\/2024\\\/07\\\/25\\\/video-sheinbaum-informa-que-zoe-robledo-seguira-al-frente-del-imss\\\/#breadcrumb\"},\"inLanguage\":\"es\",\"potentialAction\":[{\"@type\":\"ReadAction\",\"target\":[\"https:\\\/\\\/fuentesfidedignas.com.mx\\\/index.php\\\/2024\\\/07\\\/25\\\/video-sheinbaum-informa-que-zoe-robledo-seguira-al-frente-del-imss\\\/\"]}]},{\"@type\":\"ImageObject\",\"inLanguage\":\"es\",\"@id\":\"https:\\\/\\\/fuentesfidedignas.com.mx\\\/index.php\\\/2024\\\/07\\\/25\\\/video-sheinbaum-informa-que-zoe-robledo-seguira-al-frente-del-imss\\\/#primaryimage\",\"url\":\"https:\\\/\\\/fuentesfidedignas.com.mx\\\/wp-content\\\/uploads\\\/2024\\\/07\\\/zoe-robledo-imss.jpg\",\"contentUrl\":\"https:\\\/\\\/fuentesfidedignas.com.mx\\\/wp-content\\\/uploads\\\/2024\\\/07\\\/zoe-robledo-imss.jpg\",\"width\":650,\"height\":433},{\"@type\":\"BreadcrumbList\",\"@id\":\"https:\\\/\\\/fuentesfidedignas.com.mx\\\/index.php\\\/2024\\\/07\\\/25\\\/video-sheinbaum-informa-que-zoe-robledo-seguira-al-frente-del-imss\\\/#breadcrumb\",\"itemListElement\":[{\"@type\":\"ListItem\",\"position\":1,\"name\":\"Inicio\",\"item\":\"https:\\\/\\\/fuentesfidedignas.com.mx\\\/\"},{\"@type\":\"ListItem\",\"position\":2,\"name\":\"VIDEO: Sheinbaum informa que Zo\u00e9 Robledo seguir\u00e1 al frente del IMSS\"}]},{\"@type\":\"WebSite\",\"@id\":\"https:\\\/\\\/fuentesfidedignas.com.mx\\\/#website\",\"url\":\"https:\\\/\\\/fuentesfidedignas.com.mx\\\/\",\"name\":\"Fuentes Fidedignas\",\"description\":\"Otro sitio realizado con WordPress\",\"publisher\":{\"@id\":\"https:\\\/\\\/fuentesfidedignas.com.mx\\\/#organization\"},\"potentialAction\":[{\"@type\":\"SearchAction\",\"target\":{\"@type\":\"EntryPoint\",\"urlTemplate\":\"https:\\\/\\\/fuentesfidedignas.com.mx\\\/?s={search_term_string}\"},\"query-input\":{\"@type\":\"PropertyValueSpecification\",\"valueRequired\":true,\"valueName\":\"search_term_string\"}}],\"inLanguage\":\"es\"},{\"@type\":\"Organization\",\"@id\":\"https:\\\/\\\/fuentesfidedignas.com.mx\\\/#organization\",\"name\":\"Fuentes Fidedignas\",\"url\":\"https:\\\/\\\/fuentesfidedignas.com.mx\\\/\",\"logo\":{\"@type\":\"ImageObject\",\"inLanguage\":\"es\",\"@id\":\"https:\\\/\\\/fuentesfidedignas.com.mx\\\/#\\\/schema\\\/logo\\\/image\\\/\",\"url\":\"https:\\\/\\\/fuentesfidedignas.com.mx\\\/wp-content\\\/uploads\\\/2021\\\/04\\\/logo-retina.png\",\"contentUrl\":\"https:\\\/\\\/fuentesfidedignas.com.mx\\\/wp-content\\\/uploads\\\/2021\\\/04\\\/logo-retina.png\",\"width\":280,\"height\":51,\"caption\":\"Fuentes Fidedignas\"},\"image\":{\"@id\":\"https:\\\/\\\/fuentesfidedignas.com.mx\\\/#\\\/schema\\\/logo\\\/image\\\/\"},\"sameAs\":[\"https:\\\/\\\/www.facebook.com\\\/Fuentes-Fidedignas-368234489921644\",\"https:\\\/\\\/x.com\\\/fidedignas\"]},{\"@type\":\"Person\",\"@id\":\"https:\\\/\\\/fuentesfidedignas.com.mx\\\/#\\\/schema\\\/person\\\/67d852f0557c8509146a4b9ddebd543a\",\"name\":\"L\u00f3pez D\u00f3riga\",\"image\":{\"@type\":\"ImageObject\",\"inLanguage\":\"es\",\"@id\":\"https:\\\/\\\/secure.gravatar.com\\\/avatar\\\/e525b06574ca18b33cded59dfe5778d6c823b9513154eff47da551b0551bdd1e?s=96&d=mm&r=g\",\"url\":\"https:\\\/\\\/secure.gravatar.com\\\/avatar\\\/e525b06574ca18b33cded59dfe5778d6c823b9513154eff47da551b0551bdd1e?s=96&d=mm&r=g\",\"contentUrl\":\"https:\\\/\\\/secure.gravatar.com\\\/avatar\\\/e525b06574ca18b33cded59dfe5778d6c823b9513154eff47da551b0551bdd1e?s=96&d=mm&r=g\",\"caption\":\"L\u00f3pez D\u00f3riga\"},\"url\":\"https:\\\/\\\/fuentesfidedignas.com.mx\\\/index.php\\\/author\\\/doriga\\\/\"}]}<\/script>\n<!-- \/ Yoast SEO plugin. -->","yoast_head_json":{"title":"VIDEO: Sheinbaum informa que Zo\u00e9 Robledo seguir\u00e1 al frente del IMSS - Fuentes Fidedignas","robots":{"index":"index","follow":"follow","max-snippet":"max-snippet:-1","max-image-preview":"max-image-preview:large","max-video-preview":"max-video-preview:-1"},"canonical":"https:\/\/fuentesfidedignas.com.mx\/index.php\/2024\/07\/25\/video-sheinbaum-informa-que-zoe-robledo-seguira-al-frente-del-imss\/","og_locale":"es_MX","og_type":"article","og_title":"VIDEO: Sheinbaum informa que Zo\u00e9 Robledo seguir\u00e1 al frente del IMSS - Fuentes Fidedignas","og_description":"Claudia Sheinbaum detall\u00f3 este jueves que Zo\u00e9 Robledo seguir\u00e1 como titular del Instituto Mexicano del Seguro Social (IMSS) Claudia Sheinbaum Pardo, virtual presidenta electa, inform\u00f3 que Zo\u00e9 Robledo seguir\u00e1 al frente del Instituto Mexicano del Seguro Social (IMSS) El primer integrante confirmado del Gabinete presidencial fue Rogelio Ram\u00edrez de la O, en la Secretar\u00eda de [&hellip;]","og_url":"https:\/\/fuentesfidedignas.com.mx\/index.php\/2024\/07\/25\/video-sheinbaum-informa-que-zoe-robledo-seguira-al-frente-del-imss\/","og_site_name":"Fuentes Fidedignas","article_publisher":"https:\/\/www.facebook.com\/Fuentes-Fidedignas-368234489921644","article_published_time":"2024-07-25T18:14:26+00:00","article_modified_time":"2024-07-25T18:14:27+00:00","og_image":[{"width":650,"height":433,"url":"https:\/\/fuentesfidedignas.com.mx\/wp-content\/uploads\/2024\/07\/zoe-robledo-imss.jpg","type":"image\/jpeg"}],"author":"L\u00f3pez D\u00f3riga","twitter_card":"summary_large_image","twitter_creator":"@fidedignas","twitter_site":"@fidedignas","twitter_misc":{"Escrito por":"L\u00f3pez D\u00f3riga","Tiempo de lectura":"2 minutos"},"schema":{"@context":"https:\/\/schema.org","@graph":[{"@type":"Article","@id":"https:\/\/fuentesfidedignas.com.mx\/index.php\/2024\/07\/25\/video-sheinbaum-informa-que-zoe-robledo-seguira-al-frente-del-imss\/#article","isPartOf":{"@id":"https:\/\/fuentesfidedignas.com.mx\/index.php\/2024\/07\/25\/video-sheinbaum-informa-que-zoe-robledo-seguira-al-frente-del-imss\/"},"author":{"name":"L\u00f3pez D\u00f3riga","@id":"https:\/\/fuentesfidedignas.com.mx\/#\/schema\/person\/67d852f0557c8509146a4b9ddebd543a"},"headline":"VIDEO: Sheinbaum informa que Zo\u00e9 Robledo seguir\u00e1 al frente del IMSS","datePublished":"2024-07-25T18:14:26+00:00","dateModified":"2024-07-25T18:14:27+00:00","mainEntityOfPage":{"@id":"https:\/\/fuentesfidedignas.com.mx\/index.php\/2024\/07\/25\/video-sheinbaum-informa-que-zoe-robledo-seguira-al-frente-del-imss\/"},"wordCount":311,"commentCount":0,"publisher":{"@id":"https:\/\/fuentesfidedignas.com.mx\/#organization"},"image":{"@id":"https:\/\/fuentesfidedignas.com.mx\/index.php\/2024\/07\/25\/video-sheinbaum-informa-que-zoe-robledo-seguira-al-frente-del-imss\/#primaryimage"},"thumbnailUrl":"https:\/\/fuentesfidedignas.com.mx\/wp-content\/uploads\/2024\/07\/zoe-robledo-imss.jpg","articleSection":["NOTICIAS NACIONALES"],"inLanguage":"es","potentialAction":[{"@type":"CommentAction","name":"Comment","target":["https:\/\/fuentesfidedignas.com.mx\/index.php\/2024\/07\/25\/video-sheinbaum-informa-que-zoe-robledo-seguira-al-frente-del-imss\/#respond"]}]},{"@type":"WebPage","@id":"https:\/\/fuentesfidedignas.com.mx\/index.php\/2024\/07\/25\/video-sheinbaum-informa-que-zoe-robledo-seguira-al-frente-del-imss\/","url":"https:\/\/fuentesfidedignas.com.mx\/index.php\/2024\/07\/25\/video-sheinbaum-informa-que-zoe-robledo-seguira-al-frente-del-imss\/","name":"VIDEO: Sheinbaum informa que Zo\u00e9 Robledo seguir\u00e1 al frente del IMSS - Fuentes Fidedignas","isPartOf":{"@id":"https:\/\/fuentesfidedignas.com.mx\/#website"},"primaryImageOfPage":{"@id":"https:\/\/fuentesfidedignas.com.mx\/index.php\/2024\/07\/25\/video-sheinbaum-informa-que-zoe-robledo-seguira-al-frente-del-imss\/#primaryimage"},"image":{"@id":"https:\/\/fuentesfidedignas.com.mx\/index.php\/2024\/07\/25\/video-sheinbaum-informa-que-zoe-robledo-seguira-al-frente-del-imss\/#primaryimage"},"thumbnailUrl":"https:\/\/fuentesfidedignas.com.mx\/wp-content\/uploads\/2024\/07\/zoe-robledo-imss.jpg","datePublished":"2024-07-25T18:14:26+00:00","dateModified":"2024-07-25T18:14:27+00:00","breadcrumb":{"@id":"https:\/\/fuentesfidedignas.com.mx\/index.php\/2024\/07\/25\/video-sheinbaum-informa-que-zoe-robledo-seguira-al-frente-del-imss\/#breadcrumb"},"inLanguage":"es","potentialAction":[{"@type":"ReadAction","target":["https:\/\/fuentesfidedignas.com.mx\/index.php\/2024\/07\/25\/video-sheinbaum-informa-que-zoe-robledo-seguira-al-frente-del-imss\/"]}]},{"@type":"ImageObject","inLanguage":"es","@id":"https:\/\/fuentesfidedignas.com.mx\/index.php\/2024\/07\/25\/video-sheinbaum-informa-que-zoe-robledo-seguira-al-frente-del-imss\/#primaryimage","url":"https:\/\/fuentesfidedignas.com.mx\/wp-content\/uploads\/2024\/07\/zoe-robledo-imss.jpg","contentUrl":"https:\/\/fuentesfidedignas.com.mx\/wp-content\/uploads\/2024\/07\/zoe-robledo-imss.jpg","width":650,"height":433},{"@type":"BreadcrumbList","@id":"https:\/\/fuentesfidedignas.com.mx\/index.php\/2024\/07\/25\/video-sheinbaum-informa-que-zoe-robledo-seguira-al-frente-del-imss\/#breadcrumb","itemListElement":[{"@type":"ListItem","position":1,"name":"Inicio","item":"https:\/\/fuentesfidedignas.com.mx\/"},{"@type":"ListItem","position":2,"name":"VIDEO: Sheinbaum informa que Zo\u00e9 Robledo seguir\u00e1 al frente del IMSS"}]},{"@type":"WebSite","@id":"https:\/\/fuentesfidedignas.com.mx\/#website","url":"https:\/\/fuentesfidedignas.com.mx\/","name":"Fuentes Fidedignas","description":"Otro sitio realizado con WordPress","publisher":{"@id":"https:\/\/fuentesfidedignas.com.mx\/#organization"},"potentialAction":[{"@type":"SearchAction","target":{"@type":"EntryPoint","urlTemplate":"https:\/\/fuentesfidedignas.com.mx\/?s={search_term_string}"},"query-input":{"@type":"PropertyValueSpecification","valueRequired":true,"valueName":"search_term_string"}}],"inLanguage":"es"},{"@type":"Organization","@id":"https:\/\/fuentesfidedignas.com.mx\/#organization","name":"Fuentes Fidedignas","url":"https:\/\/fuentesfidedignas.com.mx\/","logo":{"@type":"ImageObject","inLanguage":"es","@id":"https:\/\/fuentesfidedignas.com.mx\/#\/schema\/logo\/image\/","url":"https:\/\/fuentesfidedignas.com.mx\/wp-content\/uploads\/2021\/04\/logo-retina.png","contentUrl":"https:\/\/fuentesfidedignas.com.mx\/wp-content\/uploads\/2021\/04\/logo-retina.png","width":280,"height":51,"caption":"Fuentes Fidedignas"},"image":{"@id":"https:\/\/fuentesfidedignas.com.mx\/#\/schema\/logo\/image\/"},"sameAs":["https:\/\/www.facebook.com\/Fuentes-Fidedignas-368234489921644","https:\/\/x.com\/fidedignas"]},{"@type":"Person","@id":"https:\/\/fuentesfidedignas.com.mx\/#\/schema\/person\/67d852f0557c8509146a4b9ddebd543a","name":"L\u00f3pez D\u00f3riga","image":{"@type":"ImageObject","inLanguage":"es","@id":"https:\/\/secure.gravatar.com\/avatar\/e525b06574ca18b33cded59dfe5778d6c823b9513154eff47da551b0551bdd1e?s=96&d=mm&r=g","url":"https:\/\/secure.gravatar.com\/avatar\/e525b06574ca18b33cded59dfe5778d6c823b9513154eff47da551b0551bdd1e?s=96&d=mm&r=g","contentUrl":"https:\/\/secure.gravatar.com\/avatar\/e525b06574ca18b33cded59dfe5778d6c823b9513154eff47da551b0551bdd1e?s=96&d=mm&r=g","caption":"L\u00f3pez D\u00f3riga"},"url":"https:\/\/fuentesfidedignas.com.mx\/index.php\/author\/doriga\/"}]}},"_links":{"self":[{"href":"https:\/\/fuentesfidedignas.com.mx\/index.php\/wp-json\/wp\/v2\/posts\/87296","targetHints":{"allow":["GET"]}}],"collection":[{"href":"https:\/\/fuentesfidedignas.com.mx\/index.php\/wp-json\/wp\/v2\/posts"}],"about":[{"href":"https:\/\/fuentesfidedignas.com.mx\/index.php\/wp-json\/wp\/v2\/types\/post"}],"author":[{"embeddable":true,"href":"https:\/\/fuentesfidedignas.com.mx\/index.php\/wp-json\/wp\/v2\/users\/47"}],"replies":[{"embeddable":true,"href":"https:\/\/fuentesfidedignas.com.mx\/index.php\/wp-json\/wp\/v2\/comments?post=87296"}],"version-history":[{"count":1,"href":"https:\/\/fuentesfidedignas.com.mx\/index.php\/wp-json\/wp\/v2\/posts\/87296\/revisions"}],"predecessor-version":[{"id":87298,"href":"https:\/\/fuentesfidedignas.com.mx\/index.php\/wp-json\/wp\/v2\/posts\/87296\/revisions\/87298"}],"wp:featuredmedia":[{"embeddable":true,"href":"https:\/\/fuentesfidedignas.com.mx\/index.php\/wp-json\/wp\/v2\/media\/87297"}],"wp:attachment":[{"href":"https:\/\/fuentesfidedignas.com.mx\/index.php\/wp-json\/wp\/v2\/media?parent=87296"}],"wp:term":[{"taxonomy":"category","embeddable":true,"href":"https:\/\/fuentesfidedignas.com.mx\/index.php\/wp-json\/wp\/v2\/categories?post=87296"},{"taxonomy":"post_tag","embeddable":true,"href":"https:\/\/fuentesfidedignas.com.mx\/index.php\/wp-json\/wp\/v2\/tags?post=87296"}],"curies":[{"name":"wp","href":"https:\/\/api.w.org\/{rel}","templated":true}]}}