{"id":87275,"date":"2024-07-25T07:38:47","date_gmt":"2024-07-25T14:38:47","guid":{"rendered":"https:\/\/fuentesfidedignas.com.mx\/?p=87275"},"modified":"2024-07-25T07:38:49","modified_gmt":"2024-07-25T14:38:49","slug":"concacaf-quita-sede-a-celaya-del-premundial-sub-20-por-inseguridad","status":"publish","type":"post","link":"https:\/\/fuentesfidedignas.com.mx\/index.php\/2024\/07\/25\/concacaf-quita-sede-a-celaya-del-premundial-sub-20-por-inseguridad\/","title":{"rendered":"Concacaf quita sede a Celaya del Premundial Sub 20 por inseguridad"},"content":{"rendered":"\n<p><strong><em>Concacaf decidieron quitar la sede de Celaya del Premundial Sub 20 tras el ataque a polic\u00edas en un hotel sede, ocurrido el mi\u00e9rcoles<\/em><\/strong><\/p>\n\n\n\n<p>La inseguridad oblig\u00f3 a la Concacaf y a la Federaci\u00f3n Mexicana de Futbol (FMF) a mudar los partidos del Premundial Sub 20 que se jugar\u00edan en Celaya a Le\u00f3n.<\/p>\n\n\n\n<blockquote class=\"twitter-tweet\"><p lang=\"es\" dir=\"ltr\">En conjunto con Concacaf anunciamos el cambio de sede de Celaya a Le\u00f3n del Campeonato Sub-20 de Concacaf 2024.<br><br>Aqu\u00ed los detalles: <a href=\"https:\/\/t.co\/q9bLm9A7IB\">pic.twitter.com\/q9bLm9A7IB<\/a><\/p>&mdash; Federaci\u00f3n Mexicana de F\u00fatbol (@FMF) <a href=\"https:\/\/twitter.com\/FMF\/status\/1816272959662669870?ref_src=twsrc%5Etfw\">July 25, 2024<\/a><\/blockquote> <script async src=\"https:\/\/platform.twitter.com\/widgets.js\" charset=\"utf-8\"><\/script>\n\n\n\n<p>Lo anterior luego del ataque a polic\u00edas registrado en la previa en un hotel donde se hospedaban las selecciones de Cuba y Costa Rica, el cual dej\u00f3 como saldo un agente muerto y otro m\u00e1s herido de gravedad.<\/p>\n\n\n\n<p>\u201cLuego de un incidente de seguridad afuera de un hotel de la competencia en Celaya, y por precauci\u00f3n y para garantizar la mejor experiencia posible para todos los participantes, Concacaf ha decidido, en coordinaci\u00f3n con la FMF, trasladar el resto del torneo a las ciudades de Irapuato (Estadio Sergio Le\u00f3n Ch\u00e1vez) y Le\u00f3n (Estadio Le\u00f3n)\u201d, apunt\u00f3 la Concacaf en un comunicado.<\/p>\n\n\n\n<p>&#8220;No se jugar\u00e1n m\u00e1s partidos en Celaya\u201d, puntualiz\u00f3 el documento.<\/p>\n\n\n\n<p>\u201cAdem\u00e1s, Concacaf ha reprogramado los partidos del Grupo A originalmente programados para el jueves 25 de julio al viernes 26 de julio. Esto permitir\u00e1 que las cuatro selecciones nacionales se trasladen de Celaya a Le\u00f3n. Estas decisiones se tomaron en coordinaci\u00f3n con la Federaci\u00f3n Mexicana de F\u00fatbol y las autoridades locales\u201d, se explic\u00f3.<\/p>\n\n\n\n<p>En la previa, un agente de Tr\u00e1nsito muri\u00f3 y otro m\u00e1s resulto herido tras un ataque a balazos, cuando los uniformados se encontraban en el estacionamiento del Hotel Casa Inn Celaya Veleros, donde se hospedan las elecciones de Cuba y Costa Rica.<\/p>\n\n\n\n<p>Hasta el momento, ninguna autoridad de Guanajuato ha informado de personas detenidas por este ataque armado.<\/p>\n\n\n\n<p>En lo que va del mes, medios locales detallaron que este es el cuarto ataque en contra de elementos de la Direcci\u00f3n de Tr\u00e1nsito y Polic\u00eda Vial de Celaya.<\/p>\n\n\n\n<p>Este hecho ocurre luego de que el Gobierno de M\u00e9xico informaron que ataques a polic\u00edas de Guanajuato han dejado un saldo de 40 elementos asesinados, la mayor\u00eda de ellos en Celaya.<\/p>\n","protected":false},"excerpt":{"rendered":"<p>Concacaf decidieron quitar la sede de Celaya del Premundial Sub 20 tras el ataque a polic\u00edas en un hotel sede, ocurrido el mi\u00e9rcoles La inseguridad oblig\u00f3 a la Concacaf y a la Federaci\u00f3n Mexicana de Futbol (FMF) a mudar los partidos del Premundial Sub 20 que se jugar\u00edan en Celaya a Le\u00f3n. En conjunto con [&hellip;]<\/p>\n","protected":false},"author":47,"featured_media":87276,"comment_status":"open","ping_status":"open","sticky":false,"template":"","format":"standard","meta":{"tdm_status":"","tdm_grid_status":"","footnotes":""},"categories":[39],"tags":[],"class_list":{"0":"post-87275","1":"post","2":"type-post","3":"status-publish","4":"format-standard","5":"has-post-thumbnail","7":"category-noticias-nacionales"},"yoast_head":"<!-- This site is optimized with the Yoast SEO plugin v27.5 - https:\/\/yoast.com\/product\/yoast-seo-wordpress\/ -->\n<title>Concacaf quita sede a Celaya del Premundial Sub 20 por inseguridad - Fuentes Fidedignas<\/title>\n<meta name=\"robots\" content=\"index, follow, max-snippet:-1, max-image-preview:large, max-video-preview:-1\" \/>\n<link rel=\"canonical\" href=\"https:\/\/fuentesfidedignas.com.mx\/index.php\/2024\/07\/25\/concacaf-quita-sede-a-celaya-del-premundial-sub-20-por-inseguridad\/\" \/>\n<meta property=\"og:locale\" content=\"es_MX\" \/>\n<meta property=\"og:type\" content=\"article\" \/>\n<meta property=\"og:title\" content=\"Concacaf quita sede a Celaya del Premundial Sub 20 por inseguridad - Fuentes Fidedignas\" \/>\n<meta property=\"og:description\" content=\"Concacaf decidieron quitar la sede de Celaya del Premundial Sub 20 tras el ataque a polic\u00edas en un hotel sede, ocurrido el mi\u00e9rcoles La inseguridad oblig\u00f3 a la Concacaf y a la Federaci\u00f3n Mexicana de Futbol (FMF) a mudar los partidos del Premundial Sub 20 que se jugar\u00edan en Celaya a Le\u00f3n. En conjunto con [&hellip;]\" \/>\n<meta property=\"og:url\" content=\"https:\/\/fuentesfidedignas.com.mx\/index.php\/2024\/07\/25\/concacaf-quita-sede-a-celaya-del-premundial-sub-20-por-inseguridad\/\" \/>\n<meta property=\"og:site_name\" content=\"Fuentes Fidedignas\" \/>\n<meta property=\"article:publisher\" content=\"https:\/\/www.facebook.com\/Fuentes-Fidedignas-368234489921644\" \/>\n<meta property=\"article:published_time\" content=\"2024-07-25T14:38:47+00:00\" \/>\n<meta property=\"article:modified_time\" content=\"2024-07-25T14:38:49+00:00\" \/>\n<meta property=\"og:image\" content=\"https:\/\/fuentesfidedignas.com.mx\/wp-content\/uploads\/2024\/07\/concacaf-premundial-sub-20-celaya-1.jpg\" \/>\n\t<meta property=\"og:image:width\" content=\"650\" \/>\n\t<meta property=\"og:image:height\" content=\"433\" \/>\n\t<meta property=\"og:image:type\" content=\"image\/jpeg\" \/>\n<meta name=\"author\" content=\"L\u00f3pez D\u00f3riga\" \/>\n<meta name=\"twitter:card\" content=\"summary_large_image\" \/>\n<meta name=\"twitter:creator\" content=\"@fidedignas\" \/>\n<meta name=\"twitter:site\" content=\"@fidedignas\" \/>\n<meta name=\"twitter:label1\" content=\"Escrito por\" \/>\n\t<meta name=\"twitter:data1\" content=\"L\u00f3pez D\u00f3riga\" \/>\n\t<meta name=\"twitter:label2\" content=\"Tiempo de lectura\" \/>\n\t<meta name=\"twitter:data2\" content=\"2 minutos\" \/>\n<script type=\"application\/ld+json\" class=\"yoast-schema-graph\">{\"@context\":\"https:\\\/\\\/schema.org\",\"@graph\":[{\"@type\":\"Article\",\"@id\":\"https:\\\/\\\/fuentesfidedignas.com.mx\\\/index.php\\\/2024\\\/07\\\/25\\\/concacaf-quita-sede-a-celaya-del-premundial-sub-20-por-inseguridad\\\/#article\",\"isPartOf\":{\"@id\":\"https:\\\/\\\/fuentesfidedignas.com.mx\\\/index.php\\\/2024\\\/07\\\/25\\\/concacaf-quita-sede-a-celaya-del-premundial-sub-20-por-inseguridad\\\/\"},\"author\":{\"name\":\"L\u00f3pez D\u00f3riga\",\"@id\":\"https:\\\/\\\/fuentesfidedignas.com.mx\\\/#\\\/schema\\\/person\\\/67d852f0557c8509146a4b9ddebd543a\"},\"headline\":\"Concacaf quita sede a Celaya del Premundial Sub 20 por inseguridad\",\"datePublished\":\"2024-07-25T14:38:47+00:00\",\"dateModified\":\"2024-07-25T14:38:49+00:00\",\"mainEntityOfPage\":{\"@id\":\"https:\\\/\\\/fuentesfidedignas.com.mx\\\/index.php\\\/2024\\\/07\\\/25\\\/concacaf-quita-sede-a-celaya-del-premundial-sub-20-por-inseguridad\\\/\"},\"wordCount\":403,\"commentCount\":0,\"publisher\":{\"@id\":\"https:\\\/\\\/fuentesfidedignas.com.mx\\\/#organization\"},\"image\":{\"@id\":\"https:\\\/\\\/fuentesfidedignas.com.mx\\\/index.php\\\/2024\\\/07\\\/25\\\/concacaf-quita-sede-a-celaya-del-premundial-sub-20-por-inseguridad\\\/#primaryimage\"},\"thumbnailUrl\":\"https:\\\/\\\/fuentesfidedignas.com.mx\\\/wp-content\\\/uploads\\\/2024\\\/07\\\/concacaf-premundial-sub-20-celaya-1.jpg\",\"articleSection\":[\"NOTICIAS NACIONALES\"],\"inLanguage\":\"es\",\"potentialAction\":[{\"@type\":\"CommentAction\",\"name\":\"Comment\",\"target\":[\"https:\\\/\\\/fuentesfidedignas.com.mx\\\/index.php\\\/2024\\\/07\\\/25\\\/concacaf-quita-sede-a-celaya-del-premundial-sub-20-por-inseguridad\\\/#respond\"]}]},{\"@type\":\"WebPage\",\"@id\":\"https:\\\/\\\/fuentesfidedignas.com.mx\\\/index.php\\\/2024\\\/07\\\/25\\\/concacaf-quita-sede-a-celaya-del-premundial-sub-20-por-inseguridad\\\/\",\"url\":\"https:\\\/\\\/fuentesfidedignas.com.mx\\\/index.php\\\/2024\\\/07\\\/25\\\/concacaf-quita-sede-a-celaya-del-premundial-sub-20-por-inseguridad\\\/\",\"name\":\"Concacaf quita sede a Celaya del Premundial Sub 20 por inseguridad - Fuentes Fidedignas\",\"isPartOf\":{\"@id\":\"https:\\\/\\\/fuentesfidedignas.com.mx\\\/#website\"},\"primaryImageOfPage\":{\"@id\":\"https:\\\/\\\/fuentesfidedignas.com.mx\\\/index.php\\\/2024\\\/07\\\/25\\\/concacaf-quita-sede-a-celaya-del-premundial-sub-20-por-inseguridad\\\/#primaryimage\"},\"image\":{\"@id\":\"https:\\\/\\\/fuentesfidedignas.com.mx\\\/index.php\\\/2024\\\/07\\\/25\\\/concacaf-quita-sede-a-celaya-del-premundial-sub-20-por-inseguridad\\\/#primaryimage\"},\"thumbnailUrl\":\"https:\\\/\\\/fuentesfidedignas.com.mx\\\/wp-content\\\/uploads\\\/2024\\\/07\\\/concacaf-premundial-sub-20-celaya-1.jpg\",\"datePublished\":\"2024-07-25T14:38:47+00:00\",\"dateModified\":\"2024-07-25T14:38:49+00:00\",\"breadcrumb\":{\"@id\":\"https:\\\/\\\/fuentesfidedignas.com.mx\\\/index.php\\\/2024\\\/07\\\/25\\\/concacaf-quita-sede-a-celaya-del-premundial-sub-20-por-inseguridad\\\/#breadcrumb\"},\"inLanguage\":\"es\",\"potentialAction\":[{\"@type\":\"ReadAction\",\"target\":[\"https:\\\/\\\/fuentesfidedignas.com.mx\\\/index.php\\\/2024\\\/07\\\/25\\\/concacaf-quita-sede-a-celaya-del-premundial-sub-20-por-inseguridad\\\/\"]}]},{\"@type\":\"ImageObject\",\"inLanguage\":\"es\",\"@id\":\"https:\\\/\\\/fuentesfidedignas.com.mx\\\/index.php\\\/2024\\\/07\\\/25\\\/concacaf-quita-sede-a-celaya-del-premundial-sub-20-por-inseguridad\\\/#primaryimage\",\"url\":\"https:\\\/\\\/fuentesfidedignas.com.mx\\\/wp-content\\\/uploads\\\/2024\\\/07\\\/concacaf-premundial-sub-20-celaya-1.jpg\",\"contentUrl\":\"https:\\\/\\\/fuentesfidedignas.com.mx\\\/wp-content\\\/uploads\\\/2024\\\/07\\\/concacaf-premundial-sub-20-celaya-1.jpg\",\"width\":650,\"height\":433},{\"@type\":\"BreadcrumbList\",\"@id\":\"https:\\\/\\\/fuentesfidedignas.com.mx\\\/index.php\\\/2024\\\/07\\\/25\\\/concacaf-quita-sede-a-celaya-del-premundial-sub-20-por-inseguridad\\\/#breadcrumb\",\"itemListElement\":[{\"@type\":\"ListItem\",\"position\":1,\"name\":\"Inicio\",\"item\":\"https:\\\/\\\/fuentesfidedignas.com.mx\\\/\"},{\"@type\":\"ListItem\",\"position\":2,\"name\":\"Concacaf quita sede a Celaya del Premundial Sub 20 por inseguridad\"}]},{\"@type\":\"WebSite\",\"@id\":\"https:\\\/\\\/fuentesfidedignas.com.mx\\\/#website\",\"url\":\"https:\\\/\\\/fuentesfidedignas.com.mx\\\/\",\"name\":\"Fuentes Fidedignas\",\"description\":\"Otro sitio realizado con WordPress\",\"publisher\":{\"@id\":\"https:\\\/\\\/fuentesfidedignas.com.mx\\\/#organization\"},\"potentialAction\":[{\"@type\":\"SearchAction\",\"target\":{\"@type\":\"EntryPoint\",\"urlTemplate\":\"https:\\\/\\\/fuentesfidedignas.com.mx\\\/?s={search_term_string}\"},\"query-input\":{\"@type\":\"PropertyValueSpecification\",\"valueRequired\":true,\"valueName\":\"search_term_string\"}}],\"inLanguage\":\"es\"},{\"@type\":\"Organization\",\"@id\":\"https:\\\/\\\/fuentesfidedignas.com.mx\\\/#organization\",\"name\":\"Fuentes Fidedignas\",\"url\":\"https:\\\/\\\/fuentesfidedignas.com.mx\\\/\",\"logo\":{\"@type\":\"ImageObject\",\"inLanguage\":\"es\",\"@id\":\"https:\\\/\\\/fuentesfidedignas.com.mx\\\/#\\\/schema\\\/logo\\\/image\\\/\",\"url\":\"https:\\\/\\\/fuentesfidedignas.com.mx\\\/wp-content\\\/uploads\\\/2021\\\/04\\\/logo-retina.png\",\"contentUrl\":\"https:\\\/\\\/fuentesfidedignas.com.mx\\\/wp-content\\\/uploads\\\/2021\\\/04\\\/logo-retina.png\",\"width\":280,\"height\":51,\"caption\":\"Fuentes Fidedignas\"},\"image\":{\"@id\":\"https:\\\/\\\/fuentesfidedignas.com.mx\\\/#\\\/schema\\\/logo\\\/image\\\/\"},\"sameAs\":[\"https:\\\/\\\/www.facebook.com\\\/Fuentes-Fidedignas-368234489921644\",\"https:\\\/\\\/x.com\\\/fidedignas\"]},{\"@type\":\"Person\",\"@id\":\"https:\\\/\\\/fuentesfidedignas.com.mx\\\/#\\\/schema\\\/person\\\/67d852f0557c8509146a4b9ddebd543a\",\"name\":\"L\u00f3pez D\u00f3riga\",\"image\":{\"@type\":\"ImageObject\",\"inLanguage\":\"es\",\"@id\":\"https:\\\/\\\/secure.gravatar.com\\\/avatar\\\/e525b06574ca18b33cded59dfe5778d6c823b9513154eff47da551b0551bdd1e?s=96&d=mm&r=g\",\"url\":\"https:\\\/\\\/secure.gravatar.com\\\/avatar\\\/e525b06574ca18b33cded59dfe5778d6c823b9513154eff47da551b0551bdd1e?s=96&d=mm&r=g\",\"contentUrl\":\"https:\\\/\\\/secure.gravatar.com\\\/avatar\\\/e525b06574ca18b33cded59dfe5778d6c823b9513154eff47da551b0551bdd1e?s=96&d=mm&r=g\",\"caption\":\"L\u00f3pez D\u00f3riga\"},\"url\":\"https:\\\/\\\/fuentesfidedignas.com.mx\\\/index.php\\\/author\\\/doriga\\\/\"}]}<\/script>\n<!-- \/ Yoast SEO plugin. -->","yoast_head_json":{"title":"Concacaf quita sede a Celaya del Premundial Sub 20 por inseguridad - Fuentes Fidedignas","robots":{"index":"index","follow":"follow","max-snippet":"max-snippet:-1","max-image-preview":"max-image-preview:large","max-video-preview":"max-video-preview:-1"},"canonical":"https:\/\/fuentesfidedignas.com.mx\/index.php\/2024\/07\/25\/concacaf-quita-sede-a-celaya-del-premundial-sub-20-por-inseguridad\/","og_locale":"es_MX","og_type":"article","og_title":"Concacaf quita sede a Celaya del Premundial Sub 20 por inseguridad - Fuentes Fidedignas","og_description":"Concacaf decidieron quitar la sede de Celaya del Premundial Sub 20 tras el ataque a polic\u00edas en un hotel sede, ocurrido el mi\u00e9rcoles La inseguridad oblig\u00f3 a la Concacaf y a la Federaci\u00f3n Mexicana de Futbol (FMF) a mudar los partidos del Premundial Sub 20 que se jugar\u00edan en Celaya a Le\u00f3n. En conjunto con [&hellip;]","og_url":"https:\/\/fuentesfidedignas.com.mx\/index.php\/2024\/07\/25\/concacaf-quita-sede-a-celaya-del-premundial-sub-20-por-inseguridad\/","og_site_name":"Fuentes Fidedignas","article_publisher":"https:\/\/www.facebook.com\/Fuentes-Fidedignas-368234489921644","article_published_time":"2024-07-25T14:38:47+00:00","article_modified_time":"2024-07-25T14:38:49+00:00","og_image":[{"width":650,"height":433,"url":"https:\/\/fuentesfidedignas.com.mx\/wp-content\/uploads\/2024\/07\/concacaf-premundial-sub-20-celaya-1.jpg","type":"image\/jpeg"}],"author":"L\u00f3pez D\u00f3riga","twitter_card":"summary_large_image","twitter_creator":"@fidedignas","twitter_site":"@fidedignas","twitter_misc":{"Escrito por":"L\u00f3pez D\u00f3riga","Tiempo de lectura":"2 minutos"},"schema":{"@context":"https:\/\/schema.org","@graph":[{"@type":"Article","@id":"https:\/\/fuentesfidedignas.com.mx\/index.php\/2024\/07\/25\/concacaf-quita-sede-a-celaya-del-premundial-sub-20-por-inseguridad\/#article","isPartOf":{"@id":"https:\/\/fuentesfidedignas.com.mx\/index.php\/2024\/07\/25\/concacaf-quita-sede-a-celaya-del-premundial-sub-20-por-inseguridad\/"},"author":{"name":"L\u00f3pez D\u00f3riga","@id":"https:\/\/fuentesfidedignas.com.mx\/#\/schema\/person\/67d852f0557c8509146a4b9ddebd543a"},"headline":"Concacaf quita sede a Celaya del Premundial Sub 20 por inseguridad","datePublished":"2024-07-25T14:38:47+00:00","dateModified":"2024-07-25T14:38:49+00:00","mainEntityOfPage":{"@id":"https:\/\/fuentesfidedignas.com.mx\/index.php\/2024\/07\/25\/concacaf-quita-sede-a-celaya-del-premundial-sub-20-por-inseguridad\/"},"wordCount":403,"commentCount":0,"publisher":{"@id":"https:\/\/fuentesfidedignas.com.mx\/#organization"},"image":{"@id":"https:\/\/fuentesfidedignas.com.mx\/index.php\/2024\/07\/25\/concacaf-quita-sede-a-celaya-del-premundial-sub-20-por-inseguridad\/#primaryimage"},"thumbnailUrl":"https:\/\/fuentesfidedignas.com.mx\/wp-content\/uploads\/2024\/07\/concacaf-premundial-sub-20-celaya-1.jpg","articleSection":["NOTICIAS NACIONALES"],"inLanguage":"es","potentialAction":[{"@type":"CommentAction","name":"Comment","target":["https:\/\/fuentesfidedignas.com.mx\/index.php\/2024\/07\/25\/concacaf-quita-sede-a-celaya-del-premundial-sub-20-por-inseguridad\/#respond"]}]},{"@type":"WebPage","@id":"https:\/\/fuentesfidedignas.com.mx\/index.php\/2024\/07\/25\/concacaf-quita-sede-a-celaya-del-premundial-sub-20-por-inseguridad\/","url":"https:\/\/fuentesfidedignas.com.mx\/index.php\/2024\/07\/25\/concacaf-quita-sede-a-celaya-del-premundial-sub-20-por-inseguridad\/","name":"Concacaf quita sede a Celaya del Premundial Sub 20 por inseguridad - Fuentes Fidedignas","isPartOf":{"@id":"https:\/\/fuentesfidedignas.com.mx\/#website"},"primaryImageOfPage":{"@id":"https:\/\/fuentesfidedignas.com.mx\/index.php\/2024\/07\/25\/concacaf-quita-sede-a-celaya-del-premundial-sub-20-por-inseguridad\/#primaryimage"},"image":{"@id":"https:\/\/fuentesfidedignas.com.mx\/index.php\/2024\/07\/25\/concacaf-quita-sede-a-celaya-del-premundial-sub-20-por-inseguridad\/#primaryimage"},"thumbnailUrl":"https:\/\/fuentesfidedignas.com.mx\/wp-content\/uploads\/2024\/07\/concacaf-premundial-sub-20-celaya-1.jpg","datePublished":"2024-07-25T14:38:47+00:00","dateModified":"2024-07-25T14:38:49+00:00","breadcrumb":{"@id":"https:\/\/fuentesfidedignas.com.mx\/index.php\/2024\/07\/25\/concacaf-quita-sede-a-celaya-del-premundial-sub-20-por-inseguridad\/#breadcrumb"},"inLanguage":"es","potentialAction":[{"@type":"ReadAction","target":["https:\/\/fuentesfidedignas.com.mx\/index.php\/2024\/07\/25\/concacaf-quita-sede-a-celaya-del-premundial-sub-20-por-inseguridad\/"]}]},{"@type":"ImageObject","inLanguage":"es","@id":"https:\/\/fuentesfidedignas.com.mx\/index.php\/2024\/07\/25\/concacaf-quita-sede-a-celaya-del-premundial-sub-20-por-inseguridad\/#primaryimage","url":"https:\/\/fuentesfidedignas.com.mx\/wp-content\/uploads\/2024\/07\/concacaf-premundial-sub-20-celaya-1.jpg","contentUrl":"https:\/\/fuentesfidedignas.com.mx\/wp-content\/uploads\/2024\/07\/concacaf-premundial-sub-20-celaya-1.jpg","width":650,"height":433},{"@type":"BreadcrumbList","@id":"https:\/\/fuentesfidedignas.com.mx\/index.php\/2024\/07\/25\/concacaf-quita-sede-a-celaya-del-premundial-sub-20-por-inseguridad\/#breadcrumb","itemListElement":[{"@type":"ListItem","position":1,"name":"Inicio","item":"https:\/\/fuentesfidedignas.com.mx\/"},{"@type":"ListItem","position":2,"name":"Concacaf quita sede a Celaya del Premundial Sub 20 por inseguridad"}]},{"@type":"WebSite","@id":"https:\/\/fuentesfidedignas.com.mx\/#website","url":"https:\/\/fuentesfidedignas.com.mx\/","name":"Fuentes Fidedignas","description":"Otro sitio realizado con WordPress","publisher":{"@id":"https:\/\/fuentesfidedignas.com.mx\/#organization"},"potentialAction":[{"@type":"SearchAction","target":{"@type":"EntryPoint","urlTemplate":"https:\/\/fuentesfidedignas.com.mx\/?s={search_term_string}"},"query-input":{"@type":"PropertyValueSpecification","valueRequired":true,"valueName":"search_term_string"}}],"inLanguage":"es"},{"@type":"Organization","@id":"https:\/\/fuentesfidedignas.com.mx\/#organization","name":"Fuentes Fidedignas","url":"https:\/\/fuentesfidedignas.com.mx\/","logo":{"@type":"ImageObject","inLanguage":"es","@id":"https:\/\/fuentesfidedignas.com.mx\/#\/schema\/logo\/image\/","url":"https:\/\/fuentesfidedignas.com.mx\/wp-content\/uploads\/2021\/04\/logo-retina.png","contentUrl":"https:\/\/fuentesfidedignas.com.mx\/wp-content\/uploads\/2021\/04\/logo-retina.png","width":280,"height":51,"caption":"Fuentes Fidedignas"},"image":{"@id":"https:\/\/fuentesfidedignas.com.mx\/#\/schema\/logo\/image\/"},"sameAs":["https:\/\/www.facebook.com\/Fuentes-Fidedignas-368234489921644","https:\/\/x.com\/fidedignas"]},{"@type":"Person","@id":"https:\/\/fuentesfidedignas.com.mx\/#\/schema\/person\/67d852f0557c8509146a4b9ddebd543a","name":"L\u00f3pez D\u00f3riga","image":{"@type":"ImageObject","inLanguage":"es","@id":"https:\/\/secure.gravatar.com\/avatar\/e525b06574ca18b33cded59dfe5778d6c823b9513154eff47da551b0551bdd1e?s=96&d=mm&r=g","url":"https:\/\/secure.gravatar.com\/avatar\/e525b06574ca18b33cded59dfe5778d6c823b9513154eff47da551b0551bdd1e?s=96&d=mm&r=g","contentUrl":"https:\/\/secure.gravatar.com\/avatar\/e525b06574ca18b33cded59dfe5778d6c823b9513154eff47da551b0551bdd1e?s=96&d=mm&r=g","caption":"L\u00f3pez D\u00f3riga"},"url":"https:\/\/fuentesfidedignas.com.mx\/index.php\/author\/doriga\/"}]}},"_links":{"self":[{"href":"https:\/\/fuentesfidedignas.com.mx\/index.php\/wp-json\/wp\/v2\/posts\/87275","targetHints":{"allow":["GET"]}}],"collection":[{"href":"https:\/\/fuentesfidedignas.com.mx\/index.php\/wp-json\/wp\/v2\/posts"}],"about":[{"href":"https:\/\/fuentesfidedignas.com.mx\/index.php\/wp-json\/wp\/v2\/types\/post"}],"author":[{"embeddable":true,"href":"https:\/\/fuentesfidedignas.com.mx\/index.php\/wp-json\/wp\/v2\/users\/47"}],"replies":[{"embeddable":true,"href":"https:\/\/fuentesfidedignas.com.mx\/index.php\/wp-json\/wp\/v2\/comments?post=87275"}],"version-history":[{"count":1,"href":"https:\/\/fuentesfidedignas.com.mx\/index.php\/wp-json\/wp\/v2\/posts\/87275\/revisions"}],"predecessor-version":[{"id":87277,"href":"https:\/\/fuentesfidedignas.com.mx\/index.php\/wp-json\/wp\/v2\/posts\/87275\/revisions\/87277"}],"wp:featuredmedia":[{"embeddable":true,"href":"https:\/\/fuentesfidedignas.com.mx\/index.php\/wp-json\/wp\/v2\/media\/87276"}],"wp:attachment":[{"href":"https:\/\/fuentesfidedignas.com.mx\/index.php\/wp-json\/wp\/v2\/media?parent=87275"}],"wp:term":[{"taxonomy":"category","embeddable":true,"href":"https:\/\/fuentesfidedignas.com.mx\/index.php\/wp-json\/wp\/v2\/categories?post=87275"},{"taxonomy":"post_tag","embeddable":true,"href":"https:\/\/fuentesfidedignas.com.mx\/index.php\/wp-json\/wp\/v2\/tags?post=87275"}],"curies":[{"name":"wp","href":"https:\/\/api.w.org\/{rel}","templated":true}]}}