{"id":87007,"date":"2024-07-21T10:20:27","date_gmt":"2024-07-21T17:20:27","guid":{"rendered":"https:\/\/fuentesfidedignas.com.mx\/?p=87007"},"modified":"2024-07-21T10:20:29","modified_gmt":"2024-07-21T17:20:29","slug":"logra-fge-vinculacion-a-proceso-de-sujeto-por-abuso-sexual-a-un-adolescente-de-14-anos","status":"publish","type":"post","link":"https:\/\/fuentesfidedignas.com.mx\/index.php\/2024\/07\/21\/logra-fge-vinculacion-a-proceso-de-sujeto-por-abuso-sexual-a-un-adolescente-de-14-anos\/","title":{"rendered":"Logra FGE vinculaci\u00f3n a proceso de sujeto por abuso sexual a un  adolescente de 14 a\u00f1os"},"content":{"rendered":"\n<p><strong><em>Fue denunciado y, el 30 de abril se solicita y libra orden de aprehensi\u00f3n que fue ejecutada el pasado 7 de mayo<\/em><\/strong><\/p>\n\n\n\n<p>Culiac\u00e1n, Sin.- A trav\u00e9s de la Fiscal\u00eda Especializada en Delitos Sexuales, la Fiscal\u00eda General del Estado formul\u00f3 imputaci\u00f3n en contra de Marcelino \u201cL\u201d, por el delito de abuso sexual en agravio de un adolescente de 14 a\u00f1os de edad.<\/p>\n\n\n\n<p>Bajo la causa penal 430\/2024 se celebr\u00f3 audiencia inicial en la que se expusieron los datos de prueba en contra del imputado a quien se vincul\u00f3 a proceso y se dej\u00f3 en prisi\u00f3n preventiva como medida cautelar, as\u00ed como un plazo de dos meses para el cierre de la investigaci\u00f3n complementaria.<\/p>\n\n\n\n<p>Fue el 22 de abril del a\u00f1o 2022, en horas de la noche, cuando Marcelino \u201cL\u201d invit\u00f3 a su vecino, un menor de 14 a\u00f1os con resguardo de identidad al interior de su domicilio en Culiac\u00e1n, a quien al llegar comenz\u00f3 a realizarle tocamientos de \u00edndole sexual, contra la voluntad del adolescente quien pudo quitarse y retirarse del lugar.<\/p>\n\n\n\n<p>Por estos hechos fue denunciado y, el 30 de abril se solicita y libra orden de aprehensi\u00f3n que fue ejecutada el pasado 7 de mayo; present\u00e1ndose al detenido ante el juez en audiencia inicial el 8 de mayo del 2024 en donde se formul\u00f3 imputaci\u00f3n.<\/p>\n\n\n\n<p>El acusado se reserv\u00f3 el derecho a declarar, y solicit\u00f3 la duplicidad del t\u00e9rmino constitucional de las 144 horas por lo que fue hasta el pasado 10 de mayo cuando en continuaci\u00f3n de audiencia se le dict\u00f3 la vinculaci\u00f3n a proceso con las medidas cautelares ya se\u00f1aladas.<\/p>\n","protected":false},"excerpt":{"rendered":"<p>Fue denunciado y, el 30 de abril se solicita y libra orden de aprehensi\u00f3n que fue ejecutada el pasado 7 de mayo Culiac\u00e1n, Sin.- A trav\u00e9s de la Fiscal\u00eda Especializada en Delitos Sexuales, la Fiscal\u00eda General del Estado formul\u00f3 imputaci\u00f3n en contra de Marcelino \u201cL\u201d, por el delito de abuso sexual en agravio de un [&hellip;]<\/p>\n","protected":false},"author":4,"featured_media":16975,"comment_status":"open","ping_status":"open","sticky":false,"template":"","format":"standard","meta":{"tdm_status":"","tdm_grid_status":"","footnotes":""},"categories":[38],"tags":[],"class_list":{"0":"post-87007","1":"post","2":"type-post","3":"status-publish","4":"format-standard","5":"has-post-thumbnail","7":"category-noticias-locales"},"yoast_head":"<!-- This site is optimized with the Yoast SEO plugin v27.4 - https:\/\/yoast.com\/product\/yoast-seo-wordpress\/ -->\n<title>Logra FGE vinculaci\u00f3n a proceso de sujeto por abuso sexual a un adolescente de 14 a\u00f1os - Fuentes Fidedignas<\/title>\n<meta name=\"robots\" content=\"index, follow, max-snippet:-1, max-image-preview:large, max-video-preview:-1\" \/>\n<link rel=\"canonical\" href=\"https:\/\/fuentesfidedignas.com.mx\/index.php\/2024\/07\/21\/logra-fge-vinculacion-a-proceso-de-sujeto-por-abuso-sexual-a-un-adolescente-de-14-anos\/\" \/>\n<meta property=\"og:locale\" content=\"es_MX\" \/>\n<meta property=\"og:type\" content=\"article\" \/>\n<meta property=\"og:title\" content=\"Logra FGE vinculaci\u00f3n a proceso de sujeto por abuso sexual a un adolescente de 14 a\u00f1os - Fuentes Fidedignas\" \/>\n<meta property=\"og:description\" content=\"Fue denunciado y, el 30 de abril se solicita y libra orden de aprehensi\u00f3n que fue ejecutada el pasado 7 de mayo Culiac\u00e1n, Sin.- A trav\u00e9s de la Fiscal\u00eda Especializada en Delitos Sexuales, la Fiscal\u00eda General del Estado formul\u00f3 imputaci\u00f3n en contra de Marcelino \u201cL\u201d, por el delito de abuso sexual en agravio de un [&hellip;]\" \/>\n<meta property=\"og:url\" content=\"https:\/\/fuentesfidedignas.com.mx\/index.php\/2024\/07\/21\/logra-fge-vinculacion-a-proceso-de-sujeto-por-abuso-sexual-a-un-adolescente-de-14-anos\/\" \/>\n<meta property=\"og:site_name\" content=\"Fuentes Fidedignas\" \/>\n<meta property=\"article:publisher\" content=\"https:\/\/www.facebook.com\/Fuentes-Fidedignas-368234489921644\" \/>\n<meta property=\"article:published_time\" content=\"2024-07-21T17:20:27+00:00\" \/>\n<meta property=\"article:modified_time\" content=\"2024-07-21T17:20:29+00:00\" \/>\n<meta property=\"og:image\" content=\"https:\/\/fuentesfidedignas.com.mx\/wp-content\/uploads\/2021\/11\/DETENIDO_CELDA.jpg\" \/>\n\t<meta property=\"og:image:width\" content=\"800\" \/>\n\t<meta property=\"og:image:height\" content=\"600\" \/>\n\t<meta property=\"og:image:type\" content=\"image\/jpeg\" \/>\n<meta name=\"author\" content=\"Redacci\u00f3n\" \/>\n<meta name=\"twitter:card\" content=\"summary_large_image\" \/>\n<meta name=\"twitter:creator\" content=\"@fidedignas\" \/>\n<meta name=\"twitter:site\" content=\"@fidedignas\" \/>\n<meta name=\"twitter:label1\" content=\"Escrito por\" \/>\n\t<meta name=\"twitter:data1\" content=\"Redacci\u00f3n\" \/>\n\t<meta name=\"twitter:label2\" content=\"Tiempo de lectura\" \/>\n\t<meta name=\"twitter:data2\" content=\"2 minutos\" \/>\n<script type=\"application\/ld+json\" class=\"yoast-schema-graph\">{\"@context\":\"https:\\\/\\\/schema.org\",\"@graph\":[{\"@type\":\"Article\",\"@id\":\"https:\\\/\\\/fuentesfidedignas.com.mx\\\/index.php\\\/2024\\\/07\\\/21\\\/logra-fge-vinculacion-a-proceso-de-sujeto-por-abuso-sexual-a-un-adolescente-de-14-anos\\\/#article\",\"isPartOf\":{\"@id\":\"https:\\\/\\\/fuentesfidedignas.com.mx\\\/index.php\\\/2024\\\/07\\\/21\\\/logra-fge-vinculacion-a-proceso-de-sujeto-por-abuso-sexual-a-un-adolescente-de-14-anos\\\/\"},\"author\":{\"name\":\"Redacci\u00f3n\",\"@id\":\"https:\\\/\\\/fuentesfidedignas.com.mx\\\/#\\\/schema\\\/person\\\/331be9283d37198e2acd5750279085b0\"},\"headline\":\"Logra FGE vinculaci\u00f3n a proceso de sujeto por abuso sexual a un adolescente de 14 a\u00f1os\",\"datePublished\":\"2024-07-21T17:20:27+00:00\",\"dateModified\":\"2024-07-21T17:20:29+00:00\",\"mainEntityOfPage\":{\"@id\":\"https:\\\/\\\/fuentesfidedignas.com.mx\\\/index.php\\\/2024\\\/07\\\/21\\\/logra-fge-vinculacion-a-proceso-de-sujeto-por-abuso-sexual-a-un-adolescente-de-14-anos\\\/\"},\"wordCount\":287,\"commentCount\":0,\"publisher\":{\"@id\":\"https:\\\/\\\/fuentesfidedignas.com.mx\\\/#organization\"},\"image\":{\"@id\":\"https:\\\/\\\/fuentesfidedignas.com.mx\\\/index.php\\\/2024\\\/07\\\/21\\\/logra-fge-vinculacion-a-proceso-de-sujeto-por-abuso-sexual-a-un-adolescente-de-14-anos\\\/#primaryimage\"},\"thumbnailUrl\":\"https:\\\/\\\/fuentesfidedignas.com.mx\\\/wp-content\\\/uploads\\\/2021\\\/11\\\/DETENIDO_CELDA.jpg\",\"articleSection\":[\"NOTICIAS LOCALES\"],\"inLanguage\":\"es\",\"potentialAction\":[{\"@type\":\"CommentAction\",\"name\":\"Comment\",\"target\":[\"https:\\\/\\\/fuentesfidedignas.com.mx\\\/index.php\\\/2024\\\/07\\\/21\\\/logra-fge-vinculacion-a-proceso-de-sujeto-por-abuso-sexual-a-un-adolescente-de-14-anos\\\/#respond\"]}]},{\"@type\":\"WebPage\",\"@id\":\"https:\\\/\\\/fuentesfidedignas.com.mx\\\/index.php\\\/2024\\\/07\\\/21\\\/logra-fge-vinculacion-a-proceso-de-sujeto-por-abuso-sexual-a-un-adolescente-de-14-anos\\\/\",\"url\":\"https:\\\/\\\/fuentesfidedignas.com.mx\\\/index.php\\\/2024\\\/07\\\/21\\\/logra-fge-vinculacion-a-proceso-de-sujeto-por-abuso-sexual-a-un-adolescente-de-14-anos\\\/\",\"name\":\"Logra FGE vinculaci\u00f3n a proceso de sujeto por abuso sexual a un adolescente de 14 a\u00f1os - Fuentes Fidedignas\",\"isPartOf\":{\"@id\":\"https:\\\/\\\/fuentesfidedignas.com.mx\\\/#website\"},\"primaryImageOfPage\":{\"@id\":\"https:\\\/\\\/fuentesfidedignas.com.mx\\\/index.php\\\/2024\\\/07\\\/21\\\/logra-fge-vinculacion-a-proceso-de-sujeto-por-abuso-sexual-a-un-adolescente-de-14-anos\\\/#primaryimage\"},\"image\":{\"@id\":\"https:\\\/\\\/fuentesfidedignas.com.mx\\\/index.php\\\/2024\\\/07\\\/21\\\/logra-fge-vinculacion-a-proceso-de-sujeto-por-abuso-sexual-a-un-adolescente-de-14-anos\\\/#primaryimage\"},\"thumbnailUrl\":\"https:\\\/\\\/fuentesfidedignas.com.mx\\\/wp-content\\\/uploads\\\/2021\\\/11\\\/DETENIDO_CELDA.jpg\",\"datePublished\":\"2024-07-21T17:20:27+00:00\",\"dateModified\":\"2024-07-21T17:20:29+00:00\",\"breadcrumb\":{\"@id\":\"https:\\\/\\\/fuentesfidedignas.com.mx\\\/index.php\\\/2024\\\/07\\\/21\\\/logra-fge-vinculacion-a-proceso-de-sujeto-por-abuso-sexual-a-un-adolescente-de-14-anos\\\/#breadcrumb\"},\"inLanguage\":\"es\",\"potentialAction\":[{\"@type\":\"ReadAction\",\"target\":[\"https:\\\/\\\/fuentesfidedignas.com.mx\\\/index.php\\\/2024\\\/07\\\/21\\\/logra-fge-vinculacion-a-proceso-de-sujeto-por-abuso-sexual-a-un-adolescente-de-14-anos\\\/\"]}]},{\"@type\":\"ImageObject\",\"inLanguage\":\"es\",\"@id\":\"https:\\\/\\\/fuentesfidedignas.com.mx\\\/index.php\\\/2024\\\/07\\\/21\\\/logra-fge-vinculacion-a-proceso-de-sujeto-por-abuso-sexual-a-un-adolescente-de-14-anos\\\/#primaryimage\",\"url\":\"https:\\\/\\\/fuentesfidedignas.com.mx\\\/wp-content\\\/uploads\\\/2021\\\/11\\\/DETENIDO_CELDA.jpg\",\"contentUrl\":\"https:\\\/\\\/fuentesfidedignas.com.mx\\\/wp-content\\\/uploads\\\/2021\\\/11\\\/DETENIDO_CELDA.jpg\",\"width\":800,\"height\":600},{\"@type\":\"BreadcrumbList\",\"@id\":\"https:\\\/\\\/fuentesfidedignas.com.mx\\\/index.php\\\/2024\\\/07\\\/21\\\/logra-fge-vinculacion-a-proceso-de-sujeto-por-abuso-sexual-a-un-adolescente-de-14-anos\\\/#breadcrumb\",\"itemListElement\":[{\"@type\":\"ListItem\",\"position\":1,\"name\":\"Inicio\",\"item\":\"https:\\\/\\\/fuentesfidedignas.com.mx\\\/\"},{\"@type\":\"ListItem\",\"position\":2,\"name\":\"Logra FGE vinculaci\u00f3n a proceso de sujeto por abuso sexual a un adolescente de 14 a\u00f1os\"}]},{\"@type\":\"WebSite\",\"@id\":\"https:\\\/\\\/fuentesfidedignas.com.mx\\\/#website\",\"url\":\"https:\\\/\\\/fuentesfidedignas.com.mx\\\/\",\"name\":\"Fuentes Fidedignas\",\"description\":\"Otro sitio realizado con WordPress\",\"publisher\":{\"@id\":\"https:\\\/\\\/fuentesfidedignas.com.mx\\\/#organization\"},\"potentialAction\":[{\"@type\":\"SearchAction\",\"target\":{\"@type\":\"EntryPoint\",\"urlTemplate\":\"https:\\\/\\\/fuentesfidedignas.com.mx\\\/?s={search_term_string}\"},\"query-input\":{\"@type\":\"PropertyValueSpecification\",\"valueRequired\":true,\"valueName\":\"search_term_string\"}}],\"inLanguage\":\"es\"},{\"@type\":\"Organization\",\"@id\":\"https:\\\/\\\/fuentesfidedignas.com.mx\\\/#organization\",\"name\":\"Fuentes Fidedignas\",\"url\":\"https:\\\/\\\/fuentesfidedignas.com.mx\\\/\",\"logo\":{\"@type\":\"ImageObject\",\"inLanguage\":\"es\",\"@id\":\"https:\\\/\\\/fuentesfidedignas.com.mx\\\/#\\\/schema\\\/logo\\\/image\\\/\",\"url\":\"https:\\\/\\\/fuentesfidedignas.com.mx\\\/wp-content\\\/uploads\\\/2021\\\/04\\\/logo-retina.png\",\"contentUrl\":\"https:\\\/\\\/fuentesfidedignas.com.mx\\\/wp-content\\\/uploads\\\/2021\\\/04\\\/logo-retina.png\",\"width\":280,\"height\":51,\"caption\":\"Fuentes Fidedignas\"},\"image\":{\"@id\":\"https:\\\/\\\/fuentesfidedignas.com.mx\\\/#\\\/schema\\\/logo\\\/image\\\/\"},\"sameAs\":[\"https:\\\/\\\/www.facebook.com\\\/Fuentes-Fidedignas-368234489921644\",\"https:\\\/\\\/x.com\\\/fidedignas\"]},{\"@type\":\"Person\",\"@id\":\"https:\\\/\\\/fuentesfidedignas.com.mx\\\/#\\\/schema\\\/person\\\/331be9283d37198e2acd5750279085b0\",\"name\":\"Redacci\u00f3n\",\"image\":{\"@type\":\"ImageObject\",\"inLanguage\":\"es\",\"@id\":\"https:\\\/\\\/secure.gravatar.com\\\/avatar\\\/f6d8782c11d12b2d4ad3fbb6931aeab5309937a4d6cd2fc9cfaa28a6396a5aec?s=96&d=mm&r=g\",\"url\":\"https:\\\/\\\/secure.gravatar.com\\\/avatar\\\/f6d8782c11d12b2d4ad3fbb6931aeab5309937a4d6cd2fc9cfaa28a6396a5aec?s=96&d=mm&r=g\",\"contentUrl\":\"https:\\\/\\\/secure.gravatar.com\\\/avatar\\\/f6d8782c11d12b2d4ad3fbb6931aeab5309937a4d6cd2fc9cfaa28a6396a5aec?s=96&d=mm&r=g\",\"caption\":\"Redacci\u00f3n\"},\"url\":\"https:\\\/\\\/fuentesfidedignas.com.mx\\\/index.php\\\/author\\\/redaccion\\\/\"}]}<\/script>\n<!-- \/ Yoast SEO plugin. -->","yoast_head_json":{"title":"Logra FGE vinculaci\u00f3n a proceso de sujeto por abuso sexual a un adolescente de 14 a\u00f1os - Fuentes Fidedignas","robots":{"index":"index","follow":"follow","max-snippet":"max-snippet:-1","max-image-preview":"max-image-preview:large","max-video-preview":"max-video-preview:-1"},"canonical":"https:\/\/fuentesfidedignas.com.mx\/index.php\/2024\/07\/21\/logra-fge-vinculacion-a-proceso-de-sujeto-por-abuso-sexual-a-un-adolescente-de-14-anos\/","og_locale":"es_MX","og_type":"article","og_title":"Logra FGE vinculaci\u00f3n a proceso de sujeto por abuso sexual a un adolescente de 14 a\u00f1os - Fuentes Fidedignas","og_description":"Fue denunciado y, el 30 de abril se solicita y libra orden de aprehensi\u00f3n que fue ejecutada el pasado 7 de mayo Culiac\u00e1n, Sin.- A trav\u00e9s de la Fiscal\u00eda Especializada en Delitos Sexuales, la Fiscal\u00eda General del Estado formul\u00f3 imputaci\u00f3n en contra de Marcelino \u201cL\u201d, por el delito de abuso sexual en agravio de un [&hellip;]","og_url":"https:\/\/fuentesfidedignas.com.mx\/index.php\/2024\/07\/21\/logra-fge-vinculacion-a-proceso-de-sujeto-por-abuso-sexual-a-un-adolescente-de-14-anos\/","og_site_name":"Fuentes Fidedignas","article_publisher":"https:\/\/www.facebook.com\/Fuentes-Fidedignas-368234489921644","article_published_time":"2024-07-21T17:20:27+00:00","article_modified_time":"2024-07-21T17:20:29+00:00","og_image":[{"width":800,"height":600,"url":"https:\/\/fuentesfidedignas.com.mx\/wp-content\/uploads\/2021\/11\/DETENIDO_CELDA.jpg","type":"image\/jpeg"}],"author":"Redacci\u00f3n","twitter_card":"summary_large_image","twitter_creator":"@fidedignas","twitter_site":"@fidedignas","twitter_misc":{"Escrito por":"Redacci\u00f3n","Tiempo de lectura":"2 minutos"},"schema":{"@context":"https:\/\/schema.org","@graph":[{"@type":"Article","@id":"https:\/\/fuentesfidedignas.com.mx\/index.php\/2024\/07\/21\/logra-fge-vinculacion-a-proceso-de-sujeto-por-abuso-sexual-a-un-adolescente-de-14-anos\/#article","isPartOf":{"@id":"https:\/\/fuentesfidedignas.com.mx\/index.php\/2024\/07\/21\/logra-fge-vinculacion-a-proceso-de-sujeto-por-abuso-sexual-a-un-adolescente-de-14-anos\/"},"author":{"name":"Redacci\u00f3n","@id":"https:\/\/fuentesfidedignas.com.mx\/#\/schema\/person\/331be9283d37198e2acd5750279085b0"},"headline":"Logra FGE vinculaci\u00f3n a proceso de sujeto por abuso sexual a un adolescente de 14 a\u00f1os","datePublished":"2024-07-21T17:20:27+00:00","dateModified":"2024-07-21T17:20:29+00:00","mainEntityOfPage":{"@id":"https:\/\/fuentesfidedignas.com.mx\/index.php\/2024\/07\/21\/logra-fge-vinculacion-a-proceso-de-sujeto-por-abuso-sexual-a-un-adolescente-de-14-anos\/"},"wordCount":287,"commentCount":0,"publisher":{"@id":"https:\/\/fuentesfidedignas.com.mx\/#organization"},"image":{"@id":"https:\/\/fuentesfidedignas.com.mx\/index.php\/2024\/07\/21\/logra-fge-vinculacion-a-proceso-de-sujeto-por-abuso-sexual-a-un-adolescente-de-14-anos\/#primaryimage"},"thumbnailUrl":"https:\/\/fuentesfidedignas.com.mx\/wp-content\/uploads\/2021\/11\/DETENIDO_CELDA.jpg","articleSection":["NOTICIAS LOCALES"],"inLanguage":"es","potentialAction":[{"@type":"CommentAction","name":"Comment","target":["https:\/\/fuentesfidedignas.com.mx\/index.php\/2024\/07\/21\/logra-fge-vinculacion-a-proceso-de-sujeto-por-abuso-sexual-a-un-adolescente-de-14-anos\/#respond"]}]},{"@type":"WebPage","@id":"https:\/\/fuentesfidedignas.com.mx\/index.php\/2024\/07\/21\/logra-fge-vinculacion-a-proceso-de-sujeto-por-abuso-sexual-a-un-adolescente-de-14-anos\/","url":"https:\/\/fuentesfidedignas.com.mx\/index.php\/2024\/07\/21\/logra-fge-vinculacion-a-proceso-de-sujeto-por-abuso-sexual-a-un-adolescente-de-14-anos\/","name":"Logra FGE vinculaci\u00f3n a proceso de sujeto por abuso sexual a un adolescente de 14 a\u00f1os - Fuentes Fidedignas","isPartOf":{"@id":"https:\/\/fuentesfidedignas.com.mx\/#website"},"primaryImageOfPage":{"@id":"https:\/\/fuentesfidedignas.com.mx\/index.php\/2024\/07\/21\/logra-fge-vinculacion-a-proceso-de-sujeto-por-abuso-sexual-a-un-adolescente-de-14-anos\/#primaryimage"},"image":{"@id":"https:\/\/fuentesfidedignas.com.mx\/index.php\/2024\/07\/21\/logra-fge-vinculacion-a-proceso-de-sujeto-por-abuso-sexual-a-un-adolescente-de-14-anos\/#primaryimage"},"thumbnailUrl":"https:\/\/fuentesfidedignas.com.mx\/wp-content\/uploads\/2021\/11\/DETENIDO_CELDA.jpg","datePublished":"2024-07-21T17:20:27+00:00","dateModified":"2024-07-21T17:20:29+00:00","breadcrumb":{"@id":"https:\/\/fuentesfidedignas.com.mx\/index.php\/2024\/07\/21\/logra-fge-vinculacion-a-proceso-de-sujeto-por-abuso-sexual-a-un-adolescente-de-14-anos\/#breadcrumb"},"inLanguage":"es","potentialAction":[{"@type":"ReadAction","target":["https:\/\/fuentesfidedignas.com.mx\/index.php\/2024\/07\/21\/logra-fge-vinculacion-a-proceso-de-sujeto-por-abuso-sexual-a-un-adolescente-de-14-anos\/"]}]},{"@type":"ImageObject","inLanguage":"es","@id":"https:\/\/fuentesfidedignas.com.mx\/index.php\/2024\/07\/21\/logra-fge-vinculacion-a-proceso-de-sujeto-por-abuso-sexual-a-un-adolescente-de-14-anos\/#primaryimage","url":"https:\/\/fuentesfidedignas.com.mx\/wp-content\/uploads\/2021\/11\/DETENIDO_CELDA.jpg","contentUrl":"https:\/\/fuentesfidedignas.com.mx\/wp-content\/uploads\/2021\/11\/DETENIDO_CELDA.jpg","width":800,"height":600},{"@type":"BreadcrumbList","@id":"https:\/\/fuentesfidedignas.com.mx\/index.php\/2024\/07\/21\/logra-fge-vinculacion-a-proceso-de-sujeto-por-abuso-sexual-a-un-adolescente-de-14-anos\/#breadcrumb","itemListElement":[{"@type":"ListItem","position":1,"name":"Inicio","item":"https:\/\/fuentesfidedignas.com.mx\/"},{"@type":"ListItem","position":2,"name":"Logra FGE vinculaci\u00f3n a proceso de sujeto por abuso sexual a un adolescente de 14 a\u00f1os"}]},{"@type":"WebSite","@id":"https:\/\/fuentesfidedignas.com.mx\/#website","url":"https:\/\/fuentesfidedignas.com.mx\/","name":"Fuentes Fidedignas","description":"Otro sitio realizado con WordPress","publisher":{"@id":"https:\/\/fuentesfidedignas.com.mx\/#organization"},"potentialAction":[{"@type":"SearchAction","target":{"@type":"EntryPoint","urlTemplate":"https:\/\/fuentesfidedignas.com.mx\/?s={search_term_string}"},"query-input":{"@type":"PropertyValueSpecification","valueRequired":true,"valueName":"search_term_string"}}],"inLanguage":"es"},{"@type":"Organization","@id":"https:\/\/fuentesfidedignas.com.mx\/#organization","name":"Fuentes Fidedignas","url":"https:\/\/fuentesfidedignas.com.mx\/","logo":{"@type":"ImageObject","inLanguage":"es","@id":"https:\/\/fuentesfidedignas.com.mx\/#\/schema\/logo\/image\/","url":"https:\/\/fuentesfidedignas.com.mx\/wp-content\/uploads\/2021\/04\/logo-retina.png","contentUrl":"https:\/\/fuentesfidedignas.com.mx\/wp-content\/uploads\/2021\/04\/logo-retina.png","width":280,"height":51,"caption":"Fuentes Fidedignas"},"image":{"@id":"https:\/\/fuentesfidedignas.com.mx\/#\/schema\/logo\/image\/"},"sameAs":["https:\/\/www.facebook.com\/Fuentes-Fidedignas-368234489921644","https:\/\/x.com\/fidedignas"]},{"@type":"Person","@id":"https:\/\/fuentesfidedignas.com.mx\/#\/schema\/person\/331be9283d37198e2acd5750279085b0","name":"Redacci\u00f3n","image":{"@type":"ImageObject","inLanguage":"es","@id":"https:\/\/secure.gravatar.com\/avatar\/f6d8782c11d12b2d4ad3fbb6931aeab5309937a4d6cd2fc9cfaa28a6396a5aec?s=96&d=mm&r=g","url":"https:\/\/secure.gravatar.com\/avatar\/f6d8782c11d12b2d4ad3fbb6931aeab5309937a4d6cd2fc9cfaa28a6396a5aec?s=96&d=mm&r=g","contentUrl":"https:\/\/secure.gravatar.com\/avatar\/f6d8782c11d12b2d4ad3fbb6931aeab5309937a4d6cd2fc9cfaa28a6396a5aec?s=96&d=mm&r=g","caption":"Redacci\u00f3n"},"url":"https:\/\/fuentesfidedignas.com.mx\/index.php\/author\/redaccion\/"}]}},"_links":{"self":[{"href":"https:\/\/fuentesfidedignas.com.mx\/index.php\/wp-json\/wp\/v2\/posts\/87007","targetHints":{"allow":["GET"]}}],"collection":[{"href":"https:\/\/fuentesfidedignas.com.mx\/index.php\/wp-json\/wp\/v2\/posts"}],"about":[{"href":"https:\/\/fuentesfidedignas.com.mx\/index.php\/wp-json\/wp\/v2\/types\/post"}],"author":[{"embeddable":true,"href":"https:\/\/fuentesfidedignas.com.mx\/index.php\/wp-json\/wp\/v2\/users\/4"}],"replies":[{"embeddable":true,"href":"https:\/\/fuentesfidedignas.com.mx\/index.php\/wp-json\/wp\/v2\/comments?post=87007"}],"version-history":[{"count":1,"href":"https:\/\/fuentesfidedignas.com.mx\/index.php\/wp-json\/wp\/v2\/posts\/87007\/revisions"}],"predecessor-version":[{"id":87008,"href":"https:\/\/fuentesfidedignas.com.mx\/index.php\/wp-json\/wp\/v2\/posts\/87007\/revisions\/87008"}],"wp:featuredmedia":[{"embeddable":true,"href":"https:\/\/fuentesfidedignas.com.mx\/index.php\/wp-json\/wp\/v2\/media\/16975"}],"wp:attachment":[{"href":"https:\/\/fuentesfidedignas.com.mx\/index.php\/wp-json\/wp\/v2\/media?parent=87007"}],"wp:term":[{"taxonomy":"category","embeddable":true,"href":"https:\/\/fuentesfidedignas.com.mx\/index.php\/wp-json\/wp\/v2\/categories?post=87007"},{"taxonomy":"post_tag","embeddable":true,"href":"https:\/\/fuentesfidedignas.com.mx\/index.php\/wp-json\/wp\/v2\/tags?post=87007"}],"curies":[{"name":"wp","href":"https:\/\/api.w.org\/{rel}","templated":true}]}}