{"id":86979,"date":"2024-07-21T08:25:09","date_gmt":"2024-07-21T15:25:09","guid":{"rendered":"https:\/\/fuentesfidedignas.com.mx\/?p=86979"},"modified":"2024-07-21T08:39:29","modified_gmt":"2024-07-21T15:39:29","slug":"dia-mundial-del-perro-historia-origen-y-por-que-se-celebra-cada-21-de-julio","status":"publish","type":"post","link":"https:\/\/fuentesfidedignas.com.mx\/index.php\/2024\/07\/21\/dia-mundial-del-perro-historia-origen-y-por-que-se-celebra-cada-21-de-julio\/","title":{"rendered":"D\u00eda Mundial del Perro: Historia, origen y por qu\u00e9 se celebra cada 21 de julio"},"content":{"rendered":"\n<p><strong><em>Celebra el D\u00eda Mundial del Perro de la mejor manera y descubre por qu\u00e9 lo conmemoramos cada 21 de julio.<\/em><\/strong><\/p>\n\n\n\n<p>La cotidianidad en el hogar, muchas veces resulta m\u00e1s llevadera gracias a la compa\u00f1\u00eda de un animal dom\u00e9stico tan entra\u00f1able y querido como castigado por el ser humano. El D\u00eda Mundial del Perro se celebra cada 21 de julio para recordar la importancia que ejercen como mascotas, los beneficios que ofrece, y adem\u00e1s concientizar a la poblaci\u00f3n acerca del maltrato y abandono padecido por algunos. Te contamos en qu\u00e9 consiste esta efem\u00e9rides dedicada a los canes del mundo, desde cu\u00e1ndo y porqu\u00e9 es festejada en esa fecha conmemorativa.<\/p>\n\n\n\n<p><strong>\u00bfQU\u00c9 ES, DESDE CU\u00c1NDO SE CONMEMORA EL D\u00cdA MUNDIAL DEL PERRO Y POR QU\u00c9 CADA 21 DE JULIO?<\/strong><br>El listado de animales dom\u00e9sticos constituido, tambi\u00e9n, por gatos, conejos, gallos, y hasta tortugas, est\u00e1 representado sin lugar a dudas por el afamado y llamado \u201cmejor amigo del hombre\u201d, t\u00e9rmino o frase coloquial y popular que hace referencia a la lealtad, cari\u00f1o y amistad que nos demuestran y profesan los perros de diversas razas.<\/p>\n\n\n\n<p>Tener, criar, cuidar y domar un can en casa tiende a ser una de las pr\u00e1cticas m\u00e1s comunes y habituales que son realizadas desde tiempos milenarios por aquellas personas cuyo instinto los hace conmoverse, percibir y enamorarse de este mam\u00edfero social.<\/p>\n\n\n\n<p>Sin embargo, el lado negativo de su supervivencia, y que guarda relaci\u00f3n con el da\u00f1o sufrido a manos de inescrupulosos, llev\u00f3 a formalizar la conmemoraci\u00f3n del D\u00eda Mundial del Perro como una oportunidad para sensibilizar a las comunidades sobre el trato hacia ellos, pero tambi\u00e9n para rendirle tributo a un animal incondicional que proporciona paz y favorece en el mejoramiento integral del due\u00f1o y su entorno.<\/p>\n\n\n\n<p>Con respecto a la efem\u00e9rides que se celebra cada 21 de julio, podemos indicar que no existe o se recoge evidencias y\/o certezas que fundamenten su origen ni datos acerca de la persona u organizaci\u00f3n que lo declar\u00f3 como tal a nivel internacional, ni tampoco la fecha en s\u00ed, pero medios como Milenio y National Geographic, coinciden en afirmar que en 2004 se estableci\u00f3 para concienciar sobre el abandono de mascotas ya que durante el verano en el hemisferio norte es cuando m\u00e1s nacen y se produce este acto cruel.<\/p>\n\n\n\n<p>De manera ir\u00f3nica, y aunque varios pa\u00edses conmemoran el D\u00eda Mundial del Perro en el vig\u00e9simo primer d\u00eda del s\u00e9timo mes del a\u00f1o, hay otro grupo de naciones entre sudamericanas, centroamericanas y norteamericanas como Colombia, Guatemala, Estados Unidos y M\u00e9xico, que tambi\u00e9n lo enaltecen los 26 de agosto, y por ejemplo Argentina cada 2 de junio en honor a Chonino, un perro polic\u00eda de la raza Pastor Alem\u00e1n que muri\u00f3 defendiendo a su compa\u00f1ero en un tiroteo (1983).<\/p>\n\n\n\n<p><strong>\u00bfC\u00d3MO PUEDES CELEBRAR EL D\u00cdA MUNDIAL DEL PERRO JUNTO A TU MASCOTA ESTE 21 DE JULIO?<\/strong><br>Desde hace 20 a\u00f1os, \u201cEl mejor amigo del hombre\u201d es valorado, y abrazado con mayor \u00e9nfasis debido a la celebraci\u00f3n del D\u00eda Mundial del Perro, efem\u00e9rides internacional en el cual cada due\u00f1o puede festejarlo a su manera, pero siempre buscando brindarle los cuidados necesarios para su supervivencia y bienestar.<\/p>\n\n\n\n<p>La fecha conmemorativa del viernes 21\/07 en 2024 reviste de suma importancia, y por ese motivo a continuaci\u00f3n te compartimos las recomendaciones m\u00e1s b\u00e1sicas que debes hacer efectivas y cumplir con el fin de demostrarle dedicaci\u00f3n y responsabilidad, y mejorar su calidad de vida:<\/p>\n\n\n\n<ul class=\"wp-block-list\">\n<li>Alimentaci\u00f3n e hidrataci\u00f3n adecuada<\/li>\n\n\n\n<li>Educaci\u00f3n animal<\/li>\n\n\n\n<li>Ba\u00f1o peri\u00f3dico<\/li>\n\n\n\n<li>Paseos, interacci\u00f3n y actividades f\u00edsicas<\/li>\n\n\n\n<li>Atenci\u00f3n y cuidados veterinarios<\/li>\n<\/ul>\n\n\n\n<p>Esencialmente, ad\u00e1ptale espacios seguros y limpios, ventilados, atiende sus necesidades fisiol\u00f3gicas, estim\u00falalo mentalmente, y adem\u00e1s preoc\u00fapate por la higiene y primordial vacunaci\u00f3n y desparasitaci\u00f3n.<\/p>\n","protected":false},"excerpt":{"rendered":"<p>Celebra el D\u00eda Mundial del Perro de la mejor manera y descubre por qu\u00e9 lo conmemoramos cada 21 de julio. La cotidianidad en el hogar, muchas veces resulta m\u00e1s llevadera gracias a la compa\u00f1\u00eda de un animal dom\u00e9stico tan entra\u00f1able y querido como castigado por el ser humano. El D\u00eda Mundial del Perro se celebra [&hellip;]<\/p>\n","protected":false},"author":74,"featured_media":86980,"comment_status":"open","ping_status":"open","sticky":false,"template":"","format":"standard","meta":{"tdm_status":"","tdm_grid_status":"","footnotes":""},"categories":[37],"tags":[],"class_list":{"0":"post-86979","1":"post","2":"type-post","3":"status-publish","4":"format-standard","5":"has-post-thumbnail","7":"category-nota-principal"},"yoast_head":"<!-- This site is optimized with the Yoast SEO plugin v27.4 - https:\/\/yoast.com\/product\/yoast-seo-wordpress\/ -->\n<title>D\u00eda Mundial del Perro: Historia, origen y por qu\u00e9 se celebra cada 21 de julio - Fuentes Fidedignas<\/title>\n<meta name=\"robots\" content=\"index, follow, max-snippet:-1, max-image-preview:large, max-video-preview:-1\" \/>\n<link rel=\"canonical\" href=\"https:\/\/fuentesfidedignas.com.mx\/index.php\/2024\/07\/21\/dia-mundial-del-perro-historia-origen-y-por-que-se-celebra-cada-21-de-julio\/\" \/>\n<meta property=\"og:locale\" content=\"es_MX\" \/>\n<meta property=\"og:type\" content=\"article\" \/>\n<meta property=\"og:title\" content=\"D\u00eda Mundial del Perro: Historia, origen y por qu\u00e9 se celebra cada 21 de julio - Fuentes Fidedignas\" \/>\n<meta property=\"og:description\" content=\"Celebra el D\u00eda Mundial del Perro de la mejor manera y descubre por qu\u00e9 lo conmemoramos cada 21 de julio. La cotidianidad en el hogar, muchas veces resulta m\u00e1s llevadera gracias a la compa\u00f1\u00eda de un animal dom\u00e9stico tan entra\u00f1able y querido como castigado por el ser humano. El D\u00eda Mundial del Perro se celebra [&hellip;]\" \/>\n<meta property=\"og:url\" content=\"https:\/\/fuentesfidedignas.com.mx\/index.php\/2024\/07\/21\/dia-mundial-del-perro-historia-origen-y-por-que-se-celebra-cada-21-de-julio\/\" \/>\n<meta property=\"og:site_name\" content=\"Fuentes Fidedignas\" \/>\n<meta property=\"article:publisher\" content=\"https:\/\/www.facebook.com\/Fuentes-Fidedignas-368234489921644\" \/>\n<meta property=\"article:published_time\" content=\"2024-07-21T15:25:09+00:00\" \/>\n<meta property=\"article:modified_time\" content=\"2024-07-21T15:39:29+00:00\" \/>\n<meta property=\"og:image\" content=\"https:\/\/fuentesfidedignas.com.mx\/wp-content\/uploads\/2024\/07\/dia-mundial-del-perro-2.jpg\" \/>\n\t<meta property=\"og:image:width\" content=\"650\" \/>\n\t<meta property=\"og:image:height\" content=\"422\" \/>\n\t<meta property=\"og:image:type\" content=\"image\/jpeg\" \/>\n<meta name=\"author\" content=\"El Comercio\" \/>\n<meta name=\"twitter:card\" content=\"summary_large_image\" \/>\n<meta name=\"twitter:creator\" content=\"@fidedignas\" \/>\n<meta name=\"twitter:site\" content=\"@fidedignas\" \/>\n<meta name=\"twitter:label1\" content=\"Escrito por\" \/>\n\t<meta name=\"twitter:data1\" content=\"El Comercio\" \/>\n\t<meta name=\"twitter:label2\" content=\"Tiempo de lectura\" \/>\n\t<meta name=\"twitter:data2\" content=\"3 minutos\" \/>\n<script type=\"application\/ld+json\" class=\"yoast-schema-graph\">{\"@context\":\"https:\\\/\\\/schema.org\",\"@graph\":[{\"@type\":\"Article\",\"@id\":\"https:\\\/\\\/fuentesfidedignas.com.mx\\\/index.php\\\/2024\\\/07\\\/21\\\/dia-mundial-del-perro-historia-origen-y-por-que-se-celebra-cada-21-de-julio\\\/#article\",\"isPartOf\":{\"@id\":\"https:\\\/\\\/fuentesfidedignas.com.mx\\\/index.php\\\/2024\\\/07\\\/21\\\/dia-mundial-del-perro-historia-origen-y-por-que-se-celebra-cada-21-de-julio\\\/\"},\"author\":{\"name\":\"El Comercio\",\"@id\":\"https:\\\/\\\/fuentesfidedignas.com.mx\\\/#\\\/schema\\\/person\\\/0bba260f42600c37adbf5c6165a4ddd3\"},\"headline\":\"D\u00eda Mundial del Perro: Historia, origen y por qu\u00e9 se celebra cada 21 de julio\",\"datePublished\":\"2024-07-21T15:25:09+00:00\",\"dateModified\":\"2024-07-21T15:39:29+00:00\",\"mainEntityOfPage\":{\"@id\":\"https:\\\/\\\/fuentesfidedignas.com.mx\\\/index.php\\\/2024\\\/07\\\/21\\\/dia-mundial-del-perro-historia-origen-y-por-que-se-celebra-cada-21-de-julio\\\/\"},\"wordCount\":675,\"commentCount\":0,\"publisher\":{\"@id\":\"https:\\\/\\\/fuentesfidedignas.com.mx\\\/#organization\"},\"image\":{\"@id\":\"https:\\\/\\\/fuentesfidedignas.com.mx\\\/index.php\\\/2024\\\/07\\\/21\\\/dia-mundial-del-perro-historia-origen-y-por-que-se-celebra-cada-21-de-julio\\\/#primaryimage\"},\"thumbnailUrl\":\"https:\\\/\\\/fuentesfidedignas.com.mx\\\/wp-content\\\/uploads\\\/2024\\\/07\\\/dia-mundial-del-perro-2.jpg\",\"articleSection\":[\"NOTA PRINCIPAL\"],\"inLanguage\":\"es\",\"potentialAction\":[{\"@type\":\"CommentAction\",\"name\":\"Comment\",\"target\":[\"https:\\\/\\\/fuentesfidedignas.com.mx\\\/index.php\\\/2024\\\/07\\\/21\\\/dia-mundial-del-perro-historia-origen-y-por-que-se-celebra-cada-21-de-julio\\\/#respond\"]}]},{\"@type\":\"WebPage\",\"@id\":\"https:\\\/\\\/fuentesfidedignas.com.mx\\\/index.php\\\/2024\\\/07\\\/21\\\/dia-mundial-del-perro-historia-origen-y-por-que-se-celebra-cada-21-de-julio\\\/\",\"url\":\"https:\\\/\\\/fuentesfidedignas.com.mx\\\/index.php\\\/2024\\\/07\\\/21\\\/dia-mundial-del-perro-historia-origen-y-por-que-se-celebra-cada-21-de-julio\\\/\",\"name\":\"D\u00eda Mundial del Perro: Historia, origen y por qu\u00e9 se celebra cada 21 de julio - Fuentes Fidedignas\",\"isPartOf\":{\"@id\":\"https:\\\/\\\/fuentesfidedignas.com.mx\\\/#website\"},\"primaryImageOfPage\":{\"@id\":\"https:\\\/\\\/fuentesfidedignas.com.mx\\\/index.php\\\/2024\\\/07\\\/21\\\/dia-mundial-del-perro-historia-origen-y-por-que-se-celebra-cada-21-de-julio\\\/#primaryimage\"},\"image\":{\"@id\":\"https:\\\/\\\/fuentesfidedignas.com.mx\\\/index.php\\\/2024\\\/07\\\/21\\\/dia-mundial-del-perro-historia-origen-y-por-que-se-celebra-cada-21-de-julio\\\/#primaryimage\"},\"thumbnailUrl\":\"https:\\\/\\\/fuentesfidedignas.com.mx\\\/wp-content\\\/uploads\\\/2024\\\/07\\\/dia-mundial-del-perro-2.jpg\",\"datePublished\":\"2024-07-21T15:25:09+00:00\",\"dateModified\":\"2024-07-21T15:39:29+00:00\",\"breadcrumb\":{\"@id\":\"https:\\\/\\\/fuentesfidedignas.com.mx\\\/index.php\\\/2024\\\/07\\\/21\\\/dia-mundial-del-perro-historia-origen-y-por-que-se-celebra-cada-21-de-julio\\\/#breadcrumb\"},\"inLanguage\":\"es\",\"potentialAction\":[{\"@type\":\"ReadAction\",\"target\":[\"https:\\\/\\\/fuentesfidedignas.com.mx\\\/index.php\\\/2024\\\/07\\\/21\\\/dia-mundial-del-perro-historia-origen-y-por-que-se-celebra-cada-21-de-julio\\\/\"]}]},{\"@type\":\"ImageObject\",\"inLanguage\":\"es\",\"@id\":\"https:\\\/\\\/fuentesfidedignas.com.mx\\\/index.php\\\/2024\\\/07\\\/21\\\/dia-mundial-del-perro-historia-origen-y-por-que-se-celebra-cada-21-de-julio\\\/#primaryimage\",\"url\":\"https:\\\/\\\/fuentesfidedignas.com.mx\\\/wp-content\\\/uploads\\\/2024\\\/07\\\/dia-mundial-del-perro-2.jpg\",\"contentUrl\":\"https:\\\/\\\/fuentesfidedignas.com.mx\\\/wp-content\\\/uploads\\\/2024\\\/07\\\/dia-mundial-del-perro-2.jpg\",\"width\":650,\"height\":422},{\"@type\":\"BreadcrumbList\",\"@id\":\"https:\\\/\\\/fuentesfidedignas.com.mx\\\/index.php\\\/2024\\\/07\\\/21\\\/dia-mundial-del-perro-historia-origen-y-por-que-se-celebra-cada-21-de-julio\\\/#breadcrumb\",\"itemListElement\":[{\"@type\":\"ListItem\",\"position\":1,\"name\":\"Inicio\",\"item\":\"https:\\\/\\\/fuentesfidedignas.com.mx\\\/\"},{\"@type\":\"ListItem\",\"position\":2,\"name\":\"D\u00eda Mundial del Perro: Historia, origen y por qu\u00e9 se celebra cada 21 de julio\"}]},{\"@type\":\"WebSite\",\"@id\":\"https:\\\/\\\/fuentesfidedignas.com.mx\\\/#website\",\"url\":\"https:\\\/\\\/fuentesfidedignas.com.mx\\\/\",\"name\":\"Fuentes Fidedignas\",\"description\":\"Otro sitio realizado con WordPress\",\"publisher\":{\"@id\":\"https:\\\/\\\/fuentesfidedignas.com.mx\\\/#organization\"},\"potentialAction\":[{\"@type\":\"SearchAction\",\"target\":{\"@type\":\"EntryPoint\",\"urlTemplate\":\"https:\\\/\\\/fuentesfidedignas.com.mx\\\/?s={search_term_string}\"},\"query-input\":{\"@type\":\"PropertyValueSpecification\",\"valueRequired\":true,\"valueName\":\"search_term_string\"}}],\"inLanguage\":\"es\"},{\"@type\":\"Organization\",\"@id\":\"https:\\\/\\\/fuentesfidedignas.com.mx\\\/#organization\",\"name\":\"Fuentes Fidedignas\",\"url\":\"https:\\\/\\\/fuentesfidedignas.com.mx\\\/\",\"logo\":{\"@type\":\"ImageObject\",\"inLanguage\":\"es\",\"@id\":\"https:\\\/\\\/fuentesfidedignas.com.mx\\\/#\\\/schema\\\/logo\\\/image\\\/\",\"url\":\"https:\\\/\\\/fuentesfidedignas.com.mx\\\/wp-content\\\/uploads\\\/2021\\\/04\\\/logo-retina.png\",\"contentUrl\":\"https:\\\/\\\/fuentesfidedignas.com.mx\\\/wp-content\\\/uploads\\\/2021\\\/04\\\/logo-retina.png\",\"width\":280,\"height\":51,\"caption\":\"Fuentes Fidedignas\"},\"image\":{\"@id\":\"https:\\\/\\\/fuentesfidedignas.com.mx\\\/#\\\/schema\\\/logo\\\/image\\\/\"},\"sameAs\":[\"https:\\\/\\\/www.facebook.com\\\/Fuentes-Fidedignas-368234489921644\",\"https:\\\/\\\/x.com\\\/fidedignas\"]},{\"@type\":\"Person\",\"@id\":\"https:\\\/\\\/fuentesfidedignas.com.mx\\\/#\\\/schema\\\/person\\\/0bba260f42600c37adbf5c6165a4ddd3\",\"name\":\"El Comercio\",\"image\":{\"@type\":\"ImageObject\",\"inLanguage\":\"es\",\"@id\":\"https:\\\/\\\/secure.gravatar.com\\\/avatar\\\/209348b570a657537b297843285d533e51d8f8b51fe4c11cdf2e504b243a55e0?s=96&d=mm&r=g\",\"url\":\"https:\\\/\\\/secure.gravatar.com\\\/avatar\\\/209348b570a657537b297843285d533e51d8f8b51fe4c11cdf2e504b243a55e0?s=96&d=mm&r=g\",\"contentUrl\":\"https:\\\/\\\/secure.gravatar.com\\\/avatar\\\/209348b570a657537b297843285d533e51d8f8b51fe4c11cdf2e504b243a55e0?s=96&d=mm&r=g\",\"caption\":\"El Comercio\"},\"url\":\"https:\\\/\\\/fuentesfidedignas.com.mx\\\/index.php\\\/author\\\/el-comercio\\\/\"}]}<\/script>\n<!-- \/ Yoast SEO plugin. -->","yoast_head_json":{"title":"D\u00eda Mundial del Perro: Historia, origen y por qu\u00e9 se celebra cada 21 de julio - Fuentes Fidedignas","robots":{"index":"index","follow":"follow","max-snippet":"max-snippet:-1","max-image-preview":"max-image-preview:large","max-video-preview":"max-video-preview:-1"},"canonical":"https:\/\/fuentesfidedignas.com.mx\/index.php\/2024\/07\/21\/dia-mundial-del-perro-historia-origen-y-por-que-se-celebra-cada-21-de-julio\/","og_locale":"es_MX","og_type":"article","og_title":"D\u00eda Mundial del Perro: Historia, origen y por qu\u00e9 se celebra cada 21 de julio - Fuentes Fidedignas","og_description":"Celebra el D\u00eda Mundial del Perro de la mejor manera y descubre por qu\u00e9 lo conmemoramos cada 21 de julio. La cotidianidad en el hogar, muchas veces resulta m\u00e1s llevadera gracias a la compa\u00f1\u00eda de un animal dom\u00e9stico tan entra\u00f1able y querido como castigado por el ser humano. El D\u00eda Mundial del Perro se celebra [&hellip;]","og_url":"https:\/\/fuentesfidedignas.com.mx\/index.php\/2024\/07\/21\/dia-mundial-del-perro-historia-origen-y-por-que-se-celebra-cada-21-de-julio\/","og_site_name":"Fuentes Fidedignas","article_publisher":"https:\/\/www.facebook.com\/Fuentes-Fidedignas-368234489921644","article_published_time":"2024-07-21T15:25:09+00:00","article_modified_time":"2024-07-21T15:39:29+00:00","og_image":[{"width":650,"height":422,"url":"https:\/\/fuentesfidedignas.com.mx\/wp-content\/uploads\/2024\/07\/dia-mundial-del-perro-2.jpg","type":"image\/jpeg"}],"author":"El Comercio","twitter_card":"summary_large_image","twitter_creator":"@fidedignas","twitter_site":"@fidedignas","twitter_misc":{"Escrito por":"El Comercio","Tiempo de lectura":"3 minutos"},"schema":{"@context":"https:\/\/schema.org","@graph":[{"@type":"Article","@id":"https:\/\/fuentesfidedignas.com.mx\/index.php\/2024\/07\/21\/dia-mundial-del-perro-historia-origen-y-por-que-se-celebra-cada-21-de-julio\/#article","isPartOf":{"@id":"https:\/\/fuentesfidedignas.com.mx\/index.php\/2024\/07\/21\/dia-mundial-del-perro-historia-origen-y-por-que-se-celebra-cada-21-de-julio\/"},"author":{"name":"El Comercio","@id":"https:\/\/fuentesfidedignas.com.mx\/#\/schema\/person\/0bba260f42600c37adbf5c6165a4ddd3"},"headline":"D\u00eda Mundial del Perro: Historia, origen y por qu\u00e9 se celebra cada 21 de julio","datePublished":"2024-07-21T15:25:09+00:00","dateModified":"2024-07-21T15:39:29+00:00","mainEntityOfPage":{"@id":"https:\/\/fuentesfidedignas.com.mx\/index.php\/2024\/07\/21\/dia-mundial-del-perro-historia-origen-y-por-que-se-celebra-cada-21-de-julio\/"},"wordCount":675,"commentCount":0,"publisher":{"@id":"https:\/\/fuentesfidedignas.com.mx\/#organization"},"image":{"@id":"https:\/\/fuentesfidedignas.com.mx\/index.php\/2024\/07\/21\/dia-mundial-del-perro-historia-origen-y-por-que-se-celebra-cada-21-de-julio\/#primaryimage"},"thumbnailUrl":"https:\/\/fuentesfidedignas.com.mx\/wp-content\/uploads\/2024\/07\/dia-mundial-del-perro-2.jpg","articleSection":["NOTA PRINCIPAL"],"inLanguage":"es","potentialAction":[{"@type":"CommentAction","name":"Comment","target":["https:\/\/fuentesfidedignas.com.mx\/index.php\/2024\/07\/21\/dia-mundial-del-perro-historia-origen-y-por-que-se-celebra-cada-21-de-julio\/#respond"]}]},{"@type":"WebPage","@id":"https:\/\/fuentesfidedignas.com.mx\/index.php\/2024\/07\/21\/dia-mundial-del-perro-historia-origen-y-por-que-se-celebra-cada-21-de-julio\/","url":"https:\/\/fuentesfidedignas.com.mx\/index.php\/2024\/07\/21\/dia-mundial-del-perro-historia-origen-y-por-que-se-celebra-cada-21-de-julio\/","name":"D\u00eda Mundial del Perro: Historia, origen y por qu\u00e9 se celebra cada 21 de julio - Fuentes Fidedignas","isPartOf":{"@id":"https:\/\/fuentesfidedignas.com.mx\/#website"},"primaryImageOfPage":{"@id":"https:\/\/fuentesfidedignas.com.mx\/index.php\/2024\/07\/21\/dia-mundial-del-perro-historia-origen-y-por-que-se-celebra-cada-21-de-julio\/#primaryimage"},"image":{"@id":"https:\/\/fuentesfidedignas.com.mx\/index.php\/2024\/07\/21\/dia-mundial-del-perro-historia-origen-y-por-que-se-celebra-cada-21-de-julio\/#primaryimage"},"thumbnailUrl":"https:\/\/fuentesfidedignas.com.mx\/wp-content\/uploads\/2024\/07\/dia-mundial-del-perro-2.jpg","datePublished":"2024-07-21T15:25:09+00:00","dateModified":"2024-07-21T15:39:29+00:00","breadcrumb":{"@id":"https:\/\/fuentesfidedignas.com.mx\/index.php\/2024\/07\/21\/dia-mundial-del-perro-historia-origen-y-por-que-se-celebra-cada-21-de-julio\/#breadcrumb"},"inLanguage":"es","potentialAction":[{"@type":"ReadAction","target":["https:\/\/fuentesfidedignas.com.mx\/index.php\/2024\/07\/21\/dia-mundial-del-perro-historia-origen-y-por-que-se-celebra-cada-21-de-julio\/"]}]},{"@type":"ImageObject","inLanguage":"es","@id":"https:\/\/fuentesfidedignas.com.mx\/index.php\/2024\/07\/21\/dia-mundial-del-perro-historia-origen-y-por-que-se-celebra-cada-21-de-julio\/#primaryimage","url":"https:\/\/fuentesfidedignas.com.mx\/wp-content\/uploads\/2024\/07\/dia-mundial-del-perro-2.jpg","contentUrl":"https:\/\/fuentesfidedignas.com.mx\/wp-content\/uploads\/2024\/07\/dia-mundial-del-perro-2.jpg","width":650,"height":422},{"@type":"BreadcrumbList","@id":"https:\/\/fuentesfidedignas.com.mx\/index.php\/2024\/07\/21\/dia-mundial-del-perro-historia-origen-y-por-que-se-celebra-cada-21-de-julio\/#breadcrumb","itemListElement":[{"@type":"ListItem","position":1,"name":"Inicio","item":"https:\/\/fuentesfidedignas.com.mx\/"},{"@type":"ListItem","position":2,"name":"D\u00eda Mundial del Perro: Historia, origen y por qu\u00e9 se celebra cada 21 de julio"}]},{"@type":"WebSite","@id":"https:\/\/fuentesfidedignas.com.mx\/#website","url":"https:\/\/fuentesfidedignas.com.mx\/","name":"Fuentes Fidedignas","description":"Otro sitio realizado con WordPress","publisher":{"@id":"https:\/\/fuentesfidedignas.com.mx\/#organization"},"potentialAction":[{"@type":"SearchAction","target":{"@type":"EntryPoint","urlTemplate":"https:\/\/fuentesfidedignas.com.mx\/?s={search_term_string}"},"query-input":{"@type":"PropertyValueSpecification","valueRequired":true,"valueName":"search_term_string"}}],"inLanguage":"es"},{"@type":"Organization","@id":"https:\/\/fuentesfidedignas.com.mx\/#organization","name":"Fuentes Fidedignas","url":"https:\/\/fuentesfidedignas.com.mx\/","logo":{"@type":"ImageObject","inLanguage":"es","@id":"https:\/\/fuentesfidedignas.com.mx\/#\/schema\/logo\/image\/","url":"https:\/\/fuentesfidedignas.com.mx\/wp-content\/uploads\/2021\/04\/logo-retina.png","contentUrl":"https:\/\/fuentesfidedignas.com.mx\/wp-content\/uploads\/2021\/04\/logo-retina.png","width":280,"height":51,"caption":"Fuentes Fidedignas"},"image":{"@id":"https:\/\/fuentesfidedignas.com.mx\/#\/schema\/logo\/image\/"},"sameAs":["https:\/\/www.facebook.com\/Fuentes-Fidedignas-368234489921644","https:\/\/x.com\/fidedignas"]},{"@type":"Person","@id":"https:\/\/fuentesfidedignas.com.mx\/#\/schema\/person\/0bba260f42600c37adbf5c6165a4ddd3","name":"El Comercio","image":{"@type":"ImageObject","inLanguage":"es","@id":"https:\/\/secure.gravatar.com\/avatar\/209348b570a657537b297843285d533e51d8f8b51fe4c11cdf2e504b243a55e0?s=96&d=mm&r=g","url":"https:\/\/secure.gravatar.com\/avatar\/209348b570a657537b297843285d533e51d8f8b51fe4c11cdf2e504b243a55e0?s=96&d=mm&r=g","contentUrl":"https:\/\/secure.gravatar.com\/avatar\/209348b570a657537b297843285d533e51d8f8b51fe4c11cdf2e504b243a55e0?s=96&d=mm&r=g","caption":"El Comercio"},"url":"https:\/\/fuentesfidedignas.com.mx\/index.php\/author\/el-comercio\/"}]}},"_links":{"self":[{"href":"https:\/\/fuentesfidedignas.com.mx\/index.php\/wp-json\/wp\/v2\/posts\/86979","targetHints":{"allow":["GET"]}}],"collection":[{"href":"https:\/\/fuentesfidedignas.com.mx\/index.php\/wp-json\/wp\/v2\/posts"}],"about":[{"href":"https:\/\/fuentesfidedignas.com.mx\/index.php\/wp-json\/wp\/v2\/types\/post"}],"author":[{"embeddable":true,"href":"https:\/\/fuentesfidedignas.com.mx\/index.php\/wp-json\/wp\/v2\/users\/74"}],"replies":[{"embeddable":true,"href":"https:\/\/fuentesfidedignas.com.mx\/index.php\/wp-json\/wp\/v2\/comments?post=86979"}],"version-history":[{"count":1,"href":"https:\/\/fuentesfidedignas.com.mx\/index.php\/wp-json\/wp\/v2\/posts\/86979\/revisions"}],"predecessor-version":[{"id":86981,"href":"https:\/\/fuentesfidedignas.com.mx\/index.php\/wp-json\/wp\/v2\/posts\/86979\/revisions\/86981"}],"wp:featuredmedia":[{"embeddable":true,"href":"https:\/\/fuentesfidedignas.com.mx\/index.php\/wp-json\/wp\/v2\/media\/86980"}],"wp:attachment":[{"href":"https:\/\/fuentesfidedignas.com.mx\/index.php\/wp-json\/wp\/v2\/media?parent=86979"}],"wp:term":[{"taxonomy":"category","embeddable":true,"href":"https:\/\/fuentesfidedignas.com.mx\/index.php\/wp-json\/wp\/v2\/categories?post=86979"},{"taxonomy":"post_tag","embeddable":true,"href":"https:\/\/fuentesfidedignas.com.mx\/index.php\/wp-json\/wp\/v2\/tags?post=86979"}],"curies":[{"name":"wp","href":"https:\/\/api.w.org\/{rel}","templated":true}]}}