{"id":86976,"date":"2024-07-21T12:27:00","date_gmt":"2024-07-21T19:27:00","guid":{"rendered":"https:\/\/fuentesfidedignas.com.mx\/?p=86976"},"modified":"2024-07-21T11:29:11","modified_gmt":"2024-07-21T18:29:11","slug":"detienen-en-sonora-al-agresor-del-periodista-federico-hans","status":"publish","type":"post","link":"https:\/\/fuentesfidedignas.com.mx\/index.php\/2024\/07\/21\/detienen-en-sonora-al-agresor-del-periodista-federico-hans\/","title":{"rendered":"Detienen en Sonora al agresor del periodista Federico Hans"},"content":{"rendered":"\n<p><strong><em>Jes\u00fas Eduardo \u201cN\u201d, alias \u2018El Chino Cuajo\u2019, es se\u00f1alado como el autor material del ataque al periodista Federico Hans Hagalsieb<\/em><\/strong><\/p>\n\n\n\n<p>La Fiscal\u00eda de Sonora anunci\u00f3 la detenci\u00f3n de Jes\u00fas Eduardo \u201cN\u201d, alias El Chino Cuajo, presunto autor material del ataque armado al que sobrevivi\u00f3 el periodista Federico Hans Hagalsieb, ocurrido esta semana en Caborca, Sonora.<\/p>\n\n\n\n<blockquote class=\"twitter-tweet\"><p lang=\"es\" dir=\"ltr\">1\/1- Capturan a \u201cEl Chino Cuajo\u201d por su probable responsabilidad en el ataque contra \u201cEl G\u00fcero Hans\u201d<br><br>\u2022\u2060 Jes\u00fas Eduardo \u201cN\u201d figura como generador de violencia en Caborca e integrante de un grupo criminal de la zona<br><br>Hermosillo, Sonora, 20 de julio de 2024.- Con relaci\u00f3n a la\u2026 <a href=\"https:\/\/t.co\/zz0KKL2pBx\">pic.twitter.com\/zz0KKL2pBx<\/a><\/p>&mdash; Fiscal\u00eda de Sonora (@fgjesonora) <a href=\"https:\/\/twitter.com\/fgjesonora\/status\/1814794567905955848?ref_src=twsrc%5Etfw\">July 20, 2024<\/a><\/blockquote> <script async src=\"https:\/\/platform.twitter.com\/widgets.js\" charset=\"utf-8\"><\/script>\n\n\n\n<p>El sospechoso fue detenido durante un operativo en posesi\u00f3n de cuatro armas de fuego: una corta y tres largas, entre estas una metralleta calibre .223 que, de acuerdo con las pruebas periciales de bal\u00edstica, es la misma que se utiliz\u00f3 en el atentado que sobrevivi\u00f3 el periodista.<\/p>\n\n\n\n<p>Adem\u00e1s, la Fiscal\u00eda de Sonora asegur\u00f3 en un comunicado emitido este s\u00e1bado que tiene informaci\u00f3n de inteligencia que indica que El Chino Cuajo figura como uno de los principales generadores de violencia en la regi\u00f3n.<\/p>\n\n\n\n<p>El reporte agrega que el detenido est\u00e1 ligado a un grupo delictivo que opera en Caborca y sus alrededores con actividades relacionadas con el narcotr\u00e1fico, tr\u00e1fico de personas, homicidios, desaparici\u00f3n cometida por particulares, acopio de armas de fuego, entre otras actividades il\u00edcitas.<\/p>\n\n\n\n<p>Tambi\u00e9n se apunt\u00f3 que el detenido fue identificado a trav\u00e9s de la c\u00e1mara de Hessel, al ponerlo a la vista de un testigo presencial de los hechos quien lo identific\u00f3 como el presunto responsable del ataque al comunicador, ademas que iba acompa\u00f1ado de dos c\u00f3mplices m\u00e1s, los cuales a\u00fan no han sido detenidos.<\/p>\n\n\n\n<p>El pasado mi\u00e9rcoles por la tarde, sicarios emboscaron al periodista Federico Hans Hagalsieb al salir de su domicilio.<\/p>\n\n\n\n<p>Sobre la carrocer\u00eda del auto del periodista, peritos contaron m\u00e1s de 30 impactos de bala, pero en la escena del ataque levantaron m\u00e1s de 80 casquillos percutidos.<\/p>\n\n\n\n<p>El jueves, Luis Alonso Hagelsieb, hijo del periodista, inform\u00f3 que su padre recibi\u00f3 tres impactos de bala y una esquirla.<\/p>\n\n\n\n<p>De los tres disparos uno fue en la pierna, otro en la oreja y uno m\u00e1s lo impact\u00f3 por la espalda, atraves\u00e1ndolo por el pectoral izquierdo, por el pulm\u00f3n y muy cerca del coraz\u00f3n, que es la herida de mayor gravedad. Las autoridades m\u00e9dicas afirman que su estado de salud es estable.<\/p>\n\n\n\n<p><\/p>\n","protected":false},"excerpt":{"rendered":"<p>Jes\u00fas Eduardo \u201cN\u201d, alias \u2018El Chino Cuajo\u2019, es se\u00f1alado como el autor material del ataque al periodista Federico Hans Hagalsieb La Fiscal\u00eda de Sonora anunci\u00f3 la detenci\u00f3n de Jes\u00fas Eduardo \u201cN\u201d, alias El Chino Cuajo, presunto autor material del ataque armado al que sobrevivi\u00f3 el periodista Federico Hans Hagalsieb, ocurrido esta semana en Caborca, Sonora. [&hellip;]<\/p>\n","protected":false},"author":47,"featured_media":86977,"comment_status":"open","ping_status":"open","sticky":false,"template":"","format":"standard","meta":{"tdm_status":"","tdm_grid_status":"","footnotes":""},"categories":[39],"tags":[],"class_list":{"0":"post-86976","1":"post","2":"type-post","3":"status-publish","4":"format-standard","5":"has-post-thumbnail","7":"category-noticias-nacionales"},"yoast_head":"<!-- This site is optimized with the Yoast SEO plugin v27.5 - https:\/\/yoast.com\/product\/yoast-seo-wordpress\/ -->\n<title>Detienen en Sonora al agresor del periodista Federico Hans - Fuentes Fidedignas<\/title>\n<meta name=\"robots\" content=\"index, follow, max-snippet:-1, max-image-preview:large, max-video-preview:-1\" \/>\n<link rel=\"canonical\" href=\"https:\/\/fuentesfidedignas.com.mx\/index.php\/2024\/07\/21\/detienen-en-sonora-al-agresor-del-periodista-federico-hans\/\" \/>\n<meta property=\"og:locale\" content=\"es_MX\" \/>\n<meta property=\"og:type\" content=\"article\" \/>\n<meta property=\"og:title\" content=\"Detienen en Sonora al agresor del periodista Federico Hans - Fuentes Fidedignas\" \/>\n<meta property=\"og:description\" content=\"Jes\u00fas Eduardo \u201cN\u201d, alias \u2018El Chino Cuajo\u2019, es se\u00f1alado como el autor material del ataque al periodista Federico Hans Hagalsieb La Fiscal\u00eda de Sonora anunci\u00f3 la detenci\u00f3n de Jes\u00fas Eduardo \u201cN\u201d, alias El Chino Cuajo, presunto autor material del ataque armado al que sobrevivi\u00f3 el periodista Federico Hans Hagalsieb, ocurrido esta semana en Caborca, Sonora. [&hellip;]\" \/>\n<meta property=\"og:url\" content=\"https:\/\/fuentesfidedignas.com.mx\/index.php\/2024\/07\/21\/detienen-en-sonora-al-agresor-del-periodista-federico-hans\/\" \/>\n<meta property=\"og:site_name\" content=\"Fuentes Fidedignas\" \/>\n<meta property=\"article:publisher\" content=\"https:\/\/www.facebook.com\/Fuentes-Fidedignas-368234489921644\" \/>\n<meta property=\"article:published_time\" content=\"2024-07-21T19:27:00+00:00\" \/>\n<meta property=\"og:image\" content=\"https:\/\/fuentesfidedignas.com.mx\/wp-content\/uploads\/2024\/07\/chino-cuajo-agresor-periodista-federico-hans-sonora.jpg\" \/>\n\t<meta property=\"og:image:width\" content=\"650\" \/>\n\t<meta property=\"og:image:height\" content=\"433\" \/>\n\t<meta property=\"og:image:type\" content=\"image\/jpeg\" \/>\n<meta name=\"author\" content=\"L\u00f3pez D\u00f3riga\" \/>\n<meta name=\"twitter:card\" content=\"summary_large_image\" \/>\n<meta name=\"twitter:creator\" content=\"@fidedignas\" \/>\n<meta name=\"twitter:site\" content=\"@fidedignas\" \/>\n<meta name=\"twitter:label1\" content=\"Escrito por\" \/>\n\t<meta name=\"twitter:data1\" content=\"L\u00f3pez D\u00f3riga\" \/>\n\t<meta name=\"twitter:label2\" content=\"Tiempo de lectura\" \/>\n\t<meta name=\"twitter:data2\" content=\"2 minutos\" \/>\n<script type=\"application\/ld+json\" class=\"yoast-schema-graph\">{\"@context\":\"https:\\\/\\\/schema.org\",\"@graph\":[{\"@type\":\"Article\",\"@id\":\"https:\\\/\\\/fuentesfidedignas.com.mx\\\/index.php\\\/2024\\\/07\\\/21\\\/detienen-en-sonora-al-agresor-del-periodista-federico-hans\\\/#article\",\"isPartOf\":{\"@id\":\"https:\\\/\\\/fuentesfidedignas.com.mx\\\/index.php\\\/2024\\\/07\\\/21\\\/detienen-en-sonora-al-agresor-del-periodista-federico-hans\\\/\"},\"author\":{\"name\":\"L\u00f3pez D\u00f3riga\",\"@id\":\"https:\\\/\\\/fuentesfidedignas.com.mx\\\/#\\\/schema\\\/person\\\/67d852f0557c8509146a4b9ddebd543a\"},\"headline\":\"Detienen en Sonora al agresor del periodista Federico Hans\",\"datePublished\":\"2024-07-21T19:27:00+00:00\",\"mainEntityOfPage\":{\"@id\":\"https:\\\/\\\/fuentesfidedignas.com.mx\\\/index.php\\\/2024\\\/07\\\/21\\\/detienen-en-sonora-al-agresor-del-periodista-federico-hans\\\/\"},\"wordCount\":449,\"commentCount\":0,\"publisher\":{\"@id\":\"https:\\\/\\\/fuentesfidedignas.com.mx\\\/#organization\"},\"image\":{\"@id\":\"https:\\\/\\\/fuentesfidedignas.com.mx\\\/index.php\\\/2024\\\/07\\\/21\\\/detienen-en-sonora-al-agresor-del-periodista-federico-hans\\\/#primaryimage\"},\"thumbnailUrl\":\"https:\\\/\\\/fuentesfidedignas.com.mx\\\/wp-content\\\/uploads\\\/2024\\\/07\\\/chino-cuajo-agresor-periodista-federico-hans-sonora.jpg\",\"articleSection\":[\"NOTICIAS NACIONALES\"],\"inLanguage\":\"es\",\"potentialAction\":[{\"@type\":\"CommentAction\",\"name\":\"Comment\",\"target\":[\"https:\\\/\\\/fuentesfidedignas.com.mx\\\/index.php\\\/2024\\\/07\\\/21\\\/detienen-en-sonora-al-agresor-del-periodista-federico-hans\\\/#respond\"]}]},{\"@type\":\"WebPage\",\"@id\":\"https:\\\/\\\/fuentesfidedignas.com.mx\\\/index.php\\\/2024\\\/07\\\/21\\\/detienen-en-sonora-al-agresor-del-periodista-federico-hans\\\/\",\"url\":\"https:\\\/\\\/fuentesfidedignas.com.mx\\\/index.php\\\/2024\\\/07\\\/21\\\/detienen-en-sonora-al-agresor-del-periodista-federico-hans\\\/\",\"name\":\"Detienen en Sonora al agresor del periodista Federico Hans - Fuentes Fidedignas\",\"isPartOf\":{\"@id\":\"https:\\\/\\\/fuentesfidedignas.com.mx\\\/#website\"},\"primaryImageOfPage\":{\"@id\":\"https:\\\/\\\/fuentesfidedignas.com.mx\\\/index.php\\\/2024\\\/07\\\/21\\\/detienen-en-sonora-al-agresor-del-periodista-federico-hans\\\/#primaryimage\"},\"image\":{\"@id\":\"https:\\\/\\\/fuentesfidedignas.com.mx\\\/index.php\\\/2024\\\/07\\\/21\\\/detienen-en-sonora-al-agresor-del-periodista-federico-hans\\\/#primaryimage\"},\"thumbnailUrl\":\"https:\\\/\\\/fuentesfidedignas.com.mx\\\/wp-content\\\/uploads\\\/2024\\\/07\\\/chino-cuajo-agresor-periodista-federico-hans-sonora.jpg\",\"datePublished\":\"2024-07-21T19:27:00+00:00\",\"breadcrumb\":{\"@id\":\"https:\\\/\\\/fuentesfidedignas.com.mx\\\/index.php\\\/2024\\\/07\\\/21\\\/detienen-en-sonora-al-agresor-del-periodista-federico-hans\\\/#breadcrumb\"},\"inLanguage\":\"es\",\"potentialAction\":[{\"@type\":\"ReadAction\",\"target\":[\"https:\\\/\\\/fuentesfidedignas.com.mx\\\/index.php\\\/2024\\\/07\\\/21\\\/detienen-en-sonora-al-agresor-del-periodista-federico-hans\\\/\"]}]},{\"@type\":\"ImageObject\",\"inLanguage\":\"es\",\"@id\":\"https:\\\/\\\/fuentesfidedignas.com.mx\\\/index.php\\\/2024\\\/07\\\/21\\\/detienen-en-sonora-al-agresor-del-periodista-federico-hans\\\/#primaryimage\",\"url\":\"https:\\\/\\\/fuentesfidedignas.com.mx\\\/wp-content\\\/uploads\\\/2024\\\/07\\\/chino-cuajo-agresor-periodista-federico-hans-sonora.jpg\",\"contentUrl\":\"https:\\\/\\\/fuentesfidedignas.com.mx\\\/wp-content\\\/uploads\\\/2024\\\/07\\\/chino-cuajo-agresor-periodista-federico-hans-sonora.jpg\",\"width\":650,\"height\":433},{\"@type\":\"BreadcrumbList\",\"@id\":\"https:\\\/\\\/fuentesfidedignas.com.mx\\\/index.php\\\/2024\\\/07\\\/21\\\/detienen-en-sonora-al-agresor-del-periodista-federico-hans\\\/#breadcrumb\",\"itemListElement\":[{\"@type\":\"ListItem\",\"position\":1,\"name\":\"Inicio\",\"item\":\"https:\\\/\\\/fuentesfidedignas.com.mx\\\/\"},{\"@type\":\"ListItem\",\"position\":2,\"name\":\"Detienen en Sonora al agresor del periodista Federico Hans\"}]},{\"@type\":\"WebSite\",\"@id\":\"https:\\\/\\\/fuentesfidedignas.com.mx\\\/#website\",\"url\":\"https:\\\/\\\/fuentesfidedignas.com.mx\\\/\",\"name\":\"Fuentes Fidedignas\",\"description\":\"Otro sitio realizado con WordPress\",\"publisher\":{\"@id\":\"https:\\\/\\\/fuentesfidedignas.com.mx\\\/#organization\"},\"potentialAction\":[{\"@type\":\"SearchAction\",\"target\":{\"@type\":\"EntryPoint\",\"urlTemplate\":\"https:\\\/\\\/fuentesfidedignas.com.mx\\\/?s={search_term_string}\"},\"query-input\":{\"@type\":\"PropertyValueSpecification\",\"valueRequired\":true,\"valueName\":\"search_term_string\"}}],\"inLanguage\":\"es\"},{\"@type\":\"Organization\",\"@id\":\"https:\\\/\\\/fuentesfidedignas.com.mx\\\/#organization\",\"name\":\"Fuentes Fidedignas\",\"url\":\"https:\\\/\\\/fuentesfidedignas.com.mx\\\/\",\"logo\":{\"@type\":\"ImageObject\",\"inLanguage\":\"es\",\"@id\":\"https:\\\/\\\/fuentesfidedignas.com.mx\\\/#\\\/schema\\\/logo\\\/image\\\/\",\"url\":\"https:\\\/\\\/fuentesfidedignas.com.mx\\\/wp-content\\\/uploads\\\/2021\\\/04\\\/logo-retina.png\",\"contentUrl\":\"https:\\\/\\\/fuentesfidedignas.com.mx\\\/wp-content\\\/uploads\\\/2021\\\/04\\\/logo-retina.png\",\"width\":280,\"height\":51,\"caption\":\"Fuentes Fidedignas\"},\"image\":{\"@id\":\"https:\\\/\\\/fuentesfidedignas.com.mx\\\/#\\\/schema\\\/logo\\\/image\\\/\"},\"sameAs\":[\"https:\\\/\\\/www.facebook.com\\\/Fuentes-Fidedignas-368234489921644\",\"https:\\\/\\\/x.com\\\/fidedignas\"]},{\"@type\":\"Person\",\"@id\":\"https:\\\/\\\/fuentesfidedignas.com.mx\\\/#\\\/schema\\\/person\\\/67d852f0557c8509146a4b9ddebd543a\",\"name\":\"L\u00f3pez D\u00f3riga\",\"image\":{\"@type\":\"ImageObject\",\"inLanguage\":\"es\",\"@id\":\"https:\\\/\\\/secure.gravatar.com\\\/avatar\\\/e525b06574ca18b33cded59dfe5778d6c823b9513154eff47da551b0551bdd1e?s=96&d=mm&r=g\",\"url\":\"https:\\\/\\\/secure.gravatar.com\\\/avatar\\\/e525b06574ca18b33cded59dfe5778d6c823b9513154eff47da551b0551bdd1e?s=96&d=mm&r=g\",\"contentUrl\":\"https:\\\/\\\/secure.gravatar.com\\\/avatar\\\/e525b06574ca18b33cded59dfe5778d6c823b9513154eff47da551b0551bdd1e?s=96&d=mm&r=g\",\"caption\":\"L\u00f3pez D\u00f3riga\"},\"url\":\"https:\\\/\\\/fuentesfidedignas.com.mx\\\/index.php\\\/author\\\/doriga\\\/\"}]}<\/script>\n<!-- \/ Yoast SEO plugin. -->","yoast_head_json":{"title":"Detienen en Sonora al agresor del periodista Federico Hans - Fuentes Fidedignas","robots":{"index":"index","follow":"follow","max-snippet":"max-snippet:-1","max-image-preview":"max-image-preview:large","max-video-preview":"max-video-preview:-1"},"canonical":"https:\/\/fuentesfidedignas.com.mx\/index.php\/2024\/07\/21\/detienen-en-sonora-al-agresor-del-periodista-federico-hans\/","og_locale":"es_MX","og_type":"article","og_title":"Detienen en Sonora al agresor del periodista Federico Hans - Fuentes Fidedignas","og_description":"Jes\u00fas Eduardo \u201cN\u201d, alias \u2018El Chino Cuajo\u2019, es se\u00f1alado como el autor material del ataque al periodista Federico Hans Hagalsieb La Fiscal\u00eda de Sonora anunci\u00f3 la detenci\u00f3n de Jes\u00fas Eduardo \u201cN\u201d, alias El Chino Cuajo, presunto autor material del ataque armado al que sobrevivi\u00f3 el periodista Federico Hans Hagalsieb, ocurrido esta semana en Caborca, Sonora. [&hellip;]","og_url":"https:\/\/fuentesfidedignas.com.mx\/index.php\/2024\/07\/21\/detienen-en-sonora-al-agresor-del-periodista-federico-hans\/","og_site_name":"Fuentes Fidedignas","article_publisher":"https:\/\/www.facebook.com\/Fuentes-Fidedignas-368234489921644","article_published_time":"2024-07-21T19:27:00+00:00","og_image":[{"width":650,"height":433,"url":"https:\/\/fuentesfidedignas.com.mx\/wp-content\/uploads\/2024\/07\/chino-cuajo-agresor-periodista-federico-hans-sonora.jpg","type":"image\/jpeg"}],"author":"L\u00f3pez D\u00f3riga","twitter_card":"summary_large_image","twitter_creator":"@fidedignas","twitter_site":"@fidedignas","twitter_misc":{"Escrito por":"L\u00f3pez D\u00f3riga","Tiempo de lectura":"2 minutos"},"schema":{"@context":"https:\/\/schema.org","@graph":[{"@type":"Article","@id":"https:\/\/fuentesfidedignas.com.mx\/index.php\/2024\/07\/21\/detienen-en-sonora-al-agresor-del-periodista-federico-hans\/#article","isPartOf":{"@id":"https:\/\/fuentesfidedignas.com.mx\/index.php\/2024\/07\/21\/detienen-en-sonora-al-agresor-del-periodista-federico-hans\/"},"author":{"name":"L\u00f3pez D\u00f3riga","@id":"https:\/\/fuentesfidedignas.com.mx\/#\/schema\/person\/67d852f0557c8509146a4b9ddebd543a"},"headline":"Detienen en Sonora al agresor del periodista Federico Hans","datePublished":"2024-07-21T19:27:00+00:00","mainEntityOfPage":{"@id":"https:\/\/fuentesfidedignas.com.mx\/index.php\/2024\/07\/21\/detienen-en-sonora-al-agresor-del-periodista-federico-hans\/"},"wordCount":449,"commentCount":0,"publisher":{"@id":"https:\/\/fuentesfidedignas.com.mx\/#organization"},"image":{"@id":"https:\/\/fuentesfidedignas.com.mx\/index.php\/2024\/07\/21\/detienen-en-sonora-al-agresor-del-periodista-federico-hans\/#primaryimage"},"thumbnailUrl":"https:\/\/fuentesfidedignas.com.mx\/wp-content\/uploads\/2024\/07\/chino-cuajo-agresor-periodista-federico-hans-sonora.jpg","articleSection":["NOTICIAS NACIONALES"],"inLanguage":"es","potentialAction":[{"@type":"CommentAction","name":"Comment","target":["https:\/\/fuentesfidedignas.com.mx\/index.php\/2024\/07\/21\/detienen-en-sonora-al-agresor-del-periodista-federico-hans\/#respond"]}]},{"@type":"WebPage","@id":"https:\/\/fuentesfidedignas.com.mx\/index.php\/2024\/07\/21\/detienen-en-sonora-al-agresor-del-periodista-federico-hans\/","url":"https:\/\/fuentesfidedignas.com.mx\/index.php\/2024\/07\/21\/detienen-en-sonora-al-agresor-del-periodista-federico-hans\/","name":"Detienen en Sonora al agresor del periodista Federico Hans - Fuentes Fidedignas","isPartOf":{"@id":"https:\/\/fuentesfidedignas.com.mx\/#website"},"primaryImageOfPage":{"@id":"https:\/\/fuentesfidedignas.com.mx\/index.php\/2024\/07\/21\/detienen-en-sonora-al-agresor-del-periodista-federico-hans\/#primaryimage"},"image":{"@id":"https:\/\/fuentesfidedignas.com.mx\/index.php\/2024\/07\/21\/detienen-en-sonora-al-agresor-del-periodista-federico-hans\/#primaryimage"},"thumbnailUrl":"https:\/\/fuentesfidedignas.com.mx\/wp-content\/uploads\/2024\/07\/chino-cuajo-agresor-periodista-federico-hans-sonora.jpg","datePublished":"2024-07-21T19:27:00+00:00","breadcrumb":{"@id":"https:\/\/fuentesfidedignas.com.mx\/index.php\/2024\/07\/21\/detienen-en-sonora-al-agresor-del-periodista-federico-hans\/#breadcrumb"},"inLanguage":"es","potentialAction":[{"@type":"ReadAction","target":["https:\/\/fuentesfidedignas.com.mx\/index.php\/2024\/07\/21\/detienen-en-sonora-al-agresor-del-periodista-federico-hans\/"]}]},{"@type":"ImageObject","inLanguage":"es","@id":"https:\/\/fuentesfidedignas.com.mx\/index.php\/2024\/07\/21\/detienen-en-sonora-al-agresor-del-periodista-federico-hans\/#primaryimage","url":"https:\/\/fuentesfidedignas.com.mx\/wp-content\/uploads\/2024\/07\/chino-cuajo-agresor-periodista-federico-hans-sonora.jpg","contentUrl":"https:\/\/fuentesfidedignas.com.mx\/wp-content\/uploads\/2024\/07\/chino-cuajo-agresor-periodista-federico-hans-sonora.jpg","width":650,"height":433},{"@type":"BreadcrumbList","@id":"https:\/\/fuentesfidedignas.com.mx\/index.php\/2024\/07\/21\/detienen-en-sonora-al-agresor-del-periodista-federico-hans\/#breadcrumb","itemListElement":[{"@type":"ListItem","position":1,"name":"Inicio","item":"https:\/\/fuentesfidedignas.com.mx\/"},{"@type":"ListItem","position":2,"name":"Detienen en Sonora al agresor del periodista Federico Hans"}]},{"@type":"WebSite","@id":"https:\/\/fuentesfidedignas.com.mx\/#website","url":"https:\/\/fuentesfidedignas.com.mx\/","name":"Fuentes Fidedignas","description":"Otro sitio realizado con WordPress","publisher":{"@id":"https:\/\/fuentesfidedignas.com.mx\/#organization"},"potentialAction":[{"@type":"SearchAction","target":{"@type":"EntryPoint","urlTemplate":"https:\/\/fuentesfidedignas.com.mx\/?s={search_term_string}"},"query-input":{"@type":"PropertyValueSpecification","valueRequired":true,"valueName":"search_term_string"}}],"inLanguage":"es"},{"@type":"Organization","@id":"https:\/\/fuentesfidedignas.com.mx\/#organization","name":"Fuentes Fidedignas","url":"https:\/\/fuentesfidedignas.com.mx\/","logo":{"@type":"ImageObject","inLanguage":"es","@id":"https:\/\/fuentesfidedignas.com.mx\/#\/schema\/logo\/image\/","url":"https:\/\/fuentesfidedignas.com.mx\/wp-content\/uploads\/2021\/04\/logo-retina.png","contentUrl":"https:\/\/fuentesfidedignas.com.mx\/wp-content\/uploads\/2021\/04\/logo-retina.png","width":280,"height":51,"caption":"Fuentes Fidedignas"},"image":{"@id":"https:\/\/fuentesfidedignas.com.mx\/#\/schema\/logo\/image\/"},"sameAs":["https:\/\/www.facebook.com\/Fuentes-Fidedignas-368234489921644","https:\/\/x.com\/fidedignas"]},{"@type":"Person","@id":"https:\/\/fuentesfidedignas.com.mx\/#\/schema\/person\/67d852f0557c8509146a4b9ddebd543a","name":"L\u00f3pez D\u00f3riga","image":{"@type":"ImageObject","inLanguage":"es","@id":"https:\/\/secure.gravatar.com\/avatar\/e525b06574ca18b33cded59dfe5778d6c823b9513154eff47da551b0551bdd1e?s=96&d=mm&r=g","url":"https:\/\/secure.gravatar.com\/avatar\/e525b06574ca18b33cded59dfe5778d6c823b9513154eff47da551b0551bdd1e?s=96&d=mm&r=g","contentUrl":"https:\/\/secure.gravatar.com\/avatar\/e525b06574ca18b33cded59dfe5778d6c823b9513154eff47da551b0551bdd1e?s=96&d=mm&r=g","caption":"L\u00f3pez D\u00f3riga"},"url":"https:\/\/fuentesfidedignas.com.mx\/index.php\/author\/doriga\/"}]}},"_links":{"self":[{"href":"https:\/\/fuentesfidedignas.com.mx\/index.php\/wp-json\/wp\/v2\/posts\/86976","targetHints":{"allow":["GET"]}}],"collection":[{"href":"https:\/\/fuentesfidedignas.com.mx\/index.php\/wp-json\/wp\/v2\/posts"}],"about":[{"href":"https:\/\/fuentesfidedignas.com.mx\/index.php\/wp-json\/wp\/v2\/types\/post"}],"author":[{"embeddable":true,"href":"https:\/\/fuentesfidedignas.com.mx\/index.php\/wp-json\/wp\/v2\/users\/47"}],"replies":[{"embeddable":true,"href":"https:\/\/fuentesfidedignas.com.mx\/index.php\/wp-json\/wp\/v2\/comments?post=86976"}],"version-history":[{"count":1,"href":"https:\/\/fuentesfidedignas.com.mx\/index.php\/wp-json\/wp\/v2\/posts\/86976\/revisions"}],"predecessor-version":[{"id":86978,"href":"https:\/\/fuentesfidedignas.com.mx\/index.php\/wp-json\/wp\/v2\/posts\/86976\/revisions\/86978"}],"wp:featuredmedia":[{"embeddable":true,"href":"https:\/\/fuentesfidedignas.com.mx\/index.php\/wp-json\/wp\/v2\/media\/86977"}],"wp:attachment":[{"href":"https:\/\/fuentesfidedignas.com.mx\/index.php\/wp-json\/wp\/v2\/media?parent=86976"}],"wp:term":[{"taxonomy":"category","embeddable":true,"href":"https:\/\/fuentesfidedignas.com.mx\/index.php\/wp-json\/wp\/v2\/categories?post=86976"},{"taxonomy":"post_tag","embeddable":true,"href":"https:\/\/fuentesfidedignas.com.mx\/index.php\/wp-json\/wp\/v2\/tags?post=86976"}],"curies":[{"name":"wp","href":"https:\/\/api.w.org\/{rel}","templated":true}]}}