{"id":86942,"date":"2024-07-20T09:20:00","date_gmt":"2024-07-20T16:20:00","guid":{"rendered":"https:\/\/fuentesfidedignas.com.mx\/?p=86942"},"modified":"2024-07-20T11:54:47","modified_gmt":"2024-07-20T18:54:47","slug":"cuatro-detenidos-dos-de-ellos-mexicanos-por-fabricacion-y-trafico-de-drogas-en-sudafrica","status":"publish","type":"post","link":"https:\/\/fuentesfidedignas.com.mx\/index.php\/2024\/07\/20\/cuatro-detenidos-dos-de-ellos-mexicanos-por-fabricacion-y-trafico-de-drogas-en-sudafrica\/","title":{"rendered":"Cuatro detenidos, dos de ellos mexicanos, por fabricaci\u00f3n y tr\u00e1fico de drogas en Sud\u00e1frica"},"content":{"rendered":"\n<p><strong><em>Los cuatro detenidos, dos ciudadanos mexicanos, fueron detenidos en Sud\u00e1frica tras el hallazgo de un laboratorio clandestino de drogas<\/em><\/strong><\/p>\n\n\n\n<p>Cuatro personas, incluyendo dos ciudadanos mexicanos, fueron detenidos en Sud\u00e1frica tras el hallazgo de un laboratorio clandestino de drogas \u201cmultimillonario\u201d en el norte del pa\u00eds, en la provincia de Limpopo, inform\u00f3 la Polic\u00eda sudafricana.<\/p>\n\n\n\n<p>\u201cEn la continua guerra contra las drogas de los Hawks (Halcones, unidad de \u00e9lite policial), cuatro sospechosos, incluido el propietario de la granja y dos ciudadanos mexicanos fueron detenidos el 19 de julio de 2024 (\u2026) en una granja en (la ciudad de) Groblersdal, donde se descubri\u00f3 un laboratorio clandestino multimillonario\u201d, dijo la Polic\u00eda en un comunicado.<\/p>\n\n\n\n<figure class=\"wp-block-embed\"><div class=\"wp-block-embed__wrapper\">\nhttps:\/\/x.com\/SAPoliceService\/status\/1814626426521342258\n<\/div><\/figure>\n\n\n\n<p>Tras recibir informaci\u00f3n sobre \u201c<strong>actividades<\/strong>&nbsp;<strong>sospechosas<\/strong>\u201d en la granja, se organiz\u00f3 un dispositivo con efectivos de diferentes unidades policiales y se registraron cuatro estructuras encontradas en el reciento.<\/p>\n\n\n\n<p>\u201cSe recuperaron grandes cantidades de&nbsp;<strong>productos<\/strong><strong>qu\u00edmicos<\/strong>&nbsp;utilizados en la fabricaci\u00f3n de drogas il\u00edcitas, incluida acetona y&nbsp;<strong>metanfetamina<\/strong>, con un valor estimado en la calle de 2 mil millones de rands sudafricanos (unos 100 millones de euros)\u201d, detall\u00f3 la Polic\u00eda.<\/p>\n\n\n\n<p>Mientras la&nbsp;<strong>investigaci\u00f3n<\/strong>&nbsp;contin\u00faa, est\u00e1 previsto que los detenidos comparezcan ante el&nbsp;<strong>Tribunal de Primera Instancia<\/strong>&nbsp;de Groblersdal el pr\u00f3ximo 22 de julio, donde se enfrentar\u00e1n a cargos de \u201cfabricaci\u00f3n, tr\u00e1fico y posesi\u00f3n de drogas il\u00edcitas\u201d.<\/p>\n","protected":false},"excerpt":{"rendered":"<p>Los cuatro detenidos, dos ciudadanos mexicanos, fueron detenidos en Sud\u00e1frica tras el hallazgo de un laboratorio clandestino de drogas Cuatro personas, incluyendo dos ciudadanos mexicanos, fueron detenidos en Sud\u00e1frica tras el hallazgo de un laboratorio clandestino de drogas \u201cmultimillonario\u201d en el norte del pa\u00eds, en la provincia de Limpopo, inform\u00f3 la Polic\u00eda sudafricana. \u201cEn la [&hellip;]<\/p>\n","protected":false},"author":47,"featured_media":86941,"comment_status":"closed","ping_status":"open","sticky":false,"template":"","format":"standard","meta":{"tdm_status":"","tdm_grid_status":"","footnotes":""},"categories":[39],"tags":[],"class_list":{"0":"post-86942","1":"post","2":"type-post","3":"status-publish","4":"format-standard","5":"has-post-thumbnail","7":"category-noticias-nacionales"},"yoast_head":"<!-- This site is optimized with the Yoast SEO plugin v27.5 - https:\/\/yoast.com\/product\/yoast-seo-wordpress\/ -->\n<title>Cuatro detenidos, dos de ellos mexicanos, por fabricaci\u00f3n y tr\u00e1fico de drogas en Sud\u00e1frica - Fuentes Fidedignas<\/title>\n<meta name=\"robots\" content=\"index, follow, max-snippet:-1, max-image-preview:large, max-video-preview:-1\" \/>\n<link rel=\"canonical\" href=\"https:\/\/fuentesfidedignas.com.mx\/index.php\/2024\/07\/20\/cuatro-detenidos-dos-de-ellos-mexicanos-por-fabricacion-y-trafico-de-drogas-en-sudafrica\/\" \/>\n<meta property=\"og:locale\" content=\"es_MX\" \/>\n<meta property=\"og:type\" content=\"article\" \/>\n<meta property=\"og:title\" content=\"Cuatro detenidos, dos de ellos mexicanos, por fabricaci\u00f3n y tr\u00e1fico de drogas en Sud\u00e1frica - Fuentes Fidedignas\" \/>\n<meta property=\"og:description\" content=\"Los cuatro detenidos, dos ciudadanos mexicanos, fueron detenidos en Sud\u00e1frica tras el hallazgo de un laboratorio clandestino de drogas Cuatro personas, incluyendo dos ciudadanos mexicanos, fueron detenidos en Sud\u00e1frica tras el hallazgo de un laboratorio clandestino de drogas \u201cmultimillonario\u201d en el norte del pa\u00eds, en la provincia de Limpopo, inform\u00f3 la Polic\u00eda sudafricana. \u201cEn la [&hellip;]\" \/>\n<meta property=\"og:url\" content=\"https:\/\/fuentesfidedignas.com.mx\/index.php\/2024\/07\/20\/cuatro-detenidos-dos-de-ellos-mexicanos-por-fabricacion-y-trafico-de-drogas-en-sudafrica\/\" \/>\n<meta property=\"og:site_name\" content=\"Fuentes Fidedignas\" \/>\n<meta property=\"article:publisher\" content=\"https:\/\/www.facebook.com\/Fuentes-Fidedignas-368234489921644\" \/>\n<meta property=\"article:published_time\" content=\"2024-07-20T16:20:00+00:00\" \/>\n<meta property=\"article:modified_time\" content=\"2024-07-20T18:54:47+00:00\" \/>\n<meta property=\"og:image\" content=\"https:\/\/fuentesfidedignas.com.mx\/wp-content\/uploads\/2024\/07\/img_0609-1.jpg\" \/>\n\t<meta property=\"og:image:width\" content=\"1280\" \/>\n\t<meta property=\"og:image:height\" content=\"960\" \/>\n\t<meta property=\"og:image:type\" content=\"image\/jpeg\" \/>\n<meta name=\"author\" content=\"L\u00f3pez D\u00f3riga\" \/>\n<meta name=\"twitter:card\" content=\"summary_large_image\" \/>\n<meta name=\"twitter:creator\" content=\"@fidedignas\" \/>\n<meta name=\"twitter:site\" content=\"@fidedignas\" \/>\n<meta name=\"twitter:label1\" content=\"Escrito por\" \/>\n\t<meta name=\"twitter:data1\" content=\"L\u00f3pez D\u00f3riga\" \/>\n\t<meta name=\"twitter:label2\" content=\"Tiempo de lectura\" \/>\n\t<meta name=\"twitter:data2\" content=\"1 minuto\" \/>\n<script type=\"application\/ld+json\" class=\"yoast-schema-graph\">{\"@context\":\"https:\\\/\\\/schema.org\",\"@graph\":[{\"@type\":\"Article\",\"@id\":\"https:\\\/\\\/fuentesfidedignas.com.mx\\\/index.php\\\/2024\\\/07\\\/20\\\/cuatro-detenidos-dos-de-ellos-mexicanos-por-fabricacion-y-trafico-de-drogas-en-sudafrica\\\/#article\",\"isPartOf\":{\"@id\":\"https:\\\/\\\/fuentesfidedignas.com.mx\\\/index.php\\\/2024\\\/07\\\/20\\\/cuatro-detenidos-dos-de-ellos-mexicanos-por-fabricacion-y-trafico-de-drogas-en-sudafrica\\\/\"},\"author\":{\"name\":\"L\u00f3pez D\u00f3riga\",\"@id\":\"https:\\\/\\\/fuentesfidedignas.com.mx\\\/#\\\/schema\\\/person\\\/67d852f0557c8509146a4b9ddebd543a\"},\"headline\":\"Cuatro detenidos, dos de ellos mexicanos, por fabricaci\u00f3n y tr\u00e1fico de drogas en Sud\u00e1frica\",\"datePublished\":\"2024-07-20T16:20:00+00:00\",\"dateModified\":\"2024-07-20T18:54:47+00:00\",\"mainEntityOfPage\":{\"@id\":\"https:\\\/\\\/fuentesfidedignas.com.mx\\\/index.php\\\/2024\\\/07\\\/20\\\/cuatro-detenidos-dos-de-ellos-mexicanos-por-fabricacion-y-trafico-de-drogas-en-sudafrica\\\/\"},\"wordCount\":256,\"publisher\":{\"@id\":\"https:\\\/\\\/fuentesfidedignas.com.mx\\\/#organization\"},\"image\":{\"@id\":\"https:\\\/\\\/fuentesfidedignas.com.mx\\\/index.php\\\/2024\\\/07\\\/20\\\/cuatro-detenidos-dos-de-ellos-mexicanos-por-fabricacion-y-trafico-de-drogas-en-sudafrica\\\/#primaryimage\"},\"thumbnailUrl\":\"https:\\\/\\\/fuentesfidedignas.com.mx\\\/wp-content\\\/uploads\\\/2024\\\/07\\\/img_0609-1.jpg\",\"articleSection\":[\"NOTICIAS NACIONALES\"],\"inLanguage\":\"es\"},{\"@type\":\"WebPage\",\"@id\":\"https:\\\/\\\/fuentesfidedignas.com.mx\\\/index.php\\\/2024\\\/07\\\/20\\\/cuatro-detenidos-dos-de-ellos-mexicanos-por-fabricacion-y-trafico-de-drogas-en-sudafrica\\\/\",\"url\":\"https:\\\/\\\/fuentesfidedignas.com.mx\\\/index.php\\\/2024\\\/07\\\/20\\\/cuatro-detenidos-dos-de-ellos-mexicanos-por-fabricacion-y-trafico-de-drogas-en-sudafrica\\\/\",\"name\":\"Cuatro detenidos, dos de ellos mexicanos, por fabricaci\u00f3n y tr\u00e1fico de drogas en Sud\u00e1frica - Fuentes Fidedignas\",\"isPartOf\":{\"@id\":\"https:\\\/\\\/fuentesfidedignas.com.mx\\\/#website\"},\"primaryImageOfPage\":{\"@id\":\"https:\\\/\\\/fuentesfidedignas.com.mx\\\/index.php\\\/2024\\\/07\\\/20\\\/cuatro-detenidos-dos-de-ellos-mexicanos-por-fabricacion-y-trafico-de-drogas-en-sudafrica\\\/#primaryimage\"},\"image\":{\"@id\":\"https:\\\/\\\/fuentesfidedignas.com.mx\\\/index.php\\\/2024\\\/07\\\/20\\\/cuatro-detenidos-dos-de-ellos-mexicanos-por-fabricacion-y-trafico-de-drogas-en-sudafrica\\\/#primaryimage\"},\"thumbnailUrl\":\"https:\\\/\\\/fuentesfidedignas.com.mx\\\/wp-content\\\/uploads\\\/2024\\\/07\\\/img_0609-1.jpg\",\"datePublished\":\"2024-07-20T16:20:00+00:00\",\"dateModified\":\"2024-07-20T18:54:47+00:00\",\"breadcrumb\":{\"@id\":\"https:\\\/\\\/fuentesfidedignas.com.mx\\\/index.php\\\/2024\\\/07\\\/20\\\/cuatro-detenidos-dos-de-ellos-mexicanos-por-fabricacion-y-trafico-de-drogas-en-sudafrica\\\/#breadcrumb\"},\"inLanguage\":\"es\",\"potentialAction\":[{\"@type\":\"ReadAction\",\"target\":[\"https:\\\/\\\/fuentesfidedignas.com.mx\\\/index.php\\\/2024\\\/07\\\/20\\\/cuatro-detenidos-dos-de-ellos-mexicanos-por-fabricacion-y-trafico-de-drogas-en-sudafrica\\\/\"]}]},{\"@type\":\"ImageObject\",\"inLanguage\":\"es\",\"@id\":\"https:\\\/\\\/fuentesfidedignas.com.mx\\\/index.php\\\/2024\\\/07\\\/20\\\/cuatro-detenidos-dos-de-ellos-mexicanos-por-fabricacion-y-trafico-de-drogas-en-sudafrica\\\/#primaryimage\",\"url\":\"https:\\\/\\\/fuentesfidedignas.com.mx\\\/wp-content\\\/uploads\\\/2024\\\/07\\\/img_0609-1.jpg\",\"contentUrl\":\"https:\\\/\\\/fuentesfidedignas.com.mx\\\/wp-content\\\/uploads\\\/2024\\\/07\\\/img_0609-1.jpg\",\"width\":1280,\"height\":960},{\"@type\":\"BreadcrumbList\",\"@id\":\"https:\\\/\\\/fuentesfidedignas.com.mx\\\/index.php\\\/2024\\\/07\\\/20\\\/cuatro-detenidos-dos-de-ellos-mexicanos-por-fabricacion-y-trafico-de-drogas-en-sudafrica\\\/#breadcrumb\",\"itemListElement\":[{\"@type\":\"ListItem\",\"position\":1,\"name\":\"Inicio\",\"item\":\"https:\\\/\\\/fuentesfidedignas.com.mx\\\/\"},{\"@type\":\"ListItem\",\"position\":2,\"name\":\"Cuatro detenidos, dos de ellos mexicanos, por fabricaci\u00f3n y tr\u00e1fico de drogas en Sud\u00e1frica\"}]},{\"@type\":\"WebSite\",\"@id\":\"https:\\\/\\\/fuentesfidedignas.com.mx\\\/#website\",\"url\":\"https:\\\/\\\/fuentesfidedignas.com.mx\\\/\",\"name\":\"Fuentes Fidedignas\",\"description\":\"Otro sitio realizado con WordPress\",\"publisher\":{\"@id\":\"https:\\\/\\\/fuentesfidedignas.com.mx\\\/#organization\"},\"potentialAction\":[{\"@type\":\"SearchAction\",\"target\":{\"@type\":\"EntryPoint\",\"urlTemplate\":\"https:\\\/\\\/fuentesfidedignas.com.mx\\\/?s={search_term_string}\"},\"query-input\":{\"@type\":\"PropertyValueSpecification\",\"valueRequired\":true,\"valueName\":\"search_term_string\"}}],\"inLanguage\":\"es\"},{\"@type\":\"Organization\",\"@id\":\"https:\\\/\\\/fuentesfidedignas.com.mx\\\/#organization\",\"name\":\"Fuentes Fidedignas\",\"url\":\"https:\\\/\\\/fuentesfidedignas.com.mx\\\/\",\"logo\":{\"@type\":\"ImageObject\",\"inLanguage\":\"es\",\"@id\":\"https:\\\/\\\/fuentesfidedignas.com.mx\\\/#\\\/schema\\\/logo\\\/image\\\/\",\"url\":\"https:\\\/\\\/fuentesfidedignas.com.mx\\\/wp-content\\\/uploads\\\/2021\\\/04\\\/logo-retina.png\",\"contentUrl\":\"https:\\\/\\\/fuentesfidedignas.com.mx\\\/wp-content\\\/uploads\\\/2021\\\/04\\\/logo-retina.png\",\"width\":280,\"height\":51,\"caption\":\"Fuentes Fidedignas\"},\"image\":{\"@id\":\"https:\\\/\\\/fuentesfidedignas.com.mx\\\/#\\\/schema\\\/logo\\\/image\\\/\"},\"sameAs\":[\"https:\\\/\\\/www.facebook.com\\\/Fuentes-Fidedignas-368234489921644\",\"https:\\\/\\\/x.com\\\/fidedignas\"]},{\"@type\":\"Person\",\"@id\":\"https:\\\/\\\/fuentesfidedignas.com.mx\\\/#\\\/schema\\\/person\\\/67d852f0557c8509146a4b9ddebd543a\",\"name\":\"L\u00f3pez D\u00f3riga\",\"image\":{\"@type\":\"ImageObject\",\"inLanguage\":\"es\",\"@id\":\"https:\\\/\\\/secure.gravatar.com\\\/avatar\\\/e525b06574ca18b33cded59dfe5778d6c823b9513154eff47da551b0551bdd1e?s=96&d=mm&r=g\",\"url\":\"https:\\\/\\\/secure.gravatar.com\\\/avatar\\\/e525b06574ca18b33cded59dfe5778d6c823b9513154eff47da551b0551bdd1e?s=96&d=mm&r=g\",\"contentUrl\":\"https:\\\/\\\/secure.gravatar.com\\\/avatar\\\/e525b06574ca18b33cded59dfe5778d6c823b9513154eff47da551b0551bdd1e?s=96&d=mm&r=g\",\"caption\":\"L\u00f3pez D\u00f3riga\"},\"url\":\"https:\\\/\\\/fuentesfidedignas.com.mx\\\/index.php\\\/author\\\/doriga\\\/\"}]}<\/script>\n<!-- \/ Yoast SEO plugin. -->","yoast_head_json":{"title":"Cuatro detenidos, dos de ellos mexicanos, por fabricaci\u00f3n y tr\u00e1fico de drogas en Sud\u00e1frica - Fuentes Fidedignas","robots":{"index":"index","follow":"follow","max-snippet":"max-snippet:-1","max-image-preview":"max-image-preview:large","max-video-preview":"max-video-preview:-1"},"canonical":"https:\/\/fuentesfidedignas.com.mx\/index.php\/2024\/07\/20\/cuatro-detenidos-dos-de-ellos-mexicanos-por-fabricacion-y-trafico-de-drogas-en-sudafrica\/","og_locale":"es_MX","og_type":"article","og_title":"Cuatro detenidos, dos de ellos mexicanos, por fabricaci\u00f3n y tr\u00e1fico de drogas en Sud\u00e1frica - Fuentes Fidedignas","og_description":"Los cuatro detenidos, dos ciudadanos mexicanos, fueron detenidos en Sud\u00e1frica tras el hallazgo de un laboratorio clandestino de drogas Cuatro personas, incluyendo dos ciudadanos mexicanos, fueron detenidos en Sud\u00e1frica tras el hallazgo de un laboratorio clandestino de drogas \u201cmultimillonario\u201d en el norte del pa\u00eds, en la provincia de Limpopo, inform\u00f3 la Polic\u00eda sudafricana. \u201cEn la [&hellip;]","og_url":"https:\/\/fuentesfidedignas.com.mx\/index.php\/2024\/07\/20\/cuatro-detenidos-dos-de-ellos-mexicanos-por-fabricacion-y-trafico-de-drogas-en-sudafrica\/","og_site_name":"Fuentes Fidedignas","article_publisher":"https:\/\/www.facebook.com\/Fuentes-Fidedignas-368234489921644","article_published_time":"2024-07-20T16:20:00+00:00","article_modified_time":"2024-07-20T18:54:47+00:00","og_image":[{"width":1280,"height":960,"url":"https:\/\/fuentesfidedignas.com.mx\/wp-content\/uploads\/2024\/07\/img_0609-1.jpg","type":"image\/jpeg"}],"author":"L\u00f3pez D\u00f3riga","twitter_card":"summary_large_image","twitter_creator":"@fidedignas","twitter_site":"@fidedignas","twitter_misc":{"Escrito por":"L\u00f3pez D\u00f3riga","Tiempo de lectura":"1 minuto"},"schema":{"@context":"https:\/\/schema.org","@graph":[{"@type":"Article","@id":"https:\/\/fuentesfidedignas.com.mx\/index.php\/2024\/07\/20\/cuatro-detenidos-dos-de-ellos-mexicanos-por-fabricacion-y-trafico-de-drogas-en-sudafrica\/#article","isPartOf":{"@id":"https:\/\/fuentesfidedignas.com.mx\/index.php\/2024\/07\/20\/cuatro-detenidos-dos-de-ellos-mexicanos-por-fabricacion-y-trafico-de-drogas-en-sudafrica\/"},"author":{"name":"L\u00f3pez D\u00f3riga","@id":"https:\/\/fuentesfidedignas.com.mx\/#\/schema\/person\/67d852f0557c8509146a4b9ddebd543a"},"headline":"Cuatro detenidos, dos de ellos mexicanos, por fabricaci\u00f3n y tr\u00e1fico de drogas en Sud\u00e1frica","datePublished":"2024-07-20T16:20:00+00:00","dateModified":"2024-07-20T18:54:47+00:00","mainEntityOfPage":{"@id":"https:\/\/fuentesfidedignas.com.mx\/index.php\/2024\/07\/20\/cuatro-detenidos-dos-de-ellos-mexicanos-por-fabricacion-y-trafico-de-drogas-en-sudafrica\/"},"wordCount":256,"publisher":{"@id":"https:\/\/fuentesfidedignas.com.mx\/#organization"},"image":{"@id":"https:\/\/fuentesfidedignas.com.mx\/index.php\/2024\/07\/20\/cuatro-detenidos-dos-de-ellos-mexicanos-por-fabricacion-y-trafico-de-drogas-en-sudafrica\/#primaryimage"},"thumbnailUrl":"https:\/\/fuentesfidedignas.com.mx\/wp-content\/uploads\/2024\/07\/img_0609-1.jpg","articleSection":["NOTICIAS NACIONALES"],"inLanguage":"es"},{"@type":"WebPage","@id":"https:\/\/fuentesfidedignas.com.mx\/index.php\/2024\/07\/20\/cuatro-detenidos-dos-de-ellos-mexicanos-por-fabricacion-y-trafico-de-drogas-en-sudafrica\/","url":"https:\/\/fuentesfidedignas.com.mx\/index.php\/2024\/07\/20\/cuatro-detenidos-dos-de-ellos-mexicanos-por-fabricacion-y-trafico-de-drogas-en-sudafrica\/","name":"Cuatro detenidos, dos de ellos mexicanos, por fabricaci\u00f3n y tr\u00e1fico de drogas en Sud\u00e1frica - Fuentes Fidedignas","isPartOf":{"@id":"https:\/\/fuentesfidedignas.com.mx\/#website"},"primaryImageOfPage":{"@id":"https:\/\/fuentesfidedignas.com.mx\/index.php\/2024\/07\/20\/cuatro-detenidos-dos-de-ellos-mexicanos-por-fabricacion-y-trafico-de-drogas-en-sudafrica\/#primaryimage"},"image":{"@id":"https:\/\/fuentesfidedignas.com.mx\/index.php\/2024\/07\/20\/cuatro-detenidos-dos-de-ellos-mexicanos-por-fabricacion-y-trafico-de-drogas-en-sudafrica\/#primaryimage"},"thumbnailUrl":"https:\/\/fuentesfidedignas.com.mx\/wp-content\/uploads\/2024\/07\/img_0609-1.jpg","datePublished":"2024-07-20T16:20:00+00:00","dateModified":"2024-07-20T18:54:47+00:00","breadcrumb":{"@id":"https:\/\/fuentesfidedignas.com.mx\/index.php\/2024\/07\/20\/cuatro-detenidos-dos-de-ellos-mexicanos-por-fabricacion-y-trafico-de-drogas-en-sudafrica\/#breadcrumb"},"inLanguage":"es","potentialAction":[{"@type":"ReadAction","target":["https:\/\/fuentesfidedignas.com.mx\/index.php\/2024\/07\/20\/cuatro-detenidos-dos-de-ellos-mexicanos-por-fabricacion-y-trafico-de-drogas-en-sudafrica\/"]}]},{"@type":"ImageObject","inLanguage":"es","@id":"https:\/\/fuentesfidedignas.com.mx\/index.php\/2024\/07\/20\/cuatro-detenidos-dos-de-ellos-mexicanos-por-fabricacion-y-trafico-de-drogas-en-sudafrica\/#primaryimage","url":"https:\/\/fuentesfidedignas.com.mx\/wp-content\/uploads\/2024\/07\/img_0609-1.jpg","contentUrl":"https:\/\/fuentesfidedignas.com.mx\/wp-content\/uploads\/2024\/07\/img_0609-1.jpg","width":1280,"height":960},{"@type":"BreadcrumbList","@id":"https:\/\/fuentesfidedignas.com.mx\/index.php\/2024\/07\/20\/cuatro-detenidos-dos-de-ellos-mexicanos-por-fabricacion-y-trafico-de-drogas-en-sudafrica\/#breadcrumb","itemListElement":[{"@type":"ListItem","position":1,"name":"Inicio","item":"https:\/\/fuentesfidedignas.com.mx\/"},{"@type":"ListItem","position":2,"name":"Cuatro detenidos, dos de ellos mexicanos, por fabricaci\u00f3n y tr\u00e1fico de drogas en Sud\u00e1frica"}]},{"@type":"WebSite","@id":"https:\/\/fuentesfidedignas.com.mx\/#website","url":"https:\/\/fuentesfidedignas.com.mx\/","name":"Fuentes Fidedignas","description":"Otro sitio realizado con WordPress","publisher":{"@id":"https:\/\/fuentesfidedignas.com.mx\/#organization"},"potentialAction":[{"@type":"SearchAction","target":{"@type":"EntryPoint","urlTemplate":"https:\/\/fuentesfidedignas.com.mx\/?s={search_term_string}"},"query-input":{"@type":"PropertyValueSpecification","valueRequired":true,"valueName":"search_term_string"}}],"inLanguage":"es"},{"@type":"Organization","@id":"https:\/\/fuentesfidedignas.com.mx\/#organization","name":"Fuentes Fidedignas","url":"https:\/\/fuentesfidedignas.com.mx\/","logo":{"@type":"ImageObject","inLanguage":"es","@id":"https:\/\/fuentesfidedignas.com.mx\/#\/schema\/logo\/image\/","url":"https:\/\/fuentesfidedignas.com.mx\/wp-content\/uploads\/2021\/04\/logo-retina.png","contentUrl":"https:\/\/fuentesfidedignas.com.mx\/wp-content\/uploads\/2021\/04\/logo-retina.png","width":280,"height":51,"caption":"Fuentes Fidedignas"},"image":{"@id":"https:\/\/fuentesfidedignas.com.mx\/#\/schema\/logo\/image\/"},"sameAs":["https:\/\/www.facebook.com\/Fuentes-Fidedignas-368234489921644","https:\/\/x.com\/fidedignas"]},{"@type":"Person","@id":"https:\/\/fuentesfidedignas.com.mx\/#\/schema\/person\/67d852f0557c8509146a4b9ddebd543a","name":"L\u00f3pez D\u00f3riga","image":{"@type":"ImageObject","inLanguage":"es","@id":"https:\/\/secure.gravatar.com\/avatar\/e525b06574ca18b33cded59dfe5778d6c823b9513154eff47da551b0551bdd1e?s=96&d=mm&r=g","url":"https:\/\/secure.gravatar.com\/avatar\/e525b06574ca18b33cded59dfe5778d6c823b9513154eff47da551b0551bdd1e?s=96&d=mm&r=g","contentUrl":"https:\/\/secure.gravatar.com\/avatar\/e525b06574ca18b33cded59dfe5778d6c823b9513154eff47da551b0551bdd1e?s=96&d=mm&r=g","caption":"L\u00f3pez D\u00f3riga"},"url":"https:\/\/fuentesfidedignas.com.mx\/index.php\/author\/doriga\/"}]}},"_links":{"self":[{"href":"https:\/\/fuentesfidedignas.com.mx\/index.php\/wp-json\/wp\/v2\/posts\/86942","targetHints":{"allow":["GET"]}}],"collection":[{"href":"https:\/\/fuentesfidedignas.com.mx\/index.php\/wp-json\/wp\/v2\/posts"}],"about":[{"href":"https:\/\/fuentesfidedignas.com.mx\/index.php\/wp-json\/wp\/v2\/types\/post"}],"author":[{"embeddable":true,"href":"https:\/\/fuentesfidedignas.com.mx\/index.php\/wp-json\/wp\/v2\/users\/47"}],"replies":[{"embeddable":true,"href":"https:\/\/fuentesfidedignas.com.mx\/index.php\/wp-json\/wp\/v2\/comments?post=86942"}],"version-history":[{"count":1,"href":"https:\/\/fuentesfidedignas.com.mx\/index.php\/wp-json\/wp\/v2\/posts\/86942\/revisions"}],"predecessor-version":[{"id":86943,"href":"https:\/\/fuentesfidedignas.com.mx\/index.php\/wp-json\/wp\/v2\/posts\/86942\/revisions\/86943"}],"wp:featuredmedia":[{"embeddable":true,"href":"https:\/\/fuentesfidedignas.com.mx\/index.php\/wp-json\/wp\/v2\/media\/86941"}],"wp:attachment":[{"href":"https:\/\/fuentesfidedignas.com.mx\/index.php\/wp-json\/wp\/v2\/media?parent=86942"}],"wp:term":[{"taxonomy":"category","embeddable":true,"href":"https:\/\/fuentesfidedignas.com.mx\/index.php\/wp-json\/wp\/v2\/categories?post=86942"},{"taxonomy":"post_tag","embeddable":true,"href":"https:\/\/fuentesfidedignas.com.mx\/index.php\/wp-json\/wp\/v2\/tags?post=86942"}],"curies":[{"name":"wp","href":"https:\/\/api.w.org\/{rel}","templated":true}]}}