{"id":86912,"date":"2024-07-19T13:49:57","date_gmt":"2024-07-19T20:49:57","guid":{"rendered":"https:\/\/fuentesfidedignas.com.mx\/?p=86912"},"modified":"2024-07-19T13:49:57","modified_gmt":"2024-07-19T20:49:57","slug":"la-enigmatica-figura-del-che-guevara","status":"publish","type":"post","link":"https:\/\/fuentesfidedignas.com.mx\/index.php\/2024\/07\/19\/la-enigmatica-figura-del-che-guevara\/","title":{"rendered":"La enigm\u00e1tica figura del Che Guevara"},"content":{"rendered":"\n<p>Ernesto &#8220;Che&#8221; Guevara, un nombre que resuena en los anales de la historia como un trueno lejano. \u00bfQui\u00e9n fue realmente este hombre que ha dejado una huella tan profunda en el imaginario colectivo? M\u00e9dico, guerrillero, revolucionario\u2026 Su vida fue un torbellino de ideales y contradicciones que a\u00fan hoy despiertan pasiones encontradas.<\/p>\n\n\n\n<p>Nacido en Rosario, Argentina, en 1928, el joven Ernesto pronto sinti\u00f3 el llamado de la aventura y la justicia social. \u00bfQu\u00e9 impulsa a un estudiante de medicina a abandonar una vida c\u00f3moda para embarcarse en un viaje que cambiar\u00eda el rumbo de su existencia? Quiz\u00e1s fue ese primer contacto con la cruda realidad latinoamericana durante su viaje en motocicleta lo que encendi\u00f3 la chispa revolucionaria en su interior.<\/p>\n\n\n\n<p>Su encuentro con Fidel Castro en M\u00e9xico fue el catalizador que transform\u00f3 al idealista Guevara en el legendario &#8220;Che&#8221;. Juntos, desembarcaron en Cuba en 1956, dando inicio a una revoluci\u00f3n que sacudir\u00eda los cimientos del continente. El Che se convirti\u00f3 en la encarnaci\u00f3n del &#8220;hombre nuevo&#8221; que \u00e9l mismo predicaba: austero, sacrificado, entregado a la causa revolucionaria.<\/p>\n\n\n\n<p>Pero la historia, como siempre, es m\u00e1s compleja de lo que parece a simple vista. En los \u00faltimos a\u00f1os, se ha levantado una polvareda de acusaciones contra el Che, entre ellas, la de ser hom\u00f3fobo. \u00bfDe d\u00f3nde surge esta difamaci\u00f3n? La respuesta nos lleva por un laberinto de citas descontextualizadas y fuentes dudosas. <\/p>\n\n\n\n<p>La supuesta homofobia del Che parece ser m\u00e1s un producto de la instrumentalizaci\u00f3n ideol\u00f3gica que de evidencias concretas. <\/p>\n\n\n\n<p>\u00bfAcaso no es parad\u00f3jico que quienes m\u00e1s insisten en esta acusaci\u00f3n sean a menudo los mismos que profesan ideas abiertamente discriminatorias? Es como si la figura del Che se hubiera convertido en un lienzo en blanco donde cada uno proyecta sus propios prejuicios y temores.<\/p>\n\n\n\n<p>La \u00fanica cita directamente atribuible a Guevara que podr\u00eda considerarse hom\u00f3foba data de su juventud, cuando a\u00fan no hab\u00eda desarrollado su pensamiento revolucionario. \u00bfEs justo juzgar a un hombre por unas palabras escritas a los 23 a\u00f1os? \u00bfNo deber\u00edamos m\u00e1s bien evaluar sus acciones y su legado en su conjunto?<\/p>\n\n\n\n<p>La derecha, en su af\u00e1n por desacreditar a un \u00edcono de la lucha social, ha orquestado una campa\u00f1a de odio que raya en lo absurdo. \u00bfPor qu\u00e9 tanto empe\u00f1o en demonizar a un hombre muerto hace m\u00e1s de medio siglo? Quiz\u00e1s porque el Che representa todo lo que temen: el desaf\u00edo al statu quo, la lucha contra la injusticia, la posibilidad de un mundo diferente.<\/p>\n\n\n\n<p>Esta instrumentalizaci\u00f3n de la figura del Che nos lleva a reflexionar sobre la naturaleza misma de la raz\u00f3n y la est\u00e9tica en la pol\u00edtica. \u00bfNo estamos acaso ante un ejemplo claro de lo que Theodor Adorno llamar\u00eda la &#8220;instrumentalizaci\u00f3n de la raz\u00f3n&#8221;? Se utiliza una supuesta racionalidad para justificar fines ideol\u00f3gicos, pervirtiendo as\u00ed el prop\u00f3sito mismo del pensamiento cr\u00edtico.<\/p>\n\n\n\n<p>Al final, el Che Guevara sigue siendo un enigma, un s\u00edmbolo cuyo significado cambia seg\u00fan quien lo interprete. \u00bfH\u00e9roe o villano? \u00bfRevolucionario o tirano? Quiz\u00e1s la verdad, como siempre, se encuentra en alg\u00fan punto intermedio. Lo que es innegable es su impacto en la historia y en el imaginario colectivo.<\/p>\n\n\n\n<p>En un mundo cada vez m\u00e1s polarizado, tal vez lo que necesitamos es menos juicios apresurados y m\u00e1s comprensi\u00f3n de la complejidad humana. El Che, con todas sus luces y sombras, nos recuerda que la historia no es blanca o negra, sino un intrincado tapiz de grises.<\/p>\n\n\n\n<p>\u00bfQu\u00e9 lecciones podemos extraer de la vida y el legado del Che Guevara? Quiz\u00e1s la m\u00e1s importante sea la de cuestionar siempre, de no aceptar las verdades prefabricadas que nos ofrecen. Porque, al final, como el mismo Che escribi\u00f3: &#8220;<em>Sean siempre capaces de sentir en lo m\u00e1s hondo cualquier injusticia cometida contra cualquiera en cualquier parte del mundo<\/em>&#8220;.<\/p>\n","protected":false},"excerpt":{"rendered":"<p>Ernesto &#8220;Che&#8221; Guevara, un nombre que resuena en los anales de la historia como un trueno lejano. \u00bfQui\u00e9n fue realmente este hombre que ha dejado una huella tan profunda en el imaginario colectivo? M\u00e9dico, guerrillero, revolucionario\u2026 Su vida fue un torbellino de ideales y contradicciones que a\u00fan hoy despiertan pasiones encontradas. Nacido en Rosario, Argentina, [&hellip;]<\/p>\n","protected":false},"author":146,"featured_media":86911,"comment_status":"closed","ping_status":"open","sticky":false,"template":"","format":"standard","meta":{"tdm_status":"","tdm_grid_status":"","footnotes":""},"categories":[3064,3089],"tags":[],"class_list":{"0":"post-86912","1":"post","2":"type-post","3":"status-publish","4":"format-standard","5":"has-post-thumbnail","7":"category-columnas","8":"category-nutriendo-la-mente"},"yoast_head":"<!-- This site is optimized with the Yoast SEO plugin v27.5 - https:\/\/yoast.com\/product\/yoast-seo-wordpress\/ -->\n<title>La enigm\u00e1tica figura del Che Guevara - Fuentes Fidedignas<\/title>\n<meta name=\"robots\" content=\"index, follow, max-snippet:-1, max-image-preview:large, max-video-preview:-1\" \/>\n<link rel=\"canonical\" href=\"https:\/\/fuentesfidedignas.com.mx\/index.php\/2024\/07\/19\/la-enigmatica-figura-del-che-guevara\/\" \/>\n<meta property=\"og:locale\" content=\"es_MX\" \/>\n<meta property=\"og:type\" content=\"article\" \/>\n<meta property=\"og:title\" content=\"La enigm\u00e1tica figura del Che Guevara - Fuentes Fidedignas\" \/>\n<meta property=\"og:description\" content=\"Ernesto &#8220;Che&#8221; Guevara, un nombre que resuena en los anales de la historia como un trueno lejano. \u00bfQui\u00e9n fue realmente este hombre que ha dejado una huella tan profunda en el imaginario colectivo? M\u00e9dico, guerrillero, revolucionario\u2026 Su vida fue un torbellino de ideales y contradicciones que a\u00fan hoy despiertan pasiones encontradas. Nacido en Rosario, Argentina, [&hellip;]\" \/>\n<meta property=\"og:url\" content=\"https:\/\/fuentesfidedignas.com.mx\/index.php\/2024\/07\/19\/la-enigmatica-figura-del-che-guevara\/\" \/>\n<meta property=\"og:site_name\" content=\"Fuentes Fidedignas\" \/>\n<meta property=\"article:publisher\" content=\"https:\/\/www.facebook.com\/Fuentes-Fidedignas-368234489921644\" \/>\n<meta property=\"article:published_time\" content=\"2024-07-19T20:49:57+00:00\" \/>\n<meta property=\"og:image\" content=\"https:\/\/fuentesfidedignas.com.mx\/wp-content\/uploads\/2024\/07\/560f6fee-e078-454d-b5b6-ee9e3fb7d470-1.jpg\" \/>\n\t<meta property=\"og:image:width\" content=\"1600\" \/>\n\t<meta property=\"og:image:height\" content=\"1066\" \/>\n\t<meta property=\"og:image:type\" content=\"image\/jpeg\" \/>\n<meta name=\"author\" content=\"Mtro. Horacio de Jes\u00fas Malcampo Moreno\" \/>\n<meta name=\"twitter:card\" content=\"summary_large_image\" \/>\n<meta name=\"twitter:creator\" content=\"@fidedignas\" \/>\n<meta name=\"twitter:site\" content=\"@fidedignas\" \/>\n<meta name=\"twitter:label1\" content=\"Escrito por\" \/>\n\t<meta name=\"twitter:data1\" content=\"Mtro. Horacio de Jes\u00fas Malcampo Moreno\" \/>\n\t<meta name=\"twitter:label2\" content=\"Tiempo de lectura\" \/>\n\t<meta name=\"twitter:data2\" content=\"3 minutos\" \/>\n<script type=\"application\/ld+json\" class=\"yoast-schema-graph\">{\"@context\":\"https:\\\/\\\/schema.org\",\"@graph\":[{\"@type\":\"Article\",\"@id\":\"https:\\\/\\\/fuentesfidedignas.com.mx\\\/index.php\\\/2024\\\/07\\\/19\\\/la-enigmatica-figura-del-che-guevara\\\/#article\",\"isPartOf\":{\"@id\":\"https:\\\/\\\/fuentesfidedignas.com.mx\\\/index.php\\\/2024\\\/07\\\/19\\\/la-enigmatica-figura-del-che-guevara\\\/\"},\"author\":{\"name\":\"Mtro. Horacio de Jes\u00fas Malcampo Moreno\",\"@id\":\"https:\\\/\\\/fuentesfidedignas.com.mx\\\/#\\\/schema\\\/person\\\/3f687c55082c557a647c7836bde45728\"},\"headline\":\"La enigm\u00e1tica figura del Che Guevara\",\"datePublished\":\"2024-07-19T20:49:57+00:00\",\"mainEntityOfPage\":{\"@id\":\"https:\\\/\\\/fuentesfidedignas.com.mx\\\/index.php\\\/2024\\\/07\\\/19\\\/la-enigmatica-figura-del-che-guevara\\\/\"},\"wordCount\":680,\"publisher\":{\"@id\":\"https:\\\/\\\/fuentesfidedignas.com.mx\\\/#organization\"},\"image\":{\"@id\":\"https:\\\/\\\/fuentesfidedignas.com.mx\\\/index.php\\\/2024\\\/07\\\/19\\\/la-enigmatica-figura-del-che-guevara\\\/#primaryimage\"},\"thumbnailUrl\":\"https:\\\/\\\/fuentesfidedignas.com.mx\\\/wp-content\\\/uploads\\\/2024\\\/07\\\/560f6fee-e078-454d-b5b6-ee9e3fb7d470-1.jpg\",\"articleSection\":[\"COLUMNAS\",\"NUTRIENDO LA MENTE\"],\"inLanguage\":\"es\"},{\"@type\":\"WebPage\",\"@id\":\"https:\\\/\\\/fuentesfidedignas.com.mx\\\/index.php\\\/2024\\\/07\\\/19\\\/la-enigmatica-figura-del-che-guevara\\\/\",\"url\":\"https:\\\/\\\/fuentesfidedignas.com.mx\\\/index.php\\\/2024\\\/07\\\/19\\\/la-enigmatica-figura-del-che-guevara\\\/\",\"name\":\"La enigm\u00e1tica figura del Che Guevara - Fuentes Fidedignas\",\"isPartOf\":{\"@id\":\"https:\\\/\\\/fuentesfidedignas.com.mx\\\/#website\"},\"primaryImageOfPage\":{\"@id\":\"https:\\\/\\\/fuentesfidedignas.com.mx\\\/index.php\\\/2024\\\/07\\\/19\\\/la-enigmatica-figura-del-che-guevara\\\/#primaryimage\"},\"image\":{\"@id\":\"https:\\\/\\\/fuentesfidedignas.com.mx\\\/index.php\\\/2024\\\/07\\\/19\\\/la-enigmatica-figura-del-che-guevara\\\/#primaryimage\"},\"thumbnailUrl\":\"https:\\\/\\\/fuentesfidedignas.com.mx\\\/wp-content\\\/uploads\\\/2024\\\/07\\\/560f6fee-e078-454d-b5b6-ee9e3fb7d470-1.jpg\",\"datePublished\":\"2024-07-19T20:49:57+00:00\",\"breadcrumb\":{\"@id\":\"https:\\\/\\\/fuentesfidedignas.com.mx\\\/index.php\\\/2024\\\/07\\\/19\\\/la-enigmatica-figura-del-che-guevara\\\/#breadcrumb\"},\"inLanguage\":\"es\",\"potentialAction\":[{\"@type\":\"ReadAction\",\"target\":[\"https:\\\/\\\/fuentesfidedignas.com.mx\\\/index.php\\\/2024\\\/07\\\/19\\\/la-enigmatica-figura-del-che-guevara\\\/\"]}]},{\"@type\":\"ImageObject\",\"inLanguage\":\"es\",\"@id\":\"https:\\\/\\\/fuentesfidedignas.com.mx\\\/index.php\\\/2024\\\/07\\\/19\\\/la-enigmatica-figura-del-che-guevara\\\/#primaryimage\",\"url\":\"https:\\\/\\\/fuentesfidedignas.com.mx\\\/wp-content\\\/uploads\\\/2024\\\/07\\\/560f6fee-e078-454d-b5b6-ee9e3fb7d470-1.jpg\",\"contentUrl\":\"https:\\\/\\\/fuentesfidedignas.com.mx\\\/wp-content\\\/uploads\\\/2024\\\/07\\\/560f6fee-e078-454d-b5b6-ee9e3fb7d470-1.jpg\",\"width\":1600,\"height\":1066},{\"@type\":\"BreadcrumbList\",\"@id\":\"https:\\\/\\\/fuentesfidedignas.com.mx\\\/index.php\\\/2024\\\/07\\\/19\\\/la-enigmatica-figura-del-che-guevara\\\/#breadcrumb\",\"itemListElement\":[{\"@type\":\"ListItem\",\"position\":1,\"name\":\"Inicio\",\"item\":\"https:\\\/\\\/fuentesfidedignas.com.mx\\\/\"},{\"@type\":\"ListItem\",\"position\":2,\"name\":\"La enigm\u00e1tica figura del Che Guevara\"}]},{\"@type\":\"WebSite\",\"@id\":\"https:\\\/\\\/fuentesfidedignas.com.mx\\\/#website\",\"url\":\"https:\\\/\\\/fuentesfidedignas.com.mx\\\/\",\"name\":\"Fuentes Fidedignas\",\"description\":\"Otro sitio realizado con WordPress\",\"publisher\":{\"@id\":\"https:\\\/\\\/fuentesfidedignas.com.mx\\\/#organization\"},\"potentialAction\":[{\"@type\":\"SearchAction\",\"target\":{\"@type\":\"EntryPoint\",\"urlTemplate\":\"https:\\\/\\\/fuentesfidedignas.com.mx\\\/?s={search_term_string}\"},\"query-input\":{\"@type\":\"PropertyValueSpecification\",\"valueRequired\":true,\"valueName\":\"search_term_string\"}}],\"inLanguage\":\"es\"},{\"@type\":\"Organization\",\"@id\":\"https:\\\/\\\/fuentesfidedignas.com.mx\\\/#organization\",\"name\":\"Fuentes Fidedignas\",\"url\":\"https:\\\/\\\/fuentesfidedignas.com.mx\\\/\",\"logo\":{\"@type\":\"ImageObject\",\"inLanguage\":\"es\",\"@id\":\"https:\\\/\\\/fuentesfidedignas.com.mx\\\/#\\\/schema\\\/logo\\\/image\\\/\",\"url\":\"https:\\\/\\\/fuentesfidedignas.com.mx\\\/wp-content\\\/uploads\\\/2021\\\/04\\\/logo-retina.png\",\"contentUrl\":\"https:\\\/\\\/fuentesfidedignas.com.mx\\\/wp-content\\\/uploads\\\/2021\\\/04\\\/logo-retina.png\",\"width\":280,\"height\":51,\"caption\":\"Fuentes Fidedignas\"},\"image\":{\"@id\":\"https:\\\/\\\/fuentesfidedignas.com.mx\\\/#\\\/schema\\\/logo\\\/image\\\/\"},\"sameAs\":[\"https:\\\/\\\/www.facebook.com\\\/Fuentes-Fidedignas-368234489921644\",\"https:\\\/\\\/x.com\\\/fidedignas\"]},{\"@type\":\"Person\",\"@id\":\"https:\\\/\\\/fuentesfidedignas.com.mx\\\/#\\\/schema\\\/person\\\/3f687c55082c557a647c7836bde45728\",\"name\":\"Mtro. Horacio de Jes\u00fas Malcampo Moreno\",\"image\":{\"@type\":\"ImageObject\",\"inLanguage\":\"es\",\"@id\":\"https:\\\/\\\/secure.gravatar.com\\\/avatar\\\/21fd667a5b9de079d383e44390566d4c728a6ce47b9b5e8419c61f1b793461ac?s=96&d=mm&r=g\",\"url\":\"https:\\\/\\\/secure.gravatar.com\\\/avatar\\\/21fd667a5b9de079d383e44390566d4c728a6ce47b9b5e8419c61f1b793461ac?s=96&d=mm&r=g\",\"contentUrl\":\"https:\\\/\\\/secure.gravatar.com\\\/avatar\\\/21fd667a5b9de079d383e44390566d4c728a6ce47b9b5e8419c61f1b793461ac?s=96&d=mm&r=g\",\"caption\":\"Mtro. Horacio de Jes\u00fas Malcampo Moreno\"},\"url\":\"https:\\\/\\\/fuentesfidedignas.com.mx\\\/index.php\\\/author\\\/horacio\\\/\"}]}<\/script>\n<!-- \/ Yoast SEO plugin. -->","yoast_head_json":{"title":"La enigm\u00e1tica figura del Che Guevara - Fuentes Fidedignas","robots":{"index":"index","follow":"follow","max-snippet":"max-snippet:-1","max-image-preview":"max-image-preview:large","max-video-preview":"max-video-preview:-1"},"canonical":"https:\/\/fuentesfidedignas.com.mx\/index.php\/2024\/07\/19\/la-enigmatica-figura-del-che-guevara\/","og_locale":"es_MX","og_type":"article","og_title":"La enigm\u00e1tica figura del Che Guevara - Fuentes Fidedignas","og_description":"Ernesto &#8220;Che&#8221; Guevara, un nombre que resuena en los anales de la historia como un trueno lejano. \u00bfQui\u00e9n fue realmente este hombre que ha dejado una huella tan profunda en el imaginario colectivo? M\u00e9dico, guerrillero, revolucionario\u2026 Su vida fue un torbellino de ideales y contradicciones que a\u00fan hoy despiertan pasiones encontradas. Nacido en Rosario, Argentina, [&hellip;]","og_url":"https:\/\/fuentesfidedignas.com.mx\/index.php\/2024\/07\/19\/la-enigmatica-figura-del-che-guevara\/","og_site_name":"Fuentes Fidedignas","article_publisher":"https:\/\/www.facebook.com\/Fuentes-Fidedignas-368234489921644","article_published_time":"2024-07-19T20:49:57+00:00","og_image":[{"width":1600,"height":1066,"url":"https:\/\/fuentesfidedignas.com.mx\/wp-content\/uploads\/2024\/07\/560f6fee-e078-454d-b5b6-ee9e3fb7d470-1.jpg","type":"image\/jpeg"}],"author":"Mtro. Horacio de Jes\u00fas Malcampo Moreno","twitter_card":"summary_large_image","twitter_creator":"@fidedignas","twitter_site":"@fidedignas","twitter_misc":{"Escrito por":"Mtro. Horacio de Jes\u00fas Malcampo Moreno","Tiempo de lectura":"3 minutos"},"schema":{"@context":"https:\/\/schema.org","@graph":[{"@type":"Article","@id":"https:\/\/fuentesfidedignas.com.mx\/index.php\/2024\/07\/19\/la-enigmatica-figura-del-che-guevara\/#article","isPartOf":{"@id":"https:\/\/fuentesfidedignas.com.mx\/index.php\/2024\/07\/19\/la-enigmatica-figura-del-che-guevara\/"},"author":{"name":"Mtro. Horacio de Jes\u00fas Malcampo Moreno","@id":"https:\/\/fuentesfidedignas.com.mx\/#\/schema\/person\/3f687c55082c557a647c7836bde45728"},"headline":"La enigm\u00e1tica figura del Che Guevara","datePublished":"2024-07-19T20:49:57+00:00","mainEntityOfPage":{"@id":"https:\/\/fuentesfidedignas.com.mx\/index.php\/2024\/07\/19\/la-enigmatica-figura-del-che-guevara\/"},"wordCount":680,"publisher":{"@id":"https:\/\/fuentesfidedignas.com.mx\/#organization"},"image":{"@id":"https:\/\/fuentesfidedignas.com.mx\/index.php\/2024\/07\/19\/la-enigmatica-figura-del-che-guevara\/#primaryimage"},"thumbnailUrl":"https:\/\/fuentesfidedignas.com.mx\/wp-content\/uploads\/2024\/07\/560f6fee-e078-454d-b5b6-ee9e3fb7d470-1.jpg","articleSection":["COLUMNAS","NUTRIENDO LA MENTE"],"inLanguage":"es"},{"@type":"WebPage","@id":"https:\/\/fuentesfidedignas.com.mx\/index.php\/2024\/07\/19\/la-enigmatica-figura-del-che-guevara\/","url":"https:\/\/fuentesfidedignas.com.mx\/index.php\/2024\/07\/19\/la-enigmatica-figura-del-che-guevara\/","name":"La enigm\u00e1tica figura del Che Guevara - Fuentes Fidedignas","isPartOf":{"@id":"https:\/\/fuentesfidedignas.com.mx\/#website"},"primaryImageOfPage":{"@id":"https:\/\/fuentesfidedignas.com.mx\/index.php\/2024\/07\/19\/la-enigmatica-figura-del-che-guevara\/#primaryimage"},"image":{"@id":"https:\/\/fuentesfidedignas.com.mx\/index.php\/2024\/07\/19\/la-enigmatica-figura-del-che-guevara\/#primaryimage"},"thumbnailUrl":"https:\/\/fuentesfidedignas.com.mx\/wp-content\/uploads\/2024\/07\/560f6fee-e078-454d-b5b6-ee9e3fb7d470-1.jpg","datePublished":"2024-07-19T20:49:57+00:00","breadcrumb":{"@id":"https:\/\/fuentesfidedignas.com.mx\/index.php\/2024\/07\/19\/la-enigmatica-figura-del-che-guevara\/#breadcrumb"},"inLanguage":"es","potentialAction":[{"@type":"ReadAction","target":["https:\/\/fuentesfidedignas.com.mx\/index.php\/2024\/07\/19\/la-enigmatica-figura-del-che-guevara\/"]}]},{"@type":"ImageObject","inLanguage":"es","@id":"https:\/\/fuentesfidedignas.com.mx\/index.php\/2024\/07\/19\/la-enigmatica-figura-del-che-guevara\/#primaryimage","url":"https:\/\/fuentesfidedignas.com.mx\/wp-content\/uploads\/2024\/07\/560f6fee-e078-454d-b5b6-ee9e3fb7d470-1.jpg","contentUrl":"https:\/\/fuentesfidedignas.com.mx\/wp-content\/uploads\/2024\/07\/560f6fee-e078-454d-b5b6-ee9e3fb7d470-1.jpg","width":1600,"height":1066},{"@type":"BreadcrumbList","@id":"https:\/\/fuentesfidedignas.com.mx\/index.php\/2024\/07\/19\/la-enigmatica-figura-del-che-guevara\/#breadcrumb","itemListElement":[{"@type":"ListItem","position":1,"name":"Inicio","item":"https:\/\/fuentesfidedignas.com.mx\/"},{"@type":"ListItem","position":2,"name":"La enigm\u00e1tica figura del Che Guevara"}]},{"@type":"WebSite","@id":"https:\/\/fuentesfidedignas.com.mx\/#website","url":"https:\/\/fuentesfidedignas.com.mx\/","name":"Fuentes Fidedignas","description":"Otro sitio realizado con WordPress","publisher":{"@id":"https:\/\/fuentesfidedignas.com.mx\/#organization"},"potentialAction":[{"@type":"SearchAction","target":{"@type":"EntryPoint","urlTemplate":"https:\/\/fuentesfidedignas.com.mx\/?s={search_term_string}"},"query-input":{"@type":"PropertyValueSpecification","valueRequired":true,"valueName":"search_term_string"}}],"inLanguage":"es"},{"@type":"Organization","@id":"https:\/\/fuentesfidedignas.com.mx\/#organization","name":"Fuentes Fidedignas","url":"https:\/\/fuentesfidedignas.com.mx\/","logo":{"@type":"ImageObject","inLanguage":"es","@id":"https:\/\/fuentesfidedignas.com.mx\/#\/schema\/logo\/image\/","url":"https:\/\/fuentesfidedignas.com.mx\/wp-content\/uploads\/2021\/04\/logo-retina.png","contentUrl":"https:\/\/fuentesfidedignas.com.mx\/wp-content\/uploads\/2021\/04\/logo-retina.png","width":280,"height":51,"caption":"Fuentes Fidedignas"},"image":{"@id":"https:\/\/fuentesfidedignas.com.mx\/#\/schema\/logo\/image\/"},"sameAs":["https:\/\/www.facebook.com\/Fuentes-Fidedignas-368234489921644","https:\/\/x.com\/fidedignas"]},{"@type":"Person","@id":"https:\/\/fuentesfidedignas.com.mx\/#\/schema\/person\/3f687c55082c557a647c7836bde45728","name":"Mtro. Horacio de Jes\u00fas Malcampo Moreno","image":{"@type":"ImageObject","inLanguage":"es","@id":"https:\/\/secure.gravatar.com\/avatar\/21fd667a5b9de079d383e44390566d4c728a6ce47b9b5e8419c61f1b793461ac?s=96&d=mm&r=g","url":"https:\/\/secure.gravatar.com\/avatar\/21fd667a5b9de079d383e44390566d4c728a6ce47b9b5e8419c61f1b793461ac?s=96&d=mm&r=g","contentUrl":"https:\/\/secure.gravatar.com\/avatar\/21fd667a5b9de079d383e44390566d4c728a6ce47b9b5e8419c61f1b793461ac?s=96&d=mm&r=g","caption":"Mtro. Horacio de Jes\u00fas Malcampo Moreno"},"url":"https:\/\/fuentesfidedignas.com.mx\/index.php\/author\/horacio\/"}]}},"_links":{"self":[{"href":"https:\/\/fuentesfidedignas.com.mx\/index.php\/wp-json\/wp\/v2\/posts\/86912","targetHints":{"allow":["GET"]}}],"collection":[{"href":"https:\/\/fuentesfidedignas.com.mx\/index.php\/wp-json\/wp\/v2\/posts"}],"about":[{"href":"https:\/\/fuentesfidedignas.com.mx\/index.php\/wp-json\/wp\/v2\/types\/post"}],"author":[{"embeddable":true,"href":"https:\/\/fuentesfidedignas.com.mx\/index.php\/wp-json\/wp\/v2\/users\/146"}],"replies":[{"embeddable":true,"href":"https:\/\/fuentesfidedignas.com.mx\/index.php\/wp-json\/wp\/v2\/comments?post=86912"}],"version-history":[{"count":1,"href":"https:\/\/fuentesfidedignas.com.mx\/index.php\/wp-json\/wp\/v2\/posts\/86912\/revisions"}],"predecessor-version":[{"id":86913,"href":"https:\/\/fuentesfidedignas.com.mx\/index.php\/wp-json\/wp\/v2\/posts\/86912\/revisions\/86913"}],"wp:featuredmedia":[{"embeddable":true,"href":"https:\/\/fuentesfidedignas.com.mx\/index.php\/wp-json\/wp\/v2\/media\/86911"}],"wp:attachment":[{"href":"https:\/\/fuentesfidedignas.com.mx\/index.php\/wp-json\/wp\/v2\/media?parent=86912"}],"wp:term":[{"taxonomy":"category","embeddable":true,"href":"https:\/\/fuentesfidedignas.com.mx\/index.php\/wp-json\/wp\/v2\/categories?post=86912"},{"taxonomy":"post_tag","embeddable":true,"href":"https:\/\/fuentesfidedignas.com.mx\/index.php\/wp-json\/wp\/v2\/tags?post=86912"}],"curies":[{"name":"wp","href":"https:\/\/api.w.org\/{rel}","templated":true}]}}