{"id":86807,"date":"2024-07-18T13:46:50","date_gmt":"2024-07-18T20:46:50","guid":{"rendered":"https:\/\/fuentesfidedignas.com.mx\/?p=86807"},"modified":"2024-07-18T13:46:50","modified_gmt":"2024-07-18T20:46:50","slug":"obama-cree-que-biden-debe-reconsiderar-el-futuro-de-su-candidatura-washington-post","status":"publish","type":"post","link":"https:\/\/fuentesfidedignas.com.mx\/index.php\/2024\/07\/18\/obama-cree-que-biden-debe-reconsiderar-el-futuro-de-su-candidatura-washington-post\/","title":{"rendered":"Obama cree que Biden debe reconsiderar el futuro de su candidatura: Washington Post"},"content":{"rendered":"\n<p><strong><em>El expresidente estadounidense Barack Obama cree que las posibilidades de victoria de Biden \u201cse han reducido considerablemente\u201d<\/em><\/strong><\/p>\n\n\n\n<p>El expresidente estadounidense Barack Obama (2009-2017) ha dicho a sus c\u00edrculos cercanos que el actual mandatario, Joe Biden, debe \u201creconsiderar seriamente\u201d el futuro de su candidatura, seg\u00fan public\u00f3 este jueves The Washington Post.<\/p>\n\n\n\n<p>De acuerdo con el rotativo capitalino, Obama cree que las posibilidades de victoria de Biden \u201cse han reducido considerablemente\u201d.<\/p>\n\n\n\n<p>Obama ha conversado una sola vez con Biden desde el debate cara a cara con su rival republicano a la Casa Blanca, el expresidente Donald Trump, que encendi\u00f3 todas las alarmas en el Partido Dem\u00f3crata.<\/p>\n\n\n\n<p>Con quien s\u00ed ha estado en contacto Obama ha sido con la influyente dirigente dem\u00f3crata Nancy Pelosi, expresidenta de la C\u00e1mara de Representantes, que se ha mostrado cr\u00edptica en sus declaraciones p\u00fablicas sobre el futuro de Biden.<\/p>\n\n\n\n<p>De hecho, en privado, Pelosi le habr\u00eda dicho a Biden que no tiene posibilidades de ganarle a Trump en noviembre, seg\u00fan inform\u00f3 este jueves la CNN.<\/p>\n\n\n\n<p>Obama habr\u00eda expresado a c\u00edrculos cercanos su preocupaci\u00f3n por los n\u00fameros que muestran las encuestas, que dan una clara victoria a Trump, y por el hecho de que algunos donantes est\u00e9n abandonando al presidente.<\/p>\n\n\n\n<p>Biden se encuentra actualmente en aislamiento en su residencia de Delaware tras dar positivo por covid-19 el mi\u00e9rcoles, lo que le oblig\u00f3 a cancelar un discurso de campa\u00f1a ante la organizaci\u00f3n latina UnidosUS en el crucial estado de Nevada.<\/p>\n\n\n\n<p>En una entrevista grabada para Univisi\u00f3n antes de conocer su diagn\u00f3stico, el presidente reafirm\u00f3 su intenci\u00f3n de mantenerse en la contienda y rechaz\u00f3 los llamados de miembros de su partido, donantes y comentaristas televisivos para que ceda el testigo a un candidato m\u00e1s joven para enfrentarse a Trump en noviembre.<\/p>\n\n\n\n<blockquote class=\"wp-block-quote is-layout-flow wp-block-quote-is-layout-flow\">\n<p>\u201cCon la edad viene la sabidur\u00eda. Conozco la diferencia entre la verdad y la mentira, lo bueno y lo malo. S\u00e9 lo que hay que hacer. Hemos logrado m\u00e1s en cuatro a\u00f1os para el pueblo estadounidense y la comunidad latina que cualquier otro presidente en un periodo similar\u201d, argument\u00f3 Biden en su defensa.<\/p>\n<\/blockquote>\n\n\n\n<p>Esta filtraci\u00f3n sobre las inquietudes de Obama surge en un momento de renovada presi\u00f3n para que Biden se retire y en el que varios medios han apuntado a que carece de respaldo entre figuras destacadas del Partido Dem\u00f3crata.<\/p>\n\n\n\n<p>Este jueves, Axios inform\u00f3 que varios altos cargos dem\u00f3cratas creen que esta presi\u00f3n creciente podr\u00eda convencer a Biden de abandonar la carrera presidencial, posiblemente este fin de semana.<\/p>\n\n\n\n<p>Seg\u00fan filtraciones recientes a los medios, Pelosi, y los l\u00edderes dem\u00f3cratas del Senado,&nbsp;<strong>Chuck Schumer<\/strong>, y de la C\u00e1mara,&nbsp;<strong>Hakeem Jeffries<\/strong>, conversaron en privado con Biden la semana pasada para expresarle sus preocupaciones.<\/p>\n\n\n\n<p>Schumer y Jeffries advirtieron a Biden que su candidatura pone en peligro la actual mayor\u00eda dem\u00f3crata en el Senado y dificulta la recuperaci\u00f3n de la C\u00e1mara de Representantes, seg\u00fan The Washington Post.<\/p>\n","protected":false},"excerpt":{"rendered":"<p>El expresidente estadounidense Barack Obama cree que las posibilidades de victoria de Biden \u201cse han reducido considerablemente\u201d El expresidente estadounidense Barack Obama (2009-2017) ha dicho a sus c\u00edrculos cercanos que el actual mandatario, Joe Biden, debe \u201creconsiderar seriamente\u201d el futuro de su candidatura, seg\u00fan public\u00f3 este jueves The Washington Post. De acuerdo con el rotativo [&hellip;]<\/p>\n","protected":false},"author":47,"featured_media":86806,"comment_status":"closed","ping_status":"open","sticky":false,"template":"","format":"standard","meta":{"tdm_status":"","tdm_grid_status":"","footnotes":""},"categories":[39],"tags":[],"class_list":{"0":"post-86807","1":"post","2":"type-post","3":"status-publish","4":"format-standard","5":"has-post-thumbnail","7":"category-noticias-nacionales"},"yoast_head":"<!-- This site is optimized with the Yoast SEO plugin v27.5 - https:\/\/yoast.com\/product\/yoast-seo-wordpress\/ -->\n<title>Obama cree que Biden debe reconsiderar el futuro de su candidatura: Washington Post - Fuentes Fidedignas<\/title>\n<meta name=\"robots\" content=\"index, follow, max-snippet:-1, max-image-preview:large, max-video-preview:-1\" \/>\n<link rel=\"canonical\" href=\"https:\/\/fuentesfidedignas.com.mx\/index.php\/2024\/07\/18\/obama-cree-que-biden-debe-reconsiderar-el-futuro-de-su-candidatura-washington-post\/\" \/>\n<meta property=\"og:locale\" content=\"es_MX\" \/>\n<meta property=\"og:type\" content=\"article\" \/>\n<meta property=\"og:title\" content=\"Obama cree que Biden debe reconsiderar el futuro de su candidatura: Washington Post - Fuentes Fidedignas\" \/>\n<meta property=\"og:description\" content=\"El expresidente estadounidense Barack Obama cree que las posibilidades de victoria de Biden \u201cse han reducido considerablemente\u201d El expresidente estadounidense Barack Obama (2009-2017) ha dicho a sus c\u00edrculos cercanos que el actual mandatario, Joe Biden, debe \u201creconsiderar seriamente\u201d el futuro de su candidatura, seg\u00fan public\u00f3 este jueves The Washington Post. De acuerdo con el rotativo [&hellip;]\" \/>\n<meta property=\"og:url\" content=\"https:\/\/fuentesfidedignas.com.mx\/index.php\/2024\/07\/18\/obama-cree-que-biden-debe-reconsiderar-el-futuro-de-su-candidatura-washington-post\/\" \/>\n<meta property=\"og:site_name\" content=\"Fuentes Fidedignas\" \/>\n<meta property=\"article:publisher\" content=\"https:\/\/www.facebook.com\/Fuentes-Fidedignas-368234489921644\" \/>\n<meta property=\"article:published_time\" content=\"2024-07-18T20:46:50+00:00\" \/>\n<meta property=\"og:image\" content=\"https:\/\/fuentesfidedignas.com.mx\/wp-content\/uploads\/2024\/07\/img_0446-1.jpg\" \/>\n\t<meta property=\"og:image:width\" content=\"1536\" \/>\n\t<meta property=\"og:image:height\" content=\"1024\" \/>\n\t<meta property=\"og:image:type\" content=\"image\/jpeg\" \/>\n<meta name=\"author\" content=\"L\u00f3pez D\u00f3riga\" \/>\n<meta name=\"twitter:card\" content=\"summary_large_image\" \/>\n<meta name=\"twitter:creator\" content=\"@fidedignas\" \/>\n<meta name=\"twitter:site\" content=\"@fidedignas\" \/>\n<meta name=\"twitter:label1\" content=\"Escrito por\" \/>\n\t<meta name=\"twitter:data1\" content=\"L\u00f3pez D\u00f3riga\" \/>\n\t<meta name=\"twitter:label2\" content=\"Tiempo de lectura\" \/>\n\t<meta name=\"twitter:data2\" content=\"3 minutos\" \/>\n<script type=\"application\/ld+json\" class=\"yoast-schema-graph\">{\"@context\":\"https:\\\/\\\/schema.org\",\"@graph\":[{\"@type\":\"Article\",\"@id\":\"https:\\\/\\\/fuentesfidedignas.com.mx\\\/index.php\\\/2024\\\/07\\\/18\\\/obama-cree-que-biden-debe-reconsiderar-el-futuro-de-su-candidatura-washington-post\\\/#article\",\"isPartOf\":{\"@id\":\"https:\\\/\\\/fuentesfidedignas.com.mx\\\/index.php\\\/2024\\\/07\\\/18\\\/obama-cree-que-biden-debe-reconsiderar-el-futuro-de-su-candidatura-washington-post\\\/\"},\"author\":{\"name\":\"L\u00f3pez D\u00f3riga\",\"@id\":\"https:\\\/\\\/fuentesfidedignas.com.mx\\\/#\\\/schema\\\/person\\\/67d852f0557c8509146a4b9ddebd543a\"},\"headline\":\"Obama cree que Biden debe reconsiderar el futuro de su candidatura: Washington Post\",\"datePublished\":\"2024-07-18T20:46:50+00:00\",\"mainEntityOfPage\":{\"@id\":\"https:\\\/\\\/fuentesfidedignas.com.mx\\\/index.php\\\/2024\\\/07\\\/18\\\/obama-cree-que-biden-debe-reconsiderar-el-futuro-de-su-candidatura-washington-post\\\/\"},\"wordCount\":528,\"publisher\":{\"@id\":\"https:\\\/\\\/fuentesfidedignas.com.mx\\\/#organization\"},\"image\":{\"@id\":\"https:\\\/\\\/fuentesfidedignas.com.mx\\\/index.php\\\/2024\\\/07\\\/18\\\/obama-cree-que-biden-debe-reconsiderar-el-futuro-de-su-candidatura-washington-post\\\/#primaryimage\"},\"thumbnailUrl\":\"https:\\\/\\\/fuentesfidedignas.com.mx\\\/wp-content\\\/uploads\\\/2024\\\/07\\\/img_0446-1.jpg\",\"articleSection\":[\"NOTICIAS NACIONALES\"],\"inLanguage\":\"es\"},{\"@type\":\"WebPage\",\"@id\":\"https:\\\/\\\/fuentesfidedignas.com.mx\\\/index.php\\\/2024\\\/07\\\/18\\\/obama-cree-que-biden-debe-reconsiderar-el-futuro-de-su-candidatura-washington-post\\\/\",\"url\":\"https:\\\/\\\/fuentesfidedignas.com.mx\\\/index.php\\\/2024\\\/07\\\/18\\\/obama-cree-que-biden-debe-reconsiderar-el-futuro-de-su-candidatura-washington-post\\\/\",\"name\":\"Obama cree que Biden debe reconsiderar el futuro de su candidatura: Washington Post - Fuentes Fidedignas\",\"isPartOf\":{\"@id\":\"https:\\\/\\\/fuentesfidedignas.com.mx\\\/#website\"},\"primaryImageOfPage\":{\"@id\":\"https:\\\/\\\/fuentesfidedignas.com.mx\\\/index.php\\\/2024\\\/07\\\/18\\\/obama-cree-que-biden-debe-reconsiderar-el-futuro-de-su-candidatura-washington-post\\\/#primaryimage\"},\"image\":{\"@id\":\"https:\\\/\\\/fuentesfidedignas.com.mx\\\/index.php\\\/2024\\\/07\\\/18\\\/obama-cree-que-biden-debe-reconsiderar-el-futuro-de-su-candidatura-washington-post\\\/#primaryimage\"},\"thumbnailUrl\":\"https:\\\/\\\/fuentesfidedignas.com.mx\\\/wp-content\\\/uploads\\\/2024\\\/07\\\/img_0446-1.jpg\",\"datePublished\":\"2024-07-18T20:46:50+00:00\",\"breadcrumb\":{\"@id\":\"https:\\\/\\\/fuentesfidedignas.com.mx\\\/index.php\\\/2024\\\/07\\\/18\\\/obama-cree-que-biden-debe-reconsiderar-el-futuro-de-su-candidatura-washington-post\\\/#breadcrumb\"},\"inLanguage\":\"es\",\"potentialAction\":[{\"@type\":\"ReadAction\",\"target\":[\"https:\\\/\\\/fuentesfidedignas.com.mx\\\/index.php\\\/2024\\\/07\\\/18\\\/obama-cree-que-biden-debe-reconsiderar-el-futuro-de-su-candidatura-washington-post\\\/\"]}]},{\"@type\":\"ImageObject\",\"inLanguage\":\"es\",\"@id\":\"https:\\\/\\\/fuentesfidedignas.com.mx\\\/index.php\\\/2024\\\/07\\\/18\\\/obama-cree-que-biden-debe-reconsiderar-el-futuro-de-su-candidatura-washington-post\\\/#primaryimage\",\"url\":\"https:\\\/\\\/fuentesfidedignas.com.mx\\\/wp-content\\\/uploads\\\/2024\\\/07\\\/img_0446-1.jpg\",\"contentUrl\":\"https:\\\/\\\/fuentesfidedignas.com.mx\\\/wp-content\\\/uploads\\\/2024\\\/07\\\/img_0446-1.jpg\",\"width\":1536,\"height\":1024},{\"@type\":\"BreadcrumbList\",\"@id\":\"https:\\\/\\\/fuentesfidedignas.com.mx\\\/index.php\\\/2024\\\/07\\\/18\\\/obama-cree-que-biden-debe-reconsiderar-el-futuro-de-su-candidatura-washington-post\\\/#breadcrumb\",\"itemListElement\":[{\"@type\":\"ListItem\",\"position\":1,\"name\":\"Inicio\",\"item\":\"https:\\\/\\\/fuentesfidedignas.com.mx\\\/\"},{\"@type\":\"ListItem\",\"position\":2,\"name\":\"Obama cree que Biden debe reconsiderar el futuro de su candidatura: Washington Post\"}]},{\"@type\":\"WebSite\",\"@id\":\"https:\\\/\\\/fuentesfidedignas.com.mx\\\/#website\",\"url\":\"https:\\\/\\\/fuentesfidedignas.com.mx\\\/\",\"name\":\"Fuentes Fidedignas\",\"description\":\"Otro sitio realizado con WordPress\",\"publisher\":{\"@id\":\"https:\\\/\\\/fuentesfidedignas.com.mx\\\/#organization\"},\"potentialAction\":[{\"@type\":\"SearchAction\",\"target\":{\"@type\":\"EntryPoint\",\"urlTemplate\":\"https:\\\/\\\/fuentesfidedignas.com.mx\\\/?s={search_term_string}\"},\"query-input\":{\"@type\":\"PropertyValueSpecification\",\"valueRequired\":true,\"valueName\":\"search_term_string\"}}],\"inLanguage\":\"es\"},{\"@type\":\"Organization\",\"@id\":\"https:\\\/\\\/fuentesfidedignas.com.mx\\\/#organization\",\"name\":\"Fuentes Fidedignas\",\"url\":\"https:\\\/\\\/fuentesfidedignas.com.mx\\\/\",\"logo\":{\"@type\":\"ImageObject\",\"inLanguage\":\"es\",\"@id\":\"https:\\\/\\\/fuentesfidedignas.com.mx\\\/#\\\/schema\\\/logo\\\/image\\\/\",\"url\":\"https:\\\/\\\/fuentesfidedignas.com.mx\\\/wp-content\\\/uploads\\\/2021\\\/04\\\/logo-retina.png\",\"contentUrl\":\"https:\\\/\\\/fuentesfidedignas.com.mx\\\/wp-content\\\/uploads\\\/2021\\\/04\\\/logo-retina.png\",\"width\":280,\"height\":51,\"caption\":\"Fuentes Fidedignas\"},\"image\":{\"@id\":\"https:\\\/\\\/fuentesfidedignas.com.mx\\\/#\\\/schema\\\/logo\\\/image\\\/\"},\"sameAs\":[\"https:\\\/\\\/www.facebook.com\\\/Fuentes-Fidedignas-368234489921644\",\"https:\\\/\\\/x.com\\\/fidedignas\"]},{\"@type\":\"Person\",\"@id\":\"https:\\\/\\\/fuentesfidedignas.com.mx\\\/#\\\/schema\\\/person\\\/67d852f0557c8509146a4b9ddebd543a\",\"name\":\"L\u00f3pez D\u00f3riga\",\"image\":{\"@type\":\"ImageObject\",\"inLanguage\":\"es\",\"@id\":\"https:\\\/\\\/secure.gravatar.com\\\/avatar\\\/e525b06574ca18b33cded59dfe5778d6c823b9513154eff47da551b0551bdd1e?s=96&d=mm&r=g\",\"url\":\"https:\\\/\\\/secure.gravatar.com\\\/avatar\\\/e525b06574ca18b33cded59dfe5778d6c823b9513154eff47da551b0551bdd1e?s=96&d=mm&r=g\",\"contentUrl\":\"https:\\\/\\\/secure.gravatar.com\\\/avatar\\\/e525b06574ca18b33cded59dfe5778d6c823b9513154eff47da551b0551bdd1e?s=96&d=mm&r=g\",\"caption\":\"L\u00f3pez D\u00f3riga\"},\"url\":\"https:\\\/\\\/fuentesfidedignas.com.mx\\\/index.php\\\/author\\\/doriga\\\/\"}]}<\/script>\n<!-- \/ Yoast SEO plugin. -->","yoast_head_json":{"title":"Obama cree que Biden debe reconsiderar el futuro de su candidatura: Washington Post - Fuentes Fidedignas","robots":{"index":"index","follow":"follow","max-snippet":"max-snippet:-1","max-image-preview":"max-image-preview:large","max-video-preview":"max-video-preview:-1"},"canonical":"https:\/\/fuentesfidedignas.com.mx\/index.php\/2024\/07\/18\/obama-cree-que-biden-debe-reconsiderar-el-futuro-de-su-candidatura-washington-post\/","og_locale":"es_MX","og_type":"article","og_title":"Obama cree que Biden debe reconsiderar el futuro de su candidatura: Washington Post - Fuentes Fidedignas","og_description":"El expresidente estadounidense Barack Obama cree que las posibilidades de victoria de Biden \u201cse han reducido considerablemente\u201d El expresidente estadounidense Barack Obama (2009-2017) ha dicho a sus c\u00edrculos cercanos que el actual mandatario, Joe Biden, debe \u201creconsiderar seriamente\u201d el futuro de su candidatura, seg\u00fan public\u00f3 este jueves The Washington Post. De acuerdo con el rotativo [&hellip;]","og_url":"https:\/\/fuentesfidedignas.com.mx\/index.php\/2024\/07\/18\/obama-cree-que-biden-debe-reconsiderar-el-futuro-de-su-candidatura-washington-post\/","og_site_name":"Fuentes Fidedignas","article_publisher":"https:\/\/www.facebook.com\/Fuentes-Fidedignas-368234489921644","article_published_time":"2024-07-18T20:46:50+00:00","og_image":[{"width":1536,"height":1024,"url":"https:\/\/fuentesfidedignas.com.mx\/wp-content\/uploads\/2024\/07\/img_0446-1.jpg","type":"image\/jpeg"}],"author":"L\u00f3pez D\u00f3riga","twitter_card":"summary_large_image","twitter_creator":"@fidedignas","twitter_site":"@fidedignas","twitter_misc":{"Escrito por":"L\u00f3pez D\u00f3riga","Tiempo de lectura":"3 minutos"},"schema":{"@context":"https:\/\/schema.org","@graph":[{"@type":"Article","@id":"https:\/\/fuentesfidedignas.com.mx\/index.php\/2024\/07\/18\/obama-cree-que-biden-debe-reconsiderar-el-futuro-de-su-candidatura-washington-post\/#article","isPartOf":{"@id":"https:\/\/fuentesfidedignas.com.mx\/index.php\/2024\/07\/18\/obama-cree-que-biden-debe-reconsiderar-el-futuro-de-su-candidatura-washington-post\/"},"author":{"name":"L\u00f3pez D\u00f3riga","@id":"https:\/\/fuentesfidedignas.com.mx\/#\/schema\/person\/67d852f0557c8509146a4b9ddebd543a"},"headline":"Obama cree que Biden debe reconsiderar el futuro de su candidatura: Washington Post","datePublished":"2024-07-18T20:46:50+00:00","mainEntityOfPage":{"@id":"https:\/\/fuentesfidedignas.com.mx\/index.php\/2024\/07\/18\/obama-cree-que-biden-debe-reconsiderar-el-futuro-de-su-candidatura-washington-post\/"},"wordCount":528,"publisher":{"@id":"https:\/\/fuentesfidedignas.com.mx\/#organization"},"image":{"@id":"https:\/\/fuentesfidedignas.com.mx\/index.php\/2024\/07\/18\/obama-cree-que-biden-debe-reconsiderar-el-futuro-de-su-candidatura-washington-post\/#primaryimage"},"thumbnailUrl":"https:\/\/fuentesfidedignas.com.mx\/wp-content\/uploads\/2024\/07\/img_0446-1.jpg","articleSection":["NOTICIAS NACIONALES"],"inLanguage":"es"},{"@type":"WebPage","@id":"https:\/\/fuentesfidedignas.com.mx\/index.php\/2024\/07\/18\/obama-cree-que-biden-debe-reconsiderar-el-futuro-de-su-candidatura-washington-post\/","url":"https:\/\/fuentesfidedignas.com.mx\/index.php\/2024\/07\/18\/obama-cree-que-biden-debe-reconsiderar-el-futuro-de-su-candidatura-washington-post\/","name":"Obama cree que Biden debe reconsiderar el futuro de su candidatura: Washington Post - Fuentes Fidedignas","isPartOf":{"@id":"https:\/\/fuentesfidedignas.com.mx\/#website"},"primaryImageOfPage":{"@id":"https:\/\/fuentesfidedignas.com.mx\/index.php\/2024\/07\/18\/obama-cree-que-biden-debe-reconsiderar-el-futuro-de-su-candidatura-washington-post\/#primaryimage"},"image":{"@id":"https:\/\/fuentesfidedignas.com.mx\/index.php\/2024\/07\/18\/obama-cree-que-biden-debe-reconsiderar-el-futuro-de-su-candidatura-washington-post\/#primaryimage"},"thumbnailUrl":"https:\/\/fuentesfidedignas.com.mx\/wp-content\/uploads\/2024\/07\/img_0446-1.jpg","datePublished":"2024-07-18T20:46:50+00:00","breadcrumb":{"@id":"https:\/\/fuentesfidedignas.com.mx\/index.php\/2024\/07\/18\/obama-cree-que-biden-debe-reconsiderar-el-futuro-de-su-candidatura-washington-post\/#breadcrumb"},"inLanguage":"es","potentialAction":[{"@type":"ReadAction","target":["https:\/\/fuentesfidedignas.com.mx\/index.php\/2024\/07\/18\/obama-cree-que-biden-debe-reconsiderar-el-futuro-de-su-candidatura-washington-post\/"]}]},{"@type":"ImageObject","inLanguage":"es","@id":"https:\/\/fuentesfidedignas.com.mx\/index.php\/2024\/07\/18\/obama-cree-que-biden-debe-reconsiderar-el-futuro-de-su-candidatura-washington-post\/#primaryimage","url":"https:\/\/fuentesfidedignas.com.mx\/wp-content\/uploads\/2024\/07\/img_0446-1.jpg","contentUrl":"https:\/\/fuentesfidedignas.com.mx\/wp-content\/uploads\/2024\/07\/img_0446-1.jpg","width":1536,"height":1024},{"@type":"BreadcrumbList","@id":"https:\/\/fuentesfidedignas.com.mx\/index.php\/2024\/07\/18\/obama-cree-que-biden-debe-reconsiderar-el-futuro-de-su-candidatura-washington-post\/#breadcrumb","itemListElement":[{"@type":"ListItem","position":1,"name":"Inicio","item":"https:\/\/fuentesfidedignas.com.mx\/"},{"@type":"ListItem","position":2,"name":"Obama cree que Biden debe reconsiderar el futuro de su candidatura: Washington Post"}]},{"@type":"WebSite","@id":"https:\/\/fuentesfidedignas.com.mx\/#website","url":"https:\/\/fuentesfidedignas.com.mx\/","name":"Fuentes Fidedignas","description":"Otro sitio realizado con WordPress","publisher":{"@id":"https:\/\/fuentesfidedignas.com.mx\/#organization"},"potentialAction":[{"@type":"SearchAction","target":{"@type":"EntryPoint","urlTemplate":"https:\/\/fuentesfidedignas.com.mx\/?s={search_term_string}"},"query-input":{"@type":"PropertyValueSpecification","valueRequired":true,"valueName":"search_term_string"}}],"inLanguage":"es"},{"@type":"Organization","@id":"https:\/\/fuentesfidedignas.com.mx\/#organization","name":"Fuentes Fidedignas","url":"https:\/\/fuentesfidedignas.com.mx\/","logo":{"@type":"ImageObject","inLanguage":"es","@id":"https:\/\/fuentesfidedignas.com.mx\/#\/schema\/logo\/image\/","url":"https:\/\/fuentesfidedignas.com.mx\/wp-content\/uploads\/2021\/04\/logo-retina.png","contentUrl":"https:\/\/fuentesfidedignas.com.mx\/wp-content\/uploads\/2021\/04\/logo-retina.png","width":280,"height":51,"caption":"Fuentes Fidedignas"},"image":{"@id":"https:\/\/fuentesfidedignas.com.mx\/#\/schema\/logo\/image\/"},"sameAs":["https:\/\/www.facebook.com\/Fuentes-Fidedignas-368234489921644","https:\/\/x.com\/fidedignas"]},{"@type":"Person","@id":"https:\/\/fuentesfidedignas.com.mx\/#\/schema\/person\/67d852f0557c8509146a4b9ddebd543a","name":"L\u00f3pez D\u00f3riga","image":{"@type":"ImageObject","inLanguage":"es","@id":"https:\/\/secure.gravatar.com\/avatar\/e525b06574ca18b33cded59dfe5778d6c823b9513154eff47da551b0551bdd1e?s=96&d=mm&r=g","url":"https:\/\/secure.gravatar.com\/avatar\/e525b06574ca18b33cded59dfe5778d6c823b9513154eff47da551b0551bdd1e?s=96&d=mm&r=g","contentUrl":"https:\/\/secure.gravatar.com\/avatar\/e525b06574ca18b33cded59dfe5778d6c823b9513154eff47da551b0551bdd1e?s=96&d=mm&r=g","caption":"L\u00f3pez D\u00f3riga"},"url":"https:\/\/fuentesfidedignas.com.mx\/index.php\/author\/doriga\/"}]}},"_links":{"self":[{"href":"https:\/\/fuentesfidedignas.com.mx\/index.php\/wp-json\/wp\/v2\/posts\/86807","targetHints":{"allow":["GET"]}}],"collection":[{"href":"https:\/\/fuentesfidedignas.com.mx\/index.php\/wp-json\/wp\/v2\/posts"}],"about":[{"href":"https:\/\/fuentesfidedignas.com.mx\/index.php\/wp-json\/wp\/v2\/types\/post"}],"author":[{"embeddable":true,"href":"https:\/\/fuentesfidedignas.com.mx\/index.php\/wp-json\/wp\/v2\/users\/47"}],"replies":[{"embeddable":true,"href":"https:\/\/fuentesfidedignas.com.mx\/index.php\/wp-json\/wp\/v2\/comments?post=86807"}],"version-history":[{"count":1,"href":"https:\/\/fuentesfidedignas.com.mx\/index.php\/wp-json\/wp\/v2\/posts\/86807\/revisions"}],"predecessor-version":[{"id":86808,"href":"https:\/\/fuentesfidedignas.com.mx\/index.php\/wp-json\/wp\/v2\/posts\/86807\/revisions\/86808"}],"wp:featuredmedia":[{"embeddable":true,"href":"https:\/\/fuentesfidedignas.com.mx\/index.php\/wp-json\/wp\/v2\/media\/86806"}],"wp:attachment":[{"href":"https:\/\/fuentesfidedignas.com.mx\/index.php\/wp-json\/wp\/v2\/media?parent=86807"}],"wp:term":[{"taxonomy":"category","embeddable":true,"href":"https:\/\/fuentesfidedignas.com.mx\/index.php\/wp-json\/wp\/v2\/categories?post=86807"},{"taxonomy":"post_tag","embeddable":true,"href":"https:\/\/fuentesfidedignas.com.mx\/index.php\/wp-json\/wp\/v2\/tags?post=86807"}],"curies":[{"name":"wp","href":"https:\/\/api.w.org\/{rel}","templated":true}]}}