{"id":86789,"date":"2024-07-18T12:12:13","date_gmt":"2024-07-18T19:12:13","guid":{"rendered":"https:\/\/fuentesfidedignas.com.mx\/?p=86789"},"modified":"2024-07-18T12:12:52","modified_gmt":"2024-07-18T19:12:52","slug":"32-muertos-por-enfrentamientos-entre-policias-y-estudiantes-en-banglades","status":"publish","type":"post","link":"https:\/\/fuentesfidedignas.com.mx\/index.php\/2024\/07\/18\/32-muertos-por-enfrentamientos-entre-policias-y-estudiantes-en-banglades\/","title":{"rendered":"32 muertos por enfrentamientos entre polic\u00edas y estudiantes en Banglad\u00e9s"},"content":{"rendered":"\n<p><strong><em>La multitud enfurecida incendi\u00f3 luego el edificio de la cadena y decenas de veh\u00edculos estacionados afuera, declar\u00f3 a AFP un responsable de BTV bajo condici\u00f3n de anonimato.<\/em><\/strong><\/p>\n\n\n\n<p>Daca. Los enfrentamientos en Banglad\u00e9s entre las fuerzas de seguridad y los estudiantes, que protestan contra un sistema de cuotas de contrataci\u00f3n en el servicio p\u00fablico, dejaron 32 muertos, incluyendo a un periodista, seg\u00fan un nuevo balance publicado el jueves, d\u00eda en que la sede de la televisi\u00f3n estatal fue incendiada.<\/p>\n\n\n\n<p>Cientos de manifestantes desbordaron a la polic\u00eda antidisturbios, que les dispar\u00f3 con balas de goma, y persiguieron a los polic\u00edas que se refugiaron en la sede de la cadena BTV en Dacca, la capital.<\/p>\n\n\n\n<p>La multitud enfurecida incendi\u00f3 luego el edificio de la cadena y decenas de veh\u00edculos estacionados afuera, declar\u00f3 a AFP un responsable de BTV bajo condici\u00f3n de anonimato.<\/p>\n\n\n\n<p>&#8220;El fuego sigue (\u2026) Nuestra transmisi\u00f3n fue interrumpida por el momento&#8221;, a\u00f1adi\u00f3.<\/p>\n\n\n\n<p>La primera ministra Sheikh Hasina conden\u00f3 el mi\u00e9rcoles el &#8220;asesinato&#8221; de los manifestantes en un discurso televisado y prometi\u00f3 que los responsables ser\u00edan castigados sin importar su afiliaci\u00f3n pol\u00edtica.<\/p>\n\n\n\n<p>Pero esto no fue suficiente. La violencia se intensific\u00f3 cuando la polic\u00eda intent\u00f3 nuevamente dispersar las manifestaciones con balas de goma y granadas lacrim\u00f3genas.<\/p>\n\n\n\n<p>&#8220;Primero exigimos que la primera ministra nos pida disculpas&#8221;, declar\u00f3 Bidisha Rimjhim, una manifestante de 18 a\u00f1os. &#8220;En segundo lugar, se debe hacer justicia por nuestros hermanos asesinados&#8221;, a\u00f1adi\u00f3.<\/p>\n\n\n\n<p>Al menos 25 personas, incluyendo a un periodista, murieron el jueves, adem\u00e1s de las siete muertes reportadas a principios de la semana, seg\u00fan un recuento de hospitales realizado por AFP.<\/p>\n\n\n\n<p>Las armas &#8220;no letales&#8221; de la polic\u00eda son responsables de m\u00e1s de dos tercios de estas muertes, seg\u00fan las descripciones proporcionadas por los hospitales.<\/p>\n\n\n\n<p>Nuevos enfrentamientos estallaron en varias ciudades de Banglad\u00e9s a lo largo del d\u00eda, mientras la polic\u00eda antidisturbios cargaba contra los manifestantes, que a su vez iniciaron una nueva serie de barricadas humanas en carreteras y autopistas.<\/p>\n\n\n\n<p>El jueves helic\u00f3pteros rescataron a 60 polic\u00edas atrapados en el techo del campus de la Universidad Canadiense, escenario de violentos enfrentamientos en la capital, seg\u00fan un comunicado del Batall\u00f3n de Acci\u00f3n R\u00e1pida.<\/p>\n\n\n\n<p>Los cuerpos de tres estudiantes y un conductor de rickshaw fueron transportados a un hospital en Daca.<\/p>\n\n\n\n<p>Un millar de personas m\u00e1s fueron atendidas en el hospital por heridas sufridas durante enfrentamientos con la polic\u00eda, indic\u00f3 el responsable.<\/p>\n","protected":false},"excerpt":{"rendered":"<p>La multitud enfurecida incendi\u00f3 luego el edificio de la cadena y decenas de veh\u00edculos estacionados afuera, declar\u00f3 a AFP un responsable de BTV bajo condici\u00f3n de anonimato. Daca. Los enfrentamientos en Banglad\u00e9s entre las fuerzas de seguridad y los estudiantes, que protestan contra un sistema de cuotas de contrataci\u00f3n en el servicio p\u00fablico, dejaron 32 [&hellip;]<\/p>\n","protected":false},"author":12,"featured_media":86790,"comment_status":"open","ping_status":"open","sticky":false,"template":"","format":"standard","meta":{"tdm_status":"","tdm_grid_status":"","footnotes":""},"categories":[39],"tags":[],"class_list":{"0":"post-86789","1":"post","2":"type-post","3":"status-publish","4":"format-standard","5":"has-post-thumbnail","7":"category-noticias-nacionales"},"yoast_head":"<!-- This site is optimized with the Yoast SEO plugin v27.5 - https:\/\/yoast.com\/product\/yoast-seo-wordpress\/ -->\n<title>32 muertos por enfrentamientos entre polic\u00edas y estudiantes en Banglad\u00e9s - Fuentes Fidedignas<\/title>\n<meta name=\"robots\" content=\"index, follow, max-snippet:-1, max-image-preview:large, max-video-preview:-1\" \/>\n<link rel=\"canonical\" href=\"https:\/\/fuentesfidedignas.com.mx\/index.php\/2024\/07\/18\/32-muertos-por-enfrentamientos-entre-policias-y-estudiantes-en-banglades\/\" \/>\n<meta property=\"og:locale\" content=\"es_MX\" \/>\n<meta property=\"og:type\" content=\"article\" \/>\n<meta property=\"og:title\" content=\"32 muertos por enfrentamientos entre polic\u00edas y estudiantes en Banglad\u00e9s - Fuentes Fidedignas\" \/>\n<meta property=\"og:description\" content=\"La multitud enfurecida incendi\u00f3 luego el edificio de la cadena y decenas de veh\u00edculos estacionados afuera, declar\u00f3 a AFP un responsable de BTV bajo condici\u00f3n de anonimato. Daca. Los enfrentamientos en Banglad\u00e9s entre las fuerzas de seguridad y los estudiantes, que protestan contra un sistema de cuotas de contrataci\u00f3n en el servicio p\u00fablico, dejaron 32 [&hellip;]\" \/>\n<meta property=\"og:url\" content=\"https:\/\/fuentesfidedignas.com.mx\/index.php\/2024\/07\/18\/32-muertos-por-enfrentamientos-entre-policias-y-estudiantes-en-banglades\/\" \/>\n<meta property=\"og:site_name\" content=\"Fuentes Fidedignas\" \/>\n<meta property=\"article:publisher\" content=\"https:\/\/www.facebook.com\/Fuentes-Fidedignas-368234489921644\" \/>\n<meta property=\"article:published_time\" content=\"2024-07-18T19:12:13+00:00\" \/>\n<meta property=\"article:modified_time\" content=\"2024-07-18T19:12:52+00:00\" \/>\n<meta property=\"og:image\" content=\"https:\/\/fuentesfidedignas.com.mx\/wp-content\/uploads\/2024\/07\/enfrentamientos-en-Banglades.jpg\" \/>\n\t<meta property=\"og:image:width\" content=\"650\" \/>\n\t<meta property=\"og:image:height\" content=\"429\" \/>\n\t<meta property=\"og:image:type\" content=\"image\/jpeg\" \/>\n<meta name=\"author\" content=\"AFP\" \/>\n<meta name=\"twitter:card\" content=\"summary_large_image\" \/>\n<meta name=\"twitter:creator\" content=\"@fidedignas\" \/>\n<meta name=\"twitter:site\" content=\"@fidedignas\" \/>\n<meta name=\"twitter:label1\" content=\"Escrito por\" \/>\n\t<meta name=\"twitter:data1\" content=\"AFP\" \/>\n\t<meta name=\"twitter:label2\" content=\"Tiempo de lectura\" \/>\n\t<meta name=\"twitter:data2\" content=\"2 minutos\" \/>\n<script type=\"application\/ld+json\" class=\"yoast-schema-graph\">{\"@context\":\"https:\\\/\\\/schema.org\",\"@graph\":[{\"@type\":\"Article\",\"@id\":\"https:\\\/\\\/fuentesfidedignas.com.mx\\\/index.php\\\/2024\\\/07\\\/18\\\/32-muertos-por-enfrentamientos-entre-policias-y-estudiantes-en-banglades\\\/#article\",\"isPartOf\":{\"@id\":\"https:\\\/\\\/fuentesfidedignas.com.mx\\\/index.php\\\/2024\\\/07\\\/18\\\/32-muertos-por-enfrentamientos-entre-policias-y-estudiantes-en-banglades\\\/\"},\"author\":{\"name\":\"AFP\",\"@id\":\"https:\\\/\\\/fuentesfidedignas.com.mx\\\/#\\\/schema\\\/person\\\/1827b38c6cf89e1d6cc7d78ca3fae732\"},\"headline\":\"32 muertos por enfrentamientos entre polic\u00edas y estudiantes en Banglad\u00e9s\",\"datePublished\":\"2024-07-18T19:12:13+00:00\",\"dateModified\":\"2024-07-18T19:12:52+00:00\",\"mainEntityOfPage\":{\"@id\":\"https:\\\/\\\/fuentesfidedignas.com.mx\\\/index.php\\\/2024\\\/07\\\/18\\\/32-muertos-por-enfrentamientos-entre-policias-y-estudiantes-en-banglades\\\/\"},\"wordCount\":437,\"commentCount\":0,\"publisher\":{\"@id\":\"https:\\\/\\\/fuentesfidedignas.com.mx\\\/#organization\"},\"image\":{\"@id\":\"https:\\\/\\\/fuentesfidedignas.com.mx\\\/index.php\\\/2024\\\/07\\\/18\\\/32-muertos-por-enfrentamientos-entre-policias-y-estudiantes-en-banglades\\\/#primaryimage\"},\"thumbnailUrl\":\"https:\\\/\\\/fuentesfidedignas.com.mx\\\/wp-content\\\/uploads\\\/2024\\\/07\\\/enfrentamientos-en-Banglades.jpg\",\"articleSection\":[\"NOTICIAS NACIONALES\"],\"inLanguage\":\"es\",\"potentialAction\":[{\"@type\":\"CommentAction\",\"name\":\"Comment\",\"target\":[\"https:\\\/\\\/fuentesfidedignas.com.mx\\\/index.php\\\/2024\\\/07\\\/18\\\/32-muertos-por-enfrentamientos-entre-policias-y-estudiantes-en-banglades\\\/#respond\"]}]},{\"@type\":\"WebPage\",\"@id\":\"https:\\\/\\\/fuentesfidedignas.com.mx\\\/index.php\\\/2024\\\/07\\\/18\\\/32-muertos-por-enfrentamientos-entre-policias-y-estudiantes-en-banglades\\\/\",\"url\":\"https:\\\/\\\/fuentesfidedignas.com.mx\\\/index.php\\\/2024\\\/07\\\/18\\\/32-muertos-por-enfrentamientos-entre-policias-y-estudiantes-en-banglades\\\/\",\"name\":\"32 muertos por enfrentamientos entre polic\u00edas y estudiantes en Banglad\u00e9s - Fuentes Fidedignas\",\"isPartOf\":{\"@id\":\"https:\\\/\\\/fuentesfidedignas.com.mx\\\/#website\"},\"primaryImageOfPage\":{\"@id\":\"https:\\\/\\\/fuentesfidedignas.com.mx\\\/index.php\\\/2024\\\/07\\\/18\\\/32-muertos-por-enfrentamientos-entre-policias-y-estudiantes-en-banglades\\\/#primaryimage\"},\"image\":{\"@id\":\"https:\\\/\\\/fuentesfidedignas.com.mx\\\/index.php\\\/2024\\\/07\\\/18\\\/32-muertos-por-enfrentamientos-entre-policias-y-estudiantes-en-banglades\\\/#primaryimage\"},\"thumbnailUrl\":\"https:\\\/\\\/fuentesfidedignas.com.mx\\\/wp-content\\\/uploads\\\/2024\\\/07\\\/enfrentamientos-en-Banglades.jpg\",\"datePublished\":\"2024-07-18T19:12:13+00:00\",\"dateModified\":\"2024-07-18T19:12:52+00:00\",\"breadcrumb\":{\"@id\":\"https:\\\/\\\/fuentesfidedignas.com.mx\\\/index.php\\\/2024\\\/07\\\/18\\\/32-muertos-por-enfrentamientos-entre-policias-y-estudiantes-en-banglades\\\/#breadcrumb\"},\"inLanguage\":\"es\",\"potentialAction\":[{\"@type\":\"ReadAction\",\"target\":[\"https:\\\/\\\/fuentesfidedignas.com.mx\\\/index.php\\\/2024\\\/07\\\/18\\\/32-muertos-por-enfrentamientos-entre-policias-y-estudiantes-en-banglades\\\/\"]}]},{\"@type\":\"ImageObject\",\"inLanguage\":\"es\",\"@id\":\"https:\\\/\\\/fuentesfidedignas.com.mx\\\/index.php\\\/2024\\\/07\\\/18\\\/32-muertos-por-enfrentamientos-entre-policias-y-estudiantes-en-banglades\\\/#primaryimage\",\"url\":\"https:\\\/\\\/fuentesfidedignas.com.mx\\\/wp-content\\\/uploads\\\/2024\\\/07\\\/enfrentamientos-en-Banglades.jpg\",\"contentUrl\":\"https:\\\/\\\/fuentesfidedignas.com.mx\\\/wp-content\\\/uploads\\\/2024\\\/07\\\/enfrentamientos-en-Banglades.jpg\",\"width\":650,\"height\":429},{\"@type\":\"BreadcrumbList\",\"@id\":\"https:\\\/\\\/fuentesfidedignas.com.mx\\\/index.php\\\/2024\\\/07\\\/18\\\/32-muertos-por-enfrentamientos-entre-policias-y-estudiantes-en-banglades\\\/#breadcrumb\",\"itemListElement\":[{\"@type\":\"ListItem\",\"position\":1,\"name\":\"Inicio\",\"item\":\"https:\\\/\\\/fuentesfidedignas.com.mx\\\/\"},{\"@type\":\"ListItem\",\"position\":2,\"name\":\"32 muertos por enfrentamientos entre polic\u00edas y estudiantes en Banglad\u00e9s\"}]},{\"@type\":\"WebSite\",\"@id\":\"https:\\\/\\\/fuentesfidedignas.com.mx\\\/#website\",\"url\":\"https:\\\/\\\/fuentesfidedignas.com.mx\\\/\",\"name\":\"Fuentes Fidedignas\",\"description\":\"Otro sitio realizado con WordPress\",\"publisher\":{\"@id\":\"https:\\\/\\\/fuentesfidedignas.com.mx\\\/#organization\"},\"potentialAction\":[{\"@type\":\"SearchAction\",\"target\":{\"@type\":\"EntryPoint\",\"urlTemplate\":\"https:\\\/\\\/fuentesfidedignas.com.mx\\\/?s={search_term_string}\"},\"query-input\":{\"@type\":\"PropertyValueSpecification\",\"valueRequired\":true,\"valueName\":\"search_term_string\"}}],\"inLanguage\":\"es\"},{\"@type\":\"Organization\",\"@id\":\"https:\\\/\\\/fuentesfidedignas.com.mx\\\/#organization\",\"name\":\"Fuentes Fidedignas\",\"url\":\"https:\\\/\\\/fuentesfidedignas.com.mx\\\/\",\"logo\":{\"@type\":\"ImageObject\",\"inLanguage\":\"es\",\"@id\":\"https:\\\/\\\/fuentesfidedignas.com.mx\\\/#\\\/schema\\\/logo\\\/image\\\/\",\"url\":\"https:\\\/\\\/fuentesfidedignas.com.mx\\\/wp-content\\\/uploads\\\/2021\\\/04\\\/logo-retina.png\",\"contentUrl\":\"https:\\\/\\\/fuentesfidedignas.com.mx\\\/wp-content\\\/uploads\\\/2021\\\/04\\\/logo-retina.png\",\"width\":280,\"height\":51,\"caption\":\"Fuentes Fidedignas\"},\"image\":{\"@id\":\"https:\\\/\\\/fuentesfidedignas.com.mx\\\/#\\\/schema\\\/logo\\\/image\\\/\"},\"sameAs\":[\"https:\\\/\\\/www.facebook.com\\\/Fuentes-Fidedignas-368234489921644\",\"https:\\\/\\\/x.com\\\/fidedignas\"]},{\"@type\":\"Person\",\"@id\":\"https:\\\/\\\/fuentesfidedignas.com.mx\\\/#\\\/schema\\\/person\\\/1827b38c6cf89e1d6cc7d78ca3fae732\",\"name\":\"AFP\",\"image\":{\"@type\":\"ImageObject\",\"inLanguage\":\"es\",\"@id\":\"https:\\\/\\\/secure.gravatar.com\\\/avatar\\\/236827d2ee9bf15e1ea99e0c1cd1b467cffa55e324d177638d0f8de7950cbae6?s=96&d=mm&r=g\",\"url\":\"https:\\\/\\\/secure.gravatar.com\\\/avatar\\\/236827d2ee9bf15e1ea99e0c1cd1b467cffa55e324d177638d0f8de7950cbae6?s=96&d=mm&r=g\",\"contentUrl\":\"https:\\\/\\\/secure.gravatar.com\\\/avatar\\\/236827d2ee9bf15e1ea99e0c1cd1b467cffa55e324d177638d0f8de7950cbae6?s=96&d=mm&r=g\",\"caption\":\"AFP\"},\"url\":\"https:\\\/\\\/fuentesfidedignas.com.mx\\\/index.php\\\/author\\\/afp\\\/\"}]}<\/script>\n<!-- \/ Yoast SEO plugin. -->","yoast_head_json":{"title":"32 muertos por enfrentamientos entre polic\u00edas y estudiantes en Banglad\u00e9s - Fuentes Fidedignas","robots":{"index":"index","follow":"follow","max-snippet":"max-snippet:-1","max-image-preview":"max-image-preview:large","max-video-preview":"max-video-preview:-1"},"canonical":"https:\/\/fuentesfidedignas.com.mx\/index.php\/2024\/07\/18\/32-muertos-por-enfrentamientos-entre-policias-y-estudiantes-en-banglades\/","og_locale":"es_MX","og_type":"article","og_title":"32 muertos por enfrentamientos entre polic\u00edas y estudiantes en Banglad\u00e9s - Fuentes Fidedignas","og_description":"La multitud enfurecida incendi\u00f3 luego el edificio de la cadena y decenas de veh\u00edculos estacionados afuera, declar\u00f3 a AFP un responsable de BTV bajo condici\u00f3n de anonimato. Daca. Los enfrentamientos en Banglad\u00e9s entre las fuerzas de seguridad y los estudiantes, que protestan contra un sistema de cuotas de contrataci\u00f3n en el servicio p\u00fablico, dejaron 32 [&hellip;]","og_url":"https:\/\/fuentesfidedignas.com.mx\/index.php\/2024\/07\/18\/32-muertos-por-enfrentamientos-entre-policias-y-estudiantes-en-banglades\/","og_site_name":"Fuentes Fidedignas","article_publisher":"https:\/\/www.facebook.com\/Fuentes-Fidedignas-368234489921644","article_published_time":"2024-07-18T19:12:13+00:00","article_modified_time":"2024-07-18T19:12:52+00:00","og_image":[{"width":650,"height":429,"url":"https:\/\/fuentesfidedignas.com.mx\/wp-content\/uploads\/2024\/07\/enfrentamientos-en-Banglades.jpg","type":"image\/jpeg"}],"author":"AFP","twitter_card":"summary_large_image","twitter_creator":"@fidedignas","twitter_site":"@fidedignas","twitter_misc":{"Escrito por":"AFP","Tiempo de lectura":"2 minutos"},"schema":{"@context":"https:\/\/schema.org","@graph":[{"@type":"Article","@id":"https:\/\/fuentesfidedignas.com.mx\/index.php\/2024\/07\/18\/32-muertos-por-enfrentamientos-entre-policias-y-estudiantes-en-banglades\/#article","isPartOf":{"@id":"https:\/\/fuentesfidedignas.com.mx\/index.php\/2024\/07\/18\/32-muertos-por-enfrentamientos-entre-policias-y-estudiantes-en-banglades\/"},"author":{"name":"AFP","@id":"https:\/\/fuentesfidedignas.com.mx\/#\/schema\/person\/1827b38c6cf89e1d6cc7d78ca3fae732"},"headline":"32 muertos por enfrentamientos entre polic\u00edas y estudiantes en Banglad\u00e9s","datePublished":"2024-07-18T19:12:13+00:00","dateModified":"2024-07-18T19:12:52+00:00","mainEntityOfPage":{"@id":"https:\/\/fuentesfidedignas.com.mx\/index.php\/2024\/07\/18\/32-muertos-por-enfrentamientos-entre-policias-y-estudiantes-en-banglades\/"},"wordCount":437,"commentCount":0,"publisher":{"@id":"https:\/\/fuentesfidedignas.com.mx\/#organization"},"image":{"@id":"https:\/\/fuentesfidedignas.com.mx\/index.php\/2024\/07\/18\/32-muertos-por-enfrentamientos-entre-policias-y-estudiantes-en-banglades\/#primaryimage"},"thumbnailUrl":"https:\/\/fuentesfidedignas.com.mx\/wp-content\/uploads\/2024\/07\/enfrentamientos-en-Banglades.jpg","articleSection":["NOTICIAS NACIONALES"],"inLanguage":"es","potentialAction":[{"@type":"CommentAction","name":"Comment","target":["https:\/\/fuentesfidedignas.com.mx\/index.php\/2024\/07\/18\/32-muertos-por-enfrentamientos-entre-policias-y-estudiantes-en-banglades\/#respond"]}]},{"@type":"WebPage","@id":"https:\/\/fuentesfidedignas.com.mx\/index.php\/2024\/07\/18\/32-muertos-por-enfrentamientos-entre-policias-y-estudiantes-en-banglades\/","url":"https:\/\/fuentesfidedignas.com.mx\/index.php\/2024\/07\/18\/32-muertos-por-enfrentamientos-entre-policias-y-estudiantes-en-banglades\/","name":"32 muertos por enfrentamientos entre polic\u00edas y estudiantes en Banglad\u00e9s - Fuentes Fidedignas","isPartOf":{"@id":"https:\/\/fuentesfidedignas.com.mx\/#website"},"primaryImageOfPage":{"@id":"https:\/\/fuentesfidedignas.com.mx\/index.php\/2024\/07\/18\/32-muertos-por-enfrentamientos-entre-policias-y-estudiantes-en-banglades\/#primaryimage"},"image":{"@id":"https:\/\/fuentesfidedignas.com.mx\/index.php\/2024\/07\/18\/32-muertos-por-enfrentamientos-entre-policias-y-estudiantes-en-banglades\/#primaryimage"},"thumbnailUrl":"https:\/\/fuentesfidedignas.com.mx\/wp-content\/uploads\/2024\/07\/enfrentamientos-en-Banglades.jpg","datePublished":"2024-07-18T19:12:13+00:00","dateModified":"2024-07-18T19:12:52+00:00","breadcrumb":{"@id":"https:\/\/fuentesfidedignas.com.mx\/index.php\/2024\/07\/18\/32-muertos-por-enfrentamientos-entre-policias-y-estudiantes-en-banglades\/#breadcrumb"},"inLanguage":"es","potentialAction":[{"@type":"ReadAction","target":["https:\/\/fuentesfidedignas.com.mx\/index.php\/2024\/07\/18\/32-muertos-por-enfrentamientos-entre-policias-y-estudiantes-en-banglades\/"]}]},{"@type":"ImageObject","inLanguage":"es","@id":"https:\/\/fuentesfidedignas.com.mx\/index.php\/2024\/07\/18\/32-muertos-por-enfrentamientos-entre-policias-y-estudiantes-en-banglades\/#primaryimage","url":"https:\/\/fuentesfidedignas.com.mx\/wp-content\/uploads\/2024\/07\/enfrentamientos-en-Banglades.jpg","contentUrl":"https:\/\/fuentesfidedignas.com.mx\/wp-content\/uploads\/2024\/07\/enfrentamientos-en-Banglades.jpg","width":650,"height":429},{"@type":"BreadcrumbList","@id":"https:\/\/fuentesfidedignas.com.mx\/index.php\/2024\/07\/18\/32-muertos-por-enfrentamientos-entre-policias-y-estudiantes-en-banglades\/#breadcrumb","itemListElement":[{"@type":"ListItem","position":1,"name":"Inicio","item":"https:\/\/fuentesfidedignas.com.mx\/"},{"@type":"ListItem","position":2,"name":"32 muertos por enfrentamientos entre polic\u00edas y estudiantes en Banglad\u00e9s"}]},{"@type":"WebSite","@id":"https:\/\/fuentesfidedignas.com.mx\/#website","url":"https:\/\/fuentesfidedignas.com.mx\/","name":"Fuentes Fidedignas","description":"Otro sitio realizado con WordPress","publisher":{"@id":"https:\/\/fuentesfidedignas.com.mx\/#organization"},"potentialAction":[{"@type":"SearchAction","target":{"@type":"EntryPoint","urlTemplate":"https:\/\/fuentesfidedignas.com.mx\/?s={search_term_string}"},"query-input":{"@type":"PropertyValueSpecification","valueRequired":true,"valueName":"search_term_string"}}],"inLanguage":"es"},{"@type":"Organization","@id":"https:\/\/fuentesfidedignas.com.mx\/#organization","name":"Fuentes Fidedignas","url":"https:\/\/fuentesfidedignas.com.mx\/","logo":{"@type":"ImageObject","inLanguage":"es","@id":"https:\/\/fuentesfidedignas.com.mx\/#\/schema\/logo\/image\/","url":"https:\/\/fuentesfidedignas.com.mx\/wp-content\/uploads\/2021\/04\/logo-retina.png","contentUrl":"https:\/\/fuentesfidedignas.com.mx\/wp-content\/uploads\/2021\/04\/logo-retina.png","width":280,"height":51,"caption":"Fuentes Fidedignas"},"image":{"@id":"https:\/\/fuentesfidedignas.com.mx\/#\/schema\/logo\/image\/"},"sameAs":["https:\/\/www.facebook.com\/Fuentes-Fidedignas-368234489921644","https:\/\/x.com\/fidedignas"]},{"@type":"Person","@id":"https:\/\/fuentesfidedignas.com.mx\/#\/schema\/person\/1827b38c6cf89e1d6cc7d78ca3fae732","name":"AFP","image":{"@type":"ImageObject","inLanguage":"es","@id":"https:\/\/secure.gravatar.com\/avatar\/236827d2ee9bf15e1ea99e0c1cd1b467cffa55e324d177638d0f8de7950cbae6?s=96&d=mm&r=g","url":"https:\/\/secure.gravatar.com\/avatar\/236827d2ee9bf15e1ea99e0c1cd1b467cffa55e324d177638d0f8de7950cbae6?s=96&d=mm&r=g","contentUrl":"https:\/\/secure.gravatar.com\/avatar\/236827d2ee9bf15e1ea99e0c1cd1b467cffa55e324d177638d0f8de7950cbae6?s=96&d=mm&r=g","caption":"AFP"},"url":"https:\/\/fuentesfidedignas.com.mx\/index.php\/author\/afp\/"}]}},"_links":{"self":[{"href":"https:\/\/fuentesfidedignas.com.mx\/index.php\/wp-json\/wp\/v2\/posts\/86789","targetHints":{"allow":["GET"]}}],"collection":[{"href":"https:\/\/fuentesfidedignas.com.mx\/index.php\/wp-json\/wp\/v2\/posts"}],"about":[{"href":"https:\/\/fuentesfidedignas.com.mx\/index.php\/wp-json\/wp\/v2\/types\/post"}],"author":[{"embeddable":true,"href":"https:\/\/fuentesfidedignas.com.mx\/index.php\/wp-json\/wp\/v2\/users\/12"}],"replies":[{"embeddable":true,"href":"https:\/\/fuentesfidedignas.com.mx\/index.php\/wp-json\/wp\/v2\/comments?post=86789"}],"version-history":[{"count":1,"href":"https:\/\/fuentesfidedignas.com.mx\/index.php\/wp-json\/wp\/v2\/posts\/86789\/revisions"}],"predecessor-version":[{"id":86792,"href":"https:\/\/fuentesfidedignas.com.mx\/index.php\/wp-json\/wp\/v2\/posts\/86789\/revisions\/86792"}],"wp:featuredmedia":[{"embeddable":true,"href":"https:\/\/fuentesfidedignas.com.mx\/index.php\/wp-json\/wp\/v2\/media\/86790"}],"wp:attachment":[{"href":"https:\/\/fuentesfidedignas.com.mx\/index.php\/wp-json\/wp\/v2\/media?parent=86789"}],"wp:term":[{"taxonomy":"category","embeddable":true,"href":"https:\/\/fuentesfidedignas.com.mx\/index.php\/wp-json\/wp\/v2\/categories?post=86789"},{"taxonomy":"post_tag","embeddable":true,"href":"https:\/\/fuentesfidedignas.com.mx\/index.php\/wp-json\/wp\/v2\/tags?post=86789"}],"curies":[{"name":"wp","href":"https:\/\/api.w.org\/{rel}","templated":true}]}}