{"id":8673,"date":"2021-08-01T08:31:29","date_gmt":"2021-08-01T15:31:29","guid":{"rendered":"https:\/\/fuentesfidedignas.com.mx\/?p=8673"},"modified":"2021-08-01T08:42:16","modified_gmt":"2021-08-01T15:42:16","slug":"pfizer-y-moderna-suben-los-precios-de-las-vacunas-para-el-covid-19-en-la-union-europea-ft","status":"publish","type":"post","link":"https:\/\/fuentesfidedignas.com.mx\/index.php\/2021\/08\/01\/pfizer-y-moderna-suben-los-precios-de-las-vacunas-para-el-covid-19-en-la-union-europea-ft\/","title":{"rendered":"Pfizer y Moderna suben los precios de las vacunas para el Covid-19 en la Uni\u00f3n Europea: FT"},"content":{"rendered":"\n<p><strong><em>El nuevo precio de la vacuna de Pfizer fue de 19.50 euros frente a los 15.50 euros anteriores, dijo el diario estadounidense.<\/em><\/strong><\/p>\n\n\n\n<p>Ciudad de M\u00e9xico.- Pfizer Inc y Moderna Inc subieron los precios de sus vacunas para el Covid-19 en sus \u00faltimos contratos de suministro en la Uni\u00f3n Europea, inform\u00f3 el domingo el Financial Times.<\/p>\n\n\n\n<p>El nuevo precio de la vacuna de Pfizer fue de 19.50 euros (23.15 d\u00f3lares) frente a los 15.50 euros anteriores, dijo el peri\u00f3dico, que cit\u00f3 partes de los contratos. El valor de la vacuna Moderna fue de 25.50 d\u00f3lares por dosis, seg\u00fan los contratos, superior a los 19 euros del primer acuerdo de adquisici\u00f3n, pero inferior a los 28.50 d\u00f3lares anteriores, porque el pedido hab\u00eda crecido, seg\u00fan un funcionario cercano al asunto que fue citado por FT.<\/p>\n\n\n\n<p>La Comisi\u00f3n Europea dijo el martes que la UE est\u00e1 en camino de alcanzar el objetivo de vacunar completamente al menos al 70% de la poblaci\u00f3n adulta para el final del verano boreal.<\/p>\n\n\n\n<p>En mayo, la UE dijo que esperaba haber recibido m\u00e1s de mil millones de dosis de vacunas para finales de septiembre de cuatro fabricantes de medicamentos.<\/p>\n\n\n\n<p>Pfizer y Moderna no estuvieron disponibles inmediatamente para hacer comentarios a Reuters.<\/p>\n","protected":false},"excerpt":{"rendered":"<p>El nuevo precio de la vacuna de Pfizer fue de 19.50 euros frente a los 15.50 euros anteriores, dijo el diario estadounidense. Ciudad de M\u00e9xico.- Pfizer Inc y Moderna Inc subieron los precios de sus vacunas para el Covid-19 en sus \u00faltimos contratos de suministro en la Uni\u00f3n Europea, inform\u00f3 el domingo el Financial Times. [&hellip;]<\/p>\n","protected":false},"author":8,"featured_media":8674,"comment_status":"open","ping_status":"open","sticky":false,"template":"","format":"standard","meta":{"tdm_status":"","tdm_grid_status":"","footnotes":""},"categories":[39],"tags":[332,59,416,472],"class_list":{"0":"post-8673","1":"post","2":"type-post","3":"status-publish","4":"format-standard","5":"has-post-thumbnail","7":"category-noticias-nacionales","8":"tag-coronavirus","9":"tag-covid-19","10":"tag-sars-cov-2","11":"tag-union-europea"},"yoast_head":"<!-- This site is optimized with the Yoast SEO plugin v27.4 - https:\/\/yoast.com\/product\/yoast-seo-wordpress\/ -->\n<title>Pfizer y Moderna suben los precios de las vacunas para el Covid-19 en la Uni\u00f3n Europea: FT - Fuentes Fidedignas<\/title>\n<meta name=\"robots\" content=\"index, follow, max-snippet:-1, max-image-preview:large, max-video-preview:-1\" \/>\n<link rel=\"canonical\" href=\"https:\/\/fuentesfidedignas.com.mx\/index.php\/2021\/08\/01\/pfizer-y-moderna-suben-los-precios-de-las-vacunas-para-el-covid-19-en-la-union-europea-ft\/\" \/>\n<meta property=\"og:locale\" content=\"es_MX\" \/>\n<meta property=\"og:type\" content=\"article\" \/>\n<meta property=\"og:title\" content=\"Pfizer y Moderna suben los precios de las vacunas para el Covid-19 en la Uni\u00f3n Europea: FT - Fuentes Fidedignas\" \/>\n<meta property=\"og:description\" content=\"El nuevo precio de la vacuna de Pfizer fue de 19.50 euros frente a los 15.50 euros anteriores, dijo el diario estadounidense. Ciudad de M\u00e9xico.- Pfizer Inc y Moderna Inc subieron los precios de sus vacunas para el Covid-19 en sus \u00faltimos contratos de suministro en la Uni\u00f3n Europea, inform\u00f3 el domingo el Financial Times. [&hellip;]\" \/>\n<meta property=\"og:url\" content=\"https:\/\/fuentesfidedignas.com.mx\/index.php\/2021\/08\/01\/pfizer-y-moderna-suben-los-precios-de-las-vacunas-para-el-covid-19-en-la-union-europea-ft\/\" \/>\n<meta property=\"og:site_name\" content=\"Fuentes Fidedignas\" \/>\n<meta property=\"article:publisher\" content=\"https:\/\/www.facebook.com\/Fuentes-Fidedignas-368234489921644\" \/>\n<meta property=\"article:published_time\" content=\"2021-08-01T15:31:29+00:00\" \/>\n<meta property=\"article:modified_time\" content=\"2021-08-01T15:42:16+00:00\" \/>\n<meta property=\"og:image\" content=\"https:\/\/fuentesfidedignas.com.mx\/wp-content\/uploads\/2021\/08\/pfizer-1-640x360-2.jpg\" \/>\n\t<meta property=\"og:image:width\" content=\"640\" \/>\n\t<meta property=\"og:image:height\" content=\"360\" \/>\n\t<meta property=\"og:image:type\" content=\"image\/jpeg\" \/>\n<meta name=\"author\" content=\"Reuters\" \/>\n<meta name=\"twitter:card\" content=\"summary_large_image\" \/>\n<meta name=\"twitter:creator\" content=\"@fidedignas\" \/>\n<meta name=\"twitter:site\" content=\"@fidedignas\" \/>\n<meta name=\"twitter:label1\" content=\"Escrito por\" \/>\n\t<meta name=\"twitter:data1\" content=\"Reuters\" \/>\n\t<meta name=\"twitter:label2\" content=\"Tiempo de lectura\" \/>\n\t<meta name=\"twitter:data2\" content=\"1 minuto\" \/>\n<script type=\"application\/ld+json\" class=\"yoast-schema-graph\">{\"@context\":\"https:\\\/\\\/schema.org\",\"@graph\":[{\"@type\":\"Article\",\"@id\":\"https:\\\/\\\/fuentesfidedignas.com.mx\\\/index.php\\\/2021\\\/08\\\/01\\\/pfizer-y-moderna-suben-los-precios-de-las-vacunas-para-el-covid-19-en-la-union-europea-ft\\\/#article\",\"isPartOf\":{\"@id\":\"https:\\\/\\\/fuentesfidedignas.com.mx\\\/index.php\\\/2021\\\/08\\\/01\\\/pfizer-y-moderna-suben-los-precios-de-las-vacunas-para-el-covid-19-en-la-union-europea-ft\\\/\"},\"author\":{\"name\":\"Reuters\",\"@id\":\"https:\\\/\\\/fuentesfidedignas.com.mx\\\/#\\\/schema\\\/person\\\/699c239076aac7aa88ecc3c15c72710f\"},\"headline\":\"Pfizer y Moderna suben los precios de las vacunas para el Covid-19 en la Uni\u00f3n Europea: FT\",\"datePublished\":\"2021-08-01T15:31:29+00:00\",\"dateModified\":\"2021-08-01T15:42:16+00:00\",\"mainEntityOfPage\":{\"@id\":\"https:\\\/\\\/fuentesfidedignas.com.mx\\\/index.php\\\/2021\\\/08\\\/01\\\/pfizer-y-moderna-suben-los-precios-de-las-vacunas-para-el-covid-19-en-la-union-europea-ft\\\/\"},\"wordCount\":226,\"commentCount\":0,\"publisher\":{\"@id\":\"https:\\\/\\\/fuentesfidedignas.com.mx\\\/#organization\"},\"image\":{\"@id\":\"https:\\\/\\\/fuentesfidedignas.com.mx\\\/index.php\\\/2021\\\/08\\\/01\\\/pfizer-y-moderna-suben-los-precios-de-las-vacunas-para-el-covid-19-en-la-union-europea-ft\\\/#primaryimage\"},\"thumbnailUrl\":\"https:\\\/\\\/fuentesfidedignas.com.mx\\\/wp-content\\\/uploads\\\/2021\\\/08\\\/pfizer-1-640x360-2.jpg\",\"keywords\":[\"Coronavirus\",\"Covid-19\",\"SARS-CoV-2\",\"Uni\u00f3n Europea\"],\"articleSection\":[\"NOTICIAS NACIONALES\"],\"inLanguage\":\"es\",\"potentialAction\":[{\"@type\":\"CommentAction\",\"name\":\"Comment\",\"target\":[\"https:\\\/\\\/fuentesfidedignas.com.mx\\\/index.php\\\/2021\\\/08\\\/01\\\/pfizer-y-moderna-suben-los-precios-de-las-vacunas-para-el-covid-19-en-la-union-europea-ft\\\/#respond\"]}]},{\"@type\":\"WebPage\",\"@id\":\"https:\\\/\\\/fuentesfidedignas.com.mx\\\/index.php\\\/2021\\\/08\\\/01\\\/pfizer-y-moderna-suben-los-precios-de-las-vacunas-para-el-covid-19-en-la-union-europea-ft\\\/\",\"url\":\"https:\\\/\\\/fuentesfidedignas.com.mx\\\/index.php\\\/2021\\\/08\\\/01\\\/pfizer-y-moderna-suben-los-precios-de-las-vacunas-para-el-covid-19-en-la-union-europea-ft\\\/\",\"name\":\"Pfizer y Moderna suben los precios de las vacunas para el Covid-19 en la Uni\u00f3n Europea: FT - Fuentes Fidedignas\",\"isPartOf\":{\"@id\":\"https:\\\/\\\/fuentesfidedignas.com.mx\\\/#website\"},\"primaryImageOfPage\":{\"@id\":\"https:\\\/\\\/fuentesfidedignas.com.mx\\\/index.php\\\/2021\\\/08\\\/01\\\/pfizer-y-moderna-suben-los-precios-de-las-vacunas-para-el-covid-19-en-la-union-europea-ft\\\/#primaryimage\"},\"image\":{\"@id\":\"https:\\\/\\\/fuentesfidedignas.com.mx\\\/index.php\\\/2021\\\/08\\\/01\\\/pfizer-y-moderna-suben-los-precios-de-las-vacunas-para-el-covid-19-en-la-union-europea-ft\\\/#primaryimage\"},\"thumbnailUrl\":\"https:\\\/\\\/fuentesfidedignas.com.mx\\\/wp-content\\\/uploads\\\/2021\\\/08\\\/pfizer-1-640x360-2.jpg\",\"datePublished\":\"2021-08-01T15:31:29+00:00\",\"dateModified\":\"2021-08-01T15:42:16+00:00\",\"breadcrumb\":{\"@id\":\"https:\\\/\\\/fuentesfidedignas.com.mx\\\/index.php\\\/2021\\\/08\\\/01\\\/pfizer-y-moderna-suben-los-precios-de-las-vacunas-para-el-covid-19-en-la-union-europea-ft\\\/#breadcrumb\"},\"inLanguage\":\"es\",\"potentialAction\":[{\"@type\":\"ReadAction\",\"target\":[\"https:\\\/\\\/fuentesfidedignas.com.mx\\\/index.php\\\/2021\\\/08\\\/01\\\/pfizer-y-moderna-suben-los-precios-de-las-vacunas-para-el-covid-19-en-la-union-europea-ft\\\/\"]}]},{\"@type\":\"ImageObject\",\"inLanguage\":\"es\",\"@id\":\"https:\\\/\\\/fuentesfidedignas.com.mx\\\/index.php\\\/2021\\\/08\\\/01\\\/pfizer-y-moderna-suben-los-precios-de-las-vacunas-para-el-covid-19-en-la-union-europea-ft\\\/#primaryimage\",\"url\":\"https:\\\/\\\/fuentesfidedignas.com.mx\\\/wp-content\\\/uploads\\\/2021\\\/08\\\/pfizer-1-640x360-2.jpg\",\"contentUrl\":\"https:\\\/\\\/fuentesfidedignas.com.mx\\\/wp-content\\\/uploads\\\/2021\\\/08\\\/pfizer-1-640x360-2.jpg\",\"width\":640,\"height\":360},{\"@type\":\"BreadcrumbList\",\"@id\":\"https:\\\/\\\/fuentesfidedignas.com.mx\\\/index.php\\\/2021\\\/08\\\/01\\\/pfizer-y-moderna-suben-los-precios-de-las-vacunas-para-el-covid-19-en-la-union-europea-ft\\\/#breadcrumb\",\"itemListElement\":[{\"@type\":\"ListItem\",\"position\":1,\"name\":\"Inicio\",\"item\":\"https:\\\/\\\/fuentesfidedignas.com.mx\\\/\"},{\"@type\":\"ListItem\",\"position\":2,\"name\":\"Pfizer y Moderna suben los precios de las vacunas para el Covid-19 en la Uni\u00f3n Europea: FT\"}]},{\"@type\":\"WebSite\",\"@id\":\"https:\\\/\\\/fuentesfidedignas.com.mx\\\/#website\",\"url\":\"https:\\\/\\\/fuentesfidedignas.com.mx\\\/\",\"name\":\"Fuentes Fidedignas\",\"description\":\"Otro sitio realizado con WordPress\",\"publisher\":{\"@id\":\"https:\\\/\\\/fuentesfidedignas.com.mx\\\/#organization\"},\"potentialAction\":[{\"@type\":\"SearchAction\",\"target\":{\"@type\":\"EntryPoint\",\"urlTemplate\":\"https:\\\/\\\/fuentesfidedignas.com.mx\\\/?s={search_term_string}\"},\"query-input\":{\"@type\":\"PropertyValueSpecification\",\"valueRequired\":true,\"valueName\":\"search_term_string\"}}],\"inLanguage\":\"es\"},{\"@type\":\"Organization\",\"@id\":\"https:\\\/\\\/fuentesfidedignas.com.mx\\\/#organization\",\"name\":\"Fuentes Fidedignas\",\"url\":\"https:\\\/\\\/fuentesfidedignas.com.mx\\\/\",\"logo\":{\"@type\":\"ImageObject\",\"inLanguage\":\"es\",\"@id\":\"https:\\\/\\\/fuentesfidedignas.com.mx\\\/#\\\/schema\\\/logo\\\/image\\\/\",\"url\":\"https:\\\/\\\/fuentesfidedignas.com.mx\\\/wp-content\\\/uploads\\\/2021\\\/04\\\/logo-retina.png\",\"contentUrl\":\"https:\\\/\\\/fuentesfidedignas.com.mx\\\/wp-content\\\/uploads\\\/2021\\\/04\\\/logo-retina.png\",\"width\":280,\"height\":51,\"caption\":\"Fuentes Fidedignas\"},\"image\":{\"@id\":\"https:\\\/\\\/fuentesfidedignas.com.mx\\\/#\\\/schema\\\/logo\\\/image\\\/\"},\"sameAs\":[\"https:\\\/\\\/www.facebook.com\\\/Fuentes-Fidedignas-368234489921644\",\"https:\\\/\\\/x.com\\\/fidedignas\"]},{\"@type\":\"Person\",\"@id\":\"https:\\\/\\\/fuentesfidedignas.com.mx\\\/#\\\/schema\\\/person\\\/699c239076aac7aa88ecc3c15c72710f\",\"name\":\"Reuters\",\"image\":{\"@type\":\"ImageObject\",\"inLanguage\":\"es\",\"@id\":\"https:\\\/\\\/secure.gravatar.com\\\/avatar\\\/06c46a9bb47e91c2e7c5aa85ad0855c43a11fd5a7b8dd6ec0e8fe8e471140a59?s=96&d=mm&r=g\",\"url\":\"https:\\\/\\\/secure.gravatar.com\\\/avatar\\\/06c46a9bb47e91c2e7c5aa85ad0855c43a11fd5a7b8dd6ec0e8fe8e471140a59?s=96&d=mm&r=g\",\"contentUrl\":\"https:\\\/\\\/secure.gravatar.com\\\/avatar\\\/06c46a9bb47e91c2e7c5aa85ad0855c43a11fd5a7b8dd6ec0e8fe8e471140a59?s=96&d=mm&r=g\",\"caption\":\"Reuters\"},\"url\":\"https:\\\/\\\/fuentesfidedignas.com.mx\\\/index.php\\\/author\\\/reuters\\\/\"}]}<\/script>\n<!-- \/ Yoast SEO plugin. -->","yoast_head_json":{"title":"Pfizer y Moderna suben los precios de las vacunas para el Covid-19 en la Uni\u00f3n Europea: FT - Fuentes Fidedignas","robots":{"index":"index","follow":"follow","max-snippet":"max-snippet:-1","max-image-preview":"max-image-preview:large","max-video-preview":"max-video-preview:-1"},"canonical":"https:\/\/fuentesfidedignas.com.mx\/index.php\/2021\/08\/01\/pfizer-y-moderna-suben-los-precios-de-las-vacunas-para-el-covid-19-en-la-union-europea-ft\/","og_locale":"es_MX","og_type":"article","og_title":"Pfizer y Moderna suben los precios de las vacunas para el Covid-19 en la Uni\u00f3n Europea: FT - Fuentes Fidedignas","og_description":"El nuevo precio de la vacuna de Pfizer fue de 19.50 euros frente a los 15.50 euros anteriores, dijo el diario estadounidense. Ciudad de M\u00e9xico.- Pfizer Inc y Moderna Inc subieron los precios de sus vacunas para el Covid-19 en sus \u00faltimos contratos de suministro en la Uni\u00f3n Europea, inform\u00f3 el domingo el Financial Times. [&hellip;]","og_url":"https:\/\/fuentesfidedignas.com.mx\/index.php\/2021\/08\/01\/pfizer-y-moderna-suben-los-precios-de-las-vacunas-para-el-covid-19-en-la-union-europea-ft\/","og_site_name":"Fuentes Fidedignas","article_publisher":"https:\/\/www.facebook.com\/Fuentes-Fidedignas-368234489921644","article_published_time":"2021-08-01T15:31:29+00:00","article_modified_time":"2021-08-01T15:42:16+00:00","og_image":[{"width":640,"height":360,"url":"https:\/\/fuentesfidedignas.com.mx\/wp-content\/uploads\/2021\/08\/pfizer-1-640x360-2.jpg","type":"image\/jpeg"}],"author":"Reuters","twitter_card":"summary_large_image","twitter_creator":"@fidedignas","twitter_site":"@fidedignas","twitter_misc":{"Escrito por":"Reuters","Tiempo de lectura":"1 minuto"},"schema":{"@context":"https:\/\/schema.org","@graph":[{"@type":"Article","@id":"https:\/\/fuentesfidedignas.com.mx\/index.php\/2021\/08\/01\/pfizer-y-moderna-suben-los-precios-de-las-vacunas-para-el-covid-19-en-la-union-europea-ft\/#article","isPartOf":{"@id":"https:\/\/fuentesfidedignas.com.mx\/index.php\/2021\/08\/01\/pfizer-y-moderna-suben-los-precios-de-las-vacunas-para-el-covid-19-en-la-union-europea-ft\/"},"author":{"name":"Reuters","@id":"https:\/\/fuentesfidedignas.com.mx\/#\/schema\/person\/699c239076aac7aa88ecc3c15c72710f"},"headline":"Pfizer y Moderna suben los precios de las vacunas para el Covid-19 en la Uni\u00f3n Europea: FT","datePublished":"2021-08-01T15:31:29+00:00","dateModified":"2021-08-01T15:42:16+00:00","mainEntityOfPage":{"@id":"https:\/\/fuentesfidedignas.com.mx\/index.php\/2021\/08\/01\/pfizer-y-moderna-suben-los-precios-de-las-vacunas-para-el-covid-19-en-la-union-europea-ft\/"},"wordCount":226,"commentCount":0,"publisher":{"@id":"https:\/\/fuentesfidedignas.com.mx\/#organization"},"image":{"@id":"https:\/\/fuentesfidedignas.com.mx\/index.php\/2021\/08\/01\/pfizer-y-moderna-suben-los-precios-de-las-vacunas-para-el-covid-19-en-la-union-europea-ft\/#primaryimage"},"thumbnailUrl":"https:\/\/fuentesfidedignas.com.mx\/wp-content\/uploads\/2021\/08\/pfizer-1-640x360-2.jpg","keywords":["Coronavirus","Covid-19","SARS-CoV-2","Uni\u00f3n Europea"],"articleSection":["NOTICIAS NACIONALES"],"inLanguage":"es","potentialAction":[{"@type":"CommentAction","name":"Comment","target":["https:\/\/fuentesfidedignas.com.mx\/index.php\/2021\/08\/01\/pfizer-y-moderna-suben-los-precios-de-las-vacunas-para-el-covid-19-en-la-union-europea-ft\/#respond"]}]},{"@type":"WebPage","@id":"https:\/\/fuentesfidedignas.com.mx\/index.php\/2021\/08\/01\/pfizer-y-moderna-suben-los-precios-de-las-vacunas-para-el-covid-19-en-la-union-europea-ft\/","url":"https:\/\/fuentesfidedignas.com.mx\/index.php\/2021\/08\/01\/pfizer-y-moderna-suben-los-precios-de-las-vacunas-para-el-covid-19-en-la-union-europea-ft\/","name":"Pfizer y Moderna suben los precios de las vacunas para el Covid-19 en la Uni\u00f3n Europea: FT - Fuentes Fidedignas","isPartOf":{"@id":"https:\/\/fuentesfidedignas.com.mx\/#website"},"primaryImageOfPage":{"@id":"https:\/\/fuentesfidedignas.com.mx\/index.php\/2021\/08\/01\/pfizer-y-moderna-suben-los-precios-de-las-vacunas-para-el-covid-19-en-la-union-europea-ft\/#primaryimage"},"image":{"@id":"https:\/\/fuentesfidedignas.com.mx\/index.php\/2021\/08\/01\/pfizer-y-moderna-suben-los-precios-de-las-vacunas-para-el-covid-19-en-la-union-europea-ft\/#primaryimage"},"thumbnailUrl":"https:\/\/fuentesfidedignas.com.mx\/wp-content\/uploads\/2021\/08\/pfizer-1-640x360-2.jpg","datePublished":"2021-08-01T15:31:29+00:00","dateModified":"2021-08-01T15:42:16+00:00","breadcrumb":{"@id":"https:\/\/fuentesfidedignas.com.mx\/index.php\/2021\/08\/01\/pfizer-y-moderna-suben-los-precios-de-las-vacunas-para-el-covid-19-en-la-union-europea-ft\/#breadcrumb"},"inLanguage":"es","potentialAction":[{"@type":"ReadAction","target":["https:\/\/fuentesfidedignas.com.mx\/index.php\/2021\/08\/01\/pfizer-y-moderna-suben-los-precios-de-las-vacunas-para-el-covid-19-en-la-union-europea-ft\/"]}]},{"@type":"ImageObject","inLanguage":"es","@id":"https:\/\/fuentesfidedignas.com.mx\/index.php\/2021\/08\/01\/pfizer-y-moderna-suben-los-precios-de-las-vacunas-para-el-covid-19-en-la-union-europea-ft\/#primaryimage","url":"https:\/\/fuentesfidedignas.com.mx\/wp-content\/uploads\/2021\/08\/pfizer-1-640x360-2.jpg","contentUrl":"https:\/\/fuentesfidedignas.com.mx\/wp-content\/uploads\/2021\/08\/pfizer-1-640x360-2.jpg","width":640,"height":360},{"@type":"BreadcrumbList","@id":"https:\/\/fuentesfidedignas.com.mx\/index.php\/2021\/08\/01\/pfizer-y-moderna-suben-los-precios-de-las-vacunas-para-el-covid-19-en-la-union-europea-ft\/#breadcrumb","itemListElement":[{"@type":"ListItem","position":1,"name":"Inicio","item":"https:\/\/fuentesfidedignas.com.mx\/"},{"@type":"ListItem","position":2,"name":"Pfizer y Moderna suben los precios de las vacunas para el Covid-19 en la Uni\u00f3n Europea: FT"}]},{"@type":"WebSite","@id":"https:\/\/fuentesfidedignas.com.mx\/#website","url":"https:\/\/fuentesfidedignas.com.mx\/","name":"Fuentes Fidedignas","description":"Otro sitio realizado con WordPress","publisher":{"@id":"https:\/\/fuentesfidedignas.com.mx\/#organization"},"potentialAction":[{"@type":"SearchAction","target":{"@type":"EntryPoint","urlTemplate":"https:\/\/fuentesfidedignas.com.mx\/?s={search_term_string}"},"query-input":{"@type":"PropertyValueSpecification","valueRequired":true,"valueName":"search_term_string"}}],"inLanguage":"es"},{"@type":"Organization","@id":"https:\/\/fuentesfidedignas.com.mx\/#organization","name":"Fuentes Fidedignas","url":"https:\/\/fuentesfidedignas.com.mx\/","logo":{"@type":"ImageObject","inLanguage":"es","@id":"https:\/\/fuentesfidedignas.com.mx\/#\/schema\/logo\/image\/","url":"https:\/\/fuentesfidedignas.com.mx\/wp-content\/uploads\/2021\/04\/logo-retina.png","contentUrl":"https:\/\/fuentesfidedignas.com.mx\/wp-content\/uploads\/2021\/04\/logo-retina.png","width":280,"height":51,"caption":"Fuentes Fidedignas"},"image":{"@id":"https:\/\/fuentesfidedignas.com.mx\/#\/schema\/logo\/image\/"},"sameAs":["https:\/\/www.facebook.com\/Fuentes-Fidedignas-368234489921644","https:\/\/x.com\/fidedignas"]},{"@type":"Person","@id":"https:\/\/fuentesfidedignas.com.mx\/#\/schema\/person\/699c239076aac7aa88ecc3c15c72710f","name":"Reuters","image":{"@type":"ImageObject","inLanguage":"es","@id":"https:\/\/secure.gravatar.com\/avatar\/06c46a9bb47e91c2e7c5aa85ad0855c43a11fd5a7b8dd6ec0e8fe8e471140a59?s=96&d=mm&r=g","url":"https:\/\/secure.gravatar.com\/avatar\/06c46a9bb47e91c2e7c5aa85ad0855c43a11fd5a7b8dd6ec0e8fe8e471140a59?s=96&d=mm&r=g","contentUrl":"https:\/\/secure.gravatar.com\/avatar\/06c46a9bb47e91c2e7c5aa85ad0855c43a11fd5a7b8dd6ec0e8fe8e471140a59?s=96&d=mm&r=g","caption":"Reuters"},"url":"https:\/\/fuentesfidedignas.com.mx\/index.php\/author\/reuters\/"}]}},"_links":{"self":[{"href":"https:\/\/fuentesfidedignas.com.mx\/index.php\/wp-json\/wp\/v2\/posts\/8673","targetHints":{"allow":["GET"]}}],"collection":[{"href":"https:\/\/fuentesfidedignas.com.mx\/index.php\/wp-json\/wp\/v2\/posts"}],"about":[{"href":"https:\/\/fuentesfidedignas.com.mx\/index.php\/wp-json\/wp\/v2\/types\/post"}],"author":[{"embeddable":true,"href":"https:\/\/fuentesfidedignas.com.mx\/index.php\/wp-json\/wp\/v2\/users\/8"}],"replies":[{"embeddable":true,"href":"https:\/\/fuentesfidedignas.com.mx\/index.php\/wp-json\/wp\/v2\/comments?post=8673"}],"version-history":[{"count":2,"href":"https:\/\/fuentesfidedignas.com.mx\/index.php\/wp-json\/wp\/v2\/posts\/8673\/revisions"}],"predecessor-version":[{"id":8676,"href":"https:\/\/fuentesfidedignas.com.mx\/index.php\/wp-json\/wp\/v2\/posts\/8673\/revisions\/8676"}],"wp:featuredmedia":[{"embeddable":true,"href":"https:\/\/fuentesfidedignas.com.mx\/index.php\/wp-json\/wp\/v2\/media\/8674"}],"wp:attachment":[{"href":"https:\/\/fuentesfidedignas.com.mx\/index.php\/wp-json\/wp\/v2\/media?parent=8673"}],"wp:term":[{"taxonomy":"category","embeddable":true,"href":"https:\/\/fuentesfidedignas.com.mx\/index.php\/wp-json\/wp\/v2\/categories?post=8673"},{"taxonomy":"post_tag","embeddable":true,"href":"https:\/\/fuentesfidedignas.com.mx\/index.php\/wp-json\/wp\/v2\/tags?post=8673"}],"curies":[{"name":"wp","href":"https:\/\/api.w.org\/{rel}","templated":true}]}}