{"id":86633,"date":"2024-07-16T14:43:59","date_gmt":"2024-07-16T21:43:59","guid":{"rendered":"https:\/\/fuentesfidedignas.com.mx\/?p=86633"},"modified":"2024-07-16T14:43:59","modified_gmt":"2024-07-16T21:43:59","slug":"el-espejismo-del-progresismo-la-nueva-cara-del-conservadurismo","status":"publish","type":"post","link":"https:\/\/fuentesfidedignas.com.mx\/index.php\/2024\/07\/16\/el-espejismo-del-progresismo-la-nueva-cara-del-conservadurismo\/","title":{"rendered":"El Espejismo del Progresismo, la nueva cara del Conservadurismo"},"content":{"rendered":"\n<p>El conservadurismo ya no es patrimonio exclusivo de la derecha pol\u00edtica. En un giro ir\u00f3nico de la historia, aquellos que se identifican con la izquierda o el centro-izquierda, a menudo se encuentran defendiendo el statu quo con un fervor que rivalizar\u00eda con el de los conservadores tradicionales. \u00bfC\u00f3mo hemos llegado a este punto? La respuesta, como sugerir\u00eda Theodor Adorno, podr\u00eda estar en la est\u00e9tica de nuestras vidas y en la instrumentalizaci\u00f3n de nuestros ideales.<\/p>\n\n\n\n<p>Adorno, en su &#8220;Teor\u00eda Est\u00e9tica&#8221;, nos advirti\u00f3 sobre la capacidad del capitalismo para cooptar incluso las expresiones m\u00e1s radicales de la cultura. \u00bfNo es acaso esto lo que vemos hoy, cuando el activismo se convierte en una marca personal y la cr\u00edtica social en un producto de consumo? El acad\u00e9mico progresista, con su apartamento de lujo, \u00bfno es la encarnaci\u00f3n misma de esta contradicci\u00f3n?<\/p>\n\n\n\n<p>La instrumentalizaci\u00f3n, concepto central en la cr\u00edtica de Adorno a la raz\u00f3n, se manifiesta en la forma en que incluso los m\u00e1s fervientes defensores del cambio social terminan utilizando sus ideales como herramientas para el ascenso personal. &#8220;La libertad se ha convertido en un medio para la opresi\u00f3n&#8221;.<\/p>\n\n\n\n<p>Erich Fromm, por su parte, nos ofrece otra lente a trav\u00e9s de la cual examinar esta paradoja. En &#8220;El miedo a la libertad&#8221;, Fromm explora c\u00f3mo el individuo, enfrentado a la incertidumbre de la libertad, a menudo busca refugio en estructuras autoritarias. \u00bfNo es acaso el apego a los privilegios adquiridos una forma moderna de este escape?<br>Imaginemos por un momento a un profesor universitario, otrora activista estudiantil, que ahora se opone silenciosamente a las reformas que podr\u00edan democratizar el acceso a la educaci\u00f3n superior. &#8220;Es complicado&#8221;, se justifica en reuniones de facultad, mientras su mente divaga hacia la hipoteca de su casa en un barrio exclusivo. \u00bfNo es este el miedo a la libertad del que hablaba Fromm, disfrazado de pragmatismo?<\/p>\n\n\n\n<p>El neoliberalismo, con su \u00e9nfasis en el individualismo y la competencia, ha fragmentado nuestras identidades pol\u00edticas. Ya no somos simplemente &#8220;de izquierda&#8221; o &#8220;de derecha&#8221;, sino un mosaico de posiciones que cambian seg\u00fan el tema en cuesti\u00f3n. Esta fragmentaci\u00f3n ha erosionado la solidaridad de clase, creando lo que podr\u00edamos llamar &#8220;burbujas de privilegio&#8221; que trascienden las afiliaciones pol\u00edticas tradicionales.<\/p>\n\n\n\n<p>Frente a la incertidumbre econ\u00f3mica, muchos que se consideraban progresistas se aferraron con m\u00e1s fuerza a sus privilegios. El miedo a perder lo ganado se convirti\u00f3 en un poderoso motivador conservador. \u00bfNo es esto una manifestaci\u00f3n moderna de la &#8220;falsa conciencia&#8221; marxista?<\/p>\n\n\n\n<p>Pero, \u00bfcu\u00e1les son las implicaciones a largo plazo de este fen\u00f3meno para los movimientos sociales y pol\u00edticos?<br>Por un lado, la erosi\u00f3n de la confianza en las instituciones tradicionales de izquierda podr\u00eda abrir espacio para nuevas formas de organizaci\u00f3n y activismo. Sin embargo, tambi\u00e9n existe el riesgo de una par\u00e1lisis pol\u00edtica, donde el miedo a perder lo adquirido impide cualquier cambio significativo.<\/p>\n\n\n\n<p>La conciencia de clase, otrora pilar de los movimientos progresistas, se diluye en un mar de identidades fragmentadas. El acad\u00e9mico, el artista, el profesional &#8220;progresista&#8221;, todos se encuentran atrapados en una red de privilegios que los alejan de aquellos en cuyo nombre dicen hablar. \u00bfC\u00f3mo reconciliar la teor\u00eda con la pr\u00e1ctica cuando nuestras propias vidas son testimonio de las contradicciones que criticamos?<\/p>\n\n\n\n<p>Quiz\u00e1s la respuesta est\u00e9 en un retorno a la autocr\u00edtica rigurosa que caracteriz\u00f3 a los mejores pensadores de la Escuela de Frankfurt. Debemos, como suger\u00eda Adorno, &#8220;pensar contra nosotros mismos&#8221;. Solo as\u00ed podremos esperar superar la paradoja de un progresismo que se ha vuelto conservador.<\/p>\n\n\n\n<p>\u00bfEs posible mantener una postura verdaderamente progresista en un mundo que premia el conformismo y castiga la disidencia? \u00bfPodemos superar el miedo a perder nuestros privilegios y abrazar un cambio real? Estas son las preguntas que debemos enfrentar si queremos evitar que nuestro progresismo se convierta en una mera fachada para un conservadurismo de facto.<\/p>\n\n\n\n<p>En \u00faltima instancia, el desaf\u00edo es reconocer que el verdadero progreso puede requerir sacrificios personales. Como dijo una vez Adorno: &#8220;La \u00fanica filosof\u00eda que puede ser practicada responsablemente frente a la desesperaci\u00f3n es el intento de contemplar todas las cosas tal como se presentar\u00edan desde el punto de vista de la redenci\u00f3n&#8221;.<\/p>\n\n\n\n<p>\u00bfEstamos dispuestos a contemplar nuestros privilegios desde ese punto de vista? La respuesta a esta pregunta determinar\u00e1 si el progresismo ser\u00e1 una fuerza de cambio real o simplemente otra m\u00e1scara para un conservadurismo cada vez m\u00e1s sutil y penetrante.<\/p>\n","protected":false},"excerpt":{"rendered":"<p>El conservadurismo ya no es patrimonio exclusivo de la derecha pol\u00edtica. En un giro ir\u00f3nico de la historia, aquellos que se identifican con la izquierda o el centro-izquierda, a menudo se encuentran defendiendo el statu quo con un fervor que rivalizar\u00eda con el de los conservadores tradicionales. \u00bfC\u00f3mo hemos llegado a este punto? La respuesta, [&hellip;]<\/p>\n","protected":false},"author":146,"featured_media":86632,"comment_status":"closed","ping_status":"open","sticky":false,"template":"","format":"standard","meta":{"tdm_status":"","tdm_grid_status":"","footnotes":""},"categories":[3064,3089],"tags":[],"class_list":{"0":"post-86633","1":"post","2":"type-post","3":"status-publish","4":"format-standard","5":"has-post-thumbnail","7":"category-columnas","8":"category-nutriendo-la-mente"},"yoast_head":"<!-- This site is optimized with the Yoast SEO plugin v27.5 - https:\/\/yoast.com\/product\/yoast-seo-wordpress\/ -->\n<title>El Espejismo del Progresismo, la nueva cara del Conservadurismo - Fuentes Fidedignas<\/title>\n<meta name=\"robots\" content=\"index, follow, max-snippet:-1, max-image-preview:large, max-video-preview:-1\" \/>\n<link rel=\"canonical\" href=\"https:\/\/fuentesfidedignas.com.mx\/index.php\/2024\/07\/16\/el-espejismo-del-progresismo-la-nueva-cara-del-conservadurismo\/\" \/>\n<meta property=\"og:locale\" content=\"es_MX\" \/>\n<meta property=\"og:type\" content=\"article\" \/>\n<meta property=\"og:title\" content=\"El Espejismo del Progresismo, la nueva cara del Conservadurismo - Fuentes Fidedignas\" \/>\n<meta property=\"og:description\" content=\"El conservadurismo ya no es patrimonio exclusivo de la derecha pol\u00edtica. En un giro ir\u00f3nico de la historia, aquellos que se identifican con la izquierda o el centro-izquierda, a menudo se encuentran defendiendo el statu quo con un fervor que rivalizar\u00eda con el de los conservadores tradicionales. \u00bfC\u00f3mo hemos llegado a este punto? La respuesta, [&hellip;]\" \/>\n<meta property=\"og:url\" content=\"https:\/\/fuentesfidedignas.com.mx\/index.php\/2024\/07\/16\/el-espejismo-del-progresismo-la-nueva-cara-del-conservadurismo\/\" \/>\n<meta property=\"og:site_name\" content=\"Fuentes Fidedignas\" \/>\n<meta property=\"article:publisher\" content=\"https:\/\/www.facebook.com\/Fuentes-Fidedignas-368234489921644\" \/>\n<meta property=\"article:published_time\" content=\"2024-07-16T21:43:59+00:00\" \/>\n<meta property=\"og:image\" content=\"https:\/\/fuentesfidedignas.com.mx\/wp-content\/uploads\/2024\/07\/83cccd4e-2f57-4de3-bf5c-bb90a56ec047-1.jpg\" \/>\n\t<meta property=\"og:image:width\" content=\"1600\" \/>\n\t<meta property=\"og:image:height\" content=\"1066\" \/>\n\t<meta property=\"og:image:type\" content=\"image\/jpeg\" \/>\n<meta name=\"author\" content=\"Mtro. Horacio de Jes\u00fas Malcampo Moreno\" \/>\n<meta name=\"twitter:card\" content=\"summary_large_image\" \/>\n<meta name=\"twitter:creator\" content=\"@fidedignas\" \/>\n<meta name=\"twitter:site\" content=\"@fidedignas\" \/>\n<meta name=\"twitter:label1\" content=\"Escrito por\" \/>\n\t<meta name=\"twitter:data1\" content=\"Mtro. Horacio de Jes\u00fas Malcampo Moreno\" \/>\n\t<meta name=\"twitter:label2\" content=\"Tiempo de lectura\" \/>\n\t<meta name=\"twitter:data2\" content=\"4 minutos\" \/>\n<script type=\"application\/ld+json\" class=\"yoast-schema-graph\">{\"@context\":\"https:\\\/\\\/schema.org\",\"@graph\":[{\"@type\":\"Article\",\"@id\":\"https:\\\/\\\/fuentesfidedignas.com.mx\\\/index.php\\\/2024\\\/07\\\/16\\\/el-espejismo-del-progresismo-la-nueva-cara-del-conservadurismo\\\/#article\",\"isPartOf\":{\"@id\":\"https:\\\/\\\/fuentesfidedignas.com.mx\\\/index.php\\\/2024\\\/07\\\/16\\\/el-espejismo-del-progresismo-la-nueva-cara-del-conservadurismo\\\/\"},\"author\":{\"name\":\"Mtro. Horacio de Jes\u00fas Malcampo Moreno\",\"@id\":\"https:\\\/\\\/fuentesfidedignas.com.mx\\\/#\\\/schema\\\/person\\\/3f687c55082c557a647c7836bde45728\"},\"headline\":\"El Espejismo del Progresismo, la nueva cara del Conservadurismo\",\"datePublished\":\"2024-07-16T21:43:59+00:00\",\"mainEntityOfPage\":{\"@id\":\"https:\\\/\\\/fuentesfidedignas.com.mx\\\/index.php\\\/2024\\\/07\\\/16\\\/el-espejismo-del-progresismo-la-nueva-cara-del-conservadurismo\\\/\"},\"wordCount\":789,\"publisher\":{\"@id\":\"https:\\\/\\\/fuentesfidedignas.com.mx\\\/#organization\"},\"image\":{\"@id\":\"https:\\\/\\\/fuentesfidedignas.com.mx\\\/index.php\\\/2024\\\/07\\\/16\\\/el-espejismo-del-progresismo-la-nueva-cara-del-conservadurismo\\\/#primaryimage\"},\"thumbnailUrl\":\"https:\\\/\\\/fuentesfidedignas.com.mx\\\/wp-content\\\/uploads\\\/2024\\\/07\\\/83cccd4e-2f57-4de3-bf5c-bb90a56ec047-1.jpg\",\"articleSection\":[\"COLUMNAS\",\"NUTRIENDO LA MENTE\"],\"inLanguage\":\"es\"},{\"@type\":\"WebPage\",\"@id\":\"https:\\\/\\\/fuentesfidedignas.com.mx\\\/index.php\\\/2024\\\/07\\\/16\\\/el-espejismo-del-progresismo-la-nueva-cara-del-conservadurismo\\\/\",\"url\":\"https:\\\/\\\/fuentesfidedignas.com.mx\\\/index.php\\\/2024\\\/07\\\/16\\\/el-espejismo-del-progresismo-la-nueva-cara-del-conservadurismo\\\/\",\"name\":\"El Espejismo del Progresismo, la nueva cara del Conservadurismo - Fuentes Fidedignas\",\"isPartOf\":{\"@id\":\"https:\\\/\\\/fuentesfidedignas.com.mx\\\/#website\"},\"primaryImageOfPage\":{\"@id\":\"https:\\\/\\\/fuentesfidedignas.com.mx\\\/index.php\\\/2024\\\/07\\\/16\\\/el-espejismo-del-progresismo-la-nueva-cara-del-conservadurismo\\\/#primaryimage\"},\"image\":{\"@id\":\"https:\\\/\\\/fuentesfidedignas.com.mx\\\/index.php\\\/2024\\\/07\\\/16\\\/el-espejismo-del-progresismo-la-nueva-cara-del-conservadurismo\\\/#primaryimage\"},\"thumbnailUrl\":\"https:\\\/\\\/fuentesfidedignas.com.mx\\\/wp-content\\\/uploads\\\/2024\\\/07\\\/83cccd4e-2f57-4de3-bf5c-bb90a56ec047-1.jpg\",\"datePublished\":\"2024-07-16T21:43:59+00:00\",\"breadcrumb\":{\"@id\":\"https:\\\/\\\/fuentesfidedignas.com.mx\\\/index.php\\\/2024\\\/07\\\/16\\\/el-espejismo-del-progresismo-la-nueva-cara-del-conservadurismo\\\/#breadcrumb\"},\"inLanguage\":\"es\",\"potentialAction\":[{\"@type\":\"ReadAction\",\"target\":[\"https:\\\/\\\/fuentesfidedignas.com.mx\\\/index.php\\\/2024\\\/07\\\/16\\\/el-espejismo-del-progresismo-la-nueva-cara-del-conservadurismo\\\/\"]}]},{\"@type\":\"ImageObject\",\"inLanguage\":\"es\",\"@id\":\"https:\\\/\\\/fuentesfidedignas.com.mx\\\/index.php\\\/2024\\\/07\\\/16\\\/el-espejismo-del-progresismo-la-nueva-cara-del-conservadurismo\\\/#primaryimage\",\"url\":\"https:\\\/\\\/fuentesfidedignas.com.mx\\\/wp-content\\\/uploads\\\/2024\\\/07\\\/83cccd4e-2f57-4de3-bf5c-bb90a56ec047-1.jpg\",\"contentUrl\":\"https:\\\/\\\/fuentesfidedignas.com.mx\\\/wp-content\\\/uploads\\\/2024\\\/07\\\/83cccd4e-2f57-4de3-bf5c-bb90a56ec047-1.jpg\",\"width\":1600,\"height\":1066},{\"@type\":\"BreadcrumbList\",\"@id\":\"https:\\\/\\\/fuentesfidedignas.com.mx\\\/index.php\\\/2024\\\/07\\\/16\\\/el-espejismo-del-progresismo-la-nueva-cara-del-conservadurismo\\\/#breadcrumb\",\"itemListElement\":[{\"@type\":\"ListItem\",\"position\":1,\"name\":\"Inicio\",\"item\":\"https:\\\/\\\/fuentesfidedignas.com.mx\\\/\"},{\"@type\":\"ListItem\",\"position\":2,\"name\":\"El Espejismo del Progresismo, la nueva cara del Conservadurismo\"}]},{\"@type\":\"WebSite\",\"@id\":\"https:\\\/\\\/fuentesfidedignas.com.mx\\\/#website\",\"url\":\"https:\\\/\\\/fuentesfidedignas.com.mx\\\/\",\"name\":\"Fuentes Fidedignas\",\"description\":\"Otro sitio realizado con WordPress\",\"publisher\":{\"@id\":\"https:\\\/\\\/fuentesfidedignas.com.mx\\\/#organization\"},\"potentialAction\":[{\"@type\":\"SearchAction\",\"target\":{\"@type\":\"EntryPoint\",\"urlTemplate\":\"https:\\\/\\\/fuentesfidedignas.com.mx\\\/?s={search_term_string}\"},\"query-input\":{\"@type\":\"PropertyValueSpecification\",\"valueRequired\":true,\"valueName\":\"search_term_string\"}}],\"inLanguage\":\"es\"},{\"@type\":\"Organization\",\"@id\":\"https:\\\/\\\/fuentesfidedignas.com.mx\\\/#organization\",\"name\":\"Fuentes Fidedignas\",\"url\":\"https:\\\/\\\/fuentesfidedignas.com.mx\\\/\",\"logo\":{\"@type\":\"ImageObject\",\"inLanguage\":\"es\",\"@id\":\"https:\\\/\\\/fuentesfidedignas.com.mx\\\/#\\\/schema\\\/logo\\\/image\\\/\",\"url\":\"https:\\\/\\\/fuentesfidedignas.com.mx\\\/wp-content\\\/uploads\\\/2021\\\/04\\\/logo-retina.png\",\"contentUrl\":\"https:\\\/\\\/fuentesfidedignas.com.mx\\\/wp-content\\\/uploads\\\/2021\\\/04\\\/logo-retina.png\",\"width\":280,\"height\":51,\"caption\":\"Fuentes Fidedignas\"},\"image\":{\"@id\":\"https:\\\/\\\/fuentesfidedignas.com.mx\\\/#\\\/schema\\\/logo\\\/image\\\/\"},\"sameAs\":[\"https:\\\/\\\/www.facebook.com\\\/Fuentes-Fidedignas-368234489921644\",\"https:\\\/\\\/x.com\\\/fidedignas\"]},{\"@type\":\"Person\",\"@id\":\"https:\\\/\\\/fuentesfidedignas.com.mx\\\/#\\\/schema\\\/person\\\/3f687c55082c557a647c7836bde45728\",\"name\":\"Mtro. Horacio de Jes\u00fas Malcampo Moreno\",\"image\":{\"@type\":\"ImageObject\",\"inLanguage\":\"es\",\"@id\":\"https:\\\/\\\/secure.gravatar.com\\\/avatar\\\/21fd667a5b9de079d383e44390566d4c728a6ce47b9b5e8419c61f1b793461ac?s=96&d=mm&r=g\",\"url\":\"https:\\\/\\\/secure.gravatar.com\\\/avatar\\\/21fd667a5b9de079d383e44390566d4c728a6ce47b9b5e8419c61f1b793461ac?s=96&d=mm&r=g\",\"contentUrl\":\"https:\\\/\\\/secure.gravatar.com\\\/avatar\\\/21fd667a5b9de079d383e44390566d4c728a6ce47b9b5e8419c61f1b793461ac?s=96&d=mm&r=g\",\"caption\":\"Mtro. Horacio de Jes\u00fas Malcampo Moreno\"},\"url\":\"https:\\\/\\\/fuentesfidedignas.com.mx\\\/index.php\\\/author\\\/horacio\\\/\"}]}<\/script>\n<!-- \/ Yoast SEO plugin. -->","yoast_head_json":{"title":"El Espejismo del Progresismo, la nueva cara del Conservadurismo - Fuentes Fidedignas","robots":{"index":"index","follow":"follow","max-snippet":"max-snippet:-1","max-image-preview":"max-image-preview:large","max-video-preview":"max-video-preview:-1"},"canonical":"https:\/\/fuentesfidedignas.com.mx\/index.php\/2024\/07\/16\/el-espejismo-del-progresismo-la-nueva-cara-del-conservadurismo\/","og_locale":"es_MX","og_type":"article","og_title":"El Espejismo del Progresismo, la nueva cara del Conservadurismo - Fuentes Fidedignas","og_description":"El conservadurismo ya no es patrimonio exclusivo de la derecha pol\u00edtica. En un giro ir\u00f3nico de la historia, aquellos que se identifican con la izquierda o el centro-izquierda, a menudo se encuentran defendiendo el statu quo con un fervor que rivalizar\u00eda con el de los conservadores tradicionales. \u00bfC\u00f3mo hemos llegado a este punto? La respuesta, [&hellip;]","og_url":"https:\/\/fuentesfidedignas.com.mx\/index.php\/2024\/07\/16\/el-espejismo-del-progresismo-la-nueva-cara-del-conservadurismo\/","og_site_name":"Fuentes Fidedignas","article_publisher":"https:\/\/www.facebook.com\/Fuentes-Fidedignas-368234489921644","article_published_time":"2024-07-16T21:43:59+00:00","og_image":[{"width":1600,"height":1066,"url":"https:\/\/fuentesfidedignas.com.mx\/wp-content\/uploads\/2024\/07\/83cccd4e-2f57-4de3-bf5c-bb90a56ec047-1.jpg","type":"image\/jpeg"}],"author":"Mtro. Horacio de Jes\u00fas Malcampo Moreno","twitter_card":"summary_large_image","twitter_creator":"@fidedignas","twitter_site":"@fidedignas","twitter_misc":{"Escrito por":"Mtro. Horacio de Jes\u00fas Malcampo Moreno","Tiempo de lectura":"4 minutos"},"schema":{"@context":"https:\/\/schema.org","@graph":[{"@type":"Article","@id":"https:\/\/fuentesfidedignas.com.mx\/index.php\/2024\/07\/16\/el-espejismo-del-progresismo-la-nueva-cara-del-conservadurismo\/#article","isPartOf":{"@id":"https:\/\/fuentesfidedignas.com.mx\/index.php\/2024\/07\/16\/el-espejismo-del-progresismo-la-nueva-cara-del-conservadurismo\/"},"author":{"name":"Mtro. Horacio de Jes\u00fas Malcampo Moreno","@id":"https:\/\/fuentesfidedignas.com.mx\/#\/schema\/person\/3f687c55082c557a647c7836bde45728"},"headline":"El Espejismo del Progresismo, la nueva cara del Conservadurismo","datePublished":"2024-07-16T21:43:59+00:00","mainEntityOfPage":{"@id":"https:\/\/fuentesfidedignas.com.mx\/index.php\/2024\/07\/16\/el-espejismo-del-progresismo-la-nueva-cara-del-conservadurismo\/"},"wordCount":789,"publisher":{"@id":"https:\/\/fuentesfidedignas.com.mx\/#organization"},"image":{"@id":"https:\/\/fuentesfidedignas.com.mx\/index.php\/2024\/07\/16\/el-espejismo-del-progresismo-la-nueva-cara-del-conservadurismo\/#primaryimage"},"thumbnailUrl":"https:\/\/fuentesfidedignas.com.mx\/wp-content\/uploads\/2024\/07\/83cccd4e-2f57-4de3-bf5c-bb90a56ec047-1.jpg","articleSection":["COLUMNAS","NUTRIENDO LA MENTE"],"inLanguage":"es"},{"@type":"WebPage","@id":"https:\/\/fuentesfidedignas.com.mx\/index.php\/2024\/07\/16\/el-espejismo-del-progresismo-la-nueva-cara-del-conservadurismo\/","url":"https:\/\/fuentesfidedignas.com.mx\/index.php\/2024\/07\/16\/el-espejismo-del-progresismo-la-nueva-cara-del-conservadurismo\/","name":"El Espejismo del Progresismo, la nueva cara del Conservadurismo - Fuentes Fidedignas","isPartOf":{"@id":"https:\/\/fuentesfidedignas.com.mx\/#website"},"primaryImageOfPage":{"@id":"https:\/\/fuentesfidedignas.com.mx\/index.php\/2024\/07\/16\/el-espejismo-del-progresismo-la-nueva-cara-del-conservadurismo\/#primaryimage"},"image":{"@id":"https:\/\/fuentesfidedignas.com.mx\/index.php\/2024\/07\/16\/el-espejismo-del-progresismo-la-nueva-cara-del-conservadurismo\/#primaryimage"},"thumbnailUrl":"https:\/\/fuentesfidedignas.com.mx\/wp-content\/uploads\/2024\/07\/83cccd4e-2f57-4de3-bf5c-bb90a56ec047-1.jpg","datePublished":"2024-07-16T21:43:59+00:00","breadcrumb":{"@id":"https:\/\/fuentesfidedignas.com.mx\/index.php\/2024\/07\/16\/el-espejismo-del-progresismo-la-nueva-cara-del-conservadurismo\/#breadcrumb"},"inLanguage":"es","potentialAction":[{"@type":"ReadAction","target":["https:\/\/fuentesfidedignas.com.mx\/index.php\/2024\/07\/16\/el-espejismo-del-progresismo-la-nueva-cara-del-conservadurismo\/"]}]},{"@type":"ImageObject","inLanguage":"es","@id":"https:\/\/fuentesfidedignas.com.mx\/index.php\/2024\/07\/16\/el-espejismo-del-progresismo-la-nueva-cara-del-conservadurismo\/#primaryimage","url":"https:\/\/fuentesfidedignas.com.mx\/wp-content\/uploads\/2024\/07\/83cccd4e-2f57-4de3-bf5c-bb90a56ec047-1.jpg","contentUrl":"https:\/\/fuentesfidedignas.com.mx\/wp-content\/uploads\/2024\/07\/83cccd4e-2f57-4de3-bf5c-bb90a56ec047-1.jpg","width":1600,"height":1066},{"@type":"BreadcrumbList","@id":"https:\/\/fuentesfidedignas.com.mx\/index.php\/2024\/07\/16\/el-espejismo-del-progresismo-la-nueva-cara-del-conservadurismo\/#breadcrumb","itemListElement":[{"@type":"ListItem","position":1,"name":"Inicio","item":"https:\/\/fuentesfidedignas.com.mx\/"},{"@type":"ListItem","position":2,"name":"El Espejismo del Progresismo, la nueva cara del Conservadurismo"}]},{"@type":"WebSite","@id":"https:\/\/fuentesfidedignas.com.mx\/#website","url":"https:\/\/fuentesfidedignas.com.mx\/","name":"Fuentes Fidedignas","description":"Otro sitio realizado con WordPress","publisher":{"@id":"https:\/\/fuentesfidedignas.com.mx\/#organization"},"potentialAction":[{"@type":"SearchAction","target":{"@type":"EntryPoint","urlTemplate":"https:\/\/fuentesfidedignas.com.mx\/?s={search_term_string}"},"query-input":{"@type":"PropertyValueSpecification","valueRequired":true,"valueName":"search_term_string"}}],"inLanguage":"es"},{"@type":"Organization","@id":"https:\/\/fuentesfidedignas.com.mx\/#organization","name":"Fuentes Fidedignas","url":"https:\/\/fuentesfidedignas.com.mx\/","logo":{"@type":"ImageObject","inLanguage":"es","@id":"https:\/\/fuentesfidedignas.com.mx\/#\/schema\/logo\/image\/","url":"https:\/\/fuentesfidedignas.com.mx\/wp-content\/uploads\/2021\/04\/logo-retina.png","contentUrl":"https:\/\/fuentesfidedignas.com.mx\/wp-content\/uploads\/2021\/04\/logo-retina.png","width":280,"height":51,"caption":"Fuentes Fidedignas"},"image":{"@id":"https:\/\/fuentesfidedignas.com.mx\/#\/schema\/logo\/image\/"},"sameAs":["https:\/\/www.facebook.com\/Fuentes-Fidedignas-368234489921644","https:\/\/x.com\/fidedignas"]},{"@type":"Person","@id":"https:\/\/fuentesfidedignas.com.mx\/#\/schema\/person\/3f687c55082c557a647c7836bde45728","name":"Mtro. Horacio de Jes\u00fas Malcampo Moreno","image":{"@type":"ImageObject","inLanguage":"es","@id":"https:\/\/secure.gravatar.com\/avatar\/21fd667a5b9de079d383e44390566d4c728a6ce47b9b5e8419c61f1b793461ac?s=96&d=mm&r=g","url":"https:\/\/secure.gravatar.com\/avatar\/21fd667a5b9de079d383e44390566d4c728a6ce47b9b5e8419c61f1b793461ac?s=96&d=mm&r=g","contentUrl":"https:\/\/secure.gravatar.com\/avatar\/21fd667a5b9de079d383e44390566d4c728a6ce47b9b5e8419c61f1b793461ac?s=96&d=mm&r=g","caption":"Mtro. Horacio de Jes\u00fas Malcampo Moreno"},"url":"https:\/\/fuentesfidedignas.com.mx\/index.php\/author\/horacio\/"}]}},"_links":{"self":[{"href":"https:\/\/fuentesfidedignas.com.mx\/index.php\/wp-json\/wp\/v2\/posts\/86633","targetHints":{"allow":["GET"]}}],"collection":[{"href":"https:\/\/fuentesfidedignas.com.mx\/index.php\/wp-json\/wp\/v2\/posts"}],"about":[{"href":"https:\/\/fuentesfidedignas.com.mx\/index.php\/wp-json\/wp\/v2\/types\/post"}],"author":[{"embeddable":true,"href":"https:\/\/fuentesfidedignas.com.mx\/index.php\/wp-json\/wp\/v2\/users\/146"}],"replies":[{"embeddable":true,"href":"https:\/\/fuentesfidedignas.com.mx\/index.php\/wp-json\/wp\/v2\/comments?post=86633"}],"version-history":[{"count":1,"href":"https:\/\/fuentesfidedignas.com.mx\/index.php\/wp-json\/wp\/v2\/posts\/86633\/revisions"}],"predecessor-version":[{"id":86634,"href":"https:\/\/fuentesfidedignas.com.mx\/index.php\/wp-json\/wp\/v2\/posts\/86633\/revisions\/86634"}],"wp:featuredmedia":[{"embeddable":true,"href":"https:\/\/fuentesfidedignas.com.mx\/index.php\/wp-json\/wp\/v2\/media\/86632"}],"wp:attachment":[{"href":"https:\/\/fuentesfidedignas.com.mx\/index.php\/wp-json\/wp\/v2\/media?parent=86633"}],"wp:term":[{"taxonomy":"category","embeddable":true,"href":"https:\/\/fuentesfidedignas.com.mx\/index.php\/wp-json\/wp\/v2\/categories?post=86633"},{"taxonomy":"post_tag","embeddable":true,"href":"https:\/\/fuentesfidedignas.com.mx\/index.php\/wp-json\/wp\/v2\/tags?post=86633"}],"curies":[{"name":"wp","href":"https:\/\/api.w.org\/{rel}","templated":true}]}}