{"id":86545,"date":"2024-07-16T06:32:32","date_gmt":"2024-07-16T13:32:32","guid":{"rendered":"https:\/\/fuentesfidedignas.com.mx\/?p=86545"},"modified":"2024-07-16T06:32:32","modified_gmt":"2024-07-16T13:32:32","slug":"carlos-ahumada-llega-a-mexico-tras-ser-extraditado-desde-argentina","status":"publish","type":"post","link":"https:\/\/fuentesfidedignas.com.mx\/index.php\/2024\/07\/16\/carlos-ahumada-llega-a-mexico-tras-ser-extraditado-desde-argentina\/","title":{"rendered":"Carlos Ahumada llega a M\u00e9xico tras ser extraditado desde Argentina"},"content":{"rendered":"\n<p><strong><em>El empresario Carlos Ahumada lleg\u00f3 en un vuelo comercial que parti\u00f3 desde Buenos Aires, Argentina, que parti\u00f3 el lunes por la noche<\/em><\/strong><\/p>\n\n\n\n<p>El empresario Carlos Ahumada lleg\u00f3 en un vuelo comercial que parti\u00f3 desde Buenos Aires, Argentina, que parti\u00f3 el lunes por la noche<\/p>\n\n\n\n<p>El empresario Carlos Ahumada lleg\u00f3 este martes por la ma\u00f1ana a la Ciudad de M\u00e9xico extraditado de Argentina.<\/p>\n\n\n\n<p>Ahumada Kurtz lleg\u00f3 al Aeropuerto Internacional de la Ciudad de M\u00e9xico (AICM) en el vuelo comercial AM29 de Aerom\u00e9xico, que parti\u00f3 desde el Aeropuerto de Ezeiza, ubicado en Buenos Aires, la noche del lunes.<\/p>\n\n\n\n<p>El empresario fue escoltado durante el trayecto por dos agentes de la Polic\u00eda Federal Ministerial, adscritos a la Interpol, y fue puesto a disposici\u00f3n de la Fiscal\u00eda General de Justicia de la Ciudad de M\u00e9xico (FGJ CDMX).<\/p>\n\n\n\n<p>Abogados se encuentran en el aeropuerto capitalino, donde argumentan que su representado no puede ser detenido debido a que cuenta una suspensi\u00f3n provisional, la cual fue otorgada por el Juzgado Cuarto en materia penal.<\/p>\n\n\n\n<p>De acuerdo con la causa 38\/2007, Ahumada Kurtz es se\u00f1alado por autoridades capitalinas por el delito de defraudaci\u00f3n fiscal por un monto de un mill\u00f3n 647 mil pesos.<\/p>\n\n\n\n<p>La defensa del empresario se prepara para solicitar ante un juez que decrete la prescripci\u00f3n del citado delito, por el que fue condenado a cinco a\u00f1os de c\u00e1rcel en 2009.<\/p>\n","protected":false},"excerpt":{"rendered":"<p>El empresario Carlos Ahumada lleg\u00f3 en un vuelo comercial que parti\u00f3 desde Buenos Aires, Argentina, que parti\u00f3 el lunes por la noche El empresario Carlos Ahumada lleg\u00f3 en un vuelo comercial que parti\u00f3 desde Buenos Aires, Argentina, que parti\u00f3 el lunes por la noche El empresario Carlos Ahumada lleg\u00f3 este martes por la ma\u00f1ana a [&hellip;]<\/p>\n","protected":false},"author":47,"featured_media":86547,"comment_status":"open","ping_status":"open","sticky":false,"template":"","format":"standard","meta":{"tdm_status":"","tdm_grid_status":"","footnotes":""},"categories":[39],"tags":[],"class_list":{"0":"post-86545","1":"post","2":"type-post","3":"status-publish","4":"format-standard","5":"has-post-thumbnail","7":"category-noticias-nacionales"},"yoast_head":"<!-- This site is optimized with the Yoast SEO plugin v27.5 - https:\/\/yoast.com\/product\/yoast-seo-wordpress\/ -->\n<title>Carlos Ahumada llega a M\u00e9xico tras ser extraditado desde Argentina - Fuentes Fidedignas<\/title>\n<meta name=\"robots\" content=\"index, follow, max-snippet:-1, max-image-preview:large, max-video-preview:-1\" \/>\n<link rel=\"canonical\" href=\"https:\/\/fuentesfidedignas.com.mx\/index.php\/2024\/07\/16\/carlos-ahumada-llega-a-mexico-tras-ser-extraditado-desde-argentina\/\" \/>\n<meta property=\"og:locale\" content=\"es_MX\" \/>\n<meta property=\"og:type\" content=\"article\" \/>\n<meta property=\"og:title\" content=\"Carlos Ahumada llega a M\u00e9xico tras ser extraditado desde Argentina - Fuentes Fidedignas\" \/>\n<meta property=\"og:description\" content=\"El empresario Carlos Ahumada lleg\u00f3 en un vuelo comercial que parti\u00f3 desde Buenos Aires, Argentina, que parti\u00f3 el lunes por la noche El empresario Carlos Ahumada lleg\u00f3 en un vuelo comercial que parti\u00f3 desde Buenos Aires, Argentina, que parti\u00f3 el lunes por la noche El empresario Carlos Ahumada lleg\u00f3 este martes por la ma\u00f1ana a [&hellip;]\" \/>\n<meta property=\"og:url\" content=\"https:\/\/fuentesfidedignas.com.mx\/index.php\/2024\/07\/16\/carlos-ahumada-llega-a-mexico-tras-ser-extraditado-desde-argentina\/\" \/>\n<meta property=\"og:site_name\" content=\"Fuentes Fidedignas\" \/>\n<meta property=\"article:publisher\" content=\"https:\/\/www.facebook.com\/Fuentes-Fidedignas-368234489921644\" \/>\n<meta property=\"article:published_time\" content=\"2024-07-16T13:32:32+00:00\" \/>\n<meta property=\"og:image\" content=\"https:\/\/fuentesfidedignas.com.mx\/wp-content\/uploads\/2024\/07\/carlos-ahumada-3.jpg\" \/>\n\t<meta property=\"og:image:width\" content=\"650\" \/>\n\t<meta property=\"og:image:height\" content=\"365\" \/>\n\t<meta property=\"og:image:type\" content=\"image\/jpeg\" \/>\n<meta name=\"author\" content=\"L\u00f3pez D\u00f3riga\" \/>\n<meta name=\"twitter:card\" content=\"summary_large_image\" \/>\n<meta name=\"twitter:creator\" content=\"@fidedignas\" \/>\n<meta name=\"twitter:site\" content=\"@fidedignas\" \/>\n<meta name=\"twitter:label1\" content=\"Escrito por\" \/>\n\t<meta name=\"twitter:data1\" content=\"L\u00f3pez D\u00f3riga\" \/>\n\t<meta name=\"twitter:label2\" content=\"Tiempo de lectura\" \/>\n\t<meta name=\"twitter:data2\" content=\"2 minutos\" \/>\n<script type=\"application\/ld+json\" class=\"yoast-schema-graph\">{\"@context\":\"https:\\\/\\\/schema.org\",\"@graph\":[{\"@type\":\"Article\",\"@id\":\"https:\\\/\\\/fuentesfidedignas.com.mx\\\/index.php\\\/2024\\\/07\\\/16\\\/carlos-ahumada-llega-a-mexico-tras-ser-extraditado-desde-argentina\\\/#article\",\"isPartOf\":{\"@id\":\"https:\\\/\\\/fuentesfidedignas.com.mx\\\/index.php\\\/2024\\\/07\\\/16\\\/carlos-ahumada-llega-a-mexico-tras-ser-extraditado-desde-argentina\\\/\"},\"author\":{\"name\":\"L\u00f3pez D\u00f3riga\",\"@id\":\"https:\\\/\\\/fuentesfidedignas.com.mx\\\/#\\\/schema\\\/person\\\/67d852f0557c8509146a4b9ddebd543a\"},\"headline\":\"Carlos Ahumada llega a M\u00e9xico tras ser extraditado desde Argentina\",\"datePublished\":\"2024-07-16T13:32:32+00:00\",\"mainEntityOfPage\":{\"@id\":\"https:\\\/\\\/fuentesfidedignas.com.mx\\\/index.php\\\/2024\\\/07\\\/16\\\/carlos-ahumada-llega-a-mexico-tras-ser-extraditado-desde-argentina\\\/\"},\"wordCount\":248,\"commentCount\":0,\"publisher\":{\"@id\":\"https:\\\/\\\/fuentesfidedignas.com.mx\\\/#organization\"},\"image\":{\"@id\":\"https:\\\/\\\/fuentesfidedignas.com.mx\\\/index.php\\\/2024\\\/07\\\/16\\\/carlos-ahumada-llega-a-mexico-tras-ser-extraditado-desde-argentina\\\/#primaryimage\"},\"thumbnailUrl\":\"https:\\\/\\\/fuentesfidedignas.com.mx\\\/wp-content\\\/uploads\\\/2024\\\/07\\\/carlos-ahumada-3.jpg\",\"articleSection\":[\"NOTICIAS NACIONALES\"],\"inLanguage\":\"es\",\"potentialAction\":[{\"@type\":\"CommentAction\",\"name\":\"Comment\",\"target\":[\"https:\\\/\\\/fuentesfidedignas.com.mx\\\/index.php\\\/2024\\\/07\\\/16\\\/carlos-ahumada-llega-a-mexico-tras-ser-extraditado-desde-argentina\\\/#respond\"]}]},{\"@type\":\"WebPage\",\"@id\":\"https:\\\/\\\/fuentesfidedignas.com.mx\\\/index.php\\\/2024\\\/07\\\/16\\\/carlos-ahumada-llega-a-mexico-tras-ser-extraditado-desde-argentina\\\/\",\"url\":\"https:\\\/\\\/fuentesfidedignas.com.mx\\\/index.php\\\/2024\\\/07\\\/16\\\/carlos-ahumada-llega-a-mexico-tras-ser-extraditado-desde-argentina\\\/\",\"name\":\"Carlos Ahumada llega a M\u00e9xico tras ser extraditado desde Argentina - Fuentes Fidedignas\",\"isPartOf\":{\"@id\":\"https:\\\/\\\/fuentesfidedignas.com.mx\\\/#website\"},\"primaryImageOfPage\":{\"@id\":\"https:\\\/\\\/fuentesfidedignas.com.mx\\\/index.php\\\/2024\\\/07\\\/16\\\/carlos-ahumada-llega-a-mexico-tras-ser-extraditado-desde-argentina\\\/#primaryimage\"},\"image\":{\"@id\":\"https:\\\/\\\/fuentesfidedignas.com.mx\\\/index.php\\\/2024\\\/07\\\/16\\\/carlos-ahumada-llega-a-mexico-tras-ser-extraditado-desde-argentina\\\/#primaryimage\"},\"thumbnailUrl\":\"https:\\\/\\\/fuentesfidedignas.com.mx\\\/wp-content\\\/uploads\\\/2024\\\/07\\\/carlos-ahumada-3.jpg\",\"datePublished\":\"2024-07-16T13:32:32+00:00\",\"breadcrumb\":{\"@id\":\"https:\\\/\\\/fuentesfidedignas.com.mx\\\/index.php\\\/2024\\\/07\\\/16\\\/carlos-ahumada-llega-a-mexico-tras-ser-extraditado-desde-argentina\\\/#breadcrumb\"},\"inLanguage\":\"es\",\"potentialAction\":[{\"@type\":\"ReadAction\",\"target\":[\"https:\\\/\\\/fuentesfidedignas.com.mx\\\/index.php\\\/2024\\\/07\\\/16\\\/carlos-ahumada-llega-a-mexico-tras-ser-extraditado-desde-argentina\\\/\"]}]},{\"@type\":\"ImageObject\",\"inLanguage\":\"es\",\"@id\":\"https:\\\/\\\/fuentesfidedignas.com.mx\\\/index.php\\\/2024\\\/07\\\/16\\\/carlos-ahumada-llega-a-mexico-tras-ser-extraditado-desde-argentina\\\/#primaryimage\",\"url\":\"https:\\\/\\\/fuentesfidedignas.com.mx\\\/wp-content\\\/uploads\\\/2024\\\/07\\\/carlos-ahumada-3.jpg\",\"contentUrl\":\"https:\\\/\\\/fuentesfidedignas.com.mx\\\/wp-content\\\/uploads\\\/2024\\\/07\\\/carlos-ahumada-3.jpg\",\"width\":650,\"height\":365},{\"@type\":\"BreadcrumbList\",\"@id\":\"https:\\\/\\\/fuentesfidedignas.com.mx\\\/index.php\\\/2024\\\/07\\\/16\\\/carlos-ahumada-llega-a-mexico-tras-ser-extraditado-desde-argentina\\\/#breadcrumb\",\"itemListElement\":[{\"@type\":\"ListItem\",\"position\":1,\"name\":\"Inicio\",\"item\":\"https:\\\/\\\/fuentesfidedignas.com.mx\\\/\"},{\"@type\":\"ListItem\",\"position\":2,\"name\":\"Carlos Ahumada llega a M\u00e9xico tras ser extraditado desde Argentina\"}]},{\"@type\":\"WebSite\",\"@id\":\"https:\\\/\\\/fuentesfidedignas.com.mx\\\/#website\",\"url\":\"https:\\\/\\\/fuentesfidedignas.com.mx\\\/\",\"name\":\"Fuentes Fidedignas\",\"description\":\"Otro sitio realizado con WordPress\",\"publisher\":{\"@id\":\"https:\\\/\\\/fuentesfidedignas.com.mx\\\/#organization\"},\"potentialAction\":[{\"@type\":\"SearchAction\",\"target\":{\"@type\":\"EntryPoint\",\"urlTemplate\":\"https:\\\/\\\/fuentesfidedignas.com.mx\\\/?s={search_term_string}\"},\"query-input\":{\"@type\":\"PropertyValueSpecification\",\"valueRequired\":true,\"valueName\":\"search_term_string\"}}],\"inLanguage\":\"es\"},{\"@type\":\"Organization\",\"@id\":\"https:\\\/\\\/fuentesfidedignas.com.mx\\\/#organization\",\"name\":\"Fuentes Fidedignas\",\"url\":\"https:\\\/\\\/fuentesfidedignas.com.mx\\\/\",\"logo\":{\"@type\":\"ImageObject\",\"inLanguage\":\"es\",\"@id\":\"https:\\\/\\\/fuentesfidedignas.com.mx\\\/#\\\/schema\\\/logo\\\/image\\\/\",\"url\":\"https:\\\/\\\/fuentesfidedignas.com.mx\\\/wp-content\\\/uploads\\\/2021\\\/04\\\/logo-retina.png\",\"contentUrl\":\"https:\\\/\\\/fuentesfidedignas.com.mx\\\/wp-content\\\/uploads\\\/2021\\\/04\\\/logo-retina.png\",\"width\":280,\"height\":51,\"caption\":\"Fuentes Fidedignas\"},\"image\":{\"@id\":\"https:\\\/\\\/fuentesfidedignas.com.mx\\\/#\\\/schema\\\/logo\\\/image\\\/\"},\"sameAs\":[\"https:\\\/\\\/www.facebook.com\\\/Fuentes-Fidedignas-368234489921644\",\"https:\\\/\\\/x.com\\\/fidedignas\"]},{\"@type\":\"Person\",\"@id\":\"https:\\\/\\\/fuentesfidedignas.com.mx\\\/#\\\/schema\\\/person\\\/67d852f0557c8509146a4b9ddebd543a\",\"name\":\"L\u00f3pez D\u00f3riga\",\"image\":{\"@type\":\"ImageObject\",\"inLanguage\":\"es\",\"@id\":\"https:\\\/\\\/secure.gravatar.com\\\/avatar\\\/e525b06574ca18b33cded59dfe5778d6c823b9513154eff47da551b0551bdd1e?s=96&d=mm&r=g\",\"url\":\"https:\\\/\\\/secure.gravatar.com\\\/avatar\\\/e525b06574ca18b33cded59dfe5778d6c823b9513154eff47da551b0551bdd1e?s=96&d=mm&r=g\",\"contentUrl\":\"https:\\\/\\\/secure.gravatar.com\\\/avatar\\\/e525b06574ca18b33cded59dfe5778d6c823b9513154eff47da551b0551bdd1e?s=96&d=mm&r=g\",\"caption\":\"L\u00f3pez D\u00f3riga\"},\"url\":\"https:\\\/\\\/fuentesfidedignas.com.mx\\\/index.php\\\/author\\\/doriga\\\/\"}]}<\/script>\n<!-- \/ Yoast SEO plugin. -->","yoast_head_json":{"title":"Carlos Ahumada llega a M\u00e9xico tras ser extraditado desde Argentina - Fuentes Fidedignas","robots":{"index":"index","follow":"follow","max-snippet":"max-snippet:-1","max-image-preview":"max-image-preview:large","max-video-preview":"max-video-preview:-1"},"canonical":"https:\/\/fuentesfidedignas.com.mx\/index.php\/2024\/07\/16\/carlos-ahumada-llega-a-mexico-tras-ser-extraditado-desde-argentina\/","og_locale":"es_MX","og_type":"article","og_title":"Carlos Ahumada llega a M\u00e9xico tras ser extraditado desde Argentina - Fuentes Fidedignas","og_description":"El empresario Carlos Ahumada lleg\u00f3 en un vuelo comercial que parti\u00f3 desde Buenos Aires, Argentina, que parti\u00f3 el lunes por la noche El empresario Carlos Ahumada lleg\u00f3 en un vuelo comercial que parti\u00f3 desde Buenos Aires, Argentina, que parti\u00f3 el lunes por la noche El empresario Carlos Ahumada lleg\u00f3 este martes por la ma\u00f1ana a [&hellip;]","og_url":"https:\/\/fuentesfidedignas.com.mx\/index.php\/2024\/07\/16\/carlos-ahumada-llega-a-mexico-tras-ser-extraditado-desde-argentina\/","og_site_name":"Fuentes Fidedignas","article_publisher":"https:\/\/www.facebook.com\/Fuentes-Fidedignas-368234489921644","article_published_time":"2024-07-16T13:32:32+00:00","og_image":[{"width":650,"height":365,"url":"https:\/\/fuentesfidedignas.com.mx\/wp-content\/uploads\/2024\/07\/carlos-ahumada-3.jpg","type":"image\/jpeg"}],"author":"L\u00f3pez D\u00f3riga","twitter_card":"summary_large_image","twitter_creator":"@fidedignas","twitter_site":"@fidedignas","twitter_misc":{"Escrito por":"L\u00f3pez D\u00f3riga","Tiempo de lectura":"2 minutos"},"schema":{"@context":"https:\/\/schema.org","@graph":[{"@type":"Article","@id":"https:\/\/fuentesfidedignas.com.mx\/index.php\/2024\/07\/16\/carlos-ahumada-llega-a-mexico-tras-ser-extraditado-desde-argentina\/#article","isPartOf":{"@id":"https:\/\/fuentesfidedignas.com.mx\/index.php\/2024\/07\/16\/carlos-ahumada-llega-a-mexico-tras-ser-extraditado-desde-argentina\/"},"author":{"name":"L\u00f3pez D\u00f3riga","@id":"https:\/\/fuentesfidedignas.com.mx\/#\/schema\/person\/67d852f0557c8509146a4b9ddebd543a"},"headline":"Carlos Ahumada llega a M\u00e9xico tras ser extraditado desde Argentina","datePublished":"2024-07-16T13:32:32+00:00","mainEntityOfPage":{"@id":"https:\/\/fuentesfidedignas.com.mx\/index.php\/2024\/07\/16\/carlos-ahumada-llega-a-mexico-tras-ser-extraditado-desde-argentina\/"},"wordCount":248,"commentCount":0,"publisher":{"@id":"https:\/\/fuentesfidedignas.com.mx\/#organization"},"image":{"@id":"https:\/\/fuentesfidedignas.com.mx\/index.php\/2024\/07\/16\/carlos-ahumada-llega-a-mexico-tras-ser-extraditado-desde-argentina\/#primaryimage"},"thumbnailUrl":"https:\/\/fuentesfidedignas.com.mx\/wp-content\/uploads\/2024\/07\/carlos-ahumada-3.jpg","articleSection":["NOTICIAS NACIONALES"],"inLanguage":"es","potentialAction":[{"@type":"CommentAction","name":"Comment","target":["https:\/\/fuentesfidedignas.com.mx\/index.php\/2024\/07\/16\/carlos-ahumada-llega-a-mexico-tras-ser-extraditado-desde-argentina\/#respond"]}]},{"@type":"WebPage","@id":"https:\/\/fuentesfidedignas.com.mx\/index.php\/2024\/07\/16\/carlos-ahumada-llega-a-mexico-tras-ser-extraditado-desde-argentina\/","url":"https:\/\/fuentesfidedignas.com.mx\/index.php\/2024\/07\/16\/carlos-ahumada-llega-a-mexico-tras-ser-extraditado-desde-argentina\/","name":"Carlos Ahumada llega a M\u00e9xico tras ser extraditado desde Argentina - Fuentes Fidedignas","isPartOf":{"@id":"https:\/\/fuentesfidedignas.com.mx\/#website"},"primaryImageOfPage":{"@id":"https:\/\/fuentesfidedignas.com.mx\/index.php\/2024\/07\/16\/carlos-ahumada-llega-a-mexico-tras-ser-extraditado-desde-argentina\/#primaryimage"},"image":{"@id":"https:\/\/fuentesfidedignas.com.mx\/index.php\/2024\/07\/16\/carlos-ahumada-llega-a-mexico-tras-ser-extraditado-desde-argentina\/#primaryimage"},"thumbnailUrl":"https:\/\/fuentesfidedignas.com.mx\/wp-content\/uploads\/2024\/07\/carlos-ahumada-3.jpg","datePublished":"2024-07-16T13:32:32+00:00","breadcrumb":{"@id":"https:\/\/fuentesfidedignas.com.mx\/index.php\/2024\/07\/16\/carlos-ahumada-llega-a-mexico-tras-ser-extraditado-desde-argentina\/#breadcrumb"},"inLanguage":"es","potentialAction":[{"@type":"ReadAction","target":["https:\/\/fuentesfidedignas.com.mx\/index.php\/2024\/07\/16\/carlos-ahumada-llega-a-mexico-tras-ser-extraditado-desde-argentina\/"]}]},{"@type":"ImageObject","inLanguage":"es","@id":"https:\/\/fuentesfidedignas.com.mx\/index.php\/2024\/07\/16\/carlos-ahumada-llega-a-mexico-tras-ser-extraditado-desde-argentina\/#primaryimage","url":"https:\/\/fuentesfidedignas.com.mx\/wp-content\/uploads\/2024\/07\/carlos-ahumada-3.jpg","contentUrl":"https:\/\/fuentesfidedignas.com.mx\/wp-content\/uploads\/2024\/07\/carlos-ahumada-3.jpg","width":650,"height":365},{"@type":"BreadcrumbList","@id":"https:\/\/fuentesfidedignas.com.mx\/index.php\/2024\/07\/16\/carlos-ahumada-llega-a-mexico-tras-ser-extraditado-desde-argentina\/#breadcrumb","itemListElement":[{"@type":"ListItem","position":1,"name":"Inicio","item":"https:\/\/fuentesfidedignas.com.mx\/"},{"@type":"ListItem","position":2,"name":"Carlos Ahumada llega a M\u00e9xico tras ser extraditado desde Argentina"}]},{"@type":"WebSite","@id":"https:\/\/fuentesfidedignas.com.mx\/#website","url":"https:\/\/fuentesfidedignas.com.mx\/","name":"Fuentes Fidedignas","description":"Otro sitio realizado con WordPress","publisher":{"@id":"https:\/\/fuentesfidedignas.com.mx\/#organization"},"potentialAction":[{"@type":"SearchAction","target":{"@type":"EntryPoint","urlTemplate":"https:\/\/fuentesfidedignas.com.mx\/?s={search_term_string}"},"query-input":{"@type":"PropertyValueSpecification","valueRequired":true,"valueName":"search_term_string"}}],"inLanguage":"es"},{"@type":"Organization","@id":"https:\/\/fuentesfidedignas.com.mx\/#organization","name":"Fuentes Fidedignas","url":"https:\/\/fuentesfidedignas.com.mx\/","logo":{"@type":"ImageObject","inLanguage":"es","@id":"https:\/\/fuentesfidedignas.com.mx\/#\/schema\/logo\/image\/","url":"https:\/\/fuentesfidedignas.com.mx\/wp-content\/uploads\/2021\/04\/logo-retina.png","contentUrl":"https:\/\/fuentesfidedignas.com.mx\/wp-content\/uploads\/2021\/04\/logo-retina.png","width":280,"height":51,"caption":"Fuentes Fidedignas"},"image":{"@id":"https:\/\/fuentesfidedignas.com.mx\/#\/schema\/logo\/image\/"},"sameAs":["https:\/\/www.facebook.com\/Fuentes-Fidedignas-368234489921644","https:\/\/x.com\/fidedignas"]},{"@type":"Person","@id":"https:\/\/fuentesfidedignas.com.mx\/#\/schema\/person\/67d852f0557c8509146a4b9ddebd543a","name":"L\u00f3pez D\u00f3riga","image":{"@type":"ImageObject","inLanguage":"es","@id":"https:\/\/secure.gravatar.com\/avatar\/e525b06574ca18b33cded59dfe5778d6c823b9513154eff47da551b0551bdd1e?s=96&d=mm&r=g","url":"https:\/\/secure.gravatar.com\/avatar\/e525b06574ca18b33cded59dfe5778d6c823b9513154eff47da551b0551bdd1e?s=96&d=mm&r=g","contentUrl":"https:\/\/secure.gravatar.com\/avatar\/e525b06574ca18b33cded59dfe5778d6c823b9513154eff47da551b0551bdd1e?s=96&d=mm&r=g","caption":"L\u00f3pez D\u00f3riga"},"url":"https:\/\/fuentesfidedignas.com.mx\/index.php\/author\/doriga\/"}]}},"_links":{"self":[{"href":"https:\/\/fuentesfidedignas.com.mx\/index.php\/wp-json\/wp\/v2\/posts\/86545","targetHints":{"allow":["GET"]}}],"collection":[{"href":"https:\/\/fuentesfidedignas.com.mx\/index.php\/wp-json\/wp\/v2\/posts"}],"about":[{"href":"https:\/\/fuentesfidedignas.com.mx\/index.php\/wp-json\/wp\/v2\/types\/post"}],"author":[{"embeddable":true,"href":"https:\/\/fuentesfidedignas.com.mx\/index.php\/wp-json\/wp\/v2\/users\/47"}],"replies":[{"embeddable":true,"href":"https:\/\/fuentesfidedignas.com.mx\/index.php\/wp-json\/wp\/v2\/comments?post=86545"}],"version-history":[{"count":1,"href":"https:\/\/fuentesfidedignas.com.mx\/index.php\/wp-json\/wp\/v2\/posts\/86545\/revisions"}],"predecessor-version":[{"id":86546,"href":"https:\/\/fuentesfidedignas.com.mx\/index.php\/wp-json\/wp\/v2\/posts\/86545\/revisions\/86546"}],"wp:featuredmedia":[{"embeddable":true,"href":"https:\/\/fuentesfidedignas.com.mx\/index.php\/wp-json\/wp\/v2\/media\/86547"}],"wp:attachment":[{"href":"https:\/\/fuentesfidedignas.com.mx\/index.php\/wp-json\/wp\/v2\/media?parent=86545"}],"wp:term":[{"taxonomy":"category","embeddable":true,"href":"https:\/\/fuentesfidedignas.com.mx\/index.php\/wp-json\/wp\/v2\/categories?post=86545"},{"taxonomy":"post_tag","embeddable":true,"href":"https:\/\/fuentesfidedignas.com.mx\/index.php\/wp-json\/wp\/v2\/tags?post=86545"}],"curies":[{"name":"wp","href":"https:\/\/api.w.org\/{rel}","templated":true}]}}