{"id":86507,"date":"2024-07-15T12:45:46","date_gmt":"2024-07-15T19:45:46","guid":{"rendered":"https:\/\/fuentesfidedignas.com.mx\/?p=86507"},"modified":"2024-07-15T12:45:46","modified_gmt":"2024-07-15T19:45:46","slug":"puebla-despenaliza-el-aborto-en-medio-de-agresiones-a-activistas","status":"publish","type":"post","link":"https:\/\/fuentesfidedignas.com.mx\/index.php\/2024\/07\/15\/puebla-despenaliza-el-aborto-en-medio-de-agresiones-a-activistas\/","title":{"rendered":"Puebla despenaliza el aborto en medio de agresiones a activistas"},"content":{"rendered":"\n<p><strong><em>Activistas denunciaron agresiones de grupos conservadores que intentaron impedir la sesi\u00f3n del Congreso de Puebla en la que se despenaliz\u00f3 el aborto<\/em><\/strong><\/p>\n\n\n\n<p>En Puebla se despenaliz\u00f3 el aborto hasta las 12 semanas.<\/p>\n\n\n\n<p>El Congreso del estado aprob\u00f3 en lo general reformas a los art\u00edculos 339, 340, 341, 342 y 343 del C\u00f3digo Penal local.<\/p>\n\n\n\n<blockquote class=\"twitter-tweet\"><p lang=\"es\" dir=\"ltr\">\ud83d\udd34<a href=\"https:\/\/twitter.com\/hashtag\/Ahora?src=hash&amp;ref_src=twsrc%5Etfw\">#Ahora<\/a> | Grupos provida bloquean el acceso al Congreso de Puebla para evitar que los diputados aprueben la despenalizaci\u00f3n del aborto en la entidad.<br><br>Hubo encontronazos con grupos feministas que est\u00e1n a favor. \ud83d\udfe2\ud83d\udfe3 <a href=\"https:\/\/t.co\/ckXdzI7sY3\">pic.twitter.com\/ckXdzI7sY3<\/a><\/p>&mdash; Buzos de la Noticia (@BuzosNoticias) <a href=\"https:\/\/twitter.com\/BuzosNoticias\/status\/1812920291234095160?ref_src=twsrc%5Etfw\">July 15, 2024<\/a><\/blockquote> <script async src=\"https:\/\/platform.twitter.com\/widgets.js\" charset=\"utf-8\"><\/script>\n\n\n\n<p>Fueron 29 votos a favor, 7 en contra y 4 abstenciones.<\/p>\n\n\n\n<p>La despenalizaci\u00f3n del aborto en Puebla ocurri\u00f3 en una jornada en la que se registraron agresiones contra activistas.<\/p>\n\n\n\n<p>&#8220;Grupos conservadores agreden a las compa\u00f1eras y compa\u00f1eros activistas e impiden que las y los legisladores accedan al recinto\u201d, denunci\u00f3 la campa\u00f1a Aborto Legal Puebla.<\/p>\n\n\n\n<p>Tras la despenalizaci\u00f3n de la interrupci\u00f3n del embarazo activistas celebraron con c\u00e1nticos y bailes.<\/p>\n\n\n\n<figure class=\"wp-block-embed is-type-rich is-provider-twitter wp-block-embed-twitter\"><div class=\"wp-block-embed__wrapper\">\n<blockquote class=\"twitter-tweet\" data-width=\"550\" data-dnt=\"true\"><p lang=\"es\" dir=\"ltr\">\ud83d\udfe2 As\u00ed se vive la fiesta en pro del aborto a fuera de las instalaciones del Congreso del Estado de Puebla. <br>El d\u00eda de hoy se pas\u00f3 al pleno la iniciativa para su despenalizaci\u00f3n. <a href=\"https:\/\/t.co\/x5BNLEayxF\">pic.twitter.com\/x5BNLEayxF<\/a><\/p>&mdash; Oscar Rodriiguez (@OscarR_Ro) <a href=\"https:\/\/twitter.com\/OscarR_Ro\/status\/1812921112860426609?ref_src=twsrc%5Etfw\">July 15, 2024<\/a><\/blockquote><script async src=\"https:\/\/platform.twitter.com\/widgets.js\" charset=\"utf-8\"><\/script>\n<\/div><\/figure>\n\n\n\n<p>Puebla es ahora el estado 14 en permitir el aborto.<\/p>\n","protected":false},"excerpt":{"rendered":"<p>Activistas denunciaron agresiones de grupos conservadores que intentaron impedir la sesi\u00f3n del Congreso de Puebla en la que se despenaliz\u00f3 el aborto En Puebla se despenaliz\u00f3 el aborto hasta las 12 semanas. El Congreso del estado aprob\u00f3 en lo general reformas a los art\u00edculos 339, 340, 341, 342 y 343 del C\u00f3digo Penal local. \ud83d\udd34#Ahora [&hellip;]<\/p>\n","protected":false},"author":47,"featured_media":86508,"comment_status":"open","ping_status":"open","sticky":false,"template":"","format":"standard","meta":{"tdm_status":"","tdm_grid_status":"","footnotes":""},"categories":[39],"tags":[],"class_list":{"0":"post-86507","1":"post","2":"type-post","3":"status-publish","4":"format-standard","5":"has-post-thumbnail","7":"category-noticias-nacionales"},"yoast_head":"<!-- This site is optimized with the Yoast SEO plugin v27.5 - https:\/\/yoast.com\/product\/yoast-seo-wordpress\/ -->\n<title>Puebla despenaliza el aborto en medio de agresiones a activistas - Fuentes Fidedignas<\/title>\n<meta name=\"robots\" content=\"index, follow, max-snippet:-1, max-image-preview:large, max-video-preview:-1\" \/>\n<link rel=\"canonical\" href=\"https:\/\/fuentesfidedignas.com.mx\/index.php\/2024\/07\/15\/puebla-despenaliza-el-aborto-en-medio-de-agresiones-a-activistas\/\" \/>\n<meta property=\"og:locale\" content=\"es_MX\" \/>\n<meta property=\"og:type\" content=\"article\" \/>\n<meta property=\"og:title\" content=\"Puebla despenaliza el aborto en medio de agresiones a activistas - Fuentes Fidedignas\" \/>\n<meta property=\"og:description\" content=\"Activistas denunciaron agresiones de grupos conservadores que intentaron impedir la sesi\u00f3n del Congreso de Puebla en la que se despenaliz\u00f3 el aborto En Puebla se despenaliz\u00f3 el aborto hasta las 12 semanas. El Congreso del estado aprob\u00f3 en lo general reformas a los art\u00edculos 339, 340, 341, 342 y 343 del C\u00f3digo Penal local. \ud83d\udd34#Ahora [&hellip;]\" \/>\n<meta property=\"og:url\" content=\"https:\/\/fuentesfidedignas.com.mx\/index.php\/2024\/07\/15\/puebla-despenaliza-el-aborto-en-medio-de-agresiones-a-activistas\/\" \/>\n<meta property=\"og:site_name\" content=\"Fuentes Fidedignas\" \/>\n<meta property=\"article:publisher\" content=\"https:\/\/www.facebook.com\/Fuentes-Fidedignas-368234489921644\" \/>\n<meta property=\"article:published_time\" content=\"2024-07-15T19:45:46+00:00\" \/>\n<meta property=\"og:image\" content=\"https:\/\/fuentesfidedignas.com.mx\/wp-content\/uploads\/2024\/07\/manifestacion-en-puebla-a-favor-del-aborto-legal.jpg\" \/>\n\t<meta property=\"og:image:width\" content=\"650\" \/>\n\t<meta property=\"og:image:height\" content=\"487\" \/>\n\t<meta property=\"og:image:type\" content=\"image\/jpeg\" \/>\n<meta name=\"author\" content=\"L\u00f3pez D\u00f3riga\" \/>\n<meta name=\"twitter:card\" content=\"summary_large_image\" \/>\n<meta name=\"twitter:creator\" content=\"@fidedignas\" \/>\n<meta name=\"twitter:site\" content=\"@fidedignas\" \/>\n<meta name=\"twitter:label1\" content=\"Escrito por\" \/>\n\t<meta name=\"twitter:data1\" content=\"L\u00f3pez D\u00f3riga\" \/>\n\t<meta name=\"twitter:label2\" content=\"Tiempo de lectura\" \/>\n\t<meta name=\"twitter:data2\" content=\"1 minuto\" \/>\n<script type=\"application\/ld+json\" class=\"yoast-schema-graph\">{\"@context\":\"https:\\\/\\\/schema.org\",\"@graph\":[{\"@type\":\"Article\",\"@id\":\"https:\\\/\\\/fuentesfidedignas.com.mx\\\/index.php\\\/2024\\\/07\\\/15\\\/puebla-despenaliza-el-aborto-en-medio-de-agresiones-a-activistas\\\/#article\",\"isPartOf\":{\"@id\":\"https:\\\/\\\/fuentesfidedignas.com.mx\\\/index.php\\\/2024\\\/07\\\/15\\\/puebla-despenaliza-el-aborto-en-medio-de-agresiones-a-activistas\\\/\"},\"author\":{\"name\":\"L\u00f3pez D\u00f3riga\",\"@id\":\"https:\\\/\\\/fuentesfidedignas.com.mx\\\/#\\\/schema\\\/person\\\/67d852f0557c8509146a4b9ddebd543a\"},\"headline\":\"Puebla despenaliza el aborto en medio de agresiones a activistas\",\"datePublished\":\"2024-07-15T19:45:46+00:00\",\"mainEntityOfPage\":{\"@id\":\"https:\\\/\\\/fuentesfidedignas.com.mx\\\/index.php\\\/2024\\\/07\\\/15\\\/puebla-despenaliza-el-aborto-en-medio-de-agresiones-a-activistas\\\/\"},\"wordCount\":193,\"commentCount\":0,\"publisher\":{\"@id\":\"https:\\\/\\\/fuentesfidedignas.com.mx\\\/#organization\"},\"image\":{\"@id\":\"https:\\\/\\\/fuentesfidedignas.com.mx\\\/index.php\\\/2024\\\/07\\\/15\\\/puebla-despenaliza-el-aborto-en-medio-de-agresiones-a-activistas\\\/#primaryimage\"},\"thumbnailUrl\":\"https:\\\/\\\/fuentesfidedignas.com.mx\\\/wp-content\\\/uploads\\\/2024\\\/07\\\/manifestacion-en-puebla-a-favor-del-aborto-legal.jpg\",\"articleSection\":[\"NOTICIAS NACIONALES\"],\"inLanguage\":\"es\",\"potentialAction\":[{\"@type\":\"CommentAction\",\"name\":\"Comment\",\"target\":[\"https:\\\/\\\/fuentesfidedignas.com.mx\\\/index.php\\\/2024\\\/07\\\/15\\\/puebla-despenaliza-el-aborto-en-medio-de-agresiones-a-activistas\\\/#respond\"]}]},{\"@type\":\"WebPage\",\"@id\":\"https:\\\/\\\/fuentesfidedignas.com.mx\\\/index.php\\\/2024\\\/07\\\/15\\\/puebla-despenaliza-el-aborto-en-medio-de-agresiones-a-activistas\\\/\",\"url\":\"https:\\\/\\\/fuentesfidedignas.com.mx\\\/index.php\\\/2024\\\/07\\\/15\\\/puebla-despenaliza-el-aborto-en-medio-de-agresiones-a-activistas\\\/\",\"name\":\"Puebla despenaliza el aborto en medio de agresiones a activistas - Fuentes Fidedignas\",\"isPartOf\":{\"@id\":\"https:\\\/\\\/fuentesfidedignas.com.mx\\\/#website\"},\"primaryImageOfPage\":{\"@id\":\"https:\\\/\\\/fuentesfidedignas.com.mx\\\/index.php\\\/2024\\\/07\\\/15\\\/puebla-despenaliza-el-aborto-en-medio-de-agresiones-a-activistas\\\/#primaryimage\"},\"image\":{\"@id\":\"https:\\\/\\\/fuentesfidedignas.com.mx\\\/index.php\\\/2024\\\/07\\\/15\\\/puebla-despenaliza-el-aborto-en-medio-de-agresiones-a-activistas\\\/#primaryimage\"},\"thumbnailUrl\":\"https:\\\/\\\/fuentesfidedignas.com.mx\\\/wp-content\\\/uploads\\\/2024\\\/07\\\/manifestacion-en-puebla-a-favor-del-aborto-legal.jpg\",\"datePublished\":\"2024-07-15T19:45:46+00:00\",\"breadcrumb\":{\"@id\":\"https:\\\/\\\/fuentesfidedignas.com.mx\\\/index.php\\\/2024\\\/07\\\/15\\\/puebla-despenaliza-el-aborto-en-medio-de-agresiones-a-activistas\\\/#breadcrumb\"},\"inLanguage\":\"es\",\"potentialAction\":[{\"@type\":\"ReadAction\",\"target\":[\"https:\\\/\\\/fuentesfidedignas.com.mx\\\/index.php\\\/2024\\\/07\\\/15\\\/puebla-despenaliza-el-aborto-en-medio-de-agresiones-a-activistas\\\/\"]}]},{\"@type\":\"ImageObject\",\"inLanguage\":\"es\",\"@id\":\"https:\\\/\\\/fuentesfidedignas.com.mx\\\/index.php\\\/2024\\\/07\\\/15\\\/puebla-despenaliza-el-aborto-en-medio-de-agresiones-a-activistas\\\/#primaryimage\",\"url\":\"https:\\\/\\\/fuentesfidedignas.com.mx\\\/wp-content\\\/uploads\\\/2024\\\/07\\\/manifestacion-en-puebla-a-favor-del-aborto-legal.jpg\",\"contentUrl\":\"https:\\\/\\\/fuentesfidedignas.com.mx\\\/wp-content\\\/uploads\\\/2024\\\/07\\\/manifestacion-en-puebla-a-favor-del-aborto-legal.jpg\",\"width\":650,\"height\":487},{\"@type\":\"BreadcrumbList\",\"@id\":\"https:\\\/\\\/fuentesfidedignas.com.mx\\\/index.php\\\/2024\\\/07\\\/15\\\/puebla-despenaliza-el-aborto-en-medio-de-agresiones-a-activistas\\\/#breadcrumb\",\"itemListElement\":[{\"@type\":\"ListItem\",\"position\":1,\"name\":\"Inicio\",\"item\":\"https:\\\/\\\/fuentesfidedignas.com.mx\\\/\"},{\"@type\":\"ListItem\",\"position\":2,\"name\":\"Puebla despenaliza el aborto en medio de agresiones a activistas\"}]},{\"@type\":\"WebSite\",\"@id\":\"https:\\\/\\\/fuentesfidedignas.com.mx\\\/#website\",\"url\":\"https:\\\/\\\/fuentesfidedignas.com.mx\\\/\",\"name\":\"Fuentes Fidedignas\",\"description\":\"Otro sitio realizado con WordPress\",\"publisher\":{\"@id\":\"https:\\\/\\\/fuentesfidedignas.com.mx\\\/#organization\"},\"potentialAction\":[{\"@type\":\"SearchAction\",\"target\":{\"@type\":\"EntryPoint\",\"urlTemplate\":\"https:\\\/\\\/fuentesfidedignas.com.mx\\\/?s={search_term_string}\"},\"query-input\":{\"@type\":\"PropertyValueSpecification\",\"valueRequired\":true,\"valueName\":\"search_term_string\"}}],\"inLanguage\":\"es\"},{\"@type\":\"Organization\",\"@id\":\"https:\\\/\\\/fuentesfidedignas.com.mx\\\/#organization\",\"name\":\"Fuentes Fidedignas\",\"url\":\"https:\\\/\\\/fuentesfidedignas.com.mx\\\/\",\"logo\":{\"@type\":\"ImageObject\",\"inLanguage\":\"es\",\"@id\":\"https:\\\/\\\/fuentesfidedignas.com.mx\\\/#\\\/schema\\\/logo\\\/image\\\/\",\"url\":\"https:\\\/\\\/fuentesfidedignas.com.mx\\\/wp-content\\\/uploads\\\/2021\\\/04\\\/logo-retina.png\",\"contentUrl\":\"https:\\\/\\\/fuentesfidedignas.com.mx\\\/wp-content\\\/uploads\\\/2021\\\/04\\\/logo-retina.png\",\"width\":280,\"height\":51,\"caption\":\"Fuentes Fidedignas\"},\"image\":{\"@id\":\"https:\\\/\\\/fuentesfidedignas.com.mx\\\/#\\\/schema\\\/logo\\\/image\\\/\"},\"sameAs\":[\"https:\\\/\\\/www.facebook.com\\\/Fuentes-Fidedignas-368234489921644\",\"https:\\\/\\\/x.com\\\/fidedignas\"]},{\"@type\":\"Person\",\"@id\":\"https:\\\/\\\/fuentesfidedignas.com.mx\\\/#\\\/schema\\\/person\\\/67d852f0557c8509146a4b9ddebd543a\",\"name\":\"L\u00f3pez D\u00f3riga\",\"image\":{\"@type\":\"ImageObject\",\"inLanguage\":\"es\",\"@id\":\"https:\\\/\\\/secure.gravatar.com\\\/avatar\\\/e525b06574ca18b33cded59dfe5778d6c823b9513154eff47da551b0551bdd1e?s=96&d=mm&r=g\",\"url\":\"https:\\\/\\\/secure.gravatar.com\\\/avatar\\\/e525b06574ca18b33cded59dfe5778d6c823b9513154eff47da551b0551bdd1e?s=96&d=mm&r=g\",\"contentUrl\":\"https:\\\/\\\/secure.gravatar.com\\\/avatar\\\/e525b06574ca18b33cded59dfe5778d6c823b9513154eff47da551b0551bdd1e?s=96&d=mm&r=g\",\"caption\":\"L\u00f3pez D\u00f3riga\"},\"url\":\"https:\\\/\\\/fuentesfidedignas.com.mx\\\/index.php\\\/author\\\/doriga\\\/\"}]}<\/script>\n<!-- \/ Yoast SEO plugin. -->","yoast_head_json":{"title":"Puebla despenaliza el aborto en medio de agresiones a activistas - Fuentes Fidedignas","robots":{"index":"index","follow":"follow","max-snippet":"max-snippet:-1","max-image-preview":"max-image-preview:large","max-video-preview":"max-video-preview:-1"},"canonical":"https:\/\/fuentesfidedignas.com.mx\/index.php\/2024\/07\/15\/puebla-despenaliza-el-aborto-en-medio-de-agresiones-a-activistas\/","og_locale":"es_MX","og_type":"article","og_title":"Puebla despenaliza el aborto en medio de agresiones a activistas - Fuentes Fidedignas","og_description":"Activistas denunciaron agresiones de grupos conservadores que intentaron impedir la sesi\u00f3n del Congreso de Puebla en la que se despenaliz\u00f3 el aborto En Puebla se despenaliz\u00f3 el aborto hasta las 12 semanas. El Congreso del estado aprob\u00f3 en lo general reformas a los art\u00edculos 339, 340, 341, 342 y 343 del C\u00f3digo Penal local. \ud83d\udd34#Ahora [&hellip;]","og_url":"https:\/\/fuentesfidedignas.com.mx\/index.php\/2024\/07\/15\/puebla-despenaliza-el-aborto-en-medio-de-agresiones-a-activistas\/","og_site_name":"Fuentes Fidedignas","article_publisher":"https:\/\/www.facebook.com\/Fuentes-Fidedignas-368234489921644","article_published_time":"2024-07-15T19:45:46+00:00","og_image":[{"width":650,"height":487,"url":"https:\/\/fuentesfidedignas.com.mx\/wp-content\/uploads\/2024\/07\/manifestacion-en-puebla-a-favor-del-aborto-legal.jpg","type":"image\/jpeg"}],"author":"L\u00f3pez D\u00f3riga","twitter_card":"summary_large_image","twitter_creator":"@fidedignas","twitter_site":"@fidedignas","twitter_misc":{"Escrito por":"L\u00f3pez D\u00f3riga","Tiempo de lectura":"1 minuto"},"schema":{"@context":"https:\/\/schema.org","@graph":[{"@type":"Article","@id":"https:\/\/fuentesfidedignas.com.mx\/index.php\/2024\/07\/15\/puebla-despenaliza-el-aborto-en-medio-de-agresiones-a-activistas\/#article","isPartOf":{"@id":"https:\/\/fuentesfidedignas.com.mx\/index.php\/2024\/07\/15\/puebla-despenaliza-el-aborto-en-medio-de-agresiones-a-activistas\/"},"author":{"name":"L\u00f3pez D\u00f3riga","@id":"https:\/\/fuentesfidedignas.com.mx\/#\/schema\/person\/67d852f0557c8509146a4b9ddebd543a"},"headline":"Puebla despenaliza el aborto en medio de agresiones a activistas","datePublished":"2024-07-15T19:45:46+00:00","mainEntityOfPage":{"@id":"https:\/\/fuentesfidedignas.com.mx\/index.php\/2024\/07\/15\/puebla-despenaliza-el-aborto-en-medio-de-agresiones-a-activistas\/"},"wordCount":193,"commentCount":0,"publisher":{"@id":"https:\/\/fuentesfidedignas.com.mx\/#organization"},"image":{"@id":"https:\/\/fuentesfidedignas.com.mx\/index.php\/2024\/07\/15\/puebla-despenaliza-el-aborto-en-medio-de-agresiones-a-activistas\/#primaryimage"},"thumbnailUrl":"https:\/\/fuentesfidedignas.com.mx\/wp-content\/uploads\/2024\/07\/manifestacion-en-puebla-a-favor-del-aborto-legal.jpg","articleSection":["NOTICIAS NACIONALES"],"inLanguage":"es","potentialAction":[{"@type":"CommentAction","name":"Comment","target":["https:\/\/fuentesfidedignas.com.mx\/index.php\/2024\/07\/15\/puebla-despenaliza-el-aborto-en-medio-de-agresiones-a-activistas\/#respond"]}]},{"@type":"WebPage","@id":"https:\/\/fuentesfidedignas.com.mx\/index.php\/2024\/07\/15\/puebla-despenaliza-el-aborto-en-medio-de-agresiones-a-activistas\/","url":"https:\/\/fuentesfidedignas.com.mx\/index.php\/2024\/07\/15\/puebla-despenaliza-el-aborto-en-medio-de-agresiones-a-activistas\/","name":"Puebla despenaliza el aborto en medio de agresiones a activistas - Fuentes Fidedignas","isPartOf":{"@id":"https:\/\/fuentesfidedignas.com.mx\/#website"},"primaryImageOfPage":{"@id":"https:\/\/fuentesfidedignas.com.mx\/index.php\/2024\/07\/15\/puebla-despenaliza-el-aborto-en-medio-de-agresiones-a-activistas\/#primaryimage"},"image":{"@id":"https:\/\/fuentesfidedignas.com.mx\/index.php\/2024\/07\/15\/puebla-despenaliza-el-aborto-en-medio-de-agresiones-a-activistas\/#primaryimage"},"thumbnailUrl":"https:\/\/fuentesfidedignas.com.mx\/wp-content\/uploads\/2024\/07\/manifestacion-en-puebla-a-favor-del-aborto-legal.jpg","datePublished":"2024-07-15T19:45:46+00:00","breadcrumb":{"@id":"https:\/\/fuentesfidedignas.com.mx\/index.php\/2024\/07\/15\/puebla-despenaliza-el-aborto-en-medio-de-agresiones-a-activistas\/#breadcrumb"},"inLanguage":"es","potentialAction":[{"@type":"ReadAction","target":["https:\/\/fuentesfidedignas.com.mx\/index.php\/2024\/07\/15\/puebla-despenaliza-el-aborto-en-medio-de-agresiones-a-activistas\/"]}]},{"@type":"ImageObject","inLanguage":"es","@id":"https:\/\/fuentesfidedignas.com.mx\/index.php\/2024\/07\/15\/puebla-despenaliza-el-aborto-en-medio-de-agresiones-a-activistas\/#primaryimage","url":"https:\/\/fuentesfidedignas.com.mx\/wp-content\/uploads\/2024\/07\/manifestacion-en-puebla-a-favor-del-aborto-legal.jpg","contentUrl":"https:\/\/fuentesfidedignas.com.mx\/wp-content\/uploads\/2024\/07\/manifestacion-en-puebla-a-favor-del-aborto-legal.jpg","width":650,"height":487},{"@type":"BreadcrumbList","@id":"https:\/\/fuentesfidedignas.com.mx\/index.php\/2024\/07\/15\/puebla-despenaliza-el-aborto-en-medio-de-agresiones-a-activistas\/#breadcrumb","itemListElement":[{"@type":"ListItem","position":1,"name":"Inicio","item":"https:\/\/fuentesfidedignas.com.mx\/"},{"@type":"ListItem","position":2,"name":"Puebla despenaliza el aborto en medio de agresiones a activistas"}]},{"@type":"WebSite","@id":"https:\/\/fuentesfidedignas.com.mx\/#website","url":"https:\/\/fuentesfidedignas.com.mx\/","name":"Fuentes Fidedignas","description":"Otro sitio realizado con WordPress","publisher":{"@id":"https:\/\/fuentesfidedignas.com.mx\/#organization"},"potentialAction":[{"@type":"SearchAction","target":{"@type":"EntryPoint","urlTemplate":"https:\/\/fuentesfidedignas.com.mx\/?s={search_term_string}"},"query-input":{"@type":"PropertyValueSpecification","valueRequired":true,"valueName":"search_term_string"}}],"inLanguage":"es"},{"@type":"Organization","@id":"https:\/\/fuentesfidedignas.com.mx\/#organization","name":"Fuentes Fidedignas","url":"https:\/\/fuentesfidedignas.com.mx\/","logo":{"@type":"ImageObject","inLanguage":"es","@id":"https:\/\/fuentesfidedignas.com.mx\/#\/schema\/logo\/image\/","url":"https:\/\/fuentesfidedignas.com.mx\/wp-content\/uploads\/2021\/04\/logo-retina.png","contentUrl":"https:\/\/fuentesfidedignas.com.mx\/wp-content\/uploads\/2021\/04\/logo-retina.png","width":280,"height":51,"caption":"Fuentes Fidedignas"},"image":{"@id":"https:\/\/fuentesfidedignas.com.mx\/#\/schema\/logo\/image\/"},"sameAs":["https:\/\/www.facebook.com\/Fuentes-Fidedignas-368234489921644","https:\/\/x.com\/fidedignas"]},{"@type":"Person","@id":"https:\/\/fuentesfidedignas.com.mx\/#\/schema\/person\/67d852f0557c8509146a4b9ddebd543a","name":"L\u00f3pez D\u00f3riga","image":{"@type":"ImageObject","inLanguage":"es","@id":"https:\/\/secure.gravatar.com\/avatar\/e525b06574ca18b33cded59dfe5778d6c823b9513154eff47da551b0551bdd1e?s=96&d=mm&r=g","url":"https:\/\/secure.gravatar.com\/avatar\/e525b06574ca18b33cded59dfe5778d6c823b9513154eff47da551b0551bdd1e?s=96&d=mm&r=g","contentUrl":"https:\/\/secure.gravatar.com\/avatar\/e525b06574ca18b33cded59dfe5778d6c823b9513154eff47da551b0551bdd1e?s=96&d=mm&r=g","caption":"L\u00f3pez D\u00f3riga"},"url":"https:\/\/fuentesfidedignas.com.mx\/index.php\/author\/doriga\/"}]}},"_links":{"self":[{"href":"https:\/\/fuentesfidedignas.com.mx\/index.php\/wp-json\/wp\/v2\/posts\/86507","targetHints":{"allow":["GET"]}}],"collection":[{"href":"https:\/\/fuentesfidedignas.com.mx\/index.php\/wp-json\/wp\/v2\/posts"}],"about":[{"href":"https:\/\/fuentesfidedignas.com.mx\/index.php\/wp-json\/wp\/v2\/types\/post"}],"author":[{"embeddable":true,"href":"https:\/\/fuentesfidedignas.com.mx\/index.php\/wp-json\/wp\/v2\/users\/47"}],"replies":[{"embeddable":true,"href":"https:\/\/fuentesfidedignas.com.mx\/index.php\/wp-json\/wp\/v2\/comments?post=86507"}],"version-history":[{"count":1,"href":"https:\/\/fuentesfidedignas.com.mx\/index.php\/wp-json\/wp\/v2\/posts\/86507\/revisions"}],"predecessor-version":[{"id":86509,"href":"https:\/\/fuentesfidedignas.com.mx\/index.php\/wp-json\/wp\/v2\/posts\/86507\/revisions\/86509"}],"wp:featuredmedia":[{"embeddable":true,"href":"https:\/\/fuentesfidedignas.com.mx\/index.php\/wp-json\/wp\/v2\/media\/86508"}],"wp:attachment":[{"href":"https:\/\/fuentesfidedignas.com.mx\/index.php\/wp-json\/wp\/v2\/media?parent=86507"}],"wp:term":[{"taxonomy":"category","embeddable":true,"href":"https:\/\/fuentesfidedignas.com.mx\/index.php\/wp-json\/wp\/v2\/categories?post=86507"},{"taxonomy":"post_tag","embeddable":true,"href":"https:\/\/fuentesfidedignas.com.mx\/index.php\/wp-json\/wp\/v2\/tags?post=86507"}],"curies":[{"name":"wp","href":"https:\/\/api.w.org\/{rel}","templated":true}]}}