{"id":86437,"date":"2024-07-14T16:39:58","date_gmt":"2024-07-14T23:39:58","guid":{"rendered":"https:\/\/fuentesfidedignas.com.mx\/?p=86437"},"modified":"2024-07-14T17:08:58","modified_gmt":"2024-07-15T00:08:58","slug":"ataque-contra-trump-es-resultado-del-ambiente-creado-por-biden-acusa-rusia","status":"publish","type":"post","link":"https:\/\/fuentesfidedignas.com.mx\/index.php\/2024\/07\/14\/ataque-contra-trump-es-resultado-del-ambiente-creado-por-biden-acusa-rusia\/","title":{"rendered":"Ataque contra Trump es resultado del ambiente creado por Biden, acusa Rusia"},"content":{"rendered":"\n<p><strong><em>El gobierno de Vladimir Putin descart\u00f3 que la administraci\u00f3n de Joe Biden fuera responsable del atentado contra el ex presidente Trump.<\/em><\/strong><\/p>\n\n\n\n<p>El intento de asesinato que el ex presidente Donald Trump sufri\u00f3 el d\u00eda de ayer es resultado de la atm\u00f3sfera creada por el gobierno de Joe Biden en Estados Unidos, acus\u00f3 el Kremlin aunque descart\u00f3 que fuera la propia administraci\u00f3n estadunidense quien hiciera el atentado.<\/p>\n\n\n\n<p>Trump recibi\u00f3 un disparo en una oreja durante un mitin en Pensilvania, en un ataque que ahora se investiga como intento de asesinato. El atacante fue abatido a tiros y las fuerzas del orden dijeron que a\u00fan no hab\u00edan identificado un motivo.<\/p>\n\n\n\n<p>&#8220;No creemos que el intento de eliminar y asesinar a Trump haya sido organizado por las autoridades actuales, pero el ambiente en torno al candidato Trump (\u2026) provoc\u00f3 lo que Estados Unidos afronta hoy&#8221;,\u00a0dijo a la prensa el vocero del Kremlin, Dmitry Peskov.<br>As\u00ed se report\u00f3 el atentado contra Donald Trump:<\/p>\n\n\n\n<figure class=\"wp-block-embed is-type-rich is-provider-twitter wp-block-embed-twitter\"><div class=\"wp-block-embed__wrapper\">\n<blockquote class=\"twitter-tweet\" data-width=\"550\" data-dnt=\"true\"><p lang=\"es\" dir=\"ltr\">\ud83c\uddfa\ud83c\uddf8 | URGENTE: Se escuchan disparos durante acto de campa\u00f1a de Trump en Pennsylvania, todos van al suelo incluido el ex presidente Trump. <a href=\"https:\/\/t.co\/mgPwje65Gt\">pic.twitter.com\/mgPwje65Gt<\/a><\/p>&mdash; Alerta News 24 (@AlertaNews24) <a href=\"https:\/\/twitter.com\/AlertaNews24\/status\/1812250017140212136?ref_src=twsrc%5Etfw\">July 13, 2024<\/a><\/blockquote><script async src=\"https:\/\/platform.twitter.com\/widgets.js\" charset=\"utf-8\"><\/script>\n<\/div><\/figure>\n\n\n\n<p>El presidente Joe Biden conden\u00f3 el ataque, diciendo que no hab\u00eda lugar para ese tipo de violencia en Estados Unidos. Peskov dijo que Rusia condenaba cualquier tipo de violencia en la arena pol\u00edtica.<\/p>\n\n\n\n<p>Sus comentarios se hicieron eco de los de algunos de los aliados republicanos de Trump, que inmediatamente culparon a Biden.<\/p>\n\n\n\n<p>&#8220;Despu\u00e9s de numerosos intentos de sacar al candidato Trump de la arena pol\u00edtica -utilizando primero herramientas legales, los tribunales, los fiscales, los intentos de desacreditar pol\u00edticamente y comprometer al candidato- era obvio para todos los observadores externos que su vida estaba en peligro&#8221;, dijo Peskov.<\/p>\n\n\n\n<p>A\u00f1adi\u00f3 que no hab\u00eda planes para que el presidente Vladimir Putin llamara a Trump a la luz del incidente.<\/p>\n\n\n\n<p>Putin ha dicho que es poco probable que el resultado de las elecciones presidenciales de noviembre cambie algo para Rusia y que la administraci\u00f3n de Trump hab\u00eda da\u00f1ado las relaciones entre las potencias.<\/p>\n\n\n\n<p>Pero el l\u00edder ruso se ha interesado p\u00fablicamente por las declaraciones de Trump de que podr\u00eda poner fin a la guerra de Ucrania, diciendo que no conoce los detalles pero que apoya la idea de&nbsp;acabar con el conflicto&nbsp;en principio.<\/p>\n\n\n\n<p>El Ministerio de Asuntos Exteriores ruso aprovech\u00f3 el tiroteo para instar a Washington a que deje de financiar al ej\u00e9rcito ucraniano y se concentre, en cambio, en mejorar la aplicaci\u00f3n de la ley a nivel nacional.<\/p>\n\n\n\n<p>La invasi\u00f3n a gran escala de Ucrania por parte de Mosc\u00fa en 2022 ha llevado los lazos de Rusia con Occidente a su punto m\u00e1s bajo desde el apogeo de la Guerra Fr\u00eda.<\/p>\n\n\n\n<p>Al ser consultado sobre si el ataque de Trump podr\u00eda afectar a la legitimidad de las pr\u00f3ximas elecciones en Estados Unidos, Peskov dijo: &#8220;No nos corresponde a nosotros juzgarlo. No tenemos el menor deseo de interferir. Es un asunto de Estados Unidos&#8221;.<\/p>\n","protected":false},"excerpt":{"rendered":"<p>El gobierno de Vladimir Putin descart\u00f3 que la administraci\u00f3n de Joe Biden fuera responsable del atentado contra el ex presidente Trump. El intento de asesinato que el ex presidente Donald Trump sufri\u00f3 el d\u00eda de ayer es resultado de la atm\u00f3sfera creada por el gobierno de Joe Biden en Estados Unidos, acus\u00f3 el Kremlin aunque [&hellip;]<\/p>\n","protected":false},"author":9,"featured_media":25568,"comment_status":"open","ping_status":"open","sticky":false,"template":"","format":"standard","meta":{"tdm_status":"","tdm_grid_status":"","footnotes":""},"categories":[39],"tags":[],"class_list":{"0":"post-86437","1":"post","2":"type-post","3":"status-publish","4":"format-standard","5":"has-post-thumbnail","7":"category-noticias-nacionales"},"yoast_head":"<!-- This site is optimized with the Yoast SEO plugin v27.5 - https:\/\/yoast.com\/product\/yoast-seo-wordpress\/ -->\n<title>Ataque contra Trump es resultado del ambiente creado por Biden, acusa Rusia - Fuentes Fidedignas<\/title>\n<meta name=\"robots\" content=\"index, follow, max-snippet:-1, max-image-preview:large, max-video-preview:-1\" \/>\n<link rel=\"canonical\" href=\"https:\/\/fuentesfidedignas.com.mx\/index.php\/2024\/07\/14\/ataque-contra-trump-es-resultado-del-ambiente-creado-por-biden-acusa-rusia\/\" \/>\n<meta property=\"og:locale\" content=\"es_MX\" \/>\n<meta property=\"og:type\" content=\"article\" \/>\n<meta property=\"og:title\" content=\"Ataque contra Trump es resultado del ambiente creado por Biden, acusa Rusia - Fuentes Fidedignas\" \/>\n<meta property=\"og:description\" content=\"El gobierno de Vladimir Putin descart\u00f3 que la administraci\u00f3n de Joe Biden fuera responsable del atentado contra el ex presidente Trump. El intento de asesinato que el ex presidente Donald Trump sufri\u00f3 el d\u00eda de ayer es resultado de la atm\u00f3sfera creada por el gobierno de Joe Biden en Estados Unidos, acus\u00f3 el Kremlin aunque [&hellip;]\" \/>\n<meta property=\"og:url\" content=\"https:\/\/fuentesfidedignas.com.mx\/index.php\/2024\/07\/14\/ataque-contra-trump-es-resultado-del-ambiente-creado-por-biden-acusa-rusia\/\" \/>\n<meta property=\"og:site_name\" content=\"Fuentes Fidedignas\" \/>\n<meta property=\"article:publisher\" content=\"https:\/\/www.facebook.com\/Fuentes-Fidedignas-368234489921644\" \/>\n<meta property=\"article:published_time\" content=\"2024-07-14T23:39:58+00:00\" \/>\n<meta property=\"article:modified_time\" content=\"2024-07-15T00:08:58+00:00\" \/>\n<meta property=\"og:image\" content=\"https:\/\/fuentesfidedignas.com.mx\/wp-content\/uploads\/2022\/03\/PUTIN.jpg\" \/>\n\t<meta property=\"og:image:width\" content=\"800\" \/>\n\t<meta property=\"og:image:height\" content=\"600\" \/>\n\t<meta property=\"og:image:type\" content=\"image\/jpeg\" \/>\n<meta name=\"author\" content=\"Milenio\" \/>\n<meta name=\"twitter:card\" content=\"summary_large_image\" \/>\n<meta name=\"twitter:creator\" content=\"@fidedignas\" \/>\n<meta name=\"twitter:site\" content=\"@fidedignas\" \/>\n<meta name=\"twitter:label1\" content=\"Escrito por\" \/>\n\t<meta name=\"twitter:data1\" content=\"Milenio\" \/>\n\t<meta name=\"twitter:label2\" content=\"Tiempo de lectura\" \/>\n\t<meta name=\"twitter:data2\" content=\"3 minutos\" \/>\n<script type=\"application\/ld+json\" class=\"yoast-schema-graph\">{\"@context\":\"https:\\\/\\\/schema.org\",\"@graph\":[{\"@type\":\"Article\",\"@id\":\"https:\\\/\\\/fuentesfidedignas.com.mx\\\/index.php\\\/2024\\\/07\\\/14\\\/ataque-contra-trump-es-resultado-del-ambiente-creado-por-biden-acusa-rusia\\\/#article\",\"isPartOf\":{\"@id\":\"https:\\\/\\\/fuentesfidedignas.com.mx\\\/index.php\\\/2024\\\/07\\\/14\\\/ataque-contra-trump-es-resultado-del-ambiente-creado-por-biden-acusa-rusia\\\/\"},\"author\":{\"name\":\"Milenio\",\"@id\":\"https:\\\/\\\/fuentesfidedignas.com.mx\\\/#\\\/schema\\\/person\\\/47ec0135738f4b0c7495f06a77a2c976\"},\"headline\":\"Ataque contra Trump es resultado del ambiente creado por Biden, acusa Rusia\",\"datePublished\":\"2024-07-14T23:39:58+00:00\",\"dateModified\":\"2024-07-15T00:08:58+00:00\",\"mainEntityOfPage\":{\"@id\":\"https:\\\/\\\/fuentesfidedignas.com.mx\\\/index.php\\\/2024\\\/07\\\/14\\\/ataque-contra-trump-es-resultado-del-ambiente-creado-por-biden-acusa-rusia\\\/\"},\"wordCount\":505,\"commentCount\":0,\"publisher\":{\"@id\":\"https:\\\/\\\/fuentesfidedignas.com.mx\\\/#organization\"},\"image\":{\"@id\":\"https:\\\/\\\/fuentesfidedignas.com.mx\\\/index.php\\\/2024\\\/07\\\/14\\\/ataque-contra-trump-es-resultado-del-ambiente-creado-por-biden-acusa-rusia\\\/#primaryimage\"},\"thumbnailUrl\":\"https:\\\/\\\/fuentesfidedignas.com.mx\\\/wp-content\\\/uploads\\\/2022\\\/03\\\/PUTIN.jpg\",\"articleSection\":[\"NOTICIAS NACIONALES\"],\"inLanguage\":\"es\",\"potentialAction\":[{\"@type\":\"CommentAction\",\"name\":\"Comment\",\"target\":[\"https:\\\/\\\/fuentesfidedignas.com.mx\\\/index.php\\\/2024\\\/07\\\/14\\\/ataque-contra-trump-es-resultado-del-ambiente-creado-por-biden-acusa-rusia\\\/#respond\"]}]},{\"@type\":\"WebPage\",\"@id\":\"https:\\\/\\\/fuentesfidedignas.com.mx\\\/index.php\\\/2024\\\/07\\\/14\\\/ataque-contra-trump-es-resultado-del-ambiente-creado-por-biden-acusa-rusia\\\/\",\"url\":\"https:\\\/\\\/fuentesfidedignas.com.mx\\\/index.php\\\/2024\\\/07\\\/14\\\/ataque-contra-trump-es-resultado-del-ambiente-creado-por-biden-acusa-rusia\\\/\",\"name\":\"Ataque contra Trump es resultado del ambiente creado por Biden, acusa Rusia - Fuentes Fidedignas\",\"isPartOf\":{\"@id\":\"https:\\\/\\\/fuentesfidedignas.com.mx\\\/#website\"},\"primaryImageOfPage\":{\"@id\":\"https:\\\/\\\/fuentesfidedignas.com.mx\\\/index.php\\\/2024\\\/07\\\/14\\\/ataque-contra-trump-es-resultado-del-ambiente-creado-por-biden-acusa-rusia\\\/#primaryimage\"},\"image\":{\"@id\":\"https:\\\/\\\/fuentesfidedignas.com.mx\\\/index.php\\\/2024\\\/07\\\/14\\\/ataque-contra-trump-es-resultado-del-ambiente-creado-por-biden-acusa-rusia\\\/#primaryimage\"},\"thumbnailUrl\":\"https:\\\/\\\/fuentesfidedignas.com.mx\\\/wp-content\\\/uploads\\\/2022\\\/03\\\/PUTIN.jpg\",\"datePublished\":\"2024-07-14T23:39:58+00:00\",\"dateModified\":\"2024-07-15T00:08:58+00:00\",\"breadcrumb\":{\"@id\":\"https:\\\/\\\/fuentesfidedignas.com.mx\\\/index.php\\\/2024\\\/07\\\/14\\\/ataque-contra-trump-es-resultado-del-ambiente-creado-por-biden-acusa-rusia\\\/#breadcrumb\"},\"inLanguage\":\"es\",\"potentialAction\":[{\"@type\":\"ReadAction\",\"target\":[\"https:\\\/\\\/fuentesfidedignas.com.mx\\\/index.php\\\/2024\\\/07\\\/14\\\/ataque-contra-trump-es-resultado-del-ambiente-creado-por-biden-acusa-rusia\\\/\"]}]},{\"@type\":\"ImageObject\",\"inLanguage\":\"es\",\"@id\":\"https:\\\/\\\/fuentesfidedignas.com.mx\\\/index.php\\\/2024\\\/07\\\/14\\\/ataque-contra-trump-es-resultado-del-ambiente-creado-por-biden-acusa-rusia\\\/#primaryimage\",\"url\":\"https:\\\/\\\/fuentesfidedignas.com.mx\\\/wp-content\\\/uploads\\\/2022\\\/03\\\/PUTIN.jpg\",\"contentUrl\":\"https:\\\/\\\/fuentesfidedignas.com.mx\\\/wp-content\\\/uploads\\\/2022\\\/03\\\/PUTIN.jpg\",\"width\":800,\"height\":600},{\"@type\":\"BreadcrumbList\",\"@id\":\"https:\\\/\\\/fuentesfidedignas.com.mx\\\/index.php\\\/2024\\\/07\\\/14\\\/ataque-contra-trump-es-resultado-del-ambiente-creado-por-biden-acusa-rusia\\\/#breadcrumb\",\"itemListElement\":[{\"@type\":\"ListItem\",\"position\":1,\"name\":\"Inicio\",\"item\":\"https:\\\/\\\/fuentesfidedignas.com.mx\\\/\"},{\"@type\":\"ListItem\",\"position\":2,\"name\":\"Ataque contra Trump es resultado del ambiente creado por Biden, acusa Rusia\"}]},{\"@type\":\"WebSite\",\"@id\":\"https:\\\/\\\/fuentesfidedignas.com.mx\\\/#website\",\"url\":\"https:\\\/\\\/fuentesfidedignas.com.mx\\\/\",\"name\":\"Fuentes Fidedignas\",\"description\":\"Otro sitio realizado con WordPress\",\"publisher\":{\"@id\":\"https:\\\/\\\/fuentesfidedignas.com.mx\\\/#organization\"},\"potentialAction\":[{\"@type\":\"SearchAction\",\"target\":{\"@type\":\"EntryPoint\",\"urlTemplate\":\"https:\\\/\\\/fuentesfidedignas.com.mx\\\/?s={search_term_string}\"},\"query-input\":{\"@type\":\"PropertyValueSpecification\",\"valueRequired\":true,\"valueName\":\"search_term_string\"}}],\"inLanguage\":\"es\"},{\"@type\":\"Organization\",\"@id\":\"https:\\\/\\\/fuentesfidedignas.com.mx\\\/#organization\",\"name\":\"Fuentes Fidedignas\",\"url\":\"https:\\\/\\\/fuentesfidedignas.com.mx\\\/\",\"logo\":{\"@type\":\"ImageObject\",\"inLanguage\":\"es\",\"@id\":\"https:\\\/\\\/fuentesfidedignas.com.mx\\\/#\\\/schema\\\/logo\\\/image\\\/\",\"url\":\"https:\\\/\\\/fuentesfidedignas.com.mx\\\/wp-content\\\/uploads\\\/2021\\\/04\\\/logo-retina.png\",\"contentUrl\":\"https:\\\/\\\/fuentesfidedignas.com.mx\\\/wp-content\\\/uploads\\\/2021\\\/04\\\/logo-retina.png\",\"width\":280,\"height\":51,\"caption\":\"Fuentes Fidedignas\"},\"image\":{\"@id\":\"https:\\\/\\\/fuentesfidedignas.com.mx\\\/#\\\/schema\\\/logo\\\/image\\\/\"},\"sameAs\":[\"https:\\\/\\\/www.facebook.com\\\/Fuentes-Fidedignas-368234489921644\",\"https:\\\/\\\/x.com\\\/fidedignas\"]},{\"@type\":\"Person\",\"@id\":\"https:\\\/\\\/fuentesfidedignas.com.mx\\\/#\\\/schema\\\/person\\\/47ec0135738f4b0c7495f06a77a2c976\",\"name\":\"Milenio\",\"image\":{\"@type\":\"ImageObject\",\"inLanguage\":\"es\",\"@id\":\"https:\\\/\\\/secure.gravatar.com\\\/avatar\\\/acabf7b54753e51c2c76457954577c236b3b764789b19879565769739d1e4a75?s=96&d=mm&r=g\",\"url\":\"https:\\\/\\\/secure.gravatar.com\\\/avatar\\\/acabf7b54753e51c2c76457954577c236b3b764789b19879565769739d1e4a75?s=96&d=mm&r=g\",\"contentUrl\":\"https:\\\/\\\/secure.gravatar.com\\\/avatar\\\/acabf7b54753e51c2c76457954577c236b3b764789b19879565769739d1e4a75?s=96&d=mm&r=g\",\"caption\":\"Milenio\"},\"url\":\"https:\\\/\\\/fuentesfidedignas.com.mx\\\/index.php\\\/author\\\/milenio\\\/\"}]}<\/script>\n<!-- \/ Yoast SEO plugin. -->","yoast_head_json":{"title":"Ataque contra Trump es resultado del ambiente creado por Biden, acusa Rusia - Fuentes Fidedignas","robots":{"index":"index","follow":"follow","max-snippet":"max-snippet:-1","max-image-preview":"max-image-preview:large","max-video-preview":"max-video-preview:-1"},"canonical":"https:\/\/fuentesfidedignas.com.mx\/index.php\/2024\/07\/14\/ataque-contra-trump-es-resultado-del-ambiente-creado-por-biden-acusa-rusia\/","og_locale":"es_MX","og_type":"article","og_title":"Ataque contra Trump es resultado del ambiente creado por Biden, acusa Rusia - Fuentes Fidedignas","og_description":"El gobierno de Vladimir Putin descart\u00f3 que la administraci\u00f3n de Joe Biden fuera responsable del atentado contra el ex presidente Trump. El intento de asesinato que el ex presidente Donald Trump sufri\u00f3 el d\u00eda de ayer es resultado de la atm\u00f3sfera creada por el gobierno de Joe Biden en Estados Unidos, acus\u00f3 el Kremlin aunque [&hellip;]","og_url":"https:\/\/fuentesfidedignas.com.mx\/index.php\/2024\/07\/14\/ataque-contra-trump-es-resultado-del-ambiente-creado-por-biden-acusa-rusia\/","og_site_name":"Fuentes Fidedignas","article_publisher":"https:\/\/www.facebook.com\/Fuentes-Fidedignas-368234489921644","article_published_time":"2024-07-14T23:39:58+00:00","article_modified_time":"2024-07-15T00:08:58+00:00","og_image":[{"width":800,"height":600,"url":"https:\/\/fuentesfidedignas.com.mx\/wp-content\/uploads\/2022\/03\/PUTIN.jpg","type":"image\/jpeg"}],"author":"Milenio","twitter_card":"summary_large_image","twitter_creator":"@fidedignas","twitter_site":"@fidedignas","twitter_misc":{"Escrito por":"Milenio","Tiempo de lectura":"3 minutos"},"schema":{"@context":"https:\/\/schema.org","@graph":[{"@type":"Article","@id":"https:\/\/fuentesfidedignas.com.mx\/index.php\/2024\/07\/14\/ataque-contra-trump-es-resultado-del-ambiente-creado-por-biden-acusa-rusia\/#article","isPartOf":{"@id":"https:\/\/fuentesfidedignas.com.mx\/index.php\/2024\/07\/14\/ataque-contra-trump-es-resultado-del-ambiente-creado-por-biden-acusa-rusia\/"},"author":{"name":"Milenio","@id":"https:\/\/fuentesfidedignas.com.mx\/#\/schema\/person\/47ec0135738f4b0c7495f06a77a2c976"},"headline":"Ataque contra Trump es resultado del ambiente creado por Biden, acusa Rusia","datePublished":"2024-07-14T23:39:58+00:00","dateModified":"2024-07-15T00:08:58+00:00","mainEntityOfPage":{"@id":"https:\/\/fuentesfidedignas.com.mx\/index.php\/2024\/07\/14\/ataque-contra-trump-es-resultado-del-ambiente-creado-por-biden-acusa-rusia\/"},"wordCount":505,"commentCount":0,"publisher":{"@id":"https:\/\/fuentesfidedignas.com.mx\/#organization"},"image":{"@id":"https:\/\/fuentesfidedignas.com.mx\/index.php\/2024\/07\/14\/ataque-contra-trump-es-resultado-del-ambiente-creado-por-biden-acusa-rusia\/#primaryimage"},"thumbnailUrl":"https:\/\/fuentesfidedignas.com.mx\/wp-content\/uploads\/2022\/03\/PUTIN.jpg","articleSection":["NOTICIAS NACIONALES"],"inLanguage":"es","potentialAction":[{"@type":"CommentAction","name":"Comment","target":["https:\/\/fuentesfidedignas.com.mx\/index.php\/2024\/07\/14\/ataque-contra-trump-es-resultado-del-ambiente-creado-por-biden-acusa-rusia\/#respond"]}]},{"@type":"WebPage","@id":"https:\/\/fuentesfidedignas.com.mx\/index.php\/2024\/07\/14\/ataque-contra-trump-es-resultado-del-ambiente-creado-por-biden-acusa-rusia\/","url":"https:\/\/fuentesfidedignas.com.mx\/index.php\/2024\/07\/14\/ataque-contra-trump-es-resultado-del-ambiente-creado-por-biden-acusa-rusia\/","name":"Ataque contra Trump es resultado del ambiente creado por Biden, acusa Rusia - Fuentes Fidedignas","isPartOf":{"@id":"https:\/\/fuentesfidedignas.com.mx\/#website"},"primaryImageOfPage":{"@id":"https:\/\/fuentesfidedignas.com.mx\/index.php\/2024\/07\/14\/ataque-contra-trump-es-resultado-del-ambiente-creado-por-biden-acusa-rusia\/#primaryimage"},"image":{"@id":"https:\/\/fuentesfidedignas.com.mx\/index.php\/2024\/07\/14\/ataque-contra-trump-es-resultado-del-ambiente-creado-por-biden-acusa-rusia\/#primaryimage"},"thumbnailUrl":"https:\/\/fuentesfidedignas.com.mx\/wp-content\/uploads\/2022\/03\/PUTIN.jpg","datePublished":"2024-07-14T23:39:58+00:00","dateModified":"2024-07-15T00:08:58+00:00","breadcrumb":{"@id":"https:\/\/fuentesfidedignas.com.mx\/index.php\/2024\/07\/14\/ataque-contra-trump-es-resultado-del-ambiente-creado-por-biden-acusa-rusia\/#breadcrumb"},"inLanguage":"es","potentialAction":[{"@type":"ReadAction","target":["https:\/\/fuentesfidedignas.com.mx\/index.php\/2024\/07\/14\/ataque-contra-trump-es-resultado-del-ambiente-creado-por-biden-acusa-rusia\/"]}]},{"@type":"ImageObject","inLanguage":"es","@id":"https:\/\/fuentesfidedignas.com.mx\/index.php\/2024\/07\/14\/ataque-contra-trump-es-resultado-del-ambiente-creado-por-biden-acusa-rusia\/#primaryimage","url":"https:\/\/fuentesfidedignas.com.mx\/wp-content\/uploads\/2022\/03\/PUTIN.jpg","contentUrl":"https:\/\/fuentesfidedignas.com.mx\/wp-content\/uploads\/2022\/03\/PUTIN.jpg","width":800,"height":600},{"@type":"BreadcrumbList","@id":"https:\/\/fuentesfidedignas.com.mx\/index.php\/2024\/07\/14\/ataque-contra-trump-es-resultado-del-ambiente-creado-por-biden-acusa-rusia\/#breadcrumb","itemListElement":[{"@type":"ListItem","position":1,"name":"Inicio","item":"https:\/\/fuentesfidedignas.com.mx\/"},{"@type":"ListItem","position":2,"name":"Ataque contra Trump es resultado del ambiente creado por Biden, acusa Rusia"}]},{"@type":"WebSite","@id":"https:\/\/fuentesfidedignas.com.mx\/#website","url":"https:\/\/fuentesfidedignas.com.mx\/","name":"Fuentes Fidedignas","description":"Otro sitio realizado con WordPress","publisher":{"@id":"https:\/\/fuentesfidedignas.com.mx\/#organization"},"potentialAction":[{"@type":"SearchAction","target":{"@type":"EntryPoint","urlTemplate":"https:\/\/fuentesfidedignas.com.mx\/?s={search_term_string}"},"query-input":{"@type":"PropertyValueSpecification","valueRequired":true,"valueName":"search_term_string"}}],"inLanguage":"es"},{"@type":"Organization","@id":"https:\/\/fuentesfidedignas.com.mx\/#organization","name":"Fuentes Fidedignas","url":"https:\/\/fuentesfidedignas.com.mx\/","logo":{"@type":"ImageObject","inLanguage":"es","@id":"https:\/\/fuentesfidedignas.com.mx\/#\/schema\/logo\/image\/","url":"https:\/\/fuentesfidedignas.com.mx\/wp-content\/uploads\/2021\/04\/logo-retina.png","contentUrl":"https:\/\/fuentesfidedignas.com.mx\/wp-content\/uploads\/2021\/04\/logo-retina.png","width":280,"height":51,"caption":"Fuentes Fidedignas"},"image":{"@id":"https:\/\/fuentesfidedignas.com.mx\/#\/schema\/logo\/image\/"},"sameAs":["https:\/\/www.facebook.com\/Fuentes-Fidedignas-368234489921644","https:\/\/x.com\/fidedignas"]},{"@type":"Person","@id":"https:\/\/fuentesfidedignas.com.mx\/#\/schema\/person\/47ec0135738f4b0c7495f06a77a2c976","name":"Milenio","image":{"@type":"ImageObject","inLanguage":"es","@id":"https:\/\/secure.gravatar.com\/avatar\/acabf7b54753e51c2c76457954577c236b3b764789b19879565769739d1e4a75?s=96&d=mm&r=g","url":"https:\/\/secure.gravatar.com\/avatar\/acabf7b54753e51c2c76457954577c236b3b764789b19879565769739d1e4a75?s=96&d=mm&r=g","contentUrl":"https:\/\/secure.gravatar.com\/avatar\/acabf7b54753e51c2c76457954577c236b3b764789b19879565769739d1e4a75?s=96&d=mm&r=g","caption":"Milenio"},"url":"https:\/\/fuentesfidedignas.com.mx\/index.php\/author\/milenio\/"}]}},"_links":{"self":[{"href":"https:\/\/fuentesfidedignas.com.mx\/index.php\/wp-json\/wp\/v2\/posts\/86437","targetHints":{"allow":["GET"]}}],"collection":[{"href":"https:\/\/fuentesfidedignas.com.mx\/index.php\/wp-json\/wp\/v2\/posts"}],"about":[{"href":"https:\/\/fuentesfidedignas.com.mx\/index.php\/wp-json\/wp\/v2\/types\/post"}],"author":[{"embeddable":true,"href":"https:\/\/fuentesfidedignas.com.mx\/index.php\/wp-json\/wp\/v2\/users\/9"}],"replies":[{"embeddable":true,"href":"https:\/\/fuentesfidedignas.com.mx\/index.php\/wp-json\/wp\/v2\/comments?post=86437"}],"version-history":[{"count":1,"href":"https:\/\/fuentesfidedignas.com.mx\/index.php\/wp-json\/wp\/v2\/posts\/86437\/revisions"}],"predecessor-version":[{"id":86438,"href":"https:\/\/fuentesfidedignas.com.mx\/index.php\/wp-json\/wp\/v2\/posts\/86437\/revisions\/86438"}],"wp:featuredmedia":[{"embeddable":true,"href":"https:\/\/fuentesfidedignas.com.mx\/index.php\/wp-json\/wp\/v2\/media\/25568"}],"wp:attachment":[{"href":"https:\/\/fuentesfidedignas.com.mx\/index.php\/wp-json\/wp\/v2\/media?parent=86437"}],"wp:term":[{"taxonomy":"category","embeddable":true,"href":"https:\/\/fuentesfidedignas.com.mx\/index.php\/wp-json\/wp\/v2\/categories?post=86437"},{"taxonomy":"post_tag","embeddable":true,"href":"https:\/\/fuentesfidedignas.com.mx\/index.php\/wp-json\/wp\/v2\/tags?post=86437"}],"curies":[{"name":"wp","href":"https:\/\/api.w.org\/{rel}","templated":true}]}}