{"id":86415,"date":"2024-07-14T13:05:13","date_gmt":"2024-07-14T20:05:13","guid":{"rendered":"https:\/\/fuentesfidedignas.com.mx\/?p=86415"},"modified":"2024-07-14T12:55:01","modified_gmt":"2024-07-14T19:55:01","slug":"mueren-siete-jovenes-ahogados-en-veracruz-su-vehiculo-cayo-al-rio-calzadas","status":"publish","type":"post","link":"https:\/\/fuentesfidedignas.com.mx\/index.php\/2024\/07\/14\/mueren-siete-jovenes-ahogados-en-veracruz-su-vehiculo-cayo-al-rio-calzadas\/","title":{"rendered":"Mueren siete j\u00f3venes ahogados en Veracruz; su veh\u00edculo cay\u00f3 al R\u00edo Calzadas"},"content":{"rendered":"\n<p><strong><em>Los j\u00f3venes viajaban en una camioneta que termin\u00f3 sumergida en el r\u00edo con ellos a bordo.<\/em><\/strong><\/p>\n\n\n\n<p>Una tragedia ocurri\u00f3 la noche de este s\u00e1bado 13 de julio, donde siete j\u00f3venes murieron tras hundirse en el r\u00edo Calzadas, a bordo de una camioneta en la que se encontraban. Presuntamente eran dos hombres y cinco mujeres de entre 21 y 23 a\u00f1os que, celebraban el fin de ciclo escolar.<\/p>\n\n\n\n<p>Informaci\u00f3n proporcionada por las autoridades a MILENIO, indica que los j\u00f3venes decidieron acudir a un domicilio particular que, se ubica en la colonia Elvira Hern\u00e1ndez Ochoa, a bordo de una camioneta tipo Suburban blanca, despu\u00e9s de las 20:00 horas, donde disfrutaban de una fiesta entre amigos.<\/p>\n\n\n\n<blockquote class=\"twitter-tweet\"><p lang=\"es\" dir=\"ltr\">Cae camioneta al r\u00edo Calzadas en Coatzacoalcos<br>\u27a1\ufe0f <a href=\"https:\/\/t.co\/eQwig5xsb5\">https:\/\/t.co\/eQwig5xsb5<\/a><a href=\"https:\/\/twitter.com\/hashtag\/Tuxpan?src=hash&amp;ref_src=twsrc%5Etfw\">#Tuxpan<\/a> <a href=\"https:\/\/twitter.com\/hashtag\/Papantla?src=hash&amp;ref_src=twsrc%5Etfw\">#Papantla<\/a> <a href=\"https:\/\/twitter.com\/hashtag\/CordobaVer?src=hash&amp;ref_src=twsrc%5Etfw\">#CordobaVer<\/a> <a href=\"https:\/\/twitter.com\/hashtag\/Coatepec?src=hash&amp;ref_src=twsrc%5Etfw\">#Coatepec<\/a><\/p>&mdash; Es Noticia Veracruz (@esnoticiaviral) <a href=\"https:\/\/twitter.com\/esnoticiaviral\/status\/1812494009530716348?ref_src=twsrc%5Etfw\">July 14, 2024<\/a><\/blockquote> <script async src=\"https:\/\/platform.twitter.com\/widgets.js\" charset=\"utf-8\"><\/script>\n\n\n\n<p>Hasta el momento existen dos versiones que pudieron provocar estas muertes: la primera indica que los j\u00f3venes intentaron sacar una lancha at\u00e1ndola a la camioneta, pero fueron arrastrados hacia el agua.<\/p>\n\n\n\n<p>Mientras que la segunde versi\u00f3n indica que los j\u00f3venes se estacionaron a un costado de la orilla del r\u00edo Calzadas, y no pusieron freno, por lo que se fueron hacia dentro del agua, y no pudieron salir. Todo esto mientras se registraba una fuerte tormenta el\u00e9ctrica en el sur de Veracruz.<\/p>\n\n\n\n<p>Al lugar acudieron cuerpos de rescate, elementos policiacos y autoridades ministeriales, quienes durante m\u00e1s de dos horas trabajaron para rescatar la unidad, con los siete cuerpos de los j\u00f3venes dentro, con ayuda de una gr\u00faa.<\/p>\n\n\n\n<blockquote class=\"twitter-tweet\"><p lang=\"es\" dir=\"ltr\">\ud83d\udd34 La noche del s\u00e1bado termin\u00f3 en tragedia para siete j\u00f3venes que celebraban su graduaci\u00f3n. La camioneta en la que viajaban cay\u00f3 accidentalmente al r\u00edo Calzadas, en Coatzacoalcos, <a href=\"https:\/\/twitter.com\/hashtag\/Veracruz?src=hash&amp;ref_src=twsrc%5Etfw\">#Veracruz<\/a>. <a href=\"https:\/\/t.co\/rfT5ZupBUD\">pic.twitter.com\/rfT5ZupBUD<\/a><\/p>&mdash; Punto 4T (@Punto4T) <a href=\"https:\/\/twitter.com\/Punto4T\/status\/1812503581641310473?ref_src=twsrc%5Etfw\">July 14, 2024<\/a><\/blockquote> <script async src=\"https:\/\/platform.twitter.com\/widgets.js\" charset=\"utf-8\"><\/script>\n\n\n\n<p>Uno a uno fue sacado, y posteriormente enviados al Servicio M\u00e9dico Forense de esta ciudad, donde se espera que sean identificados de forma legal por sus padres, quienes ya se hab\u00edan trasladado al lugar de la tragedia.<\/p>\n\n\n\n<p>En el operativo de rescate de los cuerpos participaron Polic\u00eda Estatal, Fuerza Civil, Protecci\u00f3n Civil, Guardia Nacional, Marina y Polic\u00eda Ministerial.<\/p>\n\n\n\n<p>Posteriormente fueron identificados:<\/p>\n\n\n\n<ul class=\"wp-block-list\">\n<li>Mayra Reyes S\u00e1nchez de 21 a\u00f1os.<\/li>\n\n\n\n<li>Mar\u00eda D\u00edaz Pelayo de 21 a\u00f1os.<\/li>\n\n\n\n<li>Pablo L\u00f3pez Guerrero de 21 a\u00f1os.<\/li>\n\n\n\n<li>Katelyne Toledo de 21 a\u00f1os.<\/li>\n\n\n\n<li>Julio Vizca\u00edno de 22 a\u00f1os.<\/li>\n\n\n\n<li>Perla \u00c1lvarez Pacheco de 22 a\u00f1os.<\/li>\n\n\n\n<li>Luz Paulina Hern\u00e1ndez de 22 a\u00f1os.<\/li>\n<\/ul>\n","protected":false},"excerpt":{"rendered":"<p>Los j\u00f3venes viajaban en una camioneta que termin\u00f3 sumergida en el r\u00edo con ellos a bordo. Una tragedia ocurri\u00f3 la noche de este s\u00e1bado 13 de julio, donde siete j\u00f3venes murieron tras hundirse en el r\u00edo Calzadas, a bordo de una camioneta en la que se encontraban. Presuntamente eran dos hombres y cinco mujeres de [&hellip;]<\/p>\n","protected":false},"author":9,"featured_media":86416,"comment_status":"open","ping_status":"open","sticky":false,"template":"","format":"standard","meta":{"tdm_status":"","tdm_grid_status":"","footnotes":""},"categories":[39],"tags":[],"class_list":{"0":"post-86415","1":"post","2":"type-post","3":"status-publish","4":"format-standard","5":"has-post-thumbnail","7":"category-noticias-nacionales"},"yoast_head":"<!-- This site is optimized with the Yoast SEO plugin v27.5 - https:\/\/yoast.com\/product\/yoast-seo-wordpress\/ -->\n<title>Mueren siete j\u00f3venes ahogados en Veracruz; su veh\u00edculo cay\u00f3 al R\u00edo Calzadas - Fuentes Fidedignas<\/title>\n<meta name=\"robots\" content=\"index, follow, max-snippet:-1, max-image-preview:large, max-video-preview:-1\" \/>\n<link rel=\"canonical\" href=\"https:\/\/fuentesfidedignas.com.mx\/index.php\/2024\/07\/14\/mueren-siete-jovenes-ahogados-en-veracruz-su-vehiculo-cayo-al-rio-calzadas\/\" \/>\n<meta property=\"og:locale\" content=\"es_MX\" \/>\n<meta property=\"og:type\" content=\"article\" \/>\n<meta property=\"og:title\" content=\"Mueren siete j\u00f3venes ahogados en Veracruz; su veh\u00edculo cay\u00f3 al R\u00edo Calzadas - Fuentes Fidedignas\" \/>\n<meta property=\"og:description\" content=\"Los j\u00f3venes viajaban en una camioneta que termin\u00f3 sumergida en el r\u00edo con ellos a bordo. Una tragedia ocurri\u00f3 la noche de este s\u00e1bado 13 de julio, donde siete j\u00f3venes murieron tras hundirse en el r\u00edo Calzadas, a bordo de una camioneta en la que se encontraban. Presuntamente eran dos hombres y cinco mujeres de [&hellip;]\" \/>\n<meta property=\"og:url\" content=\"https:\/\/fuentesfidedignas.com.mx\/index.php\/2024\/07\/14\/mueren-siete-jovenes-ahogados-en-veracruz-su-vehiculo-cayo-al-rio-calzadas\/\" \/>\n<meta property=\"og:site_name\" content=\"Fuentes Fidedignas\" \/>\n<meta property=\"article:publisher\" content=\"https:\/\/www.facebook.com\/Fuentes-Fidedignas-368234489921644\" \/>\n<meta property=\"article:published_time\" content=\"2024-07-14T20:05:13+00:00\" \/>\n<meta property=\"og:image\" content=\"https:\/\/fuentesfidedignas.com.mx\/wp-content\/uploads\/2024\/07\/jovenes-veracruz.jpg\" \/>\n\t<meta property=\"og:image:width\" content=\"650\" \/>\n\t<meta property=\"og:image:height\" content=\"399\" \/>\n\t<meta property=\"og:image:type\" content=\"image\/jpeg\" \/>\n<meta name=\"author\" content=\"Milenio\" \/>\n<meta name=\"twitter:card\" content=\"summary_large_image\" \/>\n<meta name=\"twitter:creator\" content=\"@fidedignas\" \/>\n<meta name=\"twitter:site\" content=\"@fidedignas\" \/>\n<meta name=\"twitter:label1\" content=\"Escrito por\" \/>\n\t<meta name=\"twitter:data1\" content=\"Milenio\" \/>\n\t<meta name=\"twitter:label2\" content=\"Tiempo de lectura\" \/>\n\t<meta name=\"twitter:data2\" content=\"2 minutos\" \/>\n<script type=\"application\/ld+json\" class=\"yoast-schema-graph\">{\"@context\":\"https:\\\/\\\/schema.org\",\"@graph\":[{\"@type\":\"Article\",\"@id\":\"https:\\\/\\\/fuentesfidedignas.com.mx\\\/index.php\\\/2024\\\/07\\\/14\\\/mueren-siete-jovenes-ahogados-en-veracruz-su-vehiculo-cayo-al-rio-calzadas\\\/#article\",\"isPartOf\":{\"@id\":\"https:\\\/\\\/fuentesfidedignas.com.mx\\\/index.php\\\/2024\\\/07\\\/14\\\/mueren-siete-jovenes-ahogados-en-veracruz-su-vehiculo-cayo-al-rio-calzadas\\\/\"},\"author\":{\"name\":\"Milenio\",\"@id\":\"https:\\\/\\\/fuentesfidedignas.com.mx\\\/#\\\/schema\\\/person\\\/47ec0135738f4b0c7495f06a77a2c976\"},\"headline\":\"Mueren siete j\u00f3venes ahogados en Veracruz; su veh\u00edculo cay\u00f3 al R\u00edo Calzadas\",\"datePublished\":\"2024-07-14T20:05:13+00:00\",\"mainEntityOfPage\":{\"@id\":\"https:\\\/\\\/fuentesfidedignas.com.mx\\\/index.php\\\/2024\\\/07\\\/14\\\/mueren-siete-jovenes-ahogados-en-veracruz-su-vehiculo-cayo-al-rio-calzadas\\\/\"},\"wordCount\":438,\"commentCount\":0,\"publisher\":{\"@id\":\"https:\\\/\\\/fuentesfidedignas.com.mx\\\/#organization\"},\"image\":{\"@id\":\"https:\\\/\\\/fuentesfidedignas.com.mx\\\/index.php\\\/2024\\\/07\\\/14\\\/mueren-siete-jovenes-ahogados-en-veracruz-su-vehiculo-cayo-al-rio-calzadas\\\/#primaryimage\"},\"thumbnailUrl\":\"https:\\\/\\\/fuentesfidedignas.com.mx\\\/wp-content\\\/uploads\\\/2024\\\/07\\\/jovenes-veracruz.jpg\",\"articleSection\":[\"NOTICIAS NACIONALES\"],\"inLanguage\":\"es\",\"potentialAction\":[{\"@type\":\"CommentAction\",\"name\":\"Comment\",\"target\":[\"https:\\\/\\\/fuentesfidedignas.com.mx\\\/index.php\\\/2024\\\/07\\\/14\\\/mueren-siete-jovenes-ahogados-en-veracruz-su-vehiculo-cayo-al-rio-calzadas\\\/#respond\"]}]},{\"@type\":\"WebPage\",\"@id\":\"https:\\\/\\\/fuentesfidedignas.com.mx\\\/index.php\\\/2024\\\/07\\\/14\\\/mueren-siete-jovenes-ahogados-en-veracruz-su-vehiculo-cayo-al-rio-calzadas\\\/\",\"url\":\"https:\\\/\\\/fuentesfidedignas.com.mx\\\/index.php\\\/2024\\\/07\\\/14\\\/mueren-siete-jovenes-ahogados-en-veracruz-su-vehiculo-cayo-al-rio-calzadas\\\/\",\"name\":\"Mueren siete j\u00f3venes ahogados en Veracruz; su veh\u00edculo cay\u00f3 al R\u00edo Calzadas - Fuentes Fidedignas\",\"isPartOf\":{\"@id\":\"https:\\\/\\\/fuentesfidedignas.com.mx\\\/#website\"},\"primaryImageOfPage\":{\"@id\":\"https:\\\/\\\/fuentesfidedignas.com.mx\\\/index.php\\\/2024\\\/07\\\/14\\\/mueren-siete-jovenes-ahogados-en-veracruz-su-vehiculo-cayo-al-rio-calzadas\\\/#primaryimage\"},\"image\":{\"@id\":\"https:\\\/\\\/fuentesfidedignas.com.mx\\\/index.php\\\/2024\\\/07\\\/14\\\/mueren-siete-jovenes-ahogados-en-veracruz-su-vehiculo-cayo-al-rio-calzadas\\\/#primaryimage\"},\"thumbnailUrl\":\"https:\\\/\\\/fuentesfidedignas.com.mx\\\/wp-content\\\/uploads\\\/2024\\\/07\\\/jovenes-veracruz.jpg\",\"datePublished\":\"2024-07-14T20:05:13+00:00\",\"breadcrumb\":{\"@id\":\"https:\\\/\\\/fuentesfidedignas.com.mx\\\/index.php\\\/2024\\\/07\\\/14\\\/mueren-siete-jovenes-ahogados-en-veracruz-su-vehiculo-cayo-al-rio-calzadas\\\/#breadcrumb\"},\"inLanguage\":\"es\",\"potentialAction\":[{\"@type\":\"ReadAction\",\"target\":[\"https:\\\/\\\/fuentesfidedignas.com.mx\\\/index.php\\\/2024\\\/07\\\/14\\\/mueren-siete-jovenes-ahogados-en-veracruz-su-vehiculo-cayo-al-rio-calzadas\\\/\"]}]},{\"@type\":\"ImageObject\",\"inLanguage\":\"es\",\"@id\":\"https:\\\/\\\/fuentesfidedignas.com.mx\\\/index.php\\\/2024\\\/07\\\/14\\\/mueren-siete-jovenes-ahogados-en-veracruz-su-vehiculo-cayo-al-rio-calzadas\\\/#primaryimage\",\"url\":\"https:\\\/\\\/fuentesfidedignas.com.mx\\\/wp-content\\\/uploads\\\/2024\\\/07\\\/jovenes-veracruz.jpg\",\"contentUrl\":\"https:\\\/\\\/fuentesfidedignas.com.mx\\\/wp-content\\\/uploads\\\/2024\\\/07\\\/jovenes-veracruz.jpg\",\"width\":650,\"height\":399},{\"@type\":\"BreadcrumbList\",\"@id\":\"https:\\\/\\\/fuentesfidedignas.com.mx\\\/index.php\\\/2024\\\/07\\\/14\\\/mueren-siete-jovenes-ahogados-en-veracruz-su-vehiculo-cayo-al-rio-calzadas\\\/#breadcrumb\",\"itemListElement\":[{\"@type\":\"ListItem\",\"position\":1,\"name\":\"Inicio\",\"item\":\"https:\\\/\\\/fuentesfidedignas.com.mx\\\/\"},{\"@type\":\"ListItem\",\"position\":2,\"name\":\"Mueren siete j\u00f3venes ahogados en Veracruz; su veh\u00edculo cay\u00f3 al R\u00edo Calzadas\"}]},{\"@type\":\"WebSite\",\"@id\":\"https:\\\/\\\/fuentesfidedignas.com.mx\\\/#website\",\"url\":\"https:\\\/\\\/fuentesfidedignas.com.mx\\\/\",\"name\":\"Fuentes Fidedignas\",\"description\":\"Otro sitio realizado con WordPress\",\"publisher\":{\"@id\":\"https:\\\/\\\/fuentesfidedignas.com.mx\\\/#organization\"},\"potentialAction\":[{\"@type\":\"SearchAction\",\"target\":{\"@type\":\"EntryPoint\",\"urlTemplate\":\"https:\\\/\\\/fuentesfidedignas.com.mx\\\/?s={search_term_string}\"},\"query-input\":{\"@type\":\"PropertyValueSpecification\",\"valueRequired\":true,\"valueName\":\"search_term_string\"}}],\"inLanguage\":\"es\"},{\"@type\":\"Organization\",\"@id\":\"https:\\\/\\\/fuentesfidedignas.com.mx\\\/#organization\",\"name\":\"Fuentes Fidedignas\",\"url\":\"https:\\\/\\\/fuentesfidedignas.com.mx\\\/\",\"logo\":{\"@type\":\"ImageObject\",\"inLanguage\":\"es\",\"@id\":\"https:\\\/\\\/fuentesfidedignas.com.mx\\\/#\\\/schema\\\/logo\\\/image\\\/\",\"url\":\"https:\\\/\\\/fuentesfidedignas.com.mx\\\/wp-content\\\/uploads\\\/2021\\\/04\\\/logo-retina.png\",\"contentUrl\":\"https:\\\/\\\/fuentesfidedignas.com.mx\\\/wp-content\\\/uploads\\\/2021\\\/04\\\/logo-retina.png\",\"width\":280,\"height\":51,\"caption\":\"Fuentes Fidedignas\"},\"image\":{\"@id\":\"https:\\\/\\\/fuentesfidedignas.com.mx\\\/#\\\/schema\\\/logo\\\/image\\\/\"},\"sameAs\":[\"https:\\\/\\\/www.facebook.com\\\/Fuentes-Fidedignas-368234489921644\",\"https:\\\/\\\/x.com\\\/fidedignas\"]},{\"@type\":\"Person\",\"@id\":\"https:\\\/\\\/fuentesfidedignas.com.mx\\\/#\\\/schema\\\/person\\\/47ec0135738f4b0c7495f06a77a2c976\",\"name\":\"Milenio\",\"image\":{\"@type\":\"ImageObject\",\"inLanguage\":\"es\",\"@id\":\"https:\\\/\\\/secure.gravatar.com\\\/avatar\\\/acabf7b54753e51c2c76457954577c236b3b764789b19879565769739d1e4a75?s=96&d=mm&r=g\",\"url\":\"https:\\\/\\\/secure.gravatar.com\\\/avatar\\\/acabf7b54753e51c2c76457954577c236b3b764789b19879565769739d1e4a75?s=96&d=mm&r=g\",\"contentUrl\":\"https:\\\/\\\/secure.gravatar.com\\\/avatar\\\/acabf7b54753e51c2c76457954577c236b3b764789b19879565769739d1e4a75?s=96&d=mm&r=g\",\"caption\":\"Milenio\"},\"url\":\"https:\\\/\\\/fuentesfidedignas.com.mx\\\/index.php\\\/author\\\/milenio\\\/\"}]}<\/script>\n<!-- \/ Yoast SEO plugin. -->","yoast_head_json":{"title":"Mueren siete j\u00f3venes ahogados en Veracruz; su veh\u00edculo cay\u00f3 al R\u00edo Calzadas - Fuentes Fidedignas","robots":{"index":"index","follow":"follow","max-snippet":"max-snippet:-1","max-image-preview":"max-image-preview:large","max-video-preview":"max-video-preview:-1"},"canonical":"https:\/\/fuentesfidedignas.com.mx\/index.php\/2024\/07\/14\/mueren-siete-jovenes-ahogados-en-veracruz-su-vehiculo-cayo-al-rio-calzadas\/","og_locale":"es_MX","og_type":"article","og_title":"Mueren siete j\u00f3venes ahogados en Veracruz; su veh\u00edculo cay\u00f3 al R\u00edo Calzadas - Fuentes Fidedignas","og_description":"Los j\u00f3venes viajaban en una camioneta que termin\u00f3 sumergida en el r\u00edo con ellos a bordo. Una tragedia ocurri\u00f3 la noche de este s\u00e1bado 13 de julio, donde siete j\u00f3venes murieron tras hundirse en el r\u00edo Calzadas, a bordo de una camioneta en la que se encontraban. Presuntamente eran dos hombres y cinco mujeres de [&hellip;]","og_url":"https:\/\/fuentesfidedignas.com.mx\/index.php\/2024\/07\/14\/mueren-siete-jovenes-ahogados-en-veracruz-su-vehiculo-cayo-al-rio-calzadas\/","og_site_name":"Fuentes Fidedignas","article_publisher":"https:\/\/www.facebook.com\/Fuentes-Fidedignas-368234489921644","article_published_time":"2024-07-14T20:05:13+00:00","og_image":[{"width":650,"height":399,"url":"https:\/\/fuentesfidedignas.com.mx\/wp-content\/uploads\/2024\/07\/jovenes-veracruz.jpg","type":"image\/jpeg"}],"author":"Milenio","twitter_card":"summary_large_image","twitter_creator":"@fidedignas","twitter_site":"@fidedignas","twitter_misc":{"Escrito por":"Milenio","Tiempo de lectura":"2 minutos"},"schema":{"@context":"https:\/\/schema.org","@graph":[{"@type":"Article","@id":"https:\/\/fuentesfidedignas.com.mx\/index.php\/2024\/07\/14\/mueren-siete-jovenes-ahogados-en-veracruz-su-vehiculo-cayo-al-rio-calzadas\/#article","isPartOf":{"@id":"https:\/\/fuentesfidedignas.com.mx\/index.php\/2024\/07\/14\/mueren-siete-jovenes-ahogados-en-veracruz-su-vehiculo-cayo-al-rio-calzadas\/"},"author":{"name":"Milenio","@id":"https:\/\/fuentesfidedignas.com.mx\/#\/schema\/person\/47ec0135738f4b0c7495f06a77a2c976"},"headline":"Mueren siete j\u00f3venes ahogados en Veracruz; su veh\u00edculo cay\u00f3 al R\u00edo Calzadas","datePublished":"2024-07-14T20:05:13+00:00","mainEntityOfPage":{"@id":"https:\/\/fuentesfidedignas.com.mx\/index.php\/2024\/07\/14\/mueren-siete-jovenes-ahogados-en-veracruz-su-vehiculo-cayo-al-rio-calzadas\/"},"wordCount":438,"commentCount":0,"publisher":{"@id":"https:\/\/fuentesfidedignas.com.mx\/#organization"},"image":{"@id":"https:\/\/fuentesfidedignas.com.mx\/index.php\/2024\/07\/14\/mueren-siete-jovenes-ahogados-en-veracruz-su-vehiculo-cayo-al-rio-calzadas\/#primaryimage"},"thumbnailUrl":"https:\/\/fuentesfidedignas.com.mx\/wp-content\/uploads\/2024\/07\/jovenes-veracruz.jpg","articleSection":["NOTICIAS NACIONALES"],"inLanguage":"es","potentialAction":[{"@type":"CommentAction","name":"Comment","target":["https:\/\/fuentesfidedignas.com.mx\/index.php\/2024\/07\/14\/mueren-siete-jovenes-ahogados-en-veracruz-su-vehiculo-cayo-al-rio-calzadas\/#respond"]}]},{"@type":"WebPage","@id":"https:\/\/fuentesfidedignas.com.mx\/index.php\/2024\/07\/14\/mueren-siete-jovenes-ahogados-en-veracruz-su-vehiculo-cayo-al-rio-calzadas\/","url":"https:\/\/fuentesfidedignas.com.mx\/index.php\/2024\/07\/14\/mueren-siete-jovenes-ahogados-en-veracruz-su-vehiculo-cayo-al-rio-calzadas\/","name":"Mueren siete j\u00f3venes ahogados en Veracruz; su veh\u00edculo cay\u00f3 al R\u00edo Calzadas - Fuentes Fidedignas","isPartOf":{"@id":"https:\/\/fuentesfidedignas.com.mx\/#website"},"primaryImageOfPage":{"@id":"https:\/\/fuentesfidedignas.com.mx\/index.php\/2024\/07\/14\/mueren-siete-jovenes-ahogados-en-veracruz-su-vehiculo-cayo-al-rio-calzadas\/#primaryimage"},"image":{"@id":"https:\/\/fuentesfidedignas.com.mx\/index.php\/2024\/07\/14\/mueren-siete-jovenes-ahogados-en-veracruz-su-vehiculo-cayo-al-rio-calzadas\/#primaryimage"},"thumbnailUrl":"https:\/\/fuentesfidedignas.com.mx\/wp-content\/uploads\/2024\/07\/jovenes-veracruz.jpg","datePublished":"2024-07-14T20:05:13+00:00","breadcrumb":{"@id":"https:\/\/fuentesfidedignas.com.mx\/index.php\/2024\/07\/14\/mueren-siete-jovenes-ahogados-en-veracruz-su-vehiculo-cayo-al-rio-calzadas\/#breadcrumb"},"inLanguage":"es","potentialAction":[{"@type":"ReadAction","target":["https:\/\/fuentesfidedignas.com.mx\/index.php\/2024\/07\/14\/mueren-siete-jovenes-ahogados-en-veracruz-su-vehiculo-cayo-al-rio-calzadas\/"]}]},{"@type":"ImageObject","inLanguage":"es","@id":"https:\/\/fuentesfidedignas.com.mx\/index.php\/2024\/07\/14\/mueren-siete-jovenes-ahogados-en-veracruz-su-vehiculo-cayo-al-rio-calzadas\/#primaryimage","url":"https:\/\/fuentesfidedignas.com.mx\/wp-content\/uploads\/2024\/07\/jovenes-veracruz.jpg","contentUrl":"https:\/\/fuentesfidedignas.com.mx\/wp-content\/uploads\/2024\/07\/jovenes-veracruz.jpg","width":650,"height":399},{"@type":"BreadcrumbList","@id":"https:\/\/fuentesfidedignas.com.mx\/index.php\/2024\/07\/14\/mueren-siete-jovenes-ahogados-en-veracruz-su-vehiculo-cayo-al-rio-calzadas\/#breadcrumb","itemListElement":[{"@type":"ListItem","position":1,"name":"Inicio","item":"https:\/\/fuentesfidedignas.com.mx\/"},{"@type":"ListItem","position":2,"name":"Mueren siete j\u00f3venes ahogados en Veracruz; su veh\u00edculo cay\u00f3 al R\u00edo Calzadas"}]},{"@type":"WebSite","@id":"https:\/\/fuentesfidedignas.com.mx\/#website","url":"https:\/\/fuentesfidedignas.com.mx\/","name":"Fuentes Fidedignas","description":"Otro sitio realizado con WordPress","publisher":{"@id":"https:\/\/fuentesfidedignas.com.mx\/#organization"},"potentialAction":[{"@type":"SearchAction","target":{"@type":"EntryPoint","urlTemplate":"https:\/\/fuentesfidedignas.com.mx\/?s={search_term_string}"},"query-input":{"@type":"PropertyValueSpecification","valueRequired":true,"valueName":"search_term_string"}}],"inLanguage":"es"},{"@type":"Organization","@id":"https:\/\/fuentesfidedignas.com.mx\/#organization","name":"Fuentes Fidedignas","url":"https:\/\/fuentesfidedignas.com.mx\/","logo":{"@type":"ImageObject","inLanguage":"es","@id":"https:\/\/fuentesfidedignas.com.mx\/#\/schema\/logo\/image\/","url":"https:\/\/fuentesfidedignas.com.mx\/wp-content\/uploads\/2021\/04\/logo-retina.png","contentUrl":"https:\/\/fuentesfidedignas.com.mx\/wp-content\/uploads\/2021\/04\/logo-retina.png","width":280,"height":51,"caption":"Fuentes Fidedignas"},"image":{"@id":"https:\/\/fuentesfidedignas.com.mx\/#\/schema\/logo\/image\/"},"sameAs":["https:\/\/www.facebook.com\/Fuentes-Fidedignas-368234489921644","https:\/\/x.com\/fidedignas"]},{"@type":"Person","@id":"https:\/\/fuentesfidedignas.com.mx\/#\/schema\/person\/47ec0135738f4b0c7495f06a77a2c976","name":"Milenio","image":{"@type":"ImageObject","inLanguage":"es","@id":"https:\/\/secure.gravatar.com\/avatar\/acabf7b54753e51c2c76457954577c236b3b764789b19879565769739d1e4a75?s=96&d=mm&r=g","url":"https:\/\/secure.gravatar.com\/avatar\/acabf7b54753e51c2c76457954577c236b3b764789b19879565769739d1e4a75?s=96&d=mm&r=g","contentUrl":"https:\/\/secure.gravatar.com\/avatar\/acabf7b54753e51c2c76457954577c236b3b764789b19879565769739d1e4a75?s=96&d=mm&r=g","caption":"Milenio"},"url":"https:\/\/fuentesfidedignas.com.mx\/index.php\/author\/milenio\/"}]}},"_links":{"self":[{"href":"https:\/\/fuentesfidedignas.com.mx\/index.php\/wp-json\/wp\/v2\/posts\/86415","targetHints":{"allow":["GET"]}}],"collection":[{"href":"https:\/\/fuentesfidedignas.com.mx\/index.php\/wp-json\/wp\/v2\/posts"}],"about":[{"href":"https:\/\/fuentesfidedignas.com.mx\/index.php\/wp-json\/wp\/v2\/types\/post"}],"author":[{"embeddable":true,"href":"https:\/\/fuentesfidedignas.com.mx\/index.php\/wp-json\/wp\/v2\/users\/9"}],"replies":[{"embeddable":true,"href":"https:\/\/fuentesfidedignas.com.mx\/index.php\/wp-json\/wp\/v2\/comments?post=86415"}],"version-history":[{"count":2,"href":"https:\/\/fuentesfidedignas.com.mx\/index.php\/wp-json\/wp\/v2\/posts\/86415\/revisions"}],"predecessor-version":[{"id":86418,"href":"https:\/\/fuentesfidedignas.com.mx\/index.php\/wp-json\/wp\/v2\/posts\/86415\/revisions\/86418"}],"wp:featuredmedia":[{"embeddable":true,"href":"https:\/\/fuentesfidedignas.com.mx\/index.php\/wp-json\/wp\/v2\/media\/86416"}],"wp:attachment":[{"href":"https:\/\/fuentesfidedignas.com.mx\/index.php\/wp-json\/wp\/v2\/media?parent=86415"}],"wp:term":[{"taxonomy":"category","embeddable":true,"href":"https:\/\/fuentesfidedignas.com.mx\/index.php\/wp-json\/wp\/v2\/categories?post=86415"},{"taxonomy":"post_tag","embeddable":true,"href":"https:\/\/fuentesfidedignas.com.mx\/index.php\/wp-json\/wp\/v2\/tags?post=86415"}],"curies":[{"name":"wp","href":"https:\/\/api.w.org\/{rel}","templated":true}]}}