{"id":86349,"date":"2024-07-13T08:46:39","date_gmt":"2024-07-13T15:46:39","guid":{"rendered":"https:\/\/fuentesfidedignas.com.mx\/?p=86349"},"modified":"2024-07-13T08:46:39","modified_gmt":"2024-07-13T15:46:39","slug":"universitarios-se-declaran-listos-para-manifestarse-en-el-zocalo","status":"publish","type":"post","link":"https:\/\/fuentesfidedignas.com.mx\/index.php\/2024\/07\/13\/universitarios-se-declaran-listos-para-manifestarse-en-el-zocalo\/","title":{"rendered":"Universitarios se declaran listos para manifestarse en el Z\u00f3calo"},"content":{"rendered":"\n<p>Culiac\u00e1n, Sin.- Los universitarios en las unidades regionales Sur (URS) y Centro (URC), se manifestaron listos para acudir a la Ciudad de M\u00e9xico a informarle al Presidente de la Rep\u00fablica de la persecuci\u00f3n pol\u00edtica y cerco medi\u00e1tico que mantiene el Gobernador del Estado, Rub\u00e9n Rocha Moya contra la Universidad Aut\u00f3noma de Sinaloa (UAS) y sus autoridades.<\/p>\n\n\n\n<p>\u201c<em>Este tema ya traspas\u00f3 las fronteras de Sinaloa, es un asunto de inter\u00e9s nacional, la convocatoria es a que hagamos historia, vamos a la Ciudad de M\u00e9xico a defender la Autonom\u00eda, vamos a defender la Universidad, vamos a defender nuestra fuente de trabajo, pero sobre todo vamos a defender nuestro futuro, la convocatoria es esa, \u00bfqui\u00e9n est\u00e1 dispuesto a acompa\u00f1arnos?, vamos a la Ciudad de M\u00e9xico, hagamos historia<\/em>\u201d, expres\u00f3 el doctor Robespierre Liz\u00e1rraga Otero, Encargado del Despacho de Rector\u00eda, en la ciudad de Mazatl\u00e1n.<\/p>\n\n\n\n<p>As\u00ed como un d\u00eda antes se hiciera en las unidades regionales Norte (URN) y Centro Norte (URCN) este viernes se realizaron reuniones masivas en Mazatl\u00e1n, a mediod\u00eda, y por la tarde en Culiac\u00e1n, donde Liz\u00e1rraga Otero inform\u00f3 que hab\u00eda recibido llamada de la Secretar\u00eda de Gobernaci\u00f3n para acudir el martes 16 de junio a las 10:00 horas a continuar con la mesa de di\u00e1logo que fue instruida por el Presidente de M\u00e9xico para atender el conflicto entre la UAS y Gobierno del Estado.<\/p>\n\n\n\n<p>En la ciudad de Culiac\u00e1n ya se encontraban tres camiones a las afueras del Auditorio de la Autonom\u00eda para demostrar que ya se tienen las condiciones para partir en una gran caravana que llegar\u00e1 al Z\u00f3calo a apostarse frente a Palacio Nacional y desde ah\u00ed dar a conocer el ataque del Gobernador de Sinaloa a la UAS y el uso faccioso de las instituciones del estado incluido el poder Judicial Local.<\/p>\n\n\n\n<p>Liz\u00e1rraga Otero reiter\u00f3 que las carpetas de investigaci\u00f3n en contra de universitarios son un invento de Gobierno Estatal, una revancha por haber defendido la Autonom\u00eda, por no haber dejado tomar como bot\u00edn pol\u00edtico a la Universidad y precis\u00f3 que cada paso que han dado lo han dado con apego a derecho y asistidos por la raz\u00f3n y la justicia.<\/p>\n\n\n\n<p>Se expuso que el ataque contra la vida del Director de Comunicaci\u00f3n Social, Arnoldo Valle Leyva fue contra todos los universitarios porque se violentaron los derechos humanos, la integridad y la Autonom\u00eda de la instituci\u00f3n al ingresar un grupo armado al Campus Buelna a cometer el atentado.<\/p>\n\n\n\n<p>El Vicerrector de la URS, Manuel Iv\u00e1n Tostado Ram\u00edrez, detall\u00f3 que por parte del Gobernador los universitarios han sido v\u00edctimas de adjetivos que los denostan, pues los llam\u00f3 corruptos, ladrones y hasta \u201cperros\u201d cuando en realidad son personas honestas y responsables que solo cumplen con la misi\u00f3n de educar a m\u00e1s de 170 mil j\u00f3venes, por eso ahora est\u00e1n m\u00e1s unidos que nunca en la defensa de la Autonom\u00eda.<\/p>\n\n\n\n<p>El doctor Jos\u00e9 Ram\u00f3n Bonilla Rojas, director de la Facultad de Derecho Mazatl\u00e1n, record\u00f3 que este conflicto deriv\u00f3 del amparo en contra de la Ley Estatal de Educaci\u00f3n Superior que atenta contra la Autonom\u00eda y que ya fue declarada inconstitucional por la justicia federal.<\/p>\n\n\n\n<p>El Vicerrector de la URC, doctor Wenseslao Plata Rocha, manifest\u00f3 que es momento de seguir adelante con firmeza y determinaci\u00f3n, invit\u00f3 a los universitarios a ir con todo a la Ciudad de M\u00e9xico a romper el cerco medi\u00e1tico, les pidi\u00f3 mantenerse alertas y no bajar la guardia en este periodo vacacional para cuidar el patrimonio universitario.<\/p>\n\n\n\n<p>Los gritos de \u201csomos grandes, somos UAS\u201d, \u201cviva la UAS\u201d, \u201cviva el doctor Madue\u00f1a\u201d y \u201cfuera Rocha\u201d retumbaron en el Auditorio donde el compromiso tambi\u00e9n fue luchar por el retorno del Rector Titular separado ilegalmente del cargo, doctor Jes\u00fas Madue\u00f1a Molina y por la defensa de los derechos humanos de los perseguidos pol\u00edticos.<\/p>\n","protected":false},"excerpt":{"rendered":"<p>Culiac\u00e1n, Sin.- Los universitarios en las unidades regionales Sur (URS) y Centro (URC), se manifestaron listos para acudir a la Ciudad de M\u00e9xico a informarle al Presidente de la Rep\u00fablica de la persecuci\u00f3n pol\u00edtica y cerco medi\u00e1tico que mantiene el Gobernador del Estado, Rub\u00e9n Rocha Moya contra la Universidad Aut\u00f3noma de Sinaloa (UAS) y sus [&hellip;]<\/p>\n","protected":false},"author":4,"featured_media":86348,"comment_status":"closed","ping_status":"open","sticky":false,"template":"","format":"standard","meta":{"tdm_status":"","tdm_grid_status":"","footnotes":""},"categories":[38],"tags":[],"class_list":{"0":"post-86349","1":"post","2":"type-post","3":"status-publish","4":"format-standard","5":"has-post-thumbnail","7":"category-noticias-locales"},"yoast_head":"<!-- This site is optimized with the Yoast SEO plugin v27.4 - https:\/\/yoast.com\/product\/yoast-seo-wordpress\/ -->\n<title>Universitarios se declaran listos para manifestarse en el Z\u00f3calo - Fuentes Fidedignas<\/title>\n<meta name=\"robots\" content=\"index, follow, max-snippet:-1, max-image-preview:large, max-video-preview:-1\" \/>\n<link rel=\"canonical\" href=\"https:\/\/fuentesfidedignas.com.mx\/index.php\/2024\/07\/13\/universitarios-se-declaran-listos-para-manifestarse-en-el-zocalo\/\" \/>\n<meta property=\"og:locale\" content=\"es_MX\" \/>\n<meta property=\"og:type\" content=\"article\" \/>\n<meta property=\"og:title\" content=\"Universitarios se declaran listos para manifestarse en el Z\u00f3calo - Fuentes Fidedignas\" \/>\n<meta property=\"og:description\" content=\"Culiac\u00e1n, Sin.- Los universitarios en las unidades regionales Sur (URS) y Centro (URC), se manifestaron listos para acudir a la Ciudad de M\u00e9xico a informarle al Presidente de la Rep\u00fablica de la persecuci\u00f3n pol\u00edtica y cerco medi\u00e1tico que mantiene el Gobernador del Estado, Rub\u00e9n Rocha Moya contra la Universidad Aut\u00f3noma de Sinaloa (UAS) y sus [&hellip;]\" \/>\n<meta property=\"og:url\" content=\"https:\/\/fuentesfidedignas.com.mx\/index.php\/2024\/07\/13\/universitarios-se-declaran-listos-para-manifestarse-en-el-zocalo\/\" \/>\n<meta property=\"og:site_name\" content=\"Fuentes Fidedignas\" \/>\n<meta property=\"article:publisher\" content=\"https:\/\/www.facebook.com\/Fuentes-Fidedignas-368234489921644\" \/>\n<meta property=\"article:published_time\" content=\"2024-07-13T15:46:39+00:00\" \/>\n<meta property=\"og:image\" content=\"https:\/\/fuentesfidedignas.com.mx\/wp-content\/uploads\/2024\/07\/2a3b5c87-30f6-4c6e-88ec-7c3159ac0ce4-1.jpg\" \/>\n\t<meta property=\"og:image:width\" content=\"1512\" \/>\n\t<meta property=\"og:image:height\" content=\"1008\" \/>\n\t<meta property=\"og:image:type\" content=\"image\/jpeg\" \/>\n<meta name=\"author\" content=\"Redacci\u00f3n\" \/>\n<meta name=\"twitter:card\" content=\"summary_large_image\" \/>\n<meta name=\"twitter:creator\" content=\"@fidedignas\" \/>\n<meta name=\"twitter:site\" content=\"@fidedignas\" \/>\n<meta name=\"twitter:label1\" content=\"Escrito por\" \/>\n\t<meta name=\"twitter:data1\" content=\"Redacci\u00f3n\" \/>\n\t<meta name=\"twitter:label2\" content=\"Tiempo de lectura\" \/>\n\t<meta name=\"twitter:data2\" content=\"3 minutos\" \/>\n<script type=\"application\/ld+json\" class=\"yoast-schema-graph\">{\"@context\":\"https:\\\/\\\/schema.org\",\"@graph\":[{\"@type\":\"Article\",\"@id\":\"https:\\\/\\\/fuentesfidedignas.com.mx\\\/index.php\\\/2024\\\/07\\\/13\\\/universitarios-se-declaran-listos-para-manifestarse-en-el-zocalo\\\/#article\",\"isPartOf\":{\"@id\":\"https:\\\/\\\/fuentesfidedignas.com.mx\\\/index.php\\\/2024\\\/07\\\/13\\\/universitarios-se-declaran-listos-para-manifestarse-en-el-zocalo\\\/\"},\"author\":{\"name\":\"Redacci\u00f3n\",\"@id\":\"https:\\\/\\\/fuentesfidedignas.com.mx\\\/#\\\/schema\\\/person\\\/331be9283d37198e2acd5750279085b0\"},\"headline\":\"Universitarios se declaran listos para manifestarse en el Z\u00f3calo\",\"datePublished\":\"2024-07-13T15:46:39+00:00\",\"mainEntityOfPage\":{\"@id\":\"https:\\\/\\\/fuentesfidedignas.com.mx\\\/index.php\\\/2024\\\/07\\\/13\\\/universitarios-se-declaran-listos-para-manifestarse-en-el-zocalo\\\/\"},\"wordCount\":690,\"publisher\":{\"@id\":\"https:\\\/\\\/fuentesfidedignas.com.mx\\\/#organization\"},\"image\":{\"@id\":\"https:\\\/\\\/fuentesfidedignas.com.mx\\\/index.php\\\/2024\\\/07\\\/13\\\/universitarios-se-declaran-listos-para-manifestarse-en-el-zocalo\\\/#primaryimage\"},\"thumbnailUrl\":\"https:\\\/\\\/fuentesfidedignas.com.mx\\\/wp-content\\\/uploads\\\/2024\\\/07\\\/2a3b5c87-30f6-4c6e-88ec-7c3159ac0ce4-1.jpg\",\"articleSection\":[\"NOTICIAS LOCALES\"],\"inLanguage\":\"es\"},{\"@type\":\"WebPage\",\"@id\":\"https:\\\/\\\/fuentesfidedignas.com.mx\\\/index.php\\\/2024\\\/07\\\/13\\\/universitarios-se-declaran-listos-para-manifestarse-en-el-zocalo\\\/\",\"url\":\"https:\\\/\\\/fuentesfidedignas.com.mx\\\/index.php\\\/2024\\\/07\\\/13\\\/universitarios-se-declaran-listos-para-manifestarse-en-el-zocalo\\\/\",\"name\":\"Universitarios se declaran listos para manifestarse en el Z\u00f3calo - Fuentes Fidedignas\",\"isPartOf\":{\"@id\":\"https:\\\/\\\/fuentesfidedignas.com.mx\\\/#website\"},\"primaryImageOfPage\":{\"@id\":\"https:\\\/\\\/fuentesfidedignas.com.mx\\\/index.php\\\/2024\\\/07\\\/13\\\/universitarios-se-declaran-listos-para-manifestarse-en-el-zocalo\\\/#primaryimage\"},\"image\":{\"@id\":\"https:\\\/\\\/fuentesfidedignas.com.mx\\\/index.php\\\/2024\\\/07\\\/13\\\/universitarios-se-declaran-listos-para-manifestarse-en-el-zocalo\\\/#primaryimage\"},\"thumbnailUrl\":\"https:\\\/\\\/fuentesfidedignas.com.mx\\\/wp-content\\\/uploads\\\/2024\\\/07\\\/2a3b5c87-30f6-4c6e-88ec-7c3159ac0ce4-1.jpg\",\"datePublished\":\"2024-07-13T15:46:39+00:00\",\"breadcrumb\":{\"@id\":\"https:\\\/\\\/fuentesfidedignas.com.mx\\\/index.php\\\/2024\\\/07\\\/13\\\/universitarios-se-declaran-listos-para-manifestarse-en-el-zocalo\\\/#breadcrumb\"},\"inLanguage\":\"es\",\"potentialAction\":[{\"@type\":\"ReadAction\",\"target\":[\"https:\\\/\\\/fuentesfidedignas.com.mx\\\/index.php\\\/2024\\\/07\\\/13\\\/universitarios-se-declaran-listos-para-manifestarse-en-el-zocalo\\\/\"]}]},{\"@type\":\"ImageObject\",\"inLanguage\":\"es\",\"@id\":\"https:\\\/\\\/fuentesfidedignas.com.mx\\\/index.php\\\/2024\\\/07\\\/13\\\/universitarios-se-declaran-listos-para-manifestarse-en-el-zocalo\\\/#primaryimage\",\"url\":\"https:\\\/\\\/fuentesfidedignas.com.mx\\\/wp-content\\\/uploads\\\/2024\\\/07\\\/2a3b5c87-30f6-4c6e-88ec-7c3159ac0ce4-1.jpg\",\"contentUrl\":\"https:\\\/\\\/fuentesfidedignas.com.mx\\\/wp-content\\\/uploads\\\/2024\\\/07\\\/2a3b5c87-30f6-4c6e-88ec-7c3159ac0ce4-1.jpg\",\"width\":1512,\"height\":1008},{\"@type\":\"BreadcrumbList\",\"@id\":\"https:\\\/\\\/fuentesfidedignas.com.mx\\\/index.php\\\/2024\\\/07\\\/13\\\/universitarios-se-declaran-listos-para-manifestarse-en-el-zocalo\\\/#breadcrumb\",\"itemListElement\":[{\"@type\":\"ListItem\",\"position\":1,\"name\":\"Inicio\",\"item\":\"https:\\\/\\\/fuentesfidedignas.com.mx\\\/\"},{\"@type\":\"ListItem\",\"position\":2,\"name\":\"Universitarios se declaran listos para manifestarse en el Z\u00f3calo\"}]},{\"@type\":\"WebSite\",\"@id\":\"https:\\\/\\\/fuentesfidedignas.com.mx\\\/#website\",\"url\":\"https:\\\/\\\/fuentesfidedignas.com.mx\\\/\",\"name\":\"Fuentes Fidedignas\",\"description\":\"Otro sitio realizado con WordPress\",\"publisher\":{\"@id\":\"https:\\\/\\\/fuentesfidedignas.com.mx\\\/#organization\"},\"potentialAction\":[{\"@type\":\"SearchAction\",\"target\":{\"@type\":\"EntryPoint\",\"urlTemplate\":\"https:\\\/\\\/fuentesfidedignas.com.mx\\\/?s={search_term_string}\"},\"query-input\":{\"@type\":\"PropertyValueSpecification\",\"valueRequired\":true,\"valueName\":\"search_term_string\"}}],\"inLanguage\":\"es\"},{\"@type\":\"Organization\",\"@id\":\"https:\\\/\\\/fuentesfidedignas.com.mx\\\/#organization\",\"name\":\"Fuentes Fidedignas\",\"url\":\"https:\\\/\\\/fuentesfidedignas.com.mx\\\/\",\"logo\":{\"@type\":\"ImageObject\",\"inLanguage\":\"es\",\"@id\":\"https:\\\/\\\/fuentesfidedignas.com.mx\\\/#\\\/schema\\\/logo\\\/image\\\/\",\"url\":\"https:\\\/\\\/fuentesfidedignas.com.mx\\\/wp-content\\\/uploads\\\/2021\\\/04\\\/logo-retina.png\",\"contentUrl\":\"https:\\\/\\\/fuentesfidedignas.com.mx\\\/wp-content\\\/uploads\\\/2021\\\/04\\\/logo-retina.png\",\"width\":280,\"height\":51,\"caption\":\"Fuentes Fidedignas\"},\"image\":{\"@id\":\"https:\\\/\\\/fuentesfidedignas.com.mx\\\/#\\\/schema\\\/logo\\\/image\\\/\"},\"sameAs\":[\"https:\\\/\\\/www.facebook.com\\\/Fuentes-Fidedignas-368234489921644\",\"https:\\\/\\\/x.com\\\/fidedignas\"]},{\"@type\":\"Person\",\"@id\":\"https:\\\/\\\/fuentesfidedignas.com.mx\\\/#\\\/schema\\\/person\\\/331be9283d37198e2acd5750279085b0\",\"name\":\"Redacci\u00f3n\",\"image\":{\"@type\":\"ImageObject\",\"inLanguage\":\"es\",\"@id\":\"https:\\\/\\\/secure.gravatar.com\\\/avatar\\\/f6d8782c11d12b2d4ad3fbb6931aeab5309937a4d6cd2fc9cfaa28a6396a5aec?s=96&d=mm&r=g\",\"url\":\"https:\\\/\\\/secure.gravatar.com\\\/avatar\\\/f6d8782c11d12b2d4ad3fbb6931aeab5309937a4d6cd2fc9cfaa28a6396a5aec?s=96&d=mm&r=g\",\"contentUrl\":\"https:\\\/\\\/secure.gravatar.com\\\/avatar\\\/f6d8782c11d12b2d4ad3fbb6931aeab5309937a4d6cd2fc9cfaa28a6396a5aec?s=96&d=mm&r=g\",\"caption\":\"Redacci\u00f3n\"},\"url\":\"https:\\\/\\\/fuentesfidedignas.com.mx\\\/index.php\\\/author\\\/redaccion\\\/\"}]}<\/script>\n<!-- \/ Yoast SEO plugin. -->","yoast_head_json":{"title":"Universitarios se declaran listos para manifestarse en el Z\u00f3calo - Fuentes Fidedignas","robots":{"index":"index","follow":"follow","max-snippet":"max-snippet:-1","max-image-preview":"max-image-preview:large","max-video-preview":"max-video-preview:-1"},"canonical":"https:\/\/fuentesfidedignas.com.mx\/index.php\/2024\/07\/13\/universitarios-se-declaran-listos-para-manifestarse-en-el-zocalo\/","og_locale":"es_MX","og_type":"article","og_title":"Universitarios se declaran listos para manifestarse en el Z\u00f3calo - Fuentes Fidedignas","og_description":"Culiac\u00e1n, Sin.- Los universitarios en las unidades regionales Sur (URS) y Centro (URC), se manifestaron listos para acudir a la Ciudad de M\u00e9xico a informarle al Presidente de la Rep\u00fablica de la persecuci\u00f3n pol\u00edtica y cerco medi\u00e1tico que mantiene el Gobernador del Estado, Rub\u00e9n Rocha Moya contra la Universidad Aut\u00f3noma de Sinaloa (UAS) y sus [&hellip;]","og_url":"https:\/\/fuentesfidedignas.com.mx\/index.php\/2024\/07\/13\/universitarios-se-declaran-listos-para-manifestarse-en-el-zocalo\/","og_site_name":"Fuentes Fidedignas","article_publisher":"https:\/\/www.facebook.com\/Fuentes-Fidedignas-368234489921644","article_published_time":"2024-07-13T15:46:39+00:00","og_image":[{"width":1512,"height":1008,"url":"https:\/\/fuentesfidedignas.com.mx\/wp-content\/uploads\/2024\/07\/2a3b5c87-30f6-4c6e-88ec-7c3159ac0ce4-1.jpg","type":"image\/jpeg"}],"author":"Redacci\u00f3n","twitter_card":"summary_large_image","twitter_creator":"@fidedignas","twitter_site":"@fidedignas","twitter_misc":{"Escrito por":"Redacci\u00f3n","Tiempo de lectura":"3 minutos"},"schema":{"@context":"https:\/\/schema.org","@graph":[{"@type":"Article","@id":"https:\/\/fuentesfidedignas.com.mx\/index.php\/2024\/07\/13\/universitarios-se-declaran-listos-para-manifestarse-en-el-zocalo\/#article","isPartOf":{"@id":"https:\/\/fuentesfidedignas.com.mx\/index.php\/2024\/07\/13\/universitarios-se-declaran-listos-para-manifestarse-en-el-zocalo\/"},"author":{"name":"Redacci\u00f3n","@id":"https:\/\/fuentesfidedignas.com.mx\/#\/schema\/person\/331be9283d37198e2acd5750279085b0"},"headline":"Universitarios se declaran listos para manifestarse en el Z\u00f3calo","datePublished":"2024-07-13T15:46:39+00:00","mainEntityOfPage":{"@id":"https:\/\/fuentesfidedignas.com.mx\/index.php\/2024\/07\/13\/universitarios-se-declaran-listos-para-manifestarse-en-el-zocalo\/"},"wordCount":690,"publisher":{"@id":"https:\/\/fuentesfidedignas.com.mx\/#organization"},"image":{"@id":"https:\/\/fuentesfidedignas.com.mx\/index.php\/2024\/07\/13\/universitarios-se-declaran-listos-para-manifestarse-en-el-zocalo\/#primaryimage"},"thumbnailUrl":"https:\/\/fuentesfidedignas.com.mx\/wp-content\/uploads\/2024\/07\/2a3b5c87-30f6-4c6e-88ec-7c3159ac0ce4-1.jpg","articleSection":["NOTICIAS LOCALES"],"inLanguage":"es"},{"@type":"WebPage","@id":"https:\/\/fuentesfidedignas.com.mx\/index.php\/2024\/07\/13\/universitarios-se-declaran-listos-para-manifestarse-en-el-zocalo\/","url":"https:\/\/fuentesfidedignas.com.mx\/index.php\/2024\/07\/13\/universitarios-se-declaran-listos-para-manifestarse-en-el-zocalo\/","name":"Universitarios se declaran listos para manifestarse en el Z\u00f3calo - Fuentes Fidedignas","isPartOf":{"@id":"https:\/\/fuentesfidedignas.com.mx\/#website"},"primaryImageOfPage":{"@id":"https:\/\/fuentesfidedignas.com.mx\/index.php\/2024\/07\/13\/universitarios-se-declaran-listos-para-manifestarse-en-el-zocalo\/#primaryimage"},"image":{"@id":"https:\/\/fuentesfidedignas.com.mx\/index.php\/2024\/07\/13\/universitarios-se-declaran-listos-para-manifestarse-en-el-zocalo\/#primaryimage"},"thumbnailUrl":"https:\/\/fuentesfidedignas.com.mx\/wp-content\/uploads\/2024\/07\/2a3b5c87-30f6-4c6e-88ec-7c3159ac0ce4-1.jpg","datePublished":"2024-07-13T15:46:39+00:00","breadcrumb":{"@id":"https:\/\/fuentesfidedignas.com.mx\/index.php\/2024\/07\/13\/universitarios-se-declaran-listos-para-manifestarse-en-el-zocalo\/#breadcrumb"},"inLanguage":"es","potentialAction":[{"@type":"ReadAction","target":["https:\/\/fuentesfidedignas.com.mx\/index.php\/2024\/07\/13\/universitarios-se-declaran-listos-para-manifestarse-en-el-zocalo\/"]}]},{"@type":"ImageObject","inLanguage":"es","@id":"https:\/\/fuentesfidedignas.com.mx\/index.php\/2024\/07\/13\/universitarios-se-declaran-listos-para-manifestarse-en-el-zocalo\/#primaryimage","url":"https:\/\/fuentesfidedignas.com.mx\/wp-content\/uploads\/2024\/07\/2a3b5c87-30f6-4c6e-88ec-7c3159ac0ce4-1.jpg","contentUrl":"https:\/\/fuentesfidedignas.com.mx\/wp-content\/uploads\/2024\/07\/2a3b5c87-30f6-4c6e-88ec-7c3159ac0ce4-1.jpg","width":1512,"height":1008},{"@type":"BreadcrumbList","@id":"https:\/\/fuentesfidedignas.com.mx\/index.php\/2024\/07\/13\/universitarios-se-declaran-listos-para-manifestarse-en-el-zocalo\/#breadcrumb","itemListElement":[{"@type":"ListItem","position":1,"name":"Inicio","item":"https:\/\/fuentesfidedignas.com.mx\/"},{"@type":"ListItem","position":2,"name":"Universitarios se declaran listos para manifestarse en el Z\u00f3calo"}]},{"@type":"WebSite","@id":"https:\/\/fuentesfidedignas.com.mx\/#website","url":"https:\/\/fuentesfidedignas.com.mx\/","name":"Fuentes Fidedignas","description":"Otro sitio realizado con WordPress","publisher":{"@id":"https:\/\/fuentesfidedignas.com.mx\/#organization"},"potentialAction":[{"@type":"SearchAction","target":{"@type":"EntryPoint","urlTemplate":"https:\/\/fuentesfidedignas.com.mx\/?s={search_term_string}"},"query-input":{"@type":"PropertyValueSpecification","valueRequired":true,"valueName":"search_term_string"}}],"inLanguage":"es"},{"@type":"Organization","@id":"https:\/\/fuentesfidedignas.com.mx\/#organization","name":"Fuentes Fidedignas","url":"https:\/\/fuentesfidedignas.com.mx\/","logo":{"@type":"ImageObject","inLanguage":"es","@id":"https:\/\/fuentesfidedignas.com.mx\/#\/schema\/logo\/image\/","url":"https:\/\/fuentesfidedignas.com.mx\/wp-content\/uploads\/2021\/04\/logo-retina.png","contentUrl":"https:\/\/fuentesfidedignas.com.mx\/wp-content\/uploads\/2021\/04\/logo-retina.png","width":280,"height":51,"caption":"Fuentes Fidedignas"},"image":{"@id":"https:\/\/fuentesfidedignas.com.mx\/#\/schema\/logo\/image\/"},"sameAs":["https:\/\/www.facebook.com\/Fuentes-Fidedignas-368234489921644","https:\/\/x.com\/fidedignas"]},{"@type":"Person","@id":"https:\/\/fuentesfidedignas.com.mx\/#\/schema\/person\/331be9283d37198e2acd5750279085b0","name":"Redacci\u00f3n","image":{"@type":"ImageObject","inLanguage":"es","@id":"https:\/\/secure.gravatar.com\/avatar\/f6d8782c11d12b2d4ad3fbb6931aeab5309937a4d6cd2fc9cfaa28a6396a5aec?s=96&d=mm&r=g","url":"https:\/\/secure.gravatar.com\/avatar\/f6d8782c11d12b2d4ad3fbb6931aeab5309937a4d6cd2fc9cfaa28a6396a5aec?s=96&d=mm&r=g","contentUrl":"https:\/\/secure.gravatar.com\/avatar\/f6d8782c11d12b2d4ad3fbb6931aeab5309937a4d6cd2fc9cfaa28a6396a5aec?s=96&d=mm&r=g","caption":"Redacci\u00f3n"},"url":"https:\/\/fuentesfidedignas.com.mx\/index.php\/author\/redaccion\/"}]}},"_links":{"self":[{"href":"https:\/\/fuentesfidedignas.com.mx\/index.php\/wp-json\/wp\/v2\/posts\/86349","targetHints":{"allow":["GET"]}}],"collection":[{"href":"https:\/\/fuentesfidedignas.com.mx\/index.php\/wp-json\/wp\/v2\/posts"}],"about":[{"href":"https:\/\/fuentesfidedignas.com.mx\/index.php\/wp-json\/wp\/v2\/types\/post"}],"author":[{"embeddable":true,"href":"https:\/\/fuentesfidedignas.com.mx\/index.php\/wp-json\/wp\/v2\/users\/4"}],"replies":[{"embeddable":true,"href":"https:\/\/fuentesfidedignas.com.mx\/index.php\/wp-json\/wp\/v2\/comments?post=86349"}],"version-history":[{"count":1,"href":"https:\/\/fuentesfidedignas.com.mx\/index.php\/wp-json\/wp\/v2\/posts\/86349\/revisions"}],"predecessor-version":[{"id":86350,"href":"https:\/\/fuentesfidedignas.com.mx\/index.php\/wp-json\/wp\/v2\/posts\/86349\/revisions\/86350"}],"wp:featuredmedia":[{"embeddable":true,"href":"https:\/\/fuentesfidedignas.com.mx\/index.php\/wp-json\/wp\/v2\/media\/86348"}],"wp:attachment":[{"href":"https:\/\/fuentesfidedignas.com.mx\/index.php\/wp-json\/wp\/v2\/media?parent=86349"}],"wp:term":[{"taxonomy":"category","embeddable":true,"href":"https:\/\/fuentesfidedignas.com.mx\/index.php\/wp-json\/wp\/v2\/categories?post=86349"},{"taxonomy":"post_tag","embeddable":true,"href":"https:\/\/fuentesfidedignas.com.mx\/index.php\/wp-json\/wp\/v2\/tags?post=86349"}],"curies":[{"name":"wp","href":"https:\/\/api.w.org\/{rel}","templated":true}]}}