{"id":86268,"date":"2024-07-12T06:52:16","date_gmt":"2024-07-12T13:52:16","guid":{"rendered":"https:\/\/fuentesfidedignas.com.mx\/?p=86268"},"modified":"2024-07-12T06:52:16","modified_gmt":"2024-07-12T13:52:16","slug":"del-aula-al-agora-repensando-la-comunidad-universitaria-en-tiempos-de-crisis","status":"publish","type":"post","link":"https:\/\/fuentesfidedignas.com.mx\/index.php\/2024\/07\/12\/del-aula-al-agora-repensando-la-comunidad-universitaria-en-tiempos-de-crisis\/","title":{"rendered":"Del Aula al \u00c1gora: Repensando la Comunidad Universitaria en Tiempos de Crisis"},"content":{"rendered":"\n<p>En el epicentro de una tormenta pol\u00edtica y social, la Universidad Aut\u00f3noma de Sinaloa (UAS) se encuentra en un momento crucial de su historia. El conflicto entre la instituci\u00f3n y el Gobierno del Estado ha puesto sobre la mesa cuestiones fundamentales que van m\u00e1s all\u00e1 de una simple disputa legal. \u00bfQu\u00e9 significa realmente la autonom\u00eda universitaria en el contexto actual? \u00bfC\u00f3mo se equilibra la independencia institucional con la responsabilidad p\u00fablica?<\/p>\n\n\n\n<p>La autonom\u00eda universitaria, consagrada en la Constituci\u00f3n, ha sido tradicionalmente un baluarte contra la injerencia pol\u00edtica directa. Sin embargo, \u00bfno se ha convertido, en algunos casos, en un escudo que protege estructuras de poder internas resistentes al cambio? Es imperativo cuestionar si la defensa f\u00e9rrea de la autonom\u00eda por parte de las autoridades universitarias responde genuinamente a los intereses de la comunidad o si, por el contrario, perpet\u00faa un status quo que beneficia a unos pocos.<\/p>\n\n\n\n<p>El llamado a una mesa de di\u00e1logo en la Secretar\u00eda de Gobernaci\u00f3n representa una oportunidad, pero tambi\u00e9n un riesgo. \u00bfSer\u00e1 este espacio verdaderamente inclusivo, o se limitar\u00e1 a negociaciones entre c\u00fapulas? La historia nos ha ense\u00f1ado que los cambios significativos rara vez provienen de acuerdos a puerta cerrada.<\/p>\n\n\n\n<p>La propuesta de reforma a la Ley Org\u00e1nica de la UAS merece un an\u00e1lisis profundo y desprejuiciado. La democratizaci\u00f3n de la vida universitaria, el voto universal, la no reelecci\u00f3n de autoridades y la formalizaci\u00f3n del movimiento estudiantil son demandas leg\u00edtimas que resuenan con los principios de una educaci\u00f3n superior progresista.<\/p>\n\n\n\n<p>Es crucial examinar cr\u00edticamente el concepto de &#8220;comunidad universitaria&#8221;. \u00bfRealmente existe tal comunidad en la UAS actual, o es una ficci\u00f3n conveniente que enmascara divisiones profundas y desigualdades estructurales? La reivindicaci\u00f3n de la dignidad del universitario debe ir m\u00e1s all\u00e1 de consignas; implica un replanteamiento radical de las relaciones de poder dentro de la instituci\u00f3n.<\/p>\n\n\n\n<p>El gobernador Rocha Moya afirma no tener &#8220;nada que negociar&#8221; con la UAS. Esta postura, aparentemente inflexible, revela la complejidad de las relaciones entre el poder pol\u00edtico. \u00bfEs posible una verdadera autonom\u00eda universitaria en un contexto donde el financiamiento p\u00fablico es crucial? \u00bfC\u00f3mo se equilibra la independencia acad\u00e9mica con la rendici\u00f3n de cuentas a la sociedad que sostiene la instituci\u00f3n?<\/p>\n\n\n\n<p>La mesa de di\u00e1logo en la Secretar\u00eda de Gobernaci\u00f3n es un primer paso. Pero no basta con sentarse a la mesa. Necesitamos una revoluci\u00f3n de ideas, un renacimiento de valores. La reforma a la Ley Org\u00e1nica de la UAS no debe ser vista como una amenaza, sino como una oportunidad dorada para recuperar la esencia de lo que significa ser universitario.<\/p>\n\n\n\n<p>El debate sobre la UAS es, en el fondo, un debate sobre el modelo de universidad que queremos para el futuro. \u00bfUna torre de marfil aislada de las realidades sociales o un agente activo de transformaci\u00f3n? \u00bfUn espacio de reproducci\u00f3n de \u00e9lites o un verdadero motor de movilidad social?<\/p>\n\n\n\n<p>La crisis actual ofrece una oportunidad \u00fanica para repensar no solo la estructura de la UAS, sino el concepto mismo de educaci\u00f3n superior en M\u00e9xico. \u00bfC\u00f3mo se adapta la universidad a las demandas del siglo XXI sin perder su esencia cr\u00edtica y humanista? \u00bfC\u00f3mo se equilibra la excelencia acad\u00e9mica con la inclusi\u00f3n y la equidad?<\/p>\n\n\n\n<p>Es fundamental que cualquier reforma o acuerdo que surja de este proceso sea el resultado de un di\u00e1logo amplio y genuino. La voz de estudiantes, docentes de base, trabajadores administrativos y la sociedad civil debe ser no solo escuchada, sino integrada en la toma de decisiones.<\/p>\n\n\n\n<p>La autonom\u00eda universitaria no puede ser un fin en s\u00ed mismo, sino un medio para lograr una educaci\u00f3n superior de calidad, relevante y accesible. Debe ser un instrumento para la libertad de c\u00e1tedra, la investigaci\u00f3n independiente y el pensamiento cr\u00edtico, no un refugio para pr\u00e1cticas obsoletas o intereses creados.<\/p>\n\n\n\n<p>El futuro de la UAS est\u00e1 en una encrucijada que trasciende las fronteras de Sinaloa. Es un microcosmos de los desaf\u00edos que enfrenta la educaci\u00f3n superior en M\u00e9xico y Am\u00e9rica Latina. La resoluci\u00f3n de este conflicto sentar\u00e1 precedentes importantes sobre la relaci\u00f3n entre las universidades p\u00fablicas, el Estado y la sociedad.<\/p>\n\n\n\n<p>El camino hacia adelante requerir\u00e1 de una reflexi\u00f3n profunda, autocr\u00edtica y valiente por parte de todos los actores involucrados. M\u00e1s all\u00e1 de las consignas y las posturas inflexibles, se necesita un verdadero ejercicio de imaginaci\u00f3n institucional. \u00bfEstamos a la altura de este desaf\u00edo hist\u00f3rico? La respuesta a esta pregunta definir\u00e1 no solo el futuro de la UAS, sino el rumbo de la educaci\u00f3n superior en nuestro pa\u00eds.<\/p>\n\n\n\n<p>La reivindicaci\u00f3n de la dignidad del universitario no puede ser una mera consigna. Debe traducirse en acciones concretas: mejores condiciones laborales, respeto a los derechos adquiridos, y un compromiso inquebrantable con la excelencia acad\u00e9mica. Es hora de que la comunidad universitaria, en su sentido m\u00e1s amplio e inclusivo, tome las riendas de su destino y construya la universidad que Sinaloa y M\u00e9xico necesitan y merecen.<\/p>\n","protected":false},"excerpt":{"rendered":"<p>En el epicentro de una tormenta pol\u00edtica y social, la Universidad Aut\u00f3noma de Sinaloa (UAS) se encuentra en un momento crucial de su historia. El conflicto entre la instituci\u00f3n y el Gobierno del Estado ha puesto sobre la mesa cuestiones fundamentales que van m\u00e1s all\u00e1 de una simple disputa legal. \u00bfQu\u00e9 significa realmente la autonom\u00eda [&hellip;]<\/p>\n","protected":false},"author":146,"featured_media":86269,"comment_status":"open","ping_status":"open","sticky":false,"template":"","format":"standard","meta":{"tdm_status":"","tdm_grid_status":"","footnotes":""},"categories":[3064,3089],"tags":[],"class_list":{"0":"post-86268","1":"post","2":"type-post","3":"status-publish","4":"format-standard","5":"has-post-thumbnail","7":"category-columnas","8":"category-nutriendo-la-mente"},"yoast_head":"<!-- This site is optimized with the Yoast SEO plugin v27.5 - https:\/\/yoast.com\/product\/yoast-seo-wordpress\/ -->\n<title>Del Aula al \u00c1gora: Repensando la Comunidad Universitaria en Tiempos de Crisis - Fuentes Fidedignas<\/title>\n<meta name=\"robots\" content=\"index, follow, max-snippet:-1, max-image-preview:large, max-video-preview:-1\" \/>\n<link rel=\"canonical\" href=\"https:\/\/fuentesfidedignas.com.mx\/index.php\/2024\/07\/12\/del-aula-al-agora-repensando-la-comunidad-universitaria-en-tiempos-de-crisis\/\" \/>\n<meta property=\"og:locale\" content=\"es_MX\" \/>\n<meta property=\"og:type\" content=\"article\" \/>\n<meta property=\"og:title\" content=\"Del Aula al \u00c1gora: Repensando la Comunidad Universitaria en Tiempos de Crisis - Fuentes Fidedignas\" \/>\n<meta property=\"og:description\" content=\"En el epicentro de una tormenta pol\u00edtica y social, la Universidad Aut\u00f3noma de Sinaloa (UAS) se encuentra en un momento crucial de su historia. El conflicto entre la instituci\u00f3n y el Gobierno del Estado ha puesto sobre la mesa cuestiones fundamentales que van m\u00e1s all\u00e1 de una simple disputa legal. \u00bfQu\u00e9 significa realmente la autonom\u00eda [&hellip;]\" \/>\n<meta property=\"og:url\" content=\"https:\/\/fuentesfidedignas.com.mx\/index.php\/2024\/07\/12\/del-aula-al-agora-repensando-la-comunidad-universitaria-en-tiempos-de-crisis\/\" \/>\n<meta property=\"og:site_name\" content=\"Fuentes Fidedignas\" \/>\n<meta property=\"article:publisher\" content=\"https:\/\/www.facebook.com\/Fuentes-Fidedignas-368234489921644\" \/>\n<meta property=\"article:published_time\" content=\"2024-07-12T13:52:16+00:00\" \/>\n<meta property=\"og:image\" content=\"https:\/\/fuentesfidedignas.com.mx\/wp-content\/uploads\/2024\/07\/WhatsApp-Image-2024-07-12-at-6.45.28-AM.jpeg\" \/>\n\t<meta property=\"og:image:width\" content=\"650\" \/>\n\t<meta property=\"og:image:height\" content=\"433\" \/>\n\t<meta property=\"og:image:type\" content=\"image\/jpeg\" \/>\n<meta name=\"author\" content=\"Mtro. Horacio de Jes\u00fas Malcampo Moreno\" \/>\n<meta name=\"twitter:card\" content=\"summary_large_image\" \/>\n<meta name=\"twitter:creator\" content=\"@fidedignas\" \/>\n<meta name=\"twitter:site\" content=\"@fidedignas\" \/>\n<meta name=\"twitter:label1\" content=\"Escrito por\" \/>\n\t<meta name=\"twitter:data1\" content=\"Mtro. Horacio de Jes\u00fas Malcampo Moreno\" \/>\n\t<meta name=\"twitter:label2\" content=\"Tiempo de lectura\" \/>\n\t<meta name=\"twitter:data2\" content=\"4 minutos\" \/>\n<script type=\"application\/ld+json\" class=\"yoast-schema-graph\">{\"@context\":\"https:\\\/\\\/schema.org\",\"@graph\":[{\"@type\":\"Article\",\"@id\":\"https:\\\/\\\/fuentesfidedignas.com.mx\\\/index.php\\\/2024\\\/07\\\/12\\\/del-aula-al-agora-repensando-la-comunidad-universitaria-en-tiempos-de-crisis\\\/#article\",\"isPartOf\":{\"@id\":\"https:\\\/\\\/fuentesfidedignas.com.mx\\\/index.php\\\/2024\\\/07\\\/12\\\/del-aula-al-agora-repensando-la-comunidad-universitaria-en-tiempos-de-crisis\\\/\"},\"author\":{\"name\":\"Mtro. Horacio de Jes\u00fas Malcampo Moreno\",\"@id\":\"https:\\\/\\\/fuentesfidedignas.com.mx\\\/#\\\/schema\\\/person\\\/3f687c55082c557a647c7836bde45728\"},\"headline\":\"Del Aula al \u00c1gora: Repensando la Comunidad Universitaria en Tiempos de Crisis\",\"datePublished\":\"2024-07-12T13:52:16+00:00\",\"mainEntityOfPage\":{\"@id\":\"https:\\\/\\\/fuentesfidedignas.com.mx\\\/index.php\\\/2024\\\/07\\\/12\\\/del-aula-al-agora-repensando-la-comunidad-universitaria-en-tiempos-de-crisis\\\/\"},\"wordCount\":892,\"commentCount\":0,\"publisher\":{\"@id\":\"https:\\\/\\\/fuentesfidedignas.com.mx\\\/#organization\"},\"image\":{\"@id\":\"https:\\\/\\\/fuentesfidedignas.com.mx\\\/index.php\\\/2024\\\/07\\\/12\\\/del-aula-al-agora-repensando-la-comunidad-universitaria-en-tiempos-de-crisis\\\/#primaryimage\"},\"thumbnailUrl\":\"https:\\\/\\\/fuentesfidedignas.com.mx\\\/wp-content\\\/uploads\\\/2024\\\/07\\\/WhatsApp-Image-2024-07-12-at-6.45.28-AM.jpeg\",\"articleSection\":[\"COLUMNAS\",\"NUTRIENDO LA MENTE\"],\"inLanguage\":\"es\",\"potentialAction\":[{\"@type\":\"CommentAction\",\"name\":\"Comment\",\"target\":[\"https:\\\/\\\/fuentesfidedignas.com.mx\\\/index.php\\\/2024\\\/07\\\/12\\\/del-aula-al-agora-repensando-la-comunidad-universitaria-en-tiempos-de-crisis\\\/#respond\"]}]},{\"@type\":\"WebPage\",\"@id\":\"https:\\\/\\\/fuentesfidedignas.com.mx\\\/index.php\\\/2024\\\/07\\\/12\\\/del-aula-al-agora-repensando-la-comunidad-universitaria-en-tiempos-de-crisis\\\/\",\"url\":\"https:\\\/\\\/fuentesfidedignas.com.mx\\\/index.php\\\/2024\\\/07\\\/12\\\/del-aula-al-agora-repensando-la-comunidad-universitaria-en-tiempos-de-crisis\\\/\",\"name\":\"Del Aula al \u00c1gora: Repensando la Comunidad Universitaria en Tiempos de Crisis - Fuentes Fidedignas\",\"isPartOf\":{\"@id\":\"https:\\\/\\\/fuentesfidedignas.com.mx\\\/#website\"},\"primaryImageOfPage\":{\"@id\":\"https:\\\/\\\/fuentesfidedignas.com.mx\\\/index.php\\\/2024\\\/07\\\/12\\\/del-aula-al-agora-repensando-la-comunidad-universitaria-en-tiempos-de-crisis\\\/#primaryimage\"},\"image\":{\"@id\":\"https:\\\/\\\/fuentesfidedignas.com.mx\\\/index.php\\\/2024\\\/07\\\/12\\\/del-aula-al-agora-repensando-la-comunidad-universitaria-en-tiempos-de-crisis\\\/#primaryimage\"},\"thumbnailUrl\":\"https:\\\/\\\/fuentesfidedignas.com.mx\\\/wp-content\\\/uploads\\\/2024\\\/07\\\/WhatsApp-Image-2024-07-12-at-6.45.28-AM.jpeg\",\"datePublished\":\"2024-07-12T13:52:16+00:00\",\"breadcrumb\":{\"@id\":\"https:\\\/\\\/fuentesfidedignas.com.mx\\\/index.php\\\/2024\\\/07\\\/12\\\/del-aula-al-agora-repensando-la-comunidad-universitaria-en-tiempos-de-crisis\\\/#breadcrumb\"},\"inLanguage\":\"es\",\"potentialAction\":[{\"@type\":\"ReadAction\",\"target\":[\"https:\\\/\\\/fuentesfidedignas.com.mx\\\/index.php\\\/2024\\\/07\\\/12\\\/del-aula-al-agora-repensando-la-comunidad-universitaria-en-tiempos-de-crisis\\\/\"]}]},{\"@type\":\"ImageObject\",\"inLanguage\":\"es\",\"@id\":\"https:\\\/\\\/fuentesfidedignas.com.mx\\\/index.php\\\/2024\\\/07\\\/12\\\/del-aula-al-agora-repensando-la-comunidad-universitaria-en-tiempos-de-crisis\\\/#primaryimage\",\"url\":\"https:\\\/\\\/fuentesfidedignas.com.mx\\\/wp-content\\\/uploads\\\/2024\\\/07\\\/WhatsApp-Image-2024-07-12-at-6.45.28-AM.jpeg\",\"contentUrl\":\"https:\\\/\\\/fuentesfidedignas.com.mx\\\/wp-content\\\/uploads\\\/2024\\\/07\\\/WhatsApp-Image-2024-07-12-at-6.45.28-AM.jpeg\",\"width\":650,\"height\":433},{\"@type\":\"BreadcrumbList\",\"@id\":\"https:\\\/\\\/fuentesfidedignas.com.mx\\\/index.php\\\/2024\\\/07\\\/12\\\/del-aula-al-agora-repensando-la-comunidad-universitaria-en-tiempos-de-crisis\\\/#breadcrumb\",\"itemListElement\":[{\"@type\":\"ListItem\",\"position\":1,\"name\":\"Inicio\",\"item\":\"https:\\\/\\\/fuentesfidedignas.com.mx\\\/\"},{\"@type\":\"ListItem\",\"position\":2,\"name\":\"Del Aula al \u00c1gora: Repensando la Comunidad Universitaria en Tiempos de Crisis\"}]},{\"@type\":\"WebSite\",\"@id\":\"https:\\\/\\\/fuentesfidedignas.com.mx\\\/#website\",\"url\":\"https:\\\/\\\/fuentesfidedignas.com.mx\\\/\",\"name\":\"Fuentes Fidedignas\",\"description\":\"Otro sitio realizado con WordPress\",\"publisher\":{\"@id\":\"https:\\\/\\\/fuentesfidedignas.com.mx\\\/#organization\"},\"potentialAction\":[{\"@type\":\"SearchAction\",\"target\":{\"@type\":\"EntryPoint\",\"urlTemplate\":\"https:\\\/\\\/fuentesfidedignas.com.mx\\\/?s={search_term_string}\"},\"query-input\":{\"@type\":\"PropertyValueSpecification\",\"valueRequired\":true,\"valueName\":\"search_term_string\"}}],\"inLanguage\":\"es\"},{\"@type\":\"Organization\",\"@id\":\"https:\\\/\\\/fuentesfidedignas.com.mx\\\/#organization\",\"name\":\"Fuentes Fidedignas\",\"url\":\"https:\\\/\\\/fuentesfidedignas.com.mx\\\/\",\"logo\":{\"@type\":\"ImageObject\",\"inLanguage\":\"es\",\"@id\":\"https:\\\/\\\/fuentesfidedignas.com.mx\\\/#\\\/schema\\\/logo\\\/image\\\/\",\"url\":\"https:\\\/\\\/fuentesfidedignas.com.mx\\\/wp-content\\\/uploads\\\/2021\\\/04\\\/logo-retina.png\",\"contentUrl\":\"https:\\\/\\\/fuentesfidedignas.com.mx\\\/wp-content\\\/uploads\\\/2021\\\/04\\\/logo-retina.png\",\"width\":280,\"height\":51,\"caption\":\"Fuentes Fidedignas\"},\"image\":{\"@id\":\"https:\\\/\\\/fuentesfidedignas.com.mx\\\/#\\\/schema\\\/logo\\\/image\\\/\"},\"sameAs\":[\"https:\\\/\\\/www.facebook.com\\\/Fuentes-Fidedignas-368234489921644\",\"https:\\\/\\\/x.com\\\/fidedignas\"]},{\"@type\":\"Person\",\"@id\":\"https:\\\/\\\/fuentesfidedignas.com.mx\\\/#\\\/schema\\\/person\\\/3f687c55082c557a647c7836bde45728\",\"name\":\"Mtro. Horacio de Jes\u00fas Malcampo Moreno\",\"image\":{\"@type\":\"ImageObject\",\"inLanguage\":\"es\",\"@id\":\"https:\\\/\\\/secure.gravatar.com\\\/avatar\\\/21fd667a5b9de079d383e44390566d4c728a6ce47b9b5e8419c61f1b793461ac?s=96&d=mm&r=g\",\"url\":\"https:\\\/\\\/secure.gravatar.com\\\/avatar\\\/21fd667a5b9de079d383e44390566d4c728a6ce47b9b5e8419c61f1b793461ac?s=96&d=mm&r=g\",\"contentUrl\":\"https:\\\/\\\/secure.gravatar.com\\\/avatar\\\/21fd667a5b9de079d383e44390566d4c728a6ce47b9b5e8419c61f1b793461ac?s=96&d=mm&r=g\",\"caption\":\"Mtro. Horacio de Jes\u00fas Malcampo Moreno\"},\"url\":\"https:\\\/\\\/fuentesfidedignas.com.mx\\\/index.php\\\/author\\\/horacio\\\/\"}]}<\/script>\n<!-- \/ Yoast SEO plugin. -->","yoast_head_json":{"title":"Del Aula al \u00c1gora: Repensando la Comunidad Universitaria en Tiempos de Crisis - Fuentes Fidedignas","robots":{"index":"index","follow":"follow","max-snippet":"max-snippet:-1","max-image-preview":"max-image-preview:large","max-video-preview":"max-video-preview:-1"},"canonical":"https:\/\/fuentesfidedignas.com.mx\/index.php\/2024\/07\/12\/del-aula-al-agora-repensando-la-comunidad-universitaria-en-tiempos-de-crisis\/","og_locale":"es_MX","og_type":"article","og_title":"Del Aula al \u00c1gora: Repensando la Comunidad Universitaria en Tiempos de Crisis - Fuentes Fidedignas","og_description":"En el epicentro de una tormenta pol\u00edtica y social, la Universidad Aut\u00f3noma de Sinaloa (UAS) se encuentra en un momento crucial de su historia. El conflicto entre la instituci\u00f3n y el Gobierno del Estado ha puesto sobre la mesa cuestiones fundamentales que van m\u00e1s all\u00e1 de una simple disputa legal. \u00bfQu\u00e9 significa realmente la autonom\u00eda [&hellip;]","og_url":"https:\/\/fuentesfidedignas.com.mx\/index.php\/2024\/07\/12\/del-aula-al-agora-repensando-la-comunidad-universitaria-en-tiempos-de-crisis\/","og_site_name":"Fuentes Fidedignas","article_publisher":"https:\/\/www.facebook.com\/Fuentes-Fidedignas-368234489921644","article_published_time":"2024-07-12T13:52:16+00:00","og_image":[{"width":650,"height":433,"url":"https:\/\/fuentesfidedignas.com.mx\/wp-content\/uploads\/2024\/07\/WhatsApp-Image-2024-07-12-at-6.45.28-AM.jpeg","type":"image\/jpeg"}],"author":"Mtro. Horacio de Jes\u00fas Malcampo Moreno","twitter_card":"summary_large_image","twitter_creator":"@fidedignas","twitter_site":"@fidedignas","twitter_misc":{"Escrito por":"Mtro. Horacio de Jes\u00fas Malcampo Moreno","Tiempo de lectura":"4 minutos"},"schema":{"@context":"https:\/\/schema.org","@graph":[{"@type":"Article","@id":"https:\/\/fuentesfidedignas.com.mx\/index.php\/2024\/07\/12\/del-aula-al-agora-repensando-la-comunidad-universitaria-en-tiempos-de-crisis\/#article","isPartOf":{"@id":"https:\/\/fuentesfidedignas.com.mx\/index.php\/2024\/07\/12\/del-aula-al-agora-repensando-la-comunidad-universitaria-en-tiempos-de-crisis\/"},"author":{"name":"Mtro. Horacio de Jes\u00fas Malcampo Moreno","@id":"https:\/\/fuentesfidedignas.com.mx\/#\/schema\/person\/3f687c55082c557a647c7836bde45728"},"headline":"Del Aula al \u00c1gora: Repensando la Comunidad Universitaria en Tiempos de Crisis","datePublished":"2024-07-12T13:52:16+00:00","mainEntityOfPage":{"@id":"https:\/\/fuentesfidedignas.com.mx\/index.php\/2024\/07\/12\/del-aula-al-agora-repensando-la-comunidad-universitaria-en-tiempos-de-crisis\/"},"wordCount":892,"commentCount":0,"publisher":{"@id":"https:\/\/fuentesfidedignas.com.mx\/#organization"},"image":{"@id":"https:\/\/fuentesfidedignas.com.mx\/index.php\/2024\/07\/12\/del-aula-al-agora-repensando-la-comunidad-universitaria-en-tiempos-de-crisis\/#primaryimage"},"thumbnailUrl":"https:\/\/fuentesfidedignas.com.mx\/wp-content\/uploads\/2024\/07\/WhatsApp-Image-2024-07-12-at-6.45.28-AM.jpeg","articleSection":["COLUMNAS","NUTRIENDO LA MENTE"],"inLanguage":"es","potentialAction":[{"@type":"CommentAction","name":"Comment","target":["https:\/\/fuentesfidedignas.com.mx\/index.php\/2024\/07\/12\/del-aula-al-agora-repensando-la-comunidad-universitaria-en-tiempos-de-crisis\/#respond"]}]},{"@type":"WebPage","@id":"https:\/\/fuentesfidedignas.com.mx\/index.php\/2024\/07\/12\/del-aula-al-agora-repensando-la-comunidad-universitaria-en-tiempos-de-crisis\/","url":"https:\/\/fuentesfidedignas.com.mx\/index.php\/2024\/07\/12\/del-aula-al-agora-repensando-la-comunidad-universitaria-en-tiempos-de-crisis\/","name":"Del Aula al \u00c1gora: Repensando la Comunidad Universitaria en Tiempos de Crisis - Fuentes Fidedignas","isPartOf":{"@id":"https:\/\/fuentesfidedignas.com.mx\/#website"},"primaryImageOfPage":{"@id":"https:\/\/fuentesfidedignas.com.mx\/index.php\/2024\/07\/12\/del-aula-al-agora-repensando-la-comunidad-universitaria-en-tiempos-de-crisis\/#primaryimage"},"image":{"@id":"https:\/\/fuentesfidedignas.com.mx\/index.php\/2024\/07\/12\/del-aula-al-agora-repensando-la-comunidad-universitaria-en-tiempos-de-crisis\/#primaryimage"},"thumbnailUrl":"https:\/\/fuentesfidedignas.com.mx\/wp-content\/uploads\/2024\/07\/WhatsApp-Image-2024-07-12-at-6.45.28-AM.jpeg","datePublished":"2024-07-12T13:52:16+00:00","breadcrumb":{"@id":"https:\/\/fuentesfidedignas.com.mx\/index.php\/2024\/07\/12\/del-aula-al-agora-repensando-la-comunidad-universitaria-en-tiempos-de-crisis\/#breadcrumb"},"inLanguage":"es","potentialAction":[{"@type":"ReadAction","target":["https:\/\/fuentesfidedignas.com.mx\/index.php\/2024\/07\/12\/del-aula-al-agora-repensando-la-comunidad-universitaria-en-tiempos-de-crisis\/"]}]},{"@type":"ImageObject","inLanguage":"es","@id":"https:\/\/fuentesfidedignas.com.mx\/index.php\/2024\/07\/12\/del-aula-al-agora-repensando-la-comunidad-universitaria-en-tiempos-de-crisis\/#primaryimage","url":"https:\/\/fuentesfidedignas.com.mx\/wp-content\/uploads\/2024\/07\/WhatsApp-Image-2024-07-12-at-6.45.28-AM.jpeg","contentUrl":"https:\/\/fuentesfidedignas.com.mx\/wp-content\/uploads\/2024\/07\/WhatsApp-Image-2024-07-12-at-6.45.28-AM.jpeg","width":650,"height":433},{"@type":"BreadcrumbList","@id":"https:\/\/fuentesfidedignas.com.mx\/index.php\/2024\/07\/12\/del-aula-al-agora-repensando-la-comunidad-universitaria-en-tiempos-de-crisis\/#breadcrumb","itemListElement":[{"@type":"ListItem","position":1,"name":"Inicio","item":"https:\/\/fuentesfidedignas.com.mx\/"},{"@type":"ListItem","position":2,"name":"Del Aula al \u00c1gora: Repensando la Comunidad Universitaria en Tiempos de Crisis"}]},{"@type":"WebSite","@id":"https:\/\/fuentesfidedignas.com.mx\/#website","url":"https:\/\/fuentesfidedignas.com.mx\/","name":"Fuentes Fidedignas","description":"Otro sitio realizado con WordPress","publisher":{"@id":"https:\/\/fuentesfidedignas.com.mx\/#organization"},"potentialAction":[{"@type":"SearchAction","target":{"@type":"EntryPoint","urlTemplate":"https:\/\/fuentesfidedignas.com.mx\/?s={search_term_string}"},"query-input":{"@type":"PropertyValueSpecification","valueRequired":true,"valueName":"search_term_string"}}],"inLanguage":"es"},{"@type":"Organization","@id":"https:\/\/fuentesfidedignas.com.mx\/#organization","name":"Fuentes Fidedignas","url":"https:\/\/fuentesfidedignas.com.mx\/","logo":{"@type":"ImageObject","inLanguage":"es","@id":"https:\/\/fuentesfidedignas.com.mx\/#\/schema\/logo\/image\/","url":"https:\/\/fuentesfidedignas.com.mx\/wp-content\/uploads\/2021\/04\/logo-retina.png","contentUrl":"https:\/\/fuentesfidedignas.com.mx\/wp-content\/uploads\/2021\/04\/logo-retina.png","width":280,"height":51,"caption":"Fuentes Fidedignas"},"image":{"@id":"https:\/\/fuentesfidedignas.com.mx\/#\/schema\/logo\/image\/"},"sameAs":["https:\/\/www.facebook.com\/Fuentes-Fidedignas-368234489921644","https:\/\/x.com\/fidedignas"]},{"@type":"Person","@id":"https:\/\/fuentesfidedignas.com.mx\/#\/schema\/person\/3f687c55082c557a647c7836bde45728","name":"Mtro. Horacio de Jes\u00fas Malcampo Moreno","image":{"@type":"ImageObject","inLanguage":"es","@id":"https:\/\/secure.gravatar.com\/avatar\/21fd667a5b9de079d383e44390566d4c728a6ce47b9b5e8419c61f1b793461ac?s=96&d=mm&r=g","url":"https:\/\/secure.gravatar.com\/avatar\/21fd667a5b9de079d383e44390566d4c728a6ce47b9b5e8419c61f1b793461ac?s=96&d=mm&r=g","contentUrl":"https:\/\/secure.gravatar.com\/avatar\/21fd667a5b9de079d383e44390566d4c728a6ce47b9b5e8419c61f1b793461ac?s=96&d=mm&r=g","caption":"Mtro. Horacio de Jes\u00fas Malcampo Moreno"},"url":"https:\/\/fuentesfidedignas.com.mx\/index.php\/author\/horacio\/"}]}},"_links":{"self":[{"href":"https:\/\/fuentesfidedignas.com.mx\/index.php\/wp-json\/wp\/v2\/posts\/86268","targetHints":{"allow":["GET"]}}],"collection":[{"href":"https:\/\/fuentesfidedignas.com.mx\/index.php\/wp-json\/wp\/v2\/posts"}],"about":[{"href":"https:\/\/fuentesfidedignas.com.mx\/index.php\/wp-json\/wp\/v2\/types\/post"}],"author":[{"embeddable":true,"href":"https:\/\/fuentesfidedignas.com.mx\/index.php\/wp-json\/wp\/v2\/users\/146"}],"replies":[{"embeddable":true,"href":"https:\/\/fuentesfidedignas.com.mx\/index.php\/wp-json\/wp\/v2\/comments?post=86268"}],"version-history":[{"count":1,"href":"https:\/\/fuentesfidedignas.com.mx\/index.php\/wp-json\/wp\/v2\/posts\/86268\/revisions"}],"predecessor-version":[{"id":86270,"href":"https:\/\/fuentesfidedignas.com.mx\/index.php\/wp-json\/wp\/v2\/posts\/86268\/revisions\/86270"}],"wp:featuredmedia":[{"embeddable":true,"href":"https:\/\/fuentesfidedignas.com.mx\/index.php\/wp-json\/wp\/v2\/media\/86269"}],"wp:attachment":[{"href":"https:\/\/fuentesfidedignas.com.mx\/index.php\/wp-json\/wp\/v2\/media?parent=86268"}],"wp:term":[{"taxonomy":"category","embeddable":true,"href":"https:\/\/fuentesfidedignas.com.mx\/index.php\/wp-json\/wp\/v2\/categories?post=86268"},{"taxonomy":"post_tag","embeddable":true,"href":"https:\/\/fuentesfidedignas.com.mx\/index.php\/wp-json\/wp\/v2\/tags?post=86268"}],"curies":[{"name":"wp","href":"https:\/\/api.w.org\/{rel}","templated":true}]}}