{"id":86224,"date":"2024-07-11T12:02:18","date_gmt":"2024-07-11T19:02:18","guid":{"rendered":"https:\/\/fuentesfidedignas.com.mx\/?p=86224"},"modified":"2024-07-11T12:02:18","modified_gmt":"2024-07-11T19:02:18","slug":"sheinbaum-nombra-a-lazaro-cardenas-batel-como-proximo-jefe-de-oficina-de-la-presidencia","status":"publish","type":"post","link":"https:\/\/fuentesfidedignas.com.mx\/index.php\/2024\/07\/11\/sheinbaum-nombra-a-lazaro-cardenas-batel-como-proximo-jefe-de-oficina-de-la-presidencia\/","title":{"rendered":"Sheinbaum nombra a L\u00e1zaro C\u00e1rdenas Batel como pr\u00f3ximo jefe de Oficina de la Presidencia"},"content":{"rendered":"\n<p><strong><em>La virtual mandataria electa, Claudia Sheinbaum, present\u00f3 a L\u00e1zaro C\u00e1rdenas Batel como pr\u00f3ximo jefe de Oficina de la Presidencia<\/em><\/strong><\/p>\n\n\n\n<p>La virtual presidenta electa, Claudia Sheinbaum, present\u00f3 este jueves a L\u00e1zaro C\u00e1rdenas Batel como parte de su Gabinete presidencial, que entrar\u00e1 en funciones a partir del 1 de octubre.<\/p>\n\n\n\n<figure class=\"wp-block-embed is-type-video is-provider-youtube wp-block-embed-youtube wp-embed-aspect-16-9 wp-has-aspect-ratio\"><div class=\"wp-block-embed__wrapper\">\n<iframe loading=\"lazy\" title=\"Jueves de Gabinete.\" width=\"696\" height=\"392\" src=\"https:\/\/www.youtube.com\/embed\/awB8mPLaHpQ?feature=oembed\" frameborder=\"0\" allow=\"accelerometer; autoplay; clipboard-write; encrypted-media; gyroscope; picture-in-picture; web-share\" referrerpolicy=\"strict-origin-when-cross-origin\" allowfullscreen><\/iframe>\n<\/div><\/figure>\n\n\n\n<p>En la casa de transici\u00f3n ubicada al sur de la Ciudad de M\u00e9xico, Sheinbaum Pardo detall\u00f3 que C\u00e1rdenas Batel ser\u00e1 el pr\u00f3ximo jefe de Oficina de la Presidencia de la Rep\u00fablica.<\/p>\n\n\n\n<p>\u201cLo conozco desde hace much\u00edsimos a\u00f1os, no solo somos compa\u00f1eros, amigos, sino que ha desempe\u00f1ado cargos important\u00edsimos que le permiten coordinar nuestra oficina. Su trabajo ser\u00e1 ayudarme en el seguimiento de los temas estrat\u00e9gicos del gobierno y al mismo tiempo, relaciones con sectores\u201d, apunt\u00f3 esta ma\u00f1ana.<\/p>\n\n\n\n<p>C\u00e1rdenas Batel es hijo del excandidato presidencial Cuauht\u00e9moc C\u00e1rdenas Sol\u00f3rzano. Fue gobernador de Michoac\u00e1n de 2002 a 2008. y su \u00faltimo cargo p\u00fablico fue como coordinador de Asesores del presidente Andr\u00e9s Manuel L\u00f3pez Obrador de 2018 a 2023.<\/p>\n\n\n\n<p>El primer integrante confirmado del Gabinete presidencial fue Rogelio Ram\u00edrez de la O, en la Secretar\u00eda de Hacienda.<\/p>\n\n\n\n<p>La primera tanda de nombramientos fueron a Alicia B\u00e1rcena en Medioambiente y Recursos Naturales; Ernestina Godoy en Consejer\u00eda Jur\u00eddica de Presidencia; Marcelo Ebrard en Econom\u00eda; Rosaura Ruiz Guti\u00e9rrez, en la nueva Secretar\u00eda de Ciencias Humanidades, Tecnolog\u00eda e Innovaci\u00f3n; Juan Ram\u00f3n de la Fuente, en Relaciones Exteriores, y Julio Berdegu\u00e9 en Agricultura y Desarrollo Rural.<\/p>\n\n\n\n<p>Despu\u00e9s, Sheinbaum Pardo present\u00f3 a Luz Elena Gonz\u00e1lez, en Energ\u00eda; David Kershenobich, en Salud; Raquel Buenrostro en Funci\u00f3n P\u00fablica; Jes\u00fas Antonio Esteva, en Infraestructura, Comunicaciones y Transportes, y Edna Elena Vega Rangel, en Desarrollo Agrario, Territorial y Urbano.<\/p>\n\n\n\n<p>La \u00faltima tanda correspondi\u00f3 a Omar Hamid Garc\u00eda Harfuch, en Seguridad y Protecci\u00f3n Ciudadana (SSPC), Rosa Icela Rodr\u00edguez Vel\u00e1zquez, en Gobernaci\u00f3n (Segob); Ariadna Montiel Reyes, repite como secretaria del Bienestar, mientras que Mario Delgado Carrillo, ser\u00e1 el pr\u00f3ximo secretario de Educaci\u00f3n P\u00fablica (SEP).<\/p>\n\n\n\n<p>La virtual mandataria electa detall\u00f3 esta semana que los titulares de las Secretar\u00edas de la Defensa Nacional (Sedena) y de Marina (Semar) se realizar\u00e1n hasta septiembre pr\u00f3ximo.<\/p>\n","protected":false},"excerpt":{"rendered":"<p>La virtual mandataria electa, Claudia Sheinbaum, present\u00f3 a L\u00e1zaro C\u00e1rdenas Batel como pr\u00f3ximo jefe de Oficina de la Presidencia La virtual presidenta electa, Claudia Sheinbaum, present\u00f3 este jueves a L\u00e1zaro C\u00e1rdenas Batel como parte de su Gabinete presidencial, que entrar\u00e1 en funciones a partir del 1 de octubre. En la casa de transici\u00f3n ubicada al [&hellip;]<\/p>\n","protected":false},"author":47,"featured_media":86226,"comment_status":"open","ping_status":"open","sticky":false,"template":"","format":"standard","meta":{"tdm_status":"","tdm_grid_status":"","footnotes":""},"categories":[39],"tags":[],"class_list":{"0":"post-86224","1":"post","2":"type-post","3":"status-publish","4":"format-standard","5":"has-post-thumbnail","7":"category-noticias-nacionales"},"yoast_head":"<!-- This site is optimized with the Yoast SEO plugin v27.5 - https:\/\/yoast.com\/product\/yoast-seo-wordpress\/ -->\n<title>Sheinbaum nombra a L\u00e1zaro C\u00e1rdenas Batel como pr\u00f3ximo jefe de Oficina de la Presidencia - Fuentes Fidedignas<\/title>\n<meta name=\"robots\" content=\"index, follow, max-snippet:-1, max-image-preview:large, max-video-preview:-1\" \/>\n<link rel=\"canonical\" href=\"https:\/\/fuentesfidedignas.com.mx\/index.php\/2024\/07\/11\/sheinbaum-nombra-a-lazaro-cardenas-batel-como-proximo-jefe-de-oficina-de-la-presidencia\/\" \/>\n<meta property=\"og:locale\" content=\"es_MX\" \/>\n<meta property=\"og:type\" content=\"article\" \/>\n<meta property=\"og:title\" content=\"Sheinbaum nombra a L\u00e1zaro C\u00e1rdenas Batel como pr\u00f3ximo jefe de Oficina de la Presidencia - Fuentes Fidedignas\" \/>\n<meta property=\"og:description\" content=\"La virtual mandataria electa, Claudia Sheinbaum, present\u00f3 a L\u00e1zaro C\u00e1rdenas Batel como pr\u00f3ximo jefe de Oficina de la Presidencia La virtual presidenta electa, Claudia Sheinbaum, present\u00f3 este jueves a L\u00e1zaro C\u00e1rdenas Batel como parte de su Gabinete presidencial, que entrar\u00e1 en funciones a partir del 1 de octubre. En la casa de transici\u00f3n ubicada al [&hellip;]\" \/>\n<meta property=\"og:url\" content=\"https:\/\/fuentesfidedignas.com.mx\/index.php\/2024\/07\/11\/sheinbaum-nombra-a-lazaro-cardenas-batel-como-proximo-jefe-de-oficina-de-la-presidencia\/\" \/>\n<meta property=\"og:site_name\" content=\"Fuentes Fidedignas\" \/>\n<meta property=\"article:publisher\" content=\"https:\/\/www.facebook.com\/Fuentes-Fidedignas-368234489921644\" \/>\n<meta property=\"article:published_time\" content=\"2024-07-11T19:02:18+00:00\" \/>\n<meta property=\"og:image\" content=\"https:\/\/fuentesfidedignas.com.mx\/wp-content\/uploads\/2024\/07\/lazaro-cardenas-batel-sheinbaum-1.jpg\" \/>\n\t<meta property=\"og:image:width\" content=\"650\" \/>\n\t<meta property=\"og:image:height\" content=\"433\" \/>\n\t<meta property=\"og:image:type\" content=\"image\/jpeg\" \/>\n<meta name=\"author\" content=\"L\u00f3pez D\u00f3riga\" \/>\n<meta name=\"twitter:card\" content=\"summary_large_image\" \/>\n<meta name=\"twitter:creator\" content=\"@fidedignas\" \/>\n<meta name=\"twitter:site\" content=\"@fidedignas\" \/>\n<meta name=\"twitter:label1\" content=\"Escrito por\" \/>\n\t<meta name=\"twitter:data1\" content=\"L\u00f3pez D\u00f3riga\" \/>\n\t<meta name=\"twitter:label2\" content=\"Tiempo de lectura\" \/>\n\t<meta name=\"twitter:data2\" content=\"2 minutos\" \/>\n<script type=\"application\/ld+json\" class=\"yoast-schema-graph\">{\"@context\":\"https:\\\/\\\/schema.org\",\"@graph\":[{\"@type\":\"Article\",\"@id\":\"https:\\\/\\\/fuentesfidedignas.com.mx\\\/index.php\\\/2024\\\/07\\\/11\\\/sheinbaum-nombra-a-lazaro-cardenas-batel-como-proximo-jefe-de-oficina-de-la-presidencia\\\/#article\",\"isPartOf\":{\"@id\":\"https:\\\/\\\/fuentesfidedignas.com.mx\\\/index.php\\\/2024\\\/07\\\/11\\\/sheinbaum-nombra-a-lazaro-cardenas-batel-como-proximo-jefe-de-oficina-de-la-presidencia\\\/\"},\"author\":{\"name\":\"L\u00f3pez D\u00f3riga\",\"@id\":\"https:\\\/\\\/fuentesfidedignas.com.mx\\\/#\\\/schema\\\/person\\\/67d852f0557c8509146a4b9ddebd543a\"},\"headline\":\"Sheinbaum nombra a L\u00e1zaro C\u00e1rdenas Batel como pr\u00f3ximo jefe de Oficina de la Presidencia\",\"datePublished\":\"2024-07-11T19:02:18+00:00\",\"mainEntityOfPage\":{\"@id\":\"https:\\\/\\\/fuentesfidedignas.com.mx\\\/index.php\\\/2024\\\/07\\\/11\\\/sheinbaum-nombra-a-lazaro-cardenas-batel-como-proximo-jefe-de-oficina-de-la-presidencia\\\/\"},\"wordCount\":413,\"commentCount\":0,\"publisher\":{\"@id\":\"https:\\\/\\\/fuentesfidedignas.com.mx\\\/#organization\"},\"image\":{\"@id\":\"https:\\\/\\\/fuentesfidedignas.com.mx\\\/index.php\\\/2024\\\/07\\\/11\\\/sheinbaum-nombra-a-lazaro-cardenas-batel-como-proximo-jefe-de-oficina-de-la-presidencia\\\/#primaryimage\"},\"thumbnailUrl\":\"https:\\\/\\\/fuentesfidedignas.com.mx\\\/wp-content\\\/uploads\\\/2024\\\/07\\\/lazaro-cardenas-batel-sheinbaum-1.jpg\",\"articleSection\":[\"NOTICIAS NACIONALES\"],\"inLanguage\":\"es\",\"potentialAction\":[{\"@type\":\"CommentAction\",\"name\":\"Comment\",\"target\":[\"https:\\\/\\\/fuentesfidedignas.com.mx\\\/index.php\\\/2024\\\/07\\\/11\\\/sheinbaum-nombra-a-lazaro-cardenas-batel-como-proximo-jefe-de-oficina-de-la-presidencia\\\/#respond\"]}]},{\"@type\":\"WebPage\",\"@id\":\"https:\\\/\\\/fuentesfidedignas.com.mx\\\/index.php\\\/2024\\\/07\\\/11\\\/sheinbaum-nombra-a-lazaro-cardenas-batel-como-proximo-jefe-de-oficina-de-la-presidencia\\\/\",\"url\":\"https:\\\/\\\/fuentesfidedignas.com.mx\\\/index.php\\\/2024\\\/07\\\/11\\\/sheinbaum-nombra-a-lazaro-cardenas-batel-como-proximo-jefe-de-oficina-de-la-presidencia\\\/\",\"name\":\"Sheinbaum nombra a L\u00e1zaro C\u00e1rdenas Batel como pr\u00f3ximo jefe de Oficina de la Presidencia - Fuentes Fidedignas\",\"isPartOf\":{\"@id\":\"https:\\\/\\\/fuentesfidedignas.com.mx\\\/#website\"},\"primaryImageOfPage\":{\"@id\":\"https:\\\/\\\/fuentesfidedignas.com.mx\\\/index.php\\\/2024\\\/07\\\/11\\\/sheinbaum-nombra-a-lazaro-cardenas-batel-como-proximo-jefe-de-oficina-de-la-presidencia\\\/#primaryimage\"},\"image\":{\"@id\":\"https:\\\/\\\/fuentesfidedignas.com.mx\\\/index.php\\\/2024\\\/07\\\/11\\\/sheinbaum-nombra-a-lazaro-cardenas-batel-como-proximo-jefe-de-oficina-de-la-presidencia\\\/#primaryimage\"},\"thumbnailUrl\":\"https:\\\/\\\/fuentesfidedignas.com.mx\\\/wp-content\\\/uploads\\\/2024\\\/07\\\/lazaro-cardenas-batel-sheinbaum-1.jpg\",\"datePublished\":\"2024-07-11T19:02:18+00:00\",\"breadcrumb\":{\"@id\":\"https:\\\/\\\/fuentesfidedignas.com.mx\\\/index.php\\\/2024\\\/07\\\/11\\\/sheinbaum-nombra-a-lazaro-cardenas-batel-como-proximo-jefe-de-oficina-de-la-presidencia\\\/#breadcrumb\"},\"inLanguage\":\"es\",\"potentialAction\":[{\"@type\":\"ReadAction\",\"target\":[\"https:\\\/\\\/fuentesfidedignas.com.mx\\\/index.php\\\/2024\\\/07\\\/11\\\/sheinbaum-nombra-a-lazaro-cardenas-batel-como-proximo-jefe-de-oficina-de-la-presidencia\\\/\"]}]},{\"@type\":\"ImageObject\",\"inLanguage\":\"es\",\"@id\":\"https:\\\/\\\/fuentesfidedignas.com.mx\\\/index.php\\\/2024\\\/07\\\/11\\\/sheinbaum-nombra-a-lazaro-cardenas-batel-como-proximo-jefe-de-oficina-de-la-presidencia\\\/#primaryimage\",\"url\":\"https:\\\/\\\/fuentesfidedignas.com.mx\\\/wp-content\\\/uploads\\\/2024\\\/07\\\/lazaro-cardenas-batel-sheinbaum-1.jpg\",\"contentUrl\":\"https:\\\/\\\/fuentesfidedignas.com.mx\\\/wp-content\\\/uploads\\\/2024\\\/07\\\/lazaro-cardenas-batel-sheinbaum-1.jpg\",\"width\":650,\"height\":433},{\"@type\":\"BreadcrumbList\",\"@id\":\"https:\\\/\\\/fuentesfidedignas.com.mx\\\/index.php\\\/2024\\\/07\\\/11\\\/sheinbaum-nombra-a-lazaro-cardenas-batel-como-proximo-jefe-de-oficina-de-la-presidencia\\\/#breadcrumb\",\"itemListElement\":[{\"@type\":\"ListItem\",\"position\":1,\"name\":\"Inicio\",\"item\":\"https:\\\/\\\/fuentesfidedignas.com.mx\\\/\"},{\"@type\":\"ListItem\",\"position\":2,\"name\":\"Sheinbaum nombra a L\u00e1zaro C\u00e1rdenas Batel como pr\u00f3ximo jefe de Oficina de la Presidencia\"}]},{\"@type\":\"WebSite\",\"@id\":\"https:\\\/\\\/fuentesfidedignas.com.mx\\\/#website\",\"url\":\"https:\\\/\\\/fuentesfidedignas.com.mx\\\/\",\"name\":\"Fuentes Fidedignas\",\"description\":\"Otro sitio realizado con WordPress\",\"publisher\":{\"@id\":\"https:\\\/\\\/fuentesfidedignas.com.mx\\\/#organization\"},\"potentialAction\":[{\"@type\":\"SearchAction\",\"target\":{\"@type\":\"EntryPoint\",\"urlTemplate\":\"https:\\\/\\\/fuentesfidedignas.com.mx\\\/?s={search_term_string}\"},\"query-input\":{\"@type\":\"PropertyValueSpecification\",\"valueRequired\":true,\"valueName\":\"search_term_string\"}}],\"inLanguage\":\"es\"},{\"@type\":\"Organization\",\"@id\":\"https:\\\/\\\/fuentesfidedignas.com.mx\\\/#organization\",\"name\":\"Fuentes Fidedignas\",\"url\":\"https:\\\/\\\/fuentesfidedignas.com.mx\\\/\",\"logo\":{\"@type\":\"ImageObject\",\"inLanguage\":\"es\",\"@id\":\"https:\\\/\\\/fuentesfidedignas.com.mx\\\/#\\\/schema\\\/logo\\\/image\\\/\",\"url\":\"https:\\\/\\\/fuentesfidedignas.com.mx\\\/wp-content\\\/uploads\\\/2021\\\/04\\\/logo-retina.png\",\"contentUrl\":\"https:\\\/\\\/fuentesfidedignas.com.mx\\\/wp-content\\\/uploads\\\/2021\\\/04\\\/logo-retina.png\",\"width\":280,\"height\":51,\"caption\":\"Fuentes Fidedignas\"},\"image\":{\"@id\":\"https:\\\/\\\/fuentesfidedignas.com.mx\\\/#\\\/schema\\\/logo\\\/image\\\/\"},\"sameAs\":[\"https:\\\/\\\/www.facebook.com\\\/Fuentes-Fidedignas-368234489921644\",\"https:\\\/\\\/x.com\\\/fidedignas\"]},{\"@type\":\"Person\",\"@id\":\"https:\\\/\\\/fuentesfidedignas.com.mx\\\/#\\\/schema\\\/person\\\/67d852f0557c8509146a4b9ddebd543a\",\"name\":\"L\u00f3pez D\u00f3riga\",\"image\":{\"@type\":\"ImageObject\",\"inLanguage\":\"es\",\"@id\":\"https:\\\/\\\/secure.gravatar.com\\\/avatar\\\/e525b06574ca18b33cded59dfe5778d6c823b9513154eff47da551b0551bdd1e?s=96&d=mm&r=g\",\"url\":\"https:\\\/\\\/secure.gravatar.com\\\/avatar\\\/e525b06574ca18b33cded59dfe5778d6c823b9513154eff47da551b0551bdd1e?s=96&d=mm&r=g\",\"contentUrl\":\"https:\\\/\\\/secure.gravatar.com\\\/avatar\\\/e525b06574ca18b33cded59dfe5778d6c823b9513154eff47da551b0551bdd1e?s=96&d=mm&r=g\",\"caption\":\"L\u00f3pez D\u00f3riga\"},\"url\":\"https:\\\/\\\/fuentesfidedignas.com.mx\\\/index.php\\\/author\\\/doriga\\\/\"}]}<\/script>\n<!-- \/ Yoast SEO plugin. -->","yoast_head_json":{"title":"Sheinbaum nombra a L\u00e1zaro C\u00e1rdenas Batel como pr\u00f3ximo jefe de Oficina de la Presidencia - Fuentes Fidedignas","robots":{"index":"index","follow":"follow","max-snippet":"max-snippet:-1","max-image-preview":"max-image-preview:large","max-video-preview":"max-video-preview:-1"},"canonical":"https:\/\/fuentesfidedignas.com.mx\/index.php\/2024\/07\/11\/sheinbaum-nombra-a-lazaro-cardenas-batel-como-proximo-jefe-de-oficina-de-la-presidencia\/","og_locale":"es_MX","og_type":"article","og_title":"Sheinbaum nombra a L\u00e1zaro C\u00e1rdenas Batel como pr\u00f3ximo jefe de Oficina de la Presidencia - Fuentes Fidedignas","og_description":"La virtual mandataria electa, Claudia Sheinbaum, present\u00f3 a L\u00e1zaro C\u00e1rdenas Batel como pr\u00f3ximo jefe de Oficina de la Presidencia La virtual presidenta electa, Claudia Sheinbaum, present\u00f3 este jueves a L\u00e1zaro C\u00e1rdenas Batel como parte de su Gabinete presidencial, que entrar\u00e1 en funciones a partir del 1 de octubre. En la casa de transici\u00f3n ubicada al [&hellip;]","og_url":"https:\/\/fuentesfidedignas.com.mx\/index.php\/2024\/07\/11\/sheinbaum-nombra-a-lazaro-cardenas-batel-como-proximo-jefe-de-oficina-de-la-presidencia\/","og_site_name":"Fuentes Fidedignas","article_publisher":"https:\/\/www.facebook.com\/Fuentes-Fidedignas-368234489921644","article_published_time":"2024-07-11T19:02:18+00:00","og_image":[{"width":650,"height":433,"url":"https:\/\/fuentesfidedignas.com.mx\/wp-content\/uploads\/2024\/07\/lazaro-cardenas-batel-sheinbaum-1.jpg","type":"image\/jpeg"}],"author":"L\u00f3pez D\u00f3riga","twitter_card":"summary_large_image","twitter_creator":"@fidedignas","twitter_site":"@fidedignas","twitter_misc":{"Escrito por":"L\u00f3pez D\u00f3riga","Tiempo de lectura":"2 minutos"},"schema":{"@context":"https:\/\/schema.org","@graph":[{"@type":"Article","@id":"https:\/\/fuentesfidedignas.com.mx\/index.php\/2024\/07\/11\/sheinbaum-nombra-a-lazaro-cardenas-batel-como-proximo-jefe-de-oficina-de-la-presidencia\/#article","isPartOf":{"@id":"https:\/\/fuentesfidedignas.com.mx\/index.php\/2024\/07\/11\/sheinbaum-nombra-a-lazaro-cardenas-batel-como-proximo-jefe-de-oficina-de-la-presidencia\/"},"author":{"name":"L\u00f3pez D\u00f3riga","@id":"https:\/\/fuentesfidedignas.com.mx\/#\/schema\/person\/67d852f0557c8509146a4b9ddebd543a"},"headline":"Sheinbaum nombra a L\u00e1zaro C\u00e1rdenas Batel como pr\u00f3ximo jefe de Oficina de la Presidencia","datePublished":"2024-07-11T19:02:18+00:00","mainEntityOfPage":{"@id":"https:\/\/fuentesfidedignas.com.mx\/index.php\/2024\/07\/11\/sheinbaum-nombra-a-lazaro-cardenas-batel-como-proximo-jefe-de-oficina-de-la-presidencia\/"},"wordCount":413,"commentCount":0,"publisher":{"@id":"https:\/\/fuentesfidedignas.com.mx\/#organization"},"image":{"@id":"https:\/\/fuentesfidedignas.com.mx\/index.php\/2024\/07\/11\/sheinbaum-nombra-a-lazaro-cardenas-batel-como-proximo-jefe-de-oficina-de-la-presidencia\/#primaryimage"},"thumbnailUrl":"https:\/\/fuentesfidedignas.com.mx\/wp-content\/uploads\/2024\/07\/lazaro-cardenas-batel-sheinbaum-1.jpg","articleSection":["NOTICIAS NACIONALES"],"inLanguage":"es","potentialAction":[{"@type":"CommentAction","name":"Comment","target":["https:\/\/fuentesfidedignas.com.mx\/index.php\/2024\/07\/11\/sheinbaum-nombra-a-lazaro-cardenas-batel-como-proximo-jefe-de-oficina-de-la-presidencia\/#respond"]}]},{"@type":"WebPage","@id":"https:\/\/fuentesfidedignas.com.mx\/index.php\/2024\/07\/11\/sheinbaum-nombra-a-lazaro-cardenas-batel-como-proximo-jefe-de-oficina-de-la-presidencia\/","url":"https:\/\/fuentesfidedignas.com.mx\/index.php\/2024\/07\/11\/sheinbaum-nombra-a-lazaro-cardenas-batel-como-proximo-jefe-de-oficina-de-la-presidencia\/","name":"Sheinbaum nombra a L\u00e1zaro C\u00e1rdenas Batel como pr\u00f3ximo jefe de Oficina de la Presidencia - Fuentes Fidedignas","isPartOf":{"@id":"https:\/\/fuentesfidedignas.com.mx\/#website"},"primaryImageOfPage":{"@id":"https:\/\/fuentesfidedignas.com.mx\/index.php\/2024\/07\/11\/sheinbaum-nombra-a-lazaro-cardenas-batel-como-proximo-jefe-de-oficina-de-la-presidencia\/#primaryimage"},"image":{"@id":"https:\/\/fuentesfidedignas.com.mx\/index.php\/2024\/07\/11\/sheinbaum-nombra-a-lazaro-cardenas-batel-como-proximo-jefe-de-oficina-de-la-presidencia\/#primaryimage"},"thumbnailUrl":"https:\/\/fuentesfidedignas.com.mx\/wp-content\/uploads\/2024\/07\/lazaro-cardenas-batel-sheinbaum-1.jpg","datePublished":"2024-07-11T19:02:18+00:00","breadcrumb":{"@id":"https:\/\/fuentesfidedignas.com.mx\/index.php\/2024\/07\/11\/sheinbaum-nombra-a-lazaro-cardenas-batel-como-proximo-jefe-de-oficina-de-la-presidencia\/#breadcrumb"},"inLanguage":"es","potentialAction":[{"@type":"ReadAction","target":["https:\/\/fuentesfidedignas.com.mx\/index.php\/2024\/07\/11\/sheinbaum-nombra-a-lazaro-cardenas-batel-como-proximo-jefe-de-oficina-de-la-presidencia\/"]}]},{"@type":"ImageObject","inLanguage":"es","@id":"https:\/\/fuentesfidedignas.com.mx\/index.php\/2024\/07\/11\/sheinbaum-nombra-a-lazaro-cardenas-batel-como-proximo-jefe-de-oficina-de-la-presidencia\/#primaryimage","url":"https:\/\/fuentesfidedignas.com.mx\/wp-content\/uploads\/2024\/07\/lazaro-cardenas-batel-sheinbaum-1.jpg","contentUrl":"https:\/\/fuentesfidedignas.com.mx\/wp-content\/uploads\/2024\/07\/lazaro-cardenas-batel-sheinbaum-1.jpg","width":650,"height":433},{"@type":"BreadcrumbList","@id":"https:\/\/fuentesfidedignas.com.mx\/index.php\/2024\/07\/11\/sheinbaum-nombra-a-lazaro-cardenas-batel-como-proximo-jefe-de-oficina-de-la-presidencia\/#breadcrumb","itemListElement":[{"@type":"ListItem","position":1,"name":"Inicio","item":"https:\/\/fuentesfidedignas.com.mx\/"},{"@type":"ListItem","position":2,"name":"Sheinbaum nombra a L\u00e1zaro C\u00e1rdenas Batel como pr\u00f3ximo jefe de Oficina de la Presidencia"}]},{"@type":"WebSite","@id":"https:\/\/fuentesfidedignas.com.mx\/#website","url":"https:\/\/fuentesfidedignas.com.mx\/","name":"Fuentes Fidedignas","description":"Otro sitio realizado con WordPress","publisher":{"@id":"https:\/\/fuentesfidedignas.com.mx\/#organization"},"potentialAction":[{"@type":"SearchAction","target":{"@type":"EntryPoint","urlTemplate":"https:\/\/fuentesfidedignas.com.mx\/?s={search_term_string}"},"query-input":{"@type":"PropertyValueSpecification","valueRequired":true,"valueName":"search_term_string"}}],"inLanguage":"es"},{"@type":"Organization","@id":"https:\/\/fuentesfidedignas.com.mx\/#organization","name":"Fuentes Fidedignas","url":"https:\/\/fuentesfidedignas.com.mx\/","logo":{"@type":"ImageObject","inLanguage":"es","@id":"https:\/\/fuentesfidedignas.com.mx\/#\/schema\/logo\/image\/","url":"https:\/\/fuentesfidedignas.com.mx\/wp-content\/uploads\/2021\/04\/logo-retina.png","contentUrl":"https:\/\/fuentesfidedignas.com.mx\/wp-content\/uploads\/2021\/04\/logo-retina.png","width":280,"height":51,"caption":"Fuentes Fidedignas"},"image":{"@id":"https:\/\/fuentesfidedignas.com.mx\/#\/schema\/logo\/image\/"},"sameAs":["https:\/\/www.facebook.com\/Fuentes-Fidedignas-368234489921644","https:\/\/x.com\/fidedignas"]},{"@type":"Person","@id":"https:\/\/fuentesfidedignas.com.mx\/#\/schema\/person\/67d852f0557c8509146a4b9ddebd543a","name":"L\u00f3pez D\u00f3riga","image":{"@type":"ImageObject","inLanguage":"es","@id":"https:\/\/secure.gravatar.com\/avatar\/e525b06574ca18b33cded59dfe5778d6c823b9513154eff47da551b0551bdd1e?s=96&d=mm&r=g","url":"https:\/\/secure.gravatar.com\/avatar\/e525b06574ca18b33cded59dfe5778d6c823b9513154eff47da551b0551bdd1e?s=96&d=mm&r=g","contentUrl":"https:\/\/secure.gravatar.com\/avatar\/e525b06574ca18b33cded59dfe5778d6c823b9513154eff47da551b0551bdd1e?s=96&d=mm&r=g","caption":"L\u00f3pez D\u00f3riga"},"url":"https:\/\/fuentesfidedignas.com.mx\/index.php\/author\/doriga\/"}]}},"_links":{"self":[{"href":"https:\/\/fuentesfidedignas.com.mx\/index.php\/wp-json\/wp\/v2\/posts\/86224","targetHints":{"allow":["GET"]}}],"collection":[{"href":"https:\/\/fuentesfidedignas.com.mx\/index.php\/wp-json\/wp\/v2\/posts"}],"about":[{"href":"https:\/\/fuentesfidedignas.com.mx\/index.php\/wp-json\/wp\/v2\/types\/post"}],"author":[{"embeddable":true,"href":"https:\/\/fuentesfidedignas.com.mx\/index.php\/wp-json\/wp\/v2\/users\/47"}],"replies":[{"embeddable":true,"href":"https:\/\/fuentesfidedignas.com.mx\/index.php\/wp-json\/wp\/v2\/comments?post=86224"}],"version-history":[{"count":2,"href":"https:\/\/fuentesfidedignas.com.mx\/index.php\/wp-json\/wp\/v2\/posts\/86224\/revisions"}],"predecessor-version":[{"id":86227,"href":"https:\/\/fuentesfidedignas.com.mx\/index.php\/wp-json\/wp\/v2\/posts\/86224\/revisions\/86227"}],"wp:featuredmedia":[{"embeddable":true,"href":"https:\/\/fuentesfidedignas.com.mx\/index.php\/wp-json\/wp\/v2\/media\/86226"}],"wp:attachment":[{"href":"https:\/\/fuentesfidedignas.com.mx\/index.php\/wp-json\/wp\/v2\/media?parent=86224"}],"wp:term":[{"taxonomy":"category","embeddable":true,"href":"https:\/\/fuentesfidedignas.com.mx\/index.php\/wp-json\/wp\/v2\/categories?post=86224"},{"taxonomy":"post_tag","embeddable":true,"href":"https:\/\/fuentesfidedignas.com.mx\/index.php\/wp-json\/wp\/v2\/tags?post=86224"}],"curies":[{"name":"wp","href":"https:\/\/api.w.org\/{rel}","templated":true}]}}