{"id":86201,"date":"2024-07-11T08:24:05","date_gmt":"2024-07-11T15:24:05","guid":{"rendered":"https:\/\/fuentesfidedignas.com.mx\/?p=86201"},"modified":"2024-07-11T09:05:19","modified_gmt":"2024-07-11T16:05:19","slug":"pri-aprueba-que-la-asamblea-de-consejeros-elija-al-proximo-dirigente-del-partido","status":"publish","type":"post","link":"https:\/\/fuentesfidedignas.com.mx\/index.php\/2024\/07\/11\/pri-aprueba-que-la-asamblea-de-consejeros-elija-al-proximo-dirigente-del-partido\/","title":{"rendered":"PRI aprueba que la Asamblea de Consejeros elija al pr\u00f3ximo dirigente del partido"},"content":{"rendered":"\n<p><strong><em>Con 474 votos a favor, cinco en contra y siete abstenciones se aprob\u00f3 que la Asamblea de Consejeros elija al pr\u00f3ximo dirigente del PRI<\/em><\/strong><\/p>\n\n\n\n<p>El Consejo Pol\u00edtico Nacional (CPN) del Partido Revolucionario Institucional (PRI) aprob\u00f3 el m\u00e9todo de elecci\u00f3n del Comit\u00e9 Ejecutivo Nacional el periodo 2024-2028.<\/p>\n\n\n\n<p><blockquote class=\"twitter-tweet\"><p lang=\"es\" dir=\"ltr\">Con 474 votos a favor, 5 en contra y 7 abstenciones, el Consejo Pol\u00edtico Nacional de nuestro partido aprob\u00f3 el m\u00e9todo electivo de Asamblea de Consejeras y Consejeros Pol\u00edticos, para el proceso ordinario de renovaci\u00f3n de la dirigencia del PRI, para el per\u00edodo estatutario\u2026 <a href=\"https:\/\/t.co\/YlhTQCDlFq\">pic.twitter.com\/YlhTQCDlFq<\/a><\/p>\u2014 PRI (@PRI_Nacional) <a href=\"https:\/\/twitter.com\/PRI_Nacional\/status\/1811269830156103767?ref_src=twsrc%5Etfw\">July 11, 2024<\/a><\/blockquote> <script async=\"\" src=\"https:\/\/platform.twitter.com\/widgets.js\" charset=\"utf-8\"><\/script><\/p>\n\n\n\n<p>Con 474 votos a favor, cinco en contra y siete abstenciones se aprob\u00f3 que la Asamblea de Consejeros elija al pr\u00f3ximo dirigente del partido tricolor, entre otros cargos, y que la Comisi\u00f3n Nacional de Procesos Internos emita la convocatoria correspondiente.<\/p>\n\n\n\n<p>La sesi\u00f3n en la que se aprob\u00f3 dicho m\u00e9todo de elecci\u00f3n se realiz\u00f3 de manera virtual y estuvo encabezada por Alejandro Moreno, l\u00edder nacional del PRI y del CPN.<\/p>\n\n\n\n<p>Esta decisi\u00f3n se toma tras la asamblea realizada el pasado domingo 7 de julio, en el que se aprobaron reformas a los estatutos del PRI que permitir\u00edan a Moreno C\u00e1rdenas reelegirse como dirigente nacional hasta 2032.<\/p>\n","protected":false},"excerpt":{"rendered":"<p>Con 474 votos a favor, cinco en contra y siete abstenciones se aprob\u00f3 que la Asamblea de Consejeros elija al pr\u00f3ximo dirigente del PRI El Consejo Pol\u00edtico Nacional (CPN) del Partido Revolucionario Institucional (PRI) aprob\u00f3 el m\u00e9todo de elecci\u00f3n del Comit\u00e9 Ejecutivo Nacional el periodo 2024-2028. Con 474 votos a favor, 5 en contra y [&hellip;]<\/p>\n","protected":false},"author":47,"featured_media":86202,"comment_status":"open","ping_status":"open","sticky":false,"template":"","format":"standard","meta":{"tdm_status":"","tdm_grid_status":"","footnotes":""},"categories":[39],"tags":[],"class_list":{"0":"post-86201","1":"post","2":"type-post","3":"status-publish","4":"format-standard","5":"has-post-thumbnail","7":"category-noticias-nacionales"},"yoast_head":"<!-- This site is optimized with the Yoast SEO plugin v27.5 - https:\/\/yoast.com\/product\/yoast-seo-wordpress\/ -->\n<title>PRI aprueba que la Asamblea de Consejeros elija al pr\u00f3ximo dirigente del partido - Fuentes Fidedignas<\/title>\n<meta name=\"robots\" content=\"index, follow, max-snippet:-1, max-image-preview:large, max-video-preview:-1\" \/>\n<link rel=\"canonical\" href=\"https:\/\/fuentesfidedignas.com.mx\/index.php\/2024\/07\/11\/pri-aprueba-que-la-asamblea-de-consejeros-elija-al-proximo-dirigente-del-partido\/\" \/>\n<meta property=\"og:locale\" content=\"es_MX\" \/>\n<meta property=\"og:type\" content=\"article\" \/>\n<meta property=\"og:title\" content=\"PRI aprueba que la Asamblea de Consejeros elija al pr\u00f3ximo dirigente del partido - Fuentes Fidedignas\" \/>\n<meta property=\"og:description\" content=\"Con 474 votos a favor, cinco en contra y siete abstenciones se aprob\u00f3 que la Asamblea de Consejeros elija al pr\u00f3ximo dirigente del PRI El Consejo Pol\u00edtico Nacional (CPN) del Partido Revolucionario Institucional (PRI) aprob\u00f3 el m\u00e9todo de elecci\u00f3n del Comit\u00e9 Ejecutivo Nacional el periodo 2024-2028. Con 474 votos a favor, 5 en contra y [&hellip;]\" \/>\n<meta property=\"og:url\" content=\"https:\/\/fuentesfidedignas.com.mx\/index.php\/2024\/07\/11\/pri-aprueba-que-la-asamblea-de-consejeros-elija-al-proximo-dirigente-del-partido\/\" \/>\n<meta property=\"og:site_name\" content=\"Fuentes Fidedignas\" \/>\n<meta property=\"article:publisher\" content=\"https:\/\/www.facebook.com\/Fuentes-Fidedignas-368234489921644\" \/>\n<meta property=\"article:published_time\" content=\"2024-07-11T15:24:05+00:00\" \/>\n<meta property=\"article:modified_time\" content=\"2024-07-11T16:05:19+00:00\" \/>\n<meta property=\"og:image\" content=\"https:\/\/fuentesfidedignas.com.mx\/wp-content\/uploads\/2024\/07\/consejo-del-PRI.jpg\" \/>\n\t<meta property=\"og:image:width\" content=\"650\" \/>\n\t<meta property=\"og:image:height\" content=\"339\" \/>\n\t<meta property=\"og:image:type\" content=\"image\/jpeg\" \/>\n<meta name=\"author\" content=\"L\u00f3pez D\u00f3riga\" \/>\n<meta name=\"twitter:card\" content=\"summary_large_image\" \/>\n<meta name=\"twitter:creator\" content=\"@fidedignas\" \/>\n<meta name=\"twitter:site\" content=\"@fidedignas\" \/>\n<meta name=\"twitter:label1\" content=\"Escrito por\" \/>\n\t<meta name=\"twitter:data1\" content=\"L\u00f3pez D\u00f3riga\" \/>\n\t<meta name=\"twitter:label2\" content=\"Tiempo de lectura\" \/>\n\t<meta name=\"twitter:data2\" content=\"1 minuto\" \/>\n<script type=\"application\/ld+json\" class=\"yoast-schema-graph\">{\"@context\":\"https:\\\/\\\/schema.org\",\"@graph\":[{\"@type\":\"Article\",\"@id\":\"https:\\\/\\\/fuentesfidedignas.com.mx\\\/index.php\\\/2024\\\/07\\\/11\\\/pri-aprueba-que-la-asamblea-de-consejeros-elija-al-proximo-dirigente-del-partido\\\/#article\",\"isPartOf\":{\"@id\":\"https:\\\/\\\/fuentesfidedignas.com.mx\\\/index.php\\\/2024\\\/07\\\/11\\\/pri-aprueba-que-la-asamblea-de-consejeros-elija-al-proximo-dirigente-del-partido\\\/\"},\"author\":{\"name\":\"L\u00f3pez D\u00f3riga\",\"@id\":\"https:\\\/\\\/fuentesfidedignas.com.mx\\\/#\\\/schema\\\/person\\\/67d852f0557c8509146a4b9ddebd543a\"},\"headline\":\"PRI aprueba que la Asamblea de Consejeros elija al pr\u00f3ximo dirigente del partido\",\"datePublished\":\"2024-07-11T15:24:05+00:00\",\"dateModified\":\"2024-07-11T16:05:19+00:00\",\"mainEntityOfPage\":{\"@id\":\"https:\\\/\\\/fuentesfidedignas.com.mx\\\/index.php\\\/2024\\\/07\\\/11\\\/pri-aprueba-que-la-asamblea-de-consejeros-elija-al-proximo-dirigente-del-partido\\\/\"},\"wordCount\":228,\"commentCount\":0,\"publisher\":{\"@id\":\"https:\\\/\\\/fuentesfidedignas.com.mx\\\/#organization\"},\"image\":{\"@id\":\"https:\\\/\\\/fuentesfidedignas.com.mx\\\/index.php\\\/2024\\\/07\\\/11\\\/pri-aprueba-que-la-asamblea-de-consejeros-elija-al-proximo-dirigente-del-partido\\\/#primaryimage\"},\"thumbnailUrl\":\"https:\\\/\\\/fuentesfidedignas.com.mx\\\/wp-content\\\/uploads\\\/2024\\\/07\\\/consejo-del-PRI.jpg\",\"articleSection\":[\"NOTICIAS NACIONALES\"],\"inLanguage\":\"es\",\"potentialAction\":[{\"@type\":\"CommentAction\",\"name\":\"Comment\",\"target\":[\"https:\\\/\\\/fuentesfidedignas.com.mx\\\/index.php\\\/2024\\\/07\\\/11\\\/pri-aprueba-que-la-asamblea-de-consejeros-elija-al-proximo-dirigente-del-partido\\\/#respond\"]}]},{\"@type\":\"WebPage\",\"@id\":\"https:\\\/\\\/fuentesfidedignas.com.mx\\\/index.php\\\/2024\\\/07\\\/11\\\/pri-aprueba-que-la-asamblea-de-consejeros-elija-al-proximo-dirigente-del-partido\\\/\",\"url\":\"https:\\\/\\\/fuentesfidedignas.com.mx\\\/index.php\\\/2024\\\/07\\\/11\\\/pri-aprueba-que-la-asamblea-de-consejeros-elija-al-proximo-dirigente-del-partido\\\/\",\"name\":\"PRI aprueba que la Asamblea de Consejeros elija al pr\u00f3ximo dirigente del partido - Fuentes Fidedignas\",\"isPartOf\":{\"@id\":\"https:\\\/\\\/fuentesfidedignas.com.mx\\\/#website\"},\"primaryImageOfPage\":{\"@id\":\"https:\\\/\\\/fuentesfidedignas.com.mx\\\/index.php\\\/2024\\\/07\\\/11\\\/pri-aprueba-que-la-asamblea-de-consejeros-elija-al-proximo-dirigente-del-partido\\\/#primaryimage\"},\"image\":{\"@id\":\"https:\\\/\\\/fuentesfidedignas.com.mx\\\/index.php\\\/2024\\\/07\\\/11\\\/pri-aprueba-que-la-asamblea-de-consejeros-elija-al-proximo-dirigente-del-partido\\\/#primaryimage\"},\"thumbnailUrl\":\"https:\\\/\\\/fuentesfidedignas.com.mx\\\/wp-content\\\/uploads\\\/2024\\\/07\\\/consejo-del-PRI.jpg\",\"datePublished\":\"2024-07-11T15:24:05+00:00\",\"dateModified\":\"2024-07-11T16:05:19+00:00\",\"breadcrumb\":{\"@id\":\"https:\\\/\\\/fuentesfidedignas.com.mx\\\/index.php\\\/2024\\\/07\\\/11\\\/pri-aprueba-que-la-asamblea-de-consejeros-elija-al-proximo-dirigente-del-partido\\\/#breadcrumb\"},\"inLanguage\":\"es\",\"potentialAction\":[{\"@type\":\"ReadAction\",\"target\":[\"https:\\\/\\\/fuentesfidedignas.com.mx\\\/index.php\\\/2024\\\/07\\\/11\\\/pri-aprueba-que-la-asamblea-de-consejeros-elija-al-proximo-dirigente-del-partido\\\/\"]}]},{\"@type\":\"ImageObject\",\"inLanguage\":\"es\",\"@id\":\"https:\\\/\\\/fuentesfidedignas.com.mx\\\/index.php\\\/2024\\\/07\\\/11\\\/pri-aprueba-que-la-asamblea-de-consejeros-elija-al-proximo-dirigente-del-partido\\\/#primaryimage\",\"url\":\"https:\\\/\\\/fuentesfidedignas.com.mx\\\/wp-content\\\/uploads\\\/2024\\\/07\\\/consejo-del-PRI.jpg\",\"contentUrl\":\"https:\\\/\\\/fuentesfidedignas.com.mx\\\/wp-content\\\/uploads\\\/2024\\\/07\\\/consejo-del-PRI.jpg\",\"width\":650,\"height\":339},{\"@type\":\"BreadcrumbList\",\"@id\":\"https:\\\/\\\/fuentesfidedignas.com.mx\\\/index.php\\\/2024\\\/07\\\/11\\\/pri-aprueba-que-la-asamblea-de-consejeros-elija-al-proximo-dirigente-del-partido\\\/#breadcrumb\",\"itemListElement\":[{\"@type\":\"ListItem\",\"position\":1,\"name\":\"Inicio\",\"item\":\"https:\\\/\\\/fuentesfidedignas.com.mx\\\/\"},{\"@type\":\"ListItem\",\"position\":2,\"name\":\"PRI aprueba que la Asamblea de Consejeros elija al pr\u00f3ximo dirigente del partido\"}]},{\"@type\":\"WebSite\",\"@id\":\"https:\\\/\\\/fuentesfidedignas.com.mx\\\/#website\",\"url\":\"https:\\\/\\\/fuentesfidedignas.com.mx\\\/\",\"name\":\"Fuentes Fidedignas\",\"description\":\"Otro sitio realizado con WordPress\",\"publisher\":{\"@id\":\"https:\\\/\\\/fuentesfidedignas.com.mx\\\/#organization\"},\"potentialAction\":[{\"@type\":\"SearchAction\",\"target\":{\"@type\":\"EntryPoint\",\"urlTemplate\":\"https:\\\/\\\/fuentesfidedignas.com.mx\\\/?s={search_term_string}\"},\"query-input\":{\"@type\":\"PropertyValueSpecification\",\"valueRequired\":true,\"valueName\":\"search_term_string\"}}],\"inLanguage\":\"es\"},{\"@type\":\"Organization\",\"@id\":\"https:\\\/\\\/fuentesfidedignas.com.mx\\\/#organization\",\"name\":\"Fuentes Fidedignas\",\"url\":\"https:\\\/\\\/fuentesfidedignas.com.mx\\\/\",\"logo\":{\"@type\":\"ImageObject\",\"inLanguage\":\"es\",\"@id\":\"https:\\\/\\\/fuentesfidedignas.com.mx\\\/#\\\/schema\\\/logo\\\/image\\\/\",\"url\":\"https:\\\/\\\/fuentesfidedignas.com.mx\\\/wp-content\\\/uploads\\\/2021\\\/04\\\/logo-retina.png\",\"contentUrl\":\"https:\\\/\\\/fuentesfidedignas.com.mx\\\/wp-content\\\/uploads\\\/2021\\\/04\\\/logo-retina.png\",\"width\":280,\"height\":51,\"caption\":\"Fuentes Fidedignas\"},\"image\":{\"@id\":\"https:\\\/\\\/fuentesfidedignas.com.mx\\\/#\\\/schema\\\/logo\\\/image\\\/\"},\"sameAs\":[\"https:\\\/\\\/www.facebook.com\\\/Fuentes-Fidedignas-368234489921644\",\"https:\\\/\\\/x.com\\\/fidedignas\"]},{\"@type\":\"Person\",\"@id\":\"https:\\\/\\\/fuentesfidedignas.com.mx\\\/#\\\/schema\\\/person\\\/67d852f0557c8509146a4b9ddebd543a\",\"name\":\"L\u00f3pez D\u00f3riga\",\"image\":{\"@type\":\"ImageObject\",\"inLanguage\":\"es\",\"@id\":\"https:\\\/\\\/secure.gravatar.com\\\/avatar\\\/e525b06574ca18b33cded59dfe5778d6c823b9513154eff47da551b0551bdd1e?s=96&d=mm&r=g\",\"url\":\"https:\\\/\\\/secure.gravatar.com\\\/avatar\\\/e525b06574ca18b33cded59dfe5778d6c823b9513154eff47da551b0551bdd1e?s=96&d=mm&r=g\",\"contentUrl\":\"https:\\\/\\\/secure.gravatar.com\\\/avatar\\\/e525b06574ca18b33cded59dfe5778d6c823b9513154eff47da551b0551bdd1e?s=96&d=mm&r=g\",\"caption\":\"L\u00f3pez D\u00f3riga\"},\"url\":\"https:\\\/\\\/fuentesfidedignas.com.mx\\\/index.php\\\/author\\\/doriga\\\/\"}]}<\/script>\n<!-- \/ Yoast SEO plugin. -->","yoast_head_json":{"title":"PRI aprueba que la Asamblea de Consejeros elija al pr\u00f3ximo dirigente del partido - Fuentes Fidedignas","robots":{"index":"index","follow":"follow","max-snippet":"max-snippet:-1","max-image-preview":"max-image-preview:large","max-video-preview":"max-video-preview:-1"},"canonical":"https:\/\/fuentesfidedignas.com.mx\/index.php\/2024\/07\/11\/pri-aprueba-que-la-asamblea-de-consejeros-elija-al-proximo-dirigente-del-partido\/","og_locale":"es_MX","og_type":"article","og_title":"PRI aprueba que la Asamblea de Consejeros elija al pr\u00f3ximo dirigente del partido - Fuentes Fidedignas","og_description":"Con 474 votos a favor, cinco en contra y siete abstenciones se aprob\u00f3 que la Asamblea de Consejeros elija al pr\u00f3ximo dirigente del PRI El Consejo Pol\u00edtico Nacional (CPN) del Partido Revolucionario Institucional (PRI) aprob\u00f3 el m\u00e9todo de elecci\u00f3n del Comit\u00e9 Ejecutivo Nacional el periodo 2024-2028. Con 474 votos a favor, 5 en contra y [&hellip;]","og_url":"https:\/\/fuentesfidedignas.com.mx\/index.php\/2024\/07\/11\/pri-aprueba-que-la-asamblea-de-consejeros-elija-al-proximo-dirigente-del-partido\/","og_site_name":"Fuentes Fidedignas","article_publisher":"https:\/\/www.facebook.com\/Fuentes-Fidedignas-368234489921644","article_published_time":"2024-07-11T15:24:05+00:00","article_modified_time":"2024-07-11T16:05:19+00:00","og_image":[{"width":650,"height":339,"url":"https:\/\/fuentesfidedignas.com.mx\/wp-content\/uploads\/2024\/07\/consejo-del-PRI.jpg","type":"image\/jpeg"}],"author":"L\u00f3pez D\u00f3riga","twitter_card":"summary_large_image","twitter_creator":"@fidedignas","twitter_site":"@fidedignas","twitter_misc":{"Escrito por":"L\u00f3pez D\u00f3riga","Tiempo de lectura":"1 minuto"},"schema":{"@context":"https:\/\/schema.org","@graph":[{"@type":"Article","@id":"https:\/\/fuentesfidedignas.com.mx\/index.php\/2024\/07\/11\/pri-aprueba-que-la-asamblea-de-consejeros-elija-al-proximo-dirigente-del-partido\/#article","isPartOf":{"@id":"https:\/\/fuentesfidedignas.com.mx\/index.php\/2024\/07\/11\/pri-aprueba-que-la-asamblea-de-consejeros-elija-al-proximo-dirigente-del-partido\/"},"author":{"name":"L\u00f3pez D\u00f3riga","@id":"https:\/\/fuentesfidedignas.com.mx\/#\/schema\/person\/67d852f0557c8509146a4b9ddebd543a"},"headline":"PRI aprueba que la Asamblea de Consejeros elija al pr\u00f3ximo dirigente del partido","datePublished":"2024-07-11T15:24:05+00:00","dateModified":"2024-07-11T16:05:19+00:00","mainEntityOfPage":{"@id":"https:\/\/fuentesfidedignas.com.mx\/index.php\/2024\/07\/11\/pri-aprueba-que-la-asamblea-de-consejeros-elija-al-proximo-dirigente-del-partido\/"},"wordCount":228,"commentCount":0,"publisher":{"@id":"https:\/\/fuentesfidedignas.com.mx\/#organization"},"image":{"@id":"https:\/\/fuentesfidedignas.com.mx\/index.php\/2024\/07\/11\/pri-aprueba-que-la-asamblea-de-consejeros-elija-al-proximo-dirigente-del-partido\/#primaryimage"},"thumbnailUrl":"https:\/\/fuentesfidedignas.com.mx\/wp-content\/uploads\/2024\/07\/consejo-del-PRI.jpg","articleSection":["NOTICIAS NACIONALES"],"inLanguage":"es","potentialAction":[{"@type":"CommentAction","name":"Comment","target":["https:\/\/fuentesfidedignas.com.mx\/index.php\/2024\/07\/11\/pri-aprueba-que-la-asamblea-de-consejeros-elija-al-proximo-dirigente-del-partido\/#respond"]}]},{"@type":"WebPage","@id":"https:\/\/fuentesfidedignas.com.mx\/index.php\/2024\/07\/11\/pri-aprueba-que-la-asamblea-de-consejeros-elija-al-proximo-dirigente-del-partido\/","url":"https:\/\/fuentesfidedignas.com.mx\/index.php\/2024\/07\/11\/pri-aprueba-que-la-asamblea-de-consejeros-elija-al-proximo-dirigente-del-partido\/","name":"PRI aprueba que la Asamblea de Consejeros elija al pr\u00f3ximo dirigente del partido - Fuentes Fidedignas","isPartOf":{"@id":"https:\/\/fuentesfidedignas.com.mx\/#website"},"primaryImageOfPage":{"@id":"https:\/\/fuentesfidedignas.com.mx\/index.php\/2024\/07\/11\/pri-aprueba-que-la-asamblea-de-consejeros-elija-al-proximo-dirigente-del-partido\/#primaryimage"},"image":{"@id":"https:\/\/fuentesfidedignas.com.mx\/index.php\/2024\/07\/11\/pri-aprueba-que-la-asamblea-de-consejeros-elija-al-proximo-dirigente-del-partido\/#primaryimage"},"thumbnailUrl":"https:\/\/fuentesfidedignas.com.mx\/wp-content\/uploads\/2024\/07\/consejo-del-PRI.jpg","datePublished":"2024-07-11T15:24:05+00:00","dateModified":"2024-07-11T16:05:19+00:00","breadcrumb":{"@id":"https:\/\/fuentesfidedignas.com.mx\/index.php\/2024\/07\/11\/pri-aprueba-que-la-asamblea-de-consejeros-elija-al-proximo-dirigente-del-partido\/#breadcrumb"},"inLanguage":"es","potentialAction":[{"@type":"ReadAction","target":["https:\/\/fuentesfidedignas.com.mx\/index.php\/2024\/07\/11\/pri-aprueba-que-la-asamblea-de-consejeros-elija-al-proximo-dirigente-del-partido\/"]}]},{"@type":"ImageObject","inLanguage":"es","@id":"https:\/\/fuentesfidedignas.com.mx\/index.php\/2024\/07\/11\/pri-aprueba-que-la-asamblea-de-consejeros-elija-al-proximo-dirigente-del-partido\/#primaryimage","url":"https:\/\/fuentesfidedignas.com.mx\/wp-content\/uploads\/2024\/07\/consejo-del-PRI.jpg","contentUrl":"https:\/\/fuentesfidedignas.com.mx\/wp-content\/uploads\/2024\/07\/consejo-del-PRI.jpg","width":650,"height":339},{"@type":"BreadcrumbList","@id":"https:\/\/fuentesfidedignas.com.mx\/index.php\/2024\/07\/11\/pri-aprueba-que-la-asamblea-de-consejeros-elija-al-proximo-dirigente-del-partido\/#breadcrumb","itemListElement":[{"@type":"ListItem","position":1,"name":"Inicio","item":"https:\/\/fuentesfidedignas.com.mx\/"},{"@type":"ListItem","position":2,"name":"PRI aprueba que la Asamblea de Consejeros elija al pr\u00f3ximo dirigente del partido"}]},{"@type":"WebSite","@id":"https:\/\/fuentesfidedignas.com.mx\/#website","url":"https:\/\/fuentesfidedignas.com.mx\/","name":"Fuentes Fidedignas","description":"Otro sitio realizado con WordPress","publisher":{"@id":"https:\/\/fuentesfidedignas.com.mx\/#organization"},"potentialAction":[{"@type":"SearchAction","target":{"@type":"EntryPoint","urlTemplate":"https:\/\/fuentesfidedignas.com.mx\/?s={search_term_string}"},"query-input":{"@type":"PropertyValueSpecification","valueRequired":true,"valueName":"search_term_string"}}],"inLanguage":"es"},{"@type":"Organization","@id":"https:\/\/fuentesfidedignas.com.mx\/#organization","name":"Fuentes Fidedignas","url":"https:\/\/fuentesfidedignas.com.mx\/","logo":{"@type":"ImageObject","inLanguage":"es","@id":"https:\/\/fuentesfidedignas.com.mx\/#\/schema\/logo\/image\/","url":"https:\/\/fuentesfidedignas.com.mx\/wp-content\/uploads\/2021\/04\/logo-retina.png","contentUrl":"https:\/\/fuentesfidedignas.com.mx\/wp-content\/uploads\/2021\/04\/logo-retina.png","width":280,"height":51,"caption":"Fuentes Fidedignas"},"image":{"@id":"https:\/\/fuentesfidedignas.com.mx\/#\/schema\/logo\/image\/"},"sameAs":["https:\/\/www.facebook.com\/Fuentes-Fidedignas-368234489921644","https:\/\/x.com\/fidedignas"]},{"@type":"Person","@id":"https:\/\/fuentesfidedignas.com.mx\/#\/schema\/person\/67d852f0557c8509146a4b9ddebd543a","name":"L\u00f3pez D\u00f3riga","image":{"@type":"ImageObject","inLanguage":"es","@id":"https:\/\/secure.gravatar.com\/avatar\/e525b06574ca18b33cded59dfe5778d6c823b9513154eff47da551b0551bdd1e?s=96&d=mm&r=g","url":"https:\/\/secure.gravatar.com\/avatar\/e525b06574ca18b33cded59dfe5778d6c823b9513154eff47da551b0551bdd1e?s=96&d=mm&r=g","contentUrl":"https:\/\/secure.gravatar.com\/avatar\/e525b06574ca18b33cded59dfe5778d6c823b9513154eff47da551b0551bdd1e?s=96&d=mm&r=g","caption":"L\u00f3pez D\u00f3riga"},"url":"https:\/\/fuentesfidedignas.com.mx\/index.php\/author\/doriga\/"}]}},"_links":{"self":[{"href":"https:\/\/fuentesfidedignas.com.mx\/index.php\/wp-json\/wp\/v2\/posts\/86201","targetHints":{"allow":["GET"]}}],"collection":[{"href":"https:\/\/fuentesfidedignas.com.mx\/index.php\/wp-json\/wp\/v2\/posts"}],"about":[{"href":"https:\/\/fuentesfidedignas.com.mx\/index.php\/wp-json\/wp\/v2\/types\/post"}],"author":[{"embeddable":true,"href":"https:\/\/fuentesfidedignas.com.mx\/index.php\/wp-json\/wp\/v2\/users\/47"}],"replies":[{"embeddable":true,"href":"https:\/\/fuentesfidedignas.com.mx\/index.php\/wp-json\/wp\/v2\/comments?post=86201"}],"version-history":[{"count":2,"href":"https:\/\/fuentesfidedignas.com.mx\/index.php\/wp-json\/wp\/v2\/posts\/86201\/revisions"}],"predecessor-version":[{"id":86204,"href":"https:\/\/fuentesfidedignas.com.mx\/index.php\/wp-json\/wp\/v2\/posts\/86201\/revisions\/86204"}],"wp:featuredmedia":[{"embeddable":true,"href":"https:\/\/fuentesfidedignas.com.mx\/index.php\/wp-json\/wp\/v2\/media\/86202"}],"wp:attachment":[{"href":"https:\/\/fuentesfidedignas.com.mx\/index.php\/wp-json\/wp\/v2\/media?parent=86201"}],"wp:term":[{"taxonomy":"category","embeddable":true,"href":"https:\/\/fuentesfidedignas.com.mx\/index.php\/wp-json\/wp\/v2\/categories?post=86201"},{"taxonomy":"post_tag","embeddable":true,"href":"https:\/\/fuentesfidedignas.com.mx\/index.php\/wp-json\/wp\/v2\/tags?post=86201"}],"curies":[{"name":"wp","href":"https:\/\/api.w.org\/{rel}","templated":true}]}}