{"id":86125,"date":"2024-07-10T08:05:45","date_gmt":"2024-07-10T15:05:45","guid":{"rendered":"https:\/\/fuentesfidedignas.com.mx\/?p=86125"},"modified":"2024-07-10T08:07:16","modified_gmt":"2024-07-10T15:07:16","slug":"mueren-quemados-12-ninos-por-accidente-del-autobus-en-el-que-viajaban-en-sudafrica","status":"publish","type":"post","link":"https:\/\/fuentesfidedignas.com.mx\/index.php\/2024\/07\/10\/mueren-quemados-12-ninos-por-accidente-del-autobus-en-el-que-viajaban-en-sudafrica\/","title":{"rendered":"Mueren quemados 12 ni\u00f1os por accidente del autob\u00fas en el que viajaban en Sud\u00e1frica"},"content":{"rendered":"\n<p><strong><em>El veh\u00edculo impact\u00f3 contra otro y fue consumido por las llamas.<\/em><\/strong><\/p>\n\n\n\n<p>Al menos 12 ni\u00f1os murieron en Sud\u00e1frica cuando el minibus que les llevaba a la escuela cerca de Johannesburgo volc\u00f3 y se incendi\u00f3 tras chocar con otro veh\u00edculo, declar\u00f3 el gobierno local.<br><br>El conductor del minibus tambi\u00e9n muri\u00f3 y otros siete ni\u00f1os fueron trasladados de urgencia al hospital, indic\u00f3 en un comunicado el gobierno de la provincia de Gauteng, la m\u00e1s poblada del pa\u00eds y que comprende Johannesburgo y Petroria.<\/p>\n\n\n\n<p>Se desconoce por el momento la edad de los menores.<\/p>\n\n\n\n<p>En im\u00e1genes de televisi\u00f3n se pudo ver el minibus totalmente destrozado por el fuego. El accidente se produjo a unos 70 kil\u00f3metros al oeste de la ciudad de Merafong.<\/p>\n\n\n\n<figure class=\"wp-block-embed is-type-rich is-provider-twitter wp-block-embed-twitter\"><div class=\"wp-block-embed__wrapper\">\n<blockquote class=\"twitter-tweet\" data-width=\"550\" data-dnt=\"true\"><p lang=\"en\" dir=\"ltr\">private scholar minibus was involved in a tragic accident in the Kokosi-Wedela area in Merafong, claiming the lives of the 12 learners and their driver.<br><br>7 other learners have been rushed to a medical facility for urgent medical attention. <a href=\"https:\/\/t.co\/ncvsiuQBcV\">pic.twitter.com\/ncvsiuQBcV<\/a><\/p>&mdash; MEHMET VEFA DAG (@AFRICANDEMOC) <a href=\"https:\/\/twitter.com\/AFRICANDEMOC\/status\/1811006129138209106?ref_src=twsrc%5Etfw\">July 10, 2024<\/a><\/blockquote><script async src=\"https:\/\/platform.twitter.com\/widgets.js\" charset=\"utf-8\"><\/script>\n<\/div><\/figure>\n\n\n\n<p>&#8220;Un minibus escolar privado se vio involucrado en un tr\u00e1gico accidente en el \u00e1rea Kokosi-Wedela en Merafong, cobr\u00e1ndose la vida de doce estudiantes y su conductor&#8221;, explic\u00f3 el comunicado.<\/p>\n\n\n\n<p>Adem\u00e1s, &#8220;otros siete estudiantes fueron trasladados de urgencia a un centro m\u00e9dico para recibir asistencia m\u00e9dica&#8221;, agreg\u00f3.<\/p>\n\n\n\n<p>El ministro de Educaci\u00f3n de Gauteng, Matome Chiloane, declar\u00f3 en un comunicado sentirse &#8220;profundamente entristecido&#8221; por este tr\u00e1gico suceso.<\/p>\n\n\n\n<p><strong>Las llamas consumieron el minub\u00fas:<\/strong><\/p>\n\n\n\n<p><blockquote class=\"twitter-tweet\"><p lang=\"en\" dir=\"ltr\">[WATCH] A private scholar minibus was involved in a tragic accident in the Kokosi-Wedela area in Merafong, claiming the lives of the 12 learners and their driver.<br><br>7 other learners have been rushed to a medical facility for urgent medical attention.<a href=\"https:\/\/twitter.com\/MongeziKoko?ref_src=twsrc%5Etfw\">@MongeziKoko<\/a> <a href=\"https:\/\/t.co\/XXOx4jOHZb\">https:\/\/t.co\/XXOx4jOHZb<\/a> <a href=\"https:\/\/t.co\/cVortDYL95\">pic.twitter.com\/cVortDYL95<\/a><\/p>\u2014 EWN Reporter (@ewnreporter) <a href=\"https:\/\/twitter.com\/ewnreporter\/status\/1810998526941200643?ref_src=twsrc%5Etfw\">July 10, 2024<\/a><\/blockquote> <script async=\"\" src=\"https:\/\/platform.twitter.com\/widgets.js\" charset=\"utf-8\"><\/script><\/p>\n\n\n\n<p>&#8220;La p\u00e9rdida de nuestros ni\u00f1os es un golpe devastador para nuestra comunidad, y nuestros pensamientos y oraciones est\u00e1n con las familias de los fallecidos y estudiantes heridos&#8221;, a\u00f1adi\u00f3.<\/p>\n\n\n\n<p>Sud\u00e1frica cuenta con una de las redes de carreteras m\u00e1s desarrolladas en el continente, pero tambi\u00e9n tiene uno de los peores registros de accidentes.<\/p>\n","protected":false},"excerpt":{"rendered":"<p>El veh\u00edculo impact\u00f3 contra otro y fue consumido por las llamas. Al menos 12 ni\u00f1os murieron en Sud\u00e1frica cuando el minibus que les llevaba a la escuela cerca de Johannesburgo volc\u00f3 y se incendi\u00f3 tras chocar con otro veh\u00edculo, declar\u00f3 el gobierno local. El conductor del minibus tambi\u00e9n muri\u00f3 y otros siete ni\u00f1os fueron trasladados [&hellip;]<\/p>\n","protected":false},"author":12,"featured_media":86127,"comment_status":"open","ping_status":"open","sticky":false,"template":"","format":"standard","meta":{"tdm_status":"","tdm_grid_status":"","footnotes":""},"categories":[39],"tags":[],"class_list":{"0":"post-86125","1":"post","2":"type-post","3":"status-publish","4":"format-standard","5":"has-post-thumbnail","7":"category-noticias-nacionales"},"yoast_head":"<!-- This site is optimized with the Yoast SEO plugin v27.5 - https:\/\/yoast.com\/product\/yoast-seo-wordpress\/ -->\n<title>Mueren quemados 12 ni\u00f1os por accidente del autob\u00fas en el que viajaban en Sud\u00e1frica - Fuentes Fidedignas<\/title>\n<meta name=\"robots\" content=\"index, follow, max-snippet:-1, max-image-preview:large, max-video-preview:-1\" \/>\n<link rel=\"canonical\" href=\"https:\/\/fuentesfidedignas.com.mx\/index.php\/2024\/07\/10\/mueren-quemados-12-ninos-por-accidente-del-autobus-en-el-que-viajaban-en-sudafrica\/\" \/>\n<meta property=\"og:locale\" content=\"es_MX\" \/>\n<meta property=\"og:type\" content=\"article\" \/>\n<meta property=\"og:title\" content=\"Mueren quemados 12 ni\u00f1os por accidente del autob\u00fas en el que viajaban en Sud\u00e1frica - Fuentes Fidedignas\" \/>\n<meta property=\"og:description\" content=\"El veh\u00edculo impact\u00f3 contra otro y fue consumido por las llamas. Al menos 12 ni\u00f1os murieron en Sud\u00e1frica cuando el minibus que les llevaba a la escuela cerca de Johannesburgo volc\u00f3 y se incendi\u00f3 tras chocar con otro veh\u00edculo, declar\u00f3 el gobierno local. El conductor del minibus tambi\u00e9n muri\u00f3 y otros siete ni\u00f1os fueron trasladados [&hellip;]\" \/>\n<meta property=\"og:url\" content=\"https:\/\/fuentesfidedignas.com.mx\/index.php\/2024\/07\/10\/mueren-quemados-12-ninos-por-accidente-del-autobus-en-el-que-viajaban-en-sudafrica\/\" \/>\n<meta property=\"og:site_name\" content=\"Fuentes Fidedignas\" \/>\n<meta property=\"article:publisher\" content=\"https:\/\/www.facebook.com\/Fuentes-Fidedignas-368234489921644\" \/>\n<meta property=\"article:published_time\" content=\"2024-07-10T15:05:45+00:00\" \/>\n<meta property=\"article:modified_time\" content=\"2024-07-10T15:07:16+00:00\" \/>\n<meta property=\"og:image\" content=\"https:\/\/fuentesfidedignas.com.mx\/wp-content\/uploads\/2024\/07\/ninos-autobus.jpg\" \/>\n\t<meta property=\"og:image:width\" content=\"643\" \/>\n\t<meta property=\"og:image:height\" content=\"479\" \/>\n\t<meta property=\"og:image:type\" content=\"image\/jpeg\" \/>\n<meta name=\"author\" content=\"AFP\" \/>\n<meta name=\"twitter:card\" content=\"summary_large_image\" \/>\n<meta name=\"twitter:creator\" content=\"@fidedignas\" \/>\n<meta name=\"twitter:site\" content=\"@fidedignas\" \/>\n<meta name=\"twitter:label1\" content=\"Escrito por\" \/>\n\t<meta name=\"twitter:data1\" content=\"AFP\" \/>\n\t<meta name=\"twitter:label2\" content=\"Tiempo de lectura\" \/>\n\t<meta name=\"twitter:data2\" content=\"2 minutos\" \/>\n<script type=\"application\/ld+json\" class=\"yoast-schema-graph\">{\"@context\":\"https:\\\/\\\/schema.org\",\"@graph\":[{\"@type\":\"Article\",\"@id\":\"https:\\\/\\\/fuentesfidedignas.com.mx\\\/index.php\\\/2024\\\/07\\\/10\\\/mueren-quemados-12-ninos-por-accidente-del-autobus-en-el-que-viajaban-en-sudafrica\\\/#article\",\"isPartOf\":{\"@id\":\"https:\\\/\\\/fuentesfidedignas.com.mx\\\/index.php\\\/2024\\\/07\\\/10\\\/mueren-quemados-12-ninos-por-accidente-del-autobus-en-el-que-viajaban-en-sudafrica\\\/\"},\"author\":{\"name\":\"AFP\",\"@id\":\"https:\\\/\\\/fuentesfidedignas.com.mx\\\/#\\\/schema\\\/person\\\/1827b38c6cf89e1d6cc7d78ca3fae732\"},\"headline\":\"Mueren quemados 12 ni\u00f1os por accidente del autob\u00fas en el que viajaban en Sud\u00e1frica\",\"datePublished\":\"2024-07-10T15:05:45+00:00\",\"dateModified\":\"2024-07-10T15:07:16+00:00\",\"mainEntityOfPage\":{\"@id\":\"https:\\\/\\\/fuentesfidedignas.com.mx\\\/index.php\\\/2024\\\/07\\\/10\\\/mueren-quemados-12-ninos-por-accidente-del-autobus-en-el-que-viajaban-en-sudafrica\\\/\"},\"wordCount\":340,\"commentCount\":0,\"publisher\":{\"@id\":\"https:\\\/\\\/fuentesfidedignas.com.mx\\\/#organization\"},\"image\":{\"@id\":\"https:\\\/\\\/fuentesfidedignas.com.mx\\\/index.php\\\/2024\\\/07\\\/10\\\/mueren-quemados-12-ninos-por-accidente-del-autobus-en-el-que-viajaban-en-sudafrica\\\/#primaryimage\"},\"thumbnailUrl\":\"https:\\\/\\\/fuentesfidedignas.com.mx\\\/wp-content\\\/uploads\\\/2024\\\/07\\\/ninos-autobus.jpg\",\"articleSection\":[\"NOTICIAS NACIONALES\"],\"inLanguage\":\"es\",\"potentialAction\":[{\"@type\":\"CommentAction\",\"name\":\"Comment\",\"target\":[\"https:\\\/\\\/fuentesfidedignas.com.mx\\\/index.php\\\/2024\\\/07\\\/10\\\/mueren-quemados-12-ninos-por-accidente-del-autobus-en-el-que-viajaban-en-sudafrica\\\/#respond\"]}]},{\"@type\":\"WebPage\",\"@id\":\"https:\\\/\\\/fuentesfidedignas.com.mx\\\/index.php\\\/2024\\\/07\\\/10\\\/mueren-quemados-12-ninos-por-accidente-del-autobus-en-el-que-viajaban-en-sudafrica\\\/\",\"url\":\"https:\\\/\\\/fuentesfidedignas.com.mx\\\/index.php\\\/2024\\\/07\\\/10\\\/mueren-quemados-12-ninos-por-accidente-del-autobus-en-el-que-viajaban-en-sudafrica\\\/\",\"name\":\"Mueren quemados 12 ni\u00f1os por accidente del autob\u00fas en el que viajaban en Sud\u00e1frica - Fuentes Fidedignas\",\"isPartOf\":{\"@id\":\"https:\\\/\\\/fuentesfidedignas.com.mx\\\/#website\"},\"primaryImageOfPage\":{\"@id\":\"https:\\\/\\\/fuentesfidedignas.com.mx\\\/index.php\\\/2024\\\/07\\\/10\\\/mueren-quemados-12-ninos-por-accidente-del-autobus-en-el-que-viajaban-en-sudafrica\\\/#primaryimage\"},\"image\":{\"@id\":\"https:\\\/\\\/fuentesfidedignas.com.mx\\\/index.php\\\/2024\\\/07\\\/10\\\/mueren-quemados-12-ninos-por-accidente-del-autobus-en-el-que-viajaban-en-sudafrica\\\/#primaryimage\"},\"thumbnailUrl\":\"https:\\\/\\\/fuentesfidedignas.com.mx\\\/wp-content\\\/uploads\\\/2024\\\/07\\\/ninos-autobus.jpg\",\"datePublished\":\"2024-07-10T15:05:45+00:00\",\"dateModified\":\"2024-07-10T15:07:16+00:00\",\"breadcrumb\":{\"@id\":\"https:\\\/\\\/fuentesfidedignas.com.mx\\\/index.php\\\/2024\\\/07\\\/10\\\/mueren-quemados-12-ninos-por-accidente-del-autobus-en-el-que-viajaban-en-sudafrica\\\/#breadcrumb\"},\"inLanguage\":\"es\",\"potentialAction\":[{\"@type\":\"ReadAction\",\"target\":[\"https:\\\/\\\/fuentesfidedignas.com.mx\\\/index.php\\\/2024\\\/07\\\/10\\\/mueren-quemados-12-ninos-por-accidente-del-autobus-en-el-que-viajaban-en-sudafrica\\\/\"]}]},{\"@type\":\"ImageObject\",\"inLanguage\":\"es\",\"@id\":\"https:\\\/\\\/fuentesfidedignas.com.mx\\\/index.php\\\/2024\\\/07\\\/10\\\/mueren-quemados-12-ninos-por-accidente-del-autobus-en-el-que-viajaban-en-sudafrica\\\/#primaryimage\",\"url\":\"https:\\\/\\\/fuentesfidedignas.com.mx\\\/wp-content\\\/uploads\\\/2024\\\/07\\\/ninos-autobus.jpg\",\"contentUrl\":\"https:\\\/\\\/fuentesfidedignas.com.mx\\\/wp-content\\\/uploads\\\/2024\\\/07\\\/ninos-autobus.jpg\",\"width\":643,\"height\":479},{\"@type\":\"BreadcrumbList\",\"@id\":\"https:\\\/\\\/fuentesfidedignas.com.mx\\\/index.php\\\/2024\\\/07\\\/10\\\/mueren-quemados-12-ninos-por-accidente-del-autobus-en-el-que-viajaban-en-sudafrica\\\/#breadcrumb\",\"itemListElement\":[{\"@type\":\"ListItem\",\"position\":1,\"name\":\"Inicio\",\"item\":\"https:\\\/\\\/fuentesfidedignas.com.mx\\\/\"},{\"@type\":\"ListItem\",\"position\":2,\"name\":\"Mueren quemados 12 ni\u00f1os por accidente del autob\u00fas en el que viajaban en Sud\u00e1frica\"}]},{\"@type\":\"WebSite\",\"@id\":\"https:\\\/\\\/fuentesfidedignas.com.mx\\\/#website\",\"url\":\"https:\\\/\\\/fuentesfidedignas.com.mx\\\/\",\"name\":\"Fuentes Fidedignas\",\"description\":\"Otro sitio realizado con WordPress\",\"publisher\":{\"@id\":\"https:\\\/\\\/fuentesfidedignas.com.mx\\\/#organization\"},\"potentialAction\":[{\"@type\":\"SearchAction\",\"target\":{\"@type\":\"EntryPoint\",\"urlTemplate\":\"https:\\\/\\\/fuentesfidedignas.com.mx\\\/?s={search_term_string}\"},\"query-input\":{\"@type\":\"PropertyValueSpecification\",\"valueRequired\":true,\"valueName\":\"search_term_string\"}}],\"inLanguage\":\"es\"},{\"@type\":\"Organization\",\"@id\":\"https:\\\/\\\/fuentesfidedignas.com.mx\\\/#organization\",\"name\":\"Fuentes Fidedignas\",\"url\":\"https:\\\/\\\/fuentesfidedignas.com.mx\\\/\",\"logo\":{\"@type\":\"ImageObject\",\"inLanguage\":\"es\",\"@id\":\"https:\\\/\\\/fuentesfidedignas.com.mx\\\/#\\\/schema\\\/logo\\\/image\\\/\",\"url\":\"https:\\\/\\\/fuentesfidedignas.com.mx\\\/wp-content\\\/uploads\\\/2021\\\/04\\\/logo-retina.png\",\"contentUrl\":\"https:\\\/\\\/fuentesfidedignas.com.mx\\\/wp-content\\\/uploads\\\/2021\\\/04\\\/logo-retina.png\",\"width\":280,\"height\":51,\"caption\":\"Fuentes Fidedignas\"},\"image\":{\"@id\":\"https:\\\/\\\/fuentesfidedignas.com.mx\\\/#\\\/schema\\\/logo\\\/image\\\/\"},\"sameAs\":[\"https:\\\/\\\/www.facebook.com\\\/Fuentes-Fidedignas-368234489921644\",\"https:\\\/\\\/x.com\\\/fidedignas\"]},{\"@type\":\"Person\",\"@id\":\"https:\\\/\\\/fuentesfidedignas.com.mx\\\/#\\\/schema\\\/person\\\/1827b38c6cf89e1d6cc7d78ca3fae732\",\"name\":\"AFP\",\"image\":{\"@type\":\"ImageObject\",\"inLanguage\":\"es\",\"@id\":\"https:\\\/\\\/secure.gravatar.com\\\/avatar\\\/236827d2ee9bf15e1ea99e0c1cd1b467cffa55e324d177638d0f8de7950cbae6?s=96&d=mm&r=g\",\"url\":\"https:\\\/\\\/secure.gravatar.com\\\/avatar\\\/236827d2ee9bf15e1ea99e0c1cd1b467cffa55e324d177638d0f8de7950cbae6?s=96&d=mm&r=g\",\"contentUrl\":\"https:\\\/\\\/secure.gravatar.com\\\/avatar\\\/236827d2ee9bf15e1ea99e0c1cd1b467cffa55e324d177638d0f8de7950cbae6?s=96&d=mm&r=g\",\"caption\":\"AFP\"},\"url\":\"https:\\\/\\\/fuentesfidedignas.com.mx\\\/index.php\\\/author\\\/afp\\\/\"}]}<\/script>\n<!-- \/ Yoast SEO plugin. -->","yoast_head_json":{"title":"Mueren quemados 12 ni\u00f1os por accidente del autob\u00fas en el que viajaban en Sud\u00e1frica - Fuentes Fidedignas","robots":{"index":"index","follow":"follow","max-snippet":"max-snippet:-1","max-image-preview":"max-image-preview:large","max-video-preview":"max-video-preview:-1"},"canonical":"https:\/\/fuentesfidedignas.com.mx\/index.php\/2024\/07\/10\/mueren-quemados-12-ninos-por-accidente-del-autobus-en-el-que-viajaban-en-sudafrica\/","og_locale":"es_MX","og_type":"article","og_title":"Mueren quemados 12 ni\u00f1os por accidente del autob\u00fas en el que viajaban en Sud\u00e1frica - Fuentes Fidedignas","og_description":"El veh\u00edculo impact\u00f3 contra otro y fue consumido por las llamas. Al menos 12 ni\u00f1os murieron en Sud\u00e1frica cuando el minibus que les llevaba a la escuela cerca de Johannesburgo volc\u00f3 y se incendi\u00f3 tras chocar con otro veh\u00edculo, declar\u00f3 el gobierno local. El conductor del minibus tambi\u00e9n muri\u00f3 y otros siete ni\u00f1os fueron trasladados [&hellip;]","og_url":"https:\/\/fuentesfidedignas.com.mx\/index.php\/2024\/07\/10\/mueren-quemados-12-ninos-por-accidente-del-autobus-en-el-que-viajaban-en-sudafrica\/","og_site_name":"Fuentes Fidedignas","article_publisher":"https:\/\/www.facebook.com\/Fuentes-Fidedignas-368234489921644","article_published_time":"2024-07-10T15:05:45+00:00","article_modified_time":"2024-07-10T15:07:16+00:00","og_image":[{"width":643,"height":479,"url":"https:\/\/fuentesfidedignas.com.mx\/wp-content\/uploads\/2024\/07\/ninos-autobus.jpg","type":"image\/jpeg"}],"author":"AFP","twitter_card":"summary_large_image","twitter_creator":"@fidedignas","twitter_site":"@fidedignas","twitter_misc":{"Escrito por":"AFP","Tiempo de lectura":"2 minutos"},"schema":{"@context":"https:\/\/schema.org","@graph":[{"@type":"Article","@id":"https:\/\/fuentesfidedignas.com.mx\/index.php\/2024\/07\/10\/mueren-quemados-12-ninos-por-accidente-del-autobus-en-el-que-viajaban-en-sudafrica\/#article","isPartOf":{"@id":"https:\/\/fuentesfidedignas.com.mx\/index.php\/2024\/07\/10\/mueren-quemados-12-ninos-por-accidente-del-autobus-en-el-que-viajaban-en-sudafrica\/"},"author":{"name":"AFP","@id":"https:\/\/fuentesfidedignas.com.mx\/#\/schema\/person\/1827b38c6cf89e1d6cc7d78ca3fae732"},"headline":"Mueren quemados 12 ni\u00f1os por accidente del autob\u00fas en el que viajaban en Sud\u00e1frica","datePublished":"2024-07-10T15:05:45+00:00","dateModified":"2024-07-10T15:07:16+00:00","mainEntityOfPage":{"@id":"https:\/\/fuentesfidedignas.com.mx\/index.php\/2024\/07\/10\/mueren-quemados-12-ninos-por-accidente-del-autobus-en-el-que-viajaban-en-sudafrica\/"},"wordCount":340,"commentCount":0,"publisher":{"@id":"https:\/\/fuentesfidedignas.com.mx\/#organization"},"image":{"@id":"https:\/\/fuentesfidedignas.com.mx\/index.php\/2024\/07\/10\/mueren-quemados-12-ninos-por-accidente-del-autobus-en-el-que-viajaban-en-sudafrica\/#primaryimage"},"thumbnailUrl":"https:\/\/fuentesfidedignas.com.mx\/wp-content\/uploads\/2024\/07\/ninos-autobus.jpg","articleSection":["NOTICIAS NACIONALES"],"inLanguage":"es","potentialAction":[{"@type":"CommentAction","name":"Comment","target":["https:\/\/fuentesfidedignas.com.mx\/index.php\/2024\/07\/10\/mueren-quemados-12-ninos-por-accidente-del-autobus-en-el-que-viajaban-en-sudafrica\/#respond"]}]},{"@type":"WebPage","@id":"https:\/\/fuentesfidedignas.com.mx\/index.php\/2024\/07\/10\/mueren-quemados-12-ninos-por-accidente-del-autobus-en-el-que-viajaban-en-sudafrica\/","url":"https:\/\/fuentesfidedignas.com.mx\/index.php\/2024\/07\/10\/mueren-quemados-12-ninos-por-accidente-del-autobus-en-el-que-viajaban-en-sudafrica\/","name":"Mueren quemados 12 ni\u00f1os por accidente del autob\u00fas en el que viajaban en Sud\u00e1frica - Fuentes Fidedignas","isPartOf":{"@id":"https:\/\/fuentesfidedignas.com.mx\/#website"},"primaryImageOfPage":{"@id":"https:\/\/fuentesfidedignas.com.mx\/index.php\/2024\/07\/10\/mueren-quemados-12-ninos-por-accidente-del-autobus-en-el-que-viajaban-en-sudafrica\/#primaryimage"},"image":{"@id":"https:\/\/fuentesfidedignas.com.mx\/index.php\/2024\/07\/10\/mueren-quemados-12-ninos-por-accidente-del-autobus-en-el-que-viajaban-en-sudafrica\/#primaryimage"},"thumbnailUrl":"https:\/\/fuentesfidedignas.com.mx\/wp-content\/uploads\/2024\/07\/ninos-autobus.jpg","datePublished":"2024-07-10T15:05:45+00:00","dateModified":"2024-07-10T15:07:16+00:00","breadcrumb":{"@id":"https:\/\/fuentesfidedignas.com.mx\/index.php\/2024\/07\/10\/mueren-quemados-12-ninos-por-accidente-del-autobus-en-el-que-viajaban-en-sudafrica\/#breadcrumb"},"inLanguage":"es","potentialAction":[{"@type":"ReadAction","target":["https:\/\/fuentesfidedignas.com.mx\/index.php\/2024\/07\/10\/mueren-quemados-12-ninos-por-accidente-del-autobus-en-el-que-viajaban-en-sudafrica\/"]}]},{"@type":"ImageObject","inLanguage":"es","@id":"https:\/\/fuentesfidedignas.com.mx\/index.php\/2024\/07\/10\/mueren-quemados-12-ninos-por-accidente-del-autobus-en-el-que-viajaban-en-sudafrica\/#primaryimage","url":"https:\/\/fuentesfidedignas.com.mx\/wp-content\/uploads\/2024\/07\/ninos-autobus.jpg","contentUrl":"https:\/\/fuentesfidedignas.com.mx\/wp-content\/uploads\/2024\/07\/ninos-autobus.jpg","width":643,"height":479},{"@type":"BreadcrumbList","@id":"https:\/\/fuentesfidedignas.com.mx\/index.php\/2024\/07\/10\/mueren-quemados-12-ninos-por-accidente-del-autobus-en-el-que-viajaban-en-sudafrica\/#breadcrumb","itemListElement":[{"@type":"ListItem","position":1,"name":"Inicio","item":"https:\/\/fuentesfidedignas.com.mx\/"},{"@type":"ListItem","position":2,"name":"Mueren quemados 12 ni\u00f1os por accidente del autob\u00fas en el que viajaban en Sud\u00e1frica"}]},{"@type":"WebSite","@id":"https:\/\/fuentesfidedignas.com.mx\/#website","url":"https:\/\/fuentesfidedignas.com.mx\/","name":"Fuentes Fidedignas","description":"Otro sitio realizado con WordPress","publisher":{"@id":"https:\/\/fuentesfidedignas.com.mx\/#organization"},"potentialAction":[{"@type":"SearchAction","target":{"@type":"EntryPoint","urlTemplate":"https:\/\/fuentesfidedignas.com.mx\/?s={search_term_string}"},"query-input":{"@type":"PropertyValueSpecification","valueRequired":true,"valueName":"search_term_string"}}],"inLanguage":"es"},{"@type":"Organization","@id":"https:\/\/fuentesfidedignas.com.mx\/#organization","name":"Fuentes Fidedignas","url":"https:\/\/fuentesfidedignas.com.mx\/","logo":{"@type":"ImageObject","inLanguage":"es","@id":"https:\/\/fuentesfidedignas.com.mx\/#\/schema\/logo\/image\/","url":"https:\/\/fuentesfidedignas.com.mx\/wp-content\/uploads\/2021\/04\/logo-retina.png","contentUrl":"https:\/\/fuentesfidedignas.com.mx\/wp-content\/uploads\/2021\/04\/logo-retina.png","width":280,"height":51,"caption":"Fuentes Fidedignas"},"image":{"@id":"https:\/\/fuentesfidedignas.com.mx\/#\/schema\/logo\/image\/"},"sameAs":["https:\/\/www.facebook.com\/Fuentes-Fidedignas-368234489921644","https:\/\/x.com\/fidedignas"]},{"@type":"Person","@id":"https:\/\/fuentesfidedignas.com.mx\/#\/schema\/person\/1827b38c6cf89e1d6cc7d78ca3fae732","name":"AFP","image":{"@type":"ImageObject","inLanguage":"es","@id":"https:\/\/secure.gravatar.com\/avatar\/236827d2ee9bf15e1ea99e0c1cd1b467cffa55e324d177638d0f8de7950cbae6?s=96&d=mm&r=g","url":"https:\/\/secure.gravatar.com\/avatar\/236827d2ee9bf15e1ea99e0c1cd1b467cffa55e324d177638d0f8de7950cbae6?s=96&d=mm&r=g","contentUrl":"https:\/\/secure.gravatar.com\/avatar\/236827d2ee9bf15e1ea99e0c1cd1b467cffa55e324d177638d0f8de7950cbae6?s=96&d=mm&r=g","caption":"AFP"},"url":"https:\/\/fuentesfidedignas.com.mx\/index.php\/author\/afp\/"}]}},"_links":{"self":[{"href":"https:\/\/fuentesfidedignas.com.mx\/index.php\/wp-json\/wp\/v2\/posts\/86125","targetHints":{"allow":["GET"]}}],"collection":[{"href":"https:\/\/fuentesfidedignas.com.mx\/index.php\/wp-json\/wp\/v2\/posts"}],"about":[{"href":"https:\/\/fuentesfidedignas.com.mx\/index.php\/wp-json\/wp\/v2\/types\/post"}],"author":[{"embeddable":true,"href":"https:\/\/fuentesfidedignas.com.mx\/index.php\/wp-json\/wp\/v2\/users\/12"}],"replies":[{"embeddable":true,"href":"https:\/\/fuentesfidedignas.com.mx\/index.php\/wp-json\/wp\/v2\/comments?post=86125"}],"version-history":[{"count":2,"href":"https:\/\/fuentesfidedignas.com.mx\/index.php\/wp-json\/wp\/v2\/posts\/86125\/revisions"}],"predecessor-version":[{"id":86129,"href":"https:\/\/fuentesfidedignas.com.mx\/index.php\/wp-json\/wp\/v2\/posts\/86125\/revisions\/86129"}],"wp:featuredmedia":[{"embeddable":true,"href":"https:\/\/fuentesfidedignas.com.mx\/index.php\/wp-json\/wp\/v2\/media\/86127"}],"wp:attachment":[{"href":"https:\/\/fuentesfidedignas.com.mx\/index.php\/wp-json\/wp\/v2\/media?parent=86125"}],"wp:term":[{"taxonomy":"category","embeddable":true,"href":"https:\/\/fuentesfidedignas.com.mx\/index.php\/wp-json\/wp\/v2\/categories?post=86125"},{"taxonomy":"post_tag","embeddable":true,"href":"https:\/\/fuentesfidedignas.com.mx\/index.php\/wp-json\/wp\/v2\/tags?post=86125"}],"curies":[{"name":"wp","href":"https:\/\/api.w.org\/{rel}","templated":true}]}}