{"id":85839,"date":"2024-07-06T09:23:01","date_gmt":"2024-07-06T16:23:01","guid":{"rendered":"https:\/\/fuentesfidedignas.com.mx\/?p=85839"},"modified":"2024-07-06T09:23:01","modified_gmt":"2024-07-06T16:23:01","slug":"policia-halla-a-62-migrantes-africanos-en-culiacan-los-repatriaran-desde-mazatlan","status":"publish","type":"post","link":"https:\/\/fuentesfidedignas.com.mx\/index.php\/2024\/07\/06\/policia-halla-a-62-migrantes-africanos-en-culiacan-los-repatriaran-desde-mazatlan\/","title":{"rendered":"Polic\u00eda halla a 62 migrantes africanos en Culiac\u00e1n; los repatriar\u00e1n desde Mazatl\u00e1n"},"content":{"rendered":"\n<p><strong><em>La Polic\u00eda Estatal Preventiva (PEP) de Sinaloa detect\u00f3 la presencia de 62 migrantes africanos en el Campo El Diez, al sur de la capital Culiac\u00e1n.<\/em><\/strong><\/p>\n\n\n\n<p>Agentes de la Polic\u00eda Estatal Preventiva (PEP) de Sinaloa pusieron a disposici\u00f3n del Instituto Nacional de Migraci\u00f3n (INM) a un grupo de 62 migrantes africanos indocumentados en el Campo El Diez, al sur de la capital estatal Culiac\u00e1n.<\/p>\n\n\n\n<p>El grupo, compuesto por 51 hombres, 8 mujeres y 3 ni\u00f1os, viajaba en un autob\u00fas con aparente destino a Estados Unidos; el incidente ocurri\u00f3 cuando el autob\u00fas en el que se transportaban los migrantes se descompuso.<\/p>\n\n\n\n<p><strong>Migrantes africanos en Sinaloa<\/strong><br><em>Ante la situaci\u00f3n, los extranjeros alquilaron una vivienda mientras esperaban la reparaci\u00f3n del veh\u00edculo.<\/em><\/p>\n\n\n\n<p>Fue durante un recorrido de vigilancia rutinaria que agentes de la Polic\u00eda de Sinaloa se percataron de la presencia de los migrantes africanos, procediendo a notificar al INM.<\/p>\n\n\n\n<p>Tras la intervenci\u00f3n de las autoridades migratorias, se determin\u00f3 que los 62 migrantes africanos ser\u00e1n trasladados a Mazatl\u00e1n, donde se llevar\u00e1n a cabo los procedimientos necesarios para su repatriaci\u00f3n.<\/p>\n\n\n\n<p>Los migrantes&nbsp;se encontraban en buen estado de salud al momento de su detenci\u00f3n y son&nbsp;originarios de los siguientes pa\u00edses de \u00c1frica.<\/p>\n\n\n\n<ul class=\"wp-block-list\">\n<li>Togo.<\/li>\n\n\n\n<li>Sud\u00e1n.<\/li>\n\n\n\n<li>Guinea.<\/li>\n\n\n\n<li>Ghana.<\/li>\n\n\n\n<li>Mauritania.<\/li>\n\n\n\n<li>Mali.<\/li>\n<\/ul>\n","protected":false},"excerpt":{"rendered":"<p>La Polic\u00eda Estatal Preventiva (PEP) de Sinaloa detect\u00f3 la presencia de 62 migrantes africanos en el Campo El Diez, al sur de la capital Culiac\u00e1n. Agentes de la Polic\u00eda Estatal Preventiva (PEP) de Sinaloa pusieron a disposici\u00f3n del Instituto Nacional de Migraci\u00f3n (INM) a un grupo de 62 migrantes africanos indocumentados en el Campo El [&hellip;]<\/p>\n","protected":false},"author":9,"featured_media":85840,"comment_status":"open","ping_status":"open","sticky":false,"template":"","format":"standard","meta":{"tdm_status":"","tdm_grid_status":"","footnotes":""},"categories":[37],"tags":[],"class_list":{"0":"post-85839","1":"post","2":"type-post","3":"status-publish","4":"format-standard","5":"has-post-thumbnail","7":"category-nota-principal"},"yoast_head":"<!-- This site is optimized with the Yoast SEO plugin v27.5 - https:\/\/yoast.com\/product\/yoast-seo-wordpress\/ -->\n<title>Polic\u00eda halla a 62 migrantes africanos en Culiac\u00e1n; los repatriar\u00e1n desde Mazatl\u00e1n - Fuentes Fidedignas<\/title>\n<meta name=\"robots\" content=\"index, follow, max-snippet:-1, max-image-preview:large, max-video-preview:-1\" \/>\n<link rel=\"canonical\" href=\"https:\/\/fuentesfidedignas.com.mx\/index.php\/2024\/07\/06\/policia-halla-a-62-migrantes-africanos-en-culiacan-los-repatriaran-desde-mazatlan\/\" \/>\n<meta property=\"og:locale\" content=\"es_MX\" \/>\n<meta property=\"og:type\" content=\"article\" \/>\n<meta property=\"og:title\" content=\"Polic\u00eda halla a 62 migrantes africanos en Culiac\u00e1n; los repatriar\u00e1n desde Mazatl\u00e1n - Fuentes Fidedignas\" \/>\n<meta property=\"og:description\" content=\"La Polic\u00eda Estatal Preventiva (PEP) de Sinaloa detect\u00f3 la presencia de 62 migrantes africanos en el Campo El Diez, al sur de la capital Culiac\u00e1n. Agentes de la Polic\u00eda Estatal Preventiva (PEP) de Sinaloa pusieron a disposici\u00f3n del Instituto Nacional de Migraci\u00f3n (INM) a un grupo de 62 migrantes africanos indocumentados en el Campo El [&hellip;]\" \/>\n<meta property=\"og:url\" content=\"https:\/\/fuentesfidedignas.com.mx\/index.php\/2024\/07\/06\/policia-halla-a-62-migrantes-africanos-en-culiacan-los-repatriaran-desde-mazatlan\/\" \/>\n<meta property=\"og:site_name\" content=\"Fuentes Fidedignas\" \/>\n<meta property=\"article:publisher\" content=\"https:\/\/www.facebook.com\/Fuentes-Fidedignas-368234489921644\" \/>\n<meta property=\"article:published_time\" content=\"2024-07-06T16:23:01+00:00\" \/>\n<meta property=\"og:image\" content=\"https:\/\/fuentesfidedignas.com.mx\/wp-content\/uploads\/2024\/07\/africanos-en-culiacan.jpg\" \/>\n\t<meta property=\"og:image:width\" content=\"650\" \/>\n\t<meta property=\"og:image:height\" content=\"371\" \/>\n\t<meta property=\"og:image:type\" content=\"image\/jpeg\" \/>\n<meta name=\"author\" content=\"Milenio\" \/>\n<meta name=\"twitter:card\" content=\"summary_large_image\" \/>\n<meta name=\"twitter:creator\" content=\"@fidedignas\" \/>\n<meta name=\"twitter:site\" content=\"@fidedignas\" \/>\n<meta name=\"twitter:label1\" content=\"Escrito por\" \/>\n\t<meta name=\"twitter:data1\" content=\"Milenio\" \/>\n\t<meta name=\"twitter:label2\" content=\"Tiempo de lectura\" \/>\n\t<meta name=\"twitter:data2\" content=\"2 minutos\" \/>\n<script type=\"application\/ld+json\" class=\"yoast-schema-graph\">{\"@context\":\"https:\\\/\\\/schema.org\",\"@graph\":[{\"@type\":\"Article\",\"@id\":\"https:\\\/\\\/fuentesfidedignas.com.mx\\\/index.php\\\/2024\\\/07\\\/06\\\/policia-halla-a-62-migrantes-africanos-en-culiacan-los-repatriaran-desde-mazatlan\\\/#article\",\"isPartOf\":{\"@id\":\"https:\\\/\\\/fuentesfidedignas.com.mx\\\/index.php\\\/2024\\\/07\\\/06\\\/policia-halla-a-62-migrantes-africanos-en-culiacan-los-repatriaran-desde-mazatlan\\\/\"},\"author\":{\"name\":\"Milenio\",\"@id\":\"https:\\\/\\\/fuentesfidedignas.com.mx\\\/#\\\/schema\\\/person\\\/47ec0135738f4b0c7495f06a77a2c976\"},\"headline\":\"Polic\u00eda halla a 62 migrantes africanos en Culiac\u00e1n; los repatriar\u00e1n desde Mazatl\u00e1n\",\"datePublished\":\"2024-07-06T16:23:01+00:00\",\"mainEntityOfPage\":{\"@id\":\"https:\\\/\\\/fuentesfidedignas.com.mx\\\/index.php\\\/2024\\\/07\\\/06\\\/policia-halla-a-62-migrantes-africanos-en-culiacan-los-repatriaran-desde-mazatlan\\\/\"},\"wordCount\":235,\"commentCount\":0,\"publisher\":{\"@id\":\"https:\\\/\\\/fuentesfidedignas.com.mx\\\/#organization\"},\"image\":{\"@id\":\"https:\\\/\\\/fuentesfidedignas.com.mx\\\/index.php\\\/2024\\\/07\\\/06\\\/policia-halla-a-62-migrantes-africanos-en-culiacan-los-repatriaran-desde-mazatlan\\\/#primaryimage\"},\"thumbnailUrl\":\"https:\\\/\\\/fuentesfidedignas.com.mx\\\/wp-content\\\/uploads\\\/2024\\\/07\\\/africanos-en-culiacan.jpg\",\"articleSection\":[\"NOTA PRINCIPAL\"],\"inLanguage\":\"es\",\"potentialAction\":[{\"@type\":\"CommentAction\",\"name\":\"Comment\",\"target\":[\"https:\\\/\\\/fuentesfidedignas.com.mx\\\/index.php\\\/2024\\\/07\\\/06\\\/policia-halla-a-62-migrantes-africanos-en-culiacan-los-repatriaran-desde-mazatlan\\\/#respond\"]}]},{\"@type\":\"WebPage\",\"@id\":\"https:\\\/\\\/fuentesfidedignas.com.mx\\\/index.php\\\/2024\\\/07\\\/06\\\/policia-halla-a-62-migrantes-africanos-en-culiacan-los-repatriaran-desde-mazatlan\\\/\",\"url\":\"https:\\\/\\\/fuentesfidedignas.com.mx\\\/index.php\\\/2024\\\/07\\\/06\\\/policia-halla-a-62-migrantes-africanos-en-culiacan-los-repatriaran-desde-mazatlan\\\/\",\"name\":\"Polic\u00eda halla a 62 migrantes africanos en Culiac\u00e1n; los repatriar\u00e1n desde Mazatl\u00e1n - Fuentes Fidedignas\",\"isPartOf\":{\"@id\":\"https:\\\/\\\/fuentesfidedignas.com.mx\\\/#website\"},\"primaryImageOfPage\":{\"@id\":\"https:\\\/\\\/fuentesfidedignas.com.mx\\\/index.php\\\/2024\\\/07\\\/06\\\/policia-halla-a-62-migrantes-africanos-en-culiacan-los-repatriaran-desde-mazatlan\\\/#primaryimage\"},\"image\":{\"@id\":\"https:\\\/\\\/fuentesfidedignas.com.mx\\\/index.php\\\/2024\\\/07\\\/06\\\/policia-halla-a-62-migrantes-africanos-en-culiacan-los-repatriaran-desde-mazatlan\\\/#primaryimage\"},\"thumbnailUrl\":\"https:\\\/\\\/fuentesfidedignas.com.mx\\\/wp-content\\\/uploads\\\/2024\\\/07\\\/africanos-en-culiacan.jpg\",\"datePublished\":\"2024-07-06T16:23:01+00:00\",\"breadcrumb\":{\"@id\":\"https:\\\/\\\/fuentesfidedignas.com.mx\\\/index.php\\\/2024\\\/07\\\/06\\\/policia-halla-a-62-migrantes-africanos-en-culiacan-los-repatriaran-desde-mazatlan\\\/#breadcrumb\"},\"inLanguage\":\"es\",\"potentialAction\":[{\"@type\":\"ReadAction\",\"target\":[\"https:\\\/\\\/fuentesfidedignas.com.mx\\\/index.php\\\/2024\\\/07\\\/06\\\/policia-halla-a-62-migrantes-africanos-en-culiacan-los-repatriaran-desde-mazatlan\\\/\"]}]},{\"@type\":\"ImageObject\",\"inLanguage\":\"es\",\"@id\":\"https:\\\/\\\/fuentesfidedignas.com.mx\\\/index.php\\\/2024\\\/07\\\/06\\\/policia-halla-a-62-migrantes-africanos-en-culiacan-los-repatriaran-desde-mazatlan\\\/#primaryimage\",\"url\":\"https:\\\/\\\/fuentesfidedignas.com.mx\\\/wp-content\\\/uploads\\\/2024\\\/07\\\/africanos-en-culiacan.jpg\",\"contentUrl\":\"https:\\\/\\\/fuentesfidedignas.com.mx\\\/wp-content\\\/uploads\\\/2024\\\/07\\\/africanos-en-culiacan.jpg\",\"width\":650,\"height\":371},{\"@type\":\"BreadcrumbList\",\"@id\":\"https:\\\/\\\/fuentesfidedignas.com.mx\\\/index.php\\\/2024\\\/07\\\/06\\\/policia-halla-a-62-migrantes-africanos-en-culiacan-los-repatriaran-desde-mazatlan\\\/#breadcrumb\",\"itemListElement\":[{\"@type\":\"ListItem\",\"position\":1,\"name\":\"Inicio\",\"item\":\"https:\\\/\\\/fuentesfidedignas.com.mx\\\/\"},{\"@type\":\"ListItem\",\"position\":2,\"name\":\"Polic\u00eda halla a 62 migrantes africanos en Culiac\u00e1n; los repatriar\u00e1n desde Mazatl\u00e1n\"}]},{\"@type\":\"WebSite\",\"@id\":\"https:\\\/\\\/fuentesfidedignas.com.mx\\\/#website\",\"url\":\"https:\\\/\\\/fuentesfidedignas.com.mx\\\/\",\"name\":\"Fuentes Fidedignas\",\"description\":\"Otro sitio realizado con WordPress\",\"publisher\":{\"@id\":\"https:\\\/\\\/fuentesfidedignas.com.mx\\\/#organization\"},\"potentialAction\":[{\"@type\":\"SearchAction\",\"target\":{\"@type\":\"EntryPoint\",\"urlTemplate\":\"https:\\\/\\\/fuentesfidedignas.com.mx\\\/?s={search_term_string}\"},\"query-input\":{\"@type\":\"PropertyValueSpecification\",\"valueRequired\":true,\"valueName\":\"search_term_string\"}}],\"inLanguage\":\"es\"},{\"@type\":\"Organization\",\"@id\":\"https:\\\/\\\/fuentesfidedignas.com.mx\\\/#organization\",\"name\":\"Fuentes Fidedignas\",\"url\":\"https:\\\/\\\/fuentesfidedignas.com.mx\\\/\",\"logo\":{\"@type\":\"ImageObject\",\"inLanguage\":\"es\",\"@id\":\"https:\\\/\\\/fuentesfidedignas.com.mx\\\/#\\\/schema\\\/logo\\\/image\\\/\",\"url\":\"https:\\\/\\\/fuentesfidedignas.com.mx\\\/wp-content\\\/uploads\\\/2021\\\/04\\\/logo-retina.png\",\"contentUrl\":\"https:\\\/\\\/fuentesfidedignas.com.mx\\\/wp-content\\\/uploads\\\/2021\\\/04\\\/logo-retina.png\",\"width\":280,\"height\":51,\"caption\":\"Fuentes Fidedignas\"},\"image\":{\"@id\":\"https:\\\/\\\/fuentesfidedignas.com.mx\\\/#\\\/schema\\\/logo\\\/image\\\/\"},\"sameAs\":[\"https:\\\/\\\/www.facebook.com\\\/Fuentes-Fidedignas-368234489921644\",\"https:\\\/\\\/x.com\\\/fidedignas\"]},{\"@type\":\"Person\",\"@id\":\"https:\\\/\\\/fuentesfidedignas.com.mx\\\/#\\\/schema\\\/person\\\/47ec0135738f4b0c7495f06a77a2c976\",\"name\":\"Milenio\",\"image\":{\"@type\":\"ImageObject\",\"inLanguage\":\"es\",\"@id\":\"https:\\\/\\\/secure.gravatar.com\\\/avatar\\\/acabf7b54753e51c2c76457954577c236b3b764789b19879565769739d1e4a75?s=96&d=mm&r=g\",\"url\":\"https:\\\/\\\/secure.gravatar.com\\\/avatar\\\/acabf7b54753e51c2c76457954577c236b3b764789b19879565769739d1e4a75?s=96&d=mm&r=g\",\"contentUrl\":\"https:\\\/\\\/secure.gravatar.com\\\/avatar\\\/acabf7b54753e51c2c76457954577c236b3b764789b19879565769739d1e4a75?s=96&d=mm&r=g\",\"caption\":\"Milenio\"},\"url\":\"https:\\\/\\\/fuentesfidedignas.com.mx\\\/index.php\\\/author\\\/milenio\\\/\"}]}<\/script>\n<!-- \/ Yoast SEO plugin. -->","yoast_head_json":{"title":"Polic\u00eda halla a 62 migrantes africanos en Culiac\u00e1n; los repatriar\u00e1n desde Mazatl\u00e1n - Fuentes Fidedignas","robots":{"index":"index","follow":"follow","max-snippet":"max-snippet:-1","max-image-preview":"max-image-preview:large","max-video-preview":"max-video-preview:-1"},"canonical":"https:\/\/fuentesfidedignas.com.mx\/index.php\/2024\/07\/06\/policia-halla-a-62-migrantes-africanos-en-culiacan-los-repatriaran-desde-mazatlan\/","og_locale":"es_MX","og_type":"article","og_title":"Polic\u00eda halla a 62 migrantes africanos en Culiac\u00e1n; los repatriar\u00e1n desde Mazatl\u00e1n - Fuentes Fidedignas","og_description":"La Polic\u00eda Estatal Preventiva (PEP) de Sinaloa detect\u00f3 la presencia de 62 migrantes africanos en el Campo El Diez, al sur de la capital Culiac\u00e1n. Agentes de la Polic\u00eda Estatal Preventiva (PEP) de Sinaloa pusieron a disposici\u00f3n del Instituto Nacional de Migraci\u00f3n (INM) a un grupo de 62 migrantes africanos indocumentados en el Campo El [&hellip;]","og_url":"https:\/\/fuentesfidedignas.com.mx\/index.php\/2024\/07\/06\/policia-halla-a-62-migrantes-africanos-en-culiacan-los-repatriaran-desde-mazatlan\/","og_site_name":"Fuentes Fidedignas","article_publisher":"https:\/\/www.facebook.com\/Fuentes-Fidedignas-368234489921644","article_published_time":"2024-07-06T16:23:01+00:00","og_image":[{"width":650,"height":371,"url":"https:\/\/fuentesfidedignas.com.mx\/wp-content\/uploads\/2024\/07\/africanos-en-culiacan.jpg","type":"image\/jpeg"}],"author":"Milenio","twitter_card":"summary_large_image","twitter_creator":"@fidedignas","twitter_site":"@fidedignas","twitter_misc":{"Escrito por":"Milenio","Tiempo de lectura":"2 minutos"},"schema":{"@context":"https:\/\/schema.org","@graph":[{"@type":"Article","@id":"https:\/\/fuentesfidedignas.com.mx\/index.php\/2024\/07\/06\/policia-halla-a-62-migrantes-africanos-en-culiacan-los-repatriaran-desde-mazatlan\/#article","isPartOf":{"@id":"https:\/\/fuentesfidedignas.com.mx\/index.php\/2024\/07\/06\/policia-halla-a-62-migrantes-africanos-en-culiacan-los-repatriaran-desde-mazatlan\/"},"author":{"name":"Milenio","@id":"https:\/\/fuentesfidedignas.com.mx\/#\/schema\/person\/47ec0135738f4b0c7495f06a77a2c976"},"headline":"Polic\u00eda halla a 62 migrantes africanos en Culiac\u00e1n; los repatriar\u00e1n desde Mazatl\u00e1n","datePublished":"2024-07-06T16:23:01+00:00","mainEntityOfPage":{"@id":"https:\/\/fuentesfidedignas.com.mx\/index.php\/2024\/07\/06\/policia-halla-a-62-migrantes-africanos-en-culiacan-los-repatriaran-desde-mazatlan\/"},"wordCount":235,"commentCount":0,"publisher":{"@id":"https:\/\/fuentesfidedignas.com.mx\/#organization"},"image":{"@id":"https:\/\/fuentesfidedignas.com.mx\/index.php\/2024\/07\/06\/policia-halla-a-62-migrantes-africanos-en-culiacan-los-repatriaran-desde-mazatlan\/#primaryimage"},"thumbnailUrl":"https:\/\/fuentesfidedignas.com.mx\/wp-content\/uploads\/2024\/07\/africanos-en-culiacan.jpg","articleSection":["NOTA PRINCIPAL"],"inLanguage":"es","potentialAction":[{"@type":"CommentAction","name":"Comment","target":["https:\/\/fuentesfidedignas.com.mx\/index.php\/2024\/07\/06\/policia-halla-a-62-migrantes-africanos-en-culiacan-los-repatriaran-desde-mazatlan\/#respond"]}]},{"@type":"WebPage","@id":"https:\/\/fuentesfidedignas.com.mx\/index.php\/2024\/07\/06\/policia-halla-a-62-migrantes-africanos-en-culiacan-los-repatriaran-desde-mazatlan\/","url":"https:\/\/fuentesfidedignas.com.mx\/index.php\/2024\/07\/06\/policia-halla-a-62-migrantes-africanos-en-culiacan-los-repatriaran-desde-mazatlan\/","name":"Polic\u00eda halla a 62 migrantes africanos en Culiac\u00e1n; los repatriar\u00e1n desde Mazatl\u00e1n - Fuentes Fidedignas","isPartOf":{"@id":"https:\/\/fuentesfidedignas.com.mx\/#website"},"primaryImageOfPage":{"@id":"https:\/\/fuentesfidedignas.com.mx\/index.php\/2024\/07\/06\/policia-halla-a-62-migrantes-africanos-en-culiacan-los-repatriaran-desde-mazatlan\/#primaryimage"},"image":{"@id":"https:\/\/fuentesfidedignas.com.mx\/index.php\/2024\/07\/06\/policia-halla-a-62-migrantes-africanos-en-culiacan-los-repatriaran-desde-mazatlan\/#primaryimage"},"thumbnailUrl":"https:\/\/fuentesfidedignas.com.mx\/wp-content\/uploads\/2024\/07\/africanos-en-culiacan.jpg","datePublished":"2024-07-06T16:23:01+00:00","breadcrumb":{"@id":"https:\/\/fuentesfidedignas.com.mx\/index.php\/2024\/07\/06\/policia-halla-a-62-migrantes-africanos-en-culiacan-los-repatriaran-desde-mazatlan\/#breadcrumb"},"inLanguage":"es","potentialAction":[{"@type":"ReadAction","target":["https:\/\/fuentesfidedignas.com.mx\/index.php\/2024\/07\/06\/policia-halla-a-62-migrantes-africanos-en-culiacan-los-repatriaran-desde-mazatlan\/"]}]},{"@type":"ImageObject","inLanguage":"es","@id":"https:\/\/fuentesfidedignas.com.mx\/index.php\/2024\/07\/06\/policia-halla-a-62-migrantes-africanos-en-culiacan-los-repatriaran-desde-mazatlan\/#primaryimage","url":"https:\/\/fuentesfidedignas.com.mx\/wp-content\/uploads\/2024\/07\/africanos-en-culiacan.jpg","contentUrl":"https:\/\/fuentesfidedignas.com.mx\/wp-content\/uploads\/2024\/07\/africanos-en-culiacan.jpg","width":650,"height":371},{"@type":"BreadcrumbList","@id":"https:\/\/fuentesfidedignas.com.mx\/index.php\/2024\/07\/06\/policia-halla-a-62-migrantes-africanos-en-culiacan-los-repatriaran-desde-mazatlan\/#breadcrumb","itemListElement":[{"@type":"ListItem","position":1,"name":"Inicio","item":"https:\/\/fuentesfidedignas.com.mx\/"},{"@type":"ListItem","position":2,"name":"Polic\u00eda halla a 62 migrantes africanos en Culiac\u00e1n; los repatriar\u00e1n desde Mazatl\u00e1n"}]},{"@type":"WebSite","@id":"https:\/\/fuentesfidedignas.com.mx\/#website","url":"https:\/\/fuentesfidedignas.com.mx\/","name":"Fuentes Fidedignas","description":"Otro sitio realizado con WordPress","publisher":{"@id":"https:\/\/fuentesfidedignas.com.mx\/#organization"},"potentialAction":[{"@type":"SearchAction","target":{"@type":"EntryPoint","urlTemplate":"https:\/\/fuentesfidedignas.com.mx\/?s={search_term_string}"},"query-input":{"@type":"PropertyValueSpecification","valueRequired":true,"valueName":"search_term_string"}}],"inLanguage":"es"},{"@type":"Organization","@id":"https:\/\/fuentesfidedignas.com.mx\/#organization","name":"Fuentes Fidedignas","url":"https:\/\/fuentesfidedignas.com.mx\/","logo":{"@type":"ImageObject","inLanguage":"es","@id":"https:\/\/fuentesfidedignas.com.mx\/#\/schema\/logo\/image\/","url":"https:\/\/fuentesfidedignas.com.mx\/wp-content\/uploads\/2021\/04\/logo-retina.png","contentUrl":"https:\/\/fuentesfidedignas.com.mx\/wp-content\/uploads\/2021\/04\/logo-retina.png","width":280,"height":51,"caption":"Fuentes Fidedignas"},"image":{"@id":"https:\/\/fuentesfidedignas.com.mx\/#\/schema\/logo\/image\/"},"sameAs":["https:\/\/www.facebook.com\/Fuentes-Fidedignas-368234489921644","https:\/\/x.com\/fidedignas"]},{"@type":"Person","@id":"https:\/\/fuentesfidedignas.com.mx\/#\/schema\/person\/47ec0135738f4b0c7495f06a77a2c976","name":"Milenio","image":{"@type":"ImageObject","inLanguage":"es","@id":"https:\/\/secure.gravatar.com\/avatar\/acabf7b54753e51c2c76457954577c236b3b764789b19879565769739d1e4a75?s=96&d=mm&r=g","url":"https:\/\/secure.gravatar.com\/avatar\/acabf7b54753e51c2c76457954577c236b3b764789b19879565769739d1e4a75?s=96&d=mm&r=g","contentUrl":"https:\/\/secure.gravatar.com\/avatar\/acabf7b54753e51c2c76457954577c236b3b764789b19879565769739d1e4a75?s=96&d=mm&r=g","caption":"Milenio"},"url":"https:\/\/fuentesfidedignas.com.mx\/index.php\/author\/milenio\/"}]}},"_links":{"self":[{"href":"https:\/\/fuentesfidedignas.com.mx\/index.php\/wp-json\/wp\/v2\/posts\/85839","targetHints":{"allow":["GET"]}}],"collection":[{"href":"https:\/\/fuentesfidedignas.com.mx\/index.php\/wp-json\/wp\/v2\/posts"}],"about":[{"href":"https:\/\/fuentesfidedignas.com.mx\/index.php\/wp-json\/wp\/v2\/types\/post"}],"author":[{"embeddable":true,"href":"https:\/\/fuentesfidedignas.com.mx\/index.php\/wp-json\/wp\/v2\/users\/9"}],"replies":[{"embeddable":true,"href":"https:\/\/fuentesfidedignas.com.mx\/index.php\/wp-json\/wp\/v2\/comments?post=85839"}],"version-history":[{"count":1,"href":"https:\/\/fuentesfidedignas.com.mx\/index.php\/wp-json\/wp\/v2\/posts\/85839\/revisions"}],"predecessor-version":[{"id":85841,"href":"https:\/\/fuentesfidedignas.com.mx\/index.php\/wp-json\/wp\/v2\/posts\/85839\/revisions\/85841"}],"wp:featuredmedia":[{"embeddable":true,"href":"https:\/\/fuentesfidedignas.com.mx\/index.php\/wp-json\/wp\/v2\/media\/85840"}],"wp:attachment":[{"href":"https:\/\/fuentesfidedignas.com.mx\/index.php\/wp-json\/wp\/v2\/media?parent=85839"}],"wp:term":[{"taxonomy":"category","embeddable":true,"href":"https:\/\/fuentesfidedignas.com.mx\/index.php\/wp-json\/wp\/v2\/categories?post=85839"},{"taxonomy":"post_tag","embeddable":true,"href":"https:\/\/fuentesfidedignas.com.mx\/index.php\/wp-json\/wp\/v2\/tags?post=85839"}],"curies":[{"name":"wp","href":"https:\/\/api.w.org\/{rel}","templated":true}]}}