{"id":85799,"date":"2024-07-05T15:03:54","date_gmt":"2024-07-05T22:03:54","guid":{"rendered":"https:\/\/fuentesfidedignas.com.mx\/?p=85799"},"modified":"2024-07-06T11:41:40","modified_gmt":"2024-07-06T18:41:40","slug":"tiroteo-al-interior-de-rectoria-de-la-uas-la-victima-seria-el-director-de-comunicacion-social","status":"publish","type":"post","link":"https:\/\/fuentesfidedignas.com.mx\/index.php\/2024\/07\/05\/tiroteo-al-interior-de-rectoria-de-la-uas-la-victima-seria-el-director-de-comunicacion-social\/","title":{"rendered":"Atentan contra director de Comunicaci\u00f3n de la UAS dentro de Rector\u00eda"},"content":{"rendered":"\n<p>Culiac\u00e1n, Sin.- Un atentado a balazos se registr\u00f3 la tarde de este viernes dentro de las instalaciones de Rector\u00eda de la Universidad Aut\u00f3noma de Sinaloa.<\/p>\n\n\n\n<p>Los primeros reportes indican que la v\u00edctima ser\u00eda Arnoldo Valle, director de Comunicaci\u00f3n Social, quien se trasladaba en una camioneta Blazer color blanca.<\/p>\n\n\n\n<p>Se inform\u00f3 que el funcionario intent\u00f3 huir, por lo que se registr\u00f3 una persecuci\u00f3n dentro del estacionamiento y los atacantes le dispararon en repetidas ocasiones para posteriormente huir del lugar.<\/p>\n\n\n\n<p>Al momento se desconoce el estado de salud de empleado universitario.<\/p>\n","protected":false},"excerpt":{"rendered":"<p>Culiac\u00e1n, Sin.- Un atentado a balazos se registr\u00f3 la tarde de este viernes dentro de las instalaciones de Rector\u00eda de la Universidad Aut\u00f3noma de Sinaloa. Los primeros reportes indican que la v\u00edctima ser\u00eda Arnoldo Valle, director de Comunicaci\u00f3n Social, quien se trasladaba en una camioneta Blazer color blanca. Se inform\u00f3 que el funcionario intent\u00f3 huir, [&hellip;]<\/p>\n","protected":false},"author":4,"featured_media":85798,"comment_status":"closed","ping_status":"open","sticky":false,"template":"","format":"standard","meta":{"tdm_status":"","tdm_grid_status":"","footnotes":""},"categories":[38],"tags":[],"class_list":{"0":"post-85799","1":"post","2":"type-post","3":"status-publish","4":"format-standard","5":"has-post-thumbnail","7":"category-noticias-locales"},"yoast_head":"<!-- This site is optimized with the Yoast SEO plugin v27.5 - https:\/\/yoast.com\/product\/yoast-seo-wordpress\/ -->\n<title>Atentan contra director de Comunicaci\u00f3n de la UAS dentro de Rector\u00eda - Fuentes Fidedignas<\/title>\n<meta name=\"robots\" content=\"index, follow, max-snippet:-1, max-image-preview:large, max-video-preview:-1\" \/>\n<link rel=\"canonical\" href=\"https:\/\/fuentesfidedignas.com.mx\/index.php\/2024\/07\/05\/tiroteo-al-interior-de-rectoria-de-la-uas-la-victima-seria-el-director-de-comunicacion-social\/\" \/>\n<meta property=\"og:locale\" content=\"es_MX\" \/>\n<meta property=\"og:type\" content=\"article\" \/>\n<meta property=\"og:title\" content=\"Atentan contra director de Comunicaci\u00f3n de la UAS dentro de Rector\u00eda - Fuentes Fidedignas\" \/>\n<meta property=\"og:description\" content=\"Culiac\u00e1n, Sin.- Un atentado a balazos se registr\u00f3 la tarde de este viernes dentro de las instalaciones de Rector\u00eda de la Universidad Aut\u00f3noma de Sinaloa. Los primeros reportes indican que la v\u00edctima ser\u00eda Arnoldo Valle, director de Comunicaci\u00f3n Social, quien se trasladaba en una camioneta Blazer color blanca. Se inform\u00f3 que el funcionario intent\u00f3 huir, [&hellip;]\" \/>\n<meta property=\"og:url\" content=\"https:\/\/fuentesfidedignas.com.mx\/index.php\/2024\/07\/05\/tiroteo-al-interior-de-rectoria-de-la-uas-la-victima-seria-el-director-de-comunicacion-social\/\" \/>\n<meta property=\"og:site_name\" content=\"Fuentes Fidedignas\" \/>\n<meta property=\"article:publisher\" content=\"https:\/\/www.facebook.com\/Fuentes-Fidedignas-368234489921644\" \/>\n<meta property=\"article:published_time\" content=\"2024-07-05T22:03:54+00:00\" \/>\n<meta property=\"article:modified_time\" content=\"2024-07-06T18:41:40+00:00\" \/>\n<meta property=\"og:image\" content=\"https:\/\/fuentesfidedignas.com.mx\/wp-content\/uploads\/2024\/07\/ec617972-9111-4f8a-acfa-0ae9cdb705d8-1.jpg\" \/>\n\t<meta property=\"og:image:width\" content=\"1280\" \/>\n\t<meta property=\"og:image:height\" content=\"960\" \/>\n\t<meta property=\"og:image:type\" content=\"image\/jpeg\" \/>\n<meta name=\"author\" content=\"Redacci\u00f3n\" \/>\n<meta name=\"twitter:card\" content=\"summary_large_image\" \/>\n<meta name=\"twitter:creator\" content=\"@fidedignas\" \/>\n<meta name=\"twitter:site\" content=\"@fidedignas\" \/>\n<meta name=\"twitter:label1\" content=\"Escrito por\" \/>\n\t<meta name=\"twitter:data1\" content=\"Redacci\u00f3n\" \/>\n\t<meta name=\"twitter:label2\" content=\"Tiempo de lectura\" \/>\n\t<meta name=\"twitter:data2\" content=\"1 minuto\" \/>\n<script type=\"application\/ld+json\" class=\"yoast-schema-graph\">{\"@context\":\"https:\\\/\\\/schema.org\",\"@graph\":[{\"@type\":\"Article\",\"@id\":\"https:\\\/\\\/fuentesfidedignas.com.mx\\\/index.php\\\/2024\\\/07\\\/05\\\/tiroteo-al-interior-de-rectoria-de-la-uas-la-victima-seria-el-director-de-comunicacion-social\\\/#article\",\"isPartOf\":{\"@id\":\"https:\\\/\\\/fuentesfidedignas.com.mx\\\/index.php\\\/2024\\\/07\\\/05\\\/tiroteo-al-interior-de-rectoria-de-la-uas-la-victima-seria-el-director-de-comunicacion-social\\\/\"},\"author\":{\"name\":\"Redacci\u00f3n\",\"@id\":\"https:\\\/\\\/fuentesfidedignas.com.mx\\\/#\\\/schema\\\/person\\\/331be9283d37198e2acd5750279085b0\"},\"headline\":\"Atentan contra director de Comunicaci\u00f3n de la UAS dentro de Rector\u00eda\",\"datePublished\":\"2024-07-05T22:03:54+00:00\",\"dateModified\":\"2024-07-06T18:41:40+00:00\",\"mainEntityOfPage\":{\"@id\":\"https:\\\/\\\/fuentesfidedignas.com.mx\\\/index.php\\\/2024\\\/07\\\/05\\\/tiroteo-al-interior-de-rectoria-de-la-uas-la-victima-seria-el-director-de-comunicacion-social\\\/\"},\"wordCount\":110,\"publisher\":{\"@id\":\"https:\\\/\\\/fuentesfidedignas.com.mx\\\/#organization\"},\"image\":{\"@id\":\"https:\\\/\\\/fuentesfidedignas.com.mx\\\/index.php\\\/2024\\\/07\\\/05\\\/tiroteo-al-interior-de-rectoria-de-la-uas-la-victima-seria-el-director-de-comunicacion-social\\\/#primaryimage\"},\"thumbnailUrl\":\"https:\\\/\\\/fuentesfidedignas.com.mx\\\/wp-content\\\/uploads\\\/2024\\\/07\\\/ec617972-9111-4f8a-acfa-0ae9cdb705d8-1.jpg\",\"articleSection\":[\"NOTICIAS LOCALES\"],\"inLanguage\":\"es\"},{\"@type\":\"WebPage\",\"@id\":\"https:\\\/\\\/fuentesfidedignas.com.mx\\\/index.php\\\/2024\\\/07\\\/05\\\/tiroteo-al-interior-de-rectoria-de-la-uas-la-victima-seria-el-director-de-comunicacion-social\\\/\",\"url\":\"https:\\\/\\\/fuentesfidedignas.com.mx\\\/index.php\\\/2024\\\/07\\\/05\\\/tiroteo-al-interior-de-rectoria-de-la-uas-la-victima-seria-el-director-de-comunicacion-social\\\/\",\"name\":\"Atentan contra director de Comunicaci\u00f3n de la UAS dentro de Rector\u00eda - Fuentes Fidedignas\",\"isPartOf\":{\"@id\":\"https:\\\/\\\/fuentesfidedignas.com.mx\\\/#website\"},\"primaryImageOfPage\":{\"@id\":\"https:\\\/\\\/fuentesfidedignas.com.mx\\\/index.php\\\/2024\\\/07\\\/05\\\/tiroteo-al-interior-de-rectoria-de-la-uas-la-victima-seria-el-director-de-comunicacion-social\\\/#primaryimage\"},\"image\":{\"@id\":\"https:\\\/\\\/fuentesfidedignas.com.mx\\\/index.php\\\/2024\\\/07\\\/05\\\/tiroteo-al-interior-de-rectoria-de-la-uas-la-victima-seria-el-director-de-comunicacion-social\\\/#primaryimage\"},\"thumbnailUrl\":\"https:\\\/\\\/fuentesfidedignas.com.mx\\\/wp-content\\\/uploads\\\/2024\\\/07\\\/ec617972-9111-4f8a-acfa-0ae9cdb705d8-1.jpg\",\"datePublished\":\"2024-07-05T22:03:54+00:00\",\"dateModified\":\"2024-07-06T18:41:40+00:00\",\"breadcrumb\":{\"@id\":\"https:\\\/\\\/fuentesfidedignas.com.mx\\\/index.php\\\/2024\\\/07\\\/05\\\/tiroteo-al-interior-de-rectoria-de-la-uas-la-victima-seria-el-director-de-comunicacion-social\\\/#breadcrumb\"},\"inLanguage\":\"es\",\"potentialAction\":[{\"@type\":\"ReadAction\",\"target\":[\"https:\\\/\\\/fuentesfidedignas.com.mx\\\/index.php\\\/2024\\\/07\\\/05\\\/tiroteo-al-interior-de-rectoria-de-la-uas-la-victima-seria-el-director-de-comunicacion-social\\\/\"]}]},{\"@type\":\"ImageObject\",\"inLanguage\":\"es\",\"@id\":\"https:\\\/\\\/fuentesfidedignas.com.mx\\\/index.php\\\/2024\\\/07\\\/05\\\/tiroteo-al-interior-de-rectoria-de-la-uas-la-victima-seria-el-director-de-comunicacion-social\\\/#primaryimage\",\"url\":\"https:\\\/\\\/fuentesfidedignas.com.mx\\\/wp-content\\\/uploads\\\/2024\\\/07\\\/ec617972-9111-4f8a-acfa-0ae9cdb705d8-1.jpg\",\"contentUrl\":\"https:\\\/\\\/fuentesfidedignas.com.mx\\\/wp-content\\\/uploads\\\/2024\\\/07\\\/ec617972-9111-4f8a-acfa-0ae9cdb705d8-1.jpg\",\"width\":1280,\"height\":960},{\"@type\":\"BreadcrumbList\",\"@id\":\"https:\\\/\\\/fuentesfidedignas.com.mx\\\/index.php\\\/2024\\\/07\\\/05\\\/tiroteo-al-interior-de-rectoria-de-la-uas-la-victima-seria-el-director-de-comunicacion-social\\\/#breadcrumb\",\"itemListElement\":[{\"@type\":\"ListItem\",\"position\":1,\"name\":\"Inicio\",\"item\":\"https:\\\/\\\/fuentesfidedignas.com.mx\\\/\"},{\"@type\":\"ListItem\",\"position\":2,\"name\":\"Atentan contra director de Comunicaci\u00f3n de la UAS dentro de Rector\u00eda\"}]},{\"@type\":\"WebSite\",\"@id\":\"https:\\\/\\\/fuentesfidedignas.com.mx\\\/#website\",\"url\":\"https:\\\/\\\/fuentesfidedignas.com.mx\\\/\",\"name\":\"Fuentes Fidedignas\",\"description\":\"Otro sitio realizado con WordPress\",\"publisher\":{\"@id\":\"https:\\\/\\\/fuentesfidedignas.com.mx\\\/#organization\"},\"potentialAction\":[{\"@type\":\"SearchAction\",\"target\":{\"@type\":\"EntryPoint\",\"urlTemplate\":\"https:\\\/\\\/fuentesfidedignas.com.mx\\\/?s={search_term_string}\"},\"query-input\":{\"@type\":\"PropertyValueSpecification\",\"valueRequired\":true,\"valueName\":\"search_term_string\"}}],\"inLanguage\":\"es\"},{\"@type\":\"Organization\",\"@id\":\"https:\\\/\\\/fuentesfidedignas.com.mx\\\/#organization\",\"name\":\"Fuentes Fidedignas\",\"url\":\"https:\\\/\\\/fuentesfidedignas.com.mx\\\/\",\"logo\":{\"@type\":\"ImageObject\",\"inLanguage\":\"es\",\"@id\":\"https:\\\/\\\/fuentesfidedignas.com.mx\\\/#\\\/schema\\\/logo\\\/image\\\/\",\"url\":\"https:\\\/\\\/fuentesfidedignas.com.mx\\\/wp-content\\\/uploads\\\/2021\\\/04\\\/logo-retina.png\",\"contentUrl\":\"https:\\\/\\\/fuentesfidedignas.com.mx\\\/wp-content\\\/uploads\\\/2021\\\/04\\\/logo-retina.png\",\"width\":280,\"height\":51,\"caption\":\"Fuentes Fidedignas\"},\"image\":{\"@id\":\"https:\\\/\\\/fuentesfidedignas.com.mx\\\/#\\\/schema\\\/logo\\\/image\\\/\"},\"sameAs\":[\"https:\\\/\\\/www.facebook.com\\\/Fuentes-Fidedignas-368234489921644\",\"https:\\\/\\\/x.com\\\/fidedignas\"]},{\"@type\":\"Person\",\"@id\":\"https:\\\/\\\/fuentesfidedignas.com.mx\\\/#\\\/schema\\\/person\\\/331be9283d37198e2acd5750279085b0\",\"name\":\"Redacci\u00f3n\",\"image\":{\"@type\":\"ImageObject\",\"inLanguage\":\"es\",\"@id\":\"https:\\\/\\\/secure.gravatar.com\\\/avatar\\\/f6d8782c11d12b2d4ad3fbb6931aeab5309937a4d6cd2fc9cfaa28a6396a5aec?s=96&d=mm&r=g\",\"url\":\"https:\\\/\\\/secure.gravatar.com\\\/avatar\\\/f6d8782c11d12b2d4ad3fbb6931aeab5309937a4d6cd2fc9cfaa28a6396a5aec?s=96&d=mm&r=g\",\"contentUrl\":\"https:\\\/\\\/secure.gravatar.com\\\/avatar\\\/f6d8782c11d12b2d4ad3fbb6931aeab5309937a4d6cd2fc9cfaa28a6396a5aec?s=96&d=mm&r=g\",\"caption\":\"Redacci\u00f3n\"},\"url\":\"https:\\\/\\\/fuentesfidedignas.com.mx\\\/index.php\\\/author\\\/redaccion\\\/\"}]}<\/script>\n<!-- \/ Yoast SEO plugin. -->","yoast_head_json":{"title":"Atentan contra director de Comunicaci\u00f3n de la UAS dentro de Rector\u00eda - Fuentes Fidedignas","robots":{"index":"index","follow":"follow","max-snippet":"max-snippet:-1","max-image-preview":"max-image-preview:large","max-video-preview":"max-video-preview:-1"},"canonical":"https:\/\/fuentesfidedignas.com.mx\/index.php\/2024\/07\/05\/tiroteo-al-interior-de-rectoria-de-la-uas-la-victima-seria-el-director-de-comunicacion-social\/","og_locale":"es_MX","og_type":"article","og_title":"Atentan contra director de Comunicaci\u00f3n de la UAS dentro de Rector\u00eda - Fuentes Fidedignas","og_description":"Culiac\u00e1n, Sin.- Un atentado a balazos se registr\u00f3 la tarde de este viernes dentro de las instalaciones de Rector\u00eda de la Universidad Aut\u00f3noma de Sinaloa. Los primeros reportes indican que la v\u00edctima ser\u00eda Arnoldo Valle, director de Comunicaci\u00f3n Social, quien se trasladaba en una camioneta Blazer color blanca. Se inform\u00f3 que el funcionario intent\u00f3 huir, [&hellip;]","og_url":"https:\/\/fuentesfidedignas.com.mx\/index.php\/2024\/07\/05\/tiroteo-al-interior-de-rectoria-de-la-uas-la-victima-seria-el-director-de-comunicacion-social\/","og_site_name":"Fuentes Fidedignas","article_publisher":"https:\/\/www.facebook.com\/Fuentes-Fidedignas-368234489921644","article_published_time":"2024-07-05T22:03:54+00:00","article_modified_time":"2024-07-06T18:41:40+00:00","og_image":[{"width":1280,"height":960,"url":"https:\/\/fuentesfidedignas.com.mx\/wp-content\/uploads\/2024\/07\/ec617972-9111-4f8a-acfa-0ae9cdb705d8-1.jpg","type":"image\/jpeg"}],"author":"Redacci\u00f3n","twitter_card":"summary_large_image","twitter_creator":"@fidedignas","twitter_site":"@fidedignas","twitter_misc":{"Escrito por":"Redacci\u00f3n","Tiempo de lectura":"1 minuto"},"schema":{"@context":"https:\/\/schema.org","@graph":[{"@type":"Article","@id":"https:\/\/fuentesfidedignas.com.mx\/index.php\/2024\/07\/05\/tiroteo-al-interior-de-rectoria-de-la-uas-la-victima-seria-el-director-de-comunicacion-social\/#article","isPartOf":{"@id":"https:\/\/fuentesfidedignas.com.mx\/index.php\/2024\/07\/05\/tiroteo-al-interior-de-rectoria-de-la-uas-la-victima-seria-el-director-de-comunicacion-social\/"},"author":{"name":"Redacci\u00f3n","@id":"https:\/\/fuentesfidedignas.com.mx\/#\/schema\/person\/331be9283d37198e2acd5750279085b0"},"headline":"Atentan contra director de Comunicaci\u00f3n de la UAS dentro de Rector\u00eda","datePublished":"2024-07-05T22:03:54+00:00","dateModified":"2024-07-06T18:41:40+00:00","mainEntityOfPage":{"@id":"https:\/\/fuentesfidedignas.com.mx\/index.php\/2024\/07\/05\/tiroteo-al-interior-de-rectoria-de-la-uas-la-victima-seria-el-director-de-comunicacion-social\/"},"wordCount":110,"publisher":{"@id":"https:\/\/fuentesfidedignas.com.mx\/#organization"},"image":{"@id":"https:\/\/fuentesfidedignas.com.mx\/index.php\/2024\/07\/05\/tiroteo-al-interior-de-rectoria-de-la-uas-la-victima-seria-el-director-de-comunicacion-social\/#primaryimage"},"thumbnailUrl":"https:\/\/fuentesfidedignas.com.mx\/wp-content\/uploads\/2024\/07\/ec617972-9111-4f8a-acfa-0ae9cdb705d8-1.jpg","articleSection":["NOTICIAS LOCALES"],"inLanguage":"es"},{"@type":"WebPage","@id":"https:\/\/fuentesfidedignas.com.mx\/index.php\/2024\/07\/05\/tiroteo-al-interior-de-rectoria-de-la-uas-la-victima-seria-el-director-de-comunicacion-social\/","url":"https:\/\/fuentesfidedignas.com.mx\/index.php\/2024\/07\/05\/tiroteo-al-interior-de-rectoria-de-la-uas-la-victima-seria-el-director-de-comunicacion-social\/","name":"Atentan contra director de Comunicaci\u00f3n de la UAS dentro de Rector\u00eda - Fuentes Fidedignas","isPartOf":{"@id":"https:\/\/fuentesfidedignas.com.mx\/#website"},"primaryImageOfPage":{"@id":"https:\/\/fuentesfidedignas.com.mx\/index.php\/2024\/07\/05\/tiroteo-al-interior-de-rectoria-de-la-uas-la-victima-seria-el-director-de-comunicacion-social\/#primaryimage"},"image":{"@id":"https:\/\/fuentesfidedignas.com.mx\/index.php\/2024\/07\/05\/tiroteo-al-interior-de-rectoria-de-la-uas-la-victima-seria-el-director-de-comunicacion-social\/#primaryimage"},"thumbnailUrl":"https:\/\/fuentesfidedignas.com.mx\/wp-content\/uploads\/2024\/07\/ec617972-9111-4f8a-acfa-0ae9cdb705d8-1.jpg","datePublished":"2024-07-05T22:03:54+00:00","dateModified":"2024-07-06T18:41:40+00:00","breadcrumb":{"@id":"https:\/\/fuentesfidedignas.com.mx\/index.php\/2024\/07\/05\/tiroteo-al-interior-de-rectoria-de-la-uas-la-victima-seria-el-director-de-comunicacion-social\/#breadcrumb"},"inLanguage":"es","potentialAction":[{"@type":"ReadAction","target":["https:\/\/fuentesfidedignas.com.mx\/index.php\/2024\/07\/05\/tiroteo-al-interior-de-rectoria-de-la-uas-la-victima-seria-el-director-de-comunicacion-social\/"]}]},{"@type":"ImageObject","inLanguage":"es","@id":"https:\/\/fuentesfidedignas.com.mx\/index.php\/2024\/07\/05\/tiroteo-al-interior-de-rectoria-de-la-uas-la-victima-seria-el-director-de-comunicacion-social\/#primaryimage","url":"https:\/\/fuentesfidedignas.com.mx\/wp-content\/uploads\/2024\/07\/ec617972-9111-4f8a-acfa-0ae9cdb705d8-1.jpg","contentUrl":"https:\/\/fuentesfidedignas.com.mx\/wp-content\/uploads\/2024\/07\/ec617972-9111-4f8a-acfa-0ae9cdb705d8-1.jpg","width":1280,"height":960},{"@type":"BreadcrumbList","@id":"https:\/\/fuentesfidedignas.com.mx\/index.php\/2024\/07\/05\/tiroteo-al-interior-de-rectoria-de-la-uas-la-victima-seria-el-director-de-comunicacion-social\/#breadcrumb","itemListElement":[{"@type":"ListItem","position":1,"name":"Inicio","item":"https:\/\/fuentesfidedignas.com.mx\/"},{"@type":"ListItem","position":2,"name":"Atentan contra director de Comunicaci\u00f3n de la UAS dentro de Rector\u00eda"}]},{"@type":"WebSite","@id":"https:\/\/fuentesfidedignas.com.mx\/#website","url":"https:\/\/fuentesfidedignas.com.mx\/","name":"Fuentes Fidedignas","description":"Otro sitio realizado con WordPress","publisher":{"@id":"https:\/\/fuentesfidedignas.com.mx\/#organization"},"potentialAction":[{"@type":"SearchAction","target":{"@type":"EntryPoint","urlTemplate":"https:\/\/fuentesfidedignas.com.mx\/?s={search_term_string}"},"query-input":{"@type":"PropertyValueSpecification","valueRequired":true,"valueName":"search_term_string"}}],"inLanguage":"es"},{"@type":"Organization","@id":"https:\/\/fuentesfidedignas.com.mx\/#organization","name":"Fuentes Fidedignas","url":"https:\/\/fuentesfidedignas.com.mx\/","logo":{"@type":"ImageObject","inLanguage":"es","@id":"https:\/\/fuentesfidedignas.com.mx\/#\/schema\/logo\/image\/","url":"https:\/\/fuentesfidedignas.com.mx\/wp-content\/uploads\/2021\/04\/logo-retina.png","contentUrl":"https:\/\/fuentesfidedignas.com.mx\/wp-content\/uploads\/2021\/04\/logo-retina.png","width":280,"height":51,"caption":"Fuentes Fidedignas"},"image":{"@id":"https:\/\/fuentesfidedignas.com.mx\/#\/schema\/logo\/image\/"},"sameAs":["https:\/\/www.facebook.com\/Fuentes-Fidedignas-368234489921644","https:\/\/x.com\/fidedignas"]},{"@type":"Person","@id":"https:\/\/fuentesfidedignas.com.mx\/#\/schema\/person\/331be9283d37198e2acd5750279085b0","name":"Redacci\u00f3n","image":{"@type":"ImageObject","inLanguage":"es","@id":"https:\/\/secure.gravatar.com\/avatar\/f6d8782c11d12b2d4ad3fbb6931aeab5309937a4d6cd2fc9cfaa28a6396a5aec?s=96&d=mm&r=g","url":"https:\/\/secure.gravatar.com\/avatar\/f6d8782c11d12b2d4ad3fbb6931aeab5309937a4d6cd2fc9cfaa28a6396a5aec?s=96&d=mm&r=g","contentUrl":"https:\/\/secure.gravatar.com\/avatar\/f6d8782c11d12b2d4ad3fbb6931aeab5309937a4d6cd2fc9cfaa28a6396a5aec?s=96&d=mm&r=g","caption":"Redacci\u00f3n"},"url":"https:\/\/fuentesfidedignas.com.mx\/index.php\/author\/redaccion\/"}]}},"_links":{"self":[{"href":"https:\/\/fuentesfidedignas.com.mx\/index.php\/wp-json\/wp\/v2\/posts\/85799","targetHints":{"allow":["GET"]}}],"collection":[{"href":"https:\/\/fuentesfidedignas.com.mx\/index.php\/wp-json\/wp\/v2\/posts"}],"about":[{"href":"https:\/\/fuentesfidedignas.com.mx\/index.php\/wp-json\/wp\/v2\/types\/post"}],"author":[{"embeddable":true,"href":"https:\/\/fuentesfidedignas.com.mx\/index.php\/wp-json\/wp\/v2\/users\/4"}],"replies":[{"embeddable":true,"href":"https:\/\/fuentesfidedignas.com.mx\/index.php\/wp-json\/wp\/v2\/comments?post=85799"}],"version-history":[{"count":4,"href":"https:\/\/fuentesfidedignas.com.mx\/index.php\/wp-json\/wp\/v2\/posts\/85799\/revisions"}],"predecessor-version":[{"id":85803,"href":"https:\/\/fuentesfidedignas.com.mx\/index.php\/wp-json\/wp\/v2\/posts\/85799\/revisions\/85803"}],"wp:featuredmedia":[{"embeddable":true,"href":"https:\/\/fuentesfidedignas.com.mx\/index.php\/wp-json\/wp\/v2\/media\/85798"}],"wp:attachment":[{"href":"https:\/\/fuentesfidedignas.com.mx\/index.php\/wp-json\/wp\/v2\/media?parent=85799"}],"wp:term":[{"taxonomy":"category","embeddable":true,"href":"https:\/\/fuentesfidedignas.com.mx\/index.php\/wp-json\/wp\/v2\/categories?post=85799"},{"taxonomy":"post_tag","embeddable":true,"href":"https:\/\/fuentesfidedignas.com.mx\/index.php\/wp-json\/wp\/v2\/tags?post=85799"}],"curies":[{"name":"wp","href":"https:\/\/api.w.org\/{rel}","templated":true}]}}