{"id":85752,"date":"2024-07-05T08:15:02","date_gmt":"2024-07-05T15:15:02","guid":{"rendered":"https:\/\/fuentesfidedignas.com.mx\/?p=85752"},"modified":"2024-07-05T07:55:36","modified_gmt":"2024-07-05T14:55:36","slug":"video-cadete-de-la-semar-muere-al-no-abrirse-su-paracaidas-durante-aterrizaje","status":"publish","type":"post","link":"https:\/\/fuentesfidedignas.com.mx\/index.php\/2024\/07\/05\/video-cadete-de-la-semar-muere-al-no-abrirse-su-paracaidas-durante-aterrizaje\/","title":{"rendered":"VIDEO | Cadete de la Semar muere al no abrirse su paraca\u00eddas durante aterrizaje"},"content":{"rendered":"\n<p><strong><em>La v\u00edctima se trata de un cadete de la Heroica Escuela Naval.<\/em><\/strong><\/p>\n\n\n\n<p>Un accidente cobr\u00f3 la vida de un cadete de la Secretar\u00eda de Marina Armada de M\u00e9xico (Semar), luego de que su paraca\u00eddas no se abriera durante un aterrizaje.&nbsp;<\/p>\n\n\n\n<p>La persona fallecida fue identificada como el cadete Vel\u00e1zquez. En un video publicado en redes sociales se observa a un grupo de paracaidistas que se lanzan desde un helic\u00f3ptero.<\/p>\n\n\n\n<p>Desafortunadamente, el paraca\u00eddas de la v\u00edctimas no se abri\u00f3 y el cadete se estrell\u00f3 contra el suelo.&nbsp;<\/p>\n\n\n\n<figure class=\"wp-block-embed is-type-rich is-provider-twitter wp-block-embed-twitter\"><div class=\"wp-block-embed__wrapper\">\n<blockquote class=\"twitter-tweet\" data-width=\"550\" data-dnt=\"true\"><p lang=\"es\" dir=\"ltr\">Escenas fuertes. Muere cadete de la Heroica Escuela Naval al no abrir su paraca\u00eddas. <br><br>\u201cUno se fue liso\u201d, se escuch\u00f3 decir a un elemento de la <a href=\"https:\/\/twitter.com\/SEMAR_mx?ref_src=twsrc%5Etfw\">@SEMAR_mx<\/a> que estaba en tierra.<br><br>\u201cM\u00e9dico, m\u00e9dico\u201d, piden urgentemente v\u00eda radio de comunicaci\u00f3n. <a href=\"https:\/\/t.co\/pKlnlHjmEp\">pic.twitter.com\/pKlnlHjmEp<\/a><\/p>&mdash; Jaime Guerrero (@jaimeguerrero08) <a href=\"https:\/\/twitter.com\/jaimeguerrero08\/status\/1809040652136526028?ref_src=twsrc%5Etfw\">July 5, 2024<\/a><\/blockquote><script async src=\"https:\/\/platform.twitter.com\/widgets.js\" charset=\"utf-8\"><\/script>\n<\/div><\/figure>\n\n\n\n<p>La muerte del cadete Vel\u00e1zquez fue instant\u00e1nea. En el video se aprecia cuando dos de sus compa\u00f1eros, uno de los cuales grab\u00f3 el video, se acercan al lugar donde qued\u00f3 el cuerpo del elemento de la Semar.&nbsp;<\/p>\n\n\n\n<p>En redes sociales se public\u00f3 una esquela en donde se lamenta el fallecimiento del Marino: \u201cni\u00f1o alas de acero tus t\u00edos de bandera de guerra de la Heroica Escuela Naval Militar estamos tristes por tu partida\u201d, se lee en la publicaci\u00f3n.<\/p>\n\n\n\n<p>Hasta el momento se desconoce cu\u00e1ndo y en d\u00f3nde ocurri\u00f3 el incidente. La Secretar\u00eda de Marina se\u00f1al\u00f3 que por el momento no cuenta con informaci\u00f3n al respecto.<\/p>\n\n\n\n<p><\/p>\n","protected":false},"excerpt":{"rendered":"<p>La v\u00edctima se trata de un cadete de la Heroica Escuela Naval. Un accidente cobr\u00f3 la vida de un cadete de la Secretar\u00eda de Marina Armada de M\u00e9xico (Semar), luego de que su paraca\u00eddas no se abriera durante un aterrizaje.&nbsp; La persona fallecida fue identificada como el cadete Vel\u00e1zquez. En un video publicado en redes [&hellip;]<\/p>\n","protected":false},"author":9,"featured_media":85753,"comment_status":"open","ping_status":"open","sticky":false,"template":"","format":"standard","meta":{"tdm_status":"","tdm_grid_status":"","footnotes":""},"categories":[39],"tags":[],"class_list":{"0":"post-85752","1":"post","2":"type-post","3":"status-publish","4":"format-standard","5":"has-post-thumbnail","7":"category-noticias-nacionales"},"yoast_head":"<!-- This site is optimized with the Yoast SEO plugin v27.5 - https:\/\/yoast.com\/product\/yoast-seo-wordpress\/ -->\n<title>VIDEO | Cadete de la Semar muere al no abrirse su paraca\u00eddas durante aterrizaje - Fuentes Fidedignas<\/title>\n<meta name=\"robots\" content=\"index, follow, max-snippet:-1, max-image-preview:large, max-video-preview:-1\" \/>\n<link rel=\"canonical\" href=\"https:\/\/fuentesfidedignas.com.mx\/index.php\/2024\/07\/05\/video-cadete-de-la-semar-muere-al-no-abrirse-su-paracaidas-durante-aterrizaje\/\" \/>\n<meta property=\"og:locale\" content=\"es_MX\" \/>\n<meta property=\"og:type\" content=\"article\" \/>\n<meta property=\"og:title\" content=\"VIDEO | Cadete de la Semar muere al no abrirse su paraca\u00eddas durante aterrizaje - Fuentes Fidedignas\" \/>\n<meta property=\"og:description\" content=\"La v\u00edctima se trata de un cadete de la Heroica Escuela Naval. Un accidente cobr\u00f3 la vida de un cadete de la Secretar\u00eda de Marina Armada de M\u00e9xico (Semar), luego de que su paraca\u00eddas no se abriera durante un aterrizaje.&nbsp; La persona fallecida fue identificada como el cadete Vel\u00e1zquez. En un video publicado en redes [&hellip;]\" \/>\n<meta property=\"og:url\" content=\"https:\/\/fuentesfidedignas.com.mx\/index.php\/2024\/07\/05\/video-cadete-de-la-semar-muere-al-no-abrirse-su-paracaidas-durante-aterrizaje\/\" \/>\n<meta property=\"og:site_name\" content=\"Fuentes Fidedignas\" \/>\n<meta property=\"article:publisher\" content=\"https:\/\/www.facebook.com\/Fuentes-Fidedignas-368234489921644\" \/>\n<meta property=\"article:published_time\" content=\"2024-07-05T15:15:02+00:00\" \/>\n<meta property=\"og:image\" content=\"https:\/\/fuentesfidedignas.com.mx\/wp-content\/uploads\/2024\/07\/cadete-paracaidas.jpg\" \/>\n\t<meta property=\"og:image:width\" content=\"838\" \/>\n\t<meta property=\"og:image:height\" content=\"451\" \/>\n\t<meta property=\"og:image:type\" content=\"image\/jpeg\" \/>\n<meta name=\"author\" content=\"Milenio\" \/>\n<meta name=\"twitter:card\" content=\"summary_large_image\" \/>\n<meta name=\"twitter:creator\" content=\"@fidedignas\" \/>\n<meta name=\"twitter:site\" content=\"@fidedignas\" \/>\n<meta name=\"twitter:label1\" content=\"Escrito por\" \/>\n\t<meta name=\"twitter:data1\" content=\"Milenio\" \/>\n\t<meta name=\"twitter:label2\" content=\"Tiempo de lectura\" \/>\n\t<meta name=\"twitter:data2\" content=\"2 minutos\" \/>\n<script type=\"application\/ld+json\" class=\"yoast-schema-graph\">{\"@context\":\"https:\\\/\\\/schema.org\",\"@graph\":[{\"@type\":\"Article\",\"@id\":\"https:\\\/\\\/fuentesfidedignas.com.mx\\\/index.php\\\/2024\\\/07\\\/05\\\/video-cadete-de-la-semar-muere-al-no-abrirse-su-paracaidas-durante-aterrizaje\\\/#article\",\"isPartOf\":{\"@id\":\"https:\\\/\\\/fuentesfidedignas.com.mx\\\/index.php\\\/2024\\\/07\\\/05\\\/video-cadete-de-la-semar-muere-al-no-abrirse-su-paracaidas-durante-aterrizaje\\\/\"},\"author\":{\"name\":\"Milenio\",\"@id\":\"https:\\\/\\\/fuentesfidedignas.com.mx\\\/#\\\/schema\\\/person\\\/47ec0135738f4b0c7495f06a77a2c976\"},\"headline\":\"VIDEO | Cadete de la Semar muere al no abrirse su paraca\u00eddas durante aterrizaje\",\"datePublished\":\"2024-07-05T15:15:02+00:00\",\"mainEntityOfPage\":{\"@id\":\"https:\\\/\\\/fuentesfidedignas.com.mx\\\/index.php\\\/2024\\\/07\\\/05\\\/video-cadete-de-la-semar-muere-al-no-abrirse-su-paracaidas-durante-aterrizaje\\\/\"},\"wordCount\":232,\"commentCount\":0,\"publisher\":{\"@id\":\"https:\\\/\\\/fuentesfidedignas.com.mx\\\/#organization\"},\"image\":{\"@id\":\"https:\\\/\\\/fuentesfidedignas.com.mx\\\/index.php\\\/2024\\\/07\\\/05\\\/video-cadete-de-la-semar-muere-al-no-abrirse-su-paracaidas-durante-aterrizaje\\\/#primaryimage\"},\"thumbnailUrl\":\"https:\\\/\\\/fuentesfidedignas.com.mx\\\/wp-content\\\/uploads\\\/2024\\\/07\\\/cadete-paracaidas.jpg\",\"articleSection\":[\"NOTICIAS NACIONALES\"],\"inLanguage\":\"es\",\"potentialAction\":[{\"@type\":\"CommentAction\",\"name\":\"Comment\",\"target\":[\"https:\\\/\\\/fuentesfidedignas.com.mx\\\/index.php\\\/2024\\\/07\\\/05\\\/video-cadete-de-la-semar-muere-al-no-abrirse-su-paracaidas-durante-aterrizaje\\\/#respond\"]}]},{\"@type\":\"WebPage\",\"@id\":\"https:\\\/\\\/fuentesfidedignas.com.mx\\\/index.php\\\/2024\\\/07\\\/05\\\/video-cadete-de-la-semar-muere-al-no-abrirse-su-paracaidas-durante-aterrizaje\\\/\",\"url\":\"https:\\\/\\\/fuentesfidedignas.com.mx\\\/index.php\\\/2024\\\/07\\\/05\\\/video-cadete-de-la-semar-muere-al-no-abrirse-su-paracaidas-durante-aterrizaje\\\/\",\"name\":\"VIDEO | Cadete de la Semar muere al no abrirse su paraca\u00eddas durante aterrizaje - Fuentes Fidedignas\",\"isPartOf\":{\"@id\":\"https:\\\/\\\/fuentesfidedignas.com.mx\\\/#website\"},\"primaryImageOfPage\":{\"@id\":\"https:\\\/\\\/fuentesfidedignas.com.mx\\\/index.php\\\/2024\\\/07\\\/05\\\/video-cadete-de-la-semar-muere-al-no-abrirse-su-paracaidas-durante-aterrizaje\\\/#primaryimage\"},\"image\":{\"@id\":\"https:\\\/\\\/fuentesfidedignas.com.mx\\\/index.php\\\/2024\\\/07\\\/05\\\/video-cadete-de-la-semar-muere-al-no-abrirse-su-paracaidas-durante-aterrizaje\\\/#primaryimage\"},\"thumbnailUrl\":\"https:\\\/\\\/fuentesfidedignas.com.mx\\\/wp-content\\\/uploads\\\/2024\\\/07\\\/cadete-paracaidas.jpg\",\"datePublished\":\"2024-07-05T15:15:02+00:00\",\"breadcrumb\":{\"@id\":\"https:\\\/\\\/fuentesfidedignas.com.mx\\\/index.php\\\/2024\\\/07\\\/05\\\/video-cadete-de-la-semar-muere-al-no-abrirse-su-paracaidas-durante-aterrizaje\\\/#breadcrumb\"},\"inLanguage\":\"es\",\"potentialAction\":[{\"@type\":\"ReadAction\",\"target\":[\"https:\\\/\\\/fuentesfidedignas.com.mx\\\/index.php\\\/2024\\\/07\\\/05\\\/video-cadete-de-la-semar-muere-al-no-abrirse-su-paracaidas-durante-aterrizaje\\\/\"]}]},{\"@type\":\"ImageObject\",\"inLanguage\":\"es\",\"@id\":\"https:\\\/\\\/fuentesfidedignas.com.mx\\\/index.php\\\/2024\\\/07\\\/05\\\/video-cadete-de-la-semar-muere-al-no-abrirse-su-paracaidas-durante-aterrizaje\\\/#primaryimage\",\"url\":\"https:\\\/\\\/fuentesfidedignas.com.mx\\\/wp-content\\\/uploads\\\/2024\\\/07\\\/cadete-paracaidas.jpg\",\"contentUrl\":\"https:\\\/\\\/fuentesfidedignas.com.mx\\\/wp-content\\\/uploads\\\/2024\\\/07\\\/cadete-paracaidas.jpg\",\"width\":838,\"height\":451},{\"@type\":\"BreadcrumbList\",\"@id\":\"https:\\\/\\\/fuentesfidedignas.com.mx\\\/index.php\\\/2024\\\/07\\\/05\\\/video-cadete-de-la-semar-muere-al-no-abrirse-su-paracaidas-durante-aterrizaje\\\/#breadcrumb\",\"itemListElement\":[{\"@type\":\"ListItem\",\"position\":1,\"name\":\"Inicio\",\"item\":\"https:\\\/\\\/fuentesfidedignas.com.mx\\\/\"},{\"@type\":\"ListItem\",\"position\":2,\"name\":\"VIDEO | Cadete de la Semar muere al no abrirse su paraca\u00eddas durante aterrizaje\"}]},{\"@type\":\"WebSite\",\"@id\":\"https:\\\/\\\/fuentesfidedignas.com.mx\\\/#website\",\"url\":\"https:\\\/\\\/fuentesfidedignas.com.mx\\\/\",\"name\":\"Fuentes Fidedignas\",\"description\":\"Otro sitio realizado con WordPress\",\"publisher\":{\"@id\":\"https:\\\/\\\/fuentesfidedignas.com.mx\\\/#organization\"},\"potentialAction\":[{\"@type\":\"SearchAction\",\"target\":{\"@type\":\"EntryPoint\",\"urlTemplate\":\"https:\\\/\\\/fuentesfidedignas.com.mx\\\/?s={search_term_string}\"},\"query-input\":{\"@type\":\"PropertyValueSpecification\",\"valueRequired\":true,\"valueName\":\"search_term_string\"}}],\"inLanguage\":\"es\"},{\"@type\":\"Organization\",\"@id\":\"https:\\\/\\\/fuentesfidedignas.com.mx\\\/#organization\",\"name\":\"Fuentes Fidedignas\",\"url\":\"https:\\\/\\\/fuentesfidedignas.com.mx\\\/\",\"logo\":{\"@type\":\"ImageObject\",\"inLanguage\":\"es\",\"@id\":\"https:\\\/\\\/fuentesfidedignas.com.mx\\\/#\\\/schema\\\/logo\\\/image\\\/\",\"url\":\"https:\\\/\\\/fuentesfidedignas.com.mx\\\/wp-content\\\/uploads\\\/2021\\\/04\\\/logo-retina.png\",\"contentUrl\":\"https:\\\/\\\/fuentesfidedignas.com.mx\\\/wp-content\\\/uploads\\\/2021\\\/04\\\/logo-retina.png\",\"width\":280,\"height\":51,\"caption\":\"Fuentes Fidedignas\"},\"image\":{\"@id\":\"https:\\\/\\\/fuentesfidedignas.com.mx\\\/#\\\/schema\\\/logo\\\/image\\\/\"},\"sameAs\":[\"https:\\\/\\\/www.facebook.com\\\/Fuentes-Fidedignas-368234489921644\",\"https:\\\/\\\/x.com\\\/fidedignas\"]},{\"@type\":\"Person\",\"@id\":\"https:\\\/\\\/fuentesfidedignas.com.mx\\\/#\\\/schema\\\/person\\\/47ec0135738f4b0c7495f06a77a2c976\",\"name\":\"Milenio\",\"image\":{\"@type\":\"ImageObject\",\"inLanguage\":\"es\",\"@id\":\"https:\\\/\\\/secure.gravatar.com\\\/avatar\\\/acabf7b54753e51c2c76457954577c236b3b764789b19879565769739d1e4a75?s=96&d=mm&r=g\",\"url\":\"https:\\\/\\\/secure.gravatar.com\\\/avatar\\\/acabf7b54753e51c2c76457954577c236b3b764789b19879565769739d1e4a75?s=96&d=mm&r=g\",\"contentUrl\":\"https:\\\/\\\/secure.gravatar.com\\\/avatar\\\/acabf7b54753e51c2c76457954577c236b3b764789b19879565769739d1e4a75?s=96&d=mm&r=g\",\"caption\":\"Milenio\"},\"url\":\"https:\\\/\\\/fuentesfidedignas.com.mx\\\/index.php\\\/author\\\/milenio\\\/\"}]}<\/script>\n<!-- \/ Yoast SEO plugin. -->","yoast_head_json":{"title":"VIDEO | Cadete de la Semar muere al no abrirse su paraca\u00eddas durante aterrizaje - Fuentes Fidedignas","robots":{"index":"index","follow":"follow","max-snippet":"max-snippet:-1","max-image-preview":"max-image-preview:large","max-video-preview":"max-video-preview:-1"},"canonical":"https:\/\/fuentesfidedignas.com.mx\/index.php\/2024\/07\/05\/video-cadete-de-la-semar-muere-al-no-abrirse-su-paracaidas-durante-aterrizaje\/","og_locale":"es_MX","og_type":"article","og_title":"VIDEO | Cadete de la Semar muere al no abrirse su paraca\u00eddas durante aterrizaje - Fuentes Fidedignas","og_description":"La v\u00edctima se trata de un cadete de la Heroica Escuela Naval. Un accidente cobr\u00f3 la vida de un cadete de la Secretar\u00eda de Marina Armada de M\u00e9xico (Semar), luego de que su paraca\u00eddas no se abriera durante un aterrizaje.&nbsp; La persona fallecida fue identificada como el cadete Vel\u00e1zquez. En un video publicado en redes [&hellip;]","og_url":"https:\/\/fuentesfidedignas.com.mx\/index.php\/2024\/07\/05\/video-cadete-de-la-semar-muere-al-no-abrirse-su-paracaidas-durante-aterrizaje\/","og_site_name":"Fuentes Fidedignas","article_publisher":"https:\/\/www.facebook.com\/Fuentes-Fidedignas-368234489921644","article_published_time":"2024-07-05T15:15:02+00:00","og_image":[{"width":838,"height":451,"url":"https:\/\/fuentesfidedignas.com.mx\/wp-content\/uploads\/2024\/07\/cadete-paracaidas.jpg","type":"image\/jpeg"}],"author":"Milenio","twitter_card":"summary_large_image","twitter_creator":"@fidedignas","twitter_site":"@fidedignas","twitter_misc":{"Escrito por":"Milenio","Tiempo de lectura":"2 minutos"},"schema":{"@context":"https:\/\/schema.org","@graph":[{"@type":"Article","@id":"https:\/\/fuentesfidedignas.com.mx\/index.php\/2024\/07\/05\/video-cadete-de-la-semar-muere-al-no-abrirse-su-paracaidas-durante-aterrizaje\/#article","isPartOf":{"@id":"https:\/\/fuentesfidedignas.com.mx\/index.php\/2024\/07\/05\/video-cadete-de-la-semar-muere-al-no-abrirse-su-paracaidas-durante-aterrizaje\/"},"author":{"name":"Milenio","@id":"https:\/\/fuentesfidedignas.com.mx\/#\/schema\/person\/47ec0135738f4b0c7495f06a77a2c976"},"headline":"VIDEO | Cadete de la Semar muere al no abrirse su paraca\u00eddas durante aterrizaje","datePublished":"2024-07-05T15:15:02+00:00","mainEntityOfPage":{"@id":"https:\/\/fuentesfidedignas.com.mx\/index.php\/2024\/07\/05\/video-cadete-de-la-semar-muere-al-no-abrirse-su-paracaidas-durante-aterrizaje\/"},"wordCount":232,"commentCount":0,"publisher":{"@id":"https:\/\/fuentesfidedignas.com.mx\/#organization"},"image":{"@id":"https:\/\/fuentesfidedignas.com.mx\/index.php\/2024\/07\/05\/video-cadete-de-la-semar-muere-al-no-abrirse-su-paracaidas-durante-aterrizaje\/#primaryimage"},"thumbnailUrl":"https:\/\/fuentesfidedignas.com.mx\/wp-content\/uploads\/2024\/07\/cadete-paracaidas.jpg","articleSection":["NOTICIAS NACIONALES"],"inLanguage":"es","potentialAction":[{"@type":"CommentAction","name":"Comment","target":["https:\/\/fuentesfidedignas.com.mx\/index.php\/2024\/07\/05\/video-cadete-de-la-semar-muere-al-no-abrirse-su-paracaidas-durante-aterrizaje\/#respond"]}]},{"@type":"WebPage","@id":"https:\/\/fuentesfidedignas.com.mx\/index.php\/2024\/07\/05\/video-cadete-de-la-semar-muere-al-no-abrirse-su-paracaidas-durante-aterrizaje\/","url":"https:\/\/fuentesfidedignas.com.mx\/index.php\/2024\/07\/05\/video-cadete-de-la-semar-muere-al-no-abrirse-su-paracaidas-durante-aterrizaje\/","name":"VIDEO | Cadete de la Semar muere al no abrirse su paraca\u00eddas durante aterrizaje - Fuentes Fidedignas","isPartOf":{"@id":"https:\/\/fuentesfidedignas.com.mx\/#website"},"primaryImageOfPage":{"@id":"https:\/\/fuentesfidedignas.com.mx\/index.php\/2024\/07\/05\/video-cadete-de-la-semar-muere-al-no-abrirse-su-paracaidas-durante-aterrizaje\/#primaryimage"},"image":{"@id":"https:\/\/fuentesfidedignas.com.mx\/index.php\/2024\/07\/05\/video-cadete-de-la-semar-muere-al-no-abrirse-su-paracaidas-durante-aterrizaje\/#primaryimage"},"thumbnailUrl":"https:\/\/fuentesfidedignas.com.mx\/wp-content\/uploads\/2024\/07\/cadete-paracaidas.jpg","datePublished":"2024-07-05T15:15:02+00:00","breadcrumb":{"@id":"https:\/\/fuentesfidedignas.com.mx\/index.php\/2024\/07\/05\/video-cadete-de-la-semar-muere-al-no-abrirse-su-paracaidas-durante-aterrizaje\/#breadcrumb"},"inLanguage":"es","potentialAction":[{"@type":"ReadAction","target":["https:\/\/fuentesfidedignas.com.mx\/index.php\/2024\/07\/05\/video-cadete-de-la-semar-muere-al-no-abrirse-su-paracaidas-durante-aterrizaje\/"]}]},{"@type":"ImageObject","inLanguage":"es","@id":"https:\/\/fuentesfidedignas.com.mx\/index.php\/2024\/07\/05\/video-cadete-de-la-semar-muere-al-no-abrirse-su-paracaidas-durante-aterrizaje\/#primaryimage","url":"https:\/\/fuentesfidedignas.com.mx\/wp-content\/uploads\/2024\/07\/cadete-paracaidas.jpg","contentUrl":"https:\/\/fuentesfidedignas.com.mx\/wp-content\/uploads\/2024\/07\/cadete-paracaidas.jpg","width":838,"height":451},{"@type":"BreadcrumbList","@id":"https:\/\/fuentesfidedignas.com.mx\/index.php\/2024\/07\/05\/video-cadete-de-la-semar-muere-al-no-abrirse-su-paracaidas-durante-aterrizaje\/#breadcrumb","itemListElement":[{"@type":"ListItem","position":1,"name":"Inicio","item":"https:\/\/fuentesfidedignas.com.mx\/"},{"@type":"ListItem","position":2,"name":"VIDEO | Cadete de la Semar muere al no abrirse su paraca\u00eddas durante aterrizaje"}]},{"@type":"WebSite","@id":"https:\/\/fuentesfidedignas.com.mx\/#website","url":"https:\/\/fuentesfidedignas.com.mx\/","name":"Fuentes Fidedignas","description":"Otro sitio realizado con WordPress","publisher":{"@id":"https:\/\/fuentesfidedignas.com.mx\/#organization"},"potentialAction":[{"@type":"SearchAction","target":{"@type":"EntryPoint","urlTemplate":"https:\/\/fuentesfidedignas.com.mx\/?s={search_term_string}"},"query-input":{"@type":"PropertyValueSpecification","valueRequired":true,"valueName":"search_term_string"}}],"inLanguage":"es"},{"@type":"Organization","@id":"https:\/\/fuentesfidedignas.com.mx\/#organization","name":"Fuentes Fidedignas","url":"https:\/\/fuentesfidedignas.com.mx\/","logo":{"@type":"ImageObject","inLanguage":"es","@id":"https:\/\/fuentesfidedignas.com.mx\/#\/schema\/logo\/image\/","url":"https:\/\/fuentesfidedignas.com.mx\/wp-content\/uploads\/2021\/04\/logo-retina.png","contentUrl":"https:\/\/fuentesfidedignas.com.mx\/wp-content\/uploads\/2021\/04\/logo-retina.png","width":280,"height":51,"caption":"Fuentes Fidedignas"},"image":{"@id":"https:\/\/fuentesfidedignas.com.mx\/#\/schema\/logo\/image\/"},"sameAs":["https:\/\/www.facebook.com\/Fuentes-Fidedignas-368234489921644","https:\/\/x.com\/fidedignas"]},{"@type":"Person","@id":"https:\/\/fuentesfidedignas.com.mx\/#\/schema\/person\/47ec0135738f4b0c7495f06a77a2c976","name":"Milenio","image":{"@type":"ImageObject","inLanguage":"es","@id":"https:\/\/secure.gravatar.com\/avatar\/acabf7b54753e51c2c76457954577c236b3b764789b19879565769739d1e4a75?s=96&d=mm&r=g","url":"https:\/\/secure.gravatar.com\/avatar\/acabf7b54753e51c2c76457954577c236b3b764789b19879565769739d1e4a75?s=96&d=mm&r=g","contentUrl":"https:\/\/secure.gravatar.com\/avatar\/acabf7b54753e51c2c76457954577c236b3b764789b19879565769739d1e4a75?s=96&d=mm&r=g","caption":"Milenio"},"url":"https:\/\/fuentesfidedignas.com.mx\/index.php\/author\/milenio\/"}]}},"_links":{"self":[{"href":"https:\/\/fuentesfidedignas.com.mx\/index.php\/wp-json\/wp\/v2\/posts\/85752","targetHints":{"allow":["GET"]}}],"collection":[{"href":"https:\/\/fuentesfidedignas.com.mx\/index.php\/wp-json\/wp\/v2\/posts"}],"about":[{"href":"https:\/\/fuentesfidedignas.com.mx\/index.php\/wp-json\/wp\/v2\/types\/post"}],"author":[{"embeddable":true,"href":"https:\/\/fuentesfidedignas.com.mx\/index.php\/wp-json\/wp\/v2\/users\/9"}],"replies":[{"embeddable":true,"href":"https:\/\/fuentesfidedignas.com.mx\/index.php\/wp-json\/wp\/v2\/comments?post=85752"}],"version-history":[{"count":1,"href":"https:\/\/fuentesfidedignas.com.mx\/index.php\/wp-json\/wp\/v2\/posts\/85752\/revisions"}],"predecessor-version":[{"id":85754,"href":"https:\/\/fuentesfidedignas.com.mx\/index.php\/wp-json\/wp\/v2\/posts\/85752\/revisions\/85754"}],"wp:featuredmedia":[{"embeddable":true,"href":"https:\/\/fuentesfidedignas.com.mx\/index.php\/wp-json\/wp\/v2\/media\/85753"}],"wp:attachment":[{"href":"https:\/\/fuentesfidedignas.com.mx\/index.php\/wp-json\/wp\/v2\/media?parent=85752"}],"wp:term":[{"taxonomy":"category","embeddable":true,"href":"https:\/\/fuentesfidedignas.com.mx\/index.php\/wp-json\/wp\/v2\/categories?post=85752"},{"taxonomy":"post_tag","embeddable":true,"href":"https:\/\/fuentesfidedignas.com.mx\/index.php\/wp-json\/wp\/v2\/tags?post=85752"}],"curies":[{"name":"wp","href":"https:\/\/api.w.org\/{rel}","templated":true}]}}