{"id":85746,"date":"2024-07-05T07:56:10","date_gmt":"2024-07-05T14:56:10","guid":{"rendered":"https:\/\/fuentesfidedignas.com.mx\/?p=85746"},"modified":"2024-07-05T08:05:31","modified_gmt":"2024-07-05T15:05:31","slug":"secretaria-de-seguridad-publica-en-sinaloa-separa-a-dos-funcionarios-de-su-cargo-tras-discusion","status":"publish","type":"post","link":"https:\/\/fuentesfidedignas.com.mx\/index.php\/2024\/07\/05\/secretaria-de-seguridad-publica-en-sinaloa-separa-a-dos-funcionarios-de-su-cargo-tras-discusion\/","title":{"rendered":"Secretar\u00eda de Seguridad P\u00fablica en Sinaloa separa a dos funcionarios de su cargo tras discusi\u00f3n"},"content":{"rendered":"\n<p><strong><em>El Secretario de Seguridad P\u00fablica de Sinaloa aclar\u00f3 que una vez que concluya la investigaci\u00f3n interna, se determinar\u00e1 las causas de estos desencuentros<\/em><\/strong><\/p>\n\n\n\n<p>Culiac\u00e1n, Sin.- La Secretar\u00eda de Seguridad P\u00fablica separ\u00f3 en forma temporal de sus cargos a dos funcionarios involucrados en una discusi\u00f3n acalorada en el complejo de seguridad, por lo que fue necesario el env\u00edo a barandilla del capit\u00e1n en retiro, R\u00f3mulo Mej\u00eda Serrano, por la agresi\u00f3n verbal contra una compa\u00f1era de trabajo.<\/p>\n\n\n\n<p>Gerardo M\u00e9rida S\u00e1nchez, titular de la dependencia dijo que asuntos internos abri\u00f3 una investigaci\u00f3n en la que veintid\u00f3s funcionarios de seguridad son citados a rendir informes sobre la situaci\u00f3n laboral entre ambos funcionarios, ya que las rencillas datan de un primer desencuentro que tuvo lugar el pasado 27 de junio.<\/p>\n\n\n\n<p>El Secretario de Seguridad P\u00fablica del Estado aclar\u00f3 que una vez que concluya la investigaci\u00f3n interna, se determinar\u00e1 las causas de estos desencuentros y se determinar\u00e1 si ambos son responsables de esta situaci\u00f3n por lo que se podr\u00e1 proceder a sus destituciones.<\/p>\n\n\n\n<p>M\u00e9rida S\u00e1nchez advirti\u00f3 que no se va a permitir este tipo de hechos, en el interior de la sede del complejo de seguridad, cuando se tienen v\u00edas para dirimir diferencias de criterios, como al parecer es lo que motiv\u00f3 la ri\u00f1a verbal entre ambos funcionarios.<\/p>\n\n\n\n<p>Sobre el arresto del militar en retiro, indic\u00f3 que se procedi\u00f3 en contra \u00e9l, por el hecho de agredir a una mujer en forma verbal, por lo que intervino la unidad de reacci\u00f3n de g\u00e9nero, cuyos elementos lo enviaron a barandilla.<\/p>\n\n\n\n<p>Los funcionarios involucrados en estos desencuentros, fueron identificados como la encargada de la Subsecretaria de Estudios, Proyectos y Desarrollo, Sobeyda Guadalupe Sandoval Sicarios, la cual anunci\u00f3 que interpondr\u00e1 una denuncia ante la Fiscal\u00eda General del Estado por la violencia verbal que se ejercicio en su contra.<\/p>\n\n\n\n<p>A su vez, el teniente del ej\u00e9rcito en retiro, encargado de la Coordinaci\u00f3n de Organismos Federales, Estatales y Municipales, R\u00f3mulo Mej\u00eda Serrano, adelant\u00f3 que va interponen una denuncia contra su compa\u00f1era de trabajo, ante la Comisi\u00f3n Estatal de Derechos Humanos, por violentar sus derechos y dar un sesgo distinto a lo que sucedi\u00f3.<\/p>\n","protected":false},"excerpt":{"rendered":"<p>El Secretario de Seguridad P\u00fablica de Sinaloa aclar\u00f3 que una vez que concluya la investigaci\u00f3n interna, se determinar\u00e1 las causas de estos desencuentros Culiac\u00e1n, Sin.- La Secretar\u00eda de Seguridad P\u00fablica separ\u00f3 en forma temporal de sus cargos a dos funcionarios involucrados en una discusi\u00f3n acalorada en el complejo de seguridad, por lo que fue necesario [&hellip;]<\/p>\n","protected":false},"author":9,"featured_media":85747,"comment_status":"open","ping_status":"open","sticky":false,"template":"","format":"standard","meta":{"tdm_status":"","tdm_grid_status":"","footnotes":""},"categories":[37],"tags":[],"class_list":{"0":"post-85746","1":"post","2":"type-post","3":"status-publish","4":"format-standard","5":"has-post-thumbnail","7":"category-nota-principal"},"yoast_head":"<!-- This site is optimized with the Yoast SEO plugin v27.5 - https:\/\/yoast.com\/product\/yoast-seo-wordpress\/ -->\n<title>Secretar\u00eda de Seguridad P\u00fablica en Sinaloa separa a dos funcionarios de su cargo tras discusi\u00f3n - Fuentes Fidedignas<\/title>\n<meta name=\"robots\" content=\"index, follow, max-snippet:-1, max-image-preview:large, max-video-preview:-1\" \/>\n<link rel=\"canonical\" href=\"https:\/\/fuentesfidedignas.com.mx\/index.php\/2024\/07\/05\/secretaria-de-seguridad-publica-en-sinaloa-separa-a-dos-funcionarios-de-su-cargo-tras-discusion\/\" \/>\n<meta property=\"og:locale\" content=\"es_MX\" \/>\n<meta property=\"og:type\" content=\"article\" \/>\n<meta property=\"og:title\" content=\"Secretar\u00eda de Seguridad P\u00fablica en Sinaloa separa a dos funcionarios de su cargo tras discusi\u00f3n - Fuentes Fidedignas\" \/>\n<meta property=\"og:description\" content=\"El Secretario de Seguridad P\u00fablica de Sinaloa aclar\u00f3 que una vez que concluya la investigaci\u00f3n interna, se determinar\u00e1 las causas de estos desencuentros Culiac\u00e1n, Sin.- La Secretar\u00eda de Seguridad P\u00fablica separ\u00f3 en forma temporal de sus cargos a dos funcionarios involucrados en una discusi\u00f3n acalorada en el complejo de seguridad, por lo que fue necesario [&hellip;]\" \/>\n<meta property=\"og:url\" content=\"https:\/\/fuentesfidedignas.com.mx\/index.php\/2024\/07\/05\/secretaria-de-seguridad-publica-en-sinaloa-separa-a-dos-funcionarios-de-su-cargo-tras-discusion\/\" \/>\n<meta property=\"og:site_name\" content=\"Fuentes Fidedignas\" \/>\n<meta property=\"article:publisher\" content=\"https:\/\/www.facebook.com\/Fuentes-Fidedignas-368234489921644\" \/>\n<meta property=\"article:published_time\" content=\"2024-07-05T14:56:10+00:00\" \/>\n<meta property=\"article:modified_time\" content=\"2024-07-05T15:05:31+00:00\" \/>\n<meta property=\"og:image\" content=\"https:\/\/fuentesfidedignas.com.mx\/wp-content\/uploads\/2024\/07\/Gerardo-Merida-Sanchez.jpg\" \/>\n\t<meta property=\"og:image:width\" content=\"650\" \/>\n\t<meta property=\"og:image:height\" content=\"385\" \/>\n\t<meta property=\"og:image:type\" content=\"image\/jpeg\" \/>\n<meta name=\"author\" content=\"Milenio\" \/>\n<meta name=\"twitter:card\" content=\"summary_large_image\" \/>\n<meta name=\"twitter:creator\" content=\"@fidedignas\" \/>\n<meta name=\"twitter:site\" content=\"@fidedignas\" \/>\n<meta name=\"twitter:label1\" content=\"Escrito por\" \/>\n\t<meta name=\"twitter:data1\" content=\"Milenio\" \/>\n\t<meta name=\"twitter:label2\" content=\"Tiempo de lectura\" \/>\n\t<meta name=\"twitter:data2\" content=\"2 minutos\" \/>\n<script type=\"application\/ld+json\" class=\"yoast-schema-graph\">{\"@context\":\"https:\\\/\\\/schema.org\",\"@graph\":[{\"@type\":\"Article\",\"@id\":\"https:\\\/\\\/fuentesfidedignas.com.mx\\\/index.php\\\/2024\\\/07\\\/05\\\/secretaria-de-seguridad-publica-en-sinaloa-separa-a-dos-funcionarios-de-su-cargo-tras-discusion\\\/#article\",\"isPartOf\":{\"@id\":\"https:\\\/\\\/fuentesfidedignas.com.mx\\\/index.php\\\/2024\\\/07\\\/05\\\/secretaria-de-seguridad-publica-en-sinaloa-separa-a-dos-funcionarios-de-su-cargo-tras-discusion\\\/\"},\"author\":{\"name\":\"Milenio\",\"@id\":\"https:\\\/\\\/fuentesfidedignas.com.mx\\\/#\\\/schema\\\/person\\\/47ec0135738f4b0c7495f06a77a2c976\"},\"headline\":\"Secretar\u00eda de Seguridad P\u00fablica en Sinaloa separa a dos funcionarios de su cargo tras discusi\u00f3n\",\"datePublished\":\"2024-07-05T14:56:10+00:00\",\"dateModified\":\"2024-07-05T15:05:31+00:00\",\"mainEntityOfPage\":{\"@id\":\"https:\\\/\\\/fuentesfidedignas.com.mx\\\/index.php\\\/2024\\\/07\\\/05\\\/secretaria-de-seguridad-publica-en-sinaloa-separa-a-dos-funcionarios-de-su-cargo-tras-discusion\\\/\"},\"wordCount\":403,\"commentCount\":0,\"publisher\":{\"@id\":\"https:\\\/\\\/fuentesfidedignas.com.mx\\\/#organization\"},\"image\":{\"@id\":\"https:\\\/\\\/fuentesfidedignas.com.mx\\\/index.php\\\/2024\\\/07\\\/05\\\/secretaria-de-seguridad-publica-en-sinaloa-separa-a-dos-funcionarios-de-su-cargo-tras-discusion\\\/#primaryimage\"},\"thumbnailUrl\":\"https:\\\/\\\/fuentesfidedignas.com.mx\\\/wp-content\\\/uploads\\\/2024\\\/07\\\/Gerardo-Merida-Sanchez.jpg\",\"articleSection\":[\"NOTA PRINCIPAL\"],\"inLanguage\":\"es\",\"potentialAction\":[{\"@type\":\"CommentAction\",\"name\":\"Comment\",\"target\":[\"https:\\\/\\\/fuentesfidedignas.com.mx\\\/index.php\\\/2024\\\/07\\\/05\\\/secretaria-de-seguridad-publica-en-sinaloa-separa-a-dos-funcionarios-de-su-cargo-tras-discusion\\\/#respond\"]}]},{\"@type\":\"WebPage\",\"@id\":\"https:\\\/\\\/fuentesfidedignas.com.mx\\\/index.php\\\/2024\\\/07\\\/05\\\/secretaria-de-seguridad-publica-en-sinaloa-separa-a-dos-funcionarios-de-su-cargo-tras-discusion\\\/\",\"url\":\"https:\\\/\\\/fuentesfidedignas.com.mx\\\/index.php\\\/2024\\\/07\\\/05\\\/secretaria-de-seguridad-publica-en-sinaloa-separa-a-dos-funcionarios-de-su-cargo-tras-discusion\\\/\",\"name\":\"Secretar\u00eda de Seguridad P\u00fablica en Sinaloa separa a dos funcionarios de su cargo tras discusi\u00f3n - Fuentes Fidedignas\",\"isPartOf\":{\"@id\":\"https:\\\/\\\/fuentesfidedignas.com.mx\\\/#website\"},\"primaryImageOfPage\":{\"@id\":\"https:\\\/\\\/fuentesfidedignas.com.mx\\\/index.php\\\/2024\\\/07\\\/05\\\/secretaria-de-seguridad-publica-en-sinaloa-separa-a-dos-funcionarios-de-su-cargo-tras-discusion\\\/#primaryimage\"},\"image\":{\"@id\":\"https:\\\/\\\/fuentesfidedignas.com.mx\\\/index.php\\\/2024\\\/07\\\/05\\\/secretaria-de-seguridad-publica-en-sinaloa-separa-a-dos-funcionarios-de-su-cargo-tras-discusion\\\/#primaryimage\"},\"thumbnailUrl\":\"https:\\\/\\\/fuentesfidedignas.com.mx\\\/wp-content\\\/uploads\\\/2024\\\/07\\\/Gerardo-Merida-Sanchez.jpg\",\"datePublished\":\"2024-07-05T14:56:10+00:00\",\"dateModified\":\"2024-07-05T15:05:31+00:00\",\"breadcrumb\":{\"@id\":\"https:\\\/\\\/fuentesfidedignas.com.mx\\\/index.php\\\/2024\\\/07\\\/05\\\/secretaria-de-seguridad-publica-en-sinaloa-separa-a-dos-funcionarios-de-su-cargo-tras-discusion\\\/#breadcrumb\"},\"inLanguage\":\"es\",\"potentialAction\":[{\"@type\":\"ReadAction\",\"target\":[\"https:\\\/\\\/fuentesfidedignas.com.mx\\\/index.php\\\/2024\\\/07\\\/05\\\/secretaria-de-seguridad-publica-en-sinaloa-separa-a-dos-funcionarios-de-su-cargo-tras-discusion\\\/\"]}]},{\"@type\":\"ImageObject\",\"inLanguage\":\"es\",\"@id\":\"https:\\\/\\\/fuentesfidedignas.com.mx\\\/index.php\\\/2024\\\/07\\\/05\\\/secretaria-de-seguridad-publica-en-sinaloa-separa-a-dos-funcionarios-de-su-cargo-tras-discusion\\\/#primaryimage\",\"url\":\"https:\\\/\\\/fuentesfidedignas.com.mx\\\/wp-content\\\/uploads\\\/2024\\\/07\\\/Gerardo-Merida-Sanchez.jpg\",\"contentUrl\":\"https:\\\/\\\/fuentesfidedignas.com.mx\\\/wp-content\\\/uploads\\\/2024\\\/07\\\/Gerardo-Merida-Sanchez.jpg\",\"width\":650,\"height\":385},{\"@type\":\"BreadcrumbList\",\"@id\":\"https:\\\/\\\/fuentesfidedignas.com.mx\\\/index.php\\\/2024\\\/07\\\/05\\\/secretaria-de-seguridad-publica-en-sinaloa-separa-a-dos-funcionarios-de-su-cargo-tras-discusion\\\/#breadcrumb\",\"itemListElement\":[{\"@type\":\"ListItem\",\"position\":1,\"name\":\"Inicio\",\"item\":\"https:\\\/\\\/fuentesfidedignas.com.mx\\\/\"},{\"@type\":\"ListItem\",\"position\":2,\"name\":\"Secretar\u00eda de Seguridad P\u00fablica en Sinaloa separa a dos funcionarios de su cargo tras discusi\u00f3n\"}]},{\"@type\":\"WebSite\",\"@id\":\"https:\\\/\\\/fuentesfidedignas.com.mx\\\/#website\",\"url\":\"https:\\\/\\\/fuentesfidedignas.com.mx\\\/\",\"name\":\"Fuentes Fidedignas\",\"description\":\"Otro sitio realizado con WordPress\",\"publisher\":{\"@id\":\"https:\\\/\\\/fuentesfidedignas.com.mx\\\/#organization\"},\"potentialAction\":[{\"@type\":\"SearchAction\",\"target\":{\"@type\":\"EntryPoint\",\"urlTemplate\":\"https:\\\/\\\/fuentesfidedignas.com.mx\\\/?s={search_term_string}\"},\"query-input\":{\"@type\":\"PropertyValueSpecification\",\"valueRequired\":true,\"valueName\":\"search_term_string\"}}],\"inLanguage\":\"es\"},{\"@type\":\"Organization\",\"@id\":\"https:\\\/\\\/fuentesfidedignas.com.mx\\\/#organization\",\"name\":\"Fuentes Fidedignas\",\"url\":\"https:\\\/\\\/fuentesfidedignas.com.mx\\\/\",\"logo\":{\"@type\":\"ImageObject\",\"inLanguage\":\"es\",\"@id\":\"https:\\\/\\\/fuentesfidedignas.com.mx\\\/#\\\/schema\\\/logo\\\/image\\\/\",\"url\":\"https:\\\/\\\/fuentesfidedignas.com.mx\\\/wp-content\\\/uploads\\\/2021\\\/04\\\/logo-retina.png\",\"contentUrl\":\"https:\\\/\\\/fuentesfidedignas.com.mx\\\/wp-content\\\/uploads\\\/2021\\\/04\\\/logo-retina.png\",\"width\":280,\"height\":51,\"caption\":\"Fuentes Fidedignas\"},\"image\":{\"@id\":\"https:\\\/\\\/fuentesfidedignas.com.mx\\\/#\\\/schema\\\/logo\\\/image\\\/\"},\"sameAs\":[\"https:\\\/\\\/www.facebook.com\\\/Fuentes-Fidedignas-368234489921644\",\"https:\\\/\\\/x.com\\\/fidedignas\"]},{\"@type\":\"Person\",\"@id\":\"https:\\\/\\\/fuentesfidedignas.com.mx\\\/#\\\/schema\\\/person\\\/47ec0135738f4b0c7495f06a77a2c976\",\"name\":\"Milenio\",\"image\":{\"@type\":\"ImageObject\",\"inLanguage\":\"es\",\"@id\":\"https:\\\/\\\/secure.gravatar.com\\\/avatar\\\/acabf7b54753e51c2c76457954577c236b3b764789b19879565769739d1e4a75?s=96&d=mm&r=g\",\"url\":\"https:\\\/\\\/secure.gravatar.com\\\/avatar\\\/acabf7b54753e51c2c76457954577c236b3b764789b19879565769739d1e4a75?s=96&d=mm&r=g\",\"contentUrl\":\"https:\\\/\\\/secure.gravatar.com\\\/avatar\\\/acabf7b54753e51c2c76457954577c236b3b764789b19879565769739d1e4a75?s=96&d=mm&r=g\",\"caption\":\"Milenio\"},\"url\":\"https:\\\/\\\/fuentesfidedignas.com.mx\\\/index.php\\\/author\\\/milenio\\\/\"}]}<\/script>\n<!-- \/ Yoast SEO plugin. -->","yoast_head_json":{"title":"Secretar\u00eda de Seguridad P\u00fablica en Sinaloa separa a dos funcionarios de su cargo tras discusi\u00f3n - Fuentes Fidedignas","robots":{"index":"index","follow":"follow","max-snippet":"max-snippet:-1","max-image-preview":"max-image-preview:large","max-video-preview":"max-video-preview:-1"},"canonical":"https:\/\/fuentesfidedignas.com.mx\/index.php\/2024\/07\/05\/secretaria-de-seguridad-publica-en-sinaloa-separa-a-dos-funcionarios-de-su-cargo-tras-discusion\/","og_locale":"es_MX","og_type":"article","og_title":"Secretar\u00eda de Seguridad P\u00fablica en Sinaloa separa a dos funcionarios de su cargo tras discusi\u00f3n - Fuentes Fidedignas","og_description":"El Secretario de Seguridad P\u00fablica de Sinaloa aclar\u00f3 que una vez que concluya la investigaci\u00f3n interna, se determinar\u00e1 las causas de estos desencuentros Culiac\u00e1n, Sin.- La Secretar\u00eda de Seguridad P\u00fablica separ\u00f3 en forma temporal de sus cargos a dos funcionarios involucrados en una discusi\u00f3n acalorada en el complejo de seguridad, por lo que fue necesario [&hellip;]","og_url":"https:\/\/fuentesfidedignas.com.mx\/index.php\/2024\/07\/05\/secretaria-de-seguridad-publica-en-sinaloa-separa-a-dos-funcionarios-de-su-cargo-tras-discusion\/","og_site_name":"Fuentes Fidedignas","article_publisher":"https:\/\/www.facebook.com\/Fuentes-Fidedignas-368234489921644","article_published_time":"2024-07-05T14:56:10+00:00","article_modified_time":"2024-07-05T15:05:31+00:00","og_image":[{"width":650,"height":385,"url":"https:\/\/fuentesfidedignas.com.mx\/wp-content\/uploads\/2024\/07\/Gerardo-Merida-Sanchez.jpg","type":"image\/jpeg"}],"author":"Milenio","twitter_card":"summary_large_image","twitter_creator":"@fidedignas","twitter_site":"@fidedignas","twitter_misc":{"Escrito por":"Milenio","Tiempo de lectura":"2 minutos"},"schema":{"@context":"https:\/\/schema.org","@graph":[{"@type":"Article","@id":"https:\/\/fuentesfidedignas.com.mx\/index.php\/2024\/07\/05\/secretaria-de-seguridad-publica-en-sinaloa-separa-a-dos-funcionarios-de-su-cargo-tras-discusion\/#article","isPartOf":{"@id":"https:\/\/fuentesfidedignas.com.mx\/index.php\/2024\/07\/05\/secretaria-de-seguridad-publica-en-sinaloa-separa-a-dos-funcionarios-de-su-cargo-tras-discusion\/"},"author":{"name":"Milenio","@id":"https:\/\/fuentesfidedignas.com.mx\/#\/schema\/person\/47ec0135738f4b0c7495f06a77a2c976"},"headline":"Secretar\u00eda de Seguridad P\u00fablica en Sinaloa separa a dos funcionarios de su cargo tras discusi\u00f3n","datePublished":"2024-07-05T14:56:10+00:00","dateModified":"2024-07-05T15:05:31+00:00","mainEntityOfPage":{"@id":"https:\/\/fuentesfidedignas.com.mx\/index.php\/2024\/07\/05\/secretaria-de-seguridad-publica-en-sinaloa-separa-a-dos-funcionarios-de-su-cargo-tras-discusion\/"},"wordCount":403,"commentCount":0,"publisher":{"@id":"https:\/\/fuentesfidedignas.com.mx\/#organization"},"image":{"@id":"https:\/\/fuentesfidedignas.com.mx\/index.php\/2024\/07\/05\/secretaria-de-seguridad-publica-en-sinaloa-separa-a-dos-funcionarios-de-su-cargo-tras-discusion\/#primaryimage"},"thumbnailUrl":"https:\/\/fuentesfidedignas.com.mx\/wp-content\/uploads\/2024\/07\/Gerardo-Merida-Sanchez.jpg","articleSection":["NOTA PRINCIPAL"],"inLanguage":"es","potentialAction":[{"@type":"CommentAction","name":"Comment","target":["https:\/\/fuentesfidedignas.com.mx\/index.php\/2024\/07\/05\/secretaria-de-seguridad-publica-en-sinaloa-separa-a-dos-funcionarios-de-su-cargo-tras-discusion\/#respond"]}]},{"@type":"WebPage","@id":"https:\/\/fuentesfidedignas.com.mx\/index.php\/2024\/07\/05\/secretaria-de-seguridad-publica-en-sinaloa-separa-a-dos-funcionarios-de-su-cargo-tras-discusion\/","url":"https:\/\/fuentesfidedignas.com.mx\/index.php\/2024\/07\/05\/secretaria-de-seguridad-publica-en-sinaloa-separa-a-dos-funcionarios-de-su-cargo-tras-discusion\/","name":"Secretar\u00eda de Seguridad P\u00fablica en Sinaloa separa a dos funcionarios de su cargo tras discusi\u00f3n - Fuentes Fidedignas","isPartOf":{"@id":"https:\/\/fuentesfidedignas.com.mx\/#website"},"primaryImageOfPage":{"@id":"https:\/\/fuentesfidedignas.com.mx\/index.php\/2024\/07\/05\/secretaria-de-seguridad-publica-en-sinaloa-separa-a-dos-funcionarios-de-su-cargo-tras-discusion\/#primaryimage"},"image":{"@id":"https:\/\/fuentesfidedignas.com.mx\/index.php\/2024\/07\/05\/secretaria-de-seguridad-publica-en-sinaloa-separa-a-dos-funcionarios-de-su-cargo-tras-discusion\/#primaryimage"},"thumbnailUrl":"https:\/\/fuentesfidedignas.com.mx\/wp-content\/uploads\/2024\/07\/Gerardo-Merida-Sanchez.jpg","datePublished":"2024-07-05T14:56:10+00:00","dateModified":"2024-07-05T15:05:31+00:00","breadcrumb":{"@id":"https:\/\/fuentesfidedignas.com.mx\/index.php\/2024\/07\/05\/secretaria-de-seguridad-publica-en-sinaloa-separa-a-dos-funcionarios-de-su-cargo-tras-discusion\/#breadcrumb"},"inLanguage":"es","potentialAction":[{"@type":"ReadAction","target":["https:\/\/fuentesfidedignas.com.mx\/index.php\/2024\/07\/05\/secretaria-de-seguridad-publica-en-sinaloa-separa-a-dos-funcionarios-de-su-cargo-tras-discusion\/"]}]},{"@type":"ImageObject","inLanguage":"es","@id":"https:\/\/fuentesfidedignas.com.mx\/index.php\/2024\/07\/05\/secretaria-de-seguridad-publica-en-sinaloa-separa-a-dos-funcionarios-de-su-cargo-tras-discusion\/#primaryimage","url":"https:\/\/fuentesfidedignas.com.mx\/wp-content\/uploads\/2024\/07\/Gerardo-Merida-Sanchez.jpg","contentUrl":"https:\/\/fuentesfidedignas.com.mx\/wp-content\/uploads\/2024\/07\/Gerardo-Merida-Sanchez.jpg","width":650,"height":385},{"@type":"BreadcrumbList","@id":"https:\/\/fuentesfidedignas.com.mx\/index.php\/2024\/07\/05\/secretaria-de-seguridad-publica-en-sinaloa-separa-a-dos-funcionarios-de-su-cargo-tras-discusion\/#breadcrumb","itemListElement":[{"@type":"ListItem","position":1,"name":"Inicio","item":"https:\/\/fuentesfidedignas.com.mx\/"},{"@type":"ListItem","position":2,"name":"Secretar\u00eda de Seguridad P\u00fablica en Sinaloa separa a dos funcionarios de su cargo tras discusi\u00f3n"}]},{"@type":"WebSite","@id":"https:\/\/fuentesfidedignas.com.mx\/#website","url":"https:\/\/fuentesfidedignas.com.mx\/","name":"Fuentes Fidedignas","description":"Otro sitio realizado con WordPress","publisher":{"@id":"https:\/\/fuentesfidedignas.com.mx\/#organization"},"potentialAction":[{"@type":"SearchAction","target":{"@type":"EntryPoint","urlTemplate":"https:\/\/fuentesfidedignas.com.mx\/?s={search_term_string}"},"query-input":{"@type":"PropertyValueSpecification","valueRequired":true,"valueName":"search_term_string"}}],"inLanguage":"es"},{"@type":"Organization","@id":"https:\/\/fuentesfidedignas.com.mx\/#organization","name":"Fuentes Fidedignas","url":"https:\/\/fuentesfidedignas.com.mx\/","logo":{"@type":"ImageObject","inLanguage":"es","@id":"https:\/\/fuentesfidedignas.com.mx\/#\/schema\/logo\/image\/","url":"https:\/\/fuentesfidedignas.com.mx\/wp-content\/uploads\/2021\/04\/logo-retina.png","contentUrl":"https:\/\/fuentesfidedignas.com.mx\/wp-content\/uploads\/2021\/04\/logo-retina.png","width":280,"height":51,"caption":"Fuentes Fidedignas"},"image":{"@id":"https:\/\/fuentesfidedignas.com.mx\/#\/schema\/logo\/image\/"},"sameAs":["https:\/\/www.facebook.com\/Fuentes-Fidedignas-368234489921644","https:\/\/x.com\/fidedignas"]},{"@type":"Person","@id":"https:\/\/fuentesfidedignas.com.mx\/#\/schema\/person\/47ec0135738f4b0c7495f06a77a2c976","name":"Milenio","image":{"@type":"ImageObject","inLanguage":"es","@id":"https:\/\/secure.gravatar.com\/avatar\/acabf7b54753e51c2c76457954577c236b3b764789b19879565769739d1e4a75?s=96&d=mm&r=g","url":"https:\/\/secure.gravatar.com\/avatar\/acabf7b54753e51c2c76457954577c236b3b764789b19879565769739d1e4a75?s=96&d=mm&r=g","contentUrl":"https:\/\/secure.gravatar.com\/avatar\/acabf7b54753e51c2c76457954577c236b3b764789b19879565769739d1e4a75?s=96&d=mm&r=g","caption":"Milenio"},"url":"https:\/\/fuentesfidedignas.com.mx\/index.php\/author\/milenio\/"}]}},"_links":{"self":[{"href":"https:\/\/fuentesfidedignas.com.mx\/index.php\/wp-json\/wp\/v2\/posts\/85746","targetHints":{"allow":["GET"]}}],"collection":[{"href":"https:\/\/fuentesfidedignas.com.mx\/index.php\/wp-json\/wp\/v2\/posts"}],"about":[{"href":"https:\/\/fuentesfidedignas.com.mx\/index.php\/wp-json\/wp\/v2\/types\/post"}],"author":[{"embeddable":true,"href":"https:\/\/fuentesfidedignas.com.mx\/index.php\/wp-json\/wp\/v2\/users\/9"}],"replies":[{"embeddable":true,"href":"https:\/\/fuentesfidedignas.com.mx\/index.php\/wp-json\/wp\/v2\/comments?post=85746"}],"version-history":[{"count":1,"href":"https:\/\/fuentesfidedignas.com.mx\/index.php\/wp-json\/wp\/v2\/posts\/85746\/revisions"}],"predecessor-version":[{"id":85748,"href":"https:\/\/fuentesfidedignas.com.mx\/index.php\/wp-json\/wp\/v2\/posts\/85746\/revisions\/85748"}],"wp:featuredmedia":[{"embeddable":true,"href":"https:\/\/fuentesfidedignas.com.mx\/index.php\/wp-json\/wp\/v2\/media\/85747"}],"wp:attachment":[{"href":"https:\/\/fuentesfidedignas.com.mx\/index.php\/wp-json\/wp\/v2\/media?parent=85746"}],"wp:term":[{"taxonomy":"category","embeddable":true,"href":"https:\/\/fuentesfidedignas.com.mx\/index.php\/wp-json\/wp\/v2\/categories?post=85746"},{"taxonomy":"post_tag","embeddable":true,"href":"https:\/\/fuentesfidedignas.com.mx\/index.php\/wp-json\/wp\/v2\/tags?post=85746"}],"curies":[{"name":"wp","href":"https:\/\/api.w.org\/{rel}","templated":true}]}}