{"id":85647,"date":"2024-07-04T07:35:36","date_gmt":"2024-07-04T14:35:36","guid":{"rendered":"https:\/\/fuentesfidedignas.com.mx\/?p=85647"},"modified":"2024-07-04T07:35:36","modified_gmt":"2024-07-04T14:35:36","slug":"evacuan-a-miles-de-personas-por-incendio-fuera-de-control-en-california","status":"publish","type":"post","link":"https:\/\/fuentesfidedignas.com.mx\/index.php\/2024\/07\/04\/evacuan-a-miles-de-personas-por-incendio-fuera-de-control-en-california\/","title":{"rendered":"Evac\u00faan a miles de personas por incendio fuera de control en California"},"content":{"rendered":"\n<p><strong><em>El gobierno estatal cancel\u00f3 los festejos por el D\u00eda de la Independencia Unidos debido al incidente y a las altas temperaturas presentadas<\/em><\/strong><\/p>\n\n\n\n<p>Miles de personas recibieron \u00f3rdenes de evacuaci\u00f3n en el norte de California debido al voraz incendio que avanza sin control en medio de una peligrosa ola de calor en el oeste de Estados Unidos que tiene bajo alerta a la regi\u00f3n.<\/p>\n\n\n\n<p>El incendio Thompson ha consumido m\u00e1s de mil 400 hect\u00e1reas desde que inici\u00f3 el martes, de acuerdo con datos oficiales. Las autoridades emitieron \u00f3rdenes de evacuaci\u00f3n para unas 13 mil personas en el condado de Butte. Las llamas se extienden principalmente al norte de la comunidad de Oroville, en Butte, con unos 20 mil residentes.<\/p>\n\n\n\n<p>La localidad est\u00e1 a unos 110 kil\u00f3metros al norte de Sacramento, la capital de California, y a tan solo 38 de Paradise, comunidad arrasada en 2018 por el devastador incendio Camp, el m\u00e1s letal de la historia del estado, con unos 85 fallecidos.<br>Play Video<\/p>\n\n\n\n<p>&#8220;El condado (Butte) est\u00e1 bajo alerta roja desde anoche y se mantendr\u00e1 as\u00ed hasta ma\u00f1ana en la noche&#8221;, inform\u00f3 este mi\u00e9rcoles el jefe de los bomberos en la localidad, Garrett Sjolund.<\/p>\n\n\n\n<p>Una preocupaci\u00f3n adicional para las autoridades es la celebraci\u00f3n del 4 de Julio, D\u00eda de la Independencia de Estados Unidos, en el que por tradici\u00f3n se usan fuegos artificiales. Debido al avance de las llamas, la fiesta ha sido cancelada en el condado. &#8220;Esta es una mala temporada de incendios&#8221;, dijo el sheriff de Butte, Kory Honea.<\/p>\n\n\n\n<p>&#8220;Lo \u00faltimo que necesitamos es alguien que compr\u00f3 fuegos artificiales saliendo a hacer una estupidez. \u00a1No sean idiotas!&#8221;, dijo Honea, quien record\u00f3 que la regi\u00f3n norte enfrent\u00f3 cuatro incendios en dos semanas.<\/p>\n\n\n\n<p>Unos mil 400 bomberos atacan las llamas por tierra con maquinaria pesada y por aire con aviones y helic\u00f3pteros. Sjolund inform\u00f3 que equipos y personal est\u00e1n llegando de otras regiones para reforzar las operaciones.<\/p>\n\n\n\n<p>&#8220;Las condiciones que hay en nuestro condado este verano son muy diferentes a las que hemos experimentado los dos \u00faltimos veranos. Los combustibles son muy densos. La maleza est\u00e1 seca, y como se puede ver, cualquier viento mover\u00e1 un incendio muy r\u00e1pidamente&#8221;, dijo Sjolund.<\/p>\n\n\n\n<p>Unas ocho personas, entre civiles y bomberos, resultaron heridas hasta ahora, en tanto que los equipos de la AFP en el terreno constataron casas y veh\u00edculos achicharrados.<\/p>\n\n\n\n<p><strong>California: gobernador declara estado de emergencia<\/strong><br>&#8220;Estamos usando todas las herramientas disponibles para atacar este incendio, y continuaremos trabajando de cerca con nuestros socios locales y federales para apoyar a las comunidades impactadas&#8221;, dijo Gavin Newsom, gobernador de California.<\/p>\n\n\n\n<p>&#8220;A medida que nos dirigimos a algunos de los m\u00e1s desafiantes meses de la temporada de incendios forestales, el estado est\u00e1 m\u00e1s preparado que nunca para proteger a las comunidades en riesgo con nuevas herramientas, tecnolog\u00eda y recursos&#8221;.<\/p>\n\n\n\n<p>El servicio de meteorolog\u00eda de San Francisco emiti\u00f3 alertas para varias localidades del norte del estado debido a la abrasadora ola de calor que ha llevado el term\u00f3metro en algunas regiones a alcanzar los 46 \u00baC.<\/p>\n\n\n\n<p>&#8220;Una situaci\u00f3n excepcionalmente peligrosa avanza a medida que entramos en una potencialmente letal, hist\u00f3rica y prolongada ola de calor&#8221;, advirti\u00f3 el departamento el martes.<\/p>\n\n\n\n<p>&#8220;Casi 150 millones de personas est\u00e1n bajo advertencias relacionadas con olas de calor a lo largo y ancho de 21 estados hasta esta tarde&#8221;, dijo el servicio este mi\u00e9rcoles. Los servicios de meteorolog\u00eda advierten que las temperaturas continuar\u00e1n altas en el oeste del pa\u00eds, incluyendo estados como Oregon y Washington, en el norte.<\/p>\n\n\n\n<p>Los incendios arrancaron este a\u00f1o en California una temprana temporada que ha consumido m\u00e1s de 17 mil hect\u00e1reas, expertos consideran esto como un anticipo de lo que est\u00e1 por venir en el estado m\u00e1s poblado de Estados Unidos, tras dos a\u00f1os m\u00e1s h\u00famedos.<\/p>\n\n\n\n<p>Con el verano apenas despuntando, varias regiones del oeste del pa\u00eds ya renovaron los r\u00e9cords de calor con infernales temperaturas muy por encima de los 40\u00ba C. Los picos clim\u00e1ticos se han vuelto cada vez m\u00e1s comunes gracias al calentamiento global, en gran parte por la quema indiscriminada de combustibles f\u00f3siles.<\/p>\n","protected":false},"excerpt":{"rendered":"<p>El gobierno estatal cancel\u00f3 los festejos por el D\u00eda de la Independencia Unidos debido al incidente y a las altas temperaturas presentadas Miles de personas recibieron \u00f3rdenes de evacuaci\u00f3n en el norte de California debido al voraz incendio que avanza sin control en medio de una peligrosa ola de calor en el oeste de Estados [&hellip;]<\/p>\n","protected":false},"author":12,"featured_media":85648,"comment_status":"open","ping_status":"open","sticky":false,"template":"","format":"standard","meta":{"tdm_status":"","tdm_grid_status":"","footnotes":""},"categories":[39],"tags":[],"class_list":{"0":"post-85647","1":"post","2":"type-post","3":"status-publish","4":"format-standard","5":"has-post-thumbnail","7":"category-noticias-nacionales"},"yoast_head":"<!-- This site is optimized with the Yoast SEO plugin v27.5 - https:\/\/yoast.com\/product\/yoast-seo-wordpress\/ -->\n<title>Evac\u00faan a miles de personas por incendio fuera de control en California - Fuentes Fidedignas<\/title>\n<meta name=\"robots\" content=\"index, follow, max-snippet:-1, max-image-preview:large, max-video-preview:-1\" \/>\n<link rel=\"canonical\" href=\"https:\/\/fuentesfidedignas.com.mx\/index.php\/2024\/07\/04\/evacuan-a-miles-de-personas-por-incendio-fuera-de-control-en-california\/\" \/>\n<meta property=\"og:locale\" content=\"es_MX\" \/>\n<meta property=\"og:type\" content=\"article\" \/>\n<meta property=\"og:title\" content=\"Evac\u00faan a miles de personas por incendio fuera de control en California - Fuentes Fidedignas\" \/>\n<meta property=\"og:description\" content=\"El gobierno estatal cancel\u00f3 los festejos por el D\u00eda de la Independencia Unidos debido al incidente y a las altas temperaturas presentadas Miles de personas recibieron \u00f3rdenes de evacuaci\u00f3n en el norte de California debido al voraz incendio que avanza sin control en medio de una peligrosa ola de calor en el oeste de Estados [&hellip;]\" \/>\n<meta property=\"og:url\" content=\"https:\/\/fuentesfidedignas.com.mx\/index.php\/2024\/07\/04\/evacuan-a-miles-de-personas-por-incendio-fuera-de-control-en-california\/\" \/>\n<meta property=\"og:site_name\" content=\"Fuentes Fidedignas\" \/>\n<meta property=\"article:publisher\" content=\"https:\/\/www.facebook.com\/Fuentes-Fidedignas-368234489921644\" \/>\n<meta property=\"article:published_time\" content=\"2024-07-04T14:35:36+00:00\" \/>\n<meta property=\"og:image\" content=\"https:\/\/fuentesfidedignas.com.mx\/wp-content\/uploads\/2024\/07\/incendio-en-california.jpg\" \/>\n\t<meta property=\"og:image:width\" content=\"650\" \/>\n\t<meta property=\"og:image:height\" content=\"380\" \/>\n\t<meta property=\"og:image:type\" content=\"image\/jpeg\" \/>\n<meta name=\"author\" content=\"AFP\" \/>\n<meta name=\"twitter:card\" content=\"summary_large_image\" \/>\n<meta name=\"twitter:creator\" content=\"@fidedignas\" \/>\n<meta name=\"twitter:site\" content=\"@fidedignas\" \/>\n<meta name=\"twitter:label1\" content=\"Escrito por\" \/>\n\t<meta name=\"twitter:data1\" content=\"AFP\" \/>\n\t<meta name=\"twitter:label2\" content=\"Tiempo de lectura\" \/>\n\t<meta name=\"twitter:data2\" content=\"4 minutos\" \/>\n<script type=\"application\/ld+json\" class=\"yoast-schema-graph\">{\"@context\":\"https:\\\/\\\/schema.org\",\"@graph\":[{\"@type\":\"Article\",\"@id\":\"https:\\\/\\\/fuentesfidedignas.com.mx\\\/index.php\\\/2024\\\/07\\\/04\\\/evacuan-a-miles-de-personas-por-incendio-fuera-de-control-en-california\\\/#article\",\"isPartOf\":{\"@id\":\"https:\\\/\\\/fuentesfidedignas.com.mx\\\/index.php\\\/2024\\\/07\\\/04\\\/evacuan-a-miles-de-personas-por-incendio-fuera-de-control-en-california\\\/\"},\"author\":{\"name\":\"AFP\",\"@id\":\"https:\\\/\\\/fuentesfidedignas.com.mx\\\/#\\\/schema\\\/person\\\/1827b38c6cf89e1d6cc7d78ca3fae732\"},\"headline\":\"Evac\u00faan a miles de personas por incendio fuera de control en California\",\"datePublished\":\"2024-07-04T14:35:36+00:00\",\"mainEntityOfPage\":{\"@id\":\"https:\\\/\\\/fuentesfidedignas.com.mx\\\/index.php\\\/2024\\\/07\\\/04\\\/evacuan-a-miles-de-personas-por-incendio-fuera-de-control-en-california\\\/\"},\"wordCount\":714,\"commentCount\":0,\"publisher\":{\"@id\":\"https:\\\/\\\/fuentesfidedignas.com.mx\\\/#organization\"},\"image\":{\"@id\":\"https:\\\/\\\/fuentesfidedignas.com.mx\\\/index.php\\\/2024\\\/07\\\/04\\\/evacuan-a-miles-de-personas-por-incendio-fuera-de-control-en-california\\\/#primaryimage\"},\"thumbnailUrl\":\"https:\\\/\\\/fuentesfidedignas.com.mx\\\/wp-content\\\/uploads\\\/2024\\\/07\\\/incendio-en-california.jpg\",\"articleSection\":[\"NOTICIAS NACIONALES\"],\"inLanguage\":\"es\",\"potentialAction\":[{\"@type\":\"CommentAction\",\"name\":\"Comment\",\"target\":[\"https:\\\/\\\/fuentesfidedignas.com.mx\\\/index.php\\\/2024\\\/07\\\/04\\\/evacuan-a-miles-de-personas-por-incendio-fuera-de-control-en-california\\\/#respond\"]}]},{\"@type\":\"WebPage\",\"@id\":\"https:\\\/\\\/fuentesfidedignas.com.mx\\\/index.php\\\/2024\\\/07\\\/04\\\/evacuan-a-miles-de-personas-por-incendio-fuera-de-control-en-california\\\/\",\"url\":\"https:\\\/\\\/fuentesfidedignas.com.mx\\\/index.php\\\/2024\\\/07\\\/04\\\/evacuan-a-miles-de-personas-por-incendio-fuera-de-control-en-california\\\/\",\"name\":\"Evac\u00faan a miles de personas por incendio fuera de control en California - Fuentes Fidedignas\",\"isPartOf\":{\"@id\":\"https:\\\/\\\/fuentesfidedignas.com.mx\\\/#website\"},\"primaryImageOfPage\":{\"@id\":\"https:\\\/\\\/fuentesfidedignas.com.mx\\\/index.php\\\/2024\\\/07\\\/04\\\/evacuan-a-miles-de-personas-por-incendio-fuera-de-control-en-california\\\/#primaryimage\"},\"image\":{\"@id\":\"https:\\\/\\\/fuentesfidedignas.com.mx\\\/index.php\\\/2024\\\/07\\\/04\\\/evacuan-a-miles-de-personas-por-incendio-fuera-de-control-en-california\\\/#primaryimage\"},\"thumbnailUrl\":\"https:\\\/\\\/fuentesfidedignas.com.mx\\\/wp-content\\\/uploads\\\/2024\\\/07\\\/incendio-en-california.jpg\",\"datePublished\":\"2024-07-04T14:35:36+00:00\",\"breadcrumb\":{\"@id\":\"https:\\\/\\\/fuentesfidedignas.com.mx\\\/index.php\\\/2024\\\/07\\\/04\\\/evacuan-a-miles-de-personas-por-incendio-fuera-de-control-en-california\\\/#breadcrumb\"},\"inLanguage\":\"es\",\"potentialAction\":[{\"@type\":\"ReadAction\",\"target\":[\"https:\\\/\\\/fuentesfidedignas.com.mx\\\/index.php\\\/2024\\\/07\\\/04\\\/evacuan-a-miles-de-personas-por-incendio-fuera-de-control-en-california\\\/\"]}]},{\"@type\":\"ImageObject\",\"inLanguage\":\"es\",\"@id\":\"https:\\\/\\\/fuentesfidedignas.com.mx\\\/index.php\\\/2024\\\/07\\\/04\\\/evacuan-a-miles-de-personas-por-incendio-fuera-de-control-en-california\\\/#primaryimage\",\"url\":\"https:\\\/\\\/fuentesfidedignas.com.mx\\\/wp-content\\\/uploads\\\/2024\\\/07\\\/incendio-en-california.jpg\",\"contentUrl\":\"https:\\\/\\\/fuentesfidedignas.com.mx\\\/wp-content\\\/uploads\\\/2024\\\/07\\\/incendio-en-california.jpg\",\"width\":650,\"height\":380},{\"@type\":\"BreadcrumbList\",\"@id\":\"https:\\\/\\\/fuentesfidedignas.com.mx\\\/index.php\\\/2024\\\/07\\\/04\\\/evacuan-a-miles-de-personas-por-incendio-fuera-de-control-en-california\\\/#breadcrumb\",\"itemListElement\":[{\"@type\":\"ListItem\",\"position\":1,\"name\":\"Inicio\",\"item\":\"https:\\\/\\\/fuentesfidedignas.com.mx\\\/\"},{\"@type\":\"ListItem\",\"position\":2,\"name\":\"Evac\u00faan a miles de personas por incendio fuera de control en California\"}]},{\"@type\":\"WebSite\",\"@id\":\"https:\\\/\\\/fuentesfidedignas.com.mx\\\/#website\",\"url\":\"https:\\\/\\\/fuentesfidedignas.com.mx\\\/\",\"name\":\"Fuentes Fidedignas\",\"description\":\"Otro sitio realizado con WordPress\",\"publisher\":{\"@id\":\"https:\\\/\\\/fuentesfidedignas.com.mx\\\/#organization\"},\"potentialAction\":[{\"@type\":\"SearchAction\",\"target\":{\"@type\":\"EntryPoint\",\"urlTemplate\":\"https:\\\/\\\/fuentesfidedignas.com.mx\\\/?s={search_term_string}\"},\"query-input\":{\"@type\":\"PropertyValueSpecification\",\"valueRequired\":true,\"valueName\":\"search_term_string\"}}],\"inLanguage\":\"es\"},{\"@type\":\"Organization\",\"@id\":\"https:\\\/\\\/fuentesfidedignas.com.mx\\\/#organization\",\"name\":\"Fuentes Fidedignas\",\"url\":\"https:\\\/\\\/fuentesfidedignas.com.mx\\\/\",\"logo\":{\"@type\":\"ImageObject\",\"inLanguage\":\"es\",\"@id\":\"https:\\\/\\\/fuentesfidedignas.com.mx\\\/#\\\/schema\\\/logo\\\/image\\\/\",\"url\":\"https:\\\/\\\/fuentesfidedignas.com.mx\\\/wp-content\\\/uploads\\\/2021\\\/04\\\/logo-retina.png\",\"contentUrl\":\"https:\\\/\\\/fuentesfidedignas.com.mx\\\/wp-content\\\/uploads\\\/2021\\\/04\\\/logo-retina.png\",\"width\":280,\"height\":51,\"caption\":\"Fuentes Fidedignas\"},\"image\":{\"@id\":\"https:\\\/\\\/fuentesfidedignas.com.mx\\\/#\\\/schema\\\/logo\\\/image\\\/\"},\"sameAs\":[\"https:\\\/\\\/www.facebook.com\\\/Fuentes-Fidedignas-368234489921644\",\"https:\\\/\\\/x.com\\\/fidedignas\"]},{\"@type\":\"Person\",\"@id\":\"https:\\\/\\\/fuentesfidedignas.com.mx\\\/#\\\/schema\\\/person\\\/1827b38c6cf89e1d6cc7d78ca3fae732\",\"name\":\"AFP\",\"image\":{\"@type\":\"ImageObject\",\"inLanguage\":\"es\",\"@id\":\"https:\\\/\\\/secure.gravatar.com\\\/avatar\\\/236827d2ee9bf15e1ea99e0c1cd1b467cffa55e324d177638d0f8de7950cbae6?s=96&d=mm&r=g\",\"url\":\"https:\\\/\\\/secure.gravatar.com\\\/avatar\\\/236827d2ee9bf15e1ea99e0c1cd1b467cffa55e324d177638d0f8de7950cbae6?s=96&d=mm&r=g\",\"contentUrl\":\"https:\\\/\\\/secure.gravatar.com\\\/avatar\\\/236827d2ee9bf15e1ea99e0c1cd1b467cffa55e324d177638d0f8de7950cbae6?s=96&d=mm&r=g\",\"caption\":\"AFP\"},\"url\":\"https:\\\/\\\/fuentesfidedignas.com.mx\\\/index.php\\\/author\\\/afp\\\/\"}]}<\/script>\n<!-- \/ Yoast SEO plugin. -->","yoast_head_json":{"title":"Evac\u00faan a miles de personas por incendio fuera de control en California - Fuentes Fidedignas","robots":{"index":"index","follow":"follow","max-snippet":"max-snippet:-1","max-image-preview":"max-image-preview:large","max-video-preview":"max-video-preview:-1"},"canonical":"https:\/\/fuentesfidedignas.com.mx\/index.php\/2024\/07\/04\/evacuan-a-miles-de-personas-por-incendio-fuera-de-control-en-california\/","og_locale":"es_MX","og_type":"article","og_title":"Evac\u00faan a miles de personas por incendio fuera de control en California - Fuentes Fidedignas","og_description":"El gobierno estatal cancel\u00f3 los festejos por el D\u00eda de la Independencia Unidos debido al incidente y a las altas temperaturas presentadas Miles de personas recibieron \u00f3rdenes de evacuaci\u00f3n en el norte de California debido al voraz incendio que avanza sin control en medio de una peligrosa ola de calor en el oeste de Estados [&hellip;]","og_url":"https:\/\/fuentesfidedignas.com.mx\/index.php\/2024\/07\/04\/evacuan-a-miles-de-personas-por-incendio-fuera-de-control-en-california\/","og_site_name":"Fuentes Fidedignas","article_publisher":"https:\/\/www.facebook.com\/Fuentes-Fidedignas-368234489921644","article_published_time":"2024-07-04T14:35:36+00:00","og_image":[{"width":650,"height":380,"url":"https:\/\/fuentesfidedignas.com.mx\/wp-content\/uploads\/2024\/07\/incendio-en-california.jpg","type":"image\/jpeg"}],"author":"AFP","twitter_card":"summary_large_image","twitter_creator":"@fidedignas","twitter_site":"@fidedignas","twitter_misc":{"Escrito por":"AFP","Tiempo de lectura":"4 minutos"},"schema":{"@context":"https:\/\/schema.org","@graph":[{"@type":"Article","@id":"https:\/\/fuentesfidedignas.com.mx\/index.php\/2024\/07\/04\/evacuan-a-miles-de-personas-por-incendio-fuera-de-control-en-california\/#article","isPartOf":{"@id":"https:\/\/fuentesfidedignas.com.mx\/index.php\/2024\/07\/04\/evacuan-a-miles-de-personas-por-incendio-fuera-de-control-en-california\/"},"author":{"name":"AFP","@id":"https:\/\/fuentesfidedignas.com.mx\/#\/schema\/person\/1827b38c6cf89e1d6cc7d78ca3fae732"},"headline":"Evac\u00faan a miles de personas por incendio fuera de control en California","datePublished":"2024-07-04T14:35:36+00:00","mainEntityOfPage":{"@id":"https:\/\/fuentesfidedignas.com.mx\/index.php\/2024\/07\/04\/evacuan-a-miles-de-personas-por-incendio-fuera-de-control-en-california\/"},"wordCount":714,"commentCount":0,"publisher":{"@id":"https:\/\/fuentesfidedignas.com.mx\/#organization"},"image":{"@id":"https:\/\/fuentesfidedignas.com.mx\/index.php\/2024\/07\/04\/evacuan-a-miles-de-personas-por-incendio-fuera-de-control-en-california\/#primaryimage"},"thumbnailUrl":"https:\/\/fuentesfidedignas.com.mx\/wp-content\/uploads\/2024\/07\/incendio-en-california.jpg","articleSection":["NOTICIAS NACIONALES"],"inLanguage":"es","potentialAction":[{"@type":"CommentAction","name":"Comment","target":["https:\/\/fuentesfidedignas.com.mx\/index.php\/2024\/07\/04\/evacuan-a-miles-de-personas-por-incendio-fuera-de-control-en-california\/#respond"]}]},{"@type":"WebPage","@id":"https:\/\/fuentesfidedignas.com.mx\/index.php\/2024\/07\/04\/evacuan-a-miles-de-personas-por-incendio-fuera-de-control-en-california\/","url":"https:\/\/fuentesfidedignas.com.mx\/index.php\/2024\/07\/04\/evacuan-a-miles-de-personas-por-incendio-fuera-de-control-en-california\/","name":"Evac\u00faan a miles de personas por incendio fuera de control en California - Fuentes Fidedignas","isPartOf":{"@id":"https:\/\/fuentesfidedignas.com.mx\/#website"},"primaryImageOfPage":{"@id":"https:\/\/fuentesfidedignas.com.mx\/index.php\/2024\/07\/04\/evacuan-a-miles-de-personas-por-incendio-fuera-de-control-en-california\/#primaryimage"},"image":{"@id":"https:\/\/fuentesfidedignas.com.mx\/index.php\/2024\/07\/04\/evacuan-a-miles-de-personas-por-incendio-fuera-de-control-en-california\/#primaryimage"},"thumbnailUrl":"https:\/\/fuentesfidedignas.com.mx\/wp-content\/uploads\/2024\/07\/incendio-en-california.jpg","datePublished":"2024-07-04T14:35:36+00:00","breadcrumb":{"@id":"https:\/\/fuentesfidedignas.com.mx\/index.php\/2024\/07\/04\/evacuan-a-miles-de-personas-por-incendio-fuera-de-control-en-california\/#breadcrumb"},"inLanguage":"es","potentialAction":[{"@type":"ReadAction","target":["https:\/\/fuentesfidedignas.com.mx\/index.php\/2024\/07\/04\/evacuan-a-miles-de-personas-por-incendio-fuera-de-control-en-california\/"]}]},{"@type":"ImageObject","inLanguage":"es","@id":"https:\/\/fuentesfidedignas.com.mx\/index.php\/2024\/07\/04\/evacuan-a-miles-de-personas-por-incendio-fuera-de-control-en-california\/#primaryimage","url":"https:\/\/fuentesfidedignas.com.mx\/wp-content\/uploads\/2024\/07\/incendio-en-california.jpg","contentUrl":"https:\/\/fuentesfidedignas.com.mx\/wp-content\/uploads\/2024\/07\/incendio-en-california.jpg","width":650,"height":380},{"@type":"BreadcrumbList","@id":"https:\/\/fuentesfidedignas.com.mx\/index.php\/2024\/07\/04\/evacuan-a-miles-de-personas-por-incendio-fuera-de-control-en-california\/#breadcrumb","itemListElement":[{"@type":"ListItem","position":1,"name":"Inicio","item":"https:\/\/fuentesfidedignas.com.mx\/"},{"@type":"ListItem","position":2,"name":"Evac\u00faan a miles de personas por incendio fuera de control en California"}]},{"@type":"WebSite","@id":"https:\/\/fuentesfidedignas.com.mx\/#website","url":"https:\/\/fuentesfidedignas.com.mx\/","name":"Fuentes Fidedignas","description":"Otro sitio realizado con WordPress","publisher":{"@id":"https:\/\/fuentesfidedignas.com.mx\/#organization"},"potentialAction":[{"@type":"SearchAction","target":{"@type":"EntryPoint","urlTemplate":"https:\/\/fuentesfidedignas.com.mx\/?s={search_term_string}"},"query-input":{"@type":"PropertyValueSpecification","valueRequired":true,"valueName":"search_term_string"}}],"inLanguage":"es"},{"@type":"Organization","@id":"https:\/\/fuentesfidedignas.com.mx\/#organization","name":"Fuentes Fidedignas","url":"https:\/\/fuentesfidedignas.com.mx\/","logo":{"@type":"ImageObject","inLanguage":"es","@id":"https:\/\/fuentesfidedignas.com.mx\/#\/schema\/logo\/image\/","url":"https:\/\/fuentesfidedignas.com.mx\/wp-content\/uploads\/2021\/04\/logo-retina.png","contentUrl":"https:\/\/fuentesfidedignas.com.mx\/wp-content\/uploads\/2021\/04\/logo-retina.png","width":280,"height":51,"caption":"Fuentes Fidedignas"},"image":{"@id":"https:\/\/fuentesfidedignas.com.mx\/#\/schema\/logo\/image\/"},"sameAs":["https:\/\/www.facebook.com\/Fuentes-Fidedignas-368234489921644","https:\/\/x.com\/fidedignas"]},{"@type":"Person","@id":"https:\/\/fuentesfidedignas.com.mx\/#\/schema\/person\/1827b38c6cf89e1d6cc7d78ca3fae732","name":"AFP","image":{"@type":"ImageObject","inLanguage":"es","@id":"https:\/\/secure.gravatar.com\/avatar\/236827d2ee9bf15e1ea99e0c1cd1b467cffa55e324d177638d0f8de7950cbae6?s=96&d=mm&r=g","url":"https:\/\/secure.gravatar.com\/avatar\/236827d2ee9bf15e1ea99e0c1cd1b467cffa55e324d177638d0f8de7950cbae6?s=96&d=mm&r=g","contentUrl":"https:\/\/secure.gravatar.com\/avatar\/236827d2ee9bf15e1ea99e0c1cd1b467cffa55e324d177638d0f8de7950cbae6?s=96&d=mm&r=g","caption":"AFP"},"url":"https:\/\/fuentesfidedignas.com.mx\/index.php\/author\/afp\/"}]}},"_links":{"self":[{"href":"https:\/\/fuentesfidedignas.com.mx\/index.php\/wp-json\/wp\/v2\/posts\/85647","targetHints":{"allow":["GET"]}}],"collection":[{"href":"https:\/\/fuentesfidedignas.com.mx\/index.php\/wp-json\/wp\/v2\/posts"}],"about":[{"href":"https:\/\/fuentesfidedignas.com.mx\/index.php\/wp-json\/wp\/v2\/types\/post"}],"author":[{"embeddable":true,"href":"https:\/\/fuentesfidedignas.com.mx\/index.php\/wp-json\/wp\/v2\/users\/12"}],"replies":[{"embeddable":true,"href":"https:\/\/fuentesfidedignas.com.mx\/index.php\/wp-json\/wp\/v2\/comments?post=85647"}],"version-history":[{"count":1,"href":"https:\/\/fuentesfidedignas.com.mx\/index.php\/wp-json\/wp\/v2\/posts\/85647\/revisions"}],"predecessor-version":[{"id":85649,"href":"https:\/\/fuentesfidedignas.com.mx\/index.php\/wp-json\/wp\/v2\/posts\/85647\/revisions\/85649"}],"wp:featuredmedia":[{"embeddable":true,"href":"https:\/\/fuentesfidedignas.com.mx\/index.php\/wp-json\/wp\/v2\/media\/85648"}],"wp:attachment":[{"href":"https:\/\/fuentesfidedignas.com.mx\/index.php\/wp-json\/wp\/v2\/media?parent=85647"}],"wp:term":[{"taxonomy":"category","embeddable":true,"href":"https:\/\/fuentesfidedignas.com.mx\/index.php\/wp-json\/wp\/v2\/categories?post=85647"},{"taxonomy":"post_tag","embeddable":true,"href":"https:\/\/fuentesfidedignas.com.mx\/index.php\/wp-json\/wp\/v2\/tags?post=85647"}],"curies":[{"name":"wp","href":"https:\/\/api.w.org\/{rel}","templated":true}]}}