{"id":85636,"date":"2024-07-04T06:45:23","date_gmt":"2024-07-04T13:45:23","guid":{"rendered":"https:\/\/fuentesfidedignas.com.mx\/?p=85636"},"modified":"2024-07-04T06:46:20","modified_gmt":"2024-07-04T13:46:20","slug":"colectivos-de-sinaloa-denuncian-aumento-de-secuestros-y-acoso-sexual-en-los-mochis","status":"publish","type":"post","link":"https:\/\/fuentesfidedignas.com.mx\/index.php\/2024\/07\/04\/colectivos-de-sinaloa-denuncian-aumento-de-secuestros-y-acoso-sexual-en-los-mochis\/","title":{"rendered":"Colectivos feministas denuncian aumento de secuestros y acoso sexual en Los Mochis"},"content":{"rendered":"\n<p><strong><em>Exigen medidas urgentes de seguridad y una respuesta efectiva por parte de las autoridades locales.<\/em><\/strong><\/p>\n\n\n\n<p>Los colectivos feministas Sororas Sinaloa y Pitaya denunciaron una serie de incidentes de \u201clevantones\u201d, secuestros y acoso a mujeres en la zona de Ciudad Deportiva en Los Mochis, Sinaloa.\u00a0<\/p>\n\n\n\n<p>En un comunicado reciente, estos grupos subrayaron la necesidad urgente de tomar medidas para garantizar la seguridad de las mujeres que frecuentan estos espacios.<\/p>\n\n\n\n<p>Ambos colectivos informaron que ya se han denunciado dos casos ante la Fiscal\u00eda General del Estado: uno en el Cerro de la Memoria y otro en la zona Centenario, ambos ocurridos en horas del d\u00eda cuando hay menos afluencia de personas.&nbsp;<\/p>\n\n\n\n<p>En estos incidentes, varios hombres a bordo de un veh\u00edculo abordaron a la v\u00edctima, la privaron de su libertad en lo que se conoce como un \u201clevant\u00f3n\u201d, y posteriormente la liberaron despu\u00e9s de agredirla sexualmente, unas horas m\u00e1s tarde.<\/p>\n\n\n\n<p>La demanda es clara: una mayor presencia policial y estrategias efectivas para prevenir estos actos.<\/p>\n\n\n\n<p>\u201cEs algo que quisi\u00e9ramos que no existiera, pero lamentablemente es algo que no est\u00e1 en nuestras manos, por eso que los diferentes colectivos y representantes de los derechos humanos, nos vemos en la necesidad de sacar un comunicado o nota informativa, en la que preven\u00edamos, y m\u00e1s que nada por seguridad de muchas mujeres sobre estos casos&#8221;.<\/p>\n\n\n\n<p>&#8220;Lamentamos sinceramente la forma en la que los diferentes representantes de instituciones de seguridad lo tomaron, ya que en un primer momento estaban negativos a las notas y despu\u00e9s de alguna manera las invisibilizaban\u201d se\u00f1al\u00f3 Digonora Valdez, fundadora del colectivo \u201cVioletas Ingobernables\u201d, defensora de los derechos humanos y polic\u00eda municipal en activo.<\/p>\n\n\n\n<p><strong>Implementan medidas de vigilancia en Los Mochis<\/strong><br>Ante esto, la Secretar\u00eda de Seguridad y Protecci\u00f3n Ciudadana de Ahome anunci\u00f3 medidas significativas para reforzar la vigilancia en los puntos cr\u00edticos se\u00f1alados.\u00a0<\/p>\n\n\n\n<p>El subsecretario Carlos Francisco Rodr\u00edguez Ponce destac\u00f3 la implementaci\u00f3n de patrullajes en bicicleta, con agentes equipados con radios para atender r\u00e1pidamente cualquier denuncia ciudadana.<\/p>\n\n\n\n<p>Adem\u00e1s, se sumar\u00e1n los elementos del Grupo de Operaciones T\u00e1cticas Especiales (GOTE) a los esfuerzos de vigilancia.<\/p>\n\n\n\n<p>Los colectivos manifestaron su descontento con la respuesta de las autoridades, que intentan minimizar un problema en una ciudad que experimentaron casos crueles de feminicidios en los \u00faltimos a\u00f1os. Por esta raz\u00f3n, proponen medidas m\u00e1s all\u00e1 de simples rondines de vigilancia.<\/p>\n\n\n\n<p>\u201cEn este momento le pedimos a las autoridades refuercen y aseguren, la seguridad para las mujeres y las ni\u00f1as de nuestro municipio, as\u00ed como una mejor coordinaci\u00f3n entre ellos y por supuesto que chequen el 911, la institucionalidad&#8221;.\u00a0<\/p>\n\n\n\n<p>&#8220;Que haya un seguimiento de seguridad, deber\u00edan de existir m\u00e1s personas representantes de la ciudadan\u00eda, as\u00ed como colectivos en las mesas de seguridad para dar seguimiento a todos y cada uno de las demandas o denuncias que d\u00eda con d\u00eda se nos est\u00e1n presentando\u201d culmin\u00f3 Dignora.<\/p>\n","protected":false},"excerpt":{"rendered":"<p>Exigen medidas urgentes de seguridad y una respuesta efectiva por parte de las autoridades locales. Los colectivos feministas Sororas Sinaloa y Pitaya denunciaron una serie de incidentes de \u201clevantones\u201d, secuestros y acoso a mujeres en la zona de Ciudad Deportiva en Los Mochis, Sinaloa.\u00a0 En un comunicado reciente, estos grupos subrayaron la necesidad urgente de [&hellip;]<\/p>\n","protected":false},"author":9,"featured_media":85637,"comment_status":"open","ping_status":"open","sticky":false,"template":"","format":"standard","meta":{"tdm_status":"","tdm_grid_status":"","footnotes":""},"categories":[37],"tags":[],"class_list":{"0":"post-85636","1":"post","2":"type-post","3":"status-publish","4":"format-standard","5":"has-post-thumbnail","7":"category-nota-principal"},"yoast_head":"<!-- This site is optimized with the Yoast SEO plugin v27.5 - https:\/\/yoast.com\/product\/yoast-seo-wordpress\/ -->\n<title>Colectivos feministas denuncian aumento de secuestros y acoso sexual en Los Mochis - Fuentes Fidedignas<\/title>\n<meta name=\"robots\" content=\"index, follow, max-snippet:-1, max-image-preview:large, max-video-preview:-1\" \/>\n<link rel=\"canonical\" href=\"https:\/\/fuentesfidedignas.com.mx\/index.php\/2024\/07\/04\/colectivos-de-sinaloa-denuncian-aumento-de-secuestros-y-acoso-sexual-en-los-mochis\/\" \/>\n<meta property=\"og:locale\" content=\"es_MX\" \/>\n<meta property=\"og:type\" content=\"article\" \/>\n<meta property=\"og:title\" content=\"Colectivos feministas denuncian aumento de secuestros y acoso sexual en Los Mochis - Fuentes Fidedignas\" \/>\n<meta property=\"og:description\" content=\"Exigen medidas urgentes de seguridad y una respuesta efectiva por parte de las autoridades locales. Los colectivos feministas Sororas Sinaloa y Pitaya denunciaron una serie de incidentes de \u201clevantones\u201d, secuestros y acoso a mujeres en la zona de Ciudad Deportiva en Los Mochis, Sinaloa.\u00a0 En un comunicado reciente, estos grupos subrayaron la necesidad urgente de [&hellip;]\" \/>\n<meta property=\"og:url\" content=\"https:\/\/fuentesfidedignas.com.mx\/index.php\/2024\/07\/04\/colectivos-de-sinaloa-denuncian-aumento-de-secuestros-y-acoso-sexual-en-los-mochis\/\" \/>\n<meta property=\"og:site_name\" content=\"Fuentes Fidedignas\" \/>\n<meta property=\"article:publisher\" content=\"https:\/\/www.facebook.com\/Fuentes-Fidedignas-368234489921644\" \/>\n<meta property=\"article:published_time\" content=\"2024-07-04T13:45:23+00:00\" \/>\n<meta property=\"article:modified_time\" content=\"2024-07-04T13:46:20+00:00\" \/>\n<meta property=\"og:image\" content=\"https:\/\/fuentesfidedignas.com.mx\/wp-content\/uploads\/2024\/07\/autoridades-rondin.jpg\" \/>\n\t<meta property=\"og:image:width\" content=\"650\" \/>\n\t<meta property=\"og:image:height\" content=\"362\" \/>\n\t<meta property=\"og:image:type\" content=\"image\/jpeg\" \/>\n<meta name=\"author\" content=\"Milenio\" \/>\n<meta name=\"twitter:card\" content=\"summary_large_image\" \/>\n<meta name=\"twitter:creator\" content=\"@fidedignas\" \/>\n<meta name=\"twitter:site\" content=\"@fidedignas\" \/>\n<meta name=\"twitter:label1\" content=\"Escrito por\" \/>\n\t<meta name=\"twitter:data1\" content=\"Milenio\" \/>\n\t<meta name=\"twitter:label2\" content=\"Tiempo de lectura\" \/>\n\t<meta name=\"twitter:data2\" content=\"3 minutos\" \/>\n<script type=\"application\/ld+json\" class=\"yoast-schema-graph\">{\"@context\":\"https:\\\/\\\/schema.org\",\"@graph\":[{\"@type\":\"Article\",\"@id\":\"https:\\\/\\\/fuentesfidedignas.com.mx\\\/index.php\\\/2024\\\/07\\\/04\\\/colectivos-de-sinaloa-denuncian-aumento-de-secuestros-y-acoso-sexual-en-los-mochis\\\/#article\",\"isPartOf\":{\"@id\":\"https:\\\/\\\/fuentesfidedignas.com.mx\\\/index.php\\\/2024\\\/07\\\/04\\\/colectivos-de-sinaloa-denuncian-aumento-de-secuestros-y-acoso-sexual-en-los-mochis\\\/\"},\"author\":{\"name\":\"Milenio\",\"@id\":\"https:\\\/\\\/fuentesfidedignas.com.mx\\\/#\\\/schema\\\/person\\\/47ec0135738f4b0c7495f06a77a2c976\"},\"headline\":\"Colectivos feministas denuncian aumento de secuestros y acoso sexual en Los Mochis\",\"datePublished\":\"2024-07-04T13:45:23+00:00\",\"dateModified\":\"2024-07-04T13:46:20+00:00\",\"mainEntityOfPage\":{\"@id\":\"https:\\\/\\\/fuentesfidedignas.com.mx\\\/index.php\\\/2024\\\/07\\\/04\\\/colectivos-de-sinaloa-denuncian-aumento-de-secuestros-y-acoso-sexual-en-los-mochis\\\/\"},\"wordCount\":514,\"commentCount\":0,\"publisher\":{\"@id\":\"https:\\\/\\\/fuentesfidedignas.com.mx\\\/#organization\"},\"image\":{\"@id\":\"https:\\\/\\\/fuentesfidedignas.com.mx\\\/index.php\\\/2024\\\/07\\\/04\\\/colectivos-de-sinaloa-denuncian-aumento-de-secuestros-y-acoso-sexual-en-los-mochis\\\/#primaryimage\"},\"thumbnailUrl\":\"https:\\\/\\\/fuentesfidedignas.com.mx\\\/wp-content\\\/uploads\\\/2024\\\/07\\\/autoridades-rondin.jpg\",\"articleSection\":[\"NOTA PRINCIPAL\"],\"inLanguage\":\"es\",\"potentialAction\":[{\"@type\":\"CommentAction\",\"name\":\"Comment\",\"target\":[\"https:\\\/\\\/fuentesfidedignas.com.mx\\\/index.php\\\/2024\\\/07\\\/04\\\/colectivos-de-sinaloa-denuncian-aumento-de-secuestros-y-acoso-sexual-en-los-mochis\\\/#respond\"]}]},{\"@type\":\"WebPage\",\"@id\":\"https:\\\/\\\/fuentesfidedignas.com.mx\\\/index.php\\\/2024\\\/07\\\/04\\\/colectivos-de-sinaloa-denuncian-aumento-de-secuestros-y-acoso-sexual-en-los-mochis\\\/\",\"url\":\"https:\\\/\\\/fuentesfidedignas.com.mx\\\/index.php\\\/2024\\\/07\\\/04\\\/colectivos-de-sinaloa-denuncian-aumento-de-secuestros-y-acoso-sexual-en-los-mochis\\\/\",\"name\":\"Colectivos feministas denuncian aumento de secuestros y acoso sexual en Los Mochis - Fuentes Fidedignas\",\"isPartOf\":{\"@id\":\"https:\\\/\\\/fuentesfidedignas.com.mx\\\/#website\"},\"primaryImageOfPage\":{\"@id\":\"https:\\\/\\\/fuentesfidedignas.com.mx\\\/index.php\\\/2024\\\/07\\\/04\\\/colectivos-de-sinaloa-denuncian-aumento-de-secuestros-y-acoso-sexual-en-los-mochis\\\/#primaryimage\"},\"image\":{\"@id\":\"https:\\\/\\\/fuentesfidedignas.com.mx\\\/index.php\\\/2024\\\/07\\\/04\\\/colectivos-de-sinaloa-denuncian-aumento-de-secuestros-y-acoso-sexual-en-los-mochis\\\/#primaryimage\"},\"thumbnailUrl\":\"https:\\\/\\\/fuentesfidedignas.com.mx\\\/wp-content\\\/uploads\\\/2024\\\/07\\\/autoridades-rondin.jpg\",\"datePublished\":\"2024-07-04T13:45:23+00:00\",\"dateModified\":\"2024-07-04T13:46:20+00:00\",\"breadcrumb\":{\"@id\":\"https:\\\/\\\/fuentesfidedignas.com.mx\\\/index.php\\\/2024\\\/07\\\/04\\\/colectivos-de-sinaloa-denuncian-aumento-de-secuestros-y-acoso-sexual-en-los-mochis\\\/#breadcrumb\"},\"inLanguage\":\"es\",\"potentialAction\":[{\"@type\":\"ReadAction\",\"target\":[\"https:\\\/\\\/fuentesfidedignas.com.mx\\\/index.php\\\/2024\\\/07\\\/04\\\/colectivos-de-sinaloa-denuncian-aumento-de-secuestros-y-acoso-sexual-en-los-mochis\\\/\"]}]},{\"@type\":\"ImageObject\",\"inLanguage\":\"es\",\"@id\":\"https:\\\/\\\/fuentesfidedignas.com.mx\\\/index.php\\\/2024\\\/07\\\/04\\\/colectivos-de-sinaloa-denuncian-aumento-de-secuestros-y-acoso-sexual-en-los-mochis\\\/#primaryimage\",\"url\":\"https:\\\/\\\/fuentesfidedignas.com.mx\\\/wp-content\\\/uploads\\\/2024\\\/07\\\/autoridades-rondin.jpg\",\"contentUrl\":\"https:\\\/\\\/fuentesfidedignas.com.mx\\\/wp-content\\\/uploads\\\/2024\\\/07\\\/autoridades-rondin.jpg\",\"width\":650,\"height\":362},{\"@type\":\"BreadcrumbList\",\"@id\":\"https:\\\/\\\/fuentesfidedignas.com.mx\\\/index.php\\\/2024\\\/07\\\/04\\\/colectivos-de-sinaloa-denuncian-aumento-de-secuestros-y-acoso-sexual-en-los-mochis\\\/#breadcrumb\",\"itemListElement\":[{\"@type\":\"ListItem\",\"position\":1,\"name\":\"Inicio\",\"item\":\"https:\\\/\\\/fuentesfidedignas.com.mx\\\/\"},{\"@type\":\"ListItem\",\"position\":2,\"name\":\"Colectivos feministas denuncian aumento de secuestros y acoso sexual en Los Mochis\"}]},{\"@type\":\"WebSite\",\"@id\":\"https:\\\/\\\/fuentesfidedignas.com.mx\\\/#website\",\"url\":\"https:\\\/\\\/fuentesfidedignas.com.mx\\\/\",\"name\":\"Fuentes Fidedignas\",\"description\":\"Otro sitio realizado con WordPress\",\"publisher\":{\"@id\":\"https:\\\/\\\/fuentesfidedignas.com.mx\\\/#organization\"},\"potentialAction\":[{\"@type\":\"SearchAction\",\"target\":{\"@type\":\"EntryPoint\",\"urlTemplate\":\"https:\\\/\\\/fuentesfidedignas.com.mx\\\/?s={search_term_string}\"},\"query-input\":{\"@type\":\"PropertyValueSpecification\",\"valueRequired\":true,\"valueName\":\"search_term_string\"}}],\"inLanguage\":\"es\"},{\"@type\":\"Organization\",\"@id\":\"https:\\\/\\\/fuentesfidedignas.com.mx\\\/#organization\",\"name\":\"Fuentes Fidedignas\",\"url\":\"https:\\\/\\\/fuentesfidedignas.com.mx\\\/\",\"logo\":{\"@type\":\"ImageObject\",\"inLanguage\":\"es\",\"@id\":\"https:\\\/\\\/fuentesfidedignas.com.mx\\\/#\\\/schema\\\/logo\\\/image\\\/\",\"url\":\"https:\\\/\\\/fuentesfidedignas.com.mx\\\/wp-content\\\/uploads\\\/2021\\\/04\\\/logo-retina.png\",\"contentUrl\":\"https:\\\/\\\/fuentesfidedignas.com.mx\\\/wp-content\\\/uploads\\\/2021\\\/04\\\/logo-retina.png\",\"width\":280,\"height\":51,\"caption\":\"Fuentes Fidedignas\"},\"image\":{\"@id\":\"https:\\\/\\\/fuentesfidedignas.com.mx\\\/#\\\/schema\\\/logo\\\/image\\\/\"},\"sameAs\":[\"https:\\\/\\\/www.facebook.com\\\/Fuentes-Fidedignas-368234489921644\",\"https:\\\/\\\/x.com\\\/fidedignas\"]},{\"@type\":\"Person\",\"@id\":\"https:\\\/\\\/fuentesfidedignas.com.mx\\\/#\\\/schema\\\/person\\\/47ec0135738f4b0c7495f06a77a2c976\",\"name\":\"Milenio\",\"image\":{\"@type\":\"ImageObject\",\"inLanguage\":\"es\",\"@id\":\"https:\\\/\\\/secure.gravatar.com\\\/avatar\\\/acabf7b54753e51c2c76457954577c236b3b764789b19879565769739d1e4a75?s=96&d=mm&r=g\",\"url\":\"https:\\\/\\\/secure.gravatar.com\\\/avatar\\\/acabf7b54753e51c2c76457954577c236b3b764789b19879565769739d1e4a75?s=96&d=mm&r=g\",\"contentUrl\":\"https:\\\/\\\/secure.gravatar.com\\\/avatar\\\/acabf7b54753e51c2c76457954577c236b3b764789b19879565769739d1e4a75?s=96&d=mm&r=g\",\"caption\":\"Milenio\"},\"url\":\"https:\\\/\\\/fuentesfidedignas.com.mx\\\/index.php\\\/author\\\/milenio\\\/\"}]}<\/script>\n<!-- \/ Yoast SEO plugin. -->","yoast_head_json":{"title":"Colectivos feministas denuncian aumento de secuestros y acoso sexual en Los Mochis - Fuentes Fidedignas","robots":{"index":"index","follow":"follow","max-snippet":"max-snippet:-1","max-image-preview":"max-image-preview:large","max-video-preview":"max-video-preview:-1"},"canonical":"https:\/\/fuentesfidedignas.com.mx\/index.php\/2024\/07\/04\/colectivos-de-sinaloa-denuncian-aumento-de-secuestros-y-acoso-sexual-en-los-mochis\/","og_locale":"es_MX","og_type":"article","og_title":"Colectivos feministas denuncian aumento de secuestros y acoso sexual en Los Mochis - Fuentes Fidedignas","og_description":"Exigen medidas urgentes de seguridad y una respuesta efectiva por parte de las autoridades locales. Los colectivos feministas Sororas Sinaloa y Pitaya denunciaron una serie de incidentes de \u201clevantones\u201d, secuestros y acoso a mujeres en la zona de Ciudad Deportiva en Los Mochis, Sinaloa.\u00a0 En un comunicado reciente, estos grupos subrayaron la necesidad urgente de [&hellip;]","og_url":"https:\/\/fuentesfidedignas.com.mx\/index.php\/2024\/07\/04\/colectivos-de-sinaloa-denuncian-aumento-de-secuestros-y-acoso-sexual-en-los-mochis\/","og_site_name":"Fuentes Fidedignas","article_publisher":"https:\/\/www.facebook.com\/Fuentes-Fidedignas-368234489921644","article_published_time":"2024-07-04T13:45:23+00:00","article_modified_time":"2024-07-04T13:46:20+00:00","og_image":[{"width":650,"height":362,"url":"https:\/\/fuentesfidedignas.com.mx\/wp-content\/uploads\/2024\/07\/autoridades-rondin.jpg","type":"image\/jpeg"}],"author":"Milenio","twitter_card":"summary_large_image","twitter_creator":"@fidedignas","twitter_site":"@fidedignas","twitter_misc":{"Escrito por":"Milenio","Tiempo de lectura":"3 minutos"},"schema":{"@context":"https:\/\/schema.org","@graph":[{"@type":"Article","@id":"https:\/\/fuentesfidedignas.com.mx\/index.php\/2024\/07\/04\/colectivos-de-sinaloa-denuncian-aumento-de-secuestros-y-acoso-sexual-en-los-mochis\/#article","isPartOf":{"@id":"https:\/\/fuentesfidedignas.com.mx\/index.php\/2024\/07\/04\/colectivos-de-sinaloa-denuncian-aumento-de-secuestros-y-acoso-sexual-en-los-mochis\/"},"author":{"name":"Milenio","@id":"https:\/\/fuentesfidedignas.com.mx\/#\/schema\/person\/47ec0135738f4b0c7495f06a77a2c976"},"headline":"Colectivos feministas denuncian aumento de secuestros y acoso sexual en Los Mochis","datePublished":"2024-07-04T13:45:23+00:00","dateModified":"2024-07-04T13:46:20+00:00","mainEntityOfPage":{"@id":"https:\/\/fuentesfidedignas.com.mx\/index.php\/2024\/07\/04\/colectivos-de-sinaloa-denuncian-aumento-de-secuestros-y-acoso-sexual-en-los-mochis\/"},"wordCount":514,"commentCount":0,"publisher":{"@id":"https:\/\/fuentesfidedignas.com.mx\/#organization"},"image":{"@id":"https:\/\/fuentesfidedignas.com.mx\/index.php\/2024\/07\/04\/colectivos-de-sinaloa-denuncian-aumento-de-secuestros-y-acoso-sexual-en-los-mochis\/#primaryimage"},"thumbnailUrl":"https:\/\/fuentesfidedignas.com.mx\/wp-content\/uploads\/2024\/07\/autoridades-rondin.jpg","articleSection":["NOTA PRINCIPAL"],"inLanguage":"es","potentialAction":[{"@type":"CommentAction","name":"Comment","target":["https:\/\/fuentesfidedignas.com.mx\/index.php\/2024\/07\/04\/colectivos-de-sinaloa-denuncian-aumento-de-secuestros-y-acoso-sexual-en-los-mochis\/#respond"]}]},{"@type":"WebPage","@id":"https:\/\/fuentesfidedignas.com.mx\/index.php\/2024\/07\/04\/colectivos-de-sinaloa-denuncian-aumento-de-secuestros-y-acoso-sexual-en-los-mochis\/","url":"https:\/\/fuentesfidedignas.com.mx\/index.php\/2024\/07\/04\/colectivos-de-sinaloa-denuncian-aumento-de-secuestros-y-acoso-sexual-en-los-mochis\/","name":"Colectivos feministas denuncian aumento de secuestros y acoso sexual en Los Mochis - Fuentes Fidedignas","isPartOf":{"@id":"https:\/\/fuentesfidedignas.com.mx\/#website"},"primaryImageOfPage":{"@id":"https:\/\/fuentesfidedignas.com.mx\/index.php\/2024\/07\/04\/colectivos-de-sinaloa-denuncian-aumento-de-secuestros-y-acoso-sexual-en-los-mochis\/#primaryimage"},"image":{"@id":"https:\/\/fuentesfidedignas.com.mx\/index.php\/2024\/07\/04\/colectivos-de-sinaloa-denuncian-aumento-de-secuestros-y-acoso-sexual-en-los-mochis\/#primaryimage"},"thumbnailUrl":"https:\/\/fuentesfidedignas.com.mx\/wp-content\/uploads\/2024\/07\/autoridades-rondin.jpg","datePublished":"2024-07-04T13:45:23+00:00","dateModified":"2024-07-04T13:46:20+00:00","breadcrumb":{"@id":"https:\/\/fuentesfidedignas.com.mx\/index.php\/2024\/07\/04\/colectivos-de-sinaloa-denuncian-aumento-de-secuestros-y-acoso-sexual-en-los-mochis\/#breadcrumb"},"inLanguage":"es","potentialAction":[{"@type":"ReadAction","target":["https:\/\/fuentesfidedignas.com.mx\/index.php\/2024\/07\/04\/colectivos-de-sinaloa-denuncian-aumento-de-secuestros-y-acoso-sexual-en-los-mochis\/"]}]},{"@type":"ImageObject","inLanguage":"es","@id":"https:\/\/fuentesfidedignas.com.mx\/index.php\/2024\/07\/04\/colectivos-de-sinaloa-denuncian-aumento-de-secuestros-y-acoso-sexual-en-los-mochis\/#primaryimage","url":"https:\/\/fuentesfidedignas.com.mx\/wp-content\/uploads\/2024\/07\/autoridades-rondin.jpg","contentUrl":"https:\/\/fuentesfidedignas.com.mx\/wp-content\/uploads\/2024\/07\/autoridades-rondin.jpg","width":650,"height":362},{"@type":"BreadcrumbList","@id":"https:\/\/fuentesfidedignas.com.mx\/index.php\/2024\/07\/04\/colectivos-de-sinaloa-denuncian-aumento-de-secuestros-y-acoso-sexual-en-los-mochis\/#breadcrumb","itemListElement":[{"@type":"ListItem","position":1,"name":"Inicio","item":"https:\/\/fuentesfidedignas.com.mx\/"},{"@type":"ListItem","position":2,"name":"Colectivos feministas denuncian aumento de secuestros y acoso sexual en Los Mochis"}]},{"@type":"WebSite","@id":"https:\/\/fuentesfidedignas.com.mx\/#website","url":"https:\/\/fuentesfidedignas.com.mx\/","name":"Fuentes Fidedignas","description":"Otro sitio realizado con WordPress","publisher":{"@id":"https:\/\/fuentesfidedignas.com.mx\/#organization"},"potentialAction":[{"@type":"SearchAction","target":{"@type":"EntryPoint","urlTemplate":"https:\/\/fuentesfidedignas.com.mx\/?s={search_term_string}"},"query-input":{"@type":"PropertyValueSpecification","valueRequired":true,"valueName":"search_term_string"}}],"inLanguage":"es"},{"@type":"Organization","@id":"https:\/\/fuentesfidedignas.com.mx\/#organization","name":"Fuentes Fidedignas","url":"https:\/\/fuentesfidedignas.com.mx\/","logo":{"@type":"ImageObject","inLanguage":"es","@id":"https:\/\/fuentesfidedignas.com.mx\/#\/schema\/logo\/image\/","url":"https:\/\/fuentesfidedignas.com.mx\/wp-content\/uploads\/2021\/04\/logo-retina.png","contentUrl":"https:\/\/fuentesfidedignas.com.mx\/wp-content\/uploads\/2021\/04\/logo-retina.png","width":280,"height":51,"caption":"Fuentes Fidedignas"},"image":{"@id":"https:\/\/fuentesfidedignas.com.mx\/#\/schema\/logo\/image\/"},"sameAs":["https:\/\/www.facebook.com\/Fuentes-Fidedignas-368234489921644","https:\/\/x.com\/fidedignas"]},{"@type":"Person","@id":"https:\/\/fuentesfidedignas.com.mx\/#\/schema\/person\/47ec0135738f4b0c7495f06a77a2c976","name":"Milenio","image":{"@type":"ImageObject","inLanguage":"es","@id":"https:\/\/secure.gravatar.com\/avatar\/acabf7b54753e51c2c76457954577c236b3b764789b19879565769739d1e4a75?s=96&d=mm&r=g","url":"https:\/\/secure.gravatar.com\/avatar\/acabf7b54753e51c2c76457954577c236b3b764789b19879565769739d1e4a75?s=96&d=mm&r=g","contentUrl":"https:\/\/secure.gravatar.com\/avatar\/acabf7b54753e51c2c76457954577c236b3b764789b19879565769739d1e4a75?s=96&d=mm&r=g","caption":"Milenio"},"url":"https:\/\/fuentesfidedignas.com.mx\/index.php\/author\/milenio\/"}]}},"_links":{"self":[{"href":"https:\/\/fuentesfidedignas.com.mx\/index.php\/wp-json\/wp\/v2\/posts\/85636","targetHints":{"allow":["GET"]}}],"collection":[{"href":"https:\/\/fuentesfidedignas.com.mx\/index.php\/wp-json\/wp\/v2\/posts"}],"about":[{"href":"https:\/\/fuentesfidedignas.com.mx\/index.php\/wp-json\/wp\/v2\/types\/post"}],"author":[{"embeddable":true,"href":"https:\/\/fuentesfidedignas.com.mx\/index.php\/wp-json\/wp\/v2\/users\/9"}],"replies":[{"embeddable":true,"href":"https:\/\/fuentesfidedignas.com.mx\/index.php\/wp-json\/wp\/v2\/comments?post=85636"}],"version-history":[{"count":2,"href":"https:\/\/fuentesfidedignas.com.mx\/index.php\/wp-json\/wp\/v2\/posts\/85636\/revisions"}],"predecessor-version":[{"id":85639,"href":"https:\/\/fuentesfidedignas.com.mx\/index.php\/wp-json\/wp\/v2\/posts\/85636\/revisions\/85639"}],"wp:featuredmedia":[{"embeddable":true,"href":"https:\/\/fuentesfidedignas.com.mx\/index.php\/wp-json\/wp\/v2\/media\/85637"}],"wp:attachment":[{"href":"https:\/\/fuentesfidedignas.com.mx\/index.php\/wp-json\/wp\/v2\/media?parent=85636"}],"wp:term":[{"taxonomy":"category","embeddable":true,"href":"https:\/\/fuentesfidedignas.com.mx\/index.php\/wp-json\/wp\/v2\/categories?post=85636"},{"taxonomy":"post_tag","embeddable":true,"href":"https:\/\/fuentesfidedignas.com.mx\/index.php\/wp-json\/wp\/v2\/tags?post=85636"}],"curies":[{"name":"wp","href":"https:\/\/api.w.org\/{rel}","templated":true}]}}