{"id":85561,"date":"2024-07-03T07:08:44","date_gmt":"2024-07-03T14:08:44","guid":{"rendered":"https:\/\/fuentesfidedignas.com.mx\/?p=85561"},"modified":"2024-07-03T06:59:22","modified_gmt":"2024-07-03T13:59:22","slug":"sedena-activa-los-planes-dn-iii-e-y-gn-a-en-tres-estados-con-motivo-del-huracan-beryl","status":"publish","type":"post","link":"https:\/\/fuentesfidedignas.com.mx\/index.php\/2024\/07\/03\/sedena-activa-los-planes-dn-iii-e-y-gn-a-en-tres-estados-con-motivo-del-huracan-beryl\/","title":{"rendered":"Sedena activa los planes DN-III-E y GN-A en tres estados con motivo del hurac\u00e1n \u201cBeryl\u201d"},"content":{"rendered":"\n<p><strong><em>Debido al hurac\u00e1n \u201cBeryl\u201d, Sedena activ\u00f3 los planes de ayuda a la poblaci\u00f3n en Campeche, Quintana Roo y Yucat\u00e1n<\/em><\/strong><\/p>\n\n\n\n<p>La Secretar\u00eda de la Defensa Nacional (Sedena) inform\u00f3 que como prevenci\u00f3n a las afectaciones que posiblemente originar\u00e1 el hurac\u00e1n \u201cBeryl\u201d, fueron activados los planes DN-III-E y GN-A en Campeche, Quintana Roo y Yucat\u00e1n.<\/p>\n\n\n\n<p>Por medio de un comunicado, la Sedena indic\u00f3 que en la Pen\u00ednsula de Yucat\u00e1n se activaron 120 instalaciones como albergues y se cuenta con una fuerza conformada por dos mil 392 militares del Ej\u00e9rcito y Fuerza A\u00e9rea y dos mil 501 elementos de la Guardia Nacional.<\/p>\n\n\n\n<p>Adem\u00e1s, se tienen listas dos Cocinas Comunitarias con capacidades para preparar conjuntamente m\u00e1s de seis mil raciones calientes diarias, maquinaria pesada, cisternas para agua con capacidad de 10 mil litros, ambulancias militares, camiones de volteo de carga y montacargas para su empleo inmediato en beneficio de la poblaci\u00f3n.<\/p>\n\n\n\n<blockquote class=\"twitter-tweet\"><p lang=\"es\" dir=\"ltr\">\u00a1Vamos en camino!<br><br>Porque como mexicanos, estamos prestos en todo momento y lugar para auxiliar a nuestros hermanos.<br><br>Iniciamos activacion del <a href=\"https:\/\/twitter.com\/hashtag\/PlanDNIIIE?src=hash&amp;ref_src=twsrc%5Etfw\">#PlanDNIIIE<\/a> en <a href=\"https:\/\/twitter.com\/hashtag\/Campeche?src=hash&amp;ref_src=twsrc%5Etfw\">#Campeche<\/a>, <a href=\"https:\/\/twitter.com\/hashtag\/QuintanaRoo?src=hash&amp;ref_src=twsrc%5Etfw\">#QuintanaRoo<\/a> y <a href=\"https:\/\/twitter.com\/hashtag\/Yucat%C3%A1n?src=hash&amp;ref_src=twsrc%5Etfw\">#Yucat\u00e1n<\/a> trasladando insumos v\u00eda a\u00e9rea.<a href=\"https:\/\/twitter.com\/hashtag\/Ej%C3%A9rcitoMexicano?src=hash&amp;ref_src=twsrc%5Etfw\">#Ej\u00e9rcitoMexicano<\/a> <a href=\"https:\/\/twitter.com\/hashtag\/FuerzaA%C3%A9reaMx?src=hash&amp;ref_src=twsrc%5Etfw\">#FuerzaA\u00e9reaMx<\/a>\u2026 <a href=\"https:\/\/t.co\/hcvw9oqVyP\">pic.twitter.com\/hcvw9oqVyP<\/a><\/p>&mdash; @SEDENAmx (@SEDENAmx) <a href=\"https:\/\/twitter.com\/SEDENAmx\/status\/1808340807314743510?ref_src=twsrc%5Etfw\">July 3, 2024<\/a><\/blockquote> <script async src=\"https:\/\/platform.twitter.com\/widgets.js\" charset=\"utf-8\"><\/script>\n\n\n\n<p>De igual forma, un avi\u00f3n C-130 \u201cH\u00e9rcules\u201d de la Fuerza A\u00e9rea Mexicana traslad\u00f3 del Centro Estrat\u00e9gico de Acopio de la Secretar\u00eda de la Defensa Nacional ubicado en la Base A\u00e9rea Militar No. 1, en Santa Luc\u00eda, Estado de M\u00e9xico. al Aeropuerto Internacional de Chetumal, Q. Roo, a personal, despensas, material y equipo para el establecimiento del Centro Coordinador de Operaciones DN-III-E y GN-A contra Huracanes Pen\u00ednsula de Yucat\u00e1n, con lo que se est\u00e1 en condiciones de iniciar un puente a\u00e9reo y terrestre permanente con aeronaves de la Fuerza A\u00e9rea Mexicana y tractocamiones del Ej\u00e9rcito mexicano y Guardia Nacional.<\/p>\n\n\n\n<p>Sumado a lo anterior, se encuentra en situaci\u00f3n de alerta en el Valle de M\u00e9xico un efectivo de 1,334 elementos de la Fuerza de Apoyo para Caso de Desastres, del Batall\u00f3n de Atenci\u00f3n a Emergencias, aeronaves y helic\u00f3pteros de la Fuerza A\u00e9rea Mexicana, contando con m\u00e1s de 15 mil despensas y 123 mil litros de agua embotellada de la reserva estrat\u00e9gica de la Sedena.<\/p>\n\n\n\n<p>El Servicio Meteorol\u00f3gico Nacional (SMN) indic\u00f3 este mi\u00e9rcoles a primera hora que el centro del hurac\u00e1n \u201cBeryl\u201d de categor\u00eda 4 en la escala Saffir-Simpson, se localiza en la regi\u00f3n central del Mar Caribe, mantiene su r\u00e1pido desplazamiento hacia el oeste-noroeste con trayectoria hacia la Pen\u00ednsula de Yucat\u00e1n.<\/p>\n\n\n\n<blockquote class=\"twitter-tweet\"><p lang=\"es\" dir=\"ltr\">\u26a0\ufe0f El <a href=\"https:\/\/twitter.com\/hashtag\/Hurac%C3%A1n?src=hash&amp;ref_src=twsrc%5Etfw\">#Hurac\u00e1n<\/a> <a href=\"https:\/\/twitter.com\/hashtag\/Beryl?src=hash&amp;ref_src=twsrc%5Etfw\">#Beryl<\/a> mantiene su desplazamiento hacia el oeste-noroeste con trayectoria hacia la <a href=\"https:\/\/twitter.com\/hashtag\/Pen%C3%ADnsulaDeYucat%C3%A1n?src=hash&amp;ref_src=twsrc%5Etfw\">#Pen\u00ednsulaDeYucat\u00e1n<\/a>. Toda la informaci\u00f3n en <a href=\"https:\/\/t.co\/iGFK4kt0p2\">https:\/\/t.co\/iGFK4kt0p2<\/a> <a href=\"https:\/\/t.co\/HrdceNKoSW\">pic.twitter.com\/HrdceNKoSW<\/a><\/p>&mdash; CONAGUA Clima (@conagua_clima) <a href=\"https:\/\/twitter.com\/conagua_clima\/status\/1808473934934966283?ref_src=twsrc%5Etfw\">July 3, 2024<\/a><\/blockquote> <script async src=\"https:\/\/platform.twitter.com\/widgets.js\" charset=\"utf-8\"><\/script>\n\n\n\n<p>\u201cBeryl\u201d se localiza a 200 kil\u00f3metros al sureste de Kingston, en Jamaica, y a mil 300 kil\u00f3metros al este-sureste de Canc\u00fan, Quintana Roo.<\/p>\n\n\n\n<p>Por el momento, el sistema no afecta costas nacionales, sin embargo, se prev\u00e9 que a partir del d\u00eda jueves, sus bandas nubosas ocasionen lluvias intensas a puntuales torrenciales, rachas fuertes de viento y oleaje elevado en la Pen\u00ednsula de Yucat\u00e1n.<\/p>\n","protected":false},"excerpt":{"rendered":"<p>Debido al hurac\u00e1n \u201cBeryl\u201d, Sedena activ\u00f3 los planes de ayuda a la poblaci\u00f3n en Campeche, Quintana Roo y Yucat\u00e1n La Secretar\u00eda de la Defensa Nacional (Sedena) inform\u00f3 que como prevenci\u00f3n a las afectaciones que posiblemente originar\u00e1 el hurac\u00e1n \u201cBeryl\u201d, fueron activados los planes DN-III-E y GN-A en Campeche, Quintana Roo y Yucat\u00e1n. Por medio de [&hellip;]<\/p>\n","protected":false},"author":47,"featured_media":85562,"comment_status":"open","ping_status":"open","sticky":false,"template":"","format":"standard","meta":{"tdm_status":"","tdm_grid_status":"","footnotes":""},"categories":[39],"tags":[],"class_list":{"0":"post-85561","1":"post","2":"type-post","3":"status-publish","4":"format-standard","5":"has-post-thumbnail","7":"category-noticias-nacionales"},"yoast_head":"<!-- This site is optimized with the Yoast SEO plugin v27.5 - https:\/\/yoast.com\/product\/yoast-seo-wordpress\/ -->\n<title>Sedena activa los planes DN-III-E y GN-A en tres estados con motivo del hurac\u00e1n \u201cBeryl\u201d - Fuentes Fidedignas<\/title>\n<meta name=\"robots\" content=\"index, follow, max-snippet:-1, max-image-preview:large, max-video-preview:-1\" \/>\n<link rel=\"canonical\" href=\"https:\/\/fuentesfidedignas.com.mx\/index.php\/2024\/07\/03\/sedena-activa-los-planes-dn-iii-e-y-gn-a-en-tres-estados-con-motivo-del-huracan-beryl\/\" \/>\n<meta property=\"og:locale\" content=\"es_MX\" \/>\n<meta property=\"og:type\" content=\"article\" \/>\n<meta property=\"og:title\" content=\"Sedena activa los planes DN-III-E y GN-A en tres estados con motivo del hurac\u00e1n \u201cBeryl\u201d - Fuentes Fidedignas\" \/>\n<meta property=\"og:description\" content=\"Debido al hurac\u00e1n \u201cBeryl\u201d, Sedena activ\u00f3 los planes de ayuda a la poblaci\u00f3n en Campeche, Quintana Roo y Yucat\u00e1n La Secretar\u00eda de la Defensa Nacional (Sedena) inform\u00f3 que como prevenci\u00f3n a las afectaciones que posiblemente originar\u00e1 el hurac\u00e1n \u201cBeryl\u201d, fueron activados los planes DN-III-E y GN-A en Campeche, Quintana Roo y Yucat\u00e1n. Por medio de [&hellip;]\" \/>\n<meta property=\"og:url\" content=\"https:\/\/fuentesfidedignas.com.mx\/index.php\/2024\/07\/03\/sedena-activa-los-planes-dn-iii-e-y-gn-a-en-tres-estados-con-motivo-del-huracan-beryl\/\" \/>\n<meta property=\"og:site_name\" content=\"Fuentes Fidedignas\" \/>\n<meta property=\"article:publisher\" content=\"https:\/\/www.facebook.com\/Fuentes-Fidedignas-368234489921644\" \/>\n<meta property=\"article:published_time\" content=\"2024-07-03T14:08:44+00:00\" \/>\n<meta property=\"og:image\" content=\"https:\/\/fuentesfidedignas.com.mx\/wp-content\/uploads\/2024\/07\/sedena-plan-GN.jpg\" \/>\n\t<meta property=\"og:image:width\" content=\"647\" \/>\n\t<meta property=\"og:image:height\" content=\"434\" \/>\n\t<meta property=\"og:image:type\" content=\"image\/jpeg\" \/>\n<meta name=\"author\" content=\"L\u00f3pez D\u00f3riga\" \/>\n<meta name=\"twitter:card\" content=\"summary_large_image\" \/>\n<meta name=\"twitter:creator\" content=\"@fidedignas\" \/>\n<meta name=\"twitter:site\" content=\"@fidedignas\" \/>\n<meta name=\"twitter:label1\" content=\"Escrito por\" \/>\n\t<meta name=\"twitter:data1\" content=\"L\u00f3pez D\u00f3riga\" \/>\n\t<meta name=\"twitter:label2\" content=\"Tiempo de lectura\" \/>\n\t<meta name=\"twitter:data2\" content=\"3 minutos\" \/>\n<script type=\"application\/ld+json\" class=\"yoast-schema-graph\">{\"@context\":\"https:\\\/\\\/schema.org\",\"@graph\":[{\"@type\":\"Article\",\"@id\":\"https:\\\/\\\/fuentesfidedignas.com.mx\\\/index.php\\\/2024\\\/07\\\/03\\\/sedena-activa-los-planes-dn-iii-e-y-gn-a-en-tres-estados-con-motivo-del-huracan-beryl\\\/#article\",\"isPartOf\":{\"@id\":\"https:\\\/\\\/fuentesfidedignas.com.mx\\\/index.php\\\/2024\\\/07\\\/03\\\/sedena-activa-los-planes-dn-iii-e-y-gn-a-en-tres-estados-con-motivo-del-huracan-beryl\\\/\"},\"author\":{\"name\":\"L\u00f3pez D\u00f3riga\",\"@id\":\"https:\\\/\\\/fuentesfidedignas.com.mx\\\/#\\\/schema\\\/person\\\/67d852f0557c8509146a4b9ddebd543a\"},\"headline\":\"Sedena activa los planes DN-III-E y GN-A en tres estados con motivo del hurac\u00e1n \u201cBeryl\u201d\",\"datePublished\":\"2024-07-03T14:08:44+00:00\",\"mainEntityOfPage\":{\"@id\":\"https:\\\/\\\/fuentesfidedignas.com.mx\\\/index.php\\\/2024\\\/07\\\/03\\\/sedena-activa-los-planes-dn-iii-e-y-gn-a-en-tres-estados-con-motivo-del-huracan-beryl\\\/\"},\"wordCount\":557,\"commentCount\":0,\"publisher\":{\"@id\":\"https:\\\/\\\/fuentesfidedignas.com.mx\\\/#organization\"},\"image\":{\"@id\":\"https:\\\/\\\/fuentesfidedignas.com.mx\\\/index.php\\\/2024\\\/07\\\/03\\\/sedena-activa-los-planes-dn-iii-e-y-gn-a-en-tres-estados-con-motivo-del-huracan-beryl\\\/#primaryimage\"},\"thumbnailUrl\":\"https:\\\/\\\/fuentesfidedignas.com.mx\\\/wp-content\\\/uploads\\\/2024\\\/07\\\/sedena-plan-GN.jpg\",\"articleSection\":[\"NOTICIAS NACIONALES\"],\"inLanguage\":\"es\",\"potentialAction\":[{\"@type\":\"CommentAction\",\"name\":\"Comment\",\"target\":[\"https:\\\/\\\/fuentesfidedignas.com.mx\\\/index.php\\\/2024\\\/07\\\/03\\\/sedena-activa-los-planes-dn-iii-e-y-gn-a-en-tres-estados-con-motivo-del-huracan-beryl\\\/#respond\"]}]},{\"@type\":\"WebPage\",\"@id\":\"https:\\\/\\\/fuentesfidedignas.com.mx\\\/index.php\\\/2024\\\/07\\\/03\\\/sedena-activa-los-planes-dn-iii-e-y-gn-a-en-tres-estados-con-motivo-del-huracan-beryl\\\/\",\"url\":\"https:\\\/\\\/fuentesfidedignas.com.mx\\\/index.php\\\/2024\\\/07\\\/03\\\/sedena-activa-los-planes-dn-iii-e-y-gn-a-en-tres-estados-con-motivo-del-huracan-beryl\\\/\",\"name\":\"Sedena activa los planes DN-III-E y GN-A en tres estados con motivo del hurac\u00e1n \u201cBeryl\u201d - Fuentes Fidedignas\",\"isPartOf\":{\"@id\":\"https:\\\/\\\/fuentesfidedignas.com.mx\\\/#website\"},\"primaryImageOfPage\":{\"@id\":\"https:\\\/\\\/fuentesfidedignas.com.mx\\\/index.php\\\/2024\\\/07\\\/03\\\/sedena-activa-los-planes-dn-iii-e-y-gn-a-en-tres-estados-con-motivo-del-huracan-beryl\\\/#primaryimage\"},\"image\":{\"@id\":\"https:\\\/\\\/fuentesfidedignas.com.mx\\\/index.php\\\/2024\\\/07\\\/03\\\/sedena-activa-los-planes-dn-iii-e-y-gn-a-en-tres-estados-con-motivo-del-huracan-beryl\\\/#primaryimage\"},\"thumbnailUrl\":\"https:\\\/\\\/fuentesfidedignas.com.mx\\\/wp-content\\\/uploads\\\/2024\\\/07\\\/sedena-plan-GN.jpg\",\"datePublished\":\"2024-07-03T14:08:44+00:00\",\"breadcrumb\":{\"@id\":\"https:\\\/\\\/fuentesfidedignas.com.mx\\\/index.php\\\/2024\\\/07\\\/03\\\/sedena-activa-los-planes-dn-iii-e-y-gn-a-en-tres-estados-con-motivo-del-huracan-beryl\\\/#breadcrumb\"},\"inLanguage\":\"es\",\"potentialAction\":[{\"@type\":\"ReadAction\",\"target\":[\"https:\\\/\\\/fuentesfidedignas.com.mx\\\/index.php\\\/2024\\\/07\\\/03\\\/sedena-activa-los-planes-dn-iii-e-y-gn-a-en-tres-estados-con-motivo-del-huracan-beryl\\\/\"]}]},{\"@type\":\"ImageObject\",\"inLanguage\":\"es\",\"@id\":\"https:\\\/\\\/fuentesfidedignas.com.mx\\\/index.php\\\/2024\\\/07\\\/03\\\/sedena-activa-los-planes-dn-iii-e-y-gn-a-en-tres-estados-con-motivo-del-huracan-beryl\\\/#primaryimage\",\"url\":\"https:\\\/\\\/fuentesfidedignas.com.mx\\\/wp-content\\\/uploads\\\/2024\\\/07\\\/sedena-plan-GN.jpg\",\"contentUrl\":\"https:\\\/\\\/fuentesfidedignas.com.mx\\\/wp-content\\\/uploads\\\/2024\\\/07\\\/sedena-plan-GN.jpg\",\"width\":647,\"height\":434},{\"@type\":\"BreadcrumbList\",\"@id\":\"https:\\\/\\\/fuentesfidedignas.com.mx\\\/index.php\\\/2024\\\/07\\\/03\\\/sedena-activa-los-planes-dn-iii-e-y-gn-a-en-tres-estados-con-motivo-del-huracan-beryl\\\/#breadcrumb\",\"itemListElement\":[{\"@type\":\"ListItem\",\"position\":1,\"name\":\"Inicio\",\"item\":\"https:\\\/\\\/fuentesfidedignas.com.mx\\\/\"},{\"@type\":\"ListItem\",\"position\":2,\"name\":\"Sedena activa los planes DN-III-E y GN-A en tres estados con motivo del hurac\u00e1n \u201cBeryl\u201d\"}]},{\"@type\":\"WebSite\",\"@id\":\"https:\\\/\\\/fuentesfidedignas.com.mx\\\/#website\",\"url\":\"https:\\\/\\\/fuentesfidedignas.com.mx\\\/\",\"name\":\"Fuentes Fidedignas\",\"description\":\"Otro sitio realizado con WordPress\",\"publisher\":{\"@id\":\"https:\\\/\\\/fuentesfidedignas.com.mx\\\/#organization\"},\"potentialAction\":[{\"@type\":\"SearchAction\",\"target\":{\"@type\":\"EntryPoint\",\"urlTemplate\":\"https:\\\/\\\/fuentesfidedignas.com.mx\\\/?s={search_term_string}\"},\"query-input\":{\"@type\":\"PropertyValueSpecification\",\"valueRequired\":true,\"valueName\":\"search_term_string\"}}],\"inLanguage\":\"es\"},{\"@type\":\"Organization\",\"@id\":\"https:\\\/\\\/fuentesfidedignas.com.mx\\\/#organization\",\"name\":\"Fuentes Fidedignas\",\"url\":\"https:\\\/\\\/fuentesfidedignas.com.mx\\\/\",\"logo\":{\"@type\":\"ImageObject\",\"inLanguage\":\"es\",\"@id\":\"https:\\\/\\\/fuentesfidedignas.com.mx\\\/#\\\/schema\\\/logo\\\/image\\\/\",\"url\":\"https:\\\/\\\/fuentesfidedignas.com.mx\\\/wp-content\\\/uploads\\\/2021\\\/04\\\/logo-retina.png\",\"contentUrl\":\"https:\\\/\\\/fuentesfidedignas.com.mx\\\/wp-content\\\/uploads\\\/2021\\\/04\\\/logo-retina.png\",\"width\":280,\"height\":51,\"caption\":\"Fuentes Fidedignas\"},\"image\":{\"@id\":\"https:\\\/\\\/fuentesfidedignas.com.mx\\\/#\\\/schema\\\/logo\\\/image\\\/\"},\"sameAs\":[\"https:\\\/\\\/www.facebook.com\\\/Fuentes-Fidedignas-368234489921644\",\"https:\\\/\\\/x.com\\\/fidedignas\"]},{\"@type\":\"Person\",\"@id\":\"https:\\\/\\\/fuentesfidedignas.com.mx\\\/#\\\/schema\\\/person\\\/67d852f0557c8509146a4b9ddebd543a\",\"name\":\"L\u00f3pez D\u00f3riga\",\"image\":{\"@type\":\"ImageObject\",\"inLanguage\":\"es\",\"@id\":\"https:\\\/\\\/secure.gravatar.com\\\/avatar\\\/e525b06574ca18b33cded59dfe5778d6c823b9513154eff47da551b0551bdd1e?s=96&d=mm&r=g\",\"url\":\"https:\\\/\\\/secure.gravatar.com\\\/avatar\\\/e525b06574ca18b33cded59dfe5778d6c823b9513154eff47da551b0551bdd1e?s=96&d=mm&r=g\",\"contentUrl\":\"https:\\\/\\\/secure.gravatar.com\\\/avatar\\\/e525b06574ca18b33cded59dfe5778d6c823b9513154eff47da551b0551bdd1e?s=96&d=mm&r=g\",\"caption\":\"L\u00f3pez D\u00f3riga\"},\"url\":\"https:\\\/\\\/fuentesfidedignas.com.mx\\\/index.php\\\/author\\\/doriga\\\/\"}]}<\/script>\n<!-- \/ Yoast SEO plugin. -->","yoast_head_json":{"title":"Sedena activa los planes DN-III-E y GN-A en tres estados con motivo del hurac\u00e1n \u201cBeryl\u201d - Fuentes Fidedignas","robots":{"index":"index","follow":"follow","max-snippet":"max-snippet:-1","max-image-preview":"max-image-preview:large","max-video-preview":"max-video-preview:-1"},"canonical":"https:\/\/fuentesfidedignas.com.mx\/index.php\/2024\/07\/03\/sedena-activa-los-planes-dn-iii-e-y-gn-a-en-tres-estados-con-motivo-del-huracan-beryl\/","og_locale":"es_MX","og_type":"article","og_title":"Sedena activa los planes DN-III-E y GN-A en tres estados con motivo del hurac\u00e1n \u201cBeryl\u201d - Fuentes Fidedignas","og_description":"Debido al hurac\u00e1n \u201cBeryl\u201d, Sedena activ\u00f3 los planes de ayuda a la poblaci\u00f3n en Campeche, Quintana Roo y Yucat\u00e1n La Secretar\u00eda de la Defensa Nacional (Sedena) inform\u00f3 que como prevenci\u00f3n a las afectaciones que posiblemente originar\u00e1 el hurac\u00e1n \u201cBeryl\u201d, fueron activados los planes DN-III-E y GN-A en Campeche, Quintana Roo y Yucat\u00e1n. Por medio de [&hellip;]","og_url":"https:\/\/fuentesfidedignas.com.mx\/index.php\/2024\/07\/03\/sedena-activa-los-planes-dn-iii-e-y-gn-a-en-tres-estados-con-motivo-del-huracan-beryl\/","og_site_name":"Fuentes Fidedignas","article_publisher":"https:\/\/www.facebook.com\/Fuentes-Fidedignas-368234489921644","article_published_time":"2024-07-03T14:08:44+00:00","og_image":[{"width":647,"height":434,"url":"https:\/\/fuentesfidedignas.com.mx\/wp-content\/uploads\/2024\/07\/sedena-plan-GN.jpg","type":"image\/jpeg"}],"author":"L\u00f3pez D\u00f3riga","twitter_card":"summary_large_image","twitter_creator":"@fidedignas","twitter_site":"@fidedignas","twitter_misc":{"Escrito por":"L\u00f3pez D\u00f3riga","Tiempo de lectura":"3 minutos"},"schema":{"@context":"https:\/\/schema.org","@graph":[{"@type":"Article","@id":"https:\/\/fuentesfidedignas.com.mx\/index.php\/2024\/07\/03\/sedena-activa-los-planes-dn-iii-e-y-gn-a-en-tres-estados-con-motivo-del-huracan-beryl\/#article","isPartOf":{"@id":"https:\/\/fuentesfidedignas.com.mx\/index.php\/2024\/07\/03\/sedena-activa-los-planes-dn-iii-e-y-gn-a-en-tres-estados-con-motivo-del-huracan-beryl\/"},"author":{"name":"L\u00f3pez D\u00f3riga","@id":"https:\/\/fuentesfidedignas.com.mx\/#\/schema\/person\/67d852f0557c8509146a4b9ddebd543a"},"headline":"Sedena activa los planes DN-III-E y GN-A en tres estados con motivo del hurac\u00e1n \u201cBeryl\u201d","datePublished":"2024-07-03T14:08:44+00:00","mainEntityOfPage":{"@id":"https:\/\/fuentesfidedignas.com.mx\/index.php\/2024\/07\/03\/sedena-activa-los-planes-dn-iii-e-y-gn-a-en-tres-estados-con-motivo-del-huracan-beryl\/"},"wordCount":557,"commentCount":0,"publisher":{"@id":"https:\/\/fuentesfidedignas.com.mx\/#organization"},"image":{"@id":"https:\/\/fuentesfidedignas.com.mx\/index.php\/2024\/07\/03\/sedena-activa-los-planes-dn-iii-e-y-gn-a-en-tres-estados-con-motivo-del-huracan-beryl\/#primaryimage"},"thumbnailUrl":"https:\/\/fuentesfidedignas.com.mx\/wp-content\/uploads\/2024\/07\/sedena-plan-GN.jpg","articleSection":["NOTICIAS NACIONALES"],"inLanguage":"es","potentialAction":[{"@type":"CommentAction","name":"Comment","target":["https:\/\/fuentesfidedignas.com.mx\/index.php\/2024\/07\/03\/sedena-activa-los-planes-dn-iii-e-y-gn-a-en-tres-estados-con-motivo-del-huracan-beryl\/#respond"]}]},{"@type":"WebPage","@id":"https:\/\/fuentesfidedignas.com.mx\/index.php\/2024\/07\/03\/sedena-activa-los-planes-dn-iii-e-y-gn-a-en-tres-estados-con-motivo-del-huracan-beryl\/","url":"https:\/\/fuentesfidedignas.com.mx\/index.php\/2024\/07\/03\/sedena-activa-los-planes-dn-iii-e-y-gn-a-en-tres-estados-con-motivo-del-huracan-beryl\/","name":"Sedena activa los planes DN-III-E y GN-A en tres estados con motivo del hurac\u00e1n \u201cBeryl\u201d - Fuentes Fidedignas","isPartOf":{"@id":"https:\/\/fuentesfidedignas.com.mx\/#website"},"primaryImageOfPage":{"@id":"https:\/\/fuentesfidedignas.com.mx\/index.php\/2024\/07\/03\/sedena-activa-los-planes-dn-iii-e-y-gn-a-en-tres-estados-con-motivo-del-huracan-beryl\/#primaryimage"},"image":{"@id":"https:\/\/fuentesfidedignas.com.mx\/index.php\/2024\/07\/03\/sedena-activa-los-planes-dn-iii-e-y-gn-a-en-tres-estados-con-motivo-del-huracan-beryl\/#primaryimage"},"thumbnailUrl":"https:\/\/fuentesfidedignas.com.mx\/wp-content\/uploads\/2024\/07\/sedena-plan-GN.jpg","datePublished":"2024-07-03T14:08:44+00:00","breadcrumb":{"@id":"https:\/\/fuentesfidedignas.com.mx\/index.php\/2024\/07\/03\/sedena-activa-los-planes-dn-iii-e-y-gn-a-en-tres-estados-con-motivo-del-huracan-beryl\/#breadcrumb"},"inLanguage":"es","potentialAction":[{"@type":"ReadAction","target":["https:\/\/fuentesfidedignas.com.mx\/index.php\/2024\/07\/03\/sedena-activa-los-planes-dn-iii-e-y-gn-a-en-tres-estados-con-motivo-del-huracan-beryl\/"]}]},{"@type":"ImageObject","inLanguage":"es","@id":"https:\/\/fuentesfidedignas.com.mx\/index.php\/2024\/07\/03\/sedena-activa-los-planes-dn-iii-e-y-gn-a-en-tres-estados-con-motivo-del-huracan-beryl\/#primaryimage","url":"https:\/\/fuentesfidedignas.com.mx\/wp-content\/uploads\/2024\/07\/sedena-plan-GN.jpg","contentUrl":"https:\/\/fuentesfidedignas.com.mx\/wp-content\/uploads\/2024\/07\/sedena-plan-GN.jpg","width":647,"height":434},{"@type":"BreadcrumbList","@id":"https:\/\/fuentesfidedignas.com.mx\/index.php\/2024\/07\/03\/sedena-activa-los-planes-dn-iii-e-y-gn-a-en-tres-estados-con-motivo-del-huracan-beryl\/#breadcrumb","itemListElement":[{"@type":"ListItem","position":1,"name":"Inicio","item":"https:\/\/fuentesfidedignas.com.mx\/"},{"@type":"ListItem","position":2,"name":"Sedena activa los planes DN-III-E y GN-A en tres estados con motivo del hurac\u00e1n \u201cBeryl\u201d"}]},{"@type":"WebSite","@id":"https:\/\/fuentesfidedignas.com.mx\/#website","url":"https:\/\/fuentesfidedignas.com.mx\/","name":"Fuentes Fidedignas","description":"Otro sitio realizado con WordPress","publisher":{"@id":"https:\/\/fuentesfidedignas.com.mx\/#organization"},"potentialAction":[{"@type":"SearchAction","target":{"@type":"EntryPoint","urlTemplate":"https:\/\/fuentesfidedignas.com.mx\/?s={search_term_string}"},"query-input":{"@type":"PropertyValueSpecification","valueRequired":true,"valueName":"search_term_string"}}],"inLanguage":"es"},{"@type":"Organization","@id":"https:\/\/fuentesfidedignas.com.mx\/#organization","name":"Fuentes Fidedignas","url":"https:\/\/fuentesfidedignas.com.mx\/","logo":{"@type":"ImageObject","inLanguage":"es","@id":"https:\/\/fuentesfidedignas.com.mx\/#\/schema\/logo\/image\/","url":"https:\/\/fuentesfidedignas.com.mx\/wp-content\/uploads\/2021\/04\/logo-retina.png","contentUrl":"https:\/\/fuentesfidedignas.com.mx\/wp-content\/uploads\/2021\/04\/logo-retina.png","width":280,"height":51,"caption":"Fuentes Fidedignas"},"image":{"@id":"https:\/\/fuentesfidedignas.com.mx\/#\/schema\/logo\/image\/"},"sameAs":["https:\/\/www.facebook.com\/Fuentes-Fidedignas-368234489921644","https:\/\/x.com\/fidedignas"]},{"@type":"Person","@id":"https:\/\/fuentesfidedignas.com.mx\/#\/schema\/person\/67d852f0557c8509146a4b9ddebd543a","name":"L\u00f3pez D\u00f3riga","image":{"@type":"ImageObject","inLanguage":"es","@id":"https:\/\/secure.gravatar.com\/avatar\/e525b06574ca18b33cded59dfe5778d6c823b9513154eff47da551b0551bdd1e?s=96&d=mm&r=g","url":"https:\/\/secure.gravatar.com\/avatar\/e525b06574ca18b33cded59dfe5778d6c823b9513154eff47da551b0551bdd1e?s=96&d=mm&r=g","contentUrl":"https:\/\/secure.gravatar.com\/avatar\/e525b06574ca18b33cded59dfe5778d6c823b9513154eff47da551b0551bdd1e?s=96&d=mm&r=g","caption":"L\u00f3pez D\u00f3riga"},"url":"https:\/\/fuentesfidedignas.com.mx\/index.php\/author\/doriga\/"}]}},"_links":{"self":[{"href":"https:\/\/fuentesfidedignas.com.mx\/index.php\/wp-json\/wp\/v2\/posts\/85561","targetHints":{"allow":["GET"]}}],"collection":[{"href":"https:\/\/fuentesfidedignas.com.mx\/index.php\/wp-json\/wp\/v2\/posts"}],"about":[{"href":"https:\/\/fuentesfidedignas.com.mx\/index.php\/wp-json\/wp\/v2\/types\/post"}],"author":[{"embeddable":true,"href":"https:\/\/fuentesfidedignas.com.mx\/index.php\/wp-json\/wp\/v2\/users\/47"}],"replies":[{"embeddable":true,"href":"https:\/\/fuentesfidedignas.com.mx\/index.php\/wp-json\/wp\/v2\/comments?post=85561"}],"version-history":[{"count":1,"href":"https:\/\/fuentesfidedignas.com.mx\/index.php\/wp-json\/wp\/v2\/posts\/85561\/revisions"}],"predecessor-version":[{"id":85563,"href":"https:\/\/fuentesfidedignas.com.mx\/index.php\/wp-json\/wp\/v2\/posts\/85561\/revisions\/85563"}],"wp:featuredmedia":[{"embeddable":true,"href":"https:\/\/fuentesfidedignas.com.mx\/index.php\/wp-json\/wp\/v2\/media\/85562"}],"wp:attachment":[{"href":"https:\/\/fuentesfidedignas.com.mx\/index.php\/wp-json\/wp\/v2\/media?parent=85561"}],"wp:term":[{"taxonomy":"category","embeddable":true,"href":"https:\/\/fuentesfidedignas.com.mx\/index.php\/wp-json\/wp\/v2\/categories?post=85561"},{"taxonomy":"post_tag","embeddable":true,"href":"https:\/\/fuentesfidedignas.com.mx\/index.php\/wp-json\/wp\/v2\/tags?post=85561"}],"curies":[{"name":"wp","href":"https:\/\/api.w.org\/{rel}","templated":true}]}}