{"id":85557,"date":"2024-07-03T06:51:32","date_gmt":"2024-07-03T13:51:32","guid":{"rendered":"https:\/\/fuentesfidedignas.com.mx\/?p=85557"},"modified":"2024-07-03T06:52:37","modified_gmt":"2024-07-03T13:52:37","slug":"asi-presume-su-arsenal-el-cartel-de-sinaloa-tras-la-masacre-en-la-concordia-chiapas","status":"publish","type":"post","link":"https:\/\/fuentesfidedignas.com.mx\/index.php\/2024\/07\/03\/asi-presume-su-arsenal-el-cartel-de-sinaloa-tras-la-masacre-en-la-concordia-chiapas\/","title":{"rendered":"As\u00ed presume su arsenal el C\u00e1rtel de Sinaloa tras la masacre en La Concordia, Chiapas"},"content":{"rendered":"\n<p><strong><em>Una confrontaci\u00f3n con el C\u00e1rtel de Chiapas y Guatemala dej\u00f3 un saldo de 19 muertos<\/em><\/strong><\/p>\n\n\n\n<p>En el municipio de La Concordia, Chiapas, la Secretar\u00eda de Seguridad y Protecci\u00f3n Ciudadana (SSPC) confirm\u00f3 <a href=\"https:\/\/fuentesfidedignas.com.mx\/index.php\/2024\/07\/02\/cartel-de-sinaloa-abandona-20-cadaveres-en-la-concordia-chiapas\/\">el hallazgo de 19 muertos<\/a> tras un enfrentamiento entre el C\u00e1rtel de Sinaloa y el C\u00e1rtel de Chiapas y Guatemala (CCyG).<\/p>\n\n\n\n<p>La masacre se dio a conocer inicialmente el 28 de junio a trav\u00e9s de un video, en el que presuntos miembros del CDS grabaron los cuerpos de sus v\u00edctimas cuando estaban apilados en la parte trasera de un veh\u00edculo pesado.<\/p>\n\n\n\n<p>Al d\u00eda siguiente, las autoridades recibieron una llamada al 911 que reportaba la presencia de personas sin vida en el tramo de terracer\u00eda que comunica a la comunidad de Jaltenango de la Paz (municipio de \u00c1ngel Albino Corzo) con la rancher\u00eda La Reforma.<\/p>\n\n\n\n<p>A poco m\u00e1s de siete kil\u00f3metros de Jaltenango, agentes de seguridad encontraron un cami\u00f3n de volteo atravesado en el camino, en donde yac\u00edan los fallecidos. Los cuerpos de 14 individuos estaban en la caja del cami\u00f3n, dos m\u00e1s estaban en la cabina, dos a un costado y uno m\u00e1s a 100 metros de la unidad.<\/p>\n\n\n\n<p>\u201cSe document\u00f3 que por lo menos seis de las personas fallecidas portaban identificaciones emitidas por el gobierno guatemalteco\u201d, especific\u00f3 la SSPC respecto a las v\u00edctimas del enfrentamiento entre ambas organizaciones delincuenciales.<\/p>\n\n\n\n<p><blockquote class=\"twitter-tweet\"><p lang=\"es\" dir=\"ltr\">Estos son dos videos de presuntos miembros del Cartel de Sinaloa (CDS) que patrullan la cabecera municipal y las comunidades del municipio de \u00c1ngel Albino Corzo, tambi\u00e9n conocido como Jaltenango, ac\u00e1 en <a href=\"https:\/\/twitter.com\/hashtag\/Chiapas?src=hash&amp;ref_src=twsrc%5Etfw\">#Chiapas<\/a>. Muy cerca del vecino municipio de La Concordia donde fueron\u2026 <a href=\"https:\/\/t.co\/Q10Pj3mFr8\">pic.twitter.com\/Q10Pj3mFr8<\/a><\/p>\u2014 Isa\u00edn Mandujano (@isain) <a href=\"https:\/\/twitter.com\/isain\/status\/1807972095537615213?ref_src=twsrc%5Etfw\">July 2, 2024<\/a><\/blockquote> <script async=\"\" src=\"https:\/\/platform.twitter.com\/widgets.js\" charset=\"utf-8\"><\/script><\/p>\n\n\n\n<p>D\u00edas despu\u00e9s de que los cuerpos fueran abandonados en dicho tramo carretero, en redes sociales circularon varias grabaciones con las que presuntos miembros del C\u00e1rtel de Sinaloa exhiben su armamento mientras patrullaban por la cabecera municipal de \u00c1ngel Albino Corzo, a pocos kil\u00f3metros de La Concordia.<\/p>\n\n\n\n<p>En los videos es visible al menos un veh\u00edculo desde el cual un aparente sicario opera una ametralladora ligera que guarda similitudes con los dispositivos de la l\u00ednea MCR de la marca Fighlite.<\/p>\n\n\n\n<p>Al difundir los videos, los supuestos miembros del grupo criminal acompa\u00f1aron las im\u00e1genes con un par de canciones alusivas a operaciones violentas por instrucciones de los altos mandos del C\u00e1rtel de Sinaloa.<\/p>\n\n\n\n<p>\u201cY a aquellos que se escaparon aqu\u00ed les dejo un recado, 25 de diciembre les va a llegar m\u00e1s temprano. A todos ustedes les tengo un regalo, uno por uno los ir\u00e9 cazando\u201d, versa el tema 25 de diciembre de Juli\u00f3n \u00c1lvarez y Su Norte\u00f1o Banda.<\/p>\n\n\n\n<p>La otra composici\u00f3n, Si no quieres no de Luis R. Conriquez y Neton Vega, manifiesta su afiliaci\u00f3n con el C\u00e1rtel de Sinaloa. \u201cA m\u00ed si me mandan los Guzmanes les hago un cagadero en caliente, aqu\u00ed no est\u00e1 pelada, yo ando y cuido a los jefes\u201d, dice el inicio de dicha composici\u00f3n.<\/p>\n","protected":false},"excerpt":{"rendered":"<p>Una confrontaci\u00f3n con el C\u00e1rtel de Chiapas y Guatemala dej\u00f3 un saldo de 19 muertos En el municipio de La Concordia, Chiapas, la Secretar\u00eda de Seguridad y Protecci\u00f3n Ciudadana (SSPC) confirm\u00f3 el hallazgo de 19 muertos tras un enfrentamiento entre el C\u00e1rtel de Sinaloa y el C\u00e1rtel de Chiapas y Guatemala (CCyG). La masacre se [&hellip;]<\/p>\n","protected":false},"author":41,"featured_media":85558,"comment_status":"open","ping_status":"open","sticky":false,"template":"","format":"standard","meta":{"tdm_status":"","tdm_grid_status":"","footnotes":""},"categories":[39],"tags":[],"class_list":{"0":"post-85557","1":"post","2":"type-post","3":"status-publish","4":"format-standard","5":"has-post-thumbnail","7":"category-noticias-nacionales"},"yoast_head":"<!-- This site is optimized with the Yoast SEO plugin v27.4 - https:\/\/yoast.com\/product\/yoast-seo-wordpress\/ -->\n<title>As\u00ed presume su arsenal el C\u00e1rtel de Sinaloa tras la masacre en La Concordia, Chiapas - Fuentes Fidedignas<\/title>\n<meta name=\"robots\" content=\"index, follow, max-snippet:-1, max-image-preview:large, max-video-preview:-1\" \/>\n<link rel=\"canonical\" href=\"https:\/\/fuentesfidedignas.com.mx\/index.php\/2024\/07\/03\/asi-presume-su-arsenal-el-cartel-de-sinaloa-tras-la-masacre-en-la-concordia-chiapas\/\" \/>\n<meta property=\"og:locale\" content=\"es_MX\" \/>\n<meta property=\"og:type\" content=\"article\" \/>\n<meta property=\"og:title\" content=\"As\u00ed presume su arsenal el C\u00e1rtel de Sinaloa tras la masacre en La Concordia, Chiapas - Fuentes Fidedignas\" \/>\n<meta property=\"og:description\" content=\"Una confrontaci\u00f3n con el C\u00e1rtel de Chiapas y Guatemala dej\u00f3 un saldo de 19 muertos En el municipio de La Concordia, Chiapas, la Secretar\u00eda de Seguridad y Protecci\u00f3n Ciudadana (SSPC) confirm\u00f3 el hallazgo de 19 muertos tras un enfrentamiento entre el C\u00e1rtel de Sinaloa y el C\u00e1rtel de Chiapas y Guatemala (CCyG). La masacre se [&hellip;]\" \/>\n<meta property=\"og:url\" content=\"https:\/\/fuentesfidedignas.com.mx\/index.php\/2024\/07\/03\/asi-presume-su-arsenal-el-cartel-de-sinaloa-tras-la-masacre-en-la-concordia-chiapas\/\" \/>\n<meta property=\"og:site_name\" content=\"Fuentes Fidedignas\" \/>\n<meta property=\"article:publisher\" content=\"https:\/\/www.facebook.com\/Fuentes-Fidedignas-368234489921644\" \/>\n<meta property=\"article:published_time\" content=\"2024-07-03T13:51:32+00:00\" \/>\n<meta property=\"article:modified_time\" content=\"2024-07-03T13:52:37+00:00\" \/>\n<meta property=\"og:image\" content=\"https:\/\/fuentesfidedignas.com.mx\/wp-content\/uploads\/2024\/07\/arsenal-cartel.jpg\" \/>\n\t<meta property=\"og:image:width\" content=\"650\" \/>\n\t<meta property=\"og:image:height\" content=\"440\" \/>\n\t<meta property=\"og:image:type\" content=\"image\/jpeg\" \/>\n<meta name=\"author\" content=\"Infobae\" \/>\n<meta name=\"twitter:card\" content=\"summary_large_image\" \/>\n<meta name=\"twitter:creator\" content=\"@fidedignas\" \/>\n<meta name=\"twitter:site\" content=\"@fidedignas\" \/>\n<meta name=\"twitter:label1\" content=\"Escrito por\" \/>\n\t<meta name=\"twitter:data1\" content=\"Infobae\" \/>\n\t<meta name=\"twitter:label2\" content=\"Tiempo de lectura\" \/>\n\t<meta name=\"twitter:data2\" content=\"3 minutos\" \/>\n<script type=\"application\/ld+json\" class=\"yoast-schema-graph\">{\"@context\":\"https:\\\/\\\/schema.org\",\"@graph\":[{\"@type\":\"Article\",\"@id\":\"https:\\\/\\\/fuentesfidedignas.com.mx\\\/index.php\\\/2024\\\/07\\\/03\\\/asi-presume-su-arsenal-el-cartel-de-sinaloa-tras-la-masacre-en-la-concordia-chiapas\\\/#article\",\"isPartOf\":{\"@id\":\"https:\\\/\\\/fuentesfidedignas.com.mx\\\/index.php\\\/2024\\\/07\\\/03\\\/asi-presume-su-arsenal-el-cartel-de-sinaloa-tras-la-masacre-en-la-concordia-chiapas\\\/\"},\"author\":{\"name\":\"Infobae\",\"@id\":\"https:\\\/\\\/fuentesfidedignas.com.mx\\\/#\\\/schema\\\/person\\\/8575896a7c1067d352f6c1cd6582c389\"},\"headline\":\"As\u00ed presume su arsenal el C\u00e1rtel de Sinaloa tras la masacre en La Concordia, Chiapas\",\"datePublished\":\"2024-07-03T13:51:32+00:00\",\"dateModified\":\"2024-07-03T13:52:37+00:00\",\"mainEntityOfPage\":{\"@id\":\"https:\\\/\\\/fuentesfidedignas.com.mx\\\/index.php\\\/2024\\\/07\\\/03\\\/asi-presume-su-arsenal-el-cartel-de-sinaloa-tras-la-masacre-en-la-concordia-chiapas\\\/\"},\"wordCount\":529,\"commentCount\":0,\"publisher\":{\"@id\":\"https:\\\/\\\/fuentesfidedignas.com.mx\\\/#organization\"},\"image\":{\"@id\":\"https:\\\/\\\/fuentesfidedignas.com.mx\\\/index.php\\\/2024\\\/07\\\/03\\\/asi-presume-su-arsenal-el-cartel-de-sinaloa-tras-la-masacre-en-la-concordia-chiapas\\\/#primaryimage\"},\"thumbnailUrl\":\"https:\\\/\\\/fuentesfidedignas.com.mx\\\/wp-content\\\/uploads\\\/2024\\\/07\\\/arsenal-cartel.jpg\",\"articleSection\":[\"NOTICIAS NACIONALES\"],\"inLanguage\":\"es\",\"potentialAction\":[{\"@type\":\"CommentAction\",\"name\":\"Comment\",\"target\":[\"https:\\\/\\\/fuentesfidedignas.com.mx\\\/index.php\\\/2024\\\/07\\\/03\\\/asi-presume-su-arsenal-el-cartel-de-sinaloa-tras-la-masacre-en-la-concordia-chiapas\\\/#respond\"]}]},{\"@type\":\"WebPage\",\"@id\":\"https:\\\/\\\/fuentesfidedignas.com.mx\\\/index.php\\\/2024\\\/07\\\/03\\\/asi-presume-su-arsenal-el-cartel-de-sinaloa-tras-la-masacre-en-la-concordia-chiapas\\\/\",\"url\":\"https:\\\/\\\/fuentesfidedignas.com.mx\\\/index.php\\\/2024\\\/07\\\/03\\\/asi-presume-su-arsenal-el-cartel-de-sinaloa-tras-la-masacre-en-la-concordia-chiapas\\\/\",\"name\":\"As\u00ed presume su arsenal el C\u00e1rtel de Sinaloa tras la masacre en La Concordia, Chiapas - Fuentes Fidedignas\",\"isPartOf\":{\"@id\":\"https:\\\/\\\/fuentesfidedignas.com.mx\\\/#website\"},\"primaryImageOfPage\":{\"@id\":\"https:\\\/\\\/fuentesfidedignas.com.mx\\\/index.php\\\/2024\\\/07\\\/03\\\/asi-presume-su-arsenal-el-cartel-de-sinaloa-tras-la-masacre-en-la-concordia-chiapas\\\/#primaryimage\"},\"image\":{\"@id\":\"https:\\\/\\\/fuentesfidedignas.com.mx\\\/index.php\\\/2024\\\/07\\\/03\\\/asi-presume-su-arsenal-el-cartel-de-sinaloa-tras-la-masacre-en-la-concordia-chiapas\\\/#primaryimage\"},\"thumbnailUrl\":\"https:\\\/\\\/fuentesfidedignas.com.mx\\\/wp-content\\\/uploads\\\/2024\\\/07\\\/arsenal-cartel.jpg\",\"datePublished\":\"2024-07-03T13:51:32+00:00\",\"dateModified\":\"2024-07-03T13:52:37+00:00\",\"breadcrumb\":{\"@id\":\"https:\\\/\\\/fuentesfidedignas.com.mx\\\/index.php\\\/2024\\\/07\\\/03\\\/asi-presume-su-arsenal-el-cartel-de-sinaloa-tras-la-masacre-en-la-concordia-chiapas\\\/#breadcrumb\"},\"inLanguage\":\"es\",\"potentialAction\":[{\"@type\":\"ReadAction\",\"target\":[\"https:\\\/\\\/fuentesfidedignas.com.mx\\\/index.php\\\/2024\\\/07\\\/03\\\/asi-presume-su-arsenal-el-cartel-de-sinaloa-tras-la-masacre-en-la-concordia-chiapas\\\/\"]}]},{\"@type\":\"ImageObject\",\"inLanguage\":\"es\",\"@id\":\"https:\\\/\\\/fuentesfidedignas.com.mx\\\/index.php\\\/2024\\\/07\\\/03\\\/asi-presume-su-arsenal-el-cartel-de-sinaloa-tras-la-masacre-en-la-concordia-chiapas\\\/#primaryimage\",\"url\":\"https:\\\/\\\/fuentesfidedignas.com.mx\\\/wp-content\\\/uploads\\\/2024\\\/07\\\/arsenal-cartel.jpg\",\"contentUrl\":\"https:\\\/\\\/fuentesfidedignas.com.mx\\\/wp-content\\\/uploads\\\/2024\\\/07\\\/arsenal-cartel.jpg\",\"width\":650,\"height\":440},{\"@type\":\"BreadcrumbList\",\"@id\":\"https:\\\/\\\/fuentesfidedignas.com.mx\\\/index.php\\\/2024\\\/07\\\/03\\\/asi-presume-su-arsenal-el-cartel-de-sinaloa-tras-la-masacre-en-la-concordia-chiapas\\\/#breadcrumb\",\"itemListElement\":[{\"@type\":\"ListItem\",\"position\":1,\"name\":\"Inicio\",\"item\":\"https:\\\/\\\/fuentesfidedignas.com.mx\\\/\"},{\"@type\":\"ListItem\",\"position\":2,\"name\":\"As\u00ed presume su arsenal el C\u00e1rtel de Sinaloa tras la masacre en La Concordia, Chiapas\"}]},{\"@type\":\"WebSite\",\"@id\":\"https:\\\/\\\/fuentesfidedignas.com.mx\\\/#website\",\"url\":\"https:\\\/\\\/fuentesfidedignas.com.mx\\\/\",\"name\":\"Fuentes Fidedignas\",\"description\":\"Otro sitio realizado con WordPress\",\"publisher\":{\"@id\":\"https:\\\/\\\/fuentesfidedignas.com.mx\\\/#organization\"},\"potentialAction\":[{\"@type\":\"SearchAction\",\"target\":{\"@type\":\"EntryPoint\",\"urlTemplate\":\"https:\\\/\\\/fuentesfidedignas.com.mx\\\/?s={search_term_string}\"},\"query-input\":{\"@type\":\"PropertyValueSpecification\",\"valueRequired\":true,\"valueName\":\"search_term_string\"}}],\"inLanguage\":\"es\"},{\"@type\":\"Organization\",\"@id\":\"https:\\\/\\\/fuentesfidedignas.com.mx\\\/#organization\",\"name\":\"Fuentes Fidedignas\",\"url\":\"https:\\\/\\\/fuentesfidedignas.com.mx\\\/\",\"logo\":{\"@type\":\"ImageObject\",\"inLanguage\":\"es\",\"@id\":\"https:\\\/\\\/fuentesfidedignas.com.mx\\\/#\\\/schema\\\/logo\\\/image\\\/\",\"url\":\"https:\\\/\\\/fuentesfidedignas.com.mx\\\/wp-content\\\/uploads\\\/2021\\\/04\\\/logo-retina.png\",\"contentUrl\":\"https:\\\/\\\/fuentesfidedignas.com.mx\\\/wp-content\\\/uploads\\\/2021\\\/04\\\/logo-retina.png\",\"width\":280,\"height\":51,\"caption\":\"Fuentes Fidedignas\"},\"image\":{\"@id\":\"https:\\\/\\\/fuentesfidedignas.com.mx\\\/#\\\/schema\\\/logo\\\/image\\\/\"},\"sameAs\":[\"https:\\\/\\\/www.facebook.com\\\/Fuentes-Fidedignas-368234489921644\",\"https:\\\/\\\/x.com\\\/fidedignas\"]},{\"@type\":\"Person\",\"@id\":\"https:\\\/\\\/fuentesfidedignas.com.mx\\\/#\\\/schema\\\/person\\\/8575896a7c1067d352f6c1cd6582c389\",\"name\":\"Infobae\",\"image\":{\"@type\":\"ImageObject\",\"inLanguage\":\"es\",\"@id\":\"https:\\\/\\\/secure.gravatar.com\\\/avatar\\\/e4ec95706f8d1670343f6526fdcec45474bab17475a851434a64ca12b5acba1c?s=96&d=mm&r=g\",\"url\":\"https:\\\/\\\/secure.gravatar.com\\\/avatar\\\/e4ec95706f8d1670343f6526fdcec45474bab17475a851434a64ca12b5acba1c?s=96&d=mm&r=g\",\"contentUrl\":\"https:\\\/\\\/secure.gravatar.com\\\/avatar\\\/e4ec95706f8d1670343f6526fdcec45474bab17475a851434a64ca12b5acba1c?s=96&d=mm&r=g\",\"caption\":\"Infobae\"},\"url\":\"https:\\\/\\\/fuentesfidedignas.com.mx\\\/index.php\\\/author\\\/infobae\\\/\"}]}<\/script>\n<!-- \/ Yoast SEO plugin. -->","yoast_head_json":{"title":"As\u00ed presume su arsenal el C\u00e1rtel de Sinaloa tras la masacre en La Concordia, Chiapas - Fuentes Fidedignas","robots":{"index":"index","follow":"follow","max-snippet":"max-snippet:-1","max-image-preview":"max-image-preview:large","max-video-preview":"max-video-preview:-1"},"canonical":"https:\/\/fuentesfidedignas.com.mx\/index.php\/2024\/07\/03\/asi-presume-su-arsenal-el-cartel-de-sinaloa-tras-la-masacre-en-la-concordia-chiapas\/","og_locale":"es_MX","og_type":"article","og_title":"As\u00ed presume su arsenal el C\u00e1rtel de Sinaloa tras la masacre en La Concordia, Chiapas - Fuentes Fidedignas","og_description":"Una confrontaci\u00f3n con el C\u00e1rtel de Chiapas y Guatemala dej\u00f3 un saldo de 19 muertos En el municipio de La Concordia, Chiapas, la Secretar\u00eda de Seguridad y Protecci\u00f3n Ciudadana (SSPC) confirm\u00f3 el hallazgo de 19 muertos tras un enfrentamiento entre el C\u00e1rtel de Sinaloa y el C\u00e1rtel de Chiapas y Guatemala (CCyG). La masacre se [&hellip;]","og_url":"https:\/\/fuentesfidedignas.com.mx\/index.php\/2024\/07\/03\/asi-presume-su-arsenal-el-cartel-de-sinaloa-tras-la-masacre-en-la-concordia-chiapas\/","og_site_name":"Fuentes Fidedignas","article_publisher":"https:\/\/www.facebook.com\/Fuentes-Fidedignas-368234489921644","article_published_time":"2024-07-03T13:51:32+00:00","article_modified_time":"2024-07-03T13:52:37+00:00","og_image":[{"width":650,"height":440,"url":"https:\/\/fuentesfidedignas.com.mx\/wp-content\/uploads\/2024\/07\/arsenal-cartel.jpg","type":"image\/jpeg"}],"author":"Infobae","twitter_card":"summary_large_image","twitter_creator":"@fidedignas","twitter_site":"@fidedignas","twitter_misc":{"Escrito por":"Infobae","Tiempo de lectura":"3 minutos"},"schema":{"@context":"https:\/\/schema.org","@graph":[{"@type":"Article","@id":"https:\/\/fuentesfidedignas.com.mx\/index.php\/2024\/07\/03\/asi-presume-su-arsenal-el-cartel-de-sinaloa-tras-la-masacre-en-la-concordia-chiapas\/#article","isPartOf":{"@id":"https:\/\/fuentesfidedignas.com.mx\/index.php\/2024\/07\/03\/asi-presume-su-arsenal-el-cartel-de-sinaloa-tras-la-masacre-en-la-concordia-chiapas\/"},"author":{"name":"Infobae","@id":"https:\/\/fuentesfidedignas.com.mx\/#\/schema\/person\/8575896a7c1067d352f6c1cd6582c389"},"headline":"As\u00ed presume su arsenal el C\u00e1rtel de Sinaloa tras la masacre en La Concordia, Chiapas","datePublished":"2024-07-03T13:51:32+00:00","dateModified":"2024-07-03T13:52:37+00:00","mainEntityOfPage":{"@id":"https:\/\/fuentesfidedignas.com.mx\/index.php\/2024\/07\/03\/asi-presume-su-arsenal-el-cartel-de-sinaloa-tras-la-masacre-en-la-concordia-chiapas\/"},"wordCount":529,"commentCount":0,"publisher":{"@id":"https:\/\/fuentesfidedignas.com.mx\/#organization"},"image":{"@id":"https:\/\/fuentesfidedignas.com.mx\/index.php\/2024\/07\/03\/asi-presume-su-arsenal-el-cartel-de-sinaloa-tras-la-masacre-en-la-concordia-chiapas\/#primaryimage"},"thumbnailUrl":"https:\/\/fuentesfidedignas.com.mx\/wp-content\/uploads\/2024\/07\/arsenal-cartel.jpg","articleSection":["NOTICIAS NACIONALES"],"inLanguage":"es","potentialAction":[{"@type":"CommentAction","name":"Comment","target":["https:\/\/fuentesfidedignas.com.mx\/index.php\/2024\/07\/03\/asi-presume-su-arsenal-el-cartel-de-sinaloa-tras-la-masacre-en-la-concordia-chiapas\/#respond"]}]},{"@type":"WebPage","@id":"https:\/\/fuentesfidedignas.com.mx\/index.php\/2024\/07\/03\/asi-presume-su-arsenal-el-cartel-de-sinaloa-tras-la-masacre-en-la-concordia-chiapas\/","url":"https:\/\/fuentesfidedignas.com.mx\/index.php\/2024\/07\/03\/asi-presume-su-arsenal-el-cartel-de-sinaloa-tras-la-masacre-en-la-concordia-chiapas\/","name":"As\u00ed presume su arsenal el C\u00e1rtel de Sinaloa tras la masacre en La Concordia, Chiapas - Fuentes Fidedignas","isPartOf":{"@id":"https:\/\/fuentesfidedignas.com.mx\/#website"},"primaryImageOfPage":{"@id":"https:\/\/fuentesfidedignas.com.mx\/index.php\/2024\/07\/03\/asi-presume-su-arsenal-el-cartel-de-sinaloa-tras-la-masacre-en-la-concordia-chiapas\/#primaryimage"},"image":{"@id":"https:\/\/fuentesfidedignas.com.mx\/index.php\/2024\/07\/03\/asi-presume-su-arsenal-el-cartel-de-sinaloa-tras-la-masacre-en-la-concordia-chiapas\/#primaryimage"},"thumbnailUrl":"https:\/\/fuentesfidedignas.com.mx\/wp-content\/uploads\/2024\/07\/arsenal-cartel.jpg","datePublished":"2024-07-03T13:51:32+00:00","dateModified":"2024-07-03T13:52:37+00:00","breadcrumb":{"@id":"https:\/\/fuentesfidedignas.com.mx\/index.php\/2024\/07\/03\/asi-presume-su-arsenal-el-cartel-de-sinaloa-tras-la-masacre-en-la-concordia-chiapas\/#breadcrumb"},"inLanguage":"es","potentialAction":[{"@type":"ReadAction","target":["https:\/\/fuentesfidedignas.com.mx\/index.php\/2024\/07\/03\/asi-presume-su-arsenal-el-cartel-de-sinaloa-tras-la-masacre-en-la-concordia-chiapas\/"]}]},{"@type":"ImageObject","inLanguage":"es","@id":"https:\/\/fuentesfidedignas.com.mx\/index.php\/2024\/07\/03\/asi-presume-su-arsenal-el-cartel-de-sinaloa-tras-la-masacre-en-la-concordia-chiapas\/#primaryimage","url":"https:\/\/fuentesfidedignas.com.mx\/wp-content\/uploads\/2024\/07\/arsenal-cartel.jpg","contentUrl":"https:\/\/fuentesfidedignas.com.mx\/wp-content\/uploads\/2024\/07\/arsenal-cartel.jpg","width":650,"height":440},{"@type":"BreadcrumbList","@id":"https:\/\/fuentesfidedignas.com.mx\/index.php\/2024\/07\/03\/asi-presume-su-arsenal-el-cartel-de-sinaloa-tras-la-masacre-en-la-concordia-chiapas\/#breadcrumb","itemListElement":[{"@type":"ListItem","position":1,"name":"Inicio","item":"https:\/\/fuentesfidedignas.com.mx\/"},{"@type":"ListItem","position":2,"name":"As\u00ed presume su arsenal el C\u00e1rtel de Sinaloa tras la masacre en La Concordia, Chiapas"}]},{"@type":"WebSite","@id":"https:\/\/fuentesfidedignas.com.mx\/#website","url":"https:\/\/fuentesfidedignas.com.mx\/","name":"Fuentes Fidedignas","description":"Otro sitio realizado con WordPress","publisher":{"@id":"https:\/\/fuentesfidedignas.com.mx\/#organization"},"potentialAction":[{"@type":"SearchAction","target":{"@type":"EntryPoint","urlTemplate":"https:\/\/fuentesfidedignas.com.mx\/?s={search_term_string}"},"query-input":{"@type":"PropertyValueSpecification","valueRequired":true,"valueName":"search_term_string"}}],"inLanguage":"es"},{"@type":"Organization","@id":"https:\/\/fuentesfidedignas.com.mx\/#organization","name":"Fuentes Fidedignas","url":"https:\/\/fuentesfidedignas.com.mx\/","logo":{"@type":"ImageObject","inLanguage":"es","@id":"https:\/\/fuentesfidedignas.com.mx\/#\/schema\/logo\/image\/","url":"https:\/\/fuentesfidedignas.com.mx\/wp-content\/uploads\/2021\/04\/logo-retina.png","contentUrl":"https:\/\/fuentesfidedignas.com.mx\/wp-content\/uploads\/2021\/04\/logo-retina.png","width":280,"height":51,"caption":"Fuentes Fidedignas"},"image":{"@id":"https:\/\/fuentesfidedignas.com.mx\/#\/schema\/logo\/image\/"},"sameAs":["https:\/\/www.facebook.com\/Fuentes-Fidedignas-368234489921644","https:\/\/x.com\/fidedignas"]},{"@type":"Person","@id":"https:\/\/fuentesfidedignas.com.mx\/#\/schema\/person\/8575896a7c1067d352f6c1cd6582c389","name":"Infobae","image":{"@type":"ImageObject","inLanguage":"es","@id":"https:\/\/secure.gravatar.com\/avatar\/e4ec95706f8d1670343f6526fdcec45474bab17475a851434a64ca12b5acba1c?s=96&d=mm&r=g","url":"https:\/\/secure.gravatar.com\/avatar\/e4ec95706f8d1670343f6526fdcec45474bab17475a851434a64ca12b5acba1c?s=96&d=mm&r=g","contentUrl":"https:\/\/secure.gravatar.com\/avatar\/e4ec95706f8d1670343f6526fdcec45474bab17475a851434a64ca12b5acba1c?s=96&d=mm&r=g","caption":"Infobae"},"url":"https:\/\/fuentesfidedignas.com.mx\/index.php\/author\/infobae\/"}]}},"_links":{"self":[{"href":"https:\/\/fuentesfidedignas.com.mx\/index.php\/wp-json\/wp\/v2\/posts\/85557","targetHints":{"allow":["GET"]}}],"collection":[{"href":"https:\/\/fuentesfidedignas.com.mx\/index.php\/wp-json\/wp\/v2\/posts"}],"about":[{"href":"https:\/\/fuentesfidedignas.com.mx\/index.php\/wp-json\/wp\/v2\/types\/post"}],"author":[{"embeddable":true,"href":"https:\/\/fuentesfidedignas.com.mx\/index.php\/wp-json\/wp\/v2\/users\/41"}],"replies":[{"embeddable":true,"href":"https:\/\/fuentesfidedignas.com.mx\/index.php\/wp-json\/wp\/v2\/comments?post=85557"}],"version-history":[{"count":2,"href":"https:\/\/fuentesfidedignas.com.mx\/index.php\/wp-json\/wp\/v2\/posts\/85557\/revisions"}],"predecessor-version":[{"id":85560,"href":"https:\/\/fuentesfidedignas.com.mx\/index.php\/wp-json\/wp\/v2\/posts\/85557\/revisions\/85560"}],"wp:featuredmedia":[{"embeddable":true,"href":"https:\/\/fuentesfidedignas.com.mx\/index.php\/wp-json\/wp\/v2\/media\/85558"}],"wp:attachment":[{"href":"https:\/\/fuentesfidedignas.com.mx\/index.php\/wp-json\/wp\/v2\/media?parent=85557"}],"wp:term":[{"taxonomy":"category","embeddable":true,"href":"https:\/\/fuentesfidedignas.com.mx\/index.php\/wp-json\/wp\/v2\/categories?post=85557"},{"taxonomy":"post_tag","embeddable":true,"href":"https:\/\/fuentesfidedignas.com.mx\/index.php\/wp-json\/wp\/v2\/tags?post=85557"}],"curies":[{"name":"wp","href":"https:\/\/api.w.org\/{rel}","templated":true}]}}