{"id":85555,"date":"2024-07-03T06:27:36","date_gmt":"2024-07-03T13:27:36","guid":{"rendered":"https:\/\/fuentesfidedignas.com.mx\/?p=85555"},"modified":"2024-07-03T06:27:36","modified_gmt":"2024-07-03T13:27:36","slug":"vinculan-a-proceso-a-cinco-personas-por-robo-de-medicamentos-del-imss-en-sinaloa","status":"publish","type":"post","link":"https:\/\/fuentesfidedignas.com.mx\/index.php\/2024\/07\/03\/vinculan-a-proceso-a-cinco-personas-por-robo-de-medicamentos-del-imss-en-sinaloa\/","title":{"rendered":"Vinculan a proceso a cinco personas por robo de medicamentos del IMSS en Sinaloa"},"content":{"rendered":"\n<p><em><strong>Gracias a videos tomados por pacientes que detectaron el robo, comenzaron las investigaciones, revelando una posible red de tr\u00e1fico de medicamentos.<\/strong><\/em><\/p>\n\n\n\n<p>La Fiscal\u00eda General de la Rep\u00fablica investiga en Sinaloa una presunta red de tr\u00e1fico de medicamentos, tras confirmar el robo de f\u00e1rmacos oncol\u00f3gicos, para VIH, diabetes y otros, valorados en m\u00e1s de 13 millones de pesos. El monto exacto del robo asciende a 13 millones 337 mil 846 pesos.<\/p>\n\n\n\n<p>Tras difundirse un video tomado por derechohabientes donde se observa la sustracci\u00f3n de cajas en un veh\u00edculo, se inici\u00f3 una investigaci\u00f3n, logrando la detenci\u00f3n de cinco personas que ya fueron vinculadas a proceso.<\/p>\n\n\n\n<p>Tras las investigaciones, el Juez de Distrito Especializado en el Sistema Penal Acusatorio vincul\u00f3 a proceso a Fernando &#8216;L&#8217;, Felipe &#8216;M&#8217;, Francisco &#8216;N&#8217;, Pedro &#8216;S&#8217; y Juan &#8216;R&#8217;. Estos individuos, servidores p\u00fablicos de un hospital del IMSS en Culiac\u00e1n, est\u00e1n acusados de robo y asociaci\u00f3n delictuosa.<\/p>\n\n\n\n<p>De acuerdo con la investigaci\u00f3n, el 10 de junio, personal del IMSS detect\u00f3 mediante videos de c\u00e1maras del hospital que estos trabajadores presuntamente robaron cajas con medicamentos.&nbsp;<\/p>\n\n\n\n<p>Tras realizar un inventario, se descubri\u00f3 un faltante de medicamentos oncol\u00f3gicos, para VIH, diabetes, entre otros, con un valor aproximado de 13 millones 337 mil 846 pesos.<\/p>\n\n\n\n<p>Como resultado, se solicit\u00f3 y obtuvo una orden de aprehensi\u00f3n contra los acusados, la cual fue cumplimentada por la Polic\u00eda Federal Ministerial (PFM) de la Agencia de Investigaci\u00f3n Criminal (AIC).<\/p>\n\n\n\n<p>En la audiencia, el Ministerio P\u00fablico Federal (MPF) present\u00f3 pruebas suficientes para obtener la vinculaci\u00f3n a proceso, as\u00ed como la prisi\u00f3n preventiva justificada y dos meses para la investigaci\u00f3n complementaria.<br>https:\/\/www.milenio.com\/estados\/sinaloa-vinculan-a-cinco-personas-por-robo-de-medicamentos-del-imss<\/p>\n","protected":false},"excerpt":{"rendered":"<p>Gracias a videos tomados por pacientes que detectaron el robo, comenzaron las investigaciones, revelando una posible red de tr\u00e1fico de medicamentos. La Fiscal\u00eda General de la Rep\u00fablica investiga en Sinaloa una presunta red de tr\u00e1fico de medicamentos, tras confirmar el robo de f\u00e1rmacos oncol\u00f3gicos, para VIH, diabetes y otros, valorados en m\u00e1s de 13 millones [&hellip;]<\/p>\n","protected":false},"author":9,"featured_media":84967,"comment_status":"open","ping_status":"open","sticky":false,"template":"","format":"standard","meta":{"tdm_status":"","tdm_grid_status":"","footnotes":""},"categories":[37],"tags":[],"class_list":{"0":"post-85555","1":"post","2":"type-post","3":"status-publish","4":"format-standard","5":"has-post-thumbnail","7":"category-nota-principal"},"yoast_head":"<!-- This site is optimized with the Yoast SEO plugin v27.5 - https:\/\/yoast.com\/product\/yoast-seo-wordpress\/ -->\n<title>Vinculan a proceso a cinco personas por robo de medicamentos del IMSS en Sinaloa - Fuentes Fidedignas<\/title>\n<meta name=\"robots\" content=\"index, follow, max-snippet:-1, max-image-preview:large, max-video-preview:-1\" \/>\n<link rel=\"canonical\" href=\"https:\/\/fuentesfidedignas.com.mx\/index.php\/2024\/07\/03\/vinculan-a-proceso-a-cinco-personas-por-robo-de-medicamentos-del-imss-en-sinaloa\/\" \/>\n<meta property=\"og:locale\" content=\"es_MX\" \/>\n<meta property=\"og:type\" content=\"article\" \/>\n<meta property=\"og:title\" content=\"Vinculan a proceso a cinco personas por robo de medicamentos del IMSS en Sinaloa - Fuentes Fidedignas\" \/>\n<meta property=\"og:description\" content=\"Gracias a videos tomados por pacientes que detectaron el robo, comenzaron las investigaciones, revelando una posible red de tr\u00e1fico de medicamentos. La Fiscal\u00eda General de la Rep\u00fablica investiga en Sinaloa una presunta red de tr\u00e1fico de medicamentos, tras confirmar el robo de f\u00e1rmacos oncol\u00f3gicos, para VIH, diabetes y otros, valorados en m\u00e1s de 13 millones [&hellip;]\" \/>\n<meta property=\"og:url\" content=\"https:\/\/fuentesfidedignas.com.mx\/index.php\/2024\/07\/03\/vinculan-a-proceso-a-cinco-personas-por-robo-de-medicamentos-del-imss-en-sinaloa\/\" \/>\n<meta property=\"og:site_name\" content=\"Fuentes Fidedignas\" \/>\n<meta property=\"article:publisher\" content=\"https:\/\/www.facebook.com\/Fuentes-Fidedignas-368234489921644\" \/>\n<meta property=\"article:published_time\" content=\"2024-07-03T13:27:36+00:00\" \/>\n<meta property=\"og:image\" content=\"https:\/\/fuentesfidedignas.com.mx\/wp-content\/uploads\/2024\/06\/IMSS-Culiacan.jpg\" \/>\n\t<meta property=\"og:image:width\" content=\"650\" \/>\n\t<meta property=\"og:image:height\" content=\"373\" \/>\n\t<meta property=\"og:image:type\" content=\"image\/jpeg\" \/>\n<meta name=\"author\" content=\"Milenio\" \/>\n<meta name=\"twitter:card\" content=\"summary_large_image\" \/>\n<meta name=\"twitter:creator\" content=\"@fidedignas\" \/>\n<meta name=\"twitter:site\" content=\"@fidedignas\" \/>\n<meta name=\"twitter:label1\" content=\"Escrito por\" \/>\n\t<meta name=\"twitter:data1\" content=\"Milenio\" \/>\n\t<meta name=\"twitter:label2\" content=\"Tiempo de lectura\" \/>\n\t<meta name=\"twitter:data2\" content=\"2 minutos\" \/>\n<script type=\"application\/ld+json\" class=\"yoast-schema-graph\">{\"@context\":\"https:\\\/\\\/schema.org\",\"@graph\":[{\"@type\":\"Article\",\"@id\":\"https:\\\/\\\/fuentesfidedignas.com.mx\\\/index.php\\\/2024\\\/07\\\/03\\\/vinculan-a-proceso-a-cinco-personas-por-robo-de-medicamentos-del-imss-en-sinaloa\\\/#article\",\"isPartOf\":{\"@id\":\"https:\\\/\\\/fuentesfidedignas.com.mx\\\/index.php\\\/2024\\\/07\\\/03\\\/vinculan-a-proceso-a-cinco-personas-por-robo-de-medicamentos-del-imss-en-sinaloa\\\/\"},\"author\":{\"name\":\"Milenio\",\"@id\":\"https:\\\/\\\/fuentesfidedignas.com.mx\\\/#\\\/schema\\\/person\\\/47ec0135738f4b0c7495f06a77a2c976\"},\"headline\":\"Vinculan a proceso a cinco personas por robo de medicamentos del IMSS en Sinaloa\",\"datePublished\":\"2024-07-03T13:27:36+00:00\",\"mainEntityOfPage\":{\"@id\":\"https:\\\/\\\/fuentesfidedignas.com.mx\\\/index.php\\\/2024\\\/07\\\/03\\\/vinculan-a-proceso-a-cinco-personas-por-robo-de-medicamentos-del-imss-en-sinaloa\\\/\"},\"wordCount\":301,\"commentCount\":0,\"publisher\":{\"@id\":\"https:\\\/\\\/fuentesfidedignas.com.mx\\\/#organization\"},\"image\":{\"@id\":\"https:\\\/\\\/fuentesfidedignas.com.mx\\\/index.php\\\/2024\\\/07\\\/03\\\/vinculan-a-proceso-a-cinco-personas-por-robo-de-medicamentos-del-imss-en-sinaloa\\\/#primaryimage\"},\"thumbnailUrl\":\"https:\\\/\\\/fuentesfidedignas.com.mx\\\/wp-content\\\/uploads\\\/2024\\\/06\\\/IMSS-Culiacan.jpg\",\"articleSection\":[\"NOTA PRINCIPAL\"],\"inLanguage\":\"es\",\"potentialAction\":[{\"@type\":\"CommentAction\",\"name\":\"Comment\",\"target\":[\"https:\\\/\\\/fuentesfidedignas.com.mx\\\/index.php\\\/2024\\\/07\\\/03\\\/vinculan-a-proceso-a-cinco-personas-por-robo-de-medicamentos-del-imss-en-sinaloa\\\/#respond\"]}]},{\"@type\":\"WebPage\",\"@id\":\"https:\\\/\\\/fuentesfidedignas.com.mx\\\/index.php\\\/2024\\\/07\\\/03\\\/vinculan-a-proceso-a-cinco-personas-por-robo-de-medicamentos-del-imss-en-sinaloa\\\/\",\"url\":\"https:\\\/\\\/fuentesfidedignas.com.mx\\\/index.php\\\/2024\\\/07\\\/03\\\/vinculan-a-proceso-a-cinco-personas-por-robo-de-medicamentos-del-imss-en-sinaloa\\\/\",\"name\":\"Vinculan a proceso a cinco personas por robo de medicamentos del IMSS en Sinaloa - Fuentes Fidedignas\",\"isPartOf\":{\"@id\":\"https:\\\/\\\/fuentesfidedignas.com.mx\\\/#website\"},\"primaryImageOfPage\":{\"@id\":\"https:\\\/\\\/fuentesfidedignas.com.mx\\\/index.php\\\/2024\\\/07\\\/03\\\/vinculan-a-proceso-a-cinco-personas-por-robo-de-medicamentos-del-imss-en-sinaloa\\\/#primaryimage\"},\"image\":{\"@id\":\"https:\\\/\\\/fuentesfidedignas.com.mx\\\/index.php\\\/2024\\\/07\\\/03\\\/vinculan-a-proceso-a-cinco-personas-por-robo-de-medicamentos-del-imss-en-sinaloa\\\/#primaryimage\"},\"thumbnailUrl\":\"https:\\\/\\\/fuentesfidedignas.com.mx\\\/wp-content\\\/uploads\\\/2024\\\/06\\\/IMSS-Culiacan.jpg\",\"datePublished\":\"2024-07-03T13:27:36+00:00\",\"breadcrumb\":{\"@id\":\"https:\\\/\\\/fuentesfidedignas.com.mx\\\/index.php\\\/2024\\\/07\\\/03\\\/vinculan-a-proceso-a-cinco-personas-por-robo-de-medicamentos-del-imss-en-sinaloa\\\/#breadcrumb\"},\"inLanguage\":\"es\",\"potentialAction\":[{\"@type\":\"ReadAction\",\"target\":[\"https:\\\/\\\/fuentesfidedignas.com.mx\\\/index.php\\\/2024\\\/07\\\/03\\\/vinculan-a-proceso-a-cinco-personas-por-robo-de-medicamentos-del-imss-en-sinaloa\\\/\"]}]},{\"@type\":\"ImageObject\",\"inLanguage\":\"es\",\"@id\":\"https:\\\/\\\/fuentesfidedignas.com.mx\\\/index.php\\\/2024\\\/07\\\/03\\\/vinculan-a-proceso-a-cinco-personas-por-robo-de-medicamentos-del-imss-en-sinaloa\\\/#primaryimage\",\"url\":\"https:\\\/\\\/fuentesfidedignas.com.mx\\\/wp-content\\\/uploads\\\/2024\\\/06\\\/IMSS-Culiacan.jpg\",\"contentUrl\":\"https:\\\/\\\/fuentesfidedignas.com.mx\\\/wp-content\\\/uploads\\\/2024\\\/06\\\/IMSS-Culiacan.jpg\",\"width\":650,\"height\":373},{\"@type\":\"BreadcrumbList\",\"@id\":\"https:\\\/\\\/fuentesfidedignas.com.mx\\\/index.php\\\/2024\\\/07\\\/03\\\/vinculan-a-proceso-a-cinco-personas-por-robo-de-medicamentos-del-imss-en-sinaloa\\\/#breadcrumb\",\"itemListElement\":[{\"@type\":\"ListItem\",\"position\":1,\"name\":\"Inicio\",\"item\":\"https:\\\/\\\/fuentesfidedignas.com.mx\\\/\"},{\"@type\":\"ListItem\",\"position\":2,\"name\":\"Vinculan a proceso a cinco personas por robo de medicamentos del IMSS en Sinaloa\"}]},{\"@type\":\"WebSite\",\"@id\":\"https:\\\/\\\/fuentesfidedignas.com.mx\\\/#website\",\"url\":\"https:\\\/\\\/fuentesfidedignas.com.mx\\\/\",\"name\":\"Fuentes Fidedignas\",\"description\":\"Otro sitio realizado con WordPress\",\"publisher\":{\"@id\":\"https:\\\/\\\/fuentesfidedignas.com.mx\\\/#organization\"},\"potentialAction\":[{\"@type\":\"SearchAction\",\"target\":{\"@type\":\"EntryPoint\",\"urlTemplate\":\"https:\\\/\\\/fuentesfidedignas.com.mx\\\/?s={search_term_string}\"},\"query-input\":{\"@type\":\"PropertyValueSpecification\",\"valueRequired\":true,\"valueName\":\"search_term_string\"}}],\"inLanguage\":\"es\"},{\"@type\":\"Organization\",\"@id\":\"https:\\\/\\\/fuentesfidedignas.com.mx\\\/#organization\",\"name\":\"Fuentes Fidedignas\",\"url\":\"https:\\\/\\\/fuentesfidedignas.com.mx\\\/\",\"logo\":{\"@type\":\"ImageObject\",\"inLanguage\":\"es\",\"@id\":\"https:\\\/\\\/fuentesfidedignas.com.mx\\\/#\\\/schema\\\/logo\\\/image\\\/\",\"url\":\"https:\\\/\\\/fuentesfidedignas.com.mx\\\/wp-content\\\/uploads\\\/2021\\\/04\\\/logo-retina.png\",\"contentUrl\":\"https:\\\/\\\/fuentesfidedignas.com.mx\\\/wp-content\\\/uploads\\\/2021\\\/04\\\/logo-retina.png\",\"width\":280,\"height\":51,\"caption\":\"Fuentes Fidedignas\"},\"image\":{\"@id\":\"https:\\\/\\\/fuentesfidedignas.com.mx\\\/#\\\/schema\\\/logo\\\/image\\\/\"},\"sameAs\":[\"https:\\\/\\\/www.facebook.com\\\/Fuentes-Fidedignas-368234489921644\",\"https:\\\/\\\/x.com\\\/fidedignas\"]},{\"@type\":\"Person\",\"@id\":\"https:\\\/\\\/fuentesfidedignas.com.mx\\\/#\\\/schema\\\/person\\\/47ec0135738f4b0c7495f06a77a2c976\",\"name\":\"Milenio\",\"image\":{\"@type\":\"ImageObject\",\"inLanguage\":\"es\",\"@id\":\"https:\\\/\\\/secure.gravatar.com\\\/avatar\\\/acabf7b54753e51c2c76457954577c236b3b764789b19879565769739d1e4a75?s=96&d=mm&r=g\",\"url\":\"https:\\\/\\\/secure.gravatar.com\\\/avatar\\\/acabf7b54753e51c2c76457954577c236b3b764789b19879565769739d1e4a75?s=96&d=mm&r=g\",\"contentUrl\":\"https:\\\/\\\/secure.gravatar.com\\\/avatar\\\/acabf7b54753e51c2c76457954577c236b3b764789b19879565769739d1e4a75?s=96&d=mm&r=g\",\"caption\":\"Milenio\"},\"url\":\"https:\\\/\\\/fuentesfidedignas.com.mx\\\/index.php\\\/author\\\/milenio\\\/\"}]}<\/script>\n<!-- \/ Yoast SEO plugin. -->","yoast_head_json":{"title":"Vinculan a proceso a cinco personas por robo de medicamentos del IMSS en Sinaloa - Fuentes Fidedignas","robots":{"index":"index","follow":"follow","max-snippet":"max-snippet:-1","max-image-preview":"max-image-preview:large","max-video-preview":"max-video-preview:-1"},"canonical":"https:\/\/fuentesfidedignas.com.mx\/index.php\/2024\/07\/03\/vinculan-a-proceso-a-cinco-personas-por-robo-de-medicamentos-del-imss-en-sinaloa\/","og_locale":"es_MX","og_type":"article","og_title":"Vinculan a proceso a cinco personas por robo de medicamentos del IMSS en Sinaloa - Fuentes Fidedignas","og_description":"Gracias a videos tomados por pacientes que detectaron el robo, comenzaron las investigaciones, revelando una posible red de tr\u00e1fico de medicamentos. La Fiscal\u00eda General de la Rep\u00fablica investiga en Sinaloa una presunta red de tr\u00e1fico de medicamentos, tras confirmar el robo de f\u00e1rmacos oncol\u00f3gicos, para VIH, diabetes y otros, valorados en m\u00e1s de 13 millones [&hellip;]","og_url":"https:\/\/fuentesfidedignas.com.mx\/index.php\/2024\/07\/03\/vinculan-a-proceso-a-cinco-personas-por-robo-de-medicamentos-del-imss-en-sinaloa\/","og_site_name":"Fuentes Fidedignas","article_publisher":"https:\/\/www.facebook.com\/Fuentes-Fidedignas-368234489921644","article_published_time":"2024-07-03T13:27:36+00:00","og_image":[{"width":650,"height":373,"url":"https:\/\/fuentesfidedignas.com.mx\/wp-content\/uploads\/2024\/06\/IMSS-Culiacan.jpg","type":"image\/jpeg"}],"author":"Milenio","twitter_card":"summary_large_image","twitter_creator":"@fidedignas","twitter_site":"@fidedignas","twitter_misc":{"Escrito por":"Milenio","Tiempo de lectura":"2 minutos"},"schema":{"@context":"https:\/\/schema.org","@graph":[{"@type":"Article","@id":"https:\/\/fuentesfidedignas.com.mx\/index.php\/2024\/07\/03\/vinculan-a-proceso-a-cinco-personas-por-robo-de-medicamentos-del-imss-en-sinaloa\/#article","isPartOf":{"@id":"https:\/\/fuentesfidedignas.com.mx\/index.php\/2024\/07\/03\/vinculan-a-proceso-a-cinco-personas-por-robo-de-medicamentos-del-imss-en-sinaloa\/"},"author":{"name":"Milenio","@id":"https:\/\/fuentesfidedignas.com.mx\/#\/schema\/person\/47ec0135738f4b0c7495f06a77a2c976"},"headline":"Vinculan a proceso a cinco personas por robo de medicamentos del IMSS en Sinaloa","datePublished":"2024-07-03T13:27:36+00:00","mainEntityOfPage":{"@id":"https:\/\/fuentesfidedignas.com.mx\/index.php\/2024\/07\/03\/vinculan-a-proceso-a-cinco-personas-por-robo-de-medicamentos-del-imss-en-sinaloa\/"},"wordCount":301,"commentCount":0,"publisher":{"@id":"https:\/\/fuentesfidedignas.com.mx\/#organization"},"image":{"@id":"https:\/\/fuentesfidedignas.com.mx\/index.php\/2024\/07\/03\/vinculan-a-proceso-a-cinco-personas-por-robo-de-medicamentos-del-imss-en-sinaloa\/#primaryimage"},"thumbnailUrl":"https:\/\/fuentesfidedignas.com.mx\/wp-content\/uploads\/2024\/06\/IMSS-Culiacan.jpg","articleSection":["NOTA PRINCIPAL"],"inLanguage":"es","potentialAction":[{"@type":"CommentAction","name":"Comment","target":["https:\/\/fuentesfidedignas.com.mx\/index.php\/2024\/07\/03\/vinculan-a-proceso-a-cinco-personas-por-robo-de-medicamentos-del-imss-en-sinaloa\/#respond"]}]},{"@type":"WebPage","@id":"https:\/\/fuentesfidedignas.com.mx\/index.php\/2024\/07\/03\/vinculan-a-proceso-a-cinco-personas-por-robo-de-medicamentos-del-imss-en-sinaloa\/","url":"https:\/\/fuentesfidedignas.com.mx\/index.php\/2024\/07\/03\/vinculan-a-proceso-a-cinco-personas-por-robo-de-medicamentos-del-imss-en-sinaloa\/","name":"Vinculan a proceso a cinco personas por robo de medicamentos del IMSS en Sinaloa - Fuentes Fidedignas","isPartOf":{"@id":"https:\/\/fuentesfidedignas.com.mx\/#website"},"primaryImageOfPage":{"@id":"https:\/\/fuentesfidedignas.com.mx\/index.php\/2024\/07\/03\/vinculan-a-proceso-a-cinco-personas-por-robo-de-medicamentos-del-imss-en-sinaloa\/#primaryimage"},"image":{"@id":"https:\/\/fuentesfidedignas.com.mx\/index.php\/2024\/07\/03\/vinculan-a-proceso-a-cinco-personas-por-robo-de-medicamentos-del-imss-en-sinaloa\/#primaryimage"},"thumbnailUrl":"https:\/\/fuentesfidedignas.com.mx\/wp-content\/uploads\/2024\/06\/IMSS-Culiacan.jpg","datePublished":"2024-07-03T13:27:36+00:00","breadcrumb":{"@id":"https:\/\/fuentesfidedignas.com.mx\/index.php\/2024\/07\/03\/vinculan-a-proceso-a-cinco-personas-por-robo-de-medicamentos-del-imss-en-sinaloa\/#breadcrumb"},"inLanguage":"es","potentialAction":[{"@type":"ReadAction","target":["https:\/\/fuentesfidedignas.com.mx\/index.php\/2024\/07\/03\/vinculan-a-proceso-a-cinco-personas-por-robo-de-medicamentos-del-imss-en-sinaloa\/"]}]},{"@type":"ImageObject","inLanguage":"es","@id":"https:\/\/fuentesfidedignas.com.mx\/index.php\/2024\/07\/03\/vinculan-a-proceso-a-cinco-personas-por-robo-de-medicamentos-del-imss-en-sinaloa\/#primaryimage","url":"https:\/\/fuentesfidedignas.com.mx\/wp-content\/uploads\/2024\/06\/IMSS-Culiacan.jpg","contentUrl":"https:\/\/fuentesfidedignas.com.mx\/wp-content\/uploads\/2024\/06\/IMSS-Culiacan.jpg","width":650,"height":373},{"@type":"BreadcrumbList","@id":"https:\/\/fuentesfidedignas.com.mx\/index.php\/2024\/07\/03\/vinculan-a-proceso-a-cinco-personas-por-robo-de-medicamentos-del-imss-en-sinaloa\/#breadcrumb","itemListElement":[{"@type":"ListItem","position":1,"name":"Inicio","item":"https:\/\/fuentesfidedignas.com.mx\/"},{"@type":"ListItem","position":2,"name":"Vinculan a proceso a cinco personas por robo de medicamentos del IMSS en Sinaloa"}]},{"@type":"WebSite","@id":"https:\/\/fuentesfidedignas.com.mx\/#website","url":"https:\/\/fuentesfidedignas.com.mx\/","name":"Fuentes Fidedignas","description":"Otro sitio realizado con WordPress","publisher":{"@id":"https:\/\/fuentesfidedignas.com.mx\/#organization"},"potentialAction":[{"@type":"SearchAction","target":{"@type":"EntryPoint","urlTemplate":"https:\/\/fuentesfidedignas.com.mx\/?s={search_term_string}"},"query-input":{"@type":"PropertyValueSpecification","valueRequired":true,"valueName":"search_term_string"}}],"inLanguage":"es"},{"@type":"Organization","@id":"https:\/\/fuentesfidedignas.com.mx\/#organization","name":"Fuentes Fidedignas","url":"https:\/\/fuentesfidedignas.com.mx\/","logo":{"@type":"ImageObject","inLanguage":"es","@id":"https:\/\/fuentesfidedignas.com.mx\/#\/schema\/logo\/image\/","url":"https:\/\/fuentesfidedignas.com.mx\/wp-content\/uploads\/2021\/04\/logo-retina.png","contentUrl":"https:\/\/fuentesfidedignas.com.mx\/wp-content\/uploads\/2021\/04\/logo-retina.png","width":280,"height":51,"caption":"Fuentes Fidedignas"},"image":{"@id":"https:\/\/fuentesfidedignas.com.mx\/#\/schema\/logo\/image\/"},"sameAs":["https:\/\/www.facebook.com\/Fuentes-Fidedignas-368234489921644","https:\/\/x.com\/fidedignas"]},{"@type":"Person","@id":"https:\/\/fuentesfidedignas.com.mx\/#\/schema\/person\/47ec0135738f4b0c7495f06a77a2c976","name":"Milenio","image":{"@type":"ImageObject","inLanguage":"es","@id":"https:\/\/secure.gravatar.com\/avatar\/acabf7b54753e51c2c76457954577c236b3b764789b19879565769739d1e4a75?s=96&d=mm&r=g","url":"https:\/\/secure.gravatar.com\/avatar\/acabf7b54753e51c2c76457954577c236b3b764789b19879565769739d1e4a75?s=96&d=mm&r=g","contentUrl":"https:\/\/secure.gravatar.com\/avatar\/acabf7b54753e51c2c76457954577c236b3b764789b19879565769739d1e4a75?s=96&d=mm&r=g","caption":"Milenio"},"url":"https:\/\/fuentesfidedignas.com.mx\/index.php\/author\/milenio\/"}]}},"_links":{"self":[{"href":"https:\/\/fuentesfidedignas.com.mx\/index.php\/wp-json\/wp\/v2\/posts\/85555","targetHints":{"allow":["GET"]}}],"collection":[{"href":"https:\/\/fuentesfidedignas.com.mx\/index.php\/wp-json\/wp\/v2\/posts"}],"about":[{"href":"https:\/\/fuentesfidedignas.com.mx\/index.php\/wp-json\/wp\/v2\/types\/post"}],"author":[{"embeddable":true,"href":"https:\/\/fuentesfidedignas.com.mx\/index.php\/wp-json\/wp\/v2\/users\/9"}],"replies":[{"embeddable":true,"href":"https:\/\/fuentesfidedignas.com.mx\/index.php\/wp-json\/wp\/v2\/comments?post=85555"}],"version-history":[{"count":1,"href":"https:\/\/fuentesfidedignas.com.mx\/index.php\/wp-json\/wp\/v2\/posts\/85555\/revisions"}],"predecessor-version":[{"id":85556,"href":"https:\/\/fuentesfidedignas.com.mx\/index.php\/wp-json\/wp\/v2\/posts\/85555\/revisions\/85556"}],"wp:featuredmedia":[{"embeddable":true,"href":"https:\/\/fuentesfidedignas.com.mx\/index.php\/wp-json\/wp\/v2\/media\/84967"}],"wp:attachment":[{"href":"https:\/\/fuentesfidedignas.com.mx\/index.php\/wp-json\/wp\/v2\/media?parent=85555"}],"wp:term":[{"taxonomy":"category","embeddable":true,"href":"https:\/\/fuentesfidedignas.com.mx\/index.php\/wp-json\/wp\/v2\/categories?post=85555"},{"taxonomy":"post_tag","embeddable":true,"href":"https:\/\/fuentesfidedignas.com.mx\/index.php\/wp-json\/wp\/v2\/tags?post=85555"}],"curies":[{"name":"wp","href":"https:\/\/api.w.org\/{rel}","templated":true}]}}