{"id":85545,"date":"2024-07-02T21:25:09","date_gmt":"2024-07-03T04:25:09","guid":{"rendered":"https:\/\/fuentesfidedignas.com.mx\/?p=85545"},"modified":"2024-07-03T09:08:14","modified_gmt":"2024-07-03T16:08:14","slug":"rector-de-la-uas-y-comite-de-adquisiciones-otra-vez-vinculados-a-proceso","status":"publish","type":"post","link":"https:\/\/fuentesfidedignas.com.mx\/index.php\/2024\/07\/02\/rector-de-la-uas-y-comite-de-adquisiciones-otra-vez-vinculados-a-proceso\/","title":{"rendered":"Rector de la UAS y Comit\u00e9 de Adquisiciones otra vez vinculados a proceso"},"content":{"rendered":"\n<p><\/p>\n\n\n\n<p><strong><em>En audiencia inicial despu\u00e9s de haberse diferido en cinco ocasiones a petici\u00f3n de la defensa, se formul\u00f3 imputaci\u00f3n ante el Juez de Control quien consider\u00f3 los datos de prueba para vincular a proceso<\/em><\/strong>.<\/p>\n\n\n\n<p>Culiac\u00e1n, Sin.- La Fiscal\u00eda General del Estado, luego de dos d\u00edas de audiencias logr\u00f3 obtener auto de vinculaci\u00f3n a proceso en contra del Rector titular de la Universidad Aut\u00f3noma de Sinaloa, por el delito de ejercicio indebido del servicio p\u00fablico, y en contra de los integrantes del comit\u00e9 de adquisiciones de dicha Universidad por los periodos del 2021 y 2022, por el delito de desempe\u00f1o Irregular P\u00fablica.<\/p>\n\n\n\n<p>Los hechos est\u00e1n relacionados con la contrataci\u00f3n de obra p\u00fablica de la Universidad Aut\u00f3noma de Sinaloa con la empresa del esposo de la Secretaria acad\u00e9mica de la Facultad de Inform\u00e1tica Yareli \u201cL\u201d.<\/p>\n\n\n\n<p>En la Causa Penal 691\/2024 que deriv\u00f3 del Cuadernillo Penal 1231\/2023, se obtuvo vinculaci\u00f3n a proceso de todos los imputados despu\u00e9s de haberse diferido en cinco ocasiones la audiencia inicial.<\/p>\n\n\n\n<p>Como medidas cautelares a la y los imputados Jes\u00fas \u201cM\u201d, Soila Maribel \u201cG\u201d, Jorge \u201cP\u201d, \u00d3scar Orlando \u201cG\u201d, Salvador \u201cP\u201d y H\u00e9ctor Melesio \u201cC\u201d, se les impuso la presentaci\u00f3n peri\u00f3dica cada mes ante la UMECA, as\u00ed como la prohibici\u00f3n de salir del Pa\u00eds; y la suspensi\u00f3n temporal del cargo se le impuso a Jes\u00fas \u201cM\u201d y Jorge \u201cP\u201d, el primero por el delito de ejercicio indebido del servicio p\u00fablico y el segundo por desempe\u00f1o irregular de la funci\u00f3n p\u00fablica; se fijaron 3 meses de plazo para el cierre de la investigaci\u00f3n complementaria.<\/p>\n\n\n\n<p>El diferimiento de la audiencia inicial, la cual fue con motivo de los argumentos dilatorios de los imputados y sus defensores particulares, quienes revocaban a sus defensores para diferir por cinco ocasiones la audiencia inicial, realizando un uso abusivo del derecho a nombrar libremente a su defensor. Lo que se pudo evidenciar en la \u00faltima audiencia que los imputados nombran nuevamente a los defensores que ten\u00edan en la primer y segunda audiencia, de fechas 19 de octubre y 14 de diciembre del 2023.<\/p>\n\n\n\n<p>En la audiencia inicial la Fiscal\u00eda General de Sinaloa, expuso ante el Juez de control los datos de prueba con los que se cuenta en la carpeta de investigaci\u00f3n, considerando el \u00f3rgano jurisdiccional que existen indicios razonables para emitir el auto de vinculaci\u00f3n a proceso en contra de todos los imputados, por los delitos solicitados.<\/p>\n\n\n\n<p>Del estudio que se realiz\u00f3 de las facturas emitidas a favor de la UAS en el 2021 y 2022, se tiene que, en el 2021 se emiti\u00f3 47 facturas por la cantidad total de $10,898,756.63 millones; en el 2022 se emiti\u00f3 81 facturas por la cantidad total de $10,065,506.40 millones; siendo en total 128 facturas por el monto de $20\u2019964,263.03 millones. En este caso no hubo facturas canceladas.<\/p>\n\n\n\n<p>El due\u00f1o y socio de la empresa Arquitectos Constructores de Sinaloa Cesar Abraham \u201cC\u201d, ante esta Fiscal\u00eda aport\u00f3 diversos datos de prueba entre ellos estados de cuenta bancarios, una relaci\u00f3n detallada de las facturas emitidas, en los que aparecen los pagos que recibi\u00f3 de parte de la UAS, siendo 15 transferencias bancarias por $3\u00b4675,621.97 millones en el 2021, y 31 transferencias por $4\u2019231,893.34 millones en el 2022; En total el monto pagado fue por $7\u2019907,515.31 millones, montos pagados que aun superan el l\u00edmite para que se hubiera hecho las contrataci\u00f3n de obra por licitaci\u00f3n p\u00fablica.<\/p>\n\n\n\n<p>El due\u00f1o de la proveedora Arquitectos Constructores de Sinaloa Cesar Abraham \u201cC\u201d ha cooperado con la Procuraci\u00f3n de Justicia al suministrar la informaci\u00f3n que le fue requerida por la FGE, contrario a las diversas solicitudes que se le han realizado a los funcionarios de la UAS que a la fecha no han suministrado la informaci\u00f3n que le solicit\u00f3 Fiscalia.<\/p>\n\n\n\n<p>Con esta vinculaci\u00f3n a proceso de los funcionarios universitarios de la UAS, queda claro que no se viola la Autonom\u00eda Universitaria, que las personas imputadas son servidores p\u00fablicos, y que no se trata de un ataque a la Universidad Aut\u00f3noma de Sinaloa, sino por el contrario, se est\u00e1 protegiendo a esta Universidad para que los recursos p\u00fablicos que le ministra el Estado su uso y destino sea conforme a la Ley que rige el servicio de obra p\u00fablica; tal como se explic\u00f3 ante el Juez de control en la audiencia inicial, por lo que, FGE act\u00faa apegado a la legalidad.<\/p>\n\n\n\n<p>El Subsidio Estatal Ordinario que la Secretaria de Administraci\u00f3n y Finanzas del Gobierno del Estado de Sinaloa, le transfiri\u00f3 a la UAS en el 2021 fue la cantidad de $2\u00b4114,770,127.00 millones; en el 2022 fue la cantidad de $2\u00b4598,761,546.72 millones.<\/p>\n","protected":false},"excerpt":{"rendered":"<p>En audiencia inicial despu\u00e9s de haberse diferido en cinco ocasiones a petici\u00f3n de la defensa, se formul\u00f3 imputaci\u00f3n ante el Juez de Control quien consider\u00f3 los datos de prueba para vincular a proceso. Culiac\u00e1n, Sin.- La Fiscal\u00eda General del Estado, luego de dos d\u00edas de audiencias logr\u00f3 obtener auto de vinculaci\u00f3n a proceso en contra [&hellip;]<\/p>\n","protected":false},"author":4,"featured_media":80207,"comment_status":"closed","ping_status":"open","sticky":false,"template":"","format":"standard","meta":{"tdm_status":"","tdm_grid_status":"","footnotes":""},"categories":[1],"tags":[],"class_list":{"0":"post-85545","1":"post","2":"type-post","3":"status-publish","4":"format-standard","5":"has-post-thumbnail","7":"category-sin-categoria"},"yoast_head":"<!-- This site is optimized with the Yoast SEO plugin v27.5 - https:\/\/yoast.com\/product\/yoast-seo-wordpress\/ -->\n<title>Rector de la UAS y Comit\u00e9 de Adquisiciones otra vez vinculados a proceso - Fuentes Fidedignas<\/title>\n<meta name=\"robots\" content=\"index, follow, max-snippet:-1, max-image-preview:large, max-video-preview:-1\" \/>\n<link rel=\"canonical\" href=\"https:\/\/fuentesfidedignas.com.mx\/index.php\/2024\/07\/02\/rector-de-la-uas-y-comite-de-adquisiciones-otra-vez-vinculados-a-proceso\/\" \/>\n<meta property=\"og:locale\" content=\"es_MX\" \/>\n<meta property=\"og:type\" content=\"article\" \/>\n<meta property=\"og:title\" content=\"Rector de la UAS y Comit\u00e9 de Adquisiciones otra vez vinculados a proceso - Fuentes Fidedignas\" \/>\n<meta property=\"og:description\" content=\"En audiencia inicial despu\u00e9s de haberse diferido en cinco ocasiones a petici\u00f3n de la defensa, se formul\u00f3 imputaci\u00f3n ante el Juez de Control quien consider\u00f3 los datos de prueba para vincular a proceso. Culiac\u00e1n, Sin.- La Fiscal\u00eda General del Estado, luego de dos d\u00edas de audiencias logr\u00f3 obtener auto de vinculaci\u00f3n a proceso en contra [&hellip;]\" \/>\n<meta property=\"og:url\" content=\"https:\/\/fuentesfidedignas.com.mx\/index.php\/2024\/07\/02\/rector-de-la-uas-y-comite-de-adquisiciones-otra-vez-vinculados-a-proceso\/\" \/>\n<meta property=\"og:site_name\" content=\"Fuentes Fidedignas\" \/>\n<meta property=\"article:publisher\" content=\"https:\/\/www.facebook.com\/Fuentes-Fidedignas-368234489921644\" \/>\n<meta property=\"article:published_time\" content=\"2024-07-03T04:25:09+00:00\" \/>\n<meta property=\"article:modified_time\" content=\"2024-07-03T16:08:14+00:00\" \/>\n<meta property=\"og:image\" content=\"https:\/\/fuentesfidedignas.com.mx\/wp-content\/uploads\/2024\/04\/maduena.jpeg\" \/>\n\t<meta property=\"og:image:width\" content=\"600\" \/>\n\t<meta property=\"og:image:height\" content=\"400\" \/>\n\t<meta property=\"og:image:type\" content=\"image\/jpeg\" \/>\n<meta name=\"author\" content=\"Redacci\u00f3n\" \/>\n<meta name=\"twitter:card\" content=\"summary_large_image\" \/>\n<meta name=\"twitter:creator\" content=\"@fidedignas\" \/>\n<meta name=\"twitter:site\" content=\"@fidedignas\" \/>\n<meta name=\"twitter:label1\" content=\"Escrito por\" \/>\n\t<meta name=\"twitter:data1\" content=\"Redacci\u00f3n\" \/>\n\t<meta name=\"twitter:label2\" content=\"Tiempo de lectura\" \/>\n\t<meta name=\"twitter:data2\" content=\"4 minutos\" \/>\n<script type=\"application\/ld+json\" class=\"yoast-schema-graph\">{\"@context\":\"https:\\\/\\\/schema.org\",\"@graph\":[{\"@type\":\"Article\",\"@id\":\"https:\\\/\\\/fuentesfidedignas.com.mx\\\/index.php\\\/2024\\\/07\\\/02\\\/rector-de-la-uas-y-comite-de-adquisiciones-otra-vez-vinculados-a-proceso\\\/#article\",\"isPartOf\":{\"@id\":\"https:\\\/\\\/fuentesfidedignas.com.mx\\\/index.php\\\/2024\\\/07\\\/02\\\/rector-de-la-uas-y-comite-de-adquisiciones-otra-vez-vinculados-a-proceso\\\/\"},\"author\":{\"name\":\"Redacci\u00f3n\",\"@id\":\"https:\\\/\\\/fuentesfidedignas.com.mx\\\/#\\\/schema\\\/person\\\/331be9283d37198e2acd5750279085b0\"},\"headline\":\"Rector de la UAS y Comit\u00e9 de Adquisiciones otra vez vinculados a proceso\",\"datePublished\":\"2024-07-03T04:25:09+00:00\",\"dateModified\":\"2024-07-03T16:08:14+00:00\",\"mainEntityOfPage\":{\"@id\":\"https:\\\/\\\/fuentesfidedignas.com.mx\\\/index.php\\\/2024\\\/07\\\/02\\\/rector-de-la-uas-y-comite-de-adquisiciones-otra-vez-vinculados-a-proceso\\\/\"},\"wordCount\":794,\"publisher\":{\"@id\":\"https:\\\/\\\/fuentesfidedignas.com.mx\\\/#organization\"},\"image\":{\"@id\":\"https:\\\/\\\/fuentesfidedignas.com.mx\\\/index.php\\\/2024\\\/07\\\/02\\\/rector-de-la-uas-y-comite-de-adquisiciones-otra-vez-vinculados-a-proceso\\\/#primaryimage\"},\"thumbnailUrl\":\"https:\\\/\\\/fuentesfidedignas.com.mx\\\/wp-content\\\/uploads\\\/2024\\\/04\\\/maduena.jpeg\",\"inLanguage\":\"es\"},{\"@type\":\"WebPage\",\"@id\":\"https:\\\/\\\/fuentesfidedignas.com.mx\\\/index.php\\\/2024\\\/07\\\/02\\\/rector-de-la-uas-y-comite-de-adquisiciones-otra-vez-vinculados-a-proceso\\\/\",\"url\":\"https:\\\/\\\/fuentesfidedignas.com.mx\\\/index.php\\\/2024\\\/07\\\/02\\\/rector-de-la-uas-y-comite-de-adquisiciones-otra-vez-vinculados-a-proceso\\\/\",\"name\":\"Rector de la UAS y Comit\u00e9 de Adquisiciones otra vez vinculados a proceso - Fuentes Fidedignas\",\"isPartOf\":{\"@id\":\"https:\\\/\\\/fuentesfidedignas.com.mx\\\/#website\"},\"primaryImageOfPage\":{\"@id\":\"https:\\\/\\\/fuentesfidedignas.com.mx\\\/index.php\\\/2024\\\/07\\\/02\\\/rector-de-la-uas-y-comite-de-adquisiciones-otra-vez-vinculados-a-proceso\\\/#primaryimage\"},\"image\":{\"@id\":\"https:\\\/\\\/fuentesfidedignas.com.mx\\\/index.php\\\/2024\\\/07\\\/02\\\/rector-de-la-uas-y-comite-de-adquisiciones-otra-vez-vinculados-a-proceso\\\/#primaryimage\"},\"thumbnailUrl\":\"https:\\\/\\\/fuentesfidedignas.com.mx\\\/wp-content\\\/uploads\\\/2024\\\/04\\\/maduena.jpeg\",\"datePublished\":\"2024-07-03T04:25:09+00:00\",\"dateModified\":\"2024-07-03T16:08:14+00:00\",\"breadcrumb\":{\"@id\":\"https:\\\/\\\/fuentesfidedignas.com.mx\\\/index.php\\\/2024\\\/07\\\/02\\\/rector-de-la-uas-y-comite-de-adquisiciones-otra-vez-vinculados-a-proceso\\\/#breadcrumb\"},\"inLanguage\":\"es\",\"potentialAction\":[{\"@type\":\"ReadAction\",\"target\":[\"https:\\\/\\\/fuentesfidedignas.com.mx\\\/index.php\\\/2024\\\/07\\\/02\\\/rector-de-la-uas-y-comite-de-adquisiciones-otra-vez-vinculados-a-proceso\\\/\"]}]},{\"@type\":\"ImageObject\",\"inLanguage\":\"es\",\"@id\":\"https:\\\/\\\/fuentesfidedignas.com.mx\\\/index.php\\\/2024\\\/07\\\/02\\\/rector-de-la-uas-y-comite-de-adquisiciones-otra-vez-vinculados-a-proceso\\\/#primaryimage\",\"url\":\"https:\\\/\\\/fuentesfidedignas.com.mx\\\/wp-content\\\/uploads\\\/2024\\\/04\\\/maduena.jpeg\",\"contentUrl\":\"https:\\\/\\\/fuentesfidedignas.com.mx\\\/wp-content\\\/uploads\\\/2024\\\/04\\\/maduena.jpeg\",\"width\":600,\"height\":400},{\"@type\":\"BreadcrumbList\",\"@id\":\"https:\\\/\\\/fuentesfidedignas.com.mx\\\/index.php\\\/2024\\\/07\\\/02\\\/rector-de-la-uas-y-comite-de-adquisiciones-otra-vez-vinculados-a-proceso\\\/#breadcrumb\",\"itemListElement\":[{\"@type\":\"ListItem\",\"position\":1,\"name\":\"Inicio\",\"item\":\"https:\\\/\\\/fuentesfidedignas.com.mx\\\/\"},{\"@type\":\"ListItem\",\"position\":2,\"name\":\"Rector de la UAS y Comit\u00e9 de Adquisiciones otra vez vinculados a proceso\"}]},{\"@type\":\"WebSite\",\"@id\":\"https:\\\/\\\/fuentesfidedignas.com.mx\\\/#website\",\"url\":\"https:\\\/\\\/fuentesfidedignas.com.mx\\\/\",\"name\":\"Fuentes Fidedignas\",\"description\":\"Otro sitio realizado con WordPress\",\"publisher\":{\"@id\":\"https:\\\/\\\/fuentesfidedignas.com.mx\\\/#organization\"},\"potentialAction\":[{\"@type\":\"SearchAction\",\"target\":{\"@type\":\"EntryPoint\",\"urlTemplate\":\"https:\\\/\\\/fuentesfidedignas.com.mx\\\/?s={search_term_string}\"},\"query-input\":{\"@type\":\"PropertyValueSpecification\",\"valueRequired\":true,\"valueName\":\"search_term_string\"}}],\"inLanguage\":\"es\"},{\"@type\":\"Organization\",\"@id\":\"https:\\\/\\\/fuentesfidedignas.com.mx\\\/#organization\",\"name\":\"Fuentes Fidedignas\",\"url\":\"https:\\\/\\\/fuentesfidedignas.com.mx\\\/\",\"logo\":{\"@type\":\"ImageObject\",\"inLanguage\":\"es\",\"@id\":\"https:\\\/\\\/fuentesfidedignas.com.mx\\\/#\\\/schema\\\/logo\\\/image\\\/\",\"url\":\"https:\\\/\\\/fuentesfidedignas.com.mx\\\/wp-content\\\/uploads\\\/2021\\\/04\\\/logo-retina.png\",\"contentUrl\":\"https:\\\/\\\/fuentesfidedignas.com.mx\\\/wp-content\\\/uploads\\\/2021\\\/04\\\/logo-retina.png\",\"width\":280,\"height\":51,\"caption\":\"Fuentes Fidedignas\"},\"image\":{\"@id\":\"https:\\\/\\\/fuentesfidedignas.com.mx\\\/#\\\/schema\\\/logo\\\/image\\\/\"},\"sameAs\":[\"https:\\\/\\\/www.facebook.com\\\/Fuentes-Fidedignas-368234489921644\",\"https:\\\/\\\/x.com\\\/fidedignas\"]},{\"@type\":\"Person\",\"@id\":\"https:\\\/\\\/fuentesfidedignas.com.mx\\\/#\\\/schema\\\/person\\\/331be9283d37198e2acd5750279085b0\",\"name\":\"Redacci\u00f3n\",\"image\":{\"@type\":\"ImageObject\",\"inLanguage\":\"es\",\"@id\":\"https:\\\/\\\/secure.gravatar.com\\\/avatar\\\/f6d8782c11d12b2d4ad3fbb6931aeab5309937a4d6cd2fc9cfaa28a6396a5aec?s=96&d=mm&r=g\",\"url\":\"https:\\\/\\\/secure.gravatar.com\\\/avatar\\\/f6d8782c11d12b2d4ad3fbb6931aeab5309937a4d6cd2fc9cfaa28a6396a5aec?s=96&d=mm&r=g\",\"contentUrl\":\"https:\\\/\\\/secure.gravatar.com\\\/avatar\\\/f6d8782c11d12b2d4ad3fbb6931aeab5309937a4d6cd2fc9cfaa28a6396a5aec?s=96&d=mm&r=g\",\"caption\":\"Redacci\u00f3n\"},\"url\":\"https:\\\/\\\/fuentesfidedignas.com.mx\\\/index.php\\\/author\\\/redaccion\\\/\"}]}<\/script>\n<!-- \/ Yoast SEO plugin. -->","yoast_head_json":{"title":"Rector de la UAS y Comit\u00e9 de Adquisiciones otra vez vinculados a proceso - Fuentes Fidedignas","robots":{"index":"index","follow":"follow","max-snippet":"max-snippet:-1","max-image-preview":"max-image-preview:large","max-video-preview":"max-video-preview:-1"},"canonical":"https:\/\/fuentesfidedignas.com.mx\/index.php\/2024\/07\/02\/rector-de-la-uas-y-comite-de-adquisiciones-otra-vez-vinculados-a-proceso\/","og_locale":"es_MX","og_type":"article","og_title":"Rector de la UAS y Comit\u00e9 de Adquisiciones otra vez vinculados a proceso - Fuentes Fidedignas","og_description":"En audiencia inicial despu\u00e9s de haberse diferido en cinco ocasiones a petici\u00f3n de la defensa, se formul\u00f3 imputaci\u00f3n ante el Juez de Control quien consider\u00f3 los datos de prueba para vincular a proceso. Culiac\u00e1n, Sin.- La Fiscal\u00eda General del Estado, luego de dos d\u00edas de audiencias logr\u00f3 obtener auto de vinculaci\u00f3n a proceso en contra [&hellip;]","og_url":"https:\/\/fuentesfidedignas.com.mx\/index.php\/2024\/07\/02\/rector-de-la-uas-y-comite-de-adquisiciones-otra-vez-vinculados-a-proceso\/","og_site_name":"Fuentes Fidedignas","article_publisher":"https:\/\/www.facebook.com\/Fuentes-Fidedignas-368234489921644","article_published_time":"2024-07-03T04:25:09+00:00","article_modified_time":"2024-07-03T16:08:14+00:00","og_image":[{"width":600,"height":400,"url":"https:\/\/fuentesfidedignas.com.mx\/wp-content\/uploads\/2024\/04\/maduena.jpeg","type":"image\/jpeg"}],"author":"Redacci\u00f3n","twitter_card":"summary_large_image","twitter_creator":"@fidedignas","twitter_site":"@fidedignas","twitter_misc":{"Escrito por":"Redacci\u00f3n","Tiempo de lectura":"4 minutos"},"schema":{"@context":"https:\/\/schema.org","@graph":[{"@type":"Article","@id":"https:\/\/fuentesfidedignas.com.mx\/index.php\/2024\/07\/02\/rector-de-la-uas-y-comite-de-adquisiciones-otra-vez-vinculados-a-proceso\/#article","isPartOf":{"@id":"https:\/\/fuentesfidedignas.com.mx\/index.php\/2024\/07\/02\/rector-de-la-uas-y-comite-de-adquisiciones-otra-vez-vinculados-a-proceso\/"},"author":{"name":"Redacci\u00f3n","@id":"https:\/\/fuentesfidedignas.com.mx\/#\/schema\/person\/331be9283d37198e2acd5750279085b0"},"headline":"Rector de la UAS y Comit\u00e9 de Adquisiciones otra vez vinculados a proceso","datePublished":"2024-07-03T04:25:09+00:00","dateModified":"2024-07-03T16:08:14+00:00","mainEntityOfPage":{"@id":"https:\/\/fuentesfidedignas.com.mx\/index.php\/2024\/07\/02\/rector-de-la-uas-y-comite-de-adquisiciones-otra-vez-vinculados-a-proceso\/"},"wordCount":794,"publisher":{"@id":"https:\/\/fuentesfidedignas.com.mx\/#organization"},"image":{"@id":"https:\/\/fuentesfidedignas.com.mx\/index.php\/2024\/07\/02\/rector-de-la-uas-y-comite-de-adquisiciones-otra-vez-vinculados-a-proceso\/#primaryimage"},"thumbnailUrl":"https:\/\/fuentesfidedignas.com.mx\/wp-content\/uploads\/2024\/04\/maduena.jpeg","inLanguage":"es"},{"@type":"WebPage","@id":"https:\/\/fuentesfidedignas.com.mx\/index.php\/2024\/07\/02\/rector-de-la-uas-y-comite-de-adquisiciones-otra-vez-vinculados-a-proceso\/","url":"https:\/\/fuentesfidedignas.com.mx\/index.php\/2024\/07\/02\/rector-de-la-uas-y-comite-de-adquisiciones-otra-vez-vinculados-a-proceso\/","name":"Rector de la UAS y Comit\u00e9 de Adquisiciones otra vez vinculados a proceso - Fuentes Fidedignas","isPartOf":{"@id":"https:\/\/fuentesfidedignas.com.mx\/#website"},"primaryImageOfPage":{"@id":"https:\/\/fuentesfidedignas.com.mx\/index.php\/2024\/07\/02\/rector-de-la-uas-y-comite-de-adquisiciones-otra-vez-vinculados-a-proceso\/#primaryimage"},"image":{"@id":"https:\/\/fuentesfidedignas.com.mx\/index.php\/2024\/07\/02\/rector-de-la-uas-y-comite-de-adquisiciones-otra-vez-vinculados-a-proceso\/#primaryimage"},"thumbnailUrl":"https:\/\/fuentesfidedignas.com.mx\/wp-content\/uploads\/2024\/04\/maduena.jpeg","datePublished":"2024-07-03T04:25:09+00:00","dateModified":"2024-07-03T16:08:14+00:00","breadcrumb":{"@id":"https:\/\/fuentesfidedignas.com.mx\/index.php\/2024\/07\/02\/rector-de-la-uas-y-comite-de-adquisiciones-otra-vez-vinculados-a-proceso\/#breadcrumb"},"inLanguage":"es","potentialAction":[{"@type":"ReadAction","target":["https:\/\/fuentesfidedignas.com.mx\/index.php\/2024\/07\/02\/rector-de-la-uas-y-comite-de-adquisiciones-otra-vez-vinculados-a-proceso\/"]}]},{"@type":"ImageObject","inLanguage":"es","@id":"https:\/\/fuentesfidedignas.com.mx\/index.php\/2024\/07\/02\/rector-de-la-uas-y-comite-de-adquisiciones-otra-vez-vinculados-a-proceso\/#primaryimage","url":"https:\/\/fuentesfidedignas.com.mx\/wp-content\/uploads\/2024\/04\/maduena.jpeg","contentUrl":"https:\/\/fuentesfidedignas.com.mx\/wp-content\/uploads\/2024\/04\/maduena.jpeg","width":600,"height":400},{"@type":"BreadcrumbList","@id":"https:\/\/fuentesfidedignas.com.mx\/index.php\/2024\/07\/02\/rector-de-la-uas-y-comite-de-adquisiciones-otra-vez-vinculados-a-proceso\/#breadcrumb","itemListElement":[{"@type":"ListItem","position":1,"name":"Inicio","item":"https:\/\/fuentesfidedignas.com.mx\/"},{"@type":"ListItem","position":2,"name":"Rector de la UAS y Comit\u00e9 de Adquisiciones otra vez vinculados a proceso"}]},{"@type":"WebSite","@id":"https:\/\/fuentesfidedignas.com.mx\/#website","url":"https:\/\/fuentesfidedignas.com.mx\/","name":"Fuentes Fidedignas","description":"Otro sitio realizado con WordPress","publisher":{"@id":"https:\/\/fuentesfidedignas.com.mx\/#organization"},"potentialAction":[{"@type":"SearchAction","target":{"@type":"EntryPoint","urlTemplate":"https:\/\/fuentesfidedignas.com.mx\/?s={search_term_string}"},"query-input":{"@type":"PropertyValueSpecification","valueRequired":true,"valueName":"search_term_string"}}],"inLanguage":"es"},{"@type":"Organization","@id":"https:\/\/fuentesfidedignas.com.mx\/#organization","name":"Fuentes Fidedignas","url":"https:\/\/fuentesfidedignas.com.mx\/","logo":{"@type":"ImageObject","inLanguage":"es","@id":"https:\/\/fuentesfidedignas.com.mx\/#\/schema\/logo\/image\/","url":"https:\/\/fuentesfidedignas.com.mx\/wp-content\/uploads\/2021\/04\/logo-retina.png","contentUrl":"https:\/\/fuentesfidedignas.com.mx\/wp-content\/uploads\/2021\/04\/logo-retina.png","width":280,"height":51,"caption":"Fuentes Fidedignas"},"image":{"@id":"https:\/\/fuentesfidedignas.com.mx\/#\/schema\/logo\/image\/"},"sameAs":["https:\/\/www.facebook.com\/Fuentes-Fidedignas-368234489921644","https:\/\/x.com\/fidedignas"]},{"@type":"Person","@id":"https:\/\/fuentesfidedignas.com.mx\/#\/schema\/person\/331be9283d37198e2acd5750279085b0","name":"Redacci\u00f3n","image":{"@type":"ImageObject","inLanguage":"es","@id":"https:\/\/secure.gravatar.com\/avatar\/f6d8782c11d12b2d4ad3fbb6931aeab5309937a4d6cd2fc9cfaa28a6396a5aec?s=96&d=mm&r=g","url":"https:\/\/secure.gravatar.com\/avatar\/f6d8782c11d12b2d4ad3fbb6931aeab5309937a4d6cd2fc9cfaa28a6396a5aec?s=96&d=mm&r=g","contentUrl":"https:\/\/secure.gravatar.com\/avatar\/f6d8782c11d12b2d4ad3fbb6931aeab5309937a4d6cd2fc9cfaa28a6396a5aec?s=96&d=mm&r=g","caption":"Redacci\u00f3n"},"url":"https:\/\/fuentesfidedignas.com.mx\/index.php\/author\/redaccion\/"}]}},"_links":{"self":[{"href":"https:\/\/fuentesfidedignas.com.mx\/index.php\/wp-json\/wp\/v2\/posts\/85545","targetHints":{"allow":["GET"]}}],"collection":[{"href":"https:\/\/fuentesfidedignas.com.mx\/index.php\/wp-json\/wp\/v2\/posts"}],"about":[{"href":"https:\/\/fuentesfidedignas.com.mx\/index.php\/wp-json\/wp\/v2\/types\/post"}],"author":[{"embeddable":true,"href":"https:\/\/fuentesfidedignas.com.mx\/index.php\/wp-json\/wp\/v2\/users\/4"}],"replies":[{"embeddable":true,"href":"https:\/\/fuentesfidedignas.com.mx\/index.php\/wp-json\/wp\/v2\/comments?post=85545"}],"version-history":[{"count":1,"href":"https:\/\/fuentesfidedignas.com.mx\/index.php\/wp-json\/wp\/v2\/posts\/85545\/revisions"}],"predecessor-version":[{"id":85546,"href":"https:\/\/fuentesfidedignas.com.mx\/index.php\/wp-json\/wp\/v2\/posts\/85545\/revisions\/85546"}],"wp:featuredmedia":[{"embeddable":true,"href":"https:\/\/fuentesfidedignas.com.mx\/index.php\/wp-json\/wp\/v2\/media\/80207"}],"wp:attachment":[{"href":"https:\/\/fuentesfidedignas.com.mx\/index.php\/wp-json\/wp\/v2\/media?parent=85545"}],"wp:term":[{"taxonomy":"category","embeddable":true,"href":"https:\/\/fuentesfidedignas.com.mx\/index.php\/wp-json\/wp\/v2\/categories?post=85545"},{"taxonomy":"post_tag","embeddable":true,"href":"https:\/\/fuentesfidedignas.com.mx\/index.php\/wp-json\/wp\/v2\/tags?post=85545"}],"curies":[{"name":"wp","href":"https:\/\/api.w.org\/{rel}","templated":true}]}}