{"id":85521,"date":"2024-07-02T15:28:46","date_gmt":"2024-07-02T22:28:46","guid":{"rendered":"https:\/\/fuentesfidedignas.com.mx\/?p=85521"},"modified":"2024-07-02T15:28:46","modified_gmt":"2024-07-02T22:28:46","slug":"hasta-3-mil-500-mdp-costara-la-eleccion-de-integrantes-del-poder-judicial-monreal","status":"publish","type":"post","link":"https:\/\/fuentesfidedignas.com.mx\/index.php\/2024\/07\/02\/hasta-3-mil-500-mdp-costara-la-eleccion-de-integrantes-del-poder-judicial-monreal\/","title":{"rendered":"Hasta 3 mil 500 mdp costar\u00e1 la elecci\u00f3n de integrantes del Poder Judicial: Monreal"},"content":{"rendered":"\n<p><strong><em>El morenista Ricardo Monreal asegur\u00f3 que los recursos para esta elecci\u00f3n ser\u00e1n obtenidos de los fideicomisos que tiene el Poder Judicial<\/em><\/strong><\/p>\n\n\n\n<p>Ciudad de M\u00e9xico.- Ricardo Monreal, coordinador de Morena en el Senado de la Rep\u00fablica,&nbsp;asever\u00f3 que la&nbsp;elecci\u00f3n popular&nbsp;de poco m\u00e1s de&nbsp;mil 600 integrantes&nbsp;del&nbsp;Poder Judicial&nbsp;tendr\u00eda un costo de entre&nbsp;3 mil a 3 mil 500 millones de pesos.<\/p>\n\n\n\n<figure class=\"wp-block-embed\"><div class=\"wp-block-embed__wrapper\">\nhttps:\/\/youtube.com\/watch?v=3ahfeYktXWQ%3Ffeature%3Doembed\n<\/div><\/figure>\n\n\n\n<p>Al participar en la tercera jornada de los<strong>&nbsp;Di\u00e1logos Nacionales para la Reforma del Poder Judicial<\/strong>, Monreal \u00c1vila apunt\u00f3 que dicha elecci\u00f3n ser\u00e1 organizada por el Instituto Nacional Electoral (INE).<\/p>\n\n\n\n<p>null<\/p>\n\n\n\n<p>\u201cMucha gente se pregunta cu\u00e1nto costar\u00e1 organizar la elecci\u00f3n de los mil 600 ministros, jueces y magistrados\u201d, dijo.<\/p>\n\n\n\n<blockquote class=\"wp-block-quote is-layout-flow wp-block-quote-is-layout-flow\">\n<p>\u201cEn un c\u00e1lculo aproximado que hemos hecho con actuarios y con personal del&nbsp;<strong>INE<\/strong>, a quien se le faculta esta responsabilidad, pudieran erogarse entre tres mil y tres mil 500 millones de pesos la elecci\u00f3n por \u00fanica ocasi\u00f3n\u201d, declar\u00f3.<\/p>\n<\/blockquote>\n\n\n\n<p>El legislador de Morena asegur\u00f3 que los recursos para esta elecci\u00f3n ser\u00e1n obtenidos de los fideicomisos que tiene el Poder Judicial y que ser\u00e1n entregados a la Tesorer\u00eda de la Federaci\u00f3n tras previa extinci\u00f3n.<\/p>\n\n\n\n<p>Monreal dej\u00f3 en claro queque \u201cel Poder Judicial est\u00e1 violando la disposici\u00f3n contenida en el art\u00edculo 127 de la Constituci\u00f3n respecto de las remuneraciones de todos los servidores p\u00fablicos que est\u00e1n en funciones\u201d.<\/p>\n\n\n\n<p>\u201cDe existir mayores ingresos, salarios y prestaciones que los devengados del&nbsp;Ejecutivo federal, una vez que hubiera, que entre en vigencia la reforma, los montos deber\u00e1n ajustarse\u201d, refiri\u00f3.<\/p>\n\n\n\n<p>El legislador de Morena destac\u00f3 que los derechos laborales de los trabajadores \u201cser\u00e1n respetados en su totalidad. Los presupuestos de egresos considerar\u00e1n los recursos necesarios para los pagos de pensiones, apoyos m\u00e9dicos, seguros, aguinaldos, prestaciones y cualquier otra obligaci\u00f3n\u201d, sin embargo, apunt\u00f3 que ministros, jueces y magistrados en retiro no recibir\u00e1n&nbsp;<strong>pensiones<\/strong>&nbsp;<strong>vitalicias.<\/strong><\/p>\n\n\n\n<p>La reforma judicial, impulsada por el presidente&nbsp;<strong>Andr\u00e9s Manuel L\u00f3pez Obrador,<\/strong>&nbsp;busca que los juzgadores sean electos en las urnas, incluidos los 11 ministros de la Suprema Corte de Justicia de la Naci\u00f3n (SCJN), lo que supondr\u00eda la renovaci\u00f3n de m\u00e1s de mil 600 personas juzgadoras federales y 5.000 locales.<\/p>\n\n\n\n<p>A la vez, promueve un tribunal de disciplina judicial para evaluar el desempe\u00f1o de los jueces en lugar del Consejo de la Judicatura Federal, \u00f3rgano administrativo y disciplinario.<\/p>\n","protected":false},"excerpt":{"rendered":"<p>El morenista Ricardo Monreal asegur\u00f3 que los recursos para esta elecci\u00f3n ser\u00e1n obtenidos de los fideicomisos que tiene el Poder Judicial Ciudad de M\u00e9xico.- Ricardo Monreal, coordinador de Morena en el Senado de la Rep\u00fablica,&nbsp;asever\u00f3 que la&nbsp;elecci\u00f3n popular&nbsp;de poco m\u00e1s de&nbsp;mil 600 integrantes&nbsp;del&nbsp;Poder Judicial&nbsp;tendr\u00eda un costo de entre&nbsp;3 mil a 3 mil 500 millones de [&hellip;]<\/p>\n","protected":false},"author":47,"featured_media":85520,"comment_status":"closed","ping_status":"open","sticky":false,"template":"","format":"standard","meta":{"tdm_status":"","tdm_grid_status":"","footnotes":""},"categories":[39],"tags":[],"class_list":{"0":"post-85521","1":"post","2":"type-post","3":"status-publish","4":"format-standard","5":"has-post-thumbnail","7":"category-noticias-nacionales"},"yoast_head":"<!-- This site is optimized with the Yoast SEO plugin v27.5 - https:\/\/yoast.com\/product\/yoast-seo-wordpress\/ -->\n<title>Hasta 3 mil 500 mdp costar\u00e1 la elecci\u00f3n de integrantes del Poder Judicial: Monreal - Fuentes Fidedignas<\/title>\n<meta name=\"robots\" content=\"index, follow, max-snippet:-1, max-image-preview:large, max-video-preview:-1\" \/>\n<link rel=\"canonical\" href=\"https:\/\/fuentesfidedignas.com.mx\/index.php\/2024\/07\/02\/hasta-3-mil-500-mdp-costara-la-eleccion-de-integrantes-del-poder-judicial-monreal\/\" \/>\n<meta property=\"og:locale\" content=\"es_MX\" \/>\n<meta property=\"og:type\" content=\"article\" \/>\n<meta property=\"og:title\" content=\"Hasta 3 mil 500 mdp costar\u00e1 la elecci\u00f3n de integrantes del Poder Judicial: Monreal - Fuentes Fidedignas\" \/>\n<meta property=\"og:description\" content=\"El morenista Ricardo Monreal asegur\u00f3 que los recursos para esta elecci\u00f3n ser\u00e1n obtenidos de los fideicomisos que tiene el Poder Judicial Ciudad de M\u00e9xico.- Ricardo Monreal, coordinador de Morena en el Senado de la Rep\u00fablica,&nbsp;asever\u00f3 que la&nbsp;elecci\u00f3n popular&nbsp;de poco m\u00e1s de&nbsp;mil 600 integrantes&nbsp;del&nbsp;Poder Judicial&nbsp;tendr\u00eda un costo de entre&nbsp;3 mil a 3 mil 500 millones de [&hellip;]\" \/>\n<meta property=\"og:url\" content=\"https:\/\/fuentesfidedignas.com.mx\/index.php\/2024\/07\/02\/hasta-3-mil-500-mdp-costara-la-eleccion-de-integrantes-del-poder-judicial-monreal\/\" \/>\n<meta property=\"og:site_name\" content=\"Fuentes Fidedignas\" \/>\n<meta property=\"article:publisher\" content=\"https:\/\/www.facebook.com\/Fuentes-Fidedignas-368234489921644\" \/>\n<meta property=\"article:published_time\" content=\"2024-07-02T22:28:46+00:00\" \/>\n<meta property=\"og:image\" content=\"https:\/\/fuentesfidedignas.com.mx\/wp-content\/uploads\/2024\/07\/img_8757-1.jpg\" \/>\n\t<meta property=\"og:image:width\" content=\"678\" \/>\n\t<meta property=\"og:image:height\" content=\"452\" \/>\n\t<meta property=\"og:image:type\" content=\"image\/jpeg\" \/>\n<meta name=\"author\" content=\"L\u00f3pez D\u00f3riga\" \/>\n<meta name=\"twitter:card\" content=\"summary_large_image\" \/>\n<meta name=\"twitter:creator\" content=\"@fidedignas\" \/>\n<meta name=\"twitter:site\" content=\"@fidedignas\" \/>\n<meta name=\"twitter:label1\" content=\"Escrito por\" \/>\n\t<meta name=\"twitter:data1\" content=\"L\u00f3pez D\u00f3riga\" \/>\n\t<meta name=\"twitter:label2\" content=\"Tiempo de lectura\" \/>\n\t<meta name=\"twitter:data2\" content=\"2 minutos\" \/>\n<script type=\"application\/ld+json\" class=\"yoast-schema-graph\">{\"@context\":\"https:\\\/\\\/schema.org\",\"@graph\":[{\"@type\":\"Article\",\"@id\":\"https:\\\/\\\/fuentesfidedignas.com.mx\\\/index.php\\\/2024\\\/07\\\/02\\\/hasta-3-mil-500-mdp-costara-la-eleccion-de-integrantes-del-poder-judicial-monreal\\\/#article\",\"isPartOf\":{\"@id\":\"https:\\\/\\\/fuentesfidedignas.com.mx\\\/index.php\\\/2024\\\/07\\\/02\\\/hasta-3-mil-500-mdp-costara-la-eleccion-de-integrantes-del-poder-judicial-monreal\\\/\"},\"author\":{\"name\":\"L\u00f3pez D\u00f3riga\",\"@id\":\"https:\\\/\\\/fuentesfidedignas.com.mx\\\/#\\\/schema\\\/person\\\/67d852f0557c8509146a4b9ddebd543a\"},\"headline\":\"Hasta 3 mil 500 mdp costar\u00e1 la elecci\u00f3n de integrantes del Poder Judicial: Monreal\",\"datePublished\":\"2024-07-02T22:28:46+00:00\",\"mainEntityOfPage\":{\"@id\":\"https:\\\/\\\/fuentesfidedignas.com.mx\\\/index.php\\\/2024\\\/07\\\/02\\\/hasta-3-mil-500-mdp-costara-la-eleccion-de-integrantes-del-poder-judicial-monreal\\\/\"},\"wordCount\":443,\"publisher\":{\"@id\":\"https:\\\/\\\/fuentesfidedignas.com.mx\\\/#organization\"},\"image\":{\"@id\":\"https:\\\/\\\/fuentesfidedignas.com.mx\\\/index.php\\\/2024\\\/07\\\/02\\\/hasta-3-mil-500-mdp-costara-la-eleccion-de-integrantes-del-poder-judicial-monreal\\\/#primaryimage\"},\"thumbnailUrl\":\"https:\\\/\\\/fuentesfidedignas.com.mx\\\/wp-content\\\/uploads\\\/2024\\\/07\\\/img_8757-1.jpg\",\"articleSection\":[\"NOTICIAS NACIONALES\"],\"inLanguage\":\"es\"},{\"@type\":\"WebPage\",\"@id\":\"https:\\\/\\\/fuentesfidedignas.com.mx\\\/index.php\\\/2024\\\/07\\\/02\\\/hasta-3-mil-500-mdp-costara-la-eleccion-de-integrantes-del-poder-judicial-monreal\\\/\",\"url\":\"https:\\\/\\\/fuentesfidedignas.com.mx\\\/index.php\\\/2024\\\/07\\\/02\\\/hasta-3-mil-500-mdp-costara-la-eleccion-de-integrantes-del-poder-judicial-monreal\\\/\",\"name\":\"Hasta 3 mil 500 mdp costar\u00e1 la elecci\u00f3n de integrantes del Poder Judicial: Monreal - Fuentes Fidedignas\",\"isPartOf\":{\"@id\":\"https:\\\/\\\/fuentesfidedignas.com.mx\\\/#website\"},\"primaryImageOfPage\":{\"@id\":\"https:\\\/\\\/fuentesfidedignas.com.mx\\\/index.php\\\/2024\\\/07\\\/02\\\/hasta-3-mil-500-mdp-costara-la-eleccion-de-integrantes-del-poder-judicial-monreal\\\/#primaryimage\"},\"image\":{\"@id\":\"https:\\\/\\\/fuentesfidedignas.com.mx\\\/index.php\\\/2024\\\/07\\\/02\\\/hasta-3-mil-500-mdp-costara-la-eleccion-de-integrantes-del-poder-judicial-monreal\\\/#primaryimage\"},\"thumbnailUrl\":\"https:\\\/\\\/fuentesfidedignas.com.mx\\\/wp-content\\\/uploads\\\/2024\\\/07\\\/img_8757-1.jpg\",\"datePublished\":\"2024-07-02T22:28:46+00:00\",\"breadcrumb\":{\"@id\":\"https:\\\/\\\/fuentesfidedignas.com.mx\\\/index.php\\\/2024\\\/07\\\/02\\\/hasta-3-mil-500-mdp-costara-la-eleccion-de-integrantes-del-poder-judicial-monreal\\\/#breadcrumb\"},\"inLanguage\":\"es\",\"potentialAction\":[{\"@type\":\"ReadAction\",\"target\":[\"https:\\\/\\\/fuentesfidedignas.com.mx\\\/index.php\\\/2024\\\/07\\\/02\\\/hasta-3-mil-500-mdp-costara-la-eleccion-de-integrantes-del-poder-judicial-monreal\\\/\"]}]},{\"@type\":\"ImageObject\",\"inLanguage\":\"es\",\"@id\":\"https:\\\/\\\/fuentesfidedignas.com.mx\\\/index.php\\\/2024\\\/07\\\/02\\\/hasta-3-mil-500-mdp-costara-la-eleccion-de-integrantes-del-poder-judicial-monreal\\\/#primaryimage\",\"url\":\"https:\\\/\\\/fuentesfidedignas.com.mx\\\/wp-content\\\/uploads\\\/2024\\\/07\\\/img_8757-1.jpg\",\"contentUrl\":\"https:\\\/\\\/fuentesfidedignas.com.mx\\\/wp-content\\\/uploads\\\/2024\\\/07\\\/img_8757-1.jpg\",\"width\":678,\"height\":452},{\"@type\":\"BreadcrumbList\",\"@id\":\"https:\\\/\\\/fuentesfidedignas.com.mx\\\/index.php\\\/2024\\\/07\\\/02\\\/hasta-3-mil-500-mdp-costara-la-eleccion-de-integrantes-del-poder-judicial-monreal\\\/#breadcrumb\",\"itemListElement\":[{\"@type\":\"ListItem\",\"position\":1,\"name\":\"Inicio\",\"item\":\"https:\\\/\\\/fuentesfidedignas.com.mx\\\/\"},{\"@type\":\"ListItem\",\"position\":2,\"name\":\"Hasta 3 mil 500 mdp costar\u00e1 la elecci\u00f3n de integrantes del Poder Judicial: Monreal\"}]},{\"@type\":\"WebSite\",\"@id\":\"https:\\\/\\\/fuentesfidedignas.com.mx\\\/#website\",\"url\":\"https:\\\/\\\/fuentesfidedignas.com.mx\\\/\",\"name\":\"Fuentes Fidedignas\",\"description\":\"Otro sitio realizado con WordPress\",\"publisher\":{\"@id\":\"https:\\\/\\\/fuentesfidedignas.com.mx\\\/#organization\"},\"potentialAction\":[{\"@type\":\"SearchAction\",\"target\":{\"@type\":\"EntryPoint\",\"urlTemplate\":\"https:\\\/\\\/fuentesfidedignas.com.mx\\\/?s={search_term_string}\"},\"query-input\":{\"@type\":\"PropertyValueSpecification\",\"valueRequired\":true,\"valueName\":\"search_term_string\"}}],\"inLanguage\":\"es\"},{\"@type\":\"Organization\",\"@id\":\"https:\\\/\\\/fuentesfidedignas.com.mx\\\/#organization\",\"name\":\"Fuentes Fidedignas\",\"url\":\"https:\\\/\\\/fuentesfidedignas.com.mx\\\/\",\"logo\":{\"@type\":\"ImageObject\",\"inLanguage\":\"es\",\"@id\":\"https:\\\/\\\/fuentesfidedignas.com.mx\\\/#\\\/schema\\\/logo\\\/image\\\/\",\"url\":\"https:\\\/\\\/fuentesfidedignas.com.mx\\\/wp-content\\\/uploads\\\/2021\\\/04\\\/logo-retina.png\",\"contentUrl\":\"https:\\\/\\\/fuentesfidedignas.com.mx\\\/wp-content\\\/uploads\\\/2021\\\/04\\\/logo-retina.png\",\"width\":280,\"height\":51,\"caption\":\"Fuentes Fidedignas\"},\"image\":{\"@id\":\"https:\\\/\\\/fuentesfidedignas.com.mx\\\/#\\\/schema\\\/logo\\\/image\\\/\"},\"sameAs\":[\"https:\\\/\\\/www.facebook.com\\\/Fuentes-Fidedignas-368234489921644\",\"https:\\\/\\\/x.com\\\/fidedignas\"]},{\"@type\":\"Person\",\"@id\":\"https:\\\/\\\/fuentesfidedignas.com.mx\\\/#\\\/schema\\\/person\\\/67d852f0557c8509146a4b9ddebd543a\",\"name\":\"L\u00f3pez D\u00f3riga\",\"image\":{\"@type\":\"ImageObject\",\"inLanguage\":\"es\",\"@id\":\"https:\\\/\\\/secure.gravatar.com\\\/avatar\\\/e525b06574ca18b33cded59dfe5778d6c823b9513154eff47da551b0551bdd1e?s=96&d=mm&r=g\",\"url\":\"https:\\\/\\\/secure.gravatar.com\\\/avatar\\\/e525b06574ca18b33cded59dfe5778d6c823b9513154eff47da551b0551bdd1e?s=96&d=mm&r=g\",\"contentUrl\":\"https:\\\/\\\/secure.gravatar.com\\\/avatar\\\/e525b06574ca18b33cded59dfe5778d6c823b9513154eff47da551b0551bdd1e?s=96&d=mm&r=g\",\"caption\":\"L\u00f3pez D\u00f3riga\"},\"url\":\"https:\\\/\\\/fuentesfidedignas.com.mx\\\/index.php\\\/author\\\/doriga\\\/\"}]}<\/script>\n<!-- \/ Yoast SEO plugin. -->","yoast_head_json":{"title":"Hasta 3 mil 500 mdp costar\u00e1 la elecci\u00f3n de integrantes del Poder Judicial: Monreal - Fuentes Fidedignas","robots":{"index":"index","follow":"follow","max-snippet":"max-snippet:-1","max-image-preview":"max-image-preview:large","max-video-preview":"max-video-preview:-1"},"canonical":"https:\/\/fuentesfidedignas.com.mx\/index.php\/2024\/07\/02\/hasta-3-mil-500-mdp-costara-la-eleccion-de-integrantes-del-poder-judicial-monreal\/","og_locale":"es_MX","og_type":"article","og_title":"Hasta 3 mil 500 mdp costar\u00e1 la elecci\u00f3n de integrantes del Poder Judicial: Monreal - Fuentes Fidedignas","og_description":"El morenista Ricardo Monreal asegur\u00f3 que los recursos para esta elecci\u00f3n ser\u00e1n obtenidos de los fideicomisos que tiene el Poder Judicial Ciudad de M\u00e9xico.- Ricardo Monreal, coordinador de Morena en el Senado de la Rep\u00fablica,&nbsp;asever\u00f3 que la&nbsp;elecci\u00f3n popular&nbsp;de poco m\u00e1s de&nbsp;mil 600 integrantes&nbsp;del&nbsp;Poder Judicial&nbsp;tendr\u00eda un costo de entre&nbsp;3 mil a 3 mil 500 millones de [&hellip;]","og_url":"https:\/\/fuentesfidedignas.com.mx\/index.php\/2024\/07\/02\/hasta-3-mil-500-mdp-costara-la-eleccion-de-integrantes-del-poder-judicial-monreal\/","og_site_name":"Fuentes Fidedignas","article_publisher":"https:\/\/www.facebook.com\/Fuentes-Fidedignas-368234489921644","article_published_time":"2024-07-02T22:28:46+00:00","og_image":[{"width":678,"height":452,"url":"https:\/\/fuentesfidedignas.com.mx\/wp-content\/uploads\/2024\/07\/img_8757-1.jpg","type":"image\/jpeg"}],"author":"L\u00f3pez D\u00f3riga","twitter_card":"summary_large_image","twitter_creator":"@fidedignas","twitter_site":"@fidedignas","twitter_misc":{"Escrito por":"L\u00f3pez D\u00f3riga","Tiempo de lectura":"2 minutos"},"schema":{"@context":"https:\/\/schema.org","@graph":[{"@type":"Article","@id":"https:\/\/fuentesfidedignas.com.mx\/index.php\/2024\/07\/02\/hasta-3-mil-500-mdp-costara-la-eleccion-de-integrantes-del-poder-judicial-monreal\/#article","isPartOf":{"@id":"https:\/\/fuentesfidedignas.com.mx\/index.php\/2024\/07\/02\/hasta-3-mil-500-mdp-costara-la-eleccion-de-integrantes-del-poder-judicial-monreal\/"},"author":{"name":"L\u00f3pez D\u00f3riga","@id":"https:\/\/fuentesfidedignas.com.mx\/#\/schema\/person\/67d852f0557c8509146a4b9ddebd543a"},"headline":"Hasta 3 mil 500 mdp costar\u00e1 la elecci\u00f3n de integrantes del Poder Judicial: Monreal","datePublished":"2024-07-02T22:28:46+00:00","mainEntityOfPage":{"@id":"https:\/\/fuentesfidedignas.com.mx\/index.php\/2024\/07\/02\/hasta-3-mil-500-mdp-costara-la-eleccion-de-integrantes-del-poder-judicial-monreal\/"},"wordCount":443,"publisher":{"@id":"https:\/\/fuentesfidedignas.com.mx\/#organization"},"image":{"@id":"https:\/\/fuentesfidedignas.com.mx\/index.php\/2024\/07\/02\/hasta-3-mil-500-mdp-costara-la-eleccion-de-integrantes-del-poder-judicial-monreal\/#primaryimage"},"thumbnailUrl":"https:\/\/fuentesfidedignas.com.mx\/wp-content\/uploads\/2024\/07\/img_8757-1.jpg","articleSection":["NOTICIAS NACIONALES"],"inLanguage":"es"},{"@type":"WebPage","@id":"https:\/\/fuentesfidedignas.com.mx\/index.php\/2024\/07\/02\/hasta-3-mil-500-mdp-costara-la-eleccion-de-integrantes-del-poder-judicial-monreal\/","url":"https:\/\/fuentesfidedignas.com.mx\/index.php\/2024\/07\/02\/hasta-3-mil-500-mdp-costara-la-eleccion-de-integrantes-del-poder-judicial-monreal\/","name":"Hasta 3 mil 500 mdp costar\u00e1 la elecci\u00f3n de integrantes del Poder Judicial: Monreal - Fuentes Fidedignas","isPartOf":{"@id":"https:\/\/fuentesfidedignas.com.mx\/#website"},"primaryImageOfPage":{"@id":"https:\/\/fuentesfidedignas.com.mx\/index.php\/2024\/07\/02\/hasta-3-mil-500-mdp-costara-la-eleccion-de-integrantes-del-poder-judicial-monreal\/#primaryimage"},"image":{"@id":"https:\/\/fuentesfidedignas.com.mx\/index.php\/2024\/07\/02\/hasta-3-mil-500-mdp-costara-la-eleccion-de-integrantes-del-poder-judicial-monreal\/#primaryimage"},"thumbnailUrl":"https:\/\/fuentesfidedignas.com.mx\/wp-content\/uploads\/2024\/07\/img_8757-1.jpg","datePublished":"2024-07-02T22:28:46+00:00","breadcrumb":{"@id":"https:\/\/fuentesfidedignas.com.mx\/index.php\/2024\/07\/02\/hasta-3-mil-500-mdp-costara-la-eleccion-de-integrantes-del-poder-judicial-monreal\/#breadcrumb"},"inLanguage":"es","potentialAction":[{"@type":"ReadAction","target":["https:\/\/fuentesfidedignas.com.mx\/index.php\/2024\/07\/02\/hasta-3-mil-500-mdp-costara-la-eleccion-de-integrantes-del-poder-judicial-monreal\/"]}]},{"@type":"ImageObject","inLanguage":"es","@id":"https:\/\/fuentesfidedignas.com.mx\/index.php\/2024\/07\/02\/hasta-3-mil-500-mdp-costara-la-eleccion-de-integrantes-del-poder-judicial-monreal\/#primaryimage","url":"https:\/\/fuentesfidedignas.com.mx\/wp-content\/uploads\/2024\/07\/img_8757-1.jpg","contentUrl":"https:\/\/fuentesfidedignas.com.mx\/wp-content\/uploads\/2024\/07\/img_8757-1.jpg","width":678,"height":452},{"@type":"BreadcrumbList","@id":"https:\/\/fuentesfidedignas.com.mx\/index.php\/2024\/07\/02\/hasta-3-mil-500-mdp-costara-la-eleccion-de-integrantes-del-poder-judicial-monreal\/#breadcrumb","itemListElement":[{"@type":"ListItem","position":1,"name":"Inicio","item":"https:\/\/fuentesfidedignas.com.mx\/"},{"@type":"ListItem","position":2,"name":"Hasta 3 mil 500 mdp costar\u00e1 la elecci\u00f3n de integrantes del Poder Judicial: Monreal"}]},{"@type":"WebSite","@id":"https:\/\/fuentesfidedignas.com.mx\/#website","url":"https:\/\/fuentesfidedignas.com.mx\/","name":"Fuentes Fidedignas","description":"Otro sitio realizado con WordPress","publisher":{"@id":"https:\/\/fuentesfidedignas.com.mx\/#organization"},"potentialAction":[{"@type":"SearchAction","target":{"@type":"EntryPoint","urlTemplate":"https:\/\/fuentesfidedignas.com.mx\/?s={search_term_string}"},"query-input":{"@type":"PropertyValueSpecification","valueRequired":true,"valueName":"search_term_string"}}],"inLanguage":"es"},{"@type":"Organization","@id":"https:\/\/fuentesfidedignas.com.mx\/#organization","name":"Fuentes Fidedignas","url":"https:\/\/fuentesfidedignas.com.mx\/","logo":{"@type":"ImageObject","inLanguage":"es","@id":"https:\/\/fuentesfidedignas.com.mx\/#\/schema\/logo\/image\/","url":"https:\/\/fuentesfidedignas.com.mx\/wp-content\/uploads\/2021\/04\/logo-retina.png","contentUrl":"https:\/\/fuentesfidedignas.com.mx\/wp-content\/uploads\/2021\/04\/logo-retina.png","width":280,"height":51,"caption":"Fuentes Fidedignas"},"image":{"@id":"https:\/\/fuentesfidedignas.com.mx\/#\/schema\/logo\/image\/"},"sameAs":["https:\/\/www.facebook.com\/Fuentes-Fidedignas-368234489921644","https:\/\/x.com\/fidedignas"]},{"@type":"Person","@id":"https:\/\/fuentesfidedignas.com.mx\/#\/schema\/person\/67d852f0557c8509146a4b9ddebd543a","name":"L\u00f3pez D\u00f3riga","image":{"@type":"ImageObject","inLanguage":"es","@id":"https:\/\/secure.gravatar.com\/avatar\/e525b06574ca18b33cded59dfe5778d6c823b9513154eff47da551b0551bdd1e?s=96&d=mm&r=g","url":"https:\/\/secure.gravatar.com\/avatar\/e525b06574ca18b33cded59dfe5778d6c823b9513154eff47da551b0551bdd1e?s=96&d=mm&r=g","contentUrl":"https:\/\/secure.gravatar.com\/avatar\/e525b06574ca18b33cded59dfe5778d6c823b9513154eff47da551b0551bdd1e?s=96&d=mm&r=g","caption":"L\u00f3pez D\u00f3riga"},"url":"https:\/\/fuentesfidedignas.com.mx\/index.php\/author\/doriga\/"}]}},"_links":{"self":[{"href":"https:\/\/fuentesfidedignas.com.mx\/index.php\/wp-json\/wp\/v2\/posts\/85521","targetHints":{"allow":["GET"]}}],"collection":[{"href":"https:\/\/fuentesfidedignas.com.mx\/index.php\/wp-json\/wp\/v2\/posts"}],"about":[{"href":"https:\/\/fuentesfidedignas.com.mx\/index.php\/wp-json\/wp\/v2\/types\/post"}],"author":[{"embeddable":true,"href":"https:\/\/fuentesfidedignas.com.mx\/index.php\/wp-json\/wp\/v2\/users\/47"}],"replies":[{"embeddable":true,"href":"https:\/\/fuentesfidedignas.com.mx\/index.php\/wp-json\/wp\/v2\/comments?post=85521"}],"version-history":[{"count":1,"href":"https:\/\/fuentesfidedignas.com.mx\/index.php\/wp-json\/wp\/v2\/posts\/85521\/revisions"}],"predecessor-version":[{"id":85522,"href":"https:\/\/fuentesfidedignas.com.mx\/index.php\/wp-json\/wp\/v2\/posts\/85521\/revisions\/85522"}],"wp:featuredmedia":[{"embeddable":true,"href":"https:\/\/fuentesfidedignas.com.mx\/index.php\/wp-json\/wp\/v2\/media\/85520"}],"wp:attachment":[{"href":"https:\/\/fuentesfidedignas.com.mx\/index.php\/wp-json\/wp\/v2\/media?parent=85521"}],"wp:term":[{"taxonomy":"category","embeddable":true,"href":"https:\/\/fuentesfidedignas.com.mx\/index.php\/wp-json\/wp\/v2\/categories?post=85521"},{"taxonomy":"post_tag","embeddable":true,"href":"https:\/\/fuentesfidedignas.com.mx\/index.php\/wp-json\/wp\/v2\/tags?post=85521"}],"curies":[{"name":"wp","href":"https:\/\/api.w.org\/{rel}","templated":true}]}}