{"id":85482,"date":"2024-07-02T06:40:46","date_gmt":"2024-07-02T13:40:46","guid":{"rendered":"https:\/\/fuentesfidedignas.com.mx\/?p=85482"},"modified":"2024-07-02T06:59:43","modified_gmt":"2024-07-02T13:59:43","slug":"huracan-beryl-podria-impactar-a-mexico-dos-veces","status":"publish","type":"post","link":"https:\/\/fuentesfidedignas.com.mx\/index.php\/2024\/07\/02\/huracan-beryl-podria-impactar-a-mexico-dos-veces\/","title":{"rendered":"Hurac\u00e1n \u201cBeryl\u201d podr\u00eda impactar a M\u00e9xico dos veces"},"content":{"rendered":"\n<p><strong><em>Autoridades mexicanas prev\u00e9n fuertes lluvias del jueves 4 de julio al domingo 7 por el paso del hurac\u00e1n \u201cBeryl\u201d<\/em><\/strong><\/p>\n\n\n\n<p>Autoridades de los tres niveles de gobierno en M\u00e9xico se coordinan ante la presencia del&nbsp;<strong>hurac\u00e1n<\/strong>&nbsp;\u201c<strong>Beryl<\/strong>\u201c, actualmente de&nbsp;<strong>categor\u00eda 4<\/strong>, y que podr\u00eda impactar dos veces al pa\u00eds.<\/p>\n\n\n\n<p>En conferencia de prensa, la coordinadora general del&nbsp;<strong>Servicio Meteorol\u00f3gico Nacional<\/strong>&nbsp;(<strong>SMN<\/strong>),&nbsp;<strong>Alejandra Margarita M\u00e9ndez Gir\u00f3n<\/strong>, inform\u00f3 que durante este lunes, el cicl\u00f3n mantendr\u00e1 su desplazamiento sobre el Mar Caribe, a una distancia de 2 mil 600 km de las costas de&nbsp;<strong>Quintana Roo<\/strong>, y mantendr\u00e1 desplazamiento hacia el&nbsp;<strong>oeste-noroeste<\/strong>, con vientos de 230 km\/h y rachas de 280 km\/h.<\/p>\n\n\n\n<blockquote class=\"twitter-tweet\"><p lang=\"es\" dir=\"ltr\">\ud83d\udcf0<a href=\"https:\/\/twitter.com\/hashtag\/ComunicadoCNPC?src=hash&amp;ref_src=twsrc%5Etfw\">#ComunicadoCNPC<\/a><br><br>Autoridades de los tres \u00f3rdenes de gobierno se coordinan ante la presencia del hurac\u00e1n <a href=\"https:\/\/twitter.com\/hashtag\/Beryl?src=hash&amp;ref_src=twsrc%5Etfw\">#Beryl<\/a>, en el Atl\u00e1ntico.<br><br>\u27a1\ufe0fConsulta el comunicado en: <a href=\"https:\/\/t.co\/IKoRaVDqpl\">https:\/\/t.co\/IKoRaVDqpl<\/a><a href=\"https:\/\/twitter.com\/laualzua?ref_src=twsrc%5Etfw\">@laualzua<\/a> <a href=\"https:\/\/t.co\/DCWZkFXSOx\">pic.twitter.com\/DCWZkFXSOx<\/a><\/p>&mdash; Coordinaci\u00f3n Nacional de Protecci\u00f3n Civil (@CNPC_MX) <a href=\"https:\/\/twitter.com\/CNPC_MX\/status\/1807903733726302551?ref_src=twsrc%5Etfw\">July 1, 2024<\/a><\/blockquote> <script async src=\"https:\/\/platform.twitter.com\/widgets.js\" charset=\"utf-8\"><\/script>\n\n\n\n<p>Para el martes y mi\u00e9rcoles, el hurac\u00e1n se desplazar\u00e1 sobre el&nbsp;<strong>Mar Caribe<\/strong>&nbsp;donde encontrar\u00e1 viento fuerte en la altura, por lo que podr\u00eda perder intensidad y degradarse a un hurac\u00e1n de categor\u00eda 2, con vientos de 165 km\/h y rachas de 205 km\/h. Durante el&nbsp;<strong>mi\u00e9rcoles<\/strong>, continuar\u00e1 desplaz\u00e1ndose al oeste-noreste, y se ubicar\u00e1 aproximadamente a 900 km al este de las costas de&nbsp;<strong>Quintana Roo<\/strong>.<\/p>\n\n\n\n<p>As\u00ed, se espera que para el d\u00eda jueves, \u201c<strong>Beryl<\/strong>\u201d contin\u00fae desplaz\u00e1ndose hacia las costas de&nbsp;<strong>Quintana Roo<\/strong>, como un hurac\u00e1n de categor\u00eda 1 o 2, con vientos de 150 km\/h y rachas de 205 km\/h. Ser\u00e1 a partir de ese d\u00eda que sus bandas nubosas empezar\u00e1n a afectar los estados de la&nbsp;<strong>Pen\u00ednsula de Yucat\u00e1n<\/strong>,&nbsp;donde se prev\u00e9n lluvias torrenciales en&nbsp;<strong>Yucat\u00e1n<\/strong>&nbsp;y&nbsp;<strong>Quintana Roo<\/strong>; intensas en&nbsp;<strong>Campeche<\/strong>, adem\u00e1s de vientos de 110 a 130 km\/h, oleaje de 4 a 6 metros de altura y posible formaci\u00f3n de&nbsp;<strong>trombas marinas<\/strong>, adem\u00e1s de lluvias de fuertes a muy fuertes en estados del sureste, oriente y centro de&nbsp;<strong>M\u00e9xico<\/strong>.<\/p>\n\n\n\n<p>Si el hurac\u00e1n contin\u00faa movi\u00e9ndose al oeste-noroeste, podr\u00eda tocar tierra el jueves por la noche o madrugada del viernes sobre la porci\u00f3n centro-sur del estado de Quintana Roo, con vientos mayores a los 120 km\/h.<\/p>\n\n\n\n<p>Durante el viernes, se espera que \u201c<strong>Beryl<\/strong>\u201d cruce la porci\u00f3n centro-sur de la&nbsp;<strong>Pen\u00ednsula de Yucat\u00e1n<\/strong>, para ingresar el d\u00eda s\u00e1bado al sur del&nbsp;<strong>Golfo de M\u00e9xico<\/strong>&nbsp;como una tormenta tropical con vientos de 63 a 119 km\/h, donde permanecer\u00e1 el s\u00e1bado y domingo, con una trayectoria hacia las costas de&nbsp;<strong>Veracruz<\/strong>&nbsp;y&nbsp;<strong>Tamaulipas<\/strong>.<\/p>\n","protected":false},"excerpt":{"rendered":"<p>Autoridades mexicanas prev\u00e9n fuertes lluvias del jueves 4 de julio al domingo 7 por el paso del hurac\u00e1n \u201cBeryl\u201d Autoridades de los tres niveles de gobierno en M\u00e9xico se coordinan ante la presencia del&nbsp;hurac\u00e1n&nbsp;\u201cBeryl\u201c, actualmente de&nbsp;categor\u00eda 4, y que podr\u00eda impactar dos veces al pa\u00eds. En conferencia de prensa, la coordinadora general del&nbsp;Servicio Meteorol\u00f3gico Nacional&nbsp;(SMN),&nbsp;Alejandra [&hellip;]<\/p>\n","protected":false},"author":47,"featured_media":85483,"comment_status":"open","ping_status":"open","sticky":false,"template":"","format":"standard","meta":{"tdm_status":"","tdm_grid_status":"","footnotes":""},"categories":[39],"tags":[],"class_list":{"0":"post-85482","1":"post","2":"type-post","3":"status-publish","4":"format-standard","5":"has-post-thumbnail","7":"category-noticias-nacionales"},"yoast_head":"<!-- This site is optimized with the Yoast SEO plugin v27.5 - https:\/\/yoast.com\/product\/yoast-seo-wordpress\/ -->\n<title>Hurac\u00e1n \u201cBeryl\u201d podr\u00eda impactar a M\u00e9xico dos veces - Fuentes Fidedignas<\/title>\n<meta name=\"robots\" content=\"index, follow, max-snippet:-1, max-image-preview:large, max-video-preview:-1\" \/>\n<link rel=\"canonical\" href=\"https:\/\/fuentesfidedignas.com.mx\/index.php\/2024\/07\/02\/huracan-beryl-podria-impactar-a-mexico-dos-veces\/\" \/>\n<meta property=\"og:locale\" content=\"es_MX\" \/>\n<meta property=\"og:type\" content=\"article\" \/>\n<meta property=\"og:title\" content=\"Hurac\u00e1n \u201cBeryl\u201d podr\u00eda impactar a M\u00e9xico dos veces - Fuentes Fidedignas\" \/>\n<meta property=\"og:description\" content=\"Autoridades mexicanas prev\u00e9n fuertes lluvias del jueves 4 de julio al domingo 7 por el paso del hurac\u00e1n \u201cBeryl\u201d Autoridades de los tres niveles de gobierno en M\u00e9xico se coordinan ante la presencia del&nbsp;hurac\u00e1n&nbsp;\u201cBeryl\u201c, actualmente de&nbsp;categor\u00eda 4, y que podr\u00eda impactar dos veces al pa\u00eds. En conferencia de prensa, la coordinadora general del&nbsp;Servicio Meteorol\u00f3gico Nacional&nbsp;(SMN),&nbsp;Alejandra [&hellip;]\" \/>\n<meta property=\"og:url\" content=\"https:\/\/fuentesfidedignas.com.mx\/index.php\/2024\/07\/02\/huracan-beryl-podria-impactar-a-mexico-dos-veces\/\" \/>\n<meta property=\"og:site_name\" content=\"Fuentes Fidedignas\" \/>\n<meta property=\"article:publisher\" content=\"https:\/\/www.facebook.com\/Fuentes-Fidedignas-368234489921644\" \/>\n<meta property=\"article:published_time\" content=\"2024-07-02T13:40:46+00:00\" \/>\n<meta property=\"article:modified_time\" content=\"2024-07-02T13:59:43+00:00\" \/>\n<meta property=\"og:image\" content=\"https:\/\/fuentesfidedignas.com.mx\/wp-content\/uploads\/2024\/07\/huracan-beryl-podria-impactar-a-mexico-dos-veces.jpg\" \/>\n\t<meta property=\"og:image:width\" content=\"650\" \/>\n\t<meta property=\"og:image:height\" content=\"382\" \/>\n\t<meta property=\"og:image:type\" content=\"image\/jpeg\" \/>\n<meta name=\"author\" content=\"L\u00f3pez D\u00f3riga\" \/>\n<meta name=\"twitter:card\" content=\"summary_large_image\" \/>\n<meta name=\"twitter:creator\" content=\"@fidedignas\" \/>\n<meta name=\"twitter:site\" content=\"@fidedignas\" \/>\n<meta name=\"twitter:label1\" content=\"Escrito por\" \/>\n\t<meta name=\"twitter:data1\" content=\"L\u00f3pez D\u00f3riga\" \/>\n\t<meta name=\"twitter:label2\" content=\"Tiempo de lectura\" \/>\n\t<meta name=\"twitter:data2\" content=\"2 minutos\" \/>\n<script type=\"application\/ld+json\" class=\"yoast-schema-graph\">{\"@context\":\"https:\\\/\\\/schema.org\",\"@graph\":[{\"@type\":\"Article\",\"@id\":\"https:\\\/\\\/fuentesfidedignas.com.mx\\\/index.php\\\/2024\\\/07\\\/02\\\/huracan-beryl-podria-impactar-a-mexico-dos-veces\\\/#article\",\"isPartOf\":{\"@id\":\"https:\\\/\\\/fuentesfidedignas.com.mx\\\/index.php\\\/2024\\\/07\\\/02\\\/huracan-beryl-podria-impactar-a-mexico-dos-veces\\\/\"},\"author\":{\"name\":\"L\u00f3pez D\u00f3riga\",\"@id\":\"https:\\\/\\\/fuentesfidedignas.com.mx\\\/#\\\/schema\\\/person\\\/67d852f0557c8509146a4b9ddebd543a\"},\"headline\":\"Hurac\u00e1n \u201cBeryl\u201d podr\u00eda impactar a M\u00e9xico dos veces\",\"datePublished\":\"2024-07-02T13:40:46+00:00\",\"dateModified\":\"2024-07-02T13:59:43+00:00\",\"mainEntityOfPage\":{\"@id\":\"https:\\\/\\\/fuentesfidedignas.com.mx\\\/index.php\\\/2024\\\/07\\\/02\\\/huracan-beryl-podria-impactar-a-mexico-dos-veces\\\/\"},\"wordCount\":485,\"commentCount\":0,\"publisher\":{\"@id\":\"https:\\\/\\\/fuentesfidedignas.com.mx\\\/#organization\"},\"image\":{\"@id\":\"https:\\\/\\\/fuentesfidedignas.com.mx\\\/index.php\\\/2024\\\/07\\\/02\\\/huracan-beryl-podria-impactar-a-mexico-dos-veces\\\/#primaryimage\"},\"thumbnailUrl\":\"https:\\\/\\\/fuentesfidedignas.com.mx\\\/wp-content\\\/uploads\\\/2024\\\/07\\\/huracan-beryl-podria-impactar-a-mexico-dos-veces.jpg\",\"articleSection\":[\"NOTICIAS NACIONALES\"],\"inLanguage\":\"es\",\"potentialAction\":[{\"@type\":\"CommentAction\",\"name\":\"Comment\",\"target\":[\"https:\\\/\\\/fuentesfidedignas.com.mx\\\/index.php\\\/2024\\\/07\\\/02\\\/huracan-beryl-podria-impactar-a-mexico-dos-veces\\\/#respond\"]}]},{\"@type\":\"WebPage\",\"@id\":\"https:\\\/\\\/fuentesfidedignas.com.mx\\\/index.php\\\/2024\\\/07\\\/02\\\/huracan-beryl-podria-impactar-a-mexico-dos-veces\\\/\",\"url\":\"https:\\\/\\\/fuentesfidedignas.com.mx\\\/index.php\\\/2024\\\/07\\\/02\\\/huracan-beryl-podria-impactar-a-mexico-dos-veces\\\/\",\"name\":\"Hurac\u00e1n \u201cBeryl\u201d podr\u00eda impactar a M\u00e9xico dos veces - Fuentes Fidedignas\",\"isPartOf\":{\"@id\":\"https:\\\/\\\/fuentesfidedignas.com.mx\\\/#website\"},\"primaryImageOfPage\":{\"@id\":\"https:\\\/\\\/fuentesfidedignas.com.mx\\\/index.php\\\/2024\\\/07\\\/02\\\/huracan-beryl-podria-impactar-a-mexico-dos-veces\\\/#primaryimage\"},\"image\":{\"@id\":\"https:\\\/\\\/fuentesfidedignas.com.mx\\\/index.php\\\/2024\\\/07\\\/02\\\/huracan-beryl-podria-impactar-a-mexico-dos-veces\\\/#primaryimage\"},\"thumbnailUrl\":\"https:\\\/\\\/fuentesfidedignas.com.mx\\\/wp-content\\\/uploads\\\/2024\\\/07\\\/huracan-beryl-podria-impactar-a-mexico-dos-veces.jpg\",\"datePublished\":\"2024-07-02T13:40:46+00:00\",\"dateModified\":\"2024-07-02T13:59:43+00:00\",\"breadcrumb\":{\"@id\":\"https:\\\/\\\/fuentesfidedignas.com.mx\\\/index.php\\\/2024\\\/07\\\/02\\\/huracan-beryl-podria-impactar-a-mexico-dos-veces\\\/#breadcrumb\"},\"inLanguage\":\"es\",\"potentialAction\":[{\"@type\":\"ReadAction\",\"target\":[\"https:\\\/\\\/fuentesfidedignas.com.mx\\\/index.php\\\/2024\\\/07\\\/02\\\/huracan-beryl-podria-impactar-a-mexico-dos-veces\\\/\"]}]},{\"@type\":\"ImageObject\",\"inLanguage\":\"es\",\"@id\":\"https:\\\/\\\/fuentesfidedignas.com.mx\\\/index.php\\\/2024\\\/07\\\/02\\\/huracan-beryl-podria-impactar-a-mexico-dos-veces\\\/#primaryimage\",\"url\":\"https:\\\/\\\/fuentesfidedignas.com.mx\\\/wp-content\\\/uploads\\\/2024\\\/07\\\/huracan-beryl-podria-impactar-a-mexico-dos-veces.jpg\",\"contentUrl\":\"https:\\\/\\\/fuentesfidedignas.com.mx\\\/wp-content\\\/uploads\\\/2024\\\/07\\\/huracan-beryl-podria-impactar-a-mexico-dos-veces.jpg\",\"width\":650,\"height\":382},{\"@type\":\"BreadcrumbList\",\"@id\":\"https:\\\/\\\/fuentesfidedignas.com.mx\\\/index.php\\\/2024\\\/07\\\/02\\\/huracan-beryl-podria-impactar-a-mexico-dos-veces\\\/#breadcrumb\",\"itemListElement\":[{\"@type\":\"ListItem\",\"position\":1,\"name\":\"Inicio\",\"item\":\"https:\\\/\\\/fuentesfidedignas.com.mx\\\/\"},{\"@type\":\"ListItem\",\"position\":2,\"name\":\"Hurac\u00e1n \u201cBeryl\u201d podr\u00eda impactar a M\u00e9xico dos veces\"}]},{\"@type\":\"WebSite\",\"@id\":\"https:\\\/\\\/fuentesfidedignas.com.mx\\\/#website\",\"url\":\"https:\\\/\\\/fuentesfidedignas.com.mx\\\/\",\"name\":\"Fuentes Fidedignas\",\"description\":\"Otro sitio realizado con WordPress\",\"publisher\":{\"@id\":\"https:\\\/\\\/fuentesfidedignas.com.mx\\\/#organization\"},\"potentialAction\":[{\"@type\":\"SearchAction\",\"target\":{\"@type\":\"EntryPoint\",\"urlTemplate\":\"https:\\\/\\\/fuentesfidedignas.com.mx\\\/?s={search_term_string}\"},\"query-input\":{\"@type\":\"PropertyValueSpecification\",\"valueRequired\":true,\"valueName\":\"search_term_string\"}}],\"inLanguage\":\"es\"},{\"@type\":\"Organization\",\"@id\":\"https:\\\/\\\/fuentesfidedignas.com.mx\\\/#organization\",\"name\":\"Fuentes Fidedignas\",\"url\":\"https:\\\/\\\/fuentesfidedignas.com.mx\\\/\",\"logo\":{\"@type\":\"ImageObject\",\"inLanguage\":\"es\",\"@id\":\"https:\\\/\\\/fuentesfidedignas.com.mx\\\/#\\\/schema\\\/logo\\\/image\\\/\",\"url\":\"https:\\\/\\\/fuentesfidedignas.com.mx\\\/wp-content\\\/uploads\\\/2021\\\/04\\\/logo-retina.png\",\"contentUrl\":\"https:\\\/\\\/fuentesfidedignas.com.mx\\\/wp-content\\\/uploads\\\/2021\\\/04\\\/logo-retina.png\",\"width\":280,\"height\":51,\"caption\":\"Fuentes Fidedignas\"},\"image\":{\"@id\":\"https:\\\/\\\/fuentesfidedignas.com.mx\\\/#\\\/schema\\\/logo\\\/image\\\/\"},\"sameAs\":[\"https:\\\/\\\/www.facebook.com\\\/Fuentes-Fidedignas-368234489921644\",\"https:\\\/\\\/x.com\\\/fidedignas\"]},{\"@type\":\"Person\",\"@id\":\"https:\\\/\\\/fuentesfidedignas.com.mx\\\/#\\\/schema\\\/person\\\/67d852f0557c8509146a4b9ddebd543a\",\"name\":\"L\u00f3pez D\u00f3riga\",\"image\":{\"@type\":\"ImageObject\",\"inLanguage\":\"es\",\"@id\":\"https:\\\/\\\/secure.gravatar.com\\\/avatar\\\/e525b06574ca18b33cded59dfe5778d6c823b9513154eff47da551b0551bdd1e?s=96&d=mm&r=g\",\"url\":\"https:\\\/\\\/secure.gravatar.com\\\/avatar\\\/e525b06574ca18b33cded59dfe5778d6c823b9513154eff47da551b0551bdd1e?s=96&d=mm&r=g\",\"contentUrl\":\"https:\\\/\\\/secure.gravatar.com\\\/avatar\\\/e525b06574ca18b33cded59dfe5778d6c823b9513154eff47da551b0551bdd1e?s=96&d=mm&r=g\",\"caption\":\"L\u00f3pez D\u00f3riga\"},\"url\":\"https:\\\/\\\/fuentesfidedignas.com.mx\\\/index.php\\\/author\\\/doriga\\\/\"}]}<\/script>\n<!-- \/ Yoast SEO plugin. -->","yoast_head_json":{"title":"Hurac\u00e1n \u201cBeryl\u201d podr\u00eda impactar a M\u00e9xico dos veces - Fuentes Fidedignas","robots":{"index":"index","follow":"follow","max-snippet":"max-snippet:-1","max-image-preview":"max-image-preview:large","max-video-preview":"max-video-preview:-1"},"canonical":"https:\/\/fuentesfidedignas.com.mx\/index.php\/2024\/07\/02\/huracan-beryl-podria-impactar-a-mexico-dos-veces\/","og_locale":"es_MX","og_type":"article","og_title":"Hurac\u00e1n \u201cBeryl\u201d podr\u00eda impactar a M\u00e9xico dos veces - Fuentes Fidedignas","og_description":"Autoridades mexicanas prev\u00e9n fuertes lluvias del jueves 4 de julio al domingo 7 por el paso del hurac\u00e1n \u201cBeryl\u201d Autoridades de los tres niveles de gobierno en M\u00e9xico se coordinan ante la presencia del&nbsp;hurac\u00e1n&nbsp;\u201cBeryl\u201c, actualmente de&nbsp;categor\u00eda 4, y que podr\u00eda impactar dos veces al pa\u00eds. En conferencia de prensa, la coordinadora general del&nbsp;Servicio Meteorol\u00f3gico Nacional&nbsp;(SMN),&nbsp;Alejandra [&hellip;]","og_url":"https:\/\/fuentesfidedignas.com.mx\/index.php\/2024\/07\/02\/huracan-beryl-podria-impactar-a-mexico-dos-veces\/","og_site_name":"Fuentes Fidedignas","article_publisher":"https:\/\/www.facebook.com\/Fuentes-Fidedignas-368234489921644","article_published_time":"2024-07-02T13:40:46+00:00","article_modified_time":"2024-07-02T13:59:43+00:00","og_image":[{"width":650,"height":382,"url":"https:\/\/fuentesfidedignas.com.mx\/wp-content\/uploads\/2024\/07\/huracan-beryl-podria-impactar-a-mexico-dos-veces.jpg","type":"image\/jpeg"}],"author":"L\u00f3pez D\u00f3riga","twitter_card":"summary_large_image","twitter_creator":"@fidedignas","twitter_site":"@fidedignas","twitter_misc":{"Escrito por":"L\u00f3pez D\u00f3riga","Tiempo de lectura":"2 minutos"},"schema":{"@context":"https:\/\/schema.org","@graph":[{"@type":"Article","@id":"https:\/\/fuentesfidedignas.com.mx\/index.php\/2024\/07\/02\/huracan-beryl-podria-impactar-a-mexico-dos-veces\/#article","isPartOf":{"@id":"https:\/\/fuentesfidedignas.com.mx\/index.php\/2024\/07\/02\/huracan-beryl-podria-impactar-a-mexico-dos-veces\/"},"author":{"name":"L\u00f3pez D\u00f3riga","@id":"https:\/\/fuentesfidedignas.com.mx\/#\/schema\/person\/67d852f0557c8509146a4b9ddebd543a"},"headline":"Hurac\u00e1n \u201cBeryl\u201d podr\u00eda impactar a M\u00e9xico dos veces","datePublished":"2024-07-02T13:40:46+00:00","dateModified":"2024-07-02T13:59:43+00:00","mainEntityOfPage":{"@id":"https:\/\/fuentesfidedignas.com.mx\/index.php\/2024\/07\/02\/huracan-beryl-podria-impactar-a-mexico-dos-veces\/"},"wordCount":485,"commentCount":0,"publisher":{"@id":"https:\/\/fuentesfidedignas.com.mx\/#organization"},"image":{"@id":"https:\/\/fuentesfidedignas.com.mx\/index.php\/2024\/07\/02\/huracan-beryl-podria-impactar-a-mexico-dos-veces\/#primaryimage"},"thumbnailUrl":"https:\/\/fuentesfidedignas.com.mx\/wp-content\/uploads\/2024\/07\/huracan-beryl-podria-impactar-a-mexico-dos-veces.jpg","articleSection":["NOTICIAS NACIONALES"],"inLanguage":"es","potentialAction":[{"@type":"CommentAction","name":"Comment","target":["https:\/\/fuentesfidedignas.com.mx\/index.php\/2024\/07\/02\/huracan-beryl-podria-impactar-a-mexico-dos-veces\/#respond"]}]},{"@type":"WebPage","@id":"https:\/\/fuentesfidedignas.com.mx\/index.php\/2024\/07\/02\/huracan-beryl-podria-impactar-a-mexico-dos-veces\/","url":"https:\/\/fuentesfidedignas.com.mx\/index.php\/2024\/07\/02\/huracan-beryl-podria-impactar-a-mexico-dos-veces\/","name":"Hurac\u00e1n \u201cBeryl\u201d podr\u00eda impactar a M\u00e9xico dos veces - Fuentes Fidedignas","isPartOf":{"@id":"https:\/\/fuentesfidedignas.com.mx\/#website"},"primaryImageOfPage":{"@id":"https:\/\/fuentesfidedignas.com.mx\/index.php\/2024\/07\/02\/huracan-beryl-podria-impactar-a-mexico-dos-veces\/#primaryimage"},"image":{"@id":"https:\/\/fuentesfidedignas.com.mx\/index.php\/2024\/07\/02\/huracan-beryl-podria-impactar-a-mexico-dos-veces\/#primaryimage"},"thumbnailUrl":"https:\/\/fuentesfidedignas.com.mx\/wp-content\/uploads\/2024\/07\/huracan-beryl-podria-impactar-a-mexico-dos-veces.jpg","datePublished":"2024-07-02T13:40:46+00:00","dateModified":"2024-07-02T13:59:43+00:00","breadcrumb":{"@id":"https:\/\/fuentesfidedignas.com.mx\/index.php\/2024\/07\/02\/huracan-beryl-podria-impactar-a-mexico-dos-veces\/#breadcrumb"},"inLanguage":"es","potentialAction":[{"@type":"ReadAction","target":["https:\/\/fuentesfidedignas.com.mx\/index.php\/2024\/07\/02\/huracan-beryl-podria-impactar-a-mexico-dos-veces\/"]}]},{"@type":"ImageObject","inLanguage":"es","@id":"https:\/\/fuentesfidedignas.com.mx\/index.php\/2024\/07\/02\/huracan-beryl-podria-impactar-a-mexico-dos-veces\/#primaryimage","url":"https:\/\/fuentesfidedignas.com.mx\/wp-content\/uploads\/2024\/07\/huracan-beryl-podria-impactar-a-mexico-dos-veces.jpg","contentUrl":"https:\/\/fuentesfidedignas.com.mx\/wp-content\/uploads\/2024\/07\/huracan-beryl-podria-impactar-a-mexico-dos-veces.jpg","width":650,"height":382},{"@type":"BreadcrumbList","@id":"https:\/\/fuentesfidedignas.com.mx\/index.php\/2024\/07\/02\/huracan-beryl-podria-impactar-a-mexico-dos-veces\/#breadcrumb","itemListElement":[{"@type":"ListItem","position":1,"name":"Inicio","item":"https:\/\/fuentesfidedignas.com.mx\/"},{"@type":"ListItem","position":2,"name":"Hurac\u00e1n \u201cBeryl\u201d podr\u00eda impactar a M\u00e9xico dos veces"}]},{"@type":"WebSite","@id":"https:\/\/fuentesfidedignas.com.mx\/#website","url":"https:\/\/fuentesfidedignas.com.mx\/","name":"Fuentes Fidedignas","description":"Otro sitio realizado con WordPress","publisher":{"@id":"https:\/\/fuentesfidedignas.com.mx\/#organization"},"potentialAction":[{"@type":"SearchAction","target":{"@type":"EntryPoint","urlTemplate":"https:\/\/fuentesfidedignas.com.mx\/?s={search_term_string}"},"query-input":{"@type":"PropertyValueSpecification","valueRequired":true,"valueName":"search_term_string"}}],"inLanguage":"es"},{"@type":"Organization","@id":"https:\/\/fuentesfidedignas.com.mx\/#organization","name":"Fuentes Fidedignas","url":"https:\/\/fuentesfidedignas.com.mx\/","logo":{"@type":"ImageObject","inLanguage":"es","@id":"https:\/\/fuentesfidedignas.com.mx\/#\/schema\/logo\/image\/","url":"https:\/\/fuentesfidedignas.com.mx\/wp-content\/uploads\/2021\/04\/logo-retina.png","contentUrl":"https:\/\/fuentesfidedignas.com.mx\/wp-content\/uploads\/2021\/04\/logo-retina.png","width":280,"height":51,"caption":"Fuentes Fidedignas"},"image":{"@id":"https:\/\/fuentesfidedignas.com.mx\/#\/schema\/logo\/image\/"},"sameAs":["https:\/\/www.facebook.com\/Fuentes-Fidedignas-368234489921644","https:\/\/x.com\/fidedignas"]},{"@type":"Person","@id":"https:\/\/fuentesfidedignas.com.mx\/#\/schema\/person\/67d852f0557c8509146a4b9ddebd543a","name":"L\u00f3pez D\u00f3riga","image":{"@type":"ImageObject","inLanguage":"es","@id":"https:\/\/secure.gravatar.com\/avatar\/e525b06574ca18b33cded59dfe5778d6c823b9513154eff47da551b0551bdd1e?s=96&d=mm&r=g","url":"https:\/\/secure.gravatar.com\/avatar\/e525b06574ca18b33cded59dfe5778d6c823b9513154eff47da551b0551bdd1e?s=96&d=mm&r=g","contentUrl":"https:\/\/secure.gravatar.com\/avatar\/e525b06574ca18b33cded59dfe5778d6c823b9513154eff47da551b0551bdd1e?s=96&d=mm&r=g","caption":"L\u00f3pez D\u00f3riga"},"url":"https:\/\/fuentesfidedignas.com.mx\/index.php\/author\/doriga\/"}]}},"_links":{"self":[{"href":"https:\/\/fuentesfidedignas.com.mx\/index.php\/wp-json\/wp\/v2\/posts\/85482","targetHints":{"allow":["GET"]}}],"collection":[{"href":"https:\/\/fuentesfidedignas.com.mx\/index.php\/wp-json\/wp\/v2\/posts"}],"about":[{"href":"https:\/\/fuentesfidedignas.com.mx\/index.php\/wp-json\/wp\/v2\/types\/post"}],"author":[{"embeddable":true,"href":"https:\/\/fuentesfidedignas.com.mx\/index.php\/wp-json\/wp\/v2\/users\/47"}],"replies":[{"embeddable":true,"href":"https:\/\/fuentesfidedignas.com.mx\/index.php\/wp-json\/wp\/v2\/comments?post=85482"}],"version-history":[{"count":1,"href":"https:\/\/fuentesfidedignas.com.mx\/index.php\/wp-json\/wp\/v2\/posts\/85482\/revisions"}],"predecessor-version":[{"id":85484,"href":"https:\/\/fuentesfidedignas.com.mx\/index.php\/wp-json\/wp\/v2\/posts\/85482\/revisions\/85484"}],"wp:featuredmedia":[{"embeddable":true,"href":"https:\/\/fuentesfidedignas.com.mx\/index.php\/wp-json\/wp\/v2\/media\/85483"}],"wp:attachment":[{"href":"https:\/\/fuentesfidedignas.com.mx\/index.php\/wp-json\/wp\/v2\/media?parent=85482"}],"wp:term":[{"taxonomy":"category","embeddable":true,"href":"https:\/\/fuentesfidedignas.com.mx\/index.php\/wp-json\/wp\/v2\/categories?post=85482"},{"taxonomy":"post_tag","embeddable":true,"href":"https:\/\/fuentesfidedignas.com.mx\/index.php\/wp-json\/wp\/v2\/tags?post=85482"}],"curies":[{"name":"wp","href":"https:\/\/api.w.org\/{rel}","templated":true}]}}