{"id":85287,"date":"2024-06-29T11:44:07","date_gmt":"2024-06-29T18:44:07","guid":{"rendered":"https:\/\/fuentesfidedignas.com.mx\/?p=85287"},"modified":"2024-06-29T13:01:09","modified_gmt":"2024-06-29T20:01:09","slug":"recuperan-los-primeros-restos-de-mineros-de-pasta-de-conchos","status":"publish","type":"post","link":"https:\/\/fuentesfidedignas.com.mx\/index.php\/2024\/06\/29\/recuperan-los-primeros-restos-de-mineros-de-pasta-de-conchos\/","title":{"rendered":"A 18 a\u00f1os de la tragedia, rescatan primer cuerpo de los 63 mineros muertos en Pasta de Conchos"},"content":{"rendered":"\n<p><strong><em>Familiares de las v\u00edctimas se\u00f1alaron que el primer cuerpo fue rescatado \u201ccon todo y su ropa\u201d aunque las autoridades no han brindado mayor informaci\u00f3n<\/em><\/strong><\/p>\n\n\n\n<p>Los primeros restos de uno de los mineros atrapados en la mina Pasta de Conchos fueron recuperados tras m\u00e1s de 18 a\u00f1os del accidente en el lugar.<\/p>\n\n\n\n<p>Familiares de los mineros aseguraron a medios que el cuerpo fue sacado \u201centero con todo y su ropa\u201c.<\/p>\n\n\n\n<p>Previamente, viudas y familiares se reunieron en las inmediaciones de la mina para atestiguar el rescate de los restos de las v\u00edctimas por lo que autoridades habilitaron un sitio para que pudieran observar las labores de recuperaci\u00f3n de los cuerpos.<\/p>\n\n\n\n<p>Hasta el momento, ninguna autoridad ha dado a conocer informaci\u00f3n oficial sobre los trabajos, ni sobre el primer cuerpo rescatado de la mina 8 de Pasta de Conchos, mismo al que se espera que se le practiquen pruebas de ADN para confirmar su identidad.<\/p>\n\n\n\n<p>El Gobierno de M\u00e9xico inform\u00f3 el pasado 12 de junio que hab\u00edan sido encontrados restos humanos en la mina Pasta de Conchos, ubicada en Coahuila, donde hace 18 a\u00f1os murieron 65 trabajadores.<\/p>\n\n\n\n<p class=\"p1\"><strong>Por medio de un comunicado,&nbsp;<\/strong>la titular de Gobernaci\u00f3n (Segob),&nbsp;<strong>Luisa Mar\u00eda Alcalde<\/strong>, se\u00f1al\u00f3 que viudas y familiares de los mineros muertos ya fueron informados sobre esta localizaci\u00f3n.<\/p>\n\n\n\n<p>\u201cTras m\u00e1s de 18 a\u00f1os del lamentable acontecimiento y a cuatro a\u00f1os de que se iniciaran los trabajos de rescate, fue posible llegar a uno de los puntos donde las bit\u00e1coras se\u00f1alan que&nbsp;<strong>13 mineros<\/strong>&nbsp;se encontraban trabajando en esa zona el d\u00eda del accidente\u201d, apunt\u00f3.<\/p>\n\n\n\n<p>Se expuso que el hallazgo ocurri\u00f3 despu\u00e9s de cuatro a\u00f1os de trabajos de rescate, ordenados por el presidente&nbsp;<strong>Andr\u00e9s Manuel L\u00f3pez Obrador<\/strong>, tras los que llegaron a un punto donde las bit\u00e1coras se\u00f1alaban la zona en la 13 de los mineros trabajaban el d\u00eda del accidente.<\/p>\n\n\n\n<p>Se\u00f1al\u00f3 que, adem\u00e1s de los restos humanos no detallados, localizaron tambi\u00e9n diversos objetos de trabajo, y se explic\u00f3 que, por el momento, se desconocen las condiciones de las galer\u00edas ubicadas en distintos puntos de la mina.<\/p>\n","protected":false},"excerpt":{"rendered":"<p>Familiares de las v\u00edctimas se\u00f1alaron que el primer cuerpo fue rescatado \u201ccon todo y su ropa\u201d aunque las autoridades no han brindado mayor informaci\u00f3n Los primeros restos de uno de los mineros atrapados en la mina Pasta de Conchos fueron recuperados tras m\u00e1s de 18 a\u00f1os del accidente en el lugar. Familiares de los mineros [&hellip;]<\/p>\n","protected":false},"author":47,"featured_media":85286,"comment_status":"closed","ping_status":"open","sticky":false,"template":"","format":"standard","meta":{"tdm_status":"","tdm_grid_status":"","footnotes":""},"categories":[39],"tags":[],"class_list":{"0":"post-85287","1":"post","2":"type-post","3":"status-publish","4":"format-standard","5":"has-post-thumbnail","7":"category-noticias-nacionales"},"yoast_head":"<!-- This site is optimized with the Yoast SEO plugin v27.5 - https:\/\/yoast.com\/product\/yoast-seo-wordpress\/ -->\n<title>A 18 a\u00f1os de la tragedia, rescatan primer cuerpo de los 63 mineros muertos en Pasta de Conchos - Fuentes Fidedignas<\/title>\n<meta name=\"robots\" content=\"index, follow, max-snippet:-1, max-image-preview:large, max-video-preview:-1\" \/>\n<link rel=\"canonical\" href=\"https:\/\/fuentesfidedignas.com.mx\/index.php\/2024\/06\/29\/recuperan-los-primeros-restos-de-mineros-de-pasta-de-conchos\/\" \/>\n<meta property=\"og:locale\" content=\"es_MX\" \/>\n<meta property=\"og:type\" content=\"article\" \/>\n<meta property=\"og:title\" content=\"A 18 a\u00f1os de la tragedia, rescatan primer cuerpo de los 63 mineros muertos en Pasta de Conchos - Fuentes Fidedignas\" \/>\n<meta property=\"og:description\" content=\"Familiares de las v\u00edctimas se\u00f1alaron que el primer cuerpo fue rescatado \u201ccon todo y su ropa\u201d aunque las autoridades no han brindado mayor informaci\u00f3n Los primeros restos de uno de los mineros atrapados en la mina Pasta de Conchos fueron recuperados tras m\u00e1s de 18 a\u00f1os del accidente en el lugar. Familiares de los mineros [&hellip;]\" \/>\n<meta property=\"og:url\" content=\"https:\/\/fuentesfidedignas.com.mx\/index.php\/2024\/06\/29\/recuperan-los-primeros-restos-de-mineros-de-pasta-de-conchos\/\" \/>\n<meta property=\"og:site_name\" content=\"Fuentes Fidedignas\" \/>\n<meta property=\"article:publisher\" content=\"https:\/\/www.facebook.com\/Fuentes-Fidedignas-368234489921644\" \/>\n<meta property=\"article:published_time\" content=\"2024-06-29T18:44:07+00:00\" \/>\n<meta property=\"article:modified_time\" content=\"2024-06-29T20:01:09+00:00\" \/>\n<meta property=\"og:image\" content=\"https:\/\/fuentesfidedignas.com.mx\/wp-content\/uploads\/2024\/06\/img_8382-1.jpg\" \/>\n\t<meta property=\"og:image:width\" content=\"1536\" \/>\n\t<meta property=\"og:image:height\" content=\"1024\" \/>\n\t<meta property=\"og:image:type\" content=\"image\/jpeg\" \/>\n<meta name=\"author\" content=\"L\u00f3pez D\u00f3riga\" \/>\n<meta name=\"twitter:card\" content=\"summary_large_image\" \/>\n<meta name=\"twitter:creator\" content=\"@fidedignas\" \/>\n<meta name=\"twitter:site\" content=\"@fidedignas\" \/>\n<meta name=\"twitter:label1\" content=\"Escrito por\" \/>\n\t<meta name=\"twitter:data1\" content=\"L\u00f3pez D\u00f3riga\" \/>\n\t<meta name=\"twitter:label2\" content=\"Tiempo de lectura\" \/>\n\t<meta name=\"twitter:data2\" content=\"2 minutos\" \/>\n<script type=\"application\/ld+json\" class=\"yoast-schema-graph\">{\"@context\":\"https:\\\/\\\/schema.org\",\"@graph\":[{\"@type\":\"Article\",\"@id\":\"https:\\\/\\\/fuentesfidedignas.com.mx\\\/index.php\\\/2024\\\/06\\\/29\\\/recuperan-los-primeros-restos-de-mineros-de-pasta-de-conchos\\\/#article\",\"isPartOf\":{\"@id\":\"https:\\\/\\\/fuentesfidedignas.com.mx\\\/index.php\\\/2024\\\/06\\\/29\\\/recuperan-los-primeros-restos-de-mineros-de-pasta-de-conchos\\\/\"},\"author\":{\"name\":\"L\u00f3pez D\u00f3riga\",\"@id\":\"https:\\\/\\\/fuentesfidedignas.com.mx\\\/#\\\/schema\\\/person\\\/67d852f0557c8509146a4b9ddebd543a\"},\"headline\":\"A 18 a\u00f1os de la tragedia, rescatan primer cuerpo de los 63 mineros muertos en Pasta de Conchos\",\"datePublished\":\"2024-06-29T18:44:07+00:00\",\"dateModified\":\"2024-06-29T20:01:09+00:00\",\"mainEntityOfPage\":{\"@id\":\"https:\\\/\\\/fuentesfidedignas.com.mx\\\/index.php\\\/2024\\\/06\\\/29\\\/recuperan-los-primeros-restos-de-mineros-de-pasta-de-conchos\\\/\"},\"wordCount\":387,\"publisher\":{\"@id\":\"https:\\\/\\\/fuentesfidedignas.com.mx\\\/#organization\"},\"image\":{\"@id\":\"https:\\\/\\\/fuentesfidedignas.com.mx\\\/index.php\\\/2024\\\/06\\\/29\\\/recuperan-los-primeros-restos-de-mineros-de-pasta-de-conchos\\\/#primaryimage\"},\"thumbnailUrl\":\"https:\\\/\\\/fuentesfidedignas.com.mx\\\/wp-content\\\/uploads\\\/2024\\\/06\\\/img_8382-1.jpg\",\"articleSection\":[\"NOTICIAS NACIONALES\"],\"inLanguage\":\"es\"},{\"@type\":\"WebPage\",\"@id\":\"https:\\\/\\\/fuentesfidedignas.com.mx\\\/index.php\\\/2024\\\/06\\\/29\\\/recuperan-los-primeros-restos-de-mineros-de-pasta-de-conchos\\\/\",\"url\":\"https:\\\/\\\/fuentesfidedignas.com.mx\\\/index.php\\\/2024\\\/06\\\/29\\\/recuperan-los-primeros-restos-de-mineros-de-pasta-de-conchos\\\/\",\"name\":\"A 18 a\u00f1os de la tragedia, rescatan primer cuerpo de los 63 mineros muertos en Pasta de Conchos - Fuentes Fidedignas\",\"isPartOf\":{\"@id\":\"https:\\\/\\\/fuentesfidedignas.com.mx\\\/#website\"},\"primaryImageOfPage\":{\"@id\":\"https:\\\/\\\/fuentesfidedignas.com.mx\\\/index.php\\\/2024\\\/06\\\/29\\\/recuperan-los-primeros-restos-de-mineros-de-pasta-de-conchos\\\/#primaryimage\"},\"image\":{\"@id\":\"https:\\\/\\\/fuentesfidedignas.com.mx\\\/index.php\\\/2024\\\/06\\\/29\\\/recuperan-los-primeros-restos-de-mineros-de-pasta-de-conchos\\\/#primaryimage\"},\"thumbnailUrl\":\"https:\\\/\\\/fuentesfidedignas.com.mx\\\/wp-content\\\/uploads\\\/2024\\\/06\\\/img_8382-1.jpg\",\"datePublished\":\"2024-06-29T18:44:07+00:00\",\"dateModified\":\"2024-06-29T20:01:09+00:00\",\"breadcrumb\":{\"@id\":\"https:\\\/\\\/fuentesfidedignas.com.mx\\\/index.php\\\/2024\\\/06\\\/29\\\/recuperan-los-primeros-restos-de-mineros-de-pasta-de-conchos\\\/#breadcrumb\"},\"inLanguage\":\"es\",\"potentialAction\":[{\"@type\":\"ReadAction\",\"target\":[\"https:\\\/\\\/fuentesfidedignas.com.mx\\\/index.php\\\/2024\\\/06\\\/29\\\/recuperan-los-primeros-restos-de-mineros-de-pasta-de-conchos\\\/\"]}]},{\"@type\":\"ImageObject\",\"inLanguage\":\"es\",\"@id\":\"https:\\\/\\\/fuentesfidedignas.com.mx\\\/index.php\\\/2024\\\/06\\\/29\\\/recuperan-los-primeros-restos-de-mineros-de-pasta-de-conchos\\\/#primaryimage\",\"url\":\"https:\\\/\\\/fuentesfidedignas.com.mx\\\/wp-content\\\/uploads\\\/2024\\\/06\\\/img_8382-1.jpg\",\"contentUrl\":\"https:\\\/\\\/fuentesfidedignas.com.mx\\\/wp-content\\\/uploads\\\/2024\\\/06\\\/img_8382-1.jpg\",\"width\":1536,\"height\":1024},{\"@type\":\"BreadcrumbList\",\"@id\":\"https:\\\/\\\/fuentesfidedignas.com.mx\\\/index.php\\\/2024\\\/06\\\/29\\\/recuperan-los-primeros-restos-de-mineros-de-pasta-de-conchos\\\/#breadcrumb\",\"itemListElement\":[{\"@type\":\"ListItem\",\"position\":1,\"name\":\"Inicio\",\"item\":\"https:\\\/\\\/fuentesfidedignas.com.mx\\\/\"},{\"@type\":\"ListItem\",\"position\":2,\"name\":\"A 18 a\u00f1os de la tragedia, rescatan primer cuerpo de los 63 mineros muertos en Pasta de Conchos\"}]},{\"@type\":\"WebSite\",\"@id\":\"https:\\\/\\\/fuentesfidedignas.com.mx\\\/#website\",\"url\":\"https:\\\/\\\/fuentesfidedignas.com.mx\\\/\",\"name\":\"Fuentes Fidedignas\",\"description\":\"Otro sitio realizado con WordPress\",\"publisher\":{\"@id\":\"https:\\\/\\\/fuentesfidedignas.com.mx\\\/#organization\"},\"potentialAction\":[{\"@type\":\"SearchAction\",\"target\":{\"@type\":\"EntryPoint\",\"urlTemplate\":\"https:\\\/\\\/fuentesfidedignas.com.mx\\\/?s={search_term_string}\"},\"query-input\":{\"@type\":\"PropertyValueSpecification\",\"valueRequired\":true,\"valueName\":\"search_term_string\"}}],\"inLanguage\":\"es\"},{\"@type\":\"Organization\",\"@id\":\"https:\\\/\\\/fuentesfidedignas.com.mx\\\/#organization\",\"name\":\"Fuentes Fidedignas\",\"url\":\"https:\\\/\\\/fuentesfidedignas.com.mx\\\/\",\"logo\":{\"@type\":\"ImageObject\",\"inLanguage\":\"es\",\"@id\":\"https:\\\/\\\/fuentesfidedignas.com.mx\\\/#\\\/schema\\\/logo\\\/image\\\/\",\"url\":\"https:\\\/\\\/fuentesfidedignas.com.mx\\\/wp-content\\\/uploads\\\/2021\\\/04\\\/logo-retina.png\",\"contentUrl\":\"https:\\\/\\\/fuentesfidedignas.com.mx\\\/wp-content\\\/uploads\\\/2021\\\/04\\\/logo-retina.png\",\"width\":280,\"height\":51,\"caption\":\"Fuentes Fidedignas\"},\"image\":{\"@id\":\"https:\\\/\\\/fuentesfidedignas.com.mx\\\/#\\\/schema\\\/logo\\\/image\\\/\"},\"sameAs\":[\"https:\\\/\\\/www.facebook.com\\\/Fuentes-Fidedignas-368234489921644\",\"https:\\\/\\\/x.com\\\/fidedignas\"]},{\"@type\":\"Person\",\"@id\":\"https:\\\/\\\/fuentesfidedignas.com.mx\\\/#\\\/schema\\\/person\\\/67d852f0557c8509146a4b9ddebd543a\",\"name\":\"L\u00f3pez D\u00f3riga\",\"image\":{\"@type\":\"ImageObject\",\"inLanguage\":\"es\",\"@id\":\"https:\\\/\\\/secure.gravatar.com\\\/avatar\\\/e525b06574ca18b33cded59dfe5778d6c823b9513154eff47da551b0551bdd1e?s=96&d=mm&r=g\",\"url\":\"https:\\\/\\\/secure.gravatar.com\\\/avatar\\\/e525b06574ca18b33cded59dfe5778d6c823b9513154eff47da551b0551bdd1e?s=96&d=mm&r=g\",\"contentUrl\":\"https:\\\/\\\/secure.gravatar.com\\\/avatar\\\/e525b06574ca18b33cded59dfe5778d6c823b9513154eff47da551b0551bdd1e?s=96&d=mm&r=g\",\"caption\":\"L\u00f3pez D\u00f3riga\"},\"url\":\"https:\\\/\\\/fuentesfidedignas.com.mx\\\/index.php\\\/author\\\/doriga\\\/\"}]}<\/script>\n<!-- \/ Yoast SEO plugin. -->","yoast_head_json":{"title":"A 18 a\u00f1os de la tragedia, rescatan primer cuerpo de los 63 mineros muertos en Pasta de Conchos - Fuentes Fidedignas","robots":{"index":"index","follow":"follow","max-snippet":"max-snippet:-1","max-image-preview":"max-image-preview:large","max-video-preview":"max-video-preview:-1"},"canonical":"https:\/\/fuentesfidedignas.com.mx\/index.php\/2024\/06\/29\/recuperan-los-primeros-restos-de-mineros-de-pasta-de-conchos\/","og_locale":"es_MX","og_type":"article","og_title":"A 18 a\u00f1os de la tragedia, rescatan primer cuerpo de los 63 mineros muertos en Pasta de Conchos - Fuentes Fidedignas","og_description":"Familiares de las v\u00edctimas se\u00f1alaron que el primer cuerpo fue rescatado \u201ccon todo y su ropa\u201d aunque las autoridades no han brindado mayor informaci\u00f3n Los primeros restos de uno de los mineros atrapados en la mina Pasta de Conchos fueron recuperados tras m\u00e1s de 18 a\u00f1os del accidente en el lugar. Familiares de los mineros [&hellip;]","og_url":"https:\/\/fuentesfidedignas.com.mx\/index.php\/2024\/06\/29\/recuperan-los-primeros-restos-de-mineros-de-pasta-de-conchos\/","og_site_name":"Fuentes Fidedignas","article_publisher":"https:\/\/www.facebook.com\/Fuentes-Fidedignas-368234489921644","article_published_time":"2024-06-29T18:44:07+00:00","article_modified_time":"2024-06-29T20:01:09+00:00","og_image":[{"width":1536,"height":1024,"url":"https:\/\/fuentesfidedignas.com.mx\/wp-content\/uploads\/2024\/06\/img_8382-1.jpg","type":"image\/jpeg"}],"author":"L\u00f3pez D\u00f3riga","twitter_card":"summary_large_image","twitter_creator":"@fidedignas","twitter_site":"@fidedignas","twitter_misc":{"Escrito por":"L\u00f3pez D\u00f3riga","Tiempo de lectura":"2 minutos"},"schema":{"@context":"https:\/\/schema.org","@graph":[{"@type":"Article","@id":"https:\/\/fuentesfidedignas.com.mx\/index.php\/2024\/06\/29\/recuperan-los-primeros-restos-de-mineros-de-pasta-de-conchos\/#article","isPartOf":{"@id":"https:\/\/fuentesfidedignas.com.mx\/index.php\/2024\/06\/29\/recuperan-los-primeros-restos-de-mineros-de-pasta-de-conchos\/"},"author":{"name":"L\u00f3pez D\u00f3riga","@id":"https:\/\/fuentesfidedignas.com.mx\/#\/schema\/person\/67d852f0557c8509146a4b9ddebd543a"},"headline":"A 18 a\u00f1os de la tragedia, rescatan primer cuerpo de los 63 mineros muertos en Pasta de Conchos","datePublished":"2024-06-29T18:44:07+00:00","dateModified":"2024-06-29T20:01:09+00:00","mainEntityOfPage":{"@id":"https:\/\/fuentesfidedignas.com.mx\/index.php\/2024\/06\/29\/recuperan-los-primeros-restos-de-mineros-de-pasta-de-conchos\/"},"wordCount":387,"publisher":{"@id":"https:\/\/fuentesfidedignas.com.mx\/#organization"},"image":{"@id":"https:\/\/fuentesfidedignas.com.mx\/index.php\/2024\/06\/29\/recuperan-los-primeros-restos-de-mineros-de-pasta-de-conchos\/#primaryimage"},"thumbnailUrl":"https:\/\/fuentesfidedignas.com.mx\/wp-content\/uploads\/2024\/06\/img_8382-1.jpg","articleSection":["NOTICIAS NACIONALES"],"inLanguage":"es"},{"@type":"WebPage","@id":"https:\/\/fuentesfidedignas.com.mx\/index.php\/2024\/06\/29\/recuperan-los-primeros-restos-de-mineros-de-pasta-de-conchos\/","url":"https:\/\/fuentesfidedignas.com.mx\/index.php\/2024\/06\/29\/recuperan-los-primeros-restos-de-mineros-de-pasta-de-conchos\/","name":"A 18 a\u00f1os de la tragedia, rescatan primer cuerpo de los 63 mineros muertos en Pasta de Conchos - Fuentes Fidedignas","isPartOf":{"@id":"https:\/\/fuentesfidedignas.com.mx\/#website"},"primaryImageOfPage":{"@id":"https:\/\/fuentesfidedignas.com.mx\/index.php\/2024\/06\/29\/recuperan-los-primeros-restos-de-mineros-de-pasta-de-conchos\/#primaryimage"},"image":{"@id":"https:\/\/fuentesfidedignas.com.mx\/index.php\/2024\/06\/29\/recuperan-los-primeros-restos-de-mineros-de-pasta-de-conchos\/#primaryimage"},"thumbnailUrl":"https:\/\/fuentesfidedignas.com.mx\/wp-content\/uploads\/2024\/06\/img_8382-1.jpg","datePublished":"2024-06-29T18:44:07+00:00","dateModified":"2024-06-29T20:01:09+00:00","breadcrumb":{"@id":"https:\/\/fuentesfidedignas.com.mx\/index.php\/2024\/06\/29\/recuperan-los-primeros-restos-de-mineros-de-pasta-de-conchos\/#breadcrumb"},"inLanguage":"es","potentialAction":[{"@type":"ReadAction","target":["https:\/\/fuentesfidedignas.com.mx\/index.php\/2024\/06\/29\/recuperan-los-primeros-restos-de-mineros-de-pasta-de-conchos\/"]}]},{"@type":"ImageObject","inLanguage":"es","@id":"https:\/\/fuentesfidedignas.com.mx\/index.php\/2024\/06\/29\/recuperan-los-primeros-restos-de-mineros-de-pasta-de-conchos\/#primaryimage","url":"https:\/\/fuentesfidedignas.com.mx\/wp-content\/uploads\/2024\/06\/img_8382-1.jpg","contentUrl":"https:\/\/fuentesfidedignas.com.mx\/wp-content\/uploads\/2024\/06\/img_8382-1.jpg","width":1536,"height":1024},{"@type":"BreadcrumbList","@id":"https:\/\/fuentesfidedignas.com.mx\/index.php\/2024\/06\/29\/recuperan-los-primeros-restos-de-mineros-de-pasta-de-conchos\/#breadcrumb","itemListElement":[{"@type":"ListItem","position":1,"name":"Inicio","item":"https:\/\/fuentesfidedignas.com.mx\/"},{"@type":"ListItem","position":2,"name":"A 18 a\u00f1os de la tragedia, rescatan primer cuerpo de los 63 mineros muertos en Pasta de Conchos"}]},{"@type":"WebSite","@id":"https:\/\/fuentesfidedignas.com.mx\/#website","url":"https:\/\/fuentesfidedignas.com.mx\/","name":"Fuentes Fidedignas","description":"Otro sitio realizado con WordPress","publisher":{"@id":"https:\/\/fuentesfidedignas.com.mx\/#organization"},"potentialAction":[{"@type":"SearchAction","target":{"@type":"EntryPoint","urlTemplate":"https:\/\/fuentesfidedignas.com.mx\/?s={search_term_string}"},"query-input":{"@type":"PropertyValueSpecification","valueRequired":true,"valueName":"search_term_string"}}],"inLanguage":"es"},{"@type":"Organization","@id":"https:\/\/fuentesfidedignas.com.mx\/#organization","name":"Fuentes Fidedignas","url":"https:\/\/fuentesfidedignas.com.mx\/","logo":{"@type":"ImageObject","inLanguage":"es","@id":"https:\/\/fuentesfidedignas.com.mx\/#\/schema\/logo\/image\/","url":"https:\/\/fuentesfidedignas.com.mx\/wp-content\/uploads\/2021\/04\/logo-retina.png","contentUrl":"https:\/\/fuentesfidedignas.com.mx\/wp-content\/uploads\/2021\/04\/logo-retina.png","width":280,"height":51,"caption":"Fuentes Fidedignas"},"image":{"@id":"https:\/\/fuentesfidedignas.com.mx\/#\/schema\/logo\/image\/"},"sameAs":["https:\/\/www.facebook.com\/Fuentes-Fidedignas-368234489921644","https:\/\/x.com\/fidedignas"]},{"@type":"Person","@id":"https:\/\/fuentesfidedignas.com.mx\/#\/schema\/person\/67d852f0557c8509146a4b9ddebd543a","name":"L\u00f3pez D\u00f3riga","image":{"@type":"ImageObject","inLanguage":"es","@id":"https:\/\/secure.gravatar.com\/avatar\/e525b06574ca18b33cded59dfe5778d6c823b9513154eff47da551b0551bdd1e?s=96&d=mm&r=g","url":"https:\/\/secure.gravatar.com\/avatar\/e525b06574ca18b33cded59dfe5778d6c823b9513154eff47da551b0551bdd1e?s=96&d=mm&r=g","contentUrl":"https:\/\/secure.gravatar.com\/avatar\/e525b06574ca18b33cded59dfe5778d6c823b9513154eff47da551b0551bdd1e?s=96&d=mm&r=g","caption":"L\u00f3pez D\u00f3riga"},"url":"https:\/\/fuentesfidedignas.com.mx\/index.php\/author\/doriga\/"}]}},"_links":{"self":[{"href":"https:\/\/fuentesfidedignas.com.mx\/index.php\/wp-json\/wp\/v2\/posts\/85287","targetHints":{"allow":["GET"]}}],"collection":[{"href":"https:\/\/fuentesfidedignas.com.mx\/index.php\/wp-json\/wp\/v2\/posts"}],"about":[{"href":"https:\/\/fuentesfidedignas.com.mx\/index.php\/wp-json\/wp\/v2\/types\/post"}],"author":[{"embeddable":true,"href":"https:\/\/fuentesfidedignas.com.mx\/index.php\/wp-json\/wp\/v2\/users\/47"}],"replies":[{"embeddable":true,"href":"https:\/\/fuentesfidedignas.com.mx\/index.php\/wp-json\/wp\/v2\/comments?post=85287"}],"version-history":[{"count":2,"href":"https:\/\/fuentesfidedignas.com.mx\/index.php\/wp-json\/wp\/v2\/posts\/85287\/revisions"}],"predecessor-version":[{"id":85292,"href":"https:\/\/fuentesfidedignas.com.mx\/index.php\/wp-json\/wp\/v2\/posts\/85287\/revisions\/85292"}],"wp:featuredmedia":[{"embeddable":true,"href":"https:\/\/fuentesfidedignas.com.mx\/index.php\/wp-json\/wp\/v2\/media\/85286"}],"wp:attachment":[{"href":"https:\/\/fuentesfidedignas.com.mx\/index.php\/wp-json\/wp\/v2\/media?parent=85287"}],"wp:term":[{"taxonomy":"category","embeddable":true,"href":"https:\/\/fuentesfidedignas.com.mx\/index.php\/wp-json\/wp\/v2\/categories?post=85287"},{"taxonomy":"post_tag","embeddable":true,"href":"https:\/\/fuentesfidedignas.com.mx\/index.php\/wp-json\/wp\/v2\/tags?post=85287"}],"curies":[{"name":"wp","href":"https:\/\/api.w.org\/{rel}","templated":true}]}}