{"id":8518,"date":"2021-07-30T05:46:10","date_gmt":"2021-07-30T12:46:10","guid":{"rendered":"https:\/\/fuentesfidedignas.com.mx\/?p=8518"},"modified":"2021-07-30T05:51:15","modified_gmt":"2021-07-30T12:51:15","slug":"consuelo-loera-madre-de-el-chapo-tiene-covid-19-se-encuentra-estable","status":"publish","type":"post","link":"https:\/\/fuentesfidedignas.com.mx\/index.php\/2021\/07\/30\/consuelo-loera-madre-de-el-chapo-tiene-covid-19-se-encuentra-estable\/","title":{"rendered":"Consuelo Loera, madre de &#8216;El Chapo&#8217;, tiene Covid-19; se encuentra estable"},"content":{"rendered":"\n<p><strong><em>Familiares cercanos confirmaron que la madre de El Chapo se contagi\u00f3 en ceremonias religiosas a las que asist\u00eda; comentan que despu\u00e9s de una serie de tratamientos y reposo ya se encuentra estable<\/em><\/strong><\/p>\n\n\n\n<p>Badiraguato, Sin. La madre de Joaqu\u00edn El Chapo Guzm\u00e1n, Consuelo Loera P\u00e9rez, fue diagnosticada con covid-19, luego de infectarse hace un poco m\u00e1s de tres semanas; permanece en su casa, ubicada en La Tuna, Badiraguato, su lugar de nacimiento.<\/p>\n\n\n\n<p>Familiares cercanos confirmaron al semanario R\u00edodoce que do\u00f1a Consuelo, de 93 a\u00f1os de edad, fue contagiada en las ceremonias religiosas a las que asist\u00eda. Comentan que despu\u00e9s de una serie de tratamientos y reposo ya se encuentra estable; sin embargo, actualmente se encuentra aislada en su domicilio.<\/p>\n\n\n\n<p>El municipio de Badiraguato se dice estar en el olvido por parte de las autoridades, ya que al ser una zona serrana, muchos de los residentes de esa comunidad enferman o mueren solos y no son reportados ante la Secretar\u00eda de Salud federal.<\/p>\n\n\n\n<p>El presidente Andr\u00e9s Manuel L\u00f3pez Obrador regresar\u00e1 al municipio de Badiraguato este viernes 30 de julio para supervisar obras de carretera como la de Guadalupe y Calvo.<\/p>\n\n\n\n<figure class=\"wp-block-image size-full\"><img decoding=\"async\" width=\"768\" height=\"433\" src=\"https:\/\/fuentesfidedignas.com.mx\/wp-content\/uploads\/2021\/07\/Captura-de-Pantalla-2021-07-29-a-las-16.53.58-e1627596423490-768x433-1.png\" alt=\"\" class=\"wp-image-8519\" srcset=\"https:\/\/fuentesfidedignas.com.mx\/wp-content\/uploads\/2021\/07\/Captura-de-Pantalla-2021-07-29-a-las-16.53.58-e1627596423490-768x433-1.png 768w, https:\/\/fuentesfidedignas.com.mx\/wp-content\/uploads\/2021\/07\/Captura-de-Pantalla-2021-07-29-a-las-16.53.58-e1627596423490-768x433-1-300x169.png 300w, https:\/\/fuentesfidedignas.com.mx\/wp-content\/uploads\/2021\/07\/Captura-de-Pantalla-2021-07-29-a-las-16.53.58-e1627596423490-768x433-1-696x392.png 696w, https:\/\/fuentesfidedignas.com.mx\/wp-content\/uploads\/2021\/07\/Captura-de-Pantalla-2021-07-29-a-las-16.53.58-e1627596423490-768x433-1-745x420.png 745w\" sizes=\"(max-width: 768px) 100vw, 768px\" \/><\/figure>\n","protected":false},"excerpt":{"rendered":"<p>Familiares cercanos confirmaron que la madre de El Chapo se contagi\u00f3 en ceremonias religiosas a las que asist\u00eda; comentan que despu\u00e9s de una serie de tratamientos y reposo ya se encuentra estable Badiraguato, Sin. La madre de Joaqu\u00edn El Chapo Guzm\u00e1n, Consuelo Loera P\u00e9rez, fue diagnosticada con covid-19, luego de infectarse hace un poco m\u00e1s [&hellip;]<\/p>\n","protected":false},"author":9,"featured_media":8524,"comment_status":"open","ping_status":"open","sticky":false,"template":"","format":"standard","meta":{"tdm_status":"","tdm_grid_status":"","footnotes":""},"categories":[37],"tags":[],"class_list":{"0":"post-8518","1":"post","2":"type-post","3":"status-publish","4":"format-standard","5":"has-post-thumbnail","7":"category-nota-principal"},"yoast_head":"<!-- This site is optimized with the Yoast SEO plugin v27.5 - https:\/\/yoast.com\/product\/yoast-seo-wordpress\/ -->\n<title>Consuelo Loera, madre de &#039;El Chapo&#039;, tiene Covid-19; se encuentra estable - Fuentes Fidedignas<\/title>\n<meta name=\"robots\" content=\"index, follow, max-snippet:-1, max-image-preview:large, max-video-preview:-1\" \/>\n<link rel=\"canonical\" href=\"https:\/\/fuentesfidedignas.com.mx\/index.php\/2021\/07\/30\/consuelo-loera-madre-de-el-chapo-tiene-covid-19-se-encuentra-estable\/\" \/>\n<meta property=\"og:locale\" content=\"es_MX\" \/>\n<meta property=\"og:type\" content=\"article\" \/>\n<meta property=\"og:title\" content=\"Consuelo Loera, madre de &#039;El Chapo&#039;, tiene Covid-19; se encuentra estable - Fuentes Fidedignas\" \/>\n<meta property=\"og:description\" content=\"Familiares cercanos confirmaron que la madre de El Chapo se contagi\u00f3 en ceremonias religiosas a las que asist\u00eda; comentan que despu\u00e9s de una serie de tratamientos y reposo ya se encuentra estable Badiraguato, Sin. La madre de Joaqu\u00edn El Chapo Guzm\u00e1n, Consuelo Loera P\u00e9rez, fue diagnosticada con covid-19, luego de infectarse hace un poco m\u00e1s [&hellip;]\" \/>\n<meta property=\"og:url\" content=\"https:\/\/fuentesfidedignas.com.mx\/index.php\/2021\/07\/30\/consuelo-loera-madre-de-el-chapo-tiene-covid-19-se-encuentra-estable\/\" \/>\n<meta property=\"og:site_name\" content=\"Fuentes Fidedignas\" \/>\n<meta property=\"article:publisher\" content=\"https:\/\/www.facebook.com\/Fuentes-Fidedignas-368234489921644\" \/>\n<meta property=\"article:published_time\" content=\"2021-07-30T12:46:10+00:00\" \/>\n<meta property=\"article:modified_time\" content=\"2021-07-30T12:51:15+00:00\" \/>\n<meta property=\"og:image\" content=\"https:\/\/fuentesfidedignas.com.mx\/wp-content\/uploads\/2021\/07\/gettyimages-1147215729-e1585939755474.jpg\" \/>\n\t<meta property=\"og:image:width\" content=\"1016\" \/>\n\t<meta property=\"og:image:height\" content=\"570\" \/>\n\t<meta property=\"og:image:type\" content=\"image\/jpeg\" \/>\n<meta name=\"author\" content=\"Milenio\" \/>\n<meta name=\"twitter:card\" content=\"summary_large_image\" \/>\n<meta name=\"twitter:creator\" content=\"@fidedignas\" \/>\n<meta name=\"twitter:site\" content=\"@fidedignas\" \/>\n<meta name=\"twitter:label1\" content=\"Escrito por\" \/>\n\t<meta name=\"twitter:data1\" content=\"Milenio\" \/>\n\t<meta name=\"twitter:label2\" content=\"Tiempo de lectura\" \/>\n\t<meta name=\"twitter:data2\" content=\"2 minutos\" \/>\n<script type=\"application\/ld+json\" class=\"yoast-schema-graph\">{\"@context\":\"https:\\\/\\\/schema.org\",\"@graph\":[{\"@type\":\"Article\",\"@id\":\"https:\\\/\\\/fuentesfidedignas.com.mx\\\/index.php\\\/2021\\\/07\\\/30\\\/consuelo-loera-madre-de-el-chapo-tiene-covid-19-se-encuentra-estable\\\/#article\",\"isPartOf\":{\"@id\":\"https:\\\/\\\/fuentesfidedignas.com.mx\\\/index.php\\\/2021\\\/07\\\/30\\\/consuelo-loera-madre-de-el-chapo-tiene-covid-19-se-encuentra-estable\\\/\"},\"author\":{\"name\":\"Milenio\",\"@id\":\"https:\\\/\\\/fuentesfidedignas.com.mx\\\/#\\\/schema\\\/person\\\/47ec0135738f4b0c7495f06a77a2c976\"},\"headline\":\"Consuelo Loera, madre de &#8216;El Chapo&#8217;, tiene Covid-19; se encuentra estable\",\"datePublished\":\"2021-07-30T12:46:10+00:00\",\"dateModified\":\"2021-07-30T12:51:15+00:00\",\"mainEntityOfPage\":{\"@id\":\"https:\\\/\\\/fuentesfidedignas.com.mx\\\/index.php\\\/2021\\\/07\\\/30\\\/consuelo-loera-madre-de-el-chapo-tiene-covid-19-se-encuentra-estable\\\/\"},\"wordCount\":211,\"commentCount\":0,\"publisher\":{\"@id\":\"https:\\\/\\\/fuentesfidedignas.com.mx\\\/#organization\"},\"image\":{\"@id\":\"https:\\\/\\\/fuentesfidedignas.com.mx\\\/index.php\\\/2021\\\/07\\\/30\\\/consuelo-loera-madre-de-el-chapo-tiene-covid-19-se-encuentra-estable\\\/#primaryimage\"},\"thumbnailUrl\":\"https:\\\/\\\/fuentesfidedignas.com.mx\\\/wp-content\\\/uploads\\\/2021\\\/07\\\/gettyimages-1147215729-e1585939755474.jpg\",\"articleSection\":[\"NOTA PRINCIPAL\"],\"inLanguage\":\"es\",\"potentialAction\":[{\"@type\":\"CommentAction\",\"name\":\"Comment\",\"target\":[\"https:\\\/\\\/fuentesfidedignas.com.mx\\\/index.php\\\/2021\\\/07\\\/30\\\/consuelo-loera-madre-de-el-chapo-tiene-covid-19-se-encuentra-estable\\\/#respond\"]}]},{\"@type\":\"WebPage\",\"@id\":\"https:\\\/\\\/fuentesfidedignas.com.mx\\\/index.php\\\/2021\\\/07\\\/30\\\/consuelo-loera-madre-de-el-chapo-tiene-covid-19-se-encuentra-estable\\\/\",\"url\":\"https:\\\/\\\/fuentesfidedignas.com.mx\\\/index.php\\\/2021\\\/07\\\/30\\\/consuelo-loera-madre-de-el-chapo-tiene-covid-19-se-encuentra-estable\\\/\",\"name\":\"Consuelo Loera, madre de 'El Chapo', tiene Covid-19; se encuentra estable - Fuentes Fidedignas\",\"isPartOf\":{\"@id\":\"https:\\\/\\\/fuentesfidedignas.com.mx\\\/#website\"},\"primaryImageOfPage\":{\"@id\":\"https:\\\/\\\/fuentesfidedignas.com.mx\\\/index.php\\\/2021\\\/07\\\/30\\\/consuelo-loera-madre-de-el-chapo-tiene-covid-19-se-encuentra-estable\\\/#primaryimage\"},\"image\":{\"@id\":\"https:\\\/\\\/fuentesfidedignas.com.mx\\\/index.php\\\/2021\\\/07\\\/30\\\/consuelo-loera-madre-de-el-chapo-tiene-covid-19-se-encuentra-estable\\\/#primaryimage\"},\"thumbnailUrl\":\"https:\\\/\\\/fuentesfidedignas.com.mx\\\/wp-content\\\/uploads\\\/2021\\\/07\\\/gettyimages-1147215729-e1585939755474.jpg\",\"datePublished\":\"2021-07-30T12:46:10+00:00\",\"dateModified\":\"2021-07-30T12:51:15+00:00\",\"breadcrumb\":{\"@id\":\"https:\\\/\\\/fuentesfidedignas.com.mx\\\/index.php\\\/2021\\\/07\\\/30\\\/consuelo-loera-madre-de-el-chapo-tiene-covid-19-se-encuentra-estable\\\/#breadcrumb\"},\"inLanguage\":\"es\",\"potentialAction\":[{\"@type\":\"ReadAction\",\"target\":[\"https:\\\/\\\/fuentesfidedignas.com.mx\\\/index.php\\\/2021\\\/07\\\/30\\\/consuelo-loera-madre-de-el-chapo-tiene-covid-19-se-encuentra-estable\\\/\"]}]},{\"@type\":\"ImageObject\",\"inLanguage\":\"es\",\"@id\":\"https:\\\/\\\/fuentesfidedignas.com.mx\\\/index.php\\\/2021\\\/07\\\/30\\\/consuelo-loera-madre-de-el-chapo-tiene-covid-19-se-encuentra-estable\\\/#primaryimage\",\"url\":\"https:\\\/\\\/fuentesfidedignas.com.mx\\\/wp-content\\\/uploads\\\/2021\\\/07\\\/gettyimages-1147215729-e1585939755474.jpg\",\"contentUrl\":\"https:\\\/\\\/fuentesfidedignas.com.mx\\\/wp-content\\\/uploads\\\/2021\\\/07\\\/gettyimages-1147215729-e1585939755474.jpg\",\"width\":1016,\"height\":570},{\"@type\":\"BreadcrumbList\",\"@id\":\"https:\\\/\\\/fuentesfidedignas.com.mx\\\/index.php\\\/2021\\\/07\\\/30\\\/consuelo-loera-madre-de-el-chapo-tiene-covid-19-se-encuentra-estable\\\/#breadcrumb\",\"itemListElement\":[{\"@type\":\"ListItem\",\"position\":1,\"name\":\"Inicio\",\"item\":\"https:\\\/\\\/fuentesfidedignas.com.mx\\\/\"},{\"@type\":\"ListItem\",\"position\":2,\"name\":\"Consuelo Loera, madre de &#8216;El Chapo&#8217;, tiene Covid-19; se encuentra estable\"}]},{\"@type\":\"WebSite\",\"@id\":\"https:\\\/\\\/fuentesfidedignas.com.mx\\\/#website\",\"url\":\"https:\\\/\\\/fuentesfidedignas.com.mx\\\/\",\"name\":\"Fuentes Fidedignas\",\"description\":\"Otro sitio realizado con WordPress\",\"publisher\":{\"@id\":\"https:\\\/\\\/fuentesfidedignas.com.mx\\\/#organization\"},\"potentialAction\":[{\"@type\":\"SearchAction\",\"target\":{\"@type\":\"EntryPoint\",\"urlTemplate\":\"https:\\\/\\\/fuentesfidedignas.com.mx\\\/?s={search_term_string}\"},\"query-input\":{\"@type\":\"PropertyValueSpecification\",\"valueRequired\":true,\"valueName\":\"search_term_string\"}}],\"inLanguage\":\"es\"},{\"@type\":\"Organization\",\"@id\":\"https:\\\/\\\/fuentesfidedignas.com.mx\\\/#organization\",\"name\":\"Fuentes Fidedignas\",\"url\":\"https:\\\/\\\/fuentesfidedignas.com.mx\\\/\",\"logo\":{\"@type\":\"ImageObject\",\"inLanguage\":\"es\",\"@id\":\"https:\\\/\\\/fuentesfidedignas.com.mx\\\/#\\\/schema\\\/logo\\\/image\\\/\",\"url\":\"https:\\\/\\\/fuentesfidedignas.com.mx\\\/wp-content\\\/uploads\\\/2021\\\/04\\\/logo-retina.png\",\"contentUrl\":\"https:\\\/\\\/fuentesfidedignas.com.mx\\\/wp-content\\\/uploads\\\/2021\\\/04\\\/logo-retina.png\",\"width\":280,\"height\":51,\"caption\":\"Fuentes Fidedignas\"},\"image\":{\"@id\":\"https:\\\/\\\/fuentesfidedignas.com.mx\\\/#\\\/schema\\\/logo\\\/image\\\/\"},\"sameAs\":[\"https:\\\/\\\/www.facebook.com\\\/Fuentes-Fidedignas-368234489921644\",\"https:\\\/\\\/x.com\\\/fidedignas\"]},{\"@type\":\"Person\",\"@id\":\"https:\\\/\\\/fuentesfidedignas.com.mx\\\/#\\\/schema\\\/person\\\/47ec0135738f4b0c7495f06a77a2c976\",\"name\":\"Milenio\",\"image\":{\"@type\":\"ImageObject\",\"inLanguage\":\"es\",\"@id\":\"https:\\\/\\\/secure.gravatar.com\\\/avatar\\\/acabf7b54753e51c2c76457954577c236b3b764789b19879565769739d1e4a75?s=96&d=mm&r=g\",\"url\":\"https:\\\/\\\/secure.gravatar.com\\\/avatar\\\/acabf7b54753e51c2c76457954577c236b3b764789b19879565769739d1e4a75?s=96&d=mm&r=g\",\"contentUrl\":\"https:\\\/\\\/secure.gravatar.com\\\/avatar\\\/acabf7b54753e51c2c76457954577c236b3b764789b19879565769739d1e4a75?s=96&d=mm&r=g\",\"caption\":\"Milenio\"},\"url\":\"https:\\\/\\\/fuentesfidedignas.com.mx\\\/index.php\\\/author\\\/milenio\\\/\"}]}<\/script>\n<!-- \/ Yoast SEO plugin. -->","yoast_head_json":{"title":"Consuelo Loera, madre de 'El Chapo', tiene Covid-19; se encuentra estable - Fuentes Fidedignas","robots":{"index":"index","follow":"follow","max-snippet":"max-snippet:-1","max-image-preview":"max-image-preview:large","max-video-preview":"max-video-preview:-1"},"canonical":"https:\/\/fuentesfidedignas.com.mx\/index.php\/2021\/07\/30\/consuelo-loera-madre-de-el-chapo-tiene-covid-19-se-encuentra-estable\/","og_locale":"es_MX","og_type":"article","og_title":"Consuelo Loera, madre de 'El Chapo', tiene Covid-19; se encuentra estable - Fuentes Fidedignas","og_description":"Familiares cercanos confirmaron que la madre de El Chapo se contagi\u00f3 en ceremonias religiosas a las que asist\u00eda; comentan que despu\u00e9s de una serie de tratamientos y reposo ya se encuentra estable Badiraguato, Sin. La madre de Joaqu\u00edn El Chapo Guzm\u00e1n, Consuelo Loera P\u00e9rez, fue diagnosticada con covid-19, luego de infectarse hace un poco m\u00e1s [&hellip;]","og_url":"https:\/\/fuentesfidedignas.com.mx\/index.php\/2021\/07\/30\/consuelo-loera-madre-de-el-chapo-tiene-covid-19-se-encuentra-estable\/","og_site_name":"Fuentes Fidedignas","article_publisher":"https:\/\/www.facebook.com\/Fuentes-Fidedignas-368234489921644","article_published_time":"2021-07-30T12:46:10+00:00","article_modified_time":"2021-07-30T12:51:15+00:00","og_image":[{"width":1016,"height":570,"url":"https:\/\/fuentesfidedignas.com.mx\/wp-content\/uploads\/2021\/07\/gettyimages-1147215729-e1585939755474.jpg","type":"image\/jpeg"}],"author":"Milenio","twitter_card":"summary_large_image","twitter_creator":"@fidedignas","twitter_site":"@fidedignas","twitter_misc":{"Escrito por":"Milenio","Tiempo de lectura":"2 minutos"},"schema":{"@context":"https:\/\/schema.org","@graph":[{"@type":"Article","@id":"https:\/\/fuentesfidedignas.com.mx\/index.php\/2021\/07\/30\/consuelo-loera-madre-de-el-chapo-tiene-covid-19-se-encuentra-estable\/#article","isPartOf":{"@id":"https:\/\/fuentesfidedignas.com.mx\/index.php\/2021\/07\/30\/consuelo-loera-madre-de-el-chapo-tiene-covid-19-se-encuentra-estable\/"},"author":{"name":"Milenio","@id":"https:\/\/fuentesfidedignas.com.mx\/#\/schema\/person\/47ec0135738f4b0c7495f06a77a2c976"},"headline":"Consuelo Loera, madre de &#8216;El Chapo&#8217;, tiene Covid-19; se encuentra estable","datePublished":"2021-07-30T12:46:10+00:00","dateModified":"2021-07-30T12:51:15+00:00","mainEntityOfPage":{"@id":"https:\/\/fuentesfidedignas.com.mx\/index.php\/2021\/07\/30\/consuelo-loera-madre-de-el-chapo-tiene-covid-19-se-encuentra-estable\/"},"wordCount":211,"commentCount":0,"publisher":{"@id":"https:\/\/fuentesfidedignas.com.mx\/#organization"},"image":{"@id":"https:\/\/fuentesfidedignas.com.mx\/index.php\/2021\/07\/30\/consuelo-loera-madre-de-el-chapo-tiene-covid-19-se-encuentra-estable\/#primaryimage"},"thumbnailUrl":"https:\/\/fuentesfidedignas.com.mx\/wp-content\/uploads\/2021\/07\/gettyimages-1147215729-e1585939755474.jpg","articleSection":["NOTA PRINCIPAL"],"inLanguage":"es","potentialAction":[{"@type":"CommentAction","name":"Comment","target":["https:\/\/fuentesfidedignas.com.mx\/index.php\/2021\/07\/30\/consuelo-loera-madre-de-el-chapo-tiene-covid-19-se-encuentra-estable\/#respond"]}]},{"@type":"WebPage","@id":"https:\/\/fuentesfidedignas.com.mx\/index.php\/2021\/07\/30\/consuelo-loera-madre-de-el-chapo-tiene-covid-19-se-encuentra-estable\/","url":"https:\/\/fuentesfidedignas.com.mx\/index.php\/2021\/07\/30\/consuelo-loera-madre-de-el-chapo-tiene-covid-19-se-encuentra-estable\/","name":"Consuelo Loera, madre de 'El Chapo', tiene Covid-19; se encuentra estable - Fuentes Fidedignas","isPartOf":{"@id":"https:\/\/fuentesfidedignas.com.mx\/#website"},"primaryImageOfPage":{"@id":"https:\/\/fuentesfidedignas.com.mx\/index.php\/2021\/07\/30\/consuelo-loera-madre-de-el-chapo-tiene-covid-19-se-encuentra-estable\/#primaryimage"},"image":{"@id":"https:\/\/fuentesfidedignas.com.mx\/index.php\/2021\/07\/30\/consuelo-loera-madre-de-el-chapo-tiene-covid-19-se-encuentra-estable\/#primaryimage"},"thumbnailUrl":"https:\/\/fuentesfidedignas.com.mx\/wp-content\/uploads\/2021\/07\/gettyimages-1147215729-e1585939755474.jpg","datePublished":"2021-07-30T12:46:10+00:00","dateModified":"2021-07-30T12:51:15+00:00","breadcrumb":{"@id":"https:\/\/fuentesfidedignas.com.mx\/index.php\/2021\/07\/30\/consuelo-loera-madre-de-el-chapo-tiene-covid-19-se-encuentra-estable\/#breadcrumb"},"inLanguage":"es","potentialAction":[{"@type":"ReadAction","target":["https:\/\/fuentesfidedignas.com.mx\/index.php\/2021\/07\/30\/consuelo-loera-madre-de-el-chapo-tiene-covid-19-se-encuentra-estable\/"]}]},{"@type":"ImageObject","inLanguage":"es","@id":"https:\/\/fuentesfidedignas.com.mx\/index.php\/2021\/07\/30\/consuelo-loera-madre-de-el-chapo-tiene-covid-19-se-encuentra-estable\/#primaryimage","url":"https:\/\/fuentesfidedignas.com.mx\/wp-content\/uploads\/2021\/07\/gettyimages-1147215729-e1585939755474.jpg","contentUrl":"https:\/\/fuentesfidedignas.com.mx\/wp-content\/uploads\/2021\/07\/gettyimages-1147215729-e1585939755474.jpg","width":1016,"height":570},{"@type":"BreadcrumbList","@id":"https:\/\/fuentesfidedignas.com.mx\/index.php\/2021\/07\/30\/consuelo-loera-madre-de-el-chapo-tiene-covid-19-se-encuentra-estable\/#breadcrumb","itemListElement":[{"@type":"ListItem","position":1,"name":"Inicio","item":"https:\/\/fuentesfidedignas.com.mx\/"},{"@type":"ListItem","position":2,"name":"Consuelo Loera, madre de &#8216;El Chapo&#8217;, tiene Covid-19; se encuentra estable"}]},{"@type":"WebSite","@id":"https:\/\/fuentesfidedignas.com.mx\/#website","url":"https:\/\/fuentesfidedignas.com.mx\/","name":"Fuentes Fidedignas","description":"Otro sitio realizado con WordPress","publisher":{"@id":"https:\/\/fuentesfidedignas.com.mx\/#organization"},"potentialAction":[{"@type":"SearchAction","target":{"@type":"EntryPoint","urlTemplate":"https:\/\/fuentesfidedignas.com.mx\/?s={search_term_string}"},"query-input":{"@type":"PropertyValueSpecification","valueRequired":true,"valueName":"search_term_string"}}],"inLanguage":"es"},{"@type":"Organization","@id":"https:\/\/fuentesfidedignas.com.mx\/#organization","name":"Fuentes Fidedignas","url":"https:\/\/fuentesfidedignas.com.mx\/","logo":{"@type":"ImageObject","inLanguage":"es","@id":"https:\/\/fuentesfidedignas.com.mx\/#\/schema\/logo\/image\/","url":"https:\/\/fuentesfidedignas.com.mx\/wp-content\/uploads\/2021\/04\/logo-retina.png","contentUrl":"https:\/\/fuentesfidedignas.com.mx\/wp-content\/uploads\/2021\/04\/logo-retina.png","width":280,"height":51,"caption":"Fuentes Fidedignas"},"image":{"@id":"https:\/\/fuentesfidedignas.com.mx\/#\/schema\/logo\/image\/"},"sameAs":["https:\/\/www.facebook.com\/Fuentes-Fidedignas-368234489921644","https:\/\/x.com\/fidedignas"]},{"@type":"Person","@id":"https:\/\/fuentesfidedignas.com.mx\/#\/schema\/person\/47ec0135738f4b0c7495f06a77a2c976","name":"Milenio","image":{"@type":"ImageObject","inLanguage":"es","@id":"https:\/\/secure.gravatar.com\/avatar\/acabf7b54753e51c2c76457954577c236b3b764789b19879565769739d1e4a75?s=96&d=mm&r=g","url":"https:\/\/secure.gravatar.com\/avatar\/acabf7b54753e51c2c76457954577c236b3b764789b19879565769739d1e4a75?s=96&d=mm&r=g","contentUrl":"https:\/\/secure.gravatar.com\/avatar\/acabf7b54753e51c2c76457954577c236b3b764789b19879565769739d1e4a75?s=96&d=mm&r=g","caption":"Milenio"},"url":"https:\/\/fuentesfidedignas.com.mx\/index.php\/author\/milenio\/"}]}},"_links":{"self":[{"href":"https:\/\/fuentesfidedignas.com.mx\/index.php\/wp-json\/wp\/v2\/posts\/8518","targetHints":{"allow":["GET"]}}],"collection":[{"href":"https:\/\/fuentesfidedignas.com.mx\/index.php\/wp-json\/wp\/v2\/posts"}],"about":[{"href":"https:\/\/fuentesfidedignas.com.mx\/index.php\/wp-json\/wp\/v2\/types\/post"}],"author":[{"embeddable":true,"href":"https:\/\/fuentesfidedignas.com.mx\/index.php\/wp-json\/wp\/v2\/users\/9"}],"replies":[{"embeddable":true,"href":"https:\/\/fuentesfidedignas.com.mx\/index.php\/wp-json\/wp\/v2\/comments?post=8518"}],"version-history":[{"count":2,"href":"https:\/\/fuentesfidedignas.com.mx\/index.php\/wp-json\/wp\/v2\/posts\/8518\/revisions"}],"predecessor-version":[{"id":8526,"href":"https:\/\/fuentesfidedignas.com.mx\/index.php\/wp-json\/wp\/v2\/posts\/8518\/revisions\/8526"}],"wp:featuredmedia":[{"embeddable":true,"href":"https:\/\/fuentesfidedignas.com.mx\/index.php\/wp-json\/wp\/v2\/media\/8524"}],"wp:attachment":[{"href":"https:\/\/fuentesfidedignas.com.mx\/index.php\/wp-json\/wp\/v2\/media?parent=8518"}],"wp:term":[{"taxonomy":"category","embeddable":true,"href":"https:\/\/fuentesfidedignas.com.mx\/index.php\/wp-json\/wp\/v2\/categories?post=8518"},{"taxonomy":"post_tag","embeddable":true,"href":"https:\/\/fuentesfidedignas.com.mx\/index.php\/wp-json\/wp\/v2\/tags?post=8518"}],"curies":[{"name":"wp","href":"https:\/\/api.w.org\/{rel}","templated":true}]}}