{"id":85144,"date":"2024-06-27T19:28:09","date_gmt":"2024-06-28T02:28:09","guid":{"rendered":"https:\/\/fuentesfidedignas.com.mx\/?p=85144"},"modified":"2024-06-28T07:21:55","modified_gmt":"2024-06-28T14:21:55","slug":"tras-operativos-confirman-detencion-de-el-oso-presunto-operador-de-los-chapitos","status":"publish","type":"post","link":"https:\/\/fuentesfidedignas.com.mx\/index.php\/2024\/06\/27\/tras-operativos-confirman-detencion-de-el-oso-presunto-operador-de-los-chapitos\/","title":{"rendered":"Tras operativos, confirman detenci\u00f3n de \u201cEl Oso\u201d, presunto operador de Los Chapitos"},"content":{"rendered":"\n<p><br><strong><em>Dicho sujeto ya hab\u00eda sido detenido en 2017, fecha en la que se le relacion\u00f3 con los hijos del Chapo<\/em><\/strong><\/p>\n\n\n\n<p>Culiac\u00e1n, Sin.- Luego de que medios locales reportaron operativos en Culiac\u00e1n, Sinaloa, fue capturado&nbsp;<strong>Rey David S<\/strong>., un sujeto apodado<em>&nbsp;<strong>El Oso<\/strong>&nbsp;<\/em>y quien es identificado como presunto operador de&nbsp;<strong>Los Chapitos<\/strong>, una de las facciones del C\u00e1rtel de Sinaloa.<\/p>\n\n\n\n<p class=\"paragraph\">La captura de dicho hombre fue corroborada por<a href=\"https:\/\/www.infobae.com\/mexico\/\" rel=\"noreferrer noopener\" target=\"_blank\">&nbsp;Infobae M\u00e9xico&nbsp;<\/a>a trav\u00e9s del Registro Nacional de Detenciones (<strong>RND<\/strong>) y en los archivos se pude leer que el arresto fue efectuado el jueves 27 de junio y que para las 6:00 de la tarde (hora del centro de M\u00e9xico) se encontraba \u201cen traslado\u201d.<\/p>\n\n\n\n<p class=\"paragraph\">Su ficha de arresto lo describe como un sujeto de 1.65 metros de altura, de tez morena con cabello corto casta\u00f1o y obscuro. La detenci\u00f3n de&nbsp;<em>El Oso<\/em>&nbsp;sucedi\u00f3 poco despu\u00e9s de la&nbsp;<strong>1:00 de la ma\u00f1ana<\/strong>&nbsp;del jueves, seg\u00fan los registros oficiales.<\/p>\n\n\n\n<figure class=\"wp-block-image\"><img decoding=\"async\" src=\"https:\/\/www.infobae.com\/new-resizer\/msFn3qdaw5JuzKFZ_ZFgv7og1YE=\/arc-anglerfish-arc2-prod-infobae\/public\/XVGI7L6S75DIVPAGODTFLOFO2A.jpg\" alt=\"Su captura fue durante las primeras horas del jueves \n(Foto: RND)\"\/><\/figure>\n\n\n\n<p>Su captura fue durante las primeras horas del jueves (Foto: RND)<\/p>\n\n\n\n<p class=\"paragraph\">Con poca barba y con lentes, as\u00ed como tatuajes en los hombros es parte de lo detallado por las autoridades. Primeros reportes se\u00f1alan que en el&nbsp;<strong>operativo&nbsp;<\/strong>por parte de las autoridades en la capital de Sinaloa fueron&nbsp;<strong>revisados&nbsp;<\/strong>por lo menos&nbsp;<strong>dos inmuebles<\/strong>. en los que, seg\u00fan la prensa local, participaron veh\u00edculos oficiales, supuestamente del Ej\u00e9rcito y la Guardia Nacional. as\u00ed como unidades por aire.<\/p>\n\n\n\n<p class=\"paragraph\">Es importante mencionar que Rey David \u201cS\u201d ha sido&nbsp;<strong>capturado en otras ocasiones<\/strong>, por ejemplo en 2017 fue detenido en Hermosillo, Sonora y endicha fecha se le acusaba de ser el responsable de supervisar c\u00e9lulas criminales en diferentes puntos de Sinaloa.<\/p>\n\n\n\n<h2 class=\"wp-block-heading header headline-class-h2\">De trabajar para \u201cEl Licenciado\u201d a ser ligado con Los Chapitos<\/h2>\n\n\n\n<p class=\"paragraph\"><em>El Oso<\/em>&nbsp;fue capturado por agentes de la Secretar\u00eda de Marina tambi\u00e9n en 2016. En dicho a\u00f1o al hombre recientemente capturado se le acus\u00f3 de trabajar para D\u00e1maso L\u00f3pez N\u00fa\u00f1ez, alias<strong>&nbsp;<em><a href=\"https:\/\/www.infobae.com\/mexico\/2023\/11\/11\/revelan-foto-inedita-de-el-licenciado-exlider-del-cartel-de-sinaloa-en-prision-de-eeuu\/\" target=\"_blank\" rel=\"noreferrer noopener\">El Licenciado<\/a><\/em><\/strong>, este \u00faltimo en su momento jefe de plaza ligado a Joaqu\u00edn Guzm\u00e1n Loera.<\/p>\n\n\n\n<p class=\"paragraph\">Tras su primera captura Rey David fue ligado con actividades criminales tanto en&nbsp;<strong>Sinaloa&nbsp;<\/strong>como en&nbsp;<strong>Baja California Sur<\/strong>. Fue en mayo de 2017 que&nbsp;<em>El Licenciado&nbsp;<\/em>fue capturado en la Ciudad de M\u00e9xico y un a\u00f1o despu\u00e9s fue concretada su extradici\u00f3n, por lo que fue entregado a autoridades estadounidenses.<\/p>\n\n\n\n<p class=\"paragraph\">Si bien en un primero momento<em>&nbsp;El Oso&nbsp;<\/em>logr\u00f3 llevar su proceso en libertad fue recapturado en 2017, debdo a que las autoridades lo identificaron como presunto responsable de los delitos de&nbsp;<strong>portaci\u00f3n de arma de fuego<\/strong>&nbsp;de uso exclusivo de las autoridades.<\/p>\n\n\n\n<p class=\"paragraph\">Ya para esa fecha ya se le vinculaba con&nbsp;<strong>Alfredo Guzm\u00e1n&nbsp;<\/strong>Salazar, as\u00ed como con&nbsp;<strong>Iv\u00e1n Archivaldo Guzm\u00e1n<\/strong>, ambos hijos del Chapo y actualmente identificados como l\u00edderes de Los Chapitos, una c\u00e9lula delictiva que ha causado una crisis de salud en Estados Unidos derivado del trasiego de&nbsp;<strong>fentanilo&nbsp;<\/strong>a territorio norteamericano.<\/p>\n","protected":false},"excerpt":{"rendered":"<p>Dicho sujeto ya hab\u00eda sido detenido en 2017, fecha en la que se le relacion\u00f3 con los hijos del Chapo Culiac\u00e1n, Sin.- Luego de que medios locales reportaron operativos en Culiac\u00e1n, Sinaloa, fue capturado&nbsp;Rey David S., un sujeto apodado&nbsp;El Oso&nbsp;y quien es identificado como presunto operador de&nbsp;Los Chapitos, una de las facciones del C\u00e1rtel de [&hellip;]<\/p>\n","protected":false},"author":41,"featured_media":85143,"comment_status":"closed","ping_status":"open","sticky":false,"template":"","format":"standard","meta":{"tdm_status":"","tdm_grid_status":"","footnotes":""},"categories":[38],"tags":[],"class_list":{"0":"post-85144","1":"post","2":"type-post","3":"status-publish","4":"format-standard","5":"has-post-thumbnail","7":"category-noticias-locales"},"yoast_head":"<!-- This site is optimized with the Yoast SEO plugin v27.4 - https:\/\/yoast.com\/product\/yoast-seo-wordpress\/ -->\n<title>Tras operativos, confirman detenci\u00f3n de \u201cEl Oso\u201d, presunto operador de Los Chapitos - Fuentes Fidedignas<\/title>\n<meta name=\"robots\" content=\"index, follow, max-snippet:-1, max-image-preview:large, max-video-preview:-1\" \/>\n<link rel=\"canonical\" href=\"https:\/\/fuentesfidedignas.com.mx\/index.php\/2024\/06\/27\/tras-operativos-confirman-detencion-de-el-oso-presunto-operador-de-los-chapitos\/\" \/>\n<meta property=\"og:locale\" content=\"es_MX\" \/>\n<meta property=\"og:type\" content=\"article\" \/>\n<meta property=\"og:title\" content=\"Tras operativos, confirman detenci\u00f3n de \u201cEl Oso\u201d, presunto operador de Los Chapitos - Fuentes Fidedignas\" \/>\n<meta property=\"og:description\" content=\"Dicho sujeto ya hab\u00eda sido detenido en 2017, fecha en la que se le relacion\u00f3 con los hijos del Chapo Culiac\u00e1n, Sin.- Luego de que medios locales reportaron operativos en Culiac\u00e1n, Sinaloa, fue capturado&nbsp;Rey David S., un sujeto apodado&nbsp;El Oso&nbsp;y quien es identificado como presunto operador de&nbsp;Los Chapitos, una de las facciones del C\u00e1rtel de [&hellip;]\" \/>\n<meta property=\"og:url\" content=\"https:\/\/fuentesfidedignas.com.mx\/index.php\/2024\/06\/27\/tras-operativos-confirman-detencion-de-el-oso-presunto-operador-de-los-chapitos\/\" \/>\n<meta property=\"og:site_name\" content=\"Fuentes Fidedignas\" \/>\n<meta property=\"article:publisher\" content=\"https:\/\/www.facebook.com\/Fuentes-Fidedignas-368234489921644\" \/>\n<meta property=\"article:published_time\" content=\"2024-06-28T02:28:09+00:00\" \/>\n<meta property=\"article:modified_time\" content=\"2024-06-28T14:21:55+00:00\" \/>\n<meta property=\"og:image\" content=\"https:\/\/fuentesfidedignas.com.mx\/wp-content\/uploads\/2024\/06\/img_8315-1.jpg\" \/>\n\t<meta property=\"og:image:width\" content=\"1920\" \/>\n\t<meta property=\"og:image:height\" content=\"1080\" \/>\n\t<meta property=\"og:image:type\" content=\"image\/png\" \/>\n<meta name=\"author\" content=\"Infobae\" \/>\n<meta name=\"twitter:card\" content=\"summary_large_image\" \/>\n<meta name=\"twitter:creator\" content=\"@fidedignas\" \/>\n<meta name=\"twitter:site\" content=\"@fidedignas\" \/>\n<meta name=\"twitter:label1\" content=\"Escrito por\" \/>\n\t<meta name=\"twitter:data1\" content=\"Infobae\" \/>\n\t<meta name=\"twitter:label2\" content=\"Tiempo de lectura\" \/>\n\t<meta name=\"twitter:data2\" content=\"3 minutos\" \/>\n<script type=\"application\/ld+json\" class=\"yoast-schema-graph\">{\"@context\":\"https:\\\/\\\/schema.org\",\"@graph\":[{\"@type\":\"Article\",\"@id\":\"https:\\\/\\\/fuentesfidedignas.com.mx\\\/index.php\\\/2024\\\/06\\\/27\\\/tras-operativos-confirman-detencion-de-el-oso-presunto-operador-de-los-chapitos\\\/#article\",\"isPartOf\":{\"@id\":\"https:\\\/\\\/fuentesfidedignas.com.mx\\\/index.php\\\/2024\\\/06\\\/27\\\/tras-operativos-confirman-detencion-de-el-oso-presunto-operador-de-los-chapitos\\\/\"},\"author\":{\"name\":\"Infobae\",\"@id\":\"https:\\\/\\\/fuentesfidedignas.com.mx\\\/#\\\/schema\\\/person\\\/8575896a7c1067d352f6c1cd6582c389\"},\"headline\":\"Tras operativos, confirman detenci\u00f3n de \u201cEl Oso\u201d, presunto operador de Los Chapitos\",\"datePublished\":\"2024-06-28T02:28:09+00:00\",\"dateModified\":\"2024-06-28T14:21:55+00:00\",\"mainEntityOfPage\":{\"@id\":\"https:\\\/\\\/fuentesfidedignas.com.mx\\\/index.php\\\/2024\\\/06\\\/27\\\/tras-operativos-confirman-detencion-de-el-oso-presunto-operador-de-los-chapitos\\\/\"},\"wordCount\":546,\"publisher\":{\"@id\":\"https:\\\/\\\/fuentesfidedignas.com.mx\\\/#organization\"},\"image\":{\"@id\":\"https:\\\/\\\/fuentesfidedignas.com.mx\\\/index.php\\\/2024\\\/06\\\/27\\\/tras-operativos-confirman-detencion-de-el-oso-presunto-operador-de-los-chapitos\\\/#primaryimage\"},\"thumbnailUrl\":\"https:\\\/\\\/fuentesfidedignas.com.mx\\\/wp-content\\\/uploads\\\/2024\\\/06\\\/img_8315-1.jpg\",\"articleSection\":[\"NOTICIAS LOCALES\"],\"inLanguage\":\"es\"},{\"@type\":\"WebPage\",\"@id\":\"https:\\\/\\\/fuentesfidedignas.com.mx\\\/index.php\\\/2024\\\/06\\\/27\\\/tras-operativos-confirman-detencion-de-el-oso-presunto-operador-de-los-chapitos\\\/\",\"url\":\"https:\\\/\\\/fuentesfidedignas.com.mx\\\/index.php\\\/2024\\\/06\\\/27\\\/tras-operativos-confirman-detencion-de-el-oso-presunto-operador-de-los-chapitos\\\/\",\"name\":\"Tras operativos, confirman detenci\u00f3n de \u201cEl Oso\u201d, presunto operador de Los Chapitos - Fuentes Fidedignas\",\"isPartOf\":{\"@id\":\"https:\\\/\\\/fuentesfidedignas.com.mx\\\/#website\"},\"primaryImageOfPage\":{\"@id\":\"https:\\\/\\\/fuentesfidedignas.com.mx\\\/index.php\\\/2024\\\/06\\\/27\\\/tras-operativos-confirman-detencion-de-el-oso-presunto-operador-de-los-chapitos\\\/#primaryimage\"},\"image\":{\"@id\":\"https:\\\/\\\/fuentesfidedignas.com.mx\\\/index.php\\\/2024\\\/06\\\/27\\\/tras-operativos-confirman-detencion-de-el-oso-presunto-operador-de-los-chapitos\\\/#primaryimage\"},\"thumbnailUrl\":\"https:\\\/\\\/fuentesfidedignas.com.mx\\\/wp-content\\\/uploads\\\/2024\\\/06\\\/img_8315-1.jpg\",\"datePublished\":\"2024-06-28T02:28:09+00:00\",\"dateModified\":\"2024-06-28T14:21:55+00:00\",\"breadcrumb\":{\"@id\":\"https:\\\/\\\/fuentesfidedignas.com.mx\\\/index.php\\\/2024\\\/06\\\/27\\\/tras-operativos-confirman-detencion-de-el-oso-presunto-operador-de-los-chapitos\\\/#breadcrumb\"},\"inLanguage\":\"es\",\"potentialAction\":[{\"@type\":\"ReadAction\",\"target\":[\"https:\\\/\\\/fuentesfidedignas.com.mx\\\/index.php\\\/2024\\\/06\\\/27\\\/tras-operativos-confirman-detencion-de-el-oso-presunto-operador-de-los-chapitos\\\/\"]}]},{\"@type\":\"ImageObject\",\"inLanguage\":\"es\",\"@id\":\"https:\\\/\\\/fuentesfidedignas.com.mx\\\/index.php\\\/2024\\\/06\\\/27\\\/tras-operativos-confirman-detencion-de-el-oso-presunto-operador-de-los-chapitos\\\/#primaryimage\",\"url\":\"https:\\\/\\\/fuentesfidedignas.com.mx\\\/wp-content\\\/uploads\\\/2024\\\/06\\\/img_8315-1.jpg\",\"contentUrl\":\"https:\\\/\\\/fuentesfidedignas.com.mx\\\/wp-content\\\/uploads\\\/2024\\\/06\\\/img_8315-1.jpg\",\"width\":1920,\"height\":1080},{\"@type\":\"BreadcrumbList\",\"@id\":\"https:\\\/\\\/fuentesfidedignas.com.mx\\\/index.php\\\/2024\\\/06\\\/27\\\/tras-operativos-confirman-detencion-de-el-oso-presunto-operador-de-los-chapitos\\\/#breadcrumb\",\"itemListElement\":[{\"@type\":\"ListItem\",\"position\":1,\"name\":\"Inicio\",\"item\":\"https:\\\/\\\/fuentesfidedignas.com.mx\\\/\"},{\"@type\":\"ListItem\",\"position\":2,\"name\":\"Tras operativos, confirman detenci\u00f3n de \u201cEl Oso\u201d, presunto operador de Los Chapitos\"}]},{\"@type\":\"WebSite\",\"@id\":\"https:\\\/\\\/fuentesfidedignas.com.mx\\\/#website\",\"url\":\"https:\\\/\\\/fuentesfidedignas.com.mx\\\/\",\"name\":\"Fuentes Fidedignas\",\"description\":\"Otro sitio realizado con WordPress\",\"publisher\":{\"@id\":\"https:\\\/\\\/fuentesfidedignas.com.mx\\\/#organization\"},\"potentialAction\":[{\"@type\":\"SearchAction\",\"target\":{\"@type\":\"EntryPoint\",\"urlTemplate\":\"https:\\\/\\\/fuentesfidedignas.com.mx\\\/?s={search_term_string}\"},\"query-input\":{\"@type\":\"PropertyValueSpecification\",\"valueRequired\":true,\"valueName\":\"search_term_string\"}}],\"inLanguage\":\"es\"},{\"@type\":\"Organization\",\"@id\":\"https:\\\/\\\/fuentesfidedignas.com.mx\\\/#organization\",\"name\":\"Fuentes Fidedignas\",\"url\":\"https:\\\/\\\/fuentesfidedignas.com.mx\\\/\",\"logo\":{\"@type\":\"ImageObject\",\"inLanguage\":\"es\",\"@id\":\"https:\\\/\\\/fuentesfidedignas.com.mx\\\/#\\\/schema\\\/logo\\\/image\\\/\",\"url\":\"https:\\\/\\\/fuentesfidedignas.com.mx\\\/wp-content\\\/uploads\\\/2021\\\/04\\\/logo-retina.png\",\"contentUrl\":\"https:\\\/\\\/fuentesfidedignas.com.mx\\\/wp-content\\\/uploads\\\/2021\\\/04\\\/logo-retina.png\",\"width\":280,\"height\":51,\"caption\":\"Fuentes Fidedignas\"},\"image\":{\"@id\":\"https:\\\/\\\/fuentesfidedignas.com.mx\\\/#\\\/schema\\\/logo\\\/image\\\/\"},\"sameAs\":[\"https:\\\/\\\/www.facebook.com\\\/Fuentes-Fidedignas-368234489921644\",\"https:\\\/\\\/x.com\\\/fidedignas\"]},{\"@type\":\"Person\",\"@id\":\"https:\\\/\\\/fuentesfidedignas.com.mx\\\/#\\\/schema\\\/person\\\/8575896a7c1067d352f6c1cd6582c389\",\"name\":\"Infobae\",\"image\":{\"@type\":\"ImageObject\",\"inLanguage\":\"es\",\"@id\":\"https:\\\/\\\/secure.gravatar.com\\\/avatar\\\/e4ec95706f8d1670343f6526fdcec45474bab17475a851434a64ca12b5acba1c?s=96&d=mm&r=g\",\"url\":\"https:\\\/\\\/secure.gravatar.com\\\/avatar\\\/e4ec95706f8d1670343f6526fdcec45474bab17475a851434a64ca12b5acba1c?s=96&d=mm&r=g\",\"contentUrl\":\"https:\\\/\\\/secure.gravatar.com\\\/avatar\\\/e4ec95706f8d1670343f6526fdcec45474bab17475a851434a64ca12b5acba1c?s=96&d=mm&r=g\",\"caption\":\"Infobae\"},\"url\":\"https:\\\/\\\/fuentesfidedignas.com.mx\\\/index.php\\\/author\\\/infobae\\\/\"}]}<\/script>\n<!-- \/ Yoast SEO plugin. -->","yoast_head_json":{"title":"Tras operativos, confirman detenci\u00f3n de \u201cEl Oso\u201d, presunto operador de Los Chapitos - Fuentes Fidedignas","robots":{"index":"index","follow":"follow","max-snippet":"max-snippet:-1","max-image-preview":"max-image-preview:large","max-video-preview":"max-video-preview:-1"},"canonical":"https:\/\/fuentesfidedignas.com.mx\/index.php\/2024\/06\/27\/tras-operativos-confirman-detencion-de-el-oso-presunto-operador-de-los-chapitos\/","og_locale":"es_MX","og_type":"article","og_title":"Tras operativos, confirman detenci\u00f3n de \u201cEl Oso\u201d, presunto operador de Los Chapitos - Fuentes Fidedignas","og_description":"Dicho sujeto ya hab\u00eda sido detenido en 2017, fecha en la que se le relacion\u00f3 con los hijos del Chapo Culiac\u00e1n, Sin.- Luego de que medios locales reportaron operativos en Culiac\u00e1n, Sinaloa, fue capturado&nbsp;Rey David S., un sujeto apodado&nbsp;El Oso&nbsp;y quien es identificado como presunto operador de&nbsp;Los Chapitos, una de las facciones del C\u00e1rtel de [&hellip;]","og_url":"https:\/\/fuentesfidedignas.com.mx\/index.php\/2024\/06\/27\/tras-operativos-confirman-detencion-de-el-oso-presunto-operador-de-los-chapitos\/","og_site_name":"Fuentes Fidedignas","article_publisher":"https:\/\/www.facebook.com\/Fuentes-Fidedignas-368234489921644","article_published_time":"2024-06-28T02:28:09+00:00","article_modified_time":"2024-06-28T14:21:55+00:00","og_image":[{"width":1920,"height":1080,"url":"https:\/\/fuentesfidedignas.com.mx\/wp-content\/uploads\/2024\/06\/img_8315-1.jpg","type":"image\/png"}],"author":"Infobae","twitter_card":"summary_large_image","twitter_creator":"@fidedignas","twitter_site":"@fidedignas","twitter_misc":{"Escrito por":"Infobae","Tiempo de lectura":"3 minutos"},"schema":{"@context":"https:\/\/schema.org","@graph":[{"@type":"Article","@id":"https:\/\/fuentesfidedignas.com.mx\/index.php\/2024\/06\/27\/tras-operativos-confirman-detencion-de-el-oso-presunto-operador-de-los-chapitos\/#article","isPartOf":{"@id":"https:\/\/fuentesfidedignas.com.mx\/index.php\/2024\/06\/27\/tras-operativos-confirman-detencion-de-el-oso-presunto-operador-de-los-chapitos\/"},"author":{"name":"Infobae","@id":"https:\/\/fuentesfidedignas.com.mx\/#\/schema\/person\/8575896a7c1067d352f6c1cd6582c389"},"headline":"Tras operativos, confirman detenci\u00f3n de \u201cEl Oso\u201d, presunto operador de Los Chapitos","datePublished":"2024-06-28T02:28:09+00:00","dateModified":"2024-06-28T14:21:55+00:00","mainEntityOfPage":{"@id":"https:\/\/fuentesfidedignas.com.mx\/index.php\/2024\/06\/27\/tras-operativos-confirman-detencion-de-el-oso-presunto-operador-de-los-chapitos\/"},"wordCount":546,"publisher":{"@id":"https:\/\/fuentesfidedignas.com.mx\/#organization"},"image":{"@id":"https:\/\/fuentesfidedignas.com.mx\/index.php\/2024\/06\/27\/tras-operativos-confirman-detencion-de-el-oso-presunto-operador-de-los-chapitos\/#primaryimage"},"thumbnailUrl":"https:\/\/fuentesfidedignas.com.mx\/wp-content\/uploads\/2024\/06\/img_8315-1.jpg","articleSection":["NOTICIAS LOCALES"],"inLanguage":"es"},{"@type":"WebPage","@id":"https:\/\/fuentesfidedignas.com.mx\/index.php\/2024\/06\/27\/tras-operativos-confirman-detencion-de-el-oso-presunto-operador-de-los-chapitos\/","url":"https:\/\/fuentesfidedignas.com.mx\/index.php\/2024\/06\/27\/tras-operativos-confirman-detencion-de-el-oso-presunto-operador-de-los-chapitos\/","name":"Tras operativos, confirman detenci\u00f3n de \u201cEl Oso\u201d, presunto operador de Los Chapitos - Fuentes Fidedignas","isPartOf":{"@id":"https:\/\/fuentesfidedignas.com.mx\/#website"},"primaryImageOfPage":{"@id":"https:\/\/fuentesfidedignas.com.mx\/index.php\/2024\/06\/27\/tras-operativos-confirman-detencion-de-el-oso-presunto-operador-de-los-chapitos\/#primaryimage"},"image":{"@id":"https:\/\/fuentesfidedignas.com.mx\/index.php\/2024\/06\/27\/tras-operativos-confirman-detencion-de-el-oso-presunto-operador-de-los-chapitos\/#primaryimage"},"thumbnailUrl":"https:\/\/fuentesfidedignas.com.mx\/wp-content\/uploads\/2024\/06\/img_8315-1.jpg","datePublished":"2024-06-28T02:28:09+00:00","dateModified":"2024-06-28T14:21:55+00:00","breadcrumb":{"@id":"https:\/\/fuentesfidedignas.com.mx\/index.php\/2024\/06\/27\/tras-operativos-confirman-detencion-de-el-oso-presunto-operador-de-los-chapitos\/#breadcrumb"},"inLanguage":"es","potentialAction":[{"@type":"ReadAction","target":["https:\/\/fuentesfidedignas.com.mx\/index.php\/2024\/06\/27\/tras-operativos-confirman-detencion-de-el-oso-presunto-operador-de-los-chapitos\/"]}]},{"@type":"ImageObject","inLanguage":"es","@id":"https:\/\/fuentesfidedignas.com.mx\/index.php\/2024\/06\/27\/tras-operativos-confirman-detencion-de-el-oso-presunto-operador-de-los-chapitos\/#primaryimage","url":"https:\/\/fuentesfidedignas.com.mx\/wp-content\/uploads\/2024\/06\/img_8315-1.jpg","contentUrl":"https:\/\/fuentesfidedignas.com.mx\/wp-content\/uploads\/2024\/06\/img_8315-1.jpg","width":1920,"height":1080},{"@type":"BreadcrumbList","@id":"https:\/\/fuentesfidedignas.com.mx\/index.php\/2024\/06\/27\/tras-operativos-confirman-detencion-de-el-oso-presunto-operador-de-los-chapitos\/#breadcrumb","itemListElement":[{"@type":"ListItem","position":1,"name":"Inicio","item":"https:\/\/fuentesfidedignas.com.mx\/"},{"@type":"ListItem","position":2,"name":"Tras operativos, confirman detenci\u00f3n de \u201cEl Oso\u201d, presunto operador de Los Chapitos"}]},{"@type":"WebSite","@id":"https:\/\/fuentesfidedignas.com.mx\/#website","url":"https:\/\/fuentesfidedignas.com.mx\/","name":"Fuentes Fidedignas","description":"Otro sitio realizado con WordPress","publisher":{"@id":"https:\/\/fuentesfidedignas.com.mx\/#organization"},"potentialAction":[{"@type":"SearchAction","target":{"@type":"EntryPoint","urlTemplate":"https:\/\/fuentesfidedignas.com.mx\/?s={search_term_string}"},"query-input":{"@type":"PropertyValueSpecification","valueRequired":true,"valueName":"search_term_string"}}],"inLanguage":"es"},{"@type":"Organization","@id":"https:\/\/fuentesfidedignas.com.mx\/#organization","name":"Fuentes Fidedignas","url":"https:\/\/fuentesfidedignas.com.mx\/","logo":{"@type":"ImageObject","inLanguage":"es","@id":"https:\/\/fuentesfidedignas.com.mx\/#\/schema\/logo\/image\/","url":"https:\/\/fuentesfidedignas.com.mx\/wp-content\/uploads\/2021\/04\/logo-retina.png","contentUrl":"https:\/\/fuentesfidedignas.com.mx\/wp-content\/uploads\/2021\/04\/logo-retina.png","width":280,"height":51,"caption":"Fuentes Fidedignas"},"image":{"@id":"https:\/\/fuentesfidedignas.com.mx\/#\/schema\/logo\/image\/"},"sameAs":["https:\/\/www.facebook.com\/Fuentes-Fidedignas-368234489921644","https:\/\/x.com\/fidedignas"]},{"@type":"Person","@id":"https:\/\/fuentesfidedignas.com.mx\/#\/schema\/person\/8575896a7c1067d352f6c1cd6582c389","name":"Infobae","image":{"@type":"ImageObject","inLanguage":"es","@id":"https:\/\/secure.gravatar.com\/avatar\/e4ec95706f8d1670343f6526fdcec45474bab17475a851434a64ca12b5acba1c?s=96&d=mm&r=g","url":"https:\/\/secure.gravatar.com\/avatar\/e4ec95706f8d1670343f6526fdcec45474bab17475a851434a64ca12b5acba1c?s=96&d=mm&r=g","contentUrl":"https:\/\/secure.gravatar.com\/avatar\/e4ec95706f8d1670343f6526fdcec45474bab17475a851434a64ca12b5acba1c?s=96&d=mm&r=g","caption":"Infobae"},"url":"https:\/\/fuentesfidedignas.com.mx\/index.php\/author\/infobae\/"}]}},"_links":{"self":[{"href":"https:\/\/fuentesfidedignas.com.mx\/index.php\/wp-json\/wp\/v2\/posts\/85144","targetHints":{"allow":["GET"]}}],"collection":[{"href":"https:\/\/fuentesfidedignas.com.mx\/index.php\/wp-json\/wp\/v2\/posts"}],"about":[{"href":"https:\/\/fuentesfidedignas.com.mx\/index.php\/wp-json\/wp\/v2\/types\/post"}],"author":[{"embeddable":true,"href":"https:\/\/fuentesfidedignas.com.mx\/index.php\/wp-json\/wp\/v2\/users\/41"}],"replies":[{"embeddable":true,"href":"https:\/\/fuentesfidedignas.com.mx\/index.php\/wp-json\/wp\/v2\/comments?post=85144"}],"version-history":[{"count":1,"href":"https:\/\/fuentesfidedignas.com.mx\/index.php\/wp-json\/wp\/v2\/posts\/85144\/revisions"}],"predecessor-version":[{"id":85145,"href":"https:\/\/fuentesfidedignas.com.mx\/index.php\/wp-json\/wp\/v2\/posts\/85144\/revisions\/85145"}],"wp:featuredmedia":[{"embeddable":true,"href":"https:\/\/fuentesfidedignas.com.mx\/index.php\/wp-json\/wp\/v2\/media\/85143"}],"wp:attachment":[{"href":"https:\/\/fuentesfidedignas.com.mx\/index.php\/wp-json\/wp\/v2\/media?parent=85144"}],"wp:term":[{"taxonomy":"category","embeddable":true,"href":"https:\/\/fuentesfidedignas.com.mx\/index.php\/wp-json\/wp\/v2\/categories?post=85144"},{"taxonomy":"post_tag","embeddable":true,"href":"https:\/\/fuentesfidedignas.com.mx\/index.php\/wp-json\/wp\/v2\/tags?post=85144"}],"curies":[{"name":"wp","href":"https:\/\/api.w.org\/{rel}","templated":true}]}}