{"id":85115,"date":"2024-06-27T14:41:11","date_gmt":"2024-06-27T21:41:11","guid":{"rendered":"https:\/\/fuentesfidedignas.com.mx\/?p=85115"},"modified":"2024-06-27T14:41:11","modified_gmt":"2024-06-27T21:41:11","slug":"el-patron-senalado-por-el-atentado-a-gomez-leyva-sera-extraditado-a-mexico","status":"publish","type":"post","link":"https:\/\/fuentesfidedignas.com.mx\/index.php\/2024\/06\/27\/el-patron-senalado-por-el-atentado-a-gomez-leyva-sera-extraditado-a-mexico\/","title":{"rendered":"\u2018El Patr\u00f3n\u2019, se\u00f1alado por el atentado a G\u00f3mez Leyva, ser\u00e1 extraditado a M\u00e9xico"},"content":{"rendered":"\n<p><strong><em>Armando Esc\u00e1rcega, alias \u2018El Patr\u00f3n\u2019, es se\u00f1alado como el autor intelectual del atentado al periodista Ciro G\u00f3mez Leyva<\/em><\/strong><\/p>\n\n\n\n<p><strong>Armando Esc\u00e1rcega<\/strong>, alias&nbsp;<em><strong>El Patr\u00f3n<\/strong><\/em>&nbsp;y se\u00f1alado por el intento de asesinato del periodista&nbsp;<strong>Ciro G\u00f3mez Leyva<\/strong>, ser\u00e1&nbsp;<strong>extraditado<\/strong>&nbsp;a M\u00e9xico desde los Estados Unidos.<\/p>\n\n\n\n<figure class=\"wp-block-embed\"><div class=\"wp-block-embed__wrapper\">\nhttps:\/\/x.com\/CiroGomezL\/status\/1806380421824848220\n<\/div><\/figure>\n\n\n\n<p>Lo anterior fue detallado por el propio G\u00f3mez Leyva en redes sociales, tras una adiencia realizada ante un juez de California.<\/p>\n\n\n\n<p>\u201cEn audiencia y ante un Juez de California, Armando Esc\u00e1rcega,&nbsp;<em>El Patr\u00f3n<\/em>, se allan\u00f3 hoy a la extradici\u00f3n que solicitan las autoridades mexicanas, por lo que ser\u00e1 trasladado a Mexico para ser juzgado\u201d, indic\u00f3.<\/p>\n\n\n\n<p><em>El Patr\u00f3n,<\/em>&nbsp;acusado por el delito de asociaci\u00f3n delictuosa, es se\u00f1alado como uno de los presuntos autores intelectuales del ataque al periodista Ciro G\u00f3mez Leyva, ocurrido en diciembre pasado.<\/p>\n\n\n\n<p>Esc\u00e1rcega fue detenido a&nbsp;<a href=\"https:\/\/lopezdoriga.com\/nacional\/detienen-a-el-patron-presunto-jefe-del-grupo-criminal-que-atento-contra-ciro-gomez-leyva\/\" target=\"_blank\" rel=\"noreferrer noopener\">mediados de octubre de 2023<\/a>en la ciudad de Delano, en California, por agentes de la&nbsp;<strong>Oficina de Alcohol, Tabaco y Armas de Fuego y Explosivos<\/strong>&nbsp;(<strong>ATF<\/strong>, por sus siglas en ingl\u00e9s) a solicitud de la&nbsp;<strong>Fiscal\u00eda General de la Rep\u00fablica<\/strong>&nbsp;(<strong>FGR<\/strong>).<\/p>\n\n\n\n<p>G\u00f3mez Leyva, uno de los periodistas m\u00e1s populares de M\u00e9xico tanto en radio como en televisi\u00f3n, denunci\u00f3 el 16 de diciembre que dos personas le dispararon con la \u201cclara intenci\u00f3n\u201d de asesinarlo.<\/p>\n","protected":false},"excerpt":{"rendered":"<p>Armando Esc\u00e1rcega, alias \u2018El Patr\u00f3n\u2019, es se\u00f1alado como el autor intelectual del atentado al periodista Ciro G\u00f3mez Leyva Armando Esc\u00e1rcega, alias&nbsp;El Patr\u00f3n&nbsp;y se\u00f1alado por el intento de asesinato del periodista&nbsp;Ciro G\u00f3mez Leyva, ser\u00e1&nbsp;extraditado&nbsp;a M\u00e9xico desde los Estados Unidos. Lo anterior fue detallado por el propio G\u00f3mez Leyva en redes sociales, tras una adiencia realizada ante [&hellip;]<\/p>\n","protected":false},"author":47,"featured_media":85114,"comment_status":"closed","ping_status":"open","sticky":false,"template":"","format":"standard","meta":{"tdm_status":"","tdm_grid_status":"","footnotes":""},"categories":[39],"tags":[],"class_list":{"0":"post-85115","1":"post","2":"type-post","3":"status-publish","4":"format-standard","5":"has-post-thumbnail","7":"category-noticias-nacionales"},"yoast_head":"<!-- This site is optimized with the Yoast SEO plugin v27.5 - https:\/\/yoast.com\/product\/yoast-seo-wordpress\/ -->\n<title>\u2018El Patr\u00f3n\u2019, se\u00f1alado por el atentado a G\u00f3mez Leyva, ser\u00e1 extraditado a M\u00e9xico - Fuentes Fidedignas<\/title>\n<meta name=\"robots\" content=\"index, follow, max-snippet:-1, max-image-preview:large, max-video-preview:-1\" \/>\n<link rel=\"canonical\" href=\"https:\/\/fuentesfidedignas.com.mx\/index.php\/2024\/06\/27\/el-patron-senalado-por-el-atentado-a-gomez-leyva-sera-extraditado-a-mexico\/\" \/>\n<meta property=\"og:locale\" content=\"es_MX\" \/>\n<meta property=\"og:type\" content=\"article\" \/>\n<meta property=\"og:title\" content=\"\u2018El Patr\u00f3n\u2019, se\u00f1alado por el atentado a G\u00f3mez Leyva, ser\u00e1 extraditado a M\u00e9xico - Fuentes Fidedignas\" \/>\n<meta property=\"og:description\" content=\"Armando Esc\u00e1rcega, alias \u2018El Patr\u00f3n\u2019, es se\u00f1alado como el autor intelectual del atentado al periodista Ciro G\u00f3mez Leyva Armando Esc\u00e1rcega, alias&nbsp;El Patr\u00f3n&nbsp;y se\u00f1alado por el intento de asesinato del periodista&nbsp;Ciro G\u00f3mez Leyva, ser\u00e1&nbsp;extraditado&nbsp;a M\u00e9xico desde los Estados Unidos. Lo anterior fue detallado por el propio G\u00f3mez Leyva en redes sociales, tras una adiencia realizada ante [&hellip;]\" \/>\n<meta property=\"og:url\" content=\"https:\/\/fuentesfidedignas.com.mx\/index.php\/2024\/06\/27\/el-patron-senalado-por-el-atentado-a-gomez-leyva-sera-extraditado-a-mexico\/\" \/>\n<meta property=\"og:site_name\" content=\"Fuentes Fidedignas\" \/>\n<meta property=\"article:publisher\" content=\"https:\/\/www.facebook.com\/Fuentes-Fidedignas-368234489921644\" \/>\n<meta property=\"article:published_time\" content=\"2024-06-27T21:41:11+00:00\" \/>\n<meta property=\"og:image\" content=\"https:\/\/fuentesfidedignas.com.mx\/wp-content\/uploads\/2024\/06\/img_8301-1.jpg\" \/>\n\t<meta property=\"og:image:width\" content=\"1536\" \/>\n\t<meta property=\"og:image:height\" content=\"1024\" \/>\n\t<meta property=\"og:image:type\" content=\"image\/jpeg\" \/>\n<meta name=\"author\" content=\"L\u00f3pez D\u00f3riga\" \/>\n<meta name=\"twitter:card\" content=\"summary_large_image\" \/>\n<meta name=\"twitter:creator\" content=\"@fidedignas\" \/>\n<meta name=\"twitter:site\" content=\"@fidedignas\" \/>\n<meta name=\"twitter:label1\" content=\"Escrito por\" \/>\n\t<meta name=\"twitter:data1\" content=\"L\u00f3pez D\u00f3riga\" \/>\n\t<meta name=\"twitter:label2\" content=\"Tiempo de lectura\" \/>\n\t<meta name=\"twitter:data2\" content=\"1 minuto\" \/>\n<script type=\"application\/ld+json\" class=\"yoast-schema-graph\">{\"@context\":\"https:\\\/\\\/schema.org\",\"@graph\":[{\"@type\":\"Article\",\"@id\":\"https:\\\/\\\/fuentesfidedignas.com.mx\\\/index.php\\\/2024\\\/06\\\/27\\\/el-patron-senalado-por-el-atentado-a-gomez-leyva-sera-extraditado-a-mexico\\\/#article\",\"isPartOf\":{\"@id\":\"https:\\\/\\\/fuentesfidedignas.com.mx\\\/index.php\\\/2024\\\/06\\\/27\\\/el-patron-senalado-por-el-atentado-a-gomez-leyva-sera-extraditado-a-mexico\\\/\"},\"author\":{\"name\":\"L\u00f3pez D\u00f3riga\",\"@id\":\"https:\\\/\\\/fuentesfidedignas.com.mx\\\/#\\\/schema\\\/person\\\/67d852f0557c8509146a4b9ddebd543a\"},\"headline\":\"\u2018El Patr\u00f3n\u2019, se\u00f1alado por el atentado a G\u00f3mez Leyva, ser\u00e1 extraditado a M\u00e9xico\",\"datePublished\":\"2024-06-27T21:41:11+00:00\",\"mainEntityOfPage\":{\"@id\":\"https:\\\/\\\/fuentesfidedignas.com.mx\\\/index.php\\\/2024\\\/06\\\/27\\\/el-patron-senalado-por-el-atentado-a-gomez-leyva-sera-extraditado-a-mexico\\\/\"},\"wordCount\":263,\"publisher\":{\"@id\":\"https:\\\/\\\/fuentesfidedignas.com.mx\\\/#organization\"},\"image\":{\"@id\":\"https:\\\/\\\/fuentesfidedignas.com.mx\\\/index.php\\\/2024\\\/06\\\/27\\\/el-patron-senalado-por-el-atentado-a-gomez-leyva-sera-extraditado-a-mexico\\\/#primaryimage\"},\"thumbnailUrl\":\"https:\\\/\\\/fuentesfidedignas.com.mx\\\/wp-content\\\/uploads\\\/2024\\\/06\\\/img_8301-1.jpg\",\"articleSection\":[\"NOTICIAS NACIONALES\"],\"inLanguage\":\"es\"},{\"@type\":\"WebPage\",\"@id\":\"https:\\\/\\\/fuentesfidedignas.com.mx\\\/index.php\\\/2024\\\/06\\\/27\\\/el-patron-senalado-por-el-atentado-a-gomez-leyva-sera-extraditado-a-mexico\\\/\",\"url\":\"https:\\\/\\\/fuentesfidedignas.com.mx\\\/index.php\\\/2024\\\/06\\\/27\\\/el-patron-senalado-por-el-atentado-a-gomez-leyva-sera-extraditado-a-mexico\\\/\",\"name\":\"\u2018El Patr\u00f3n\u2019, se\u00f1alado por el atentado a G\u00f3mez Leyva, ser\u00e1 extraditado a M\u00e9xico - Fuentes Fidedignas\",\"isPartOf\":{\"@id\":\"https:\\\/\\\/fuentesfidedignas.com.mx\\\/#website\"},\"primaryImageOfPage\":{\"@id\":\"https:\\\/\\\/fuentesfidedignas.com.mx\\\/index.php\\\/2024\\\/06\\\/27\\\/el-patron-senalado-por-el-atentado-a-gomez-leyva-sera-extraditado-a-mexico\\\/#primaryimage\"},\"image\":{\"@id\":\"https:\\\/\\\/fuentesfidedignas.com.mx\\\/index.php\\\/2024\\\/06\\\/27\\\/el-patron-senalado-por-el-atentado-a-gomez-leyva-sera-extraditado-a-mexico\\\/#primaryimage\"},\"thumbnailUrl\":\"https:\\\/\\\/fuentesfidedignas.com.mx\\\/wp-content\\\/uploads\\\/2024\\\/06\\\/img_8301-1.jpg\",\"datePublished\":\"2024-06-27T21:41:11+00:00\",\"breadcrumb\":{\"@id\":\"https:\\\/\\\/fuentesfidedignas.com.mx\\\/index.php\\\/2024\\\/06\\\/27\\\/el-patron-senalado-por-el-atentado-a-gomez-leyva-sera-extraditado-a-mexico\\\/#breadcrumb\"},\"inLanguage\":\"es\",\"potentialAction\":[{\"@type\":\"ReadAction\",\"target\":[\"https:\\\/\\\/fuentesfidedignas.com.mx\\\/index.php\\\/2024\\\/06\\\/27\\\/el-patron-senalado-por-el-atentado-a-gomez-leyva-sera-extraditado-a-mexico\\\/\"]}]},{\"@type\":\"ImageObject\",\"inLanguage\":\"es\",\"@id\":\"https:\\\/\\\/fuentesfidedignas.com.mx\\\/index.php\\\/2024\\\/06\\\/27\\\/el-patron-senalado-por-el-atentado-a-gomez-leyva-sera-extraditado-a-mexico\\\/#primaryimage\",\"url\":\"https:\\\/\\\/fuentesfidedignas.com.mx\\\/wp-content\\\/uploads\\\/2024\\\/06\\\/img_8301-1.jpg\",\"contentUrl\":\"https:\\\/\\\/fuentesfidedignas.com.mx\\\/wp-content\\\/uploads\\\/2024\\\/06\\\/img_8301-1.jpg\",\"width\":1536,\"height\":1024},{\"@type\":\"BreadcrumbList\",\"@id\":\"https:\\\/\\\/fuentesfidedignas.com.mx\\\/index.php\\\/2024\\\/06\\\/27\\\/el-patron-senalado-por-el-atentado-a-gomez-leyva-sera-extraditado-a-mexico\\\/#breadcrumb\",\"itemListElement\":[{\"@type\":\"ListItem\",\"position\":1,\"name\":\"Inicio\",\"item\":\"https:\\\/\\\/fuentesfidedignas.com.mx\\\/\"},{\"@type\":\"ListItem\",\"position\":2,\"name\":\"\u2018El Patr\u00f3n\u2019, se\u00f1alado por el atentado a G\u00f3mez Leyva, ser\u00e1 extraditado a M\u00e9xico\"}]},{\"@type\":\"WebSite\",\"@id\":\"https:\\\/\\\/fuentesfidedignas.com.mx\\\/#website\",\"url\":\"https:\\\/\\\/fuentesfidedignas.com.mx\\\/\",\"name\":\"Fuentes Fidedignas\",\"description\":\"Otro sitio realizado con WordPress\",\"publisher\":{\"@id\":\"https:\\\/\\\/fuentesfidedignas.com.mx\\\/#organization\"},\"potentialAction\":[{\"@type\":\"SearchAction\",\"target\":{\"@type\":\"EntryPoint\",\"urlTemplate\":\"https:\\\/\\\/fuentesfidedignas.com.mx\\\/?s={search_term_string}\"},\"query-input\":{\"@type\":\"PropertyValueSpecification\",\"valueRequired\":true,\"valueName\":\"search_term_string\"}}],\"inLanguage\":\"es\"},{\"@type\":\"Organization\",\"@id\":\"https:\\\/\\\/fuentesfidedignas.com.mx\\\/#organization\",\"name\":\"Fuentes Fidedignas\",\"url\":\"https:\\\/\\\/fuentesfidedignas.com.mx\\\/\",\"logo\":{\"@type\":\"ImageObject\",\"inLanguage\":\"es\",\"@id\":\"https:\\\/\\\/fuentesfidedignas.com.mx\\\/#\\\/schema\\\/logo\\\/image\\\/\",\"url\":\"https:\\\/\\\/fuentesfidedignas.com.mx\\\/wp-content\\\/uploads\\\/2021\\\/04\\\/logo-retina.png\",\"contentUrl\":\"https:\\\/\\\/fuentesfidedignas.com.mx\\\/wp-content\\\/uploads\\\/2021\\\/04\\\/logo-retina.png\",\"width\":280,\"height\":51,\"caption\":\"Fuentes Fidedignas\"},\"image\":{\"@id\":\"https:\\\/\\\/fuentesfidedignas.com.mx\\\/#\\\/schema\\\/logo\\\/image\\\/\"},\"sameAs\":[\"https:\\\/\\\/www.facebook.com\\\/Fuentes-Fidedignas-368234489921644\",\"https:\\\/\\\/x.com\\\/fidedignas\"]},{\"@type\":\"Person\",\"@id\":\"https:\\\/\\\/fuentesfidedignas.com.mx\\\/#\\\/schema\\\/person\\\/67d852f0557c8509146a4b9ddebd543a\",\"name\":\"L\u00f3pez D\u00f3riga\",\"image\":{\"@type\":\"ImageObject\",\"inLanguage\":\"es\",\"@id\":\"https:\\\/\\\/secure.gravatar.com\\\/avatar\\\/e525b06574ca18b33cded59dfe5778d6c823b9513154eff47da551b0551bdd1e?s=96&d=mm&r=g\",\"url\":\"https:\\\/\\\/secure.gravatar.com\\\/avatar\\\/e525b06574ca18b33cded59dfe5778d6c823b9513154eff47da551b0551bdd1e?s=96&d=mm&r=g\",\"contentUrl\":\"https:\\\/\\\/secure.gravatar.com\\\/avatar\\\/e525b06574ca18b33cded59dfe5778d6c823b9513154eff47da551b0551bdd1e?s=96&d=mm&r=g\",\"caption\":\"L\u00f3pez D\u00f3riga\"},\"url\":\"https:\\\/\\\/fuentesfidedignas.com.mx\\\/index.php\\\/author\\\/doriga\\\/\"}]}<\/script>\n<!-- \/ Yoast SEO plugin. -->","yoast_head_json":{"title":"\u2018El Patr\u00f3n\u2019, se\u00f1alado por el atentado a G\u00f3mez Leyva, ser\u00e1 extraditado a M\u00e9xico - Fuentes Fidedignas","robots":{"index":"index","follow":"follow","max-snippet":"max-snippet:-1","max-image-preview":"max-image-preview:large","max-video-preview":"max-video-preview:-1"},"canonical":"https:\/\/fuentesfidedignas.com.mx\/index.php\/2024\/06\/27\/el-patron-senalado-por-el-atentado-a-gomez-leyva-sera-extraditado-a-mexico\/","og_locale":"es_MX","og_type":"article","og_title":"\u2018El Patr\u00f3n\u2019, se\u00f1alado por el atentado a G\u00f3mez Leyva, ser\u00e1 extraditado a M\u00e9xico - Fuentes Fidedignas","og_description":"Armando Esc\u00e1rcega, alias \u2018El Patr\u00f3n\u2019, es se\u00f1alado como el autor intelectual del atentado al periodista Ciro G\u00f3mez Leyva Armando Esc\u00e1rcega, alias&nbsp;El Patr\u00f3n&nbsp;y se\u00f1alado por el intento de asesinato del periodista&nbsp;Ciro G\u00f3mez Leyva, ser\u00e1&nbsp;extraditado&nbsp;a M\u00e9xico desde los Estados Unidos. Lo anterior fue detallado por el propio G\u00f3mez Leyva en redes sociales, tras una adiencia realizada ante [&hellip;]","og_url":"https:\/\/fuentesfidedignas.com.mx\/index.php\/2024\/06\/27\/el-patron-senalado-por-el-atentado-a-gomez-leyva-sera-extraditado-a-mexico\/","og_site_name":"Fuentes Fidedignas","article_publisher":"https:\/\/www.facebook.com\/Fuentes-Fidedignas-368234489921644","article_published_time":"2024-06-27T21:41:11+00:00","og_image":[{"width":1536,"height":1024,"url":"https:\/\/fuentesfidedignas.com.mx\/wp-content\/uploads\/2024\/06\/img_8301-1.jpg","type":"image\/jpeg"}],"author":"L\u00f3pez D\u00f3riga","twitter_card":"summary_large_image","twitter_creator":"@fidedignas","twitter_site":"@fidedignas","twitter_misc":{"Escrito por":"L\u00f3pez D\u00f3riga","Tiempo de lectura":"1 minuto"},"schema":{"@context":"https:\/\/schema.org","@graph":[{"@type":"Article","@id":"https:\/\/fuentesfidedignas.com.mx\/index.php\/2024\/06\/27\/el-patron-senalado-por-el-atentado-a-gomez-leyva-sera-extraditado-a-mexico\/#article","isPartOf":{"@id":"https:\/\/fuentesfidedignas.com.mx\/index.php\/2024\/06\/27\/el-patron-senalado-por-el-atentado-a-gomez-leyva-sera-extraditado-a-mexico\/"},"author":{"name":"L\u00f3pez D\u00f3riga","@id":"https:\/\/fuentesfidedignas.com.mx\/#\/schema\/person\/67d852f0557c8509146a4b9ddebd543a"},"headline":"\u2018El Patr\u00f3n\u2019, se\u00f1alado por el atentado a G\u00f3mez Leyva, ser\u00e1 extraditado a M\u00e9xico","datePublished":"2024-06-27T21:41:11+00:00","mainEntityOfPage":{"@id":"https:\/\/fuentesfidedignas.com.mx\/index.php\/2024\/06\/27\/el-patron-senalado-por-el-atentado-a-gomez-leyva-sera-extraditado-a-mexico\/"},"wordCount":263,"publisher":{"@id":"https:\/\/fuentesfidedignas.com.mx\/#organization"},"image":{"@id":"https:\/\/fuentesfidedignas.com.mx\/index.php\/2024\/06\/27\/el-patron-senalado-por-el-atentado-a-gomez-leyva-sera-extraditado-a-mexico\/#primaryimage"},"thumbnailUrl":"https:\/\/fuentesfidedignas.com.mx\/wp-content\/uploads\/2024\/06\/img_8301-1.jpg","articleSection":["NOTICIAS NACIONALES"],"inLanguage":"es"},{"@type":"WebPage","@id":"https:\/\/fuentesfidedignas.com.mx\/index.php\/2024\/06\/27\/el-patron-senalado-por-el-atentado-a-gomez-leyva-sera-extraditado-a-mexico\/","url":"https:\/\/fuentesfidedignas.com.mx\/index.php\/2024\/06\/27\/el-patron-senalado-por-el-atentado-a-gomez-leyva-sera-extraditado-a-mexico\/","name":"\u2018El Patr\u00f3n\u2019, se\u00f1alado por el atentado a G\u00f3mez Leyva, ser\u00e1 extraditado a M\u00e9xico - Fuentes Fidedignas","isPartOf":{"@id":"https:\/\/fuentesfidedignas.com.mx\/#website"},"primaryImageOfPage":{"@id":"https:\/\/fuentesfidedignas.com.mx\/index.php\/2024\/06\/27\/el-patron-senalado-por-el-atentado-a-gomez-leyva-sera-extraditado-a-mexico\/#primaryimage"},"image":{"@id":"https:\/\/fuentesfidedignas.com.mx\/index.php\/2024\/06\/27\/el-patron-senalado-por-el-atentado-a-gomez-leyva-sera-extraditado-a-mexico\/#primaryimage"},"thumbnailUrl":"https:\/\/fuentesfidedignas.com.mx\/wp-content\/uploads\/2024\/06\/img_8301-1.jpg","datePublished":"2024-06-27T21:41:11+00:00","breadcrumb":{"@id":"https:\/\/fuentesfidedignas.com.mx\/index.php\/2024\/06\/27\/el-patron-senalado-por-el-atentado-a-gomez-leyva-sera-extraditado-a-mexico\/#breadcrumb"},"inLanguage":"es","potentialAction":[{"@type":"ReadAction","target":["https:\/\/fuentesfidedignas.com.mx\/index.php\/2024\/06\/27\/el-patron-senalado-por-el-atentado-a-gomez-leyva-sera-extraditado-a-mexico\/"]}]},{"@type":"ImageObject","inLanguage":"es","@id":"https:\/\/fuentesfidedignas.com.mx\/index.php\/2024\/06\/27\/el-patron-senalado-por-el-atentado-a-gomez-leyva-sera-extraditado-a-mexico\/#primaryimage","url":"https:\/\/fuentesfidedignas.com.mx\/wp-content\/uploads\/2024\/06\/img_8301-1.jpg","contentUrl":"https:\/\/fuentesfidedignas.com.mx\/wp-content\/uploads\/2024\/06\/img_8301-1.jpg","width":1536,"height":1024},{"@type":"BreadcrumbList","@id":"https:\/\/fuentesfidedignas.com.mx\/index.php\/2024\/06\/27\/el-patron-senalado-por-el-atentado-a-gomez-leyva-sera-extraditado-a-mexico\/#breadcrumb","itemListElement":[{"@type":"ListItem","position":1,"name":"Inicio","item":"https:\/\/fuentesfidedignas.com.mx\/"},{"@type":"ListItem","position":2,"name":"\u2018El Patr\u00f3n\u2019, se\u00f1alado por el atentado a G\u00f3mez Leyva, ser\u00e1 extraditado a M\u00e9xico"}]},{"@type":"WebSite","@id":"https:\/\/fuentesfidedignas.com.mx\/#website","url":"https:\/\/fuentesfidedignas.com.mx\/","name":"Fuentes Fidedignas","description":"Otro sitio realizado con WordPress","publisher":{"@id":"https:\/\/fuentesfidedignas.com.mx\/#organization"},"potentialAction":[{"@type":"SearchAction","target":{"@type":"EntryPoint","urlTemplate":"https:\/\/fuentesfidedignas.com.mx\/?s={search_term_string}"},"query-input":{"@type":"PropertyValueSpecification","valueRequired":true,"valueName":"search_term_string"}}],"inLanguage":"es"},{"@type":"Organization","@id":"https:\/\/fuentesfidedignas.com.mx\/#organization","name":"Fuentes Fidedignas","url":"https:\/\/fuentesfidedignas.com.mx\/","logo":{"@type":"ImageObject","inLanguage":"es","@id":"https:\/\/fuentesfidedignas.com.mx\/#\/schema\/logo\/image\/","url":"https:\/\/fuentesfidedignas.com.mx\/wp-content\/uploads\/2021\/04\/logo-retina.png","contentUrl":"https:\/\/fuentesfidedignas.com.mx\/wp-content\/uploads\/2021\/04\/logo-retina.png","width":280,"height":51,"caption":"Fuentes Fidedignas"},"image":{"@id":"https:\/\/fuentesfidedignas.com.mx\/#\/schema\/logo\/image\/"},"sameAs":["https:\/\/www.facebook.com\/Fuentes-Fidedignas-368234489921644","https:\/\/x.com\/fidedignas"]},{"@type":"Person","@id":"https:\/\/fuentesfidedignas.com.mx\/#\/schema\/person\/67d852f0557c8509146a4b9ddebd543a","name":"L\u00f3pez D\u00f3riga","image":{"@type":"ImageObject","inLanguage":"es","@id":"https:\/\/secure.gravatar.com\/avatar\/e525b06574ca18b33cded59dfe5778d6c823b9513154eff47da551b0551bdd1e?s=96&d=mm&r=g","url":"https:\/\/secure.gravatar.com\/avatar\/e525b06574ca18b33cded59dfe5778d6c823b9513154eff47da551b0551bdd1e?s=96&d=mm&r=g","contentUrl":"https:\/\/secure.gravatar.com\/avatar\/e525b06574ca18b33cded59dfe5778d6c823b9513154eff47da551b0551bdd1e?s=96&d=mm&r=g","caption":"L\u00f3pez D\u00f3riga"},"url":"https:\/\/fuentesfidedignas.com.mx\/index.php\/author\/doriga\/"}]}},"_links":{"self":[{"href":"https:\/\/fuentesfidedignas.com.mx\/index.php\/wp-json\/wp\/v2\/posts\/85115","targetHints":{"allow":["GET"]}}],"collection":[{"href":"https:\/\/fuentesfidedignas.com.mx\/index.php\/wp-json\/wp\/v2\/posts"}],"about":[{"href":"https:\/\/fuentesfidedignas.com.mx\/index.php\/wp-json\/wp\/v2\/types\/post"}],"author":[{"embeddable":true,"href":"https:\/\/fuentesfidedignas.com.mx\/index.php\/wp-json\/wp\/v2\/users\/47"}],"replies":[{"embeddable":true,"href":"https:\/\/fuentesfidedignas.com.mx\/index.php\/wp-json\/wp\/v2\/comments?post=85115"}],"version-history":[{"count":1,"href":"https:\/\/fuentesfidedignas.com.mx\/index.php\/wp-json\/wp\/v2\/posts\/85115\/revisions"}],"predecessor-version":[{"id":85116,"href":"https:\/\/fuentesfidedignas.com.mx\/index.php\/wp-json\/wp\/v2\/posts\/85115\/revisions\/85116"}],"wp:featuredmedia":[{"embeddable":true,"href":"https:\/\/fuentesfidedignas.com.mx\/index.php\/wp-json\/wp\/v2\/media\/85114"}],"wp:attachment":[{"href":"https:\/\/fuentesfidedignas.com.mx\/index.php\/wp-json\/wp\/v2\/media?parent=85115"}],"wp:term":[{"taxonomy":"category","embeddable":true,"href":"https:\/\/fuentesfidedignas.com.mx\/index.php\/wp-json\/wp\/v2\/categories?post=85115"},{"taxonomy":"post_tag","embeddable":true,"href":"https:\/\/fuentesfidedignas.com.mx\/index.php\/wp-json\/wp\/v2\/tags?post=85115"}],"curies":[{"name":"wp","href":"https:\/\/api.w.org\/{rel}","templated":true}]}}