{"id":85107,"date":"2024-06-27T12:45:34","date_gmt":"2024-06-27T19:45:34","guid":{"rendered":"https:\/\/fuentesfidedignas.com.mx\/?p=85107"},"modified":"2024-06-27T12:46:14","modified_gmt":"2024-06-27T19:46:14","slug":"invitan-a-presenciar-la-caravana-de-autos-deportivos-con-el-bash-road-tour-2024","status":"publish","type":"post","link":"https:\/\/fuentesfidedignas.com.mx\/index.php\/2024\/06\/27\/invitan-a-presenciar-la-caravana-de-autos-deportivos-con-el-bash-road-tour-2024\/","title":{"rendered":"\u00a1Atenci\u00f3n &#8216;culichis&#8217;! Invitan a presenciar la caravana de autos deportivos con el Bash Road Tour 2024"},"content":{"rendered":"\n<p><strong><em>Ser\u00e1 el pr\u00f3ximo 9 y 10 de junio las fechas de la presentaci\u00f3n y recorrido de los autos deportivos que incluye modelos como Ferrari, Porshe, entre otros, partiendo desde el hotel Lucerna y exhibici\u00f3n el Parque Culiac\u00e1n 87.<\/em><\/strong><\/p>\n\n\n\n<p>Culiac\u00e1n, Sin.- La adrenalina y el gusto por los autos deportivos y ex\u00f3ticos se har\u00e1 presente en Culiac\u00e1n, con la caravana de Bash Road Tour 2024, recorrido m\u00e1s exclusivo de latinoamerica que contempla alrededor de mil 500 kil\u00f3metros por el pa\u00eds.<\/p>\n\n\n\n<p>En su presentaci\u00f3n, Heriberto Guerrero, jefe operativo del evento, destac\u00f3 que ser\u00e1 el pr\u00f3ximo 9 y 10 de junio las fechas de la presentaci\u00f3n y recorrido de los autos deportivos que incluye modelos como Ferrari, Porshe, entre otros, partiendo desde el hotel Lucerna y exhibici\u00f3n el Parque Culiac\u00e1n 87.<\/p>\n\n\n\n<p>Aunado a esto, Bash Road Tour 2024 en alianza con el Sistema DIF Culiac\u00e1n brindar\u00e1 una convivencia con un grupo de ni\u00f1os para crear una experiencia inolvidable en ello.<\/p>\n\n\n\n<p>Por su parte, Brianda Crystal Murillo Meza, titular de la Direcci\u00f3n de Turismo Municipal, indic\u00f3 que para la administraci\u00f3n que encabeza el alcalde Juan de Dios G\u00e1mez Mend\u00edvil la encomienda es apoyar este tipo de eventos para promocionar a la ciudad ante el resto del pa\u00eds y el mundo.<\/p>\n\n\n\n<p>\u201cEste evento es el m\u00e1s importante de Latinoam\u00e9rica, y este a\u00f1o le toca a Culiac\u00e1n por primera vez ser una de las sedes; los d\u00edas 9 y 10 de julio van a estar en Culiac\u00e1n. Invitamos a todos los amantes de estos carros lujos y de alta gama\u201d, destac\u00f3 la funcionaria municipal.<\/p>\n\n\n\n<p>Por su parte, Jes\u00fas Bill Mendoza Ontiveros, director de la Coordinaci\u00f3n de Protecci\u00f3n Civil Municipal, afirm\u00f3 que la organizaci\u00f3n contar\u00e1 con las facilidades y apoyo por parte de P.C., y la Secretar\u00eda de Seguridad P\u00fablica y Tr\u00e1nsito Municipal con la finalidad mantener en todo momento la seguridad para los pilotos y el p\u00fablico asistente<\/p>\n","protected":false},"excerpt":{"rendered":"<p>Ser\u00e1 el pr\u00f3ximo 9 y 10 de junio las fechas de la presentaci\u00f3n y recorrido de los autos deportivos que incluye modelos como Ferrari, Porshe, entre otros, partiendo desde el hotel Lucerna y exhibici\u00f3n el Parque Culiac\u00e1n 87. Culiac\u00e1n, Sin.- La adrenalina y el gusto por los autos deportivos y ex\u00f3ticos se har\u00e1 presente en [&hellip;]<\/p>\n","protected":false},"author":4,"featured_media":85108,"comment_status":"open","ping_status":"open","sticky":false,"template":"","format":"standard","meta":{"tdm_status":"","tdm_grid_status":"","footnotes":""},"categories":[1],"tags":[],"class_list":{"0":"post-85107","1":"post","2":"type-post","3":"status-publish","4":"format-standard","5":"has-post-thumbnail","7":"category-sin-categoria"},"yoast_head":"<!-- This site is optimized with the Yoast SEO plugin v27.5 - https:\/\/yoast.com\/product\/yoast-seo-wordpress\/ -->\n<title>\u00a1Atenci\u00f3n &#039;culichis&#039;! Invitan a presenciar la caravana de autos deportivos con el Bash Road Tour 2024 - Fuentes Fidedignas<\/title>\n<meta name=\"robots\" content=\"index, follow, max-snippet:-1, max-image-preview:large, max-video-preview:-1\" \/>\n<link rel=\"canonical\" href=\"https:\/\/fuentesfidedignas.com.mx\/index.php\/2024\/06\/27\/invitan-a-presenciar-la-caravana-de-autos-deportivos-con-el-bash-road-tour-2024\/\" \/>\n<meta property=\"og:locale\" content=\"es_MX\" \/>\n<meta property=\"og:type\" content=\"article\" \/>\n<meta property=\"og:title\" content=\"\u00a1Atenci\u00f3n &#039;culichis&#039;! Invitan a presenciar la caravana de autos deportivos con el Bash Road Tour 2024 - Fuentes Fidedignas\" \/>\n<meta property=\"og:description\" content=\"Ser\u00e1 el pr\u00f3ximo 9 y 10 de junio las fechas de la presentaci\u00f3n y recorrido de los autos deportivos que incluye modelos como Ferrari, Porshe, entre otros, partiendo desde el hotel Lucerna y exhibici\u00f3n el Parque Culiac\u00e1n 87. Culiac\u00e1n, Sin.- La adrenalina y el gusto por los autos deportivos y ex\u00f3ticos se har\u00e1 presente en [&hellip;]\" \/>\n<meta property=\"og:url\" content=\"https:\/\/fuentesfidedignas.com.mx\/index.php\/2024\/06\/27\/invitan-a-presenciar-la-caravana-de-autos-deportivos-con-el-bash-road-tour-2024\/\" \/>\n<meta property=\"og:site_name\" content=\"Fuentes Fidedignas\" \/>\n<meta property=\"article:publisher\" content=\"https:\/\/www.facebook.com\/Fuentes-Fidedignas-368234489921644\" \/>\n<meta property=\"article:published_time\" content=\"2024-06-27T19:45:34+00:00\" \/>\n<meta property=\"article:modified_time\" content=\"2024-06-27T19:46:14+00:00\" \/>\n<meta property=\"og:image\" content=\"https:\/\/fuentesfidedignas.com.mx\/wp-content\/uploads\/2024\/06\/Invitan-a-presenciar-la-caravana-de-autos-deportivos-con-el-Bash-Road-Tour-2024.jpg\" \/>\n\t<meta property=\"og:image:width\" content=\"650\" \/>\n\t<meta property=\"og:image:height\" content=\"433\" \/>\n\t<meta property=\"og:image:type\" content=\"image\/jpeg\" \/>\n<meta name=\"author\" content=\"Redacci\u00f3n\" \/>\n<meta name=\"twitter:card\" content=\"summary_large_image\" \/>\n<meta name=\"twitter:creator\" content=\"@fidedignas\" \/>\n<meta name=\"twitter:site\" content=\"@fidedignas\" \/>\n<meta name=\"twitter:label1\" content=\"Escrito por\" \/>\n\t<meta name=\"twitter:data1\" content=\"Redacci\u00f3n\" \/>\n\t<meta name=\"twitter:label2\" content=\"Tiempo de lectura\" \/>\n\t<meta name=\"twitter:data2\" content=\"2 minutos\" \/>\n<script type=\"application\/ld+json\" class=\"yoast-schema-graph\">{\"@context\":\"https:\\\/\\\/schema.org\",\"@graph\":[{\"@type\":\"Article\",\"@id\":\"https:\\\/\\\/fuentesfidedignas.com.mx\\\/index.php\\\/2024\\\/06\\\/27\\\/invitan-a-presenciar-la-caravana-de-autos-deportivos-con-el-bash-road-tour-2024\\\/#article\",\"isPartOf\":{\"@id\":\"https:\\\/\\\/fuentesfidedignas.com.mx\\\/index.php\\\/2024\\\/06\\\/27\\\/invitan-a-presenciar-la-caravana-de-autos-deportivos-con-el-bash-road-tour-2024\\\/\"},\"author\":{\"name\":\"Redacci\u00f3n\",\"@id\":\"https:\\\/\\\/fuentesfidedignas.com.mx\\\/#\\\/schema\\\/person\\\/331be9283d37198e2acd5750279085b0\"},\"headline\":\"\u00a1Atenci\u00f3n &#8216;culichis&#8217;! Invitan a presenciar la caravana de autos deportivos con el Bash Road Tour 2024\",\"datePublished\":\"2024-06-27T19:45:34+00:00\",\"dateModified\":\"2024-06-27T19:46:14+00:00\",\"mainEntityOfPage\":{\"@id\":\"https:\\\/\\\/fuentesfidedignas.com.mx\\\/index.php\\\/2024\\\/06\\\/27\\\/invitan-a-presenciar-la-caravana-de-autos-deportivos-con-el-bash-road-tour-2024\\\/\"},\"wordCount\":355,\"commentCount\":0,\"publisher\":{\"@id\":\"https:\\\/\\\/fuentesfidedignas.com.mx\\\/#organization\"},\"image\":{\"@id\":\"https:\\\/\\\/fuentesfidedignas.com.mx\\\/index.php\\\/2024\\\/06\\\/27\\\/invitan-a-presenciar-la-caravana-de-autos-deportivos-con-el-bash-road-tour-2024\\\/#primaryimage\"},\"thumbnailUrl\":\"https:\\\/\\\/fuentesfidedignas.com.mx\\\/wp-content\\\/uploads\\\/2024\\\/06\\\/Invitan-a-presenciar-la-caravana-de-autos-deportivos-con-el-Bash-Road-Tour-2024.jpg\",\"inLanguage\":\"es\",\"potentialAction\":[{\"@type\":\"CommentAction\",\"name\":\"Comment\",\"target\":[\"https:\\\/\\\/fuentesfidedignas.com.mx\\\/index.php\\\/2024\\\/06\\\/27\\\/invitan-a-presenciar-la-caravana-de-autos-deportivos-con-el-bash-road-tour-2024\\\/#respond\"]}]},{\"@type\":\"WebPage\",\"@id\":\"https:\\\/\\\/fuentesfidedignas.com.mx\\\/index.php\\\/2024\\\/06\\\/27\\\/invitan-a-presenciar-la-caravana-de-autos-deportivos-con-el-bash-road-tour-2024\\\/\",\"url\":\"https:\\\/\\\/fuentesfidedignas.com.mx\\\/index.php\\\/2024\\\/06\\\/27\\\/invitan-a-presenciar-la-caravana-de-autos-deportivos-con-el-bash-road-tour-2024\\\/\",\"name\":\"\u00a1Atenci\u00f3n 'culichis'! Invitan a presenciar la caravana de autos deportivos con el Bash Road Tour 2024 - Fuentes Fidedignas\",\"isPartOf\":{\"@id\":\"https:\\\/\\\/fuentesfidedignas.com.mx\\\/#website\"},\"primaryImageOfPage\":{\"@id\":\"https:\\\/\\\/fuentesfidedignas.com.mx\\\/index.php\\\/2024\\\/06\\\/27\\\/invitan-a-presenciar-la-caravana-de-autos-deportivos-con-el-bash-road-tour-2024\\\/#primaryimage\"},\"image\":{\"@id\":\"https:\\\/\\\/fuentesfidedignas.com.mx\\\/index.php\\\/2024\\\/06\\\/27\\\/invitan-a-presenciar-la-caravana-de-autos-deportivos-con-el-bash-road-tour-2024\\\/#primaryimage\"},\"thumbnailUrl\":\"https:\\\/\\\/fuentesfidedignas.com.mx\\\/wp-content\\\/uploads\\\/2024\\\/06\\\/Invitan-a-presenciar-la-caravana-de-autos-deportivos-con-el-Bash-Road-Tour-2024.jpg\",\"datePublished\":\"2024-06-27T19:45:34+00:00\",\"dateModified\":\"2024-06-27T19:46:14+00:00\",\"breadcrumb\":{\"@id\":\"https:\\\/\\\/fuentesfidedignas.com.mx\\\/index.php\\\/2024\\\/06\\\/27\\\/invitan-a-presenciar-la-caravana-de-autos-deportivos-con-el-bash-road-tour-2024\\\/#breadcrumb\"},\"inLanguage\":\"es\",\"potentialAction\":[{\"@type\":\"ReadAction\",\"target\":[\"https:\\\/\\\/fuentesfidedignas.com.mx\\\/index.php\\\/2024\\\/06\\\/27\\\/invitan-a-presenciar-la-caravana-de-autos-deportivos-con-el-bash-road-tour-2024\\\/\"]}]},{\"@type\":\"ImageObject\",\"inLanguage\":\"es\",\"@id\":\"https:\\\/\\\/fuentesfidedignas.com.mx\\\/index.php\\\/2024\\\/06\\\/27\\\/invitan-a-presenciar-la-caravana-de-autos-deportivos-con-el-bash-road-tour-2024\\\/#primaryimage\",\"url\":\"https:\\\/\\\/fuentesfidedignas.com.mx\\\/wp-content\\\/uploads\\\/2024\\\/06\\\/Invitan-a-presenciar-la-caravana-de-autos-deportivos-con-el-Bash-Road-Tour-2024.jpg\",\"contentUrl\":\"https:\\\/\\\/fuentesfidedignas.com.mx\\\/wp-content\\\/uploads\\\/2024\\\/06\\\/Invitan-a-presenciar-la-caravana-de-autos-deportivos-con-el-Bash-Road-Tour-2024.jpg\",\"width\":650,\"height\":433},{\"@type\":\"BreadcrumbList\",\"@id\":\"https:\\\/\\\/fuentesfidedignas.com.mx\\\/index.php\\\/2024\\\/06\\\/27\\\/invitan-a-presenciar-la-caravana-de-autos-deportivos-con-el-bash-road-tour-2024\\\/#breadcrumb\",\"itemListElement\":[{\"@type\":\"ListItem\",\"position\":1,\"name\":\"Inicio\",\"item\":\"https:\\\/\\\/fuentesfidedignas.com.mx\\\/\"},{\"@type\":\"ListItem\",\"position\":2,\"name\":\"\u00a1Atenci\u00f3n &#8216;culichis&#8217;! Invitan a presenciar la caravana de autos deportivos con el Bash Road Tour 2024\"}]},{\"@type\":\"WebSite\",\"@id\":\"https:\\\/\\\/fuentesfidedignas.com.mx\\\/#website\",\"url\":\"https:\\\/\\\/fuentesfidedignas.com.mx\\\/\",\"name\":\"Fuentes Fidedignas\",\"description\":\"Otro sitio realizado con WordPress\",\"publisher\":{\"@id\":\"https:\\\/\\\/fuentesfidedignas.com.mx\\\/#organization\"},\"potentialAction\":[{\"@type\":\"SearchAction\",\"target\":{\"@type\":\"EntryPoint\",\"urlTemplate\":\"https:\\\/\\\/fuentesfidedignas.com.mx\\\/?s={search_term_string}\"},\"query-input\":{\"@type\":\"PropertyValueSpecification\",\"valueRequired\":true,\"valueName\":\"search_term_string\"}}],\"inLanguage\":\"es\"},{\"@type\":\"Organization\",\"@id\":\"https:\\\/\\\/fuentesfidedignas.com.mx\\\/#organization\",\"name\":\"Fuentes Fidedignas\",\"url\":\"https:\\\/\\\/fuentesfidedignas.com.mx\\\/\",\"logo\":{\"@type\":\"ImageObject\",\"inLanguage\":\"es\",\"@id\":\"https:\\\/\\\/fuentesfidedignas.com.mx\\\/#\\\/schema\\\/logo\\\/image\\\/\",\"url\":\"https:\\\/\\\/fuentesfidedignas.com.mx\\\/wp-content\\\/uploads\\\/2021\\\/04\\\/logo-retina.png\",\"contentUrl\":\"https:\\\/\\\/fuentesfidedignas.com.mx\\\/wp-content\\\/uploads\\\/2021\\\/04\\\/logo-retina.png\",\"width\":280,\"height\":51,\"caption\":\"Fuentes Fidedignas\"},\"image\":{\"@id\":\"https:\\\/\\\/fuentesfidedignas.com.mx\\\/#\\\/schema\\\/logo\\\/image\\\/\"},\"sameAs\":[\"https:\\\/\\\/www.facebook.com\\\/Fuentes-Fidedignas-368234489921644\",\"https:\\\/\\\/x.com\\\/fidedignas\"]},{\"@type\":\"Person\",\"@id\":\"https:\\\/\\\/fuentesfidedignas.com.mx\\\/#\\\/schema\\\/person\\\/331be9283d37198e2acd5750279085b0\",\"name\":\"Redacci\u00f3n\",\"image\":{\"@type\":\"ImageObject\",\"inLanguage\":\"es\",\"@id\":\"https:\\\/\\\/secure.gravatar.com\\\/avatar\\\/f6d8782c11d12b2d4ad3fbb6931aeab5309937a4d6cd2fc9cfaa28a6396a5aec?s=96&d=mm&r=g\",\"url\":\"https:\\\/\\\/secure.gravatar.com\\\/avatar\\\/f6d8782c11d12b2d4ad3fbb6931aeab5309937a4d6cd2fc9cfaa28a6396a5aec?s=96&d=mm&r=g\",\"contentUrl\":\"https:\\\/\\\/secure.gravatar.com\\\/avatar\\\/f6d8782c11d12b2d4ad3fbb6931aeab5309937a4d6cd2fc9cfaa28a6396a5aec?s=96&d=mm&r=g\",\"caption\":\"Redacci\u00f3n\"},\"url\":\"https:\\\/\\\/fuentesfidedignas.com.mx\\\/index.php\\\/author\\\/redaccion\\\/\"}]}<\/script>\n<!-- \/ Yoast SEO plugin. -->","yoast_head_json":{"title":"\u00a1Atenci\u00f3n 'culichis'! Invitan a presenciar la caravana de autos deportivos con el Bash Road Tour 2024 - Fuentes Fidedignas","robots":{"index":"index","follow":"follow","max-snippet":"max-snippet:-1","max-image-preview":"max-image-preview:large","max-video-preview":"max-video-preview:-1"},"canonical":"https:\/\/fuentesfidedignas.com.mx\/index.php\/2024\/06\/27\/invitan-a-presenciar-la-caravana-de-autos-deportivos-con-el-bash-road-tour-2024\/","og_locale":"es_MX","og_type":"article","og_title":"\u00a1Atenci\u00f3n 'culichis'! Invitan a presenciar la caravana de autos deportivos con el Bash Road Tour 2024 - Fuentes Fidedignas","og_description":"Ser\u00e1 el pr\u00f3ximo 9 y 10 de junio las fechas de la presentaci\u00f3n y recorrido de los autos deportivos que incluye modelos como Ferrari, Porshe, entre otros, partiendo desde el hotel Lucerna y exhibici\u00f3n el Parque Culiac\u00e1n 87. Culiac\u00e1n, Sin.- La adrenalina y el gusto por los autos deportivos y ex\u00f3ticos se har\u00e1 presente en [&hellip;]","og_url":"https:\/\/fuentesfidedignas.com.mx\/index.php\/2024\/06\/27\/invitan-a-presenciar-la-caravana-de-autos-deportivos-con-el-bash-road-tour-2024\/","og_site_name":"Fuentes Fidedignas","article_publisher":"https:\/\/www.facebook.com\/Fuentes-Fidedignas-368234489921644","article_published_time":"2024-06-27T19:45:34+00:00","article_modified_time":"2024-06-27T19:46:14+00:00","og_image":[{"width":650,"height":433,"url":"https:\/\/fuentesfidedignas.com.mx\/wp-content\/uploads\/2024\/06\/Invitan-a-presenciar-la-caravana-de-autos-deportivos-con-el-Bash-Road-Tour-2024.jpg","type":"image\/jpeg"}],"author":"Redacci\u00f3n","twitter_card":"summary_large_image","twitter_creator":"@fidedignas","twitter_site":"@fidedignas","twitter_misc":{"Escrito por":"Redacci\u00f3n","Tiempo de lectura":"2 minutos"},"schema":{"@context":"https:\/\/schema.org","@graph":[{"@type":"Article","@id":"https:\/\/fuentesfidedignas.com.mx\/index.php\/2024\/06\/27\/invitan-a-presenciar-la-caravana-de-autos-deportivos-con-el-bash-road-tour-2024\/#article","isPartOf":{"@id":"https:\/\/fuentesfidedignas.com.mx\/index.php\/2024\/06\/27\/invitan-a-presenciar-la-caravana-de-autos-deportivos-con-el-bash-road-tour-2024\/"},"author":{"name":"Redacci\u00f3n","@id":"https:\/\/fuentesfidedignas.com.mx\/#\/schema\/person\/331be9283d37198e2acd5750279085b0"},"headline":"\u00a1Atenci\u00f3n &#8216;culichis&#8217;! Invitan a presenciar la caravana de autos deportivos con el Bash Road Tour 2024","datePublished":"2024-06-27T19:45:34+00:00","dateModified":"2024-06-27T19:46:14+00:00","mainEntityOfPage":{"@id":"https:\/\/fuentesfidedignas.com.mx\/index.php\/2024\/06\/27\/invitan-a-presenciar-la-caravana-de-autos-deportivos-con-el-bash-road-tour-2024\/"},"wordCount":355,"commentCount":0,"publisher":{"@id":"https:\/\/fuentesfidedignas.com.mx\/#organization"},"image":{"@id":"https:\/\/fuentesfidedignas.com.mx\/index.php\/2024\/06\/27\/invitan-a-presenciar-la-caravana-de-autos-deportivos-con-el-bash-road-tour-2024\/#primaryimage"},"thumbnailUrl":"https:\/\/fuentesfidedignas.com.mx\/wp-content\/uploads\/2024\/06\/Invitan-a-presenciar-la-caravana-de-autos-deportivos-con-el-Bash-Road-Tour-2024.jpg","inLanguage":"es","potentialAction":[{"@type":"CommentAction","name":"Comment","target":["https:\/\/fuentesfidedignas.com.mx\/index.php\/2024\/06\/27\/invitan-a-presenciar-la-caravana-de-autos-deportivos-con-el-bash-road-tour-2024\/#respond"]}]},{"@type":"WebPage","@id":"https:\/\/fuentesfidedignas.com.mx\/index.php\/2024\/06\/27\/invitan-a-presenciar-la-caravana-de-autos-deportivos-con-el-bash-road-tour-2024\/","url":"https:\/\/fuentesfidedignas.com.mx\/index.php\/2024\/06\/27\/invitan-a-presenciar-la-caravana-de-autos-deportivos-con-el-bash-road-tour-2024\/","name":"\u00a1Atenci\u00f3n 'culichis'! Invitan a presenciar la caravana de autos deportivos con el Bash Road Tour 2024 - Fuentes Fidedignas","isPartOf":{"@id":"https:\/\/fuentesfidedignas.com.mx\/#website"},"primaryImageOfPage":{"@id":"https:\/\/fuentesfidedignas.com.mx\/index.php\/2024\/06\/27\/invitan-a-presenciar-la-caravana-de-autos-deportivos-con-el-bash-road-tour-2024\/#primaryimage"},"image":{"@id":"https:\/\/fuentesfidedignas.com.mx\/index.php\/2024\/06\/27\/invitan-a-presenciar-la-caravana-de-autos-deportivos-con-el-bash-road-tour-2024\/#primaryimage"},"thumbnailUrl":"https:\/\/fuentesfidedignas.com.mx\/wp-content\/uploads\/2024\/06\/Invitan-a-presenciar-la-caravana-de-autos-deportivos-con-el-Bash-Road-Tour-2024.jpg","datePublished":"2024-06-27T19:45:34+00:00","dateModified":"2024-06-27T19:46:14+00:00","breadcrumb":{"@id":"https:\/\/fuentesfidedignas.com.mx\/index.php\/2024\/06\/27\/invitan-a-presenciar-la-caravana-de-autos-deportivos-con-el-bash-road-tour-2024\/#breadcrumb"},"inLanguage":"es","potentialAction":[{"@type":"ReadAction","target":["https:\/\/fuentesfidedignas.com.mx\/index.php\/2024\/06\/27\/invitan-a-presenciar-la-caravana-de-autos-deportivos-con-el-bash-road-tour-2024\/"]}]},{"@type":"ImageObject","inLanguage":"es","@id":"https:\/\/fuentesfidedignas.com.mx\/index.php\/2024\/06\/27\/invitan-a-presenciar-la-caravana-de-autos-deportivos-con-el-bash-road-tour-2024\/#primaryimage","url":"https:\/\/fuentesfidedignas.com.mx\/wp-content\/uploads\/2024\/06\/Invitan-a-presenciar-la-caravana-de-autos-deportivos-con-el-Bash-Road-Tour-2024.jpg","contentUrl":"https:\/\/fuentesfidedignas.com.mx\/wp-content\/uploads\/2024\/06\/Invitan-a-presenciar-la-caravana-de-autos-deportivos-con-el-Bash-Road-Tour-2024.jpg","width":650,"height":433},{"@type":"BreadcrumbList","@id":"https:\/\/fuentesfidedignas.com.mx\/index.php\/2024\/06\/27\/invitan-a-presenciar-la-caravana-de-autos-deportivos-con-el-bash-road-tour-2024\/#breadcrumb","itemListElement":[{"@type":"ListItem","position":1,"name":"Inicio","item":"https:\/\/fuentesfidedignas.com.mx\/"},{"@type":"ListItem","position":2,"name":"\u00a1Atenci\u00f3n &#8216;culichis&#8217;! Invitan a presenciar la caravana de autos deportivos con el Bash Road Tour 2024"}]},{"@type":"WebSite","@id":"https:\/\/fuentesfidedignas.com.mx\/#website","url":"https:\/\/fuentesfidedignas.com.mx\/","name":"Fuentes Fidedignas","description":"Otro sitio realizado con WordPress","publisher":{"@id":"https:\/\/fuentesfidedignas.com.mx\/#organization"},"potentialAction":[{"@type":"SearchAction","target":{"@type":"EntryPoint","urlTemplate":"https:\/\/fuentesfidedignas.com.mx\/?s={search_term_string}"},"query-input":{"@type":"PropertyValueSpecification","valueRequired":true,"valueName":"search_term_string"}}],"inLanguage":"es"},{"@type":"Organization","@id":"https:\/\/fuentesfidedignas.com.mx\/#organization","name":"Fuentes Fidedignas","url":"https:\/\/fuentesfidedignas.com.mx\/","logo":{"@type":"ImageObject","inLanguage":"es","@id":"https:\/\/fuentesfidedignas.com.mx\/#\/schema\/logo\/image\/","url":"https:\/\/fuentesfidedignas.com.mx\/wp-content\/uploads\/2021\/04\/logo-retina.png","contentUrl":"https:\/\/fuentesfidedignas.com.mx\/wp-content\/uploads\/2021\/04\/logo-retina.png","width":280,"height":51,"caption":"Fuentes Fidedignas"},"image":{"@id":"https:\/\/fuentesfidedignas.com.mx\/#\/schema\/logo\/image\/"},"sameAs":["https:\/\/www.facebook.com\/Fuentes-Fidedignas-368234489921644","https:\/\/x.com\/fidedignas"]},{"@type":"Person","@id":"https:\/\/fuentesfidedignas.com.mx\/#\/schema\/person\/331be9283d37198e2acd5750279085b0","name":"Redacci\u00f3n","image":{"@type":"ImageObject","inLanguage":"es","@id":"https:\/\/secure.gravatar.com\/avatar\/f6d8782c11d12b2d4ad3fbb6931aeab5309937a4d6cd2fc9cfaa28a6396a5aec?s=96&d=mm&r=g","url":"https:\/\/secure.gravatar.com\/avatar\/f6d8782c11d12b2d4ad3fbb6931aeab5309937a4d6cd2fc9cfaa28a6396a5aec?s=96&d=mm&r=g","contentUrl":"https:\/\/secure.gravatar.com\/avatar\/f6d8782c11d12b2d4ad3fbb6931aeab5309937a4d6cd2fc9cfaa28a6396a5aec?s=96&d=mm&r=g","caption":"Redacci\u00f3n"},"url":"https:\/\/fuentesfidedignas.com.mx\/index.php\/author\/redaccion\/"}]}},"_links":{"self":[{"href":"https:\/\/fuentesfidedignas.com.mx\/index.php\/wp-json\/wp\/v2\/posts\/85107","targetHints":{"allow":["GET"]}}],"collection":[{"href":"https:\/\/fuentesfidedignas.com.mx\/index.php\/wp-json\/wp\/v2\/posts"}],"about":[{"href":"https:\/\/fuentesfidedignas.com.mx\/index.php\/wp-json\/wp\/v2\/types\/post"}],"author":[{"embeddable":true,"href":"https:\/\/fuentesfidedignas.com.mx\/index.php\/wp-json\/wp\/v2\/users\/4"}],"replies":[{"embeddable":true,"href":"https:\/\/fuentesfidedignas.com.mx\/index.php\/wp-json\/wp\/v2\/comments?post=85107"}],"version-history":[{"count":2,"href":"https:\/\/fuentesfidedignas.com.mx\/index.php\/wp-json\/wp\/v2\/posts\/85107\/revisions"}],"predecessor-version":[{"id":85110,"href":"https:\/\/fuentesfidedignas.com.mx\/index.php\/wp-json\/wp\/v2\/posts\/85107\/revisions\/85110"}],"wp:featuredmedia":[{"embeddable":true,"href":"https:\/\/fuentesfidedignas.com.mx\/index.php\/wp-json\/wp\/v2\/media\/85108"}],"wp:attachment":[{"href":"https:\/\/fuentesfidedignas.com.mx\/index.php\/wp-json\/wp\/v2\/media?parent=85107"}],"wp:term":[{"taxonomy":"category","embeddable":true,"href":"https:\/\/fuentesfidedignas.com.mx\/index.php\/wp-json\/wp\/v2\/categories?post=85107"},{"taxonomy":"post_tag","embeddable":true,"href":"https:\/\/fuentesfidedignas.com.mx\/index.php\/wp-json\/wp\/v2\/tags?post=85107"}],"curies":[{"name":"wp","href":"https:\/\/api.w.org\/{rel}","templated":true}]}}