{"id":85073,"date":"2024-06-27T09:22:14","date_gmt":"2024-06-27T16:22:14","guid":{"rendered":"https:\/\/fuentesfidedignas.com.mx\/?p=85073"},"modified":"2024-06-27T09:22:14","modified_gmt":"2024-06-27T16:22:14","slug":"operativo-y-sobrevuelos-militares-generan-tension-en-culiacan-tras-muerte-de-el-chore","status":"publish","type":"post","link":"https:\/\/fuentesfidedignas.com.mx\/index.php\/2024\/06\/27\/operativo-y-sobrevuelos-militares-generan-tension-en-culiacan-tras-muerte-de-el-chore\/","title":{"rendered":"Operativo y sobrevuelos militares generan tensi\u00f3n en Culiac\u00e1n tras muerte de &#8216;El Chore&#8217;"},"content":{"rendered":"\n<p><strong><em>Elementos de seguridad se movilizaron durante la madrugada. Se presume que al menos dos domicilios fueron resguardados.<\/em><\/strong><\/p>\n\n\n\n<p>Culiac\u00e1n, Sin.- Despu\u00e9s del operativo militar en el que falleci\u00f3 Ra\u00fal Alberto Carrasco Lechuga, alias El Chore, presunto ex jefe de plaza para Los Chapitos en Eldorado, elementos de seguridad federal contin\u00faan con sus acciones en la zona urbana de Culiac\u00e1n, Sinaloa.<\/p>\n\n\n\n<p>Durante la madrugada de este jueves, la capital sinaloense se vio inmersa en un ambiente de tensi\u00f3n debido a una serie de operativos presuntamente militares y de la Guardia Nacional, llevados a cabo en distintos puntos de la ciudad, donde participaron unidades blindadas, conocidas como r\u00e1pidas, adem\u00e1s de helic\u00f3pteros.<\/p>\n\n\n\n<p>De manera preliminar, se dice que al menos dos domicilios fueron resguardados por elementos del Ej\u00e9rctio, uno de ellos ubicado en la colonia Miguel Hidalgo, al oriente de Culiac\u00e1n.<\/p>\n\n\n\n<p>En ese punto hab\u00eda al menos una decena de patrullas de la Guardia Nacional, veh\u00edculos militares tipo Jeep, as\u00ed como una unidad blindada, la cual imped\u00eda la circulaci\u00f3n en la vialidad.<\/p>\n\n\n\n<p>La colonia Hidalgo, una de las m\u00e1s antiguas de Culiac\u00e1n, es recordada por ser el lugar donde en 2023 N\u00e9stor Isidro P\u00e9rez Salas, conocido como El Nini\u00a0y jefe de seguridad de Los Chapitos, evit\u00f3 ser capturado por un importante despliegue militar a unos d\u00edas del Culiacanazo 2.0,\u00a0donde Ovidio Guzm\u00e1n fue detenido.<\/p>\n\n\n\n<p>La localidad tambi\u00e9n es conocida por el enfrentamiento con militares en 2016, donde murieron el Sargento Phoenix y El Kali, l\u00edder de Los \u00c1ntrax, un grupo que funcion\u00f3 durante varios a\u00f1os como brazo armado de Ismael Mayo Zambada.<\/p>\n\n\n\n<p>El inmueble asegurado se encuentra en la avenida Antonio Nakayama y Mariano Escobedo, detr\u00e1s de un sal\u00f3n de eventos conocido en el sector.<\/p>\n\n\n\n<p>El segundo despliegue militar incluy\u00f3 el sobrevuelo de un helic\u00f3ptero y result\u00f3 en el resguardo de un domicilio en el fraccionamiento Hacienda de la Mora, en el sector de Terranova, al surponiente de Culiac\u00e1n.<\/p>\n\n\n\n<p>Elementos del Ej\u00e9rcito se trasladaron a una casa en la calle Hacienda del Palmar, manteniendo una fuerte presencia en la zona.<\/p>\n\n\n\n<p>No se ha brindado mayor informaci\u00f3n sobre los operativos, ya que todo se mantiene en el hermetismo a la espera de la versi\u00f3n oficial.<\/p>\n\n\n\n<p>Ambos operativos ocurrieron minutos antes de la 01:00 horas, manteniendo a la ciudadan\u00eda en expectativa, pues durante los dispositivos se cerr\u00f3 completamente la circulaci\u00f3n peatonal y vehicular en esas \u00e1reas.<\/p>\n\n\n\n<p><strong>Gobierno de Sinaloa confirma 7 muertos tras enfrentamiento en Eldorado<\/strong><br>Despu\u00e9s de varios d\u00edas sin informaci\u00f3n oficial, el gobierno de Sinaloa confirm\u00f3 la muerte de siete personas y la detenci\u00f3n de un individuo tras un enfrentamiento ocurrido hace tres d\u00edas en la comunidad de S\u00e1nchez Celis, en Eldorado.<\/p>\n\n\n\n<p>El secretario General de Gobierno, Enrique Inzunza C\u00e1zarez, inform\u00f3 que la operaci\u00f3n fue dirigida por la Secretar\u00eda de la Defensa Nacional (Sedena).<\/p>\n\n\n\n<p>Inzunza C\u00e1zarez tambi\u00e9n se\u00f1al\u00f3 que la identidad del detenido a\u00fan es desconocida para las autoridades estatales, ya que el operativo y la informaci\u00f3n correspondiente est\u00e1n bajo jurisdicci\u00f3n federal.<\/p>\n\n\n\n<p>El enfrentamiento gener\u00f3 preocupaci\u00f3n entre los habitantes de S\u00e1nchez Celis, quienes han expresado su temor ante lo que pudiera surgir posterior a este hecho.<\/p>\n\n\n\n<p>El secretario General de Gobierno asegur\u00f3 que se est\u00e1n tomando las medidas necesarias para garantizar la seguridad y el bienestar de la comunidad.<\/p>\n\n\n\n<p>Dijo que las autoridades locales contin\u00faan colaborando con las federales para esclarecer los hechos y proporcionar m\u00e1s detalles sobre el incidente. Mientras tanto, se ha reforzado la presencia de fuerzas de seguridad en la zona para prevenir futuros actos de violencia.<\/p>\n","protected":false},"excerpt":{"rendered":"<p>Elementos de seguridad se movilizaron durante la madrugada. Se presume que al menos dos domicilios fueron resguardados. Culiac\u00e1n, Sin.- Despu\u00e9s del operativo militar en el que falleci\u00f3 Ra\u00fal Alberto Carrasco Lechuga, alias El Chore, presunto ex jefe de plaza para Los Chapitos en Eldorado, elementos de seguridad federal contin\u00faan con sus acciones en la zona [&hellip;]<\/p>\n","protected":false},"author":9,"featured_media":85074,"comment_status":"open","ping_status":"open","sticky":false,"template":"","format":"standard","meta":{"tdm_status":"","tdm_grid_status":"","footnotes":""},"categories":[37],"tags":[],"class_list":{"0":"post-85073","1":"post","2":"type-post","3":"status-publish","4":"format-standard","5":"has-post-thumbnail","7":"category-nota-principal"},"yoast_head":"<!-- This site is optimized with the Yoast SEO plugin v27.5 - https:\/\/yoast.com\/product\/yoast-seo-wordpress\/ -->\n<title>Operativo y sobrevuelos militares generan tensi\u00f3n en Culiac\u00e1n tras muerte de &#039;El Chore&#039; - Fuentes Fidedignas<\/title>\n<meta name=\"robots\" content=\"index, follow, max-snippet:-1, max-image-preview:large, max-video-preview:-1\" \/>\n<link rel=\"canonical\" href=\"https:\/\/fuentesfidedignas.com.mx\/index.php\/2024\/06\/27\/operativo-y-sobrevuelos-militares-generan-tension-en-culiacan-tras-muerte-de-el-chore\/\" \/>\n<meta property=\"og:locale\" content=\"es_MX\" \/>\n<meta property=\"og:type\" content=\"article\" \/>\n<meta property=\"og:title\" content=\"Operativo y sobrevuelos militares generan tensi\u00f3n en Culiac\u00e1n tras muerte de &#039;El Chore&#039; - Fuentes Fidedignas\" \/>\n<meta property=\"og:description\" content=\"Elementos de seguridad se movilizaron durante la madrugada. Se presume que al menos dos domicilios fueron resguardados. Culiac\u00e1n, Sin.- Despu\u00e9s del operativo militar en el que falleci\u00f3 Ra\u00fal Alberto Carrasco Lechuga, alias El Chore, presunto ex jefe de plaza para Los Chapitos en Eldorado, elementos de seguridad federal contin\u00faan con sus acciones en la zona [&hellip;]\" \/>\n<meta property=\"og:url\" content=\"https:\/\/fuentesfidedignas.com.mx\/index.php\/2024\/06\/27\/operativo-y-sobrevuelos-militares-generan-tension-en-culiacan-tras-muerte-de-el-chore\/\" \/>\n<meta property=\"og:site_name\" content=\"Fuentes Fidedignas\" \/>\n<meta property=\"article:publisher\" content=\"https:\/\/www.facebook.com\/Fuentes-Fidedignas-368234489921644\" \/>\n<meta property=\"article:published_time\" content=\"2024-06-27T16:22:14+00:00\" \/>\n<meta property=\"og:image\" content=\"https:\/\/fuentesfidedignas.com.mx\/wp-content\/uploads\/2024\/06\/Sobrevuelo-de-helicoptero-en-Culiacan.-2.jpg\" \/>\n\t<meta property=\"og:image:width\" content=\"966\" \/>\n\t<meta property=\"og:image:height\" content=\"544\" \/>\n\t<meta property=\"og:image:type\" content=\"image\/jpeg\" \/>\n<meta name=\"author\" content=\"Milenio\" \/>\n<meta name=\"twitter:card\" content=\"summary_large_image\" \/>\n<meta name=\"twitter:creator\" content=\"@fidedignas\" \/>\n<meta name=\"twitter:site\" content=\"@fidedignas\" \/>\n<meta name=\"twitter:label1\" content=\"Escrito por\" \/>\n\t<meta name=\"twitter:data1\" content=\"Milenio\" \/>\n\t<meta name=\"twitter:label2\" content=\"Tiempo de lectura\" \/>\n\t<meta name=\"twitter:data2\" content=\"3 minutos\" \/>\n<script type=\"application\/ld+json\" class=\"yoast-schema-graph\">{\"@context\":\"https:\\\/\\\/schema.org\",\"@graph\":[{\"@type\":\"Article\",\"@id\":\"https:\\\/\\\/fuentesfidedignas.com.mx\\\/index.php\\\/2024\\\/06\\\/27\\\/operativo-y-sobrevuelos-militares-generan-tension-en-culiacan-tras-muerte-de-el-chore\\\/#article\",\"isPartOf\":{\"@id\":\"https:\\\/\\\/fuentesfidedignas.com.mx\\\/index.php\\\/2024\\\/06\\\/27\\\/operativo-y-sobrevuelos-militares-generan-tension-en-culiacan-tras-muerte-de-el-chore\\\/\"},\"author\":{\"name\":\"Milenio\",\"@id\":\"https:\\\/\\\/fuentesfidedignas.com.mx\\\/#\\\/schema\\\/person\\\/47ec0135738f4b0c7495f06a77a2c976\"},\"headline\":\"Operativo y sobrevuelos militares generan tensi\u00f3n en Culiac\u00e1n tras muerte de &#8216;El Chore&#8217;\",\"datePublished\":\"2024-06-27T16:22:14+00:00\",\"mainEntityOfPage\":{\"@id\":\"https:\\\/\\\/fuentesfidedignas.com.mx\\\/index.php\\\/2024\\\/06\\\/27\\\/operativo-y-sobrevuelos-militares-generan-tension-en-culiacan-tras-muerte-de-el-chore\\\/\"},\"wordCount\":642,\"commentCount\":0,\"publisher\":{\"@id\":\"https:\\\/\\\/fuentesfidedignas.com.mx\\\/#organization\"},\"image\":{\"@id\":\"https:\\\/\\\/fuentesfidedignas.com.mx\\\/index.php\\\/2024\\\/06\\\/27\\\/operativo-y-sobrevuelos-militares-generan-tension-en-culiacan-tras-muerte-de-el-chore\\\/#primaryimage\"},\"thumbnailUrl\":\"https:\\\/\\\/fuentesfidedignas.com.mx\\\/wp-content\\\/uploads\\\/2024\\\/06\\\/Sobrevuelo-de-helicoptero-en-Culiacan.-2.jpg\",\"articleSection\":[\"NOTA PRINCIPAL\"],\"inLanguage\":\"es\",\"potentialAction\":[{\"@type\":\"CommentAction\",\"name\":\"Comment\",\"target\":[\"https:\\\/\\\/fuentesfidedignas.com.mx\\\/index.php\\\/2024\\\/06\\\/27\\\/operativo-y-sobrevuelos-militares-generan-tension-en-culiacan-tras-muerte-de-el-chore\\\/#respond\"]}]},{\"@type\":\"WebPage\",\"@id\":\"https:\\\/\\\/fuentesfidedignas.com.mx\\\/index.php\\\/2024\\\/06\\\/27\\\/operativo-y-sobrevuelos-militares-generan-tension-en-culiacan-tras-muerte-de-el-chore\\\/\",\"url\":\"https:\\\/\\\/fuentesfidedignas.com.mx\\\/index.php\\\/2024\\\/06\\\/27\\\/operativo-y-sobrevuelos-militares-generan-tension-en-culiacan-tras-muerte-de-el-chore\\\/\",\"name\":\"Operativo y sobrevuelos militares generan tensi\u00f3n en Culiac\u00e1n tras muerte de 'El Chore' - Fuentes Fidedignas\",\"isPartOf\":{\"@id\":\"https:\\\/\\\/fuentesfidedignas.com.mx\\\/#website\"},\"primaryImageOfPage\":{\"@id\":\"https:\\\/\\\/fuentesfidedignas.com.mx\\\/index.php\\\/2024\\\/06\\\/27\\\/operativo-y-sobrevuelos-militares-generan-tension-en-culiacan-tras-muerte-de-el-chore\\\/#primaryimage\"},\"image\":{\"@id\":\"https:\\\/\\\/fuentesfidedignas.com.mx\\\/index.php\\\/2024\\\/06\\\/27\\\/operativo-y-sobrevuelos-militares-generan-tension-en-culiacan-tras-muerte-de-el-chore\\\/#primaryimage\"},\"thumbnailUrl\":\"https:\\\/\\\/fuentesfidedignas.com.mx\\\/wp-content\\\/uploads\\\/2024\\\/06\\\/Sobrevuelo-de-helicoptero-en-Culiacan.-2.jpg\",\"datePublished\":\"2024-06-27T16:22:14+00:00\",\"breadcrumb\":{\"@id\":\"https:\\\/\\\/fuentesfidedignas.com.mx\\\/index.php\\\/2024\\\/06\\\/27\\\/operativo-y-sobrevuelos-militares-generan-tension-en-culiacan-tras-muerte-de-el-chore\\\/#breadcrumb\"},\"inLanguage\":\"es\",\"potentialAction\":[{\"@type\":\"ReadAction\",\"target\":[\"https:\\\/\\\/fuentesfidedignas.com.mx\\\/index.php\\\/2024\\\/06\\\/27\\\/operativo-y-sobrevuelos-militares-generan-tension-en-culiacan-tras-muerte-de-el-chore\\\/\"]}]},{\"@type\":\"ImageObject\",\"inLanguage\":\"es\",\"@id\":\"https:\\\/\\\/fuentesfidedignas.com.mx\\\/index.php\\\/2024\\\/06\\\/27\\\/operativo-y-sobrevuelos-militares-generan-tension-en-culiacan-tras-muerte-de-el-chore\\\/#primaryimage\",\"url\":\"https:\\\/\\\/fuentesfidedignas.com.mx\\\/wp-content\\\/uploads\\\/2024\\\/06\\\/Sobrevuelo-de-helicoptero-en-Culiacan.-2.jpg\",\"contentUrl\":\"https:\\\/\\\/fuentesfidedignas.com.mx\\\/wp-content\\\/uploads\\\/2024\\\/06\\\/Sobrevuelo-de-helicoptero-en-Culiacan.-2.jpg\",\"width\":966,\"height\":544},{\"@type\":\"BreadcrumbList\",\"@id\":\"https:\\\/\\\/fuentesfidedignas.com.mx\\\/index.php\\\/2024\\\/06\\\/27\\\/operativo-y-sobrevuelos-militares-generan-tension-en-culiacan-tras-muerte-de-el-chore\\\/#breadcrumb\",\"itemListElement\":[{\"@type\":\"ListItem\",\"position\":1,\"name\":\"Inicio\",\"item\":\"https:\\\/\\\/fuentesfidedignas.com.mx\\\/\"},{\"@type\":\"ListItem\",\"position\":2,\"name\":\"Operativo y sobrevuelos militares generan tensi\u00f3n en Culiac\u00e1n tras muerte de &#8216;El Chore&#8217;\"}]},{\"@type\":\"WebSite\",\"@id\":\"https:\\\/\\\/fuentesfidedignas.com.mx\\\/#website\",\"url\":\"https:\\\/\\\/fuentesfidedignas.com.mx\\\/\",\"name\":\"Fuentes Fidedignas\",\"description\":\"Otro sitio realizado con WordPress\",\"publisher\":{\"@id\":\"https:\\\/\\\/fuentesfidedignas.com.mx\\\/#organization\"},\"potentialAction\":[{\"@type\":\"SearchAction\",\"target\":{\"@type\":\"EntryPoint\",\"urlTemplate\":\"https:\\\/\\\/fuentesfidedignas.com.mx\\\/?s={search_term_string}\"},\"query-input\":{\"@type\":\"PropertyValueSpecification\",\"valueRequired\":true,\"valueName\":\"search_term_string\"}}],\"inLanguage\":\"es\"},{\"@type\":\"Organization\",\"@id\":\"https:\\\/\\\/fuentesfidedignas.com.mx\\\/#organization\",\"name\":\"Fuentes Fidedignas\",\"url\":\"https:\\\/\\\/fuentesfidedignas.com.mx\\\/\",\"logo\":{\"@type\":\"ImageObject\",\"inLanguage\":\"es\",\"@id\":\"https:\\\/\\\/fuentesfidedignas.com.mx\\\/#\\\/schema\\\/logo\\\/image\\\/\",\"url\":\"https:\\\/\\\/fuentesfidedignas.com.mx\\\/wp-content\\\/uploads\\\/2021\\\/04\\\/logo-retina.png\",\"contentUrl\":\"https:\\\/\\\/fuentesfidedignas.com.mx\\\/wp-content\\\/uploads\\\/2021\\\/04\\\/logo-retina.png\",\"width\":280,\"height\":51,\"caption\":\"Fuentes Fidedignas\"},\"image\":{\"@id\":\"https:\\\/\\\/fuentesfidedignas.com.mx\\\/#\\\/schema\\\/logo\\\/image\\\/\"},\"sameAs\":[\"https:\\\/\\\/www.facebook.com\\\/Fuentes-Fidedignas-368234489921644\",\"https:\\\/\\\/x.com\\\/fidedignas\"]},{\"@type\":\"Person\",\"@id\":\"https:\\\/\\\/fuentesfidedignas.com.mx\\\/#\\\/schema\\\/person\\\/47ec0135738f4b0c7495f06a77a2c976\",\"name\":\"Milenio\",\"image\":{\"@type\":\"ImageObject\",\"inLanguage\":\"es\",\"@id\":\"https:\\\/\\\/secure.gravatar.com\\\/avatar\\\/acabf7b54753e51c2c76457954577c236b3b764789b19879565769739d1e4a75?s=96&d=mm&r=g\",\"url\":\"https:\\\/\\\/secure.gravatar.com\\\/avatar\\\/acabf7b54753e51c2c76457954577c236b3b764789b19879565769739d1e4a75?s=96&d=mm&r=g\",\"contentUrl\":\"https:\\\/\\\/secure.gravatar.com\\\/avatar\\\/acabf7b54753e51c2c76457954577c236b3b764789b19879565769739d1e4a75?s=96&d=mm&r=g\",\"caption\":\"Milenio\"},\"url\":\"https:\\\/\\\/fuentesfidedignas.com.mx\\\/index.php\\\/author\\\/milenio\\\/\"}]}<\/script>\n<!-- \/ Yoast SEO plugin. -->","yoast_head_json":{"title":"Operativo y sobrevuelos militares generan tensi\u00f3n en Culiac\u00e1n tras muerte de 'El Chore' - Fuentes Fidedignas","robots":{"index":"index","follow":"follow","max-snippet":"max-snippet:-1","max-image-preview":"max-image-preview:large","max-video-preview":"max-video-preview:-1"},"canonical":"https:\/\/fuentesfidedignas.com.mx\/index.php\/2024\/06\/27\/operativo-y-sobrevuelos-militares-generan-tension-en-culiacan-tras-muerte-de-el-chore\/","og_locale":"es_MX","og_type":"article","og_title":"Operativo y sobrevuelos militares generan tensi\u00f3n en Culiac\u00e1n tras muerte de 'El Chore' - Fuentes Fidedignas","og_description":"Elementos de seguridad se movilizaron durante la madrugada. Se presume que al menos dos domicilios fueron resguardados. Culiac\u00e1n, Sin.- Despu\u00e9s del operativo militar en el que falleci\u00f3 Ra\u00fal Alberto Carrasco Lechuga, alias El Chore, presunto ex jefe de plaza para Los Chapitos en Eldorado, elementos de seguridad federal contin\u00faan con sus acciones en la zona [&hellip;]","og_url":"https:\/\/fuentesfidedignas.com.mx\/index.php\/2024\/06\/27\/operativo-y-sobrevuelos-militares-generan-tension-en-culiacan-tras-muerte-de-el-chore\/","og_site_name":"Fuentes Fidedignas","article_publisher":"https:\/\/www.facebook.com\/Fuentes-Fidedignas-368234489921644","article_published_time":"2024-06-27T16:22:14+00:00","og_image":[{"width":966,"height":544,"url":"https:\/\/fuentesfidedignas.com.mx\/wp-content\/uploads\/2024\/06\/Sobrevuelo-de-helicoptero-en-Culiacan.-2.jpg","type":"image\/jpeg"}],"author":"Milenio","twitter_card":"summary_large_image","twitter_creator":"@fidedignas","twitter_site":"@fidedignas","twitter_misc":{"Escrito por":"Milenio","Tiempo de lectura":"3 minutos"},"schema":{"@context":"https:\/\/schema.org","@graph":[{"@type":"Article","@id":"https:\/\/fuentesfidedignas.com.mx\/index.php\/2024\/06\/27\/operativo-y-sobrevuelos-militares-generan-tension-en-culiacan-tras-muerte-de-el-chore\/#article","isPartOf":{"@id":"https:\/\/fuentesfidedignas.com.mx\/index.php\/2024\/06\/27\/operativo-y-sobrevuelos-militares-generan-tension-en-culiacan-tras-muerte-de-el-chore\/"},"author":{"name":"Milenio","@id":"https:\/\/fuentesfidedignas.com.mx\/#\/schema\/person\/47ec0135738f4b0c7495f06a77a2c976"},"headline":"Operativo y sobrevuelos militares generan tensi\u00f3n en Culiac\u00e1n tras muerte de &#8216;El Chore&#8217;","datePublished":"2024-06-27T16:22:14+00:00","mainEntityOfPage":{"@id":"https:\/\/fuentesfidedignas.com.mx\/index.php\/2024\/06\/27\/operativo-y-sobrevuelos-militares-generan-tension-en-culiacan-tras-muerte-de-el-chore\/"},"wordCount":642,"commentCount":0,"publisher":{"@id":"https:\/\/fuentesfidedignas.com.mx\/#organization"},"image":{"@id":"https:\/\/fuentesfidedignas.com.mx\/index.php\/2024\/06\/27\/operativo-y-sobrevuelos-militares-generan-tension-en-culiacan-tras-muerte-de-el-chore\/#primaryimage"},"thumbnailUrl":"https:\/\/fuentesfidedignas.com.mx\/wp-content\/uploads\/2024\/06\/Sobrevuelo-de-helicoptero-en-Culiacan.-2.jpg","articleSection":["NOTA PRINCIPAL"],"inLanguage":"es","potentialAction":[{"@type":"CommentAction","name":"Comment","target":["https:\/\/fuentesfidedignas.com.mx\/index.php\/2024\/06\/27\/operativo-y-sobrevuelos-militares-generan-tension-en-culiacan-tras-muerte-de-el-chore\/#respond"]}]},{"@type":"WebPage","@id":"https:\/\/fuentesfidedignas.com.mx\/index.php\/2024\/06\/27\/operativo-y-sobrevuelos-militares-generan-tension-en-culiacan-tras-muerte-de-el-chore\/","url":"https:\/\/fuentesfidedignas.com.mx\/index.php\/2024\/06\/27\/operativo-y-sobrevuelos-militares-generan-tension-en-culiacan-tras-muerte-de-el-chore\/","name":"Operativo y sobrevuelos militares generan tensi\u00f3n en Culiac\u00e1n tras muerte de 'El Chore' - Fuentes Fidedignas","isPartOf":{"@id":"https:\/\/fuentesfidedignas.com.mx\/#website"},"primaryImageOfPage":{"@id":"https:\/\/fuentesfidedignas.com.mx\/index.php\/2024\/06\/27\/operativo-y-sobrevuelos-militares-generan-tension-en-culiacan-tras-muerte-de-el-chore\/#primaryimage"},"image":{"@id":"https:\/\/fuentesfidedignas.com.mx\/index.php\/2024\/06\/27\/operativo-y-sobrevuelos-militares-generan-tension-en-culiacan-tras-muerte-de-el-chore\/#primaryimage"},"thumbnailUrl":"https:\/\/fuentesfidedignas.com.mx\/wp-content\/uploads\/2024\/06\/Sobrevuelo-de-helicoptero-en-Culiacan.-2.jpg","datePublished":"2024-06-27T16:22:14+00:00","breadcrumb":{"@id":"https:\/\/fuentesfidedignas.com.mx\/index.php\/2024\/06\/27\/operativo-y-sobrevuelos-militares-generan-tension-en-culiacan-tras-muerte-de-el-chore\/#breadcrumb"},"inLanguage":"es","potentialAction":[{"@type":"ReadAction","target":["https:\/\/fuentesfidedignas.com.mx\/index.php\/2024\/06\/27\/operativo-y-sobrevuelos-militares-generan-tension-en-culiacan-tras-muerte-de-el-chore\/"]}]},{"@type":"ImageObject","inLanguage":"es","@id":"https:\/\/fuentesfidedignas.com.mx\/index.php\/2024\/06\/27\/operativo-y-sobrevuelos-militares-generan-tension-en-culiacan-tras-muerte-de-el-chore\/#primaryimage","url":"https:\/\/fuentesfidedignas.com.mx\/wp-content\/uploads\/2024\/06\/Sobrevuelo-de-helicoptero-en-Culiacan.-2.jpg","contentUrl":"https:\/\/fuentesfidedignas.com.mx\/wp-content\/uploads\/2024\/06\/Sobrevuelo-de-helicoptero-en-Culiacan.-2.jpg","width":966,"height":544},{"@type":"BreadcrumbList","@id":"https:\/\/fuentesfidedignas.com.mx\/index.php\/2024\/06\/27\/operativo-y-sobrevuelos-militares-generan-tension-en-culiacan-tras-muerte-de-el-chore\/#breadcrumb","itemListElement":[{"@type":"ListItem","position":1,"name":"Inicio","item":"https:\/\/fuentesfidedignas.com.mx\/"},{"@type":"ListItem","position":2,"name":"Operativo y sobrevuelos militares generan tensi\u00f3n en Culiac\u00e1n tras muerte de &#8216;El Chore&#8217;"}]},{"@type":"WebSite","@id":"https:\/\/fuentesfidedignas.com.mx\/#website","url":"https:\/\/fuentesfidedignas.com.mx\/","name":"Fuentes Fidedignas","description":"Otro sitio realizado con WordPress","publisher":{"@id":"https:\/\/fuentesfidedignas.com.mx\/#organization"},"potentialAction":[{"@type":"SearchAction","target":{"@type":"EntryPoint","urlTemplate":"https:\/\/fuentesfidedignas.com.mx\/?s={search_term_string}"},"query-input":{"@type":"PropertyValueSpecification","valueRequired":true,"valueName":"search_term_string"}}],"inLanguage":"es"},{"@type":"Organization","@id":"https:\/\/fuentesfidedignas.com.mx\/#organization","name":"Fuentes Fidedignas","url":"https:\/\/fuentesfidedignas.com.mx\/","logo":{"@type":"ImageObject","inLanguage":"es","@id":"https:\/\/fuentesfidedignas.com.mx\/#\/schema\/logo\/image\/","url":"https:\/\/fuentesfidedignas.com.mx\/wp-content\/uploads\/2021\/04\/logo-retina.png","contentUrl":"https:\/\/fuentesfidedignas.com.mx\/wp-content\/uploads\/2021\/04\/logo-retina.png","width":280,"height":51,"caption":"Fuentes Fidedignas"},"image":{"@id":"https:\/\/fuentesfidedignas.com.mx\/#\/schema\/logo\/image\/"},"sameAs":["https:\/\/www.facebook.com\/Fuentes-Fidedignas-368234489921644","https:\/\/x.com\/fidedignas"]},{"@type":"Person","@id":"https:\/\/fuentesfidedignas.com.mx\/#\/schema\/person\/47ec0135738f4b0c7495f06a77a2c976","name":"Milenio","image":{"@type":"ImageObject","inLanguage":"es","@id":"https:\/\/secure.gravatar.com\/avatar\/acabf7b54753e51c2c76457954577c236b3b764789b19879565769739d1e4a75?s=96&d=mm&r=g","url":"https:\/\/secure.gravatar.com\/avatar\/acabf7b54753e51c2c76457954577c236b3b764789b19879565769739d1e4a75?s=96&d=mm&r=g","contentUrl":"https:\/\/secure.gravatar.com\/avatar\/acabf7b54753e51c2c76457954577c236b3b764789b19879565769739d1e4a75?s=96&d=mm&r=g","caption":"Milenio"},"url":"https:\/\/fuentesfidedignas.com.mx\/index.php\/author\/milenio\/"}]}},"_links":{"self":[{"href":"https:\/\/fuentesfidedignas.com.mx\/index.php\/wp-json\/wp\/v2\/posts\/85073","targetHints":{"allow":["GET"]}}],"collection":[{"href":"https:\/\/fuentesfidedignas.com.mx\/index.php\/wp-json\/wp\/v2\/posts"}],"about":[{"href":"https:\/\/fuentesfidedignas.com.mx\/index.php\/wp-json\/wp\/v2\/types\/post"}],"author":[{"embeddable":true,"href":"https:\/\/fuentesfidedignas.com.mx\/index.php\/wp-json\/wp\/v2\/users\/9"}],"replies":[{"embeddable":true,"href":"https:\/\/fuentesfidedignas.com.mx\/index.php\/wp-json\/wp\/v2\/comments?post=85073"}],"version-history":[{"count":1,"href":"https:\/\/fuentesfidedignas.com.mx\/index.php\/wp-json\/wp\/v2\/posts\/85073\/revisions"}],"predecessor-version":[{"id":85075,"href":"https:\/\/fuentesfidedignas.com.mx\/index.php\/wp-json\/wp\/v2\/posts\/85073\/revisions\/85075"}],"wp:featuredmedia":[{"embeddable":true,"href":"https:\/\/fuentesfidedignas.com.mx\/index.php\/wp-json\/wp\/v2\/media\/85074"}],"wp:attachment":[{"href":"https:\/\/fuentesfidedignas.com.mx\/index.php\/wp-json\/wp\/v2\/media?parent=85073"}],"wp:term":[{"taxonomy":"category","embeddable":true,"href":"https:\/\/fuentesfidedignas.com.mx\/index.php\/wp-json\/wp\/v2\/categories?post=85073"},{"taxonomy":"post_tag","embeddable":true,"href":"https:\/\/fuentesfidedignas.com.mx\/index.php\/wp-json\/wp\/v2\/tags?post=85073"}],"curies":[{"name":"wp","href":"https:\/\/api.w.org\/{rel}","templated":true}]}}