{"id":85042,"date":"2024-06-27T06:40:13","date_gmt":"2024-06-27T13:40:13","guid":{"rendered":"https:\/\/fuentesfidedignas.com.mx\/?p=85042"},"modified":"2024-06-27T11:32:36","modified_gmt":"2024-06-27T18:32:36","slug":"decomisan-y-aseguran-mas-de-200-armas-largas-en-veracruz-eran-para-el-cartel-de-sinaloa","status":"publish","type":"post","link":"https:\/\/fuentesfidedignas.com.mx\/index.php\/2024\/06\/27\/decomisan-y-aseguran-mas-de-200-armas-largas-en-veracruz-eran-para-el-cartel-de-sinaloa\/","title":{"rendered":"Decomisan y aseguran m\u00e1s de 200 armas largas en Veracruz; eran para el C\u00e1rtel de Sinaloa"},"content":{"rendered":"\n<p><strong><em>En un domicilio del municipio de Boca del R\u00edo se hallaron 861 cargadores, 14 mil 979 cartuchos \u00fatiles, as\u00ed como aproximadamente 79.698 kilogramos de cristal<\/em><\/strong><\/p>\n\n\n\n<p>La Secretar\u00eda de Marina (Semar) inform\u00f3 que hizo un importante decomiso de armamento b\u00e9lico en el estado de Veracruz, mismo que ser\u00eda del C\u00e1rtel de Sinaloa.<\/p>\n\n\n\n<p>La dependencia federal inform\u00f3 que el aseguramiento incluye aproximadamente 279 armas de fuego, 861 cargadores, 14.979 cartuchos \u00fatiles y cerca de 79,698 kilogramos de lo que aparentemente es cristal en un inmueble del fraccionamiento Costa de Oro.<\/p>\n\n\n\n<p>En un comunicado del 25 de junio, la Secretar\u00eda de Seguridad P\u00fablica (SSP) de Veracruz inform\u00f3 que una llamada an\u00f3nima alert\u00f3 a las autoridades sobre la presencia del arsenal compuesto por m\u00e1s de 200 armas de grueso calibre, por lo que se dispuso en marcha un operativo donde participaron elementos la Semar, la Fiscal\u00eda General de la Rep\u00fablica (FGR) y la Polic\u00eda Municipal de Boca del R\u00edo.<\/p>\n\n\n\n<p>La Marina precis\u00f3 que la FGR obtuvo una orden de cateo para inspeccionar el domicilio, al cual acudi\u00f3 la Polic\u00eda Naval para brindar seguridad perimetral y apoyar en la ejecuci\u00f3n de la inspecci\u00f3n en un edificio.<\/p>\n\n\n\n<figure class=\"wp-block-image size-full\"><img decoding=\"async\" width=\"992\" height=\"558\" src=\"https:\/\/fuentesfidedignas.com.mx\/wp-content\/uploads\/2024\/06\/image-4-5.jpg\" alt=\"\" class=\"wp-image-85043\" srcset=\"https:\/\/fuentesfidedignas.com.mx\/wp-content\/uploads\/2024\/06\/image-4-5.jpg 992w, https:\/\/fuentesfidedignas.com.mx\/wp-content\/uploads\/2024\/06\/image-4-5-300x169.jpg 300w, https:\/\/fuentesfidedignas.com.mx\/wp-content\/uploads\/2024\/06\/image-4-5-768x432.jpg 768w, https:\/\/fuentesfidedignas.com.mx\/wp-content\/uploads\/2024\/06\/image-4-5-747x420.jpg 747w, https:\/\/fuentesfidedignas.com.mx\/wp-content\/uploads\/2024\/06\/image-4-5-600x338.jpg 600w, https:\/\/fuentesfidedignas.com.mx\/wp-content\/uploads\/2024\/06\/image-4-5-696x392.jpg 696w\" sizes=\"(max-width: 992px) 100vw, 992px\" \/><figcaption class=\"wp-element-caption\">Foto: Semar<\/figcaption><\/figure>\n\n\n\n<p>De acuerdo con los reportes, uno de los trabajadores de mantenimiento habr\u00eda dicho a las autoridades que hab\u00eda un departamento con la puerta forzada y que en su interior hab\u00eda armas y drogas.<\/p>\n\n\n\n<p>\u201cHablamos de dos centenares de armas largas, probablemente la confiscaci\u00f3n m\u00e1s importante de armamento de la delincuencia organizada de Veracruz\u201d, dijo el gobernador Cuitl\u00e1huac Garc\u00eda en conferencia de prensa.<\/p>\n\n\n\n<p>Las autoridades navales mostraron una serie de fotograf\u00edas donde se observan las pistolas largas que estaban guardadas un mueble dentro del departamento.<\/p>\n\n\n\n<figure class=\"wp-block-image size-large\"><img decoding=\"async\" width=\"768\" height=\"1024\" src=\"https:\/\/fuentesfidedignas.com.mx\/wp-content\/uploads\/2024\/06\/image-4-6-768x1024.jpg\" alt=\"\" class=\"wp-image-85044\" srcset=\"https:\/\/fuentesfidedignas.com.mx\/wp-content\/uploads\/2024\/06\/image-4-6-768x1024.jpg 768w, https:\/\/fuentesfidedignas.com.mx\/wp-content\/uploads\/2024\/06\/image-4-6-225x300.jpg 225w, https:\/\/fuentesfidedignas.com.mx\/wp-content\/uploads\/2024\/06\/image-4-6-315x420.jpg 315w, https:\/\/fuentesfidedignas.com.mx\/wp-content\/uploads\/2024\/06\/image-4-6-630x840.jpg 630w, https:\/\/fuentesfidedignas.com.mx\/wp-content\/uploads\/2024\/06\/image-4-6-300x400.jpg 300w, https:\/\/fuentesfidedignas.com.mx\/wp-content\/uploads\/2024\/06\/image-4-6-600x800.jpg 600w, https:\/\/fuentesfidedignas.com.mx\/wp-content\/uploads\/2024\/06\/image-4-6-696x928.jpg 696w, https:\/\/fuentesfidedignas.com.mx\/wp-content\/uploads\/2024\/06\/image-4-6.jpg 992w\" sizes=\"(max-width: 768px) 100vw, 768px\" \/><figcaption class=\"wp-element-caption\">El cateo se hizo en un domicilio del municipio de Boca del R\u00edo. Foto: Semar<\/figcaption><\/figure>\n\n\n\n<p>En otras fotos, la Semar mostr\u00f3 el cargamento ya empaquetado y al lado de un avi\u00f3n de la Marina.<\/p>\n\n\n\n<p>La instituci\u00f3n mar\u00edtima se\u00f1al\u00f3 que en conjunto con las autoridades competentes, contin\u00faa con la implementaci\u00f3n de los procedimientos correspondientes para el resguardo del lugar<\/p>\n\n\n\n<p>El arsenal y la droga encontrados fueron puestos a disposici\u00f3n de la FGR para la apertura de la correspondiente carpeta de investigaci\u00f3n.<\/p>\n\n\n\n<p>El domicilio donde se realiz\u00f3 el aseguramiento se encuentra bajo la guarda y custodia de la Semar, a petici\u00f3n de la autoridad correspondiente, mientras se realizan las pruebas periciales, el pesaje y dem\u00e1s diligencias requeridas. Esta medida busca asegurar la integridad del inmueble y de las evidencias encontradas durante la inspecci\u00f3n.<\/p>\n\n\n\n<figure class=\"wp-block-image size-full\"><img decoding=\"async\" width=\"992\" height=\"558\" src=\"https:\/\/fuentesfidedignas.com.mx\/wp-content\/uploads\/2024\/06\/image-4-7.jpg\" alt=\"\" class=\"wp-image-85045\" srcset=\"https:\/\/fuentesfidedignas.com.mx\/wp-content\/uploads\/2024\/06\/image-4-7.jpg 992w, https:\/\/fuentesfidedignas.com.mx\/wp-content\/uploads\/2024\/06\/image-4-7-300x169.jpg 300w, https:\/\/fuentesfidedignas.com.mx\/wp-content\/uploads\/2024\/06\/image-4-7-768x432.jpg 768w, https:\/\/fuentesfidedignas.com.mx\/wp-content\/uploads\/2024\/06\/image-4-7-747x420.jpg 747w, https:\/\/fuentesfidedignas.com.mx\/wp-content\/uploads\/2024\/06\/image-4-7-600x338.jpg 600w, https:\/\/fuentesfidedignas.com.mx\/wp-content\/uploads\/2024\/06\/image-4-7-696x392.jpg 696w\" sizes=\"(max-width: 992px) 100vw, 992px\" \/><figcaption class=\"wp-element-caption\">Las autoridades navales resguardan el lugar del cateo. Foto: Semar<\/figcaption><\/figure>\n\n\n\n<p>De acuerdo con el diario La Jornada, quien cita fuentes federales, las armas ser\u00edan entregadas a integrantes del C\u00e1rtel de Sinaloa. Las investigaciones de inteligencia de las autoridades, seg\u00fan el medio, tambi\u00e9n dan el seguimiento al origen de las armas y cartuchos asegurados.<\/p>\n\n\n\n<p>El aseguramiento antes mencionado se da, curiosamente, cuando el gobierno de Veracruz realiza esfuerzos para retirar las armas de fuego empleadas por el crimen organizado, impulsado por un reciente operativo en una zona residencial lujosa.<\/p>\n","protected":false},"excerpt":{"rendered":"<p>En un domicilio del municipio de Boca del R\u00edo se hallaron 861 cargadores, 14 mil 979 cartuchos \u00fatiles, as\u00ed como aproximadamente 79.698 kilogramos de cristal La Secretar\u00eda de Marina (Semar) inform\u00f3 que hizo un importante decomiso de armamento b\u00e9lico en el estado de Veracruz, mismo que ser\u00eda del C\u00e1rtel de Sinaloa. La dependencia federal inform\u00f3 [&hellip;]<\/p>\n","protected":false},"author":41,"featured_media":85046,"comment_status":"open","ping_status":"open","sticky":false,"template":"","format":"standard","meta":{"tdm_status":"","tdm_grid_status":"","footnotes":""},"categories":[39],"tags":[],"class_list":{"0":"post-85042","1":"post","2":"type-post","3":"status-publish","4":"format-standard","5":"has-post-thumbnail","7":"category-noticias-nacionales"},"yoast_head":"<!-- This site is optimized with the Yoast SEO plugin v27.4 - https:\/\/yoast.com\/product\/yoast-seo-wordpress\/ -->\n<title>Decomisan y aseguran m\u00e1s de 200 armas largas en Veracruz; eran para el C\u00e1rtel de Sinaloa - Fuentes Fidedignas<\/title>\n<meta name=\"robots\" content=\"index, follow, max-snippet:-1, max-image-preview:large, max-video-preview:-1\" \/>\n<link rel=\"canonical\" href=\"https:\/\/fuentesfidedignas.com.mx\/index.php\/2024\/06\/27\/decomisan-y-aseguran-mas-de-200-armas-largas-en-veracruz-eran-para-el-cartel-de-sinaloa\/\" \/>\n<meta property=\"og:locale\" content=\"es_MX\" \/>\n<meta property=\"og:type\" content=\"article\" \/>\n<meta property=\"og:title\" content=\"Decomisan y aseguran m\u00e1s de 200 armas largas en Veracruz; eran para el C\u00e1rtel de Sinaloa - Fuentes Fidedignas\" \/>\n<meta property=\"og:description\" content=\"En un domicilio del municipio de Boca del R\u00edo se hallaron 861 cargadores, 14 mil 979 cartuchos \u00fatiles, as\u00ed como aproximadamente 79.698 kilogramos de cristal La Secretar\u00eda de Marina (Semar) inform\u00f3 que hizo un importante decomiso de armamento b\u00e9lico en el estado de Veracruz, mismo que ser\u00eda del C\u00e1rtel de Sinaloa. La dependencia federal inform\u00f3 [&hellip;]\" \/>\n<meta property=\"og:url\" content=\"https:\/\/fuentesfidedignas.com.mx\/index.php\/2024\/06\/27\/decomisan-y-aseguran-mas-de-200-armas-largas-en-veracruz-eran-para-el-cartel-de-sinaloa\/\" \/>\n<meta property=\"og:site_name\" content=\"Fuentes Fidedignas\" \/>\n<meta property=\"article:publisher\" content=\"https:\/\/www.facebook.com\/Fuentes-Fidedignas-368234489921644\" \/>\n<meta property=\"article:published_time\" content=\"2024-06-27T13:40:13+00:00\" \/>\n<meta property=\"article:modified_time\" content=\"2024-06-27T18:32:36+00:00\" \/>\n<meta property=\"og:image\" content=\"https:\/\/fuentesfidedignas.com.mx\/wp-content\/uploads\/2024\/06\/decomiso-de-armas.jpg\" \/>\n\t<meta property=\"og:image:width\" content=\"650\" \/>\n\t<meta property=\"og:image:height\" content=\"361\" \/>\n\t<meta property=\"og:image:type\" content=\"image\/jpeg\" \/>\n<meta name=\"author\" content=\"Infobae\" \/>\n<meta name=\"twitter:card\" content=\"summary_large_image\" \/>\n<meta name=\"twitter:creator\" content=\"@fidedignas\" \/>\n<meta name=\"twitter:site\" content=\"@fidedignas\" \/>\n<meta name=\"twitter:label1\" content=\"Escrito por\" \/>\n\t<meta name=\"twitter:data1\" content=\"Infobae\" \/>\n\t<meta name=\"twitter:label2\" content=\"Tiempo de lectura\" \/>\n\t<meta name=\"twitter:data2\" content=\"4 minutos\" \/>\n<script type=\"application\/ld+json\" class=\"yoast-schema-graph\">{\"@context\":\"https:\\\/\\\/schema.org\",\"@graph\":[{\"@type\":\"Article\",\"@id\":\"https:\\\/\\\/fuentesfidedignas.com.mx\\\/index.php\\\/2024\\\/06\\\/27\\\/decomisan-y-aseguran-mas-de-200-armas-largas-en-veracruz-eran-para-el-cartel-de-sinaloa\\\/#article\",\"isPartOf\":{\"@id\":\"https:\\\/\\\/fuentesfidedignas.com.mx\\\/index.php\\\/2024\\\/06\\\/27\\\/decomisan-y-aseguran-mas-de-200-armas-largas-en-veracruz-eran-para-el-cartel-de-sinaloa\\\/\"},\"author\":{\"name\":\"Infobae\",\"@id\":\"https:\\\/\\\/fuentesfidedignas.com.mx\\\/#\\\/schema\\\/person\\\/8575896a7c1067d352f6c1cd6582c389\"},\"headline\":\"Decomisan y aseguran m\u00e1s de 200 armas largas en Veracruz; eran para el C\u00e1rtel de Sinaloa\",\"datePublished\":\"2024-06-27T13:40:13+00:00\",\"dateModified\":\"2024-06-27T18:32:36+00:00\",\"mainEntityOfPage\":{\"@id\":\"https:\\\/\\\/fuentesfidedignas.com.mx\\\/index.php\\\/2024\\\/06\\\/27\\\/decomisan-y-aseguran-mas-de-200-armas-largas-en-veracruz-eran-para-el-cartel-de-sinaloa\\\/\"},\"wordCount\":543,\"commentCount\":0,\"publisher\":{\"@id\":\"https:\\\/\\\/fuentesfidedignas.com.mx\\\/#organization\"},\"image\":{\"@id\":\"https:\\\/\\\/fuentesfidedignas.com.mx\\\/index.php\\\/2024\\\/06\\\/27\\\/decomisan-y-aseguran-mas-de-200-armas-largas-en-veracruz-eran-para-el-cartel-de-sinaloa\\\/#primaryimage\"},\"thumbnailUrl\":\"https:\\\/\\\/fuentesfidedignas.com.mx\\\/wp-content\\\/uploads\\\/2024\\\/06\\\/decomiso-de-armas.jpg\",\"articleSection\":[\"NOTICIAS NACIONALES\"],\"inLanguage\":\"es\",\"potentialAction\":[{\"@type\":\"CommentAction\",\"name\":\"Comment\",\"target\":[\"https:\\\/\\\/fuentesfidedignas.com.mx\\\/index.php\\\/2024\\\/06\\\/27\\\/decomisan-y-aseguran-mas-de-200-armas-largas-en-veracruz-eran-para-el-cartel-de-sinaloa\\\/#respond\"]}]},{\"@type\":\"WebPage\",\"@id\":\"https:\\\/\\\/fuentesfidedignas.com.mx\\\/index.php\\\/2024\\\/06\\\/27\\\/decomisan-y-aseguran-mas-de-200-armas-largas-en-veracruz-eran-para-el-cartel-de-sinaloa\\\/\",\"url\":\"https:\\\/\\\/fuentesfidedignas.com.mx\\\/index.php\\\/2024\\\/06\\\/27\\\/decomisan-y-aseguran-mas-de-200-armas-largas-en-veracruz-eran-para-el-cartel-de-sinaloa\\\/\",\"name\":\"Decomisan y aseguran m\u00e1s de 200 armas largas en Veracruz; eran para el C\u00e1rtel de Sinaloa - Fuentes Fidedignas\",\"isPartOf\":{\"@id\":\"https:\\\/\\\/fuentesfidedignas.com.mx\\\/#website\"},\"primaryImageOfPage\":{\"@id\":\"https:\\\/\\\/fuentesfidedignas.com.mx\\\/index.php\\\/2024\\\/06\\\/27\\\/decomisan-y-aseguran-mas-de-200-armas-largas-en-veracruz-eran-para-el-cartel-de-sinaloa\\\/#primaryimage\"},\"image\":{\"@id\":\"https:\\\/\\\/fuentesfidedignas.com.mx\\\/index.php\\\/2024\\\/06\\\/27\\\/decomisan-y-aseguran-mas-de-200-armas-largas-en-veracruz-eran-para-el-cartel-de-sinaloa\\\/#primaryimage\"},\"thumbnailUrl\":\"https:\\\/\\\/fuentesfidedignas.com.mx\\\/wp-content\\\/uploads\\\/2024\\\/06\\\/decomiso-de-armas.jpg\",\"datePublished\":\"2024-06-27T13:40:13+00:00\",\"dateModified\":\"2024-06-27T18:32:36+00:00\",\"breadcrumb\":{\"@id\":\"https:\\\/\\\/fuentesfidedignas.com.mx\\\/index.php\\\/2024\\\/06\\\/27\\\/decomisan-y-aseguran-mas-de-200-armas-largas-en-veracruz-eran-para-el-cartel-de-sinaloa\\\/#breadcrumb\"},\"inLanguage\":\"es\",\"potentialAction\":[{\"@type\":\"ReadAction\",\"target\":[\"https:\\\/\\\/fuentesfidedignas.com.mx\\\/index.php\\\/2024\\\/06\\\/27\\\/decomisan-y-aseguran-mas-de-200-armas-largas-en-veracruz-eran-para-el-cartel-de-sinaloa\\\/\"]}]},{\"@type\":\"ImageObject\",\"inLanguage\":\"es\",\"@id\":\"https:\\\/\\\/fuentesfidedignas.com.mx\\\/index.php\\\/2024\\\/06\\\/27\\\/decomisan-y-aseguran-mas-de-200-armas-largas-en-veracruz-eran-para-el-cartel-de-sinaloa\\\/#primaryimage\",\"url\":\"https:\\\/\\\/fuentesfidedignas.com.mx\\\/wp-content\\\/uploads\\\/2024\\\/06\\\/decomiso-de-armas.jpg\",\"contentUrl\":\"https:\\\/\\\/fuentesfidedignas.com.mx\\\/wp-content\\\/uploads\\\/2024\\\/06\\\/decomiso-de-armas.jpg\",\"width\":650,\"height\":361},{\"@type\":\"BreadcrumbList\",\"@id\":\"https:\\\/\\\/fuentesfidedignas.com.mx\\\/index.php\\\/2024\\\/06\\\/27\\\/decomisan-y-aseguran-mas-de-200-armas-largas-en-veracruz-eran-para-el-cartel-de-sinaloa\\\/#breadcrumb\",\"itemListElement\":[{\"@type\":\"ListItem\",\"position\":1,\"name\":\"Inicio\",\"item\":\"https:\\\/\\\/fuentesfidedignas.com.mx\\\/\"},{\"@type\":\"ListItem\",\"position\":2,\"name\":\"Decomisan y aseguran m\u00e1s de 200 armas largas en Veracruz; eran para el C\u00e1rtel de Sinaloa\"}]},{\"@type\":\"WebSite\",\"@id\":\"https:\\\/\\\/fuentesfidedignas.com.mx\\\/#website\",\"url\":\"https:\\\/\\\/fuentesfidedignas.com.mx\\\/\",\"name\":\"Fuentes Fidedignas\",\"description\":\"Otro sitio realizado con WordPress\",\"publisher\":{\"@id\":\"https:\\\/\\\/fuentesfidedignas.com.mx\\\/#organization\"},\"potentialAction\":[{\"@type\":\"SearchAction\",\"target\":{\"@type\":\"EntryPoint\",\"urlTemplate\":\"https:\\\/\\\/fuentesfidedignas.com.mx\\\/?s={search_term_string}\"},\"query-input\":{\"@type\":\"PropertyValueSpecification\",\"valueRequired\":true,\"valueName\":\"search_term_string\"}}],\"inLanguage\":\"es\"},{\"@type\":\"Organization\",\"@id\":\"https:\\\/\\\/fuentesfidedignas.com.mx\\\/#organization\",\"name\":\"Fuentes Fidedignas\",\"url\":\"https:\\\/\\\/fuentesfidedignas.com.mx\\\/\",\"logo\":{\"@type\":\"ImageObject\",\"inLanguage\":\"es\",\"@id\":\"https:\\\/\\\/fuentesfidedignas.com.mx\\\/#\\\/schema\\\/logo\\\/image\\\/\",\"url\":\"https:\\\/\\\/fuentesfidedignas.com.mx\\\/wp-content\\\/uploads\\\/2021\\\/04\\\/logo-retina.png\",\"contentUrl\":\"https:\\\/\\\/fuentesfidedignas.com.mx\\\/wp-content\\\/uploads\\\/2021\\\/04\\\/logo-retina.png\",\"width\":280,\"height\":51,\"caption\":\"Fuentes Fidedignas\"},\"image\":{\"@id\":\"https:\\\/\\\/fuentesfidedignas.com.mx\\\/#\\\/schema\\\/logo\\\/image\\\/\"},\"sameAs\":[\"https:\\\/\\\/www.facebook.com\\\/Fuentes-Fidedignas-368234489921644\",\"https:\\\/\\\/x.com\\\/fidedignas\"]},{\"@type\":\"Person\",\"@id\":\"https:\\\/\\\/fuentesfidedignas.com.mx\\\/#\\\/schema\\\/person\\\/8575896a7c1067d352f6c1cd6582c389\",\"name\":\"Infobae\",\"image\":{\"@type\":\"ImageObject\",\"inLanguage\":\"es\",\"@id\":\"https:\\\/\\\/secure.gravatar.com\\\/avatar\\\/e4ec95706f8d1670343f6526fdcec45474bab17475a851434a64ca12b5acba1c?s=96&d=mm&r=g\",\"url\":\"https:\\\/\\\/secure.gravatar.com\\\/avatar\\\/e4ec95706f8d1670343f6526fdcec45474bab17475a851434a64ca12b5acba1c?s=96&d=mm&r=g\",\"contentUrl\":\"https:\\\/\\\/secure.gravatar.com\\\/avatar\\\/e4ec95706f8d1670343f6526fdcec45474bab17475a851434a64ca12b5acba1c?s=96&d=mm&r=g\",\"caption\":\"Infobae\"},\"url\":\"https:\\\/\\\/fuentesfidedignas.com.mx\\\/index.php\\\/author\\\/infobae\\\/\"}]}<\/script>\n<!-- \/ Yoast SEO plugin. -->","yoast_head_json":{"title":"Decomisan y aseguran m\u00e1s de 200 armas largas en Veracruz; eran para el C\u00e1rtel de Sinaloa - Fuentes Fidedignas","robots":{"index":"index","follow":"follow","max-snippet":"max-snippet:-1","max-image-preview":"max-image-preview:large","max-video-preview":"max-video-preview:-1"},"canonical":"https:\/\/fuentesfidedignas.com.mx\/index.php\/2024\/06\/27\/decomisan-y-aseguran-mas-de-200-armas-largas-en-veracruz-eran-para-el-cartel-de-sinaloa\/","og_locale":"es_MX","og_type":"article","og_title":"Decomisan y aseguran m\u00e1s de 200 armas largas en Veracruz; eran para el C\u00e1rtel de Sinaloa - Fuentes Fidedignas","og_description":"En un domicilio del municipio de Boca del R\u00edo se hallaron 861 cargadores, 14 mil 979 cartuchos \u00fatiles, as\u00ed como aproximadamente 79.698 kilogramos de cristal La Secretar\u00eda de Marina (Semar) inform\u00f3 que hizo un importante decomiso de armamento b\u00e9lico en el estado de Veracruz, mismo que ser\u00eda del C\u00e1rtel de Sinaloa. La dependencia federal inform\u00f3 [&hellip;]","og_url":"https:\/\/fuentesfidedignas.com.mx\/index.php\/2024\/06\/27\/decomisan-y-aseguran-mas-de-200-armas-largas-en-veracruz-eran-para-el-cartel-de-sinaloa\/","og_site_name":"Fuentes Fidedignas","article_publisher":"https:\/\/www.facebook.com\/Fuentes-Fidedignas-368234489921644","article_published_time":"2024-06-27T13:40:13+00:00","article_modified_time":"2024-06-27T18:32:36+00:00","og_image":[{"width":650,"height":361,"url":"https:\/\/fuentesfidedignas.com.mx\/wp-content\/uploads\/2024\/06\/decomiso-de-armas.jpg","type":"image\/jpeg"}],"author":"Infobae","twitter_card":"summary_large_image","twitter_creator":"@fidedignas","twitter_site":"@fidedignas","twitter_misc":{"Escrito por":"Infobae","Tiempo de lectura":"4 minutos"},"schema":{"@context":"https:\/\/schema.org","@graph":[{"@type":"Article","@id":"https:\/\/fuentesfidedignas.com.mx\/index.php\/2024\/06\/27\/decomisan-y-aseguran-mas-de-200-armas-largas-en-veracruz-eran-para-el-cartel-de-sinaloa\/#article","isPartOf":{"@id":"https:\/\/fuentesfidedignas.com.mx\/index.php\/2024\/06\/27\/decomisan-y-aseguran-mas-de-200-armas-largas-en-veracruz-eran-para-el-cartel-de-sinaloa\/"},"author":{"name":"Infobae","@id":"https:\/\/fuentesfidedignas.com.mx\/#\/schema\/person\/8575896a7c1067d352f6c1cd6582c389"},"headline":"Decomisan y aseguran m\u00e1s de 200 armas largas en Veracruz; eran para el C\u00e1rtel de Sinaloa","datePublished":"2024-06-27T13:40:13+00:00","dateModified":"2024-06-27T18:32:36+00:00","mainEntityOfPage":{"@id":"https:\/\/fuentesfidedignas.com.mx\/index.php\/2024\/06\/27\/decomisan-y-aseguran-mas-de-200-armas-largas-en-veracruz-eran-para-el-cartel-de-sinaloa\/"},"wordCount":543,"commentCount":0,"publisher":{"@id":"https:\/\/fuentesfidedignas.com.mx\/#organization"},"image":{"@id":"https:\/\/fuentesfidedignas.com.mx\/index.php\/2024\/06\/27\/decomisan-y-aseguran-mas-de-200-armas-largas-en-veracruz-eran-para-el-cartel-de-sinaloa\/#primaryimage"},"thumbnailUrl":"https:\/\/fuentesfidedignas.com.mx\/wp-content\/uploads\/2024\/06\/decomiso-de-armas.jpg","articleSection":["NOTICIAS NACIONALES"],"inLanguage":"es","potentialAction":[{"@type":"CommentAction","name":"Comment","target":["https:\/\/fuentesfidedignas.com.mx\/index.php\/2024\/06\/27\/decomisan-y-aseguran-mas-de-200-armas-largas-en-veracruz-eran-para-el-cartel-de-sinaloa\/#respond"]}]},{"@type":"WebPage","@id":"https:\/\/fuentesfidedignas.com.mx\/index.php\/2024\/06\/27\/decomisan-y-aseguran-mas-de-200-armas-largas-en-veracruz-eran-para-el-cartel-de-sinaloa\/","url":"https:\/\/fuentesfidedignas.com.mx\/index.php\/2024\/06\/27\/decomisan-y-aseguran-mas-de-200-armas-largas-en-veracruz-eran-para-el-cartel-de-sinaloa\/","name":"Decomisan y aseguran m\u00e1s de 200 armas largas en Veracruz; eran para el C\u00e1rtel de Sinaloa - Fuentes Fidedignas","isPartOf":{"@id":"https:\/\/fuentesfidedignas.com.mx\/#website"},"primaryImageOfPage":{"@id":"https:\/\/fuentesfidedignas.com.mx\/index.php\/2024\/06\/27\/decomisan-y-aseguran-mas-de-200-armas-largas-en-veracruz-eran-para-el-cartel-de-sinaloa\/#primaryimage"},"image":{"@id":"https:\/\/fuentesfidedignas.com.mx\/index.php\/2024\/06\/27\/decomisan-y-aseguran-mas-de-200-armas-largas-en-veracruz-eran-para-el-cartel-de-sinaloa\/#primaryimage"},"thumbnailUrl":"https:\/\/fuentesfidedignas.com.mx\/wp-content\/uploads\/2024\/06\/decomiso-de-armas.jpg","datePublished":"2024-06-27T13:40:13+00:00","dateModified":"2024-06-27T18:32:36+00:00","breadcrumb":{"@id":"https:\/\/fuentesfidedignas.com.mx\/index.php\/2024\/06\/27\/decomisan-y-aseguran-mas-de-200-armas-largas-en-veracruz-eran-para-el-cartel-de-sinaloa\/#breadcrumb"},"inLanguage":"es","potentialAction":[{"@type":"ReadAction","target":["https:\/\/fuentesfidedignas.com.mx\/index.php\/2024\/06\/27\/decomisan-y-aseguran-mas-de-200-armas-largas-en-veracruz-eran-para-el-cartel-de-sinaloa\/"]}]},{"@type":"ImageObject","inLanguage":"es","@id":"https:\/\/fuentesfidedignas.com.mx\/index.php\/2024\/06\/27\/decomisan-y-aseguran-mas-de-200-armas-largas-en-veracruz-eran-para-el-cartel-de-sinaloa\/#primaryimage","url":"https:\/\/fuentesfidedignas.com.mx\/wp-content\/uploads\/2024\/06\/decomiso-de-armas.jpg","contentUrl":"https:\/\/fuentesfidedignas.com.mx\/wp-content\/uploads\/2024\/06\/decomiso-de-armas.jpg","width":650,"height":361},{"@type":"BreadcrumbList","@id":"https:\/\/fuentesfidedignas.com.mx\/index.php\/2024\/06\/27\/decomisan-y-aseguran-mas-de-200-armas-largas-en-veracruz-eran-para-el-cartel-de-sinaloa\/#breadcrumb","itemListElement":[{"@type":"ListItem","position":1,"name":"Inicio","item":"https:\/\/fuentesfidedignas.com.mx\/"},{"@type":"ListItem","position":2,"name":"Decomisan y aseguran m\u00e1s de 200 armas largas en Veracruz; eran para el C\u00e1rtel de Sinaloa"}]},{"@type":"WebSite","@id":"https:\/\/fuentesfidedignas.com.mx\/#website","url":"https:\/\/fuentesfidedignas.com.mx\/","name":"Fuentes Fidedignas","description":"Otro sitio realizado con WordPress","publisher":{"@id":"https:\/\/fuentesfidedignas.com.mx\/#organization"},"potentialAction":[{"@type":"SearchAction","target":{"@type":"EntryPoint","urlTemplate":"https:\/\/fuentesfidedignas.com.mx\/?s={search_term_string}"},"query-input":{"@type":"PropertyValueSpecification","valueRequired":true,"valueName":"search_term_string"}}],"inLanguage":"es"},{"@type":"Organization","@id":"https:\/\/fuentesfidedignas.com.mx\/#organization","name":"Fuentes Fidedignas","url":"https:\/\/fuentesfidedignas.com.mx\/","logo":{"@type":"ImageObject","inLanguage":"es","@id":"https:\/\/fuentesfidedignas.com.mx\/#\/schema\/logo\/image\/","url":"https:\/\/fuentesfidedignas.com.mx\/wp-content\/uploads\/2021\/04\/logo-retina.png","contentUrl":"https:\/\/fuentesfidedignas.com.mx\/wp-content\/uploads\/2021\/04\/logo-retina.png","width":280,"height":51,"caption":"Fuentes Fidedignas"},"image":{"@id":"https:\/\/fuentesfidedignas.com.mx\/#\/schema\/logo\/image\/"},"sameAs":["https:\/\/www.facebook.com\/Fuentes-Fidedignas-368234489921644","https:\/\/x.com\/fidedignas"]},{"@type":"Person","@id":"https:\/\/fuentesfidedignas.com.mx\/#\/schema\/person\/8575896a7c1067d352f6c1cd6582c389","name":"Infobae","image":{"@type":"ImageObject","inLanguage":"es","@id":"https:\/\/secure.gravatar.com\/avatar\/e4ec95706f8d1670343f6526fdcec45474bab17475a851434a64ca12b5acba1c?s=96&d=mm&r=g","url":"https:\/\/secure.gravatar.com\/avatar\/e4ec95706f8d1670343f6526fdcec45474bab17475a851434a64ca12b5acba1c?s=96&d=mm&r=g","contentUrl":"https:\/\/secure.gravatar.com\/avatar\/e4ec95706f8d1670343f6526fdcec45474bab17475a851434a64ca12b5acba1c?s=96&d=mm&r=g","caption":"Infobae"},"url":"https:\/\/fuentesfidedignas.com.mx\/index.php\/author\/infobae\/"}]}},"_links":{"self":[{"href":"https:\/\/fuentesfidedignas.com.mx\/index.php\/wp-json\/wp\/v2\/posts\/85042","targetHints":{"allow":["GET"]}}],"collection":[{"href":"https:\/\/fuentesfidedignas.com.mx\/index.php\/wp-json\/wp\/v2\/posts"}],"about":[{"href":"https:\/\/fuentesfidedignas.com.mx\/index.php\/wp-json\/wp\/v2\/types\/post"}],"author":[{"embeddable":true,"href":"https:\/\/fuentesfidedignas.com.mx\/index.php\/wp-json\/wp\/v2\/users\/41"}],"replies":[{"embeddable":true,"href":"https:\/\/fuentesfidedignas.com.mx\/index.php\/wp-json\/wp\/v2\/comments?post=85042"}],"version-history":[{"count":1,"href":"https:\/\/fuentesfidedignas.com.mx\/index.php\/wp-json\/wp\/v2\/posts\/85042\/revisions"}],"predecessor-version":[{"id":85047,"href":"https:\/\/fuentesfidedignas.com.mx\/index.php\/wp-json\/wp\/v2\/posts\/85042\/revisions\/85047"}],"wp:featuredmedia":[{"embeddable":true,"href":"https:\/\/fuentesfidedignas.com.mx\/index.php\/wp-json\/wp\/v2\/media\/85046"}],"wp:attachment":[{"href":"https:\/\/fuentesfidedignas.com.mx\/index.php\/wp-json\/wp\/v2\/media?parent=85042"}],"wp:term":[{"taxonomy":"category","embeddable":true,"href":"https:\/\/fuentesfidedignas.com.mx\/index.php\/wp-json\/wp\/v2\/categories?post=85042"},{"taxonomy":"post_tag","embeddable":true,"href":"https:\/\/fuentesfidedignas.com.mx\/index.php\/wp-json\/wp\/v2\/tags?post=85042"}],"curies":[{"name":"wp","href":"https:\/\/api.w.org\/{rel}","templated":true}]}}