{"id":85038,"date":"2024-06-27T06:27:35","date_gmt":"2024-06-27T13:27:35","guid":{"rendered":"https:\/\/fuentesfidedignas.com.mx\/?p=85038"},"modified":"2024-06-27T06:29:19","modified_gmt":"2024-06-27T13:29:19","slug":"la-voluntad-del-pueblo-el-resurgimiento-del-no-a-la-reeleccion-en-mexico","status":"publish","type":"post","link":"https:\/\/fuentesfidedignas.com.mx\/index.php\/2024\/06\/27\/la-voluntad-del-pueblo-el-resurgimiento-del-no-a-la-reeleccion-en-mexico\/","title":{"rendered":"La Voluntad del Pueblo: El Resurgimiento del &#8220;No a la Reelecci\u00f3n&#8221; en M\u00e9xico"},"content":{"rendered":"\n<p>&#8220;Sufragio efectivo, no reelecci\u00f3n&#8221;. Estas palabras, que una vez resonaron en los labios de Francisco I. Madero, vuelven a cobrar vida en el M\u00e9xico del siglo XXI. \u00bfPero por qu\u00e9 ahora? \u00bfQu\u00e9 ha cambiado?<\/p>\n\n\n\n<p>La historia de M\u00e9xico es un tapiz intrincado de luchas por el poder. Desde la \u00e9poca de Santa Anna hasta el Porfiriato, la naci\u00f3n ha visto c\u00f3mo la permanencia prolongada en el poder puede corromper incluso a los l\u00edderes m\u00e1s prometedores. La reforma de 2014, que permiti\u00f3 la reelecci\u00f3n inmediata de legisladores y alcaldes, fue un intento de dar continuidad a proyectos pol\u00edticos. Sin embargo, \u00bfa qu\u00e9 costo?<\/p>\n\n\n\n<p>Imaginen por un momento una partida de ajedrez donde las piezas se niegan a abandonar el tablero. Cada movimiento se vuelve predecible, el juego pierde su dinamismo. As\u00ed, algunos argumentan, se ha vuelto la pol\u00edtica mexicana. \u00bfPero qu\u00e9 nos dicen los n\u00fameros? Echemos un vistazo a la radiograf\u00eda de la opini\u00f3n p\u00fablica.<\/p>\n\n\n\n<p>El Centro de Estudios Sociales y de Opini\u00f3n P\u00fablica (CESOP) de la C\u00e1mara de Diputados en 2011, en una encuesta nacional sobre reforma pol\u00edtica, arroj\u00f3 luz sobre un sentimiento latente en la sociedad mexicana. Los resultados son contundentes: el 67% se opone a la reelecci\u00f3n de diputados federales, el 65% rechaza la de senadores, y el 64% est\u00e1 en contra de reelegir alcaldes y delegados. Estas cifras no son meros n\u00fameros; son el pulso de una naci\u00f3n que clama por renovaci\u00f3n.<\/p>\n\n\n\n<p>Pero la historia no termina ah\u00ed, en 2012, la Quinta Encuesta Nacional sobre Cultura Pol\u00edtica y Pr\u00e1cticas Ciudadanas (ENCUP) ya mostraba signos de este descontento. El 65.35% estaba en desacuerdo o muy en desacuerdo con la reelecci\u00f3n de gobernadores o jefes de gobierno. Para presidentes municipales o jefes delegacionales, la cifra alcanzaba el 67.83%. Y en cuanto a diputados, el rechazo llegaba al 68.59%.<\/p>\n\n\n\n<p>\u00bfQu\u00e9 nos dicen estas cifras? Que el sentimiento contra la reelecci\u00f3n no es nuevo; es una corriente subterr\u00e1nea que ha fluido por a\u00f1os en la conciencia colectiva mexicana.<\/p>\n\n\n\n<p>La pregunta que surge es: \u00bfPor qu\u00e9, entonces, se aprob\u00f3 la reelecci\u00f3n en 2014? Aqu\u00ed es donde la trama se espesa. En medio de debates acalorados y negociaciones a puerta cerrada, la reforma pas\u00f3. Pero no sin resistencia. Dos nombres resuenan como ecos de esa oposici\u00f3n: Alcalde Luj\u00e1n Luisa Mar\u00eda y Monreal \u00c1vila Ricardo, entonces diputados de Movimiento Ciudadano, ahora militantes de MORENA, quienes votaron en contra de la reforma.<\/p>\n\n\n\n<p>&#8220;Fue una decisi\u00f3n dif\u00edcil&#8221;, recuerda Monreal en una entrevista reciente. &#8220;Sab\u00edamos que \u00edbamos contra la corriente, pero tambi\u00e9n sab\u00edamos que represent\u00e1bamos la voz de muchos mexicanos&#8221;.<\/p>\n\n\n\n<p>La propuesta de Sheinbaum, por tanto, no es un giro radical, sino un retorno a un sentimiento profundamente arraigado en el coraz\u00f3n de M\u00e9xico. Es como si la naci\u00f3n, tras un breve coqueteo con la idea de la reelecci\u00f3n, volviera a sus ra\u00edces, a ese grito de &#8220;Sufragio efectivo, no reelecci\u00f3n&#8221; que una vez sacudi\u00f3 sus cimientos.<\/p>\n\n\n\n<p>La propuesta de Sheinbaum nos obliga a reflexionar: \u00bfQu\u00e9 es m\u00e1s valioso para la democracia mexicana? \u00bfLa experiencia acumulada o la renovaci\u00f3n constante de ideas y liderazgos?<\/p>\n\n\n\n<p>La propuesta implica modificar los art\u00edculos 59; 116, fr. II, p\u00e1rr. 2, y 122, fr. II, p\u00e1rr. 3, de la CPEUM. Un cambio que, de aprobarse, revertir\u00eda la reforma de 2014 y limitar\u00eda a diputados, senadores y miembros de ayuntamientos a un solo periodo.<\/p>\n\n\n\n<p>\u00bfQu\u00e9 significa todo esto para el futuro de M\u00e9xico? \u00bfEstamos ante el amanecer de una nueva era pol\u00edtica?<\/p>\n\n\n\n<p>La reforma propuesta por Sheinbaum deber\u00e1 navegar por aguas turbulentas. Enfrentar\u00e1 la resistencia de aquellos que ven en la reelecci\u00f3n una oportunidad de consolidar su poder. Pero tambi\u00e9n contar\u00e1 con el respaldo activo de millones de mexicanos que anhelan un cambio, y que, adem\u00e1s, han respaldado en las urnas d\u00e1ndole las herramientas necesarias tanto en la C\u00e1mara de Diputados como en la de Senadores.<\/p>\n\n\n\n<p>La propuesta de la Dra Sheinbaum no es solo una reforma constitucional; es un llamado a repensar la esencia misma de la democracia mexicana. \u00bfC\u00f3mo equilibramos la necesidad de experiencia con el anhelo de renovaci\u00f3n? \u00bfC\u00f3mo aseguramos que las voces frescas tengan la oportunidad de ser escuchadas sin perder la sabidur\u00eda acumulada?<\/p>\n\n\n\n<p>Mientras M\u00e9xico se prepara para este debate crucial, una cosa queda clara: la voz del pueblo resuena fuerte y clara. Y esa voz, como un eco del pasado que se proyecta hacia el futuro, parece decir: &#8220;Sufragio efectivo, no reelecci\u00f3n&#8221;.<\/p>\n\n\n\n<p>El esp\u00edritu de Madero, que una vez encendi\u00f3 la llama de la Revoluci\u00f3n, parece reavivarse en el coraz\u00f3n de la naci\u00f3n. Y con \u00e9l, la esperanza de un M\u00e9xico m\u00e1s din\u00e1mico, m\u00e1s representativo y m\u00e1s fiel a la voluntad de su gente.<\/p>\n\n\n\n<p>La historia de M\u00e9xico est\u00e1 en un punto de inflexi\u00f3n. \u00bfQu\u00e9 camino elegir\u00e1 la naci\u00f3n? Solo el tiempo lo dir\u00e1. Pero una cosa es segura: el pueblo mexicano, con su voz y su voto, ser\u00e1 quien escriba el pr\u00f3ximo cap\u00edtulo de esta apasionante historia pol\u00edtica.<\/p>\n","protected":false},"excerpt":{"rendered":"<p>&#8220;Sufragio efectivo, no reelecci\u00f3n&#8221;. Estas palabras, que una vez resonaron en los labios de Francisco I. Madero, vuelven a cobrar vida en el M\u00e9xico del siglo XXI. \u00bfPero por qu\u00e9 ahora? \u00bfQu\u00e9 ha cambiado? La historia de M\u00e9xico es un tapiz intrincado de luchas por el poder. Desde la \u00e9poca de Santa Anna hasta el [&hellip;]<\/p>\n","protected":false},"author":146,"featured_media":85039,"comment_status":"open","ping_status":"open","sticky":false,"template":"","format":"standard","meta":{"tdm_status":"","tdm_grid_status":"","footnotes":""},"categories":[3064,3089],"tags":[],"class_list":{"0":"post-85038","1":"post","2":"type-post","3":"status-publish","4":"format-standard","5":"has-post-thumbnail","7":"category-columnas","8":"category-nutriendo-la-mente"},"yoast_head":"<!-- This site is optimized with the Yoast SEO plugin v27.5 - https:\/\/yoast.com\/product\/yoast-seo-wordpress\/ -->\n<title>La Voluntad del Pueblo: El Resurgimiento del &quot;No a la Reelecci\u00f3n&quot; en M\u00e9xico - Fuentes Fidedignas<\/title>\n<meta name=\"robots\" content=\"index, follow, max-snippet:-1, max-image-preview:large, max-video-preview:-1\" \/>\n<link rel=\"canonical\" href=\"https:\/\/fuentesfidedignas.com.mx\/index.php\/2024\/06\/27\/la-voluntad-del-pueblo-el-resurgimiento-del-no-a-la-reeleccion-en-mexico\/\" \/>\n<meta property=\"og:locale\" content=\"es_MX\" \/>\n<meta property=\"og:type\" content=\"article\" \/>\n<meta property=\"og:title\" content=\"La Voluntad del Pueblo: El Resurgimiento del &quot;No a la Reelecci\u00f3n&quot; en M\u00e9xico - Fuentes Fidedignas\" \/>\n<meta property=\"og:description\" content=\"&#8220;Sufragio efectivo, no reelecci\u00f3n&#8221;. Estas palabras, que una vez resonaron en los labios de Francisco I. Madero, vuelven a cobrar vida en el M\u00e9xico del siglo XXI. \u00bfPero por qu\u00e9 ahora? \u00bfQu\u00e9 ha cambiado? La historia de M\u00e9xico es un tapiz intrincado de luchas por el poder. Desde la \u00e9poca de Santa Anna hasta el [&hellip;]\" \/>\n<meta property=\"og:url\" content=\"https:\/\/fuentesfidedignas.com.mx\/index.php\/2024\/06\/27\/la-voluntad-del-pueblo-el-resurgimiento-del-no-a-la-reeleccion-en-mexico\/\" \/>\n<meta property=\"og:site_name\" content=\"Fuentes Fidedignas\" \/>\n<meta property=\"article:publisher\" content=\"https:\/\/www.facebook.com\/Fuentes-Fidedignas-368234489921644\" \/>\n<meta property=\"article:published_time\" content=\"2024-06-27T13:27:35+00:00\" \/>\n<meta property=\"article:modified_time\" content=\"2024-06-27T13:29:19+00:00\" \/>\n<meta property=\"og:image\" content=\"https:\/\/fuentesfidedignas.com.mx\/wp-content\/uploads\/2024\/06\/Madero-mural.jpg\" \/>\n\t<meta property=\"og:image:width\" content=\"650\" \/>\n\t<meta property=\"og:image:height\" content=\"452\" \/>\n\t<meta property=\"og:image:type\" content=\"image\/jpeg\" \/>\n<meta name=\"author\" content=\"Mtro. Horacio de Jes\u00fas Malcampo Moreno\" \/>\n<meta name=\"twitter:card\" content=\"summary_large_image\" \/>\n<meta name=\"twitter:creator\" content=\"@fidedignas\" \/>\n<meta name=\"twitter:site\" content=\"@fidedignas\" \/>\n<meta name=\"twitter:label1\" content=\"Escrito por\" \/>\n\t<meta name=\"twitter:data1\" content=\"Mtro. Horacio de Jes\u00fas Malcampo Moreno\" \/>\n\t<meta name=\"twitter:label2\" content=\"Tiempo de lectura\" \/>\n\t<meta name=\"twitter:data2\" content=\"4 minutos\" \/>\n<script type=\"application\/ld+json\" class=\"yoast-schema-graph\">{\"@context\":\"https:\\\/\\\/schema.org\",\"@graph\":[{\"@type\":\"Article\",\"@id\":\"https:\\\/\\\/fuentesfidedignas.com.mx\\\/index.php\\\/2024\\\/06\\\/27\\\/la-voluntad-del-pueblo-el-resurgimiento-del-no-a-la-reeleccion-en-mexico\\\/#article\",\"isPartOf\":{\"@id\":\"https:\\\/\\\/fuentesfidedignas.com.mx\\\/index.php\\\/2024\\\/06\\\/27\\\/la-voluntad-del-pueblo-el-resurgimiento-del-no-a-la-reeleccion-en-mexico\\\/\"},\"author\":{\"name\":\"Mtro. Horacio de Jes\u00fas Malcampo Moreno\",\"@id\":\"https:\\\/\\\/fuentesfidedignas.com.mx\\\/#\\\/schema\\\/person\\\/3f687c55082c557a647c7836bde45728\"},\"headline\":\"La Voluntad del Pueblo: El Resurgimiento del &#8220;No a la Reelecci\u00f3n&#8221; en M\u00e9xico\",\"datePublished\":\"2024-06-27T13:27:35+00:00\",\"dateModified\":\"2024-06-27T13:29:19+00:00\",\"mainEntityOfPage\":{\"@id\":\"https:\\\/\\\/fuentesfidedignas.com.mx\\\/index.php\\\/2024\\\/06\\\/27\\\/la-voluntad-del-pueblo-el-resurgimiento-del-no-a-la-reeleccion-en-mexico\\\/\"},\"wordCount\":890,\"commentCount\":0,\"publisher\":{\"@id\":\"https:\\\/\\\/fuentesfidedignas.com.mx\\\/#organization\"},\"image\":{\"@id\":\"https:\\\/\\\/fuentesfidedignas.com.mx\\\/index.php\\\/2024\\\/06\\\/27\\\/la-voluntad-del-pueblo-el-resurgimiento-del-no-a-la-reeleccion-en-mexico\\\/#primaryimage\"},\"thumbnailUrl\":\"https:\\\/\\\/fuentesfidedignas.com.mx\\\/wp-content\\\/uploads\\\/2024\\\/06\\\/Madero-mural.jpg\",\"articleSection\":[\"COLUMNAS\",\"NUTRIENDO LA MENTE\"],\"inLanguage\":\"es\",\"potentialAction\":[{\"@type\":\"CommentAction\",\"name\":\"Comment\",\"target\":[\"https:\\\/\\\/fuentesfidedignas.com.mx\\\/index.php\\\/2024\\\/06\\\/27\\\/la-voluntad-del-pueblo-el-resurgimiento-del-no-a-la-reeleccion-en-mexico\\\/#respond\"]}]},{\"@type\":\"WebPage\",\"@id\":\"https:\\\/\\\/fuentesfidedignas.com.mx\\\/index.php\\\/2024\\\/06\\\/27\\\/la-voluntad-del-pueblo-el-resurgimiento-del-no-a-la-reeleccion-en-mexico\\\/\",\"url\":\"https:\\\/\\\/fuentesfidedignas.com.mx\\\/index.php\\\/2024\\\/06\\\/27\\\/la-voluntad-del-pueblo-el-resurgimiento-del-no-a-la-reeleccion-en-mexico\\\/\",\"name\":\"La Voluntad del Pueblo: El Resurgimiento del \\\"No a la Reelecci\u00f3n\\\" en M\u00e9xico - Fuentes Fidedignas\",\"isPartOf\":{\"@id\":\"https:\\\/\\\/fuentesfidedignas.com.mx\\\/#website\"},\"primaryImageOfPage\":{\"@id\":\"https:\\\/\\\/fuentesfidedignas.com.mx\\\/index.php\\\/2024\\\/06\\\/27\\\/la-voluntad-del-pueblo-el-resurgimiento-del-no-a-la-reeleccion-en-mexico\\\/#primaryimage\"},\"image\":{\"@id\":\"https:\\\/\\\/fuentesfidedignas.com.mx\\\/index.php\\\/2024\\\/06\\\/27\\\/la-voluntad-del-pueblo-el-resurgimiento-del-no-a-la-reeleccion-en-mexico\\\/#primaryimage\"},\"thumbnailUrl\":\"https:\\\/\\\/fuentesfidedignas.com.mx\\\/wp-content\\\/uploads\\\/2024\\\/06\\\/Madero-mural.jpg\",\"datePublished\":\"2024-06-27T13:27:35+00:00\",\"dateModified\":\"2024-06-27T13:29:19+00:00\",\"breadcrumb\":{\"@id\":\"https:\\\/\\\/fuentesfidedignas.com.mx\\\/index.php\\\/2024\\\/06\\\/27\\\/la-voluntad-del-pueblo-el-resurgimiento-del-no-a-la-reeleccion-en-mexico\\\/#breadcrumb\"},\"inLanguage\":\"es\",\"potentialAction\":[{\"@type\":\"ReadAction\",\"target\":[\"https:\\\/\\\/fuentesfidedignas.com.mx\\\/index.php\\\/2024\\\/06\\\/27\\\/la-voluntad-del-pueblo-el-resurgimiento-del-no-a-la-reeleccion-en-mexico\\\/\"]}]},{\"@type\":\"ImageObject\",\"inLanguage\":\"es\",\"@id\":\"https:\\\/\\\/fuentesfidedignas.com.mx\\\/index.php\\\/2024\\\/06\\\/27\\\/la-voluntad-del-pueblo-el-resurgimiento-del-no-a-la-reeleccion-en-mexico\\\/#primaryimage\",\"url\":\"https:\\\/\\\/fuentesfidedignas.com.mx\\\/wp-content\\\/uploads\\\/2024\\\/06\\\/Madero-mural.jpg\",\"contentUrl\":\"https:\\\/\\\/fuentesfidedignas.com.mx\\\/wp-content\\\/uploads\\\/2024\\\/06\\\/Madero-mural.jpg\",\"width\":650,\"height\":452},{\"@type\":\"BreadcrumbList\",\"@id\":\"https:\\\/\\\/fuentesfidedignas.com.mx\\\/index.php\\\/2024\\\/06\\\/27\\\/la-voluntad-del-pueblo-el-resurgimiento-del-no-a-la-reeleccion-en-mexico\\\/#breadcrumb\",\"itemListElement\":[{\"@type\":\"ListItem\",\"position\":1,\"name\":\"Inicio\",\"item\":\"https:\\\/\\\/fuentesfidedignas.com.mx\\\/\"},{\"@type\":\"ListItem\",\"position\":2,\"name\":\"La Voluntad del Pueblo: El Resurgimiento del &#8220;No a la Reelecci\u00f3n&#8221; en M\u00e9xico\"}]},{\"@type\":\"WebSite\",\"@id\":\"https:\\\/\\\/fuentesfidedignas.com.mx\\\/#website\",\"url\":\"https:\\\/\\\/fuentesfidedignas.com.mx\\\/\",\"name\":\"Fuentes Fidedignas\",\"description\":\"Otro sitio realizado con WordPress\",\"publisher\":{\"@id\":\"https:\\\/\\\/fuentesfidedignas.com.mx\\\/#organization\"},\"potentialAction\":[{\"@type\":\"SearchAction\",\"target\":{\"@type\":\"EntryPoint\",\"urlTemplate\":\"https:\\\/\\\/fuentesfidedignas.com.mx\\\/?s={search_term_string}\"},\"query-input\":{\"@type\":\"PropertyValueSpecification\",\"valueRequired\":true,\"valueName\":\"search_term_string\"}}],\"inLanguage\":\"es\"},{\"@type\":\"Organization\",\"@id\":\"https:\\\/\\\/fuentesfidedignas.com.mx\\\/#organization\",\"name\":\"Fuentes Fidedignas\",\"url\":\"https:\\\/\\\/fuentesfidedignas.com.mx\\\/\",\"logo\":{\"@type\":\"ImageObject\",\"inLanguage\":\"es\",\"@id\":\"https:\\\/\\\/fuentesfidedignas.com.mx\\\/#\\\/schema\\\/logo\\\/image\\\/\",\"url\":\"https:\\\/\\\/fuentesfidedignas.com.mx\\\/wp-content\\\/uploads\\\/2021\\\/04\\\/logo-retina.png\",\"contentUrl\":\"https:\\\/\\\/fuentesfidedignas.com.mx\\\/wp-content\\\/uploads\\\/2021\\\/04\\\/logo-retina.png\",\"width\":280,\"height\":51,\"caption\":\"Fuentes Fidedignas\"},\"image\":{\"@id\":\"https:\\\/\\\/fuentesfidedignas.com.mx\\\/#\\\/schema\\\/logo\\\/image\\\/\"},\"sameAs\":[\"https:\\\/\\\/www.facebook.com\\\/Fuentes-Fidedignas-368234489921644\",\"https:\\\/\\\/x.com\\\/fidedignas\"]},{\"@type\":\"Person\",\"@id\":\"https:\\\/\\\/fuentesfidedignas.com.mx\\\/#\\\/schema\\\/person\\\/3f687c55082c557a647c7836bde45728\",\"name\":\"Mtro. Horacio de Jes\u00fas Malcampo Moreno\",\"image\":{\"@type\":\"ImageObject\",\"inLanguage\":\"es\",\"@id\":\"https:\\\/\\\/secure.gravatar.com\\\/avatar\\\/21fd667a5b9de079d383e44390566d4c728a6ce47b9b5e8419c61f1b793461ac?s=96&d=mm&r=g\",\"url\":\"https:\\\/\\\/secure.gravatar.com\\\/avatar\\\/21fd667a5b9de079d383e44390566d4c728a6ce47b9b5e8419c61f1b793461ac?s=96&d=mm&r=g\",\"contentUrl\":\"https:\\\/\\\/secure.gravatar.com\\\/avatar\\\/21fd667a5b9de079d383e44390566d4c728a6ce47b9b5e8419c61f1b793461ac?s=96&d=mm&r=g\",\"caption\":\"Mtro. Horacio de Jes\u00fas Malcampo Moreno\"},\"url\":\"https:\\\/\\\/fuentesfidedignas.com.mx\\\/index.php\\\/author\\\/horacio\\\/\"}]}<\/script>\n<!-- \/ Yoast SEO plugin. -->","yoast_head_json":{"title":"La Voluntad del Pueblo: El Resurgimiento del \"No a la Reelecci\u00f3n\" en M\u00e9xico - Fuentes Fidedignas","robots":{"index":"index","follow":"follow","max-snippet":"max-snippet:-1","max-image-preview":"max-image-preview:large","max-video-preview":"max-video-preview:-1"},"canonical":"https:\/\/fuentesfidedignas.com.mx\/index.php\/2024\/06\/27\/la-voluntad-del-pueblo-el-resurgimiento-del-no-a-la-reeleccion-en-mexico\/","og_locale":"es_MX","og_type":"article","og_title":"La Voluntad del Pueblo: El Resurgimiento del \"No a la Reelecci\u00f3n\" en M\u00e9xico - Fuentes Fidedignas","og_description":"&#8220;Sufragio efectivo, no reelecci\u00f3n&#8221;. Estas palabras, que una vez resonaron en los labios de Francisco I. Madero, vuelven a cobrar vida en el M\u00e9xico del siglo XXI. \u00bfPero por qu\u00e9 ahora? \u00bfQu\u00e9 ha cambiado? La historia de M\u00e9xico es un tapiz intrincado de luchas por el poder. Desde la \u00e9poca de Santa Anna hasta el [&hellip;]","og_url":"https:\/\/fuentesfidedignas.com.mx\/index.php\/2024\/06\/27\/la-voluntad-del-pueblo-el-resurgimiento-del-no-a-la-reeleccion-en-mexico\/","og_site_name":"Fuentes Fidedignas","article_publisher":"https:\/\/www.facebook.com\/Fuentes-Fidedignas-368234489921644","article_published_time":"2024-06-27T13:27:35+00:00","article_modified_time":"2024-06-27T13:29:19+00:00","og_image":[{"width":650,"height":452,"url":"https:\/\/fuentesfidedignas.com.mx\/wp-content\/uploads\/2024\/06\/Madero-mural.jpg","type":"image\/jpeg"}],"author":"Mtro. Horacio de Jes\u00fas Malcampo Moreno","twitter_card":"summary_large_image","twitter_creator":"@fidedignas","twitter_site":"@fidedignas","twitter_misc":{"Escrito por":"Mtro. Horacio de Jes\u00fas Malcampo Moreno","Tiempo de lectura":"4 minutos"},"schema":{"@context":"https:\/\/schema.org","@graph":[{"@type":"Article","@id":"https:\/\/fuentesfidedignas.com.mx\/index.php\/2024\/06\/27\/la-voluntad-del-pueblo-el-resurgimiento-del-no-a-la-reeleccion-en-mexico\/#article","isPartOf":{"@id":"https:\/\/fuentesfidedignas.com.mx\/index.php\/2024\/06\/27\/la-voluntad-del-pueblo-el-resurgimiento-del-no-a-la-reeleccion-en-mexico\/"},"author":{"name":"Mtro. Horacio de Jes\u00fas Malcampo Moreno","@id":"https:\/\/fuentesfidedignas.com.mx\/#\/schema\/person\/3f687c55082c557a647c7836bde45728"},"headline":"La Voluntad del Pueblo: El Resurgimiento del &#8220;No a la Reelecci\u00f3n&#8221; en M\u00e9xico","datePublished":"2024-06-27T13:27:35+00:00","dateModified":"2024-06-27T13:29:19+00:00","mainEntityOfPage":{"@id":"https:\/\/fuentesfidedignas.com.mx\/index.php\/2024\/06\/27\/la-voluntad-del-pueblo-el-resurgimiento-del-no-a-la-reeleccion-en-mexico\/"},"wordCount":890,"commentCount":0,"publisher":{"@id":"https:\/\/fuentesfidedignas.com.mx\/#organization"},"image":{"@id":"https:\/\/fuentesfidedignas.com.mx\/index.php\/2024\/06\/27\/la-voluntad-del-pueblo-el-resurgimiento-del-no-a-la-reeleccion-en-mexico\/#primaryimage"},"thumbnailUrl":"https:\/\/fuentesfidedignas.com.mx\/wp-content\/uploads\/2024\/06\/Madero-mural.jpg","articleSection":["COLUMNAS","NUTRIENDO LA MENTE"],"inLanguage":"es","potentialAction":[{"@type":"CommentAction","name":"Comment","target":["https:\/\/fuentesfidedignas.com.mx\/index.php\/2024\/06\/27\/la-voluntad-del-pueblo-el-resurgimiento-del-no-a-la-reeleccion-en-mexico\/#respond"]}]},{"@type":"WebPage","@id":"https:\/\/fuentesfidedignas.com.mx\/index.php\/2024\/06\/27\/la-voluntad-del-pueblo-el-resurgimiento-del-no-a-la-reeleccion-en-mexico\/","url":"https:\/\/fuentesfidedignas.com.mx\/index.php\/2024\/06\/27\/la-voluntad-del-pueblo-el-resurgimiento-del-no-a-la-reeleccion-en-mexico\/","name":"La Voluntad del Pueblo: El Resurgimiento del \"No a la Reelecci\u00f3n\" en M\u00e9xico - Fuentes Fidedignas","isPartOf":{"@id":"https:\/\/fuentesfidedignas.com.mx\/#website"},"primaryImageOfPage":{"@id":"https:\/\/fuentesfidedignas.com.mx\/index.php\/2024\/06\/27\/la-voluntad-del-pueblo-el-resurgimiento-del-no-a-la-reeleccion-en-mexico\/#primaryimage"},"image":{"@id":"https:\/\/fuentesfidedignas.com.mx\/index.php\/2024\/06\/27\/la-voluntad-del-pueblo-el-resurgimiento-del-no-a-la-reeleccion-en-mexico\/#primaryimage"},"thumbnailUrl":"https:\/\/fuentesfidedignas.com.mx\/wp-content\/uploads\/2024\/06\/Madero-mural.jpg","datePublished":"2024-06-27T13:27:35+00:00","dateModified":"2024-06-27T13:29:19+00:00","breadcrumb":{"@id":"https:\/\/fuentesfidedignas.com.mx\/index.php\/2024\/06\/27\/la-voluntad-del-pueblo-el-resurgimiento-del-no-a-la-reeleccion-en-mexico\/#breadcrumb"},"inLanguage":"es","potentialAction":[{"@type":"ReadAction","target":["https:\/\/fuentesfidedignas.com.mx\/index.php\/2024\/06\/27\/la-voluntad-del-pueblo-el-resurgimiento-del-no-a-la-reeleccion-en-mexico\/"]}]},{"@type":"ImageObject","inLanguage":"es","@id":"https:\/\/fuentesfidedignas.com.mx\/index.php\/2024\/06\/27\/la-voluntad-del-pueblo-el-resurgimiento-del-no-a-la-reeleccion-en-mexico\/#primaryimage","url":"https:\/\/fuentesfidedignas.com.mx\/wp-content\/uploads\/2024\/06\/Madero-mural.jpg","contentUrl":"https:\/\/fuentesfidedignas.com.mx\/wp-content\/uploads\/2024\/06\/Madero-mural.jpg","width":650,"height":452},{"@type":"BreadcrumbList","@id":"https:\/\/fuentesfidedignas.com.mx\/index.php\/2024\/06\/27\/la-voluntad-del-pueblo-el-resurgimiento-del-no-a-la-reeleccion-en-mexico\/#breadcrumb","itemListElement":[{"@type":"ListItem","position":1,"name":"Inicio","item":"https:\/\/fuentesfidedignas.com.mx\/"},{"@type":"ListItem","position":2,"name":"La Voluntad del Pueblo: El Resurgimiento del &#8220;No a la Reelecci\u00f3n&#8221; en M\u00e9xico"}]},{"@type":"WebSite","@id":"https:\/\/fuentesfidedignas.com.mx\/#website","url":"https:\/\/fuentesfidedignas.com.mx\/","name":"Fuentes Fidedignas","description":"Otro sitio realizado con WordPress","publisher":{"@id":"https:\/\/fuentesfidedignas.com.mx\/#organization"},"potentialAction":[{"@type":"SearchAction","target":{"@type":"EntryPoint","urlTemplate":"https:\/\/fuentesfidedignas.com.mx\/?s={search_term_string}"},"query-input":{"@type":"PropertyValueSpecification","valueRequired":true,"valueName":"search_term_string"}}],"inLanguage":"es"},{"@type":"Organization","@id":"https:\/\/fuentesfidedignas.com.mx\/#organization","name":"Fuentes Fidedignas","url":"https:\/\/fuentesfidedignas.com.mx\/","logo":{"@type":"ImageObject","inLanguage":"es","@id":"https:\/\/fuentesfidedignas.com.mx\/#\/schema\/logo\/image\/","url":"https:\/\/fuentesfidedignas.com.mx\/wp-content\/uploads\/2021\/04\/logo-retina.png","contentUrl":"https:\/\/fuentesfidedignas.com.mx\/wp-content\/uploads\/2021\/04\/logo-retina.png","width":280,"height":51,"caption":"Fuentes Fidedignas"},"image":{"@id":"https:\/\/fuentesfidedignas.com.mx\/#\/schema\/logo\/image\/"},"sameAs":["https:\/\/www.facebook.com\/Fuentes-Fidedignas-368234489921644","https:\/\/x.com\/fidedignas"]},{"@type":"Person","@id":"https:\/\/fuentesfidedignas.com.mx\/#\/schema\/person\/3f687c55082c557a647c7836bde45728","name":"Mtro. Horacio de Jes\u00fas Malcampo Moreno","image":{"@type":"ImageObject","inLanguage":"es","@id":"https:\/\/secure.gravatar.com\/avatar\/21fd667a5b9de079d383e44390566d4c728a6ce47b9b5e8419c61f1b793461ac?s=96&d=mm&r=g","url":"https:\/\/secure.gravatar.com\/avatar\/21fd667a5b9de079d383e44390566d4c728a6ce47b9b5e8419c61f1b793461ac?s=96&d=mm&r=g","contentUrl":"https:\/\/secure.gravatar.com\/avatar\/21fd667a5b9de079d383e44390566d4c728a6ce47b9b5e8419c61f1b793461ac?s=96&d=mm&r=g","caption":"Mtro. Horacio de Jes\u00fas Malcampo Moreno"},"url":"https:\/\/fuentesfidedignas.com.mx\/index.php\/author\/horacio\/"}]}},"_links":{"self":[{"href":"https:\/\/fuentesfidedignas.com.mx\/index.php\/wp-json\/wp\/v2\/posts\/85038","targetHints":{"allow":["GET"]}}],"collection":[{"href":"https:\/\/fuentesfidedignas.com.mx\/index.php\/wp-json\/wp\/v2\/posts"}],"about":[{"href":"https:\/\/fuentesfidedignas.com.mx\/index.php\/wp-json\/wp\/v2\/types\/post"}],"author":[{"embeddable":true,"href":"https:\/\/fuentesfidedignas.com.mx\/index.php\/wp-json\/wp\/v2\/users\/146"}],"replies":[{"embeddable":true,"href":"https:\/\/fuentesfidedignas.com.mx\/index.php\/wp-json\/wp\/v2\/comments?post=85038"}],"version-history":[{"count":2,"href":"https:\/\/fuentesfidedignas.com.mx\/index.php\/wp-json\/wp\/v2\/posts\/85038\/revisions"}],"predecessor-version":[{"id":85041,"href":"https:\/\/fuentesfidedignas.com.mx\/index.php\/wp-json\/wp\/v2\/posts\/85038\/revisions\/85041"}],"wp:featuredmedia":[{"embeddable":true,"href":"https:\/\/fuentesfidedignas.com.mx\/index.php\/wp-json\/wp\/v2\/media\/85039"}],"wp:attachment":[{"href":"https:\/\/fuentesfidedignas.com.mx\/index.php\/wp-json\/wp\/v2\/media?parent=85038"}],"wp:term":[{"taxonomy":"category","embeddable":true,"href":"https:\/\/fuentesfidedignas.com.mx\/index.php\/wp-json\/wp\/v2\/categories?post=85038"},{"taxonomy":"post_tag","embeddable":true,"href":"https:\/\/fuentesfidedignas.com.mx\/index.php\/wp-json\/wp\/v2\/tags?post=85038"}],"curies":[{"name":"wp","href":"https:\/\/api.w.org\/{rel}","templated":true}]}}