{"id":8500,"date":"2021-07-29T17:12:49","date_gmt":"2021-07-30T00:12:49","guid":{"rendered":"https:\/\/fuentesfidedignas.com.mx\/?p=8500"},"modified":"2021-07-29T17:12:50","modified_gmt":"2021-07-30T00:12:50","slug":"llama-unicef-a-abrir-las-escuelas-y-aplicar-medidas-anti-covid","status":"publish","type":"post","link":"https:\/\/fuentesfidedignas.com.mx\/index.php\/2021\/07\/29\/llama-unicef-a-abrir-las-escuelas-y-aplicar-medidas-anti-covid\/","title":{"rendered":"Llama Unicef a abrir las escuelas y aplicar medidas anti-Covid"},"content":{"rendered":"\n<p>Ciudad de M\u00e9xico. Al menos un tercio de los menores en edad escolar no tienen condiciones de acceso al aprendizaje a distancia en regiones como Am\u00e9rica Latina, Asia y \u00c1frica. En total, 600 millones de ni\u00f1os y adolescentes a\u00fan se ven afectados por el cierre de las escuelas, advierte el Fondo de Naciones Unidas para la Infancia (Unicef) en un nuevo llamado a abrir los centros escolares.<\/p>\n\n\n\n<p>En la regi\u00f3n, advierte, 18 pa\u00edses y territorios mantienen los cierres totales o parciales, aunque reconoce que los gobiernos enfrentan una \u201cdisyuntiva imposible: cerrar sus comunidades o ayudar a facilitar la propagaci\u00f3n masiva de una enfermedad peligrosa\u201d.<\/p>\n\n\n\n<p>Sin embargo, subraya, las escuelas deber\u00edan ser las \u201c\u00faltimas en cerrar y las primeras en abrir\u201d y los planteles de primaria y secundaria \u201cno est\u00e1n entre las principales impulsoras de la transmisi\u00f3n\u201d.<\/p>\n\n\n\n<p>Por ello, el organismo multinacional inst\u00f3 a los estados miembros a aplicar diversas medidas, entre ellas abrir los centros de ense\u00f1anza \u201clo antes posible, y su reapertura no ha de depender de la vacunaci\u00f3n de todos los profesores y alumnos.<\/p>\n\n\n\n<p>\u201cLa vacunaci\u00f3n de los trabajadores de primera l\u00ednea y de quienes corren m\u00e1s riesgo de sufrir enfermedades graves y de morir continuar\u00e1 siendo una prioridad\u201d.<\/p>\n\n\n\n<p>Pide a los gobiernos y los donantes garantizar los presupuestos destinados a la educaci\u00f3n, pues \u2013destaca\u2013 en la medida en que las escuelas vuelven a abrir sus puertas, \u201ces necesario ampliar el n\u00famero de ni\u00f1os matriculados e incluir a los que no asist\u00edan a clase antes de la pandemia de Covid-19\u201d.<\/p>\n\n\n\n<p>Campa\u00f1a crea conciencia sobre riesgos de Internet para las ni\u00f1as de Latinoam\u00e9rica<br>Esta acci\u00f3n, afirma, puede realizarse eliminando las barreras financieras, proporcionando recursos de aprendizaje, ajustando los requisitos de inscripci\u00f3n y ofreciendo programas flexibles, tanto en los planteles como en los programas no formales, y advierte que matricular a todos los nuevos alumnos en la escuela, independientemente de su edad, \u201ces una estrategia clave\u201d.<\/p>\n\n\n\n<p>No se inscribieron 5.2 millones de alumnos: Inegi<br>En su Encuesta para la Medici\u00f3n del Impacto Covid-19 en la Educaci\u00f3n (Ecovid-ED), el Instituto Nacional de Estad\u00edstica y Geograf\u00eda (Inegi) estim\u00f3 que al menos 5.2 millones de alumnos de tres a 29 a\u00f1os no se inscribieron en el ciclo escolar 2020-2021 debido a la pandemia de Covid-19 y por la falta de recursos. De ellos, 2.5 millones son mujeres.<\/p>\n\n\n\n<p>Agrega que entre la poblaci\u00f3n de seis a 12 a\u00f1os, en edad de cursar la primaria, 217 mil estudiantes abandonaron las aulas por la pandemia, 50 mil m\u00e1s por falta de dinero o recursos y 258 mil por otras razones.<\/p>\n\n\n\n<p>Entre los adolescentes de 13 a 15 a\u00f1os que cursaban la secundaria, 306 mil dejaron de ir a clases por el Covid-19, 71 mil por falta de dinero o recursos, 37 mil porque deb\u00edan trabajar y 285 mil por otras razones.<\/p>\n","protected":false},"excerpt":{"rendered":"<p>Ciudad de M\u00e9xico. Al menos un tercio de los menores en edad escolar no tienen condiciones de acceso al aprendizaje a distancia en regiones como Am\u00e9rica Latina, Asia y \u00c1frica. En total, 600 millones de ni\u00f1os y adolescentes a\u00fan se ven afectados por el cierre de las escuelas, advierte el Fondo de Naciones Unidas para [&hellip;]<\/p>\n","protected":false},"author":45,"featured_media":8501,"comment_status":"open","ping_status":"open","sticky":false,"template":"","format":"standard","meta":{"tdm_status":"","tdm_grid_status":"","footnotes":""},"categories":[39],"tags":[],"class_list":{"0":"post-8500","1":"post","2":"type-post","3":"status-publish","4":"format-standard","5":"has-post-thumbnail","7":"category-noticias-nacionales"},"yoast_head":"<!-- This site is optimized with the Yoast SEO plugin v27.4 - https:\/\/yoast.com\/product\/yoast-seo-wordpress\/ -->\n<title>Llama Unicef a abrir las escuelas y aplicar medidas anti-Covid - Fuentes Fidedignas<\/title>\n<meta name=\"robots\" content=\"index, follow, max-snippet:-1, max-image-preview:large, max-video-preview:-1\" \/>\n<link rel=\"canonical\" href=\"https:\/\/fuentesfidedignas.com.mx\/index.php\/2021\/07\/29\/llama-unicef-a-abrir-las-escuelas-y-aplicar-medidas-anti-covid\/\" \/>\n<meta property=\"og:locale\" content=\"es_MX\" \/>\n<meta property=\"og:type\" content=\"article\" \/>\n<meta property=\"og:title\" content=\"Llama Unicef a abrir las escuelas y aplicar medidas anti-Covid - Fuentes Fidedignas\" \/>\n<meta property=\"og:description\" content=\"Ciudad de M\u00e9xico. Al menos un tercio de los menores en edad escolar no tienen condiciones de acceso al aprendizaje a distancia en regiones como Am\u00e9rica Latina, Asia y \u00c1frica. En total, 600 millones de ni\u00f1os y adolescentes a\u00fan se ven afectados por el cierre de las escuelas, advierte el Fondo de Naciones Unidas para [&hellip;]\" \/>\n<meta property=\"og:url\" content=\"https:\/\/fuentesfidedignas.com.mx\/index.php\/2021\/07\/29\/llama-unicef-a-abrir-las-escuelas-y-aplicar-medidas-anti-covid\/\" \/>\n<meta property=\"og:site_name\" content=\"Fuentes Fidedignas\" \/>\n<meta property=\"article:publisher\" content=\"https:\/\/www.facebook.com\/Fuentes-Fidedignas-368234489921644\" \/>\n<meta property=\"article:published_time\" content=\"2021-07-30T00:12:49+00:00\" \/>\n<meta property=\"article:modified_time\" content=\"2021-07-30T00:12:50+00:00\" \/>\n<meta property=\"og:image\" content=\"https:\/\/fuentesfidedignas.com.mx\/wp-content\/uploads\/2021\/07\/unicef.jpg\" \/>\n\t<meta property=\"og:image:width\" content=\"1117\" \/>\n\t<meta property=\"og:image:height\" content=\"747\" \/>\n\t<meta property=\"og:image:type\" content=\"image\/jpeg\" \/>\n<meta name=\"author\" content=\"La Jornada\" \/>\n<meta name=\"twitter:card\" content=\"summary_large_image\" \/>\n<meta name=\"twitter:creator\" content=\"@fidedignas\" \/>\n<meta name=\"twitter:site\" content=\"@fidedignas\" \/>\n<meta name=\"twitter:label1\" content=\"Escrito por\" \/>\n\t<meta name=\"twitter:data1\" content=\"La Jornada\" \/>\n\t<meta name=\"twitter:label2\" content=\"Tiempo de lectura\" \/>\n\t<meta name=\"twitter:data2\" content=\"3 minutos\" \/>\n<script type=\"application\/ld+json\" class=\"yoast-schema-graph\">{\"@context\":\"https:\\\/\\\/schema.org\",\"@graph\":[{\"@type\":\"Article\",\"@id\":\"https:\\\/\\\/fuentesfidedignas.com.mx\\\/index.php\\\/2021\\\/07\\\/29\\\/llama-unicef-a-abrir-las-escuelas-y-aplicar-medidas-anti-covid\\\/#article\",\"isPartOf\":{\"@id\":\"https:\\\/\\\/fuentesfidedignas.com.mx\\\/index.php\\\/2021\\\/07\\\/29\\\/llama-unicef-a-abrir-las-escuelas-y-aplicar-medidas-anti-covid\\\/\"},\"author\":{\"name\":\"La Jornada\",\"@id\":\"https:\\\/\\\/fuentesfidedignas.com.mx\\\/#\\\/schema\\\/person\\\/87eacee4072e149fccc7de67f9634f35\"},\"headline\":\"Llama Unicef a abrir las escuelas y aplicar medidas anti-Covid\",\"datePublished\":\"2021-07-30T00:12:49+00:00\",\"dateModified\":\"2021-07-30T00:12:50+00:00\",\"mainEntityOfPage\":{\"@id\":\"https:\\\/\\\/fuentesfidedignas.com.mx\\\/index.php\\\/2021\\\/07\\\/29\\\/llama-unicef-a-abrir-las-escuelas-y-aplicar-medidas-anti-covid\\\/\"},\"wordCount\":491,\"commentCount\":0,\"publisher\":{\"@id\":\"https:\\\/\\\/fuentesfidedignas.com.mx\\\/#organization\"},\"image\":{\"@id\":\"https:\\\/\\\/fuentesfidedignas.com.mx\\\/index.php\\\/2021\\\/07\\\/29\\\/llama-unicef-a-abrir-las-escuelas-y-aplicar-medidas-anti-covid\\\/#primaryimage\"},\"thumbnailUrl\":\"https:\\\/\\\/fuentesfidedignas.com.mx\\\/wp-content\\\/uploads\\\/2021\\\/07\\\/unicef.jpg\",\"articleSection\":[\"NOTICIAS NACIONALES\"],\"inLanguage\":\"es\",\"potentialAction\":[{\"@type\":\"CommentAction\",\"name\":\"Comment\",\"target\":[\"https:\\\/\\\/fuentesfidedignas.com.mx\\\/index.php\\\/2021\\\/07\\\/29\\\/llama-unicef-a-abrir-las-escuelas-y-aplicar-medidas-anti-covid\\\/#respond\"]}]},{\"@type\":\"WebPage\",\"@id\":\"https:\\\/\\\/fuentesfidedignas.com.mx\\\/index.php\\\/2021\\\/07\\\/29\\\/llama-unicef-a-abrir-las-escuelas-y-aplicar-medidas-anti-covid\\\/\",\"url\":\"https:\\\/\\\/fuentesfidedignas.com.mx\\\/index.php\\\/2021\\\/07\\\/29\\\/llama-unicef-a-abrir-las-escuelas-y-aplicar-medidas-anti-covid\\\/\",\"name\":\"Llama Unicef a abrir las escuelas y aplicar medidas anti-Covid - Fuentes Fidedignas\",\"isPartOf\":{\"@id\":\"https:\\\/\\\/fuentesfidedignas.com.mx\\\/#website\"},\"primaryImageOfPage\":{\"@id\":\"https:\\\/\\\/fuentesfidedignas.com.mx\\\/index.php\\\/2021\\\/07\\\/29\\\/llama-unicef-a-abrir-las-escuelas-y-aplicar-medidas-anti-covid\\\/#primaryimage\"},\"image\":{\"@id\":\"https:\\\/\\\/fuentesfidedignas.com.mx\\\/index.php\\\/2021\\\/07\\\/29\\\/llama-unicef-a-abrir-las-escuelas-y-aplicar-medidas-anti-covid\\\/#primaryimage\"},\"thumbnailUrl\":\"https:\\\/\\\/fuentesfidedignas.com.mx\\\/wp-content\\\/uploads\\\/2021\\\/07\\\/unicef.jpg\",\"datePublished\":\"2021-07-30T00:12:49+00:00\",\"dateModified\":\"2021-07-30T00:12:50+00:00\",\"breadcrumb\":{\"@id\":\"https:\\\/\\\/fuentesfidedignas.com.mx\\\/index.php\\\/2021\\\/07\\\/29\\\/llama-unicef-a-abrir-las-escuelas-y-aplicar-medidas-anti-covid\\\/#breadcrumb\"},\"inLanguage\":\"es\",\"potentialAction\":[{\"@type\":\"ReadAction\",\"target\":[\"https:\\\/\\\/fuentesfidedignas.com.mx\\\/index.php\\\/2021\\\/07\\\/29\\\/llama-unicef-a-abrir-las-escuelas-y-aplicar-medidas-anti-covid\\\/\"]}]},{\"@type\":\"ImageObject\",\"inLanguage\":\"es\",\"@id\":\"https:\\\/\\\/fuentesfidedignas.com.mx\\\/index.php\\\/2021\\\/07\\\/29\\\/llama-unicef-a-abrir-las-escuelas-y-aplicar-medidas-anti-covid\\\/#primaryimage\",\"url\":\"https:\\\/\\\/fuentesfidedignas.com.mx\\\/wp-content\\\/uploads\\\/2021\\\/07\\\/unicef.jpg\",\"contentUrl\":\"https:\\\/\\\/fuentesfidedignas.com.mx\\\/wp-content\\\/uploads\\\/2021\\\/07\\\/unicef.jpg\",\"width\":1117,\"height\":747},{\"@type\":\"BreadcrumbList\",\"@id\":\"https:\\\/\\\/fuentesfidedignas.com.mx\\\/index.php\\\/2021\\\/07\\\/29\\\/llama-unicef-a-abrir-las-escuelas-y-aplicar-medidas-anti-covid\\\/#breadcrumb\",\"itemListElement\":[{\"@type\":\"ListItem\",\"position\":1,\"name\":\"Inicio\",\"item\":\"https:\\\/\\\/fuentesfidedignas.com.mx\\\/\"},{\"@type\":\"ListItem\",\"position\":2,\"name\":\"Llama Unicef a abrir las escuelas y aplicar medidas anti-Covid\"}]},{\"@type\":\"WebSite\",\"@id\":\"https:\\\/\\\/fuentesfidedignas.com.mx\\\/#website\",\"url\":\"https:\\\/\\\/fuentesfidedignas.com.mx\\\/\",\"name\":\"Fuentes Fidedignas\",\"description\":\"Otro sitio realizado con WordPress\",\"publisher\":{\"@id\":\"https:\\\/\\\/fuentesfidedignas.com.mx\\\/#organization\"},\"potentialAction\":[{\"@type\":\"SearchAction\",\"target\":{\"@type\":\"EntryPoint\",\"urlTemplate\":\"https:\\\/\\\/fuentesfidedignas.com.mx\\\/?s={search_term_string}\"},\"query-input\":{\"@type\":\"PropertyValueSpecification\",\"valueRequired\":true,\"valueName\":\"search_term_string\"}}],\"inLanguage\":\"es\"},{\"@type\":\"Organization\",\"@id\":\"https:\\\/\\\/fuentesfidedignas.com.mx\\\/#organization\",\"name\":\"Fuentes Fidedignas\",\"url\":\"https:\\\/\\\/fuentesfidedignas.com.mx\\\/\",\"logo\":{\"@type\":\"ImageObject\",\"inLanguage\":\"es\",\"@id\":\"https:\\\/\\\/fuentesfidedignas.com.mx\\\/#\\\/schema\\\/logo\\\/image\\\/\",\"url\":\"https:\\\/\\\/fuentesfidedignas.com.mx\\\/wp-content\\\/uploads\\\/2021\\\/04\\\/logo-retina.png\",\"contentUrl\":\"https:\\\/\\\/fuentesfidedignas.com.mx\\\/wp-content\\\/uploads\\\/2021\\\/04\\\/logo-retina.png\",\"width\":280,\"height\":51,\"caption\":\"Fuentes Fidedignas\"},\"image\":{\"@id\":\"https:\\\/\\\/fuentesfidedignas.com.mx\\\/#\\\/schema\\\/logo\\\/image\\\/\"},\"sameAs\":[\"https:\\\/\\\/www.facebook.com\\\/Fuentes-Fidedignas-368234489921644\",\"https:\\\/\\\/x.com\\\/fidedignas\"]},{\"@type\":\"Person\",\"@id\":\"https:\\\/\\\/fuentesfidedignas.com.mx\\\/#\\\/schema\\\/person\\\/87eacee4072e149fccc7de67f9634f35\",\"name\":\"La Jornada\",\"image\":{\"@type\":\"ImageObject\",\"inLanguage\":\"es\",\"@id\":\"https:\\\/\\\/secure.gravatar.com\\\/avatar\\\/2b09f15a418e222775ffd645761e3fcecd1fb9d7a38a3ba858adf349aab82c7c?s=96&d=mm&r=g\",\"url\":\"https:\\\/\\\/secure.gravatar.com\\\/avatar\\\/2b09f15a418e222775ffd645761e3fcecd1fb9d7a38a3ba858adf349aab82c7c?s=96&d=mm&r=g\",\"contentUrl\":\"https:\\\/\\\/secure.gravatar.com\\\/avatar\\\/2b09f15a418e222775ffd645761e3fcecd1fb9d7a38a3ba858adf349aab82c7c?s=96&d=mm&r=g\",\"caption\":\"La Jornada\"},\"url\":\"https:\\\/\\\/fuentesfidedignas.com.mx\\\/index.php\\\/author\\\/jornada\\\/\"}]}<\/script>\n<!-- \/ Yoast SEO plugin. -->","yoast_head_json":{"title":"Llama Unicef a abrir las escuelas y aplicar medidas anti-Covid - Fuentes Fidedignas","robots":{"index":"index","follow":"follow","max-snippet":"max-snippet:-1","max-image-preview":"max-image-preview:large","max-video-preview":"max-video-preview:-1"},"canonical":"https:\/\/fuentesfidedignas.com.mx\/index.php\/2021\/07\/29\/llama-unicef-a-abrir-las-escuelas-y-aplicar-medidas-anti-covid\/","og_locale":"es_MX","og_type":"article","og_title":"Llama Unicef a abrir las escuelas y aplicar medidas anti-Covid - Fuentes Fidedignas","og_description":"Ciudad de M\u00e9xico. Al menos un tercio de los menores en edad escolar no tienen condiciones de acceso al aprendizaje a distancia en regiones como Am\u00e9rica Latina, Asia y \u00c1frica. En total, 600 millones de ni\u00f1os y adolescentes a\u00fan se ven afectados por el cierre de las escuelas, advierte el Fondo de Naciones Unidas para [&hellip;]","og_url":"https:\/\/fuentesfidedignas.com.mx\/index.php\/2021\/07\/29\/llama-unicef-a-abrir-las-escuelas-y-aplicar-medidas-anti-covid\/","og_site_name":"Fuentes Fidedignas","article_publisher":"https:\/\/www.facebook.com\/Fuentes-Fidedignas-368234489921644","article_published_time":"2021-07-30T00:12:49+00:00","article_modified_time":"2021-07-30T00:12:50+00:00","og_image":[{"width":1117,"height":747,"url":"https:\/\/fuentesfidedignas.com.mx\/wp-content\/uploads\/2021\/07\/unicef.jpg","type":"image\/jpeg"}],"author":"La Jornada","twitter_card":"summary_large_image","twitter_creator":"@fidedignas","twitter_site":"@fidedignas","twitter_misc":{"Escrito por":"La Jornada","Tiempo de lectura":"3 minutos"},"schema":{"@context":"https:\/\/schema.org","@graph":[{"@type":"Article","@id":"https:\/\/fuentesfidedignas.com.mx\/index.php\/2021\/07\/29\/llama-unicef-a-abrir-las-escuelas-y-aplicar-medidas-anti-covid\/#article","isPartOf":{"@id":"https:\/\/fuentesfidedignas.com.mx\/index.php\/2021\/07\/29\/llama-unicef-a-abrir-las-escuelas-y-aplicar-medidas-anti-covid\/"},"author":{"name":"La Jornada","@id":"https:\/\/fuentesfidedignas.com.mx\/#\/schema\/person\/87eacee4072e149fccc7de67f9634f35"},"headline":"Llama Unicef a abrir las escuelas y aplicar medidas anti-Covid","datePublished":"2021-07-30T00:12:49+00:00","dateModified":"2021-07-30T00:12:50+00:00","mainEntityOfPage":{"@id":"https:\/\/fuentesfidedignas.com.mx\/index.php\/2021\/07\/29\/llama-unicef-a-abrir-las-escuelas-y-aplicar-medidas-anti-covid\/"},"wordCount":491,"commentCount":0,"publisher":{"@id":"https:\/\/fuentesfidedignas.com.mx\/#organization"},"image":{"@id":"https:\/\/fuentesfidedignas.com.mx\/index.php\/2021\/07\/29\/llama-unicef-a-abrir-las-escuelas-y-aplicar-medidas-anti-covid\/#primaryimage"},"thumbnailUrl":"https:\/\/fuentesfidedignas.com.mx\/wp-content\/uploads\/2021\/07\/unicef.jpg","articleSection":["NOTICIAS NACIONALES"],"inLanguage":"es","potentialAction":[{"@type":"CommentAction","name":"Comment","target":["https:\/\/fuentesfidedignas.com.mx\/index.php\/2021\/07\/29\/llama-unicef-a-abrir-las-escuelas-y-aplicar-medidas-anti-covid\/#respond"]}]},{"@type":"WebPage","@id":"https:\/\/fuentesfidedignas.com.mx\/index.php\/2021\/07\/29\/llama-unicef-a-abrir-las-escuelas-y-aplicar-medidas-anti-covid\/","url":"https:\/\/fuentesfidedignas.com.mx\/index.php\/2021\/07\/29\/llama-unicef-a-abrir-las-escuelas-y-aplicar-medidas-anti-covid\/","name":"Llama Unicef a abrir las escuelas y aplicar medidas anti-Covid - Fuentes Fidedignas","isPartOf":{"@id":"https:\/\/fuentesfidedignas.com.mx\/#website"},"primaryImageOfPage":{"@id":"https:\/\/fuentesfidedignas.com.mx\/index.php\/2021\/07\/29\/llama-unicef-a-abrir-las-escuelas-y-aplicar-medidas-anti-covid\/#primaryimage"},"image":{"@id":"https:\/\/fuentesfidedignas.com.mx\/index.php\/2021\/07\/29\/llama-unicef-a-abrir-las-escuelas-y-aplicar-medidas-anti-covid\/#primaryimage"},"thumbnailUrl":"https:\/\/fuentesfidedignas.com.mx\/wp-content\/uploads\/2021\/07\/unicef.jpg","datePublished":"2021-07-30T00:12:49+00:00","dateModified":"2021-07-30T00:12:50+00:00","breadcrumb":{"@id":"https:\/\/fuentesfidedignas.com.mx\/index.php\/2021\/07\/29\/llama-unicef-a-abrir-las-escuelas-y-aplicar-medidas-anti-covid\/#breadcrumb"},"inLanguage":"es","potentialAction":[{"@type":"ReadAction","target":["https:\/\/fuentesfidedignas.com.mx\/index.php\/2021\/07\/29\/llama-unicef-a-abrir-las-escuelas-y-aplicar-medidas-anti-covid\/"]}]},{"@type":"ImageObject","inLanguage":"es","@id":"https:\/\/fuentesfidedignas.com.mx\/index.php\/2021\/07\/29\/llama-unicef-a-abrir-las-escuelas-y-aplicar-medidas-anti-covid\/#primaryimage","url":"https:\/\/fuentesfidedignas.com.mx\/wp-content\/uploads\/2021\/07\/unicef.jpg","contentUrl":"https:\/\/fuentesfidedignas.com.mx\/wp-content\/uploads\/2021\/07\/unicef.jpg","width":1117,"height":747},{"@type":"BreadcrumbList","@id":"https:\/\/fuentesfidedignas.com.mx\/index.php\/2021\/07\/29\/llama-unicef-a-abrir-las-escuelas-y-aplicar-medidas-anti-covid\/#breadcrumb","itemListElement":[{"@type":"ListItem","position":1,"name":"Inicio","item":"https:\/\/fuentesfidedignas.com.mx\/"},{"@type":"ListItem","position":2,"name":"Llama Unicef a abrir las escuelas y aplicar medidas anti-Covid"}]},{"@type":"WebSite","@id":"https:\/\/fuentesfidedignas.com.mx\/#website","url":"https:\/\/fuentesfidedignas.com.mx\/","name":"Fuentes Fidedignas","description":"Otro sitio realizado con WordPress","publisher":{"@id":"https:\/\/fuentesfidedignas.com.mx\/#organization"},"potentialAction":[{"@type":"SearchAction","target":{"@type":"EntryPoint","urlTemplate":"https:\/\/fuentesfidedignas.com.mx\/?s={search_term_string}"},"query-input":{"@type":"PropertyValueSpecification","valueRequired":true,"valueName":"search_term_string"}}],"inLanguage":"es"},{"@type":"Organization","@id":"https:\/\/fuentesfidedignas.com.mx\/#organization","name":"Fuentes Fidedignas","url":"https:\/\/fuentesfidedignas.com.mx\/","logo":{"@type":"ImageObject","inLanguage":"es","@id":"https:\/\/fuentesfidedignas.com.mx\/#\/schema\/logo\/image\/","url":"https:\/\/fuentesfidedignas.com.mx\/wp-content\/uploads\/2021\/04\/logo-retina.png","contentUrl":"https:\/\/fuentesfidedignas.com.mx\/wp-content\/uploads\/2021\/04\/logo-retina.png","width":280,"height":51,"caption":"Fuentes Fidedignas"},"image":{"@id":"https:\/\/fuentesfidedignas.com.mx\/#\/schema\/logo\/image\/"},"sameAs":["https:\/\/www.facebook.com\/Fuentes-Fidedignas-368234489921644","https:\/\/x.com\/fidedignas"]},{"@type":"Person","@id":"https:\/\/fuentesfidedignas.com.mx\/#\/schema\/person\/87eacee4072e149fccc7de67f9634f35","name":"La Jornada","image":{"@type":"ImageObject","inLanguage":"es","@id":"https:\/\/secure.gravatar.com\/avatar\/2b09f15a418e222775ffd645761e3fcecd1fb9d7a38a3ba858adf349aab82c7c?s=96&d=mm&r=g","url":"https:\/\/secure.gravatar.com\/avatar\/2b09f15a418e222775ffd645761e3fcecd1fb9d7a38a3ba858adf349aab82c7c?s=96&d=mm&r=g","contentUrl":"https:\/\/secure.gravatar.com\/avatar\/2b09f15a418e222775ffd645761e3fcecd1fb9d7a38a3ba858adf349aab82c7c?s=96&d=mm&r=g","caption":"La Jornada"},"url":"https:\/\/fuentesfidedignas.com.mx\/index.php\/author\/jornada\/"}]}},"_links":{"self":[{"href":"https:\/\/fuentesfidedignas.com.mx\/index.php\/wp-json\/wp\/v2\/posts\/8500","targetHints":{"allow":["GET"]}}],"collection":[{"href":"https:\/\/fuentesfidedignas.com.mx\/index.php\/wp-json\/wp\/v2\/posts"}],"about":[{"href":"https:\/\/fuentesfidedignas.com.mx\/index.php\/wp-json\/wp\/v2\/types\/post"}],"author":[{"embeddable":true,"href":"https:\/\/fuentesfidedignas.com.mx\/index.php\/wp-json\/wp\/v2\/users\/45"}],"replies":[{"embeddable":true,"href":"https:\/\/fuentesfidedignas.com.mx\/index.php\/wp-json\/wp\/v2\/comments?post=8500"}],"version-history":[{"count":1,"href":"https:\/\/fuentesfidedignas.com.mx\/index.php\/wp-json\/wp\/v2\/posts\/8500\/revisions"}],"predecessor-version":[{"id":8502,"href":"https:\/\/fuentesfidedignas.com.mx\/index.php\/wp-json\/wp\/v2\/posts\/8500\/revisions\/8502"}],"wp:featuredmedia":[{"embeddable":true,"href":"https:\/\/fuentesfidedignas.com.mx\/index.php\/wp-json\/wp\/v2\/media\/8501"}],"wp:attachment":[{"href":"https:\/\/fuentesfidedignas.com.mx\/index.php\/wp-json\/wp\/v2\/media?parent=8500"}],"wp:term":[{"taxonomy":"category","embeddable":true,"href":"https:\/\/fuentesfidedignas.com.mx\/index.php\/wp-json\/wp\/v2\/categories?post=8500"},{"taxonomy":"post_tag","embeddable":true,"href":"https:\/\/fuentesfidedignas.com.mx\/index.php\/wp-json\/wp\/v2\/tags?post=8500"}],"curies":[{"name":"wp","href":"https:\/\/api.w.org\/{rel}","templated":true}]}}