{"id":84894,"date":"2024-06-25T11:35:08","date_gmt":"2024-06-25T18:35:08","guid":{"rendered":"https:\/\/fuentesfidedignas.com.mx\/?p=84894"},"modified":"2024-06-25T11:35:08","modified_gmt":"2024-06-25T18:35:08","slug":"detienen-a-celula-del-cartel-de-sinaloa-quemaba-antros-y-bares-en-baja-california","status":"publish","type":"post","link":"https:\/\/fuentesfidedignas.com.mx\/index.php\/2024\/06\/25\/detienen-a-celula-del-cartel-de-sinaloa-quemaba-antros-y-bares-en-baja-california\/","title":{"rendered":"Detienen a c\u00e9lula del Cartel de Sinaloa; quemaba antros y bares en Baja California"},"content":{"rendered":"\n<p><strong><em>Cinco personas fueron aprehendidas; pertenecen a &#8216;Los Salazar&#8217;, brazo armado de &#8216;Los Chapitos&#8217;, y se presume que se dedican al &#8216;cobro de piso&#8217;.<\/em><\/strong><\/p>\n\n\n\n<p>Tras una serie de cateos, la Fiscal\u00eda General del Estado (FGE) aprehendi\u00f3 a cinco personas, incautaron armas de fuego y bombas &#8216;molotov&#8217; que usaron para incendiar a antros y bares en la capital de Baja California con el fin de &#8216;cobrarles piso&#8217;.<\/p>\n\n\n\n<p>Se trata de una c\u00e9lula de Los Salazar, un brazo armado de Los Chapitos\u00a0del C\u00e1rtel de Sinaloa que mantiene operaciones en San Luis R\u00edo Colorado, Sonora, ciudad vecina de Mexicali.<\/p>\n\n\n\n<p>La titular de la fiscal\u00eda estatal, Mar\u00eda Elena Andrade Ram\u00edrez, declar\u00f3 que dieron con ellos al dar seguimiento a una serie de ataques con bombas &#8216;molotov&#8217; a antros, entre ellos &#8220;La Conse&#8221;.<\/p>\n\n\n\n<p>Tras cateos a un par de inmuebles, uno de ellos localizado en la colonia Prohogar, aseguraron a dos mujeres y un hombre, a quienes incautaron seis armas de fuego, cientos de balas y bombas &#8216;molotov&#8217;.<\/p>\n\n\n\n<figure class=\"wp-block-image size-full\"><img decoding=\"async\" width=\"618\" height=\"577\" src=\"https:\/\/fuentesfidedignas.com.mx\/wp-content\/uploads\/2024\/06\/image-3-7.jpg\" alt=\"\" class=\"wp-image-84895\" srcset=\"https:\/\/fuentesfidedignas.com.mx\/wp-content\/uploads\/2024\/06\/image-3-7.jpg 618w, https:\/\/fuentesfidedignas.com.mx\/wp-content\/uploads\/2024\/06\/image-3-7-300x280.jpg 300w, https:\/\/fuentesfidedignas.com.mx\/wp-content\/uploads\/2024\/06\/image-3-7-450x420.jpg 450w, https:\/\/fuentesfidedignas.com.mx\/wp-content\/uploads\/2024\/06\/image-3-7-600x560.jpg 600w\" sizes=\"(max-width: 618px) 100vw, 618px\" \/><\/figure>\n\n\n\n<p>\u200bSe les cumplimentaron \u00f3rdenes de aprehensi\u00f3n por los delitos de terrorismo y da\u00f1os en propiedad ajena, adem\u00e1s, dieron parte a la Fiscal\u00eda General de la Rep\u00fablica (FGR) para que investigue los probables delitos federales por la posesi\u00f3n de las armas.<\/p>\n\n\n\n<p><\/p>\n","protected":false},"excerpt":{"rendered":"<p>Cinco personas fueron aprehendidas; pertenecen a &#8216;Los Salazar&#8217;, brazo armado de &#8216;Los Chapitos&#8217;, y se presume que se dedican al &#8216;cobro de piso&#8217;. Tras una serie de cateos, la Fiscal\u00eda General del Estado (FGE) aprehendi\u00f3 a cinco personas, incautaron armas de fuego y bombas &#8216;molotov&#8217; que usaron para incendiar a antros y bares en la [&hellip;]<\/p>\n","protected":false},"author":9,"featured_media":84897,"comment_status":"open","ping_status":"open","sticky":false,"template":"","format":"standard","meta":{"tdm_status":"","tdm_grid_status":"","footnotes":""},"categories":[39],"tags":[],"class_list":{"0":"post-84894","1":"post","2":"type-post","3":"status-publish","4":"format-standard","5":"has-post-thumbnail","7":"category-noticias-nacionales"},"yoast_head":"<!-- This site is optimized with the Yoast SEO plugin v27.5 - https:\/\/yoast.com\/product\/yoast-seo-wordpress\/ -->\n<title>Detienen a c\u00e9lula del Cartel de Sinaloa; quemaba antros y bares en Baja California - Fuentes Fidedignas<\/title>\n<meta name=\"robots\" content=\"index, follow, max-snippet:-1, max-image-preview:large, max-video-preview:-1\" \/>\n<link rel=\"canonical\" href=\"https:\/\/fuentesfidedignas.com.mx\/index.php\/2024\/06\/25\/detienen-a-celula-del-cartel-de-sinaloa-quemaba-antros-y-bares-en-baja-california\/\" \/>\n<meta property=\"og:locale\" content=\"es_MX\" \/>\n<meta property=\"og:type\" content=\"article\" \/>\n<meta property=\"og:title\" content=\"Detienen a c\u00e9lula del Cartel de Sinaloa; quemaba antros y bares en Baja California - Fuentes Fidedignas\" \/>\n<meta property=\"og:description\" content=\"Cinco personas fueron aprehendidas; pertenecen a &#8216;Los Salazar&#8217;, brazo armado de &#8216;Los Chapitos&#8217;, y se presume que se dedican al &#8216;cobro de piso&#8217;. Tras una serie de cateos, la Fiscal\u00eda General del Estado (FGE) aprehendi\u00f3 a cinco personas, incautaron armas de fuego y bombas &#8216;molotov&#8217; que usaron para incendiar a antros y bares en la [&hellip;]\" \/>\n<meta property=\"og:url\" content=\"https:\/\/fuentesfidedignas.com.mx\/index.php\/2024\/06\/25\/detienen-a-celula-del-cartel-de-sinaloa-quemaba-antros-y-bares-en-baja-california\/\" \/>\n<meta property=\"og:site_name\" content=\"Fuentes Fidedignas\" \/>\n<meta property=\"article:publisher\" content=\"https:\/\/www.facebook.com\/Fuentes-Fidedignas-368234489921644\" \/>\n<meta property=\"article:published_time\" content=\"2024-06-25T18:35:08+00:00\" \/>\n<meta property=\"og:image\" content=\"https:\/\/fuentesfidedignas.com.mx\/wp-content\/uploads\/2024\/06\/cedula-bc.jpg\" \/>\n\t<meta property=\"og:image:width\" content=\"650\" \/>\n\t<meta property=\"og:image:height\" content=\"364\" \/>\n\t<meta property=\"og:image:type\" content=\"image\/jpeg\" \/>\n<meta name=\"author\" content=\"Milenio\" \/>\n<meta name=\"twitter:card\" content=\"summary_large_image\" \/>\n<meta name=\"twitter:creator\" content=\"@fidedignas\" \/>\n<meta name=\"twitter:site\" content=\"@fidedignas\" \/>\n<meta name=\"twitter:label1\" content=\"Escrito por\" \/>\n\t<meta name=\"twitter:data1\" content=\"Milenio\" \/>\n\t<meta name=\"twitter:label2\" content=\"Tiempo de lectura\" \/>\n\t<meta name=\"twitter:data2\" content=\"2 minutos\" \/>\n<script type=\"application\/ld+json\" class=\"yoast-schema-graph\">{\"@context\":\"https:\\\/\\\/schema.org\",\"@graph\":[{\"@type\":\"Article\",\"@id\":\"https:\\\/\\\/fuentesfidedignas.com.mx\\\/index.php\\\/2024\\\/06\\\/25\\\/detienen-a-celula-del-cartel-de-sinaloa-quemaba-antros-y-bares-en-baja-california\\\/#article\",\"isPartOf\":{\"@id\":\"https:\\\/\\\/fuentesfidedignas.com.mx\\\/index.php\\\/2024\\\/06\\\/25\\\/detienen-a-celula-del-cartel-de-sinaloa-quemaba-antros-y-bares-en-baja-california\\\/\"},\"author\":{\"name\":\"Milenio\",\"@id\":\"https:\\\/\\\/fuentesfidedignas.com.mx\\\/#\\\/schema\\\/person\\\/47ec0135738f4b0c7495f06a77a2c976\"},\"headline\":\"Detienen a c\u00e9lula del Cartel de Sinaloa; quemaba antros y bares en Baja California\",\"datePublished\":\"2024-06-25T18:35:08+00:00\",\"mainEntityOfPage\":{\"@id\":\"https:\\\/\\\/fuentesfidedignas.com.mx\\\/index.php\\\/2024\\\/06\\\/25\\\/detienen-a-celula-del-cartel-de-sinaloa-quemaba-antros-y-bares-en-baja-california\\\/\"},\"wordCount\":231,\"commentCount\":0,\"publisher\":{\"@id\":\"https:\\\/\\\/fuentesfidedignas.com.mx\\\/#organization\"},\"image\":{\"@id\":\"https:\\\/\\\/fuentesfidedignas.com.mx\\\/index.php\\\/2024\\\/06\\\/25\\\/detienen-a-celula-del-cartel-de-sinaloa-quemaba-antros-y-bares-en-baja-california\\\/#primaryimage\"},\"thumbnailUrl\":\"https:\\\/\\\/fuentesfidedignas.com.mx\\\/wp-content\\\/uploads\\\/2024\\\/06\\\/cedula-bc.jpg\",\"articleSection\":[\"NOTICIAS NACIONALES\"],\"inLanguage\":\"es\",\"potentialAction\":[{\"@type\":\"CommentAction\",\"name\":\"Comment\",\"target\":[\"https:\\\/\\\/fuentesfidedignas.com.mx\\\/index.php\\\/2024\\\/06\\\/25\\\/detienen-a-celula-del-cartel-de-sinaloa-quemaba-antros-y-bares-en-baja-california\\\/#respond\"]}]},{\"@type\":\"WebPage\",\"@id\":\"https:\\\/\\\/fuentesfidedignas.com.mx\\\/index.php\\\/2024\\\/06\\\/25\\\/detienen-a-celula-del-cartel-de-sinaloa-quemaba-antros-y-bares-en-baja-california\\\/\",\"url\":\"https:\\\/\\\/fuentesfidedignas.com.mx\\\/index.php\\\/2024\\\/06\\\/25\\\/detienen-a-celula-del-cartel-de-sinaloa-quemaba-antros-y-bares-en-baja-california\\\/\",\"name\":\"Detienen a c\u00e9lula del Cartel de Sinaloa; quemaba antros y bares en Baja California - Fuentes Fidedignas\",\"isPartOf\":{\"@id\":\"https:\\\/\\\/fuentesfidedignas.com.mx\\\/#website\"},\"primaryImageOfPage\":{\"@id\":\"https:\\\/\\\/fuentesfidedignas.com.mx\\\/index.php\\\/2024\\\/06\\\/25\\\/detienen-a-celula-del-cartel-de-sinaloa-quemaba-antros-y-bares-en-baja-california\\\/#primaryimage\"},\"image\":{\"@id\":\"https:\\\/\\\/fuentesfidedignas.com.mx\\\/index.php\\\/2024\\\/06\\\/25\\\/detienen-a-celula-del-cartel-de-sinaloa-quemaba-antros-y-bares-en-baja-california\\\/#primaryimage\"},\"thumbnailUrl\":\"https:\\\/\\\/fuentesfidedignas.com.mx\\\/wp-content\\\/uploads\\\/2024\\\/06\\\/cedula-bc.jpg\",\"datePublished\":\"2024-06-25T18:35:08+00:00\",\"breadcrumb\":{\"@id\":\"https:\\\/\\\/fuentesfidedignas.com.mx\\\/index.php\\\/2024\\\/06\\\/25\\\/detienen-a-celula-del-cartel-de-sinaloa-quemaba-antros-y-bares-en-baja-california\\\/#breadcrumb\"},\"inLanguage\":\"es\",\"potentialAction\":[{\"@type\":\"ReadAction\",\"target\":[\"https:\\\/\\\/fuentesfidedignas.com.mx\\\/index.php\\\/2024\\\/06\\\/25\\\/detienen-a-celula-del-cartel-de-sinaloa-quemaba-antros-y-bares-en-baja-california\\\/\"]}]},{\"@type\":\"ImageObject\",\"inLanguage\":\"es\",\"@id\":\"https:\\\/\\\/fuentesfidedignas.com.mx\\\/index.php\\\/2024\\\/06\\\/25\\\/detienen-a-celula-del-cartel-de-sinaloa-quemaba-antros-y-bares-en-baja-california\\\/#primaryimage\",\"url\":\"https:\\\/\\\/fuentesfidedignas.com.mx\\\/wp-content\\\/uploads\\\/2024\\\/06\\\/cedula-bc.jpg\",\"contentUrl\":\"https:\\\/\\\/fuentesfidedignas.com.mx\\\/wp-content\\\/uploads\\\/2024\\\/06\\\/cedula-bc.jpg\",\"width\":650,\"height\":364},{\"@type\":\"BreadcrumbList\",\"@id\":\"https:\\\/\\\/fuentesfidedignas.com.mx\\\/index.php\\\/2024\\\/06\\\/25\\\/detienen-a-celula-del-cartel-de-sinaloa-quemaba-antros-y-bares-en-baja-california\\\/#breadcrumb\",\"itemListElement\":[{\"@type\":\"ListItem\",\"position\":1,\"name\":\"Inicio\",\"item\":\"https:\\\/\\\/fuentesfidedignas.com.mx\\\/\"},{\"@type\":\"ListItem\",\"position\":2,\"name\":\"Detienen a c\u00e9lula del Cartel de Sinaloa; quemaba antros y bares en Baja California\"}]},{\"@type\":\"WebSite\",\"@id\":\"https:\\\/\\\/fuentesfidedignas.com.mx\\\/#website\",\"url\":\"https:\\\/\\\/fuentesfidedignas.com.mx\\\/\",\"name\":\"Fuentes Fidedignas\",\"description\":\"Otro sitio realizado con WordPress\",\"publisher\":{\"@id\":\"https:\\\/\\\/fuentesfidedignas.com.mx\\\/#organization\"},\"potentialAction\":[{\"@type\":\"SearchAction\",\"target\":{\"@type\":\"EntryPoint\",\"urlTemplate\":\"https:\\\/\\\/fuentesfidedignas.com.mx\\\/?s={search_term_string}\"},\"query-input\":{\"@type\":\"PropertyValueSpecification\",\"valueRequired\":true,\"valueName\":\"search_term_string\"}}],\"inLanguage\":\"es\"},{\"@type\":\"Organization\",\"@id\":\"https:\\\/\\\/fuentesfidedignas.com.mx\\\/#organization\",\"name\":\"Fuentes Fidedignas\",\"url\":\"https:\\\/\\\/fuentesfidedignas.com.mx\\\/\",\"logo\":{\"@type\":\"ImageObject\",\"inLanguage\":\"es\",\"@id\":\"https:\\\/\\\/fuentesfidedignas.com.mx\\\/#\\\/schema\\\/logo\\\/image\\\/\",\"url\":\"https:\\\/\\\/fuentesfidedignas.com.mx\\\/wp-content\\\/uploads\\\/2021\\\/04\\\/logo-retina.png\",\"contentUrl\":\"https:\\\/\\\/fuentesfidedignas.com.mx\\\/wp-content\\\/uploads\\\/2021\\\/04\\\/logo-retina.png\",\"width\":280,\"height\":51,\"caption\":\"Fuentes Fidedignas\"},\"image\":{\"@id\":\"https:\\\/\\\/fuentesfidedignas.com.mx\\\/#\\\/schema\\\/logo\\\/image\\\/\"},\"sameAs\":[\"https:\\\/\\\/www.facebook.com\\\/Fuentes-Fidedignas-368234489921644\",\"https:\\\/\\\/x.com\\\/fidedignas\"]},{\"@type\":\"Person\",\"@id\":\"https:\\\/\\\/fuentesfidedignas.com.mx\\\/#\\\/schema\\\/person\\\/47ec0135738f4b0c7495f06a77a2c976\",\"name\":\"Milenio\",\"image\":{\"@type\":\"ImageObject\",\"inLanguage\":\"es\",\"@id\":\"https:\\\/\\\/secure.gravatar.com\\\/avatar\\\/acabf7b54753e51c2c76457954577c236b3b764789b19879565769739d1e4a75?s=96&d=mm&r=g\",\"url\":\"https:\\\/\\\/secure.gravatar.com\\\/avatar\\\/acabf7b54753e51c2c76457954577c236b3b764789b19879565769739d1e4a75?s=96&d=mm&r=g\",\"contentUrl\":\"https:\\\/\\\/secure.gravatar.com\\\/avatar\\\/acabf7b54753e51c2c76457954577c236b3b764789b19879565769739d1e4a75?s=96&d=mm&r=g\",\"caption\":\"Milenio\"},\"url\":\"https:\\\/\\\/fuentesfidedignas.com.mx\\\/index.php\\\/author\\\/milenio\\\/\"}]}<\/script>\n<!-- \/ Yoast SEO plugin. -->","yoast_head_json":{"title":"Detienen a c\u00e9lula del Cartel de Sinaloa; quemaba antros y bares en Baja California - Fuentes Fidedignas","robots":{"index":"index","follow":"follow","max-snippet":"max-snippet:-1","max-image-preview":"max-image-preview:large","max-video-preview":"max-video-preview:-1"},"canonical":"https:\/\/fuentesfidedignas.com.mx\/index.php\/2024\/06\/25\/detienen-a-celula-del-cartel-de-sinaloa-quemaba-antros-y-bares-en-baja-california\/","og_locale":"es_MX","og_type":"article","og_title":"Detienen a c\u00e9lula del Cartel de Sinaloa; quemaba antros y bares en Baja California - Fuentes Fidedignas","og_description":"Cinco personas fueron aprehendidas; pertenecen a &#8216;Los Salazar&#8217;, brazo armado de &#8216;Los Chapitos&#8217;, y se presume que se dedican al &#8216;cobro de piso&#8217;. Tras una serie de cateos, la Fiscal\u00eda General del Estado (FGE) aprehendi\u00f3 a cinco personas, incautaron armas de fuego y bombas &#8216;molotov&#8217; que usaron para incendiar a antros y bares en la [&hellip;]","og_url":"https:\/\/fuentesfidedignas.com.mx\/index.php\/2024\/06\/25\/detienen-a-celula-del-cartel-de-sinaloa-quemaba-antros-y-bares-en-baja-california\/","og_site_name":"Fuentes Fidedignas","article_publisher":"https:\/\/www.facebook.com\/Fuentes-Fidedignas-368234489921644","article_published_time":"2024-06-25T18:35:08+00:00","og_image":[{"width":650,"height":364,"url":"https:\/\/fuentesfidedignas.com.mx\/wp-content\/uploads\/2024\/06\/cedula-bc.jpg","type":"image\/jpeg"}],"author":"Milenio","twitter_card":"summary_large_image","twitter_creator":"@fidedignas","twitter_site":"@fidedignas","twitter_misc":{"Escrito por":"Milenio","Tiempo de lectura":"2 minutos"},"schema":{"@context":"https:\/\/schema.org","@graph":[{"@type":"Article","@id":"https:\/\/fuentesfidedignas.com.mx\/index.php\/2024\/06\/25\/detienen-a-celula-del-cartel-de-sinaloa-quemaba-antros-y-bares-en-baja-california\/#article","isPartOf":{"@id":"https:\/\/fuentesfidedignas.com.mx\/index.php\/2024\/06\/25\/detienen-a-celula-del-cartel-de-sinaloa-quemaba-antros-y-bares-en-baja-california\/"},"author":{"name":"Milenio","@id":"https:\/\/fuentesfidedignas.com.mx\/#\/schema\/person\/47ec0135738f4b0c7495f06a77a2c976"},"headline":"Detienen a c\u00e9lula del Cartel de Sinaloa; quemaba antros y bares en Baja California","datePublished":"2024-06-25T18:35:08+00:00","mainEntityOfPage":{"@id":"https:\/\/fuentesfidedignas.com.mx\/index.php\/2024\/06\/25\/detienen-a-celula-del-cartel-de-sinaloa-quemaba-antros-y-bares-en-baja-california\/"},"wordCount":231,"commentCount":0,"publisher":{"@id":"https:\/\/fuentesfidedignas.com.mx\/#organization"},"image":{"@id":"https:\/\/fuentesfidedignas.com.mx\/index.php\/2024\/06\/25\/detienen-a-celula-del-cartel-de-sinaloa-quemaba-antros-y-bares-en-baja-california\/#primaryimage"},"thumbnailUrl":"https:\/\/fuentesfidedignas.com.mx\/wp-content\/uploads\/2024\/06\/cedula-bc.jpg","articleSection":["NOTICIAS NACIONALES"],"inLanguage":"es","potentialAction":[{"@type":"CommentAction","name":"Comment","target":["https:\/\/fuentesfidedignas.com.mx\/index.php\/2024\/06\/25\/detienen-a-celula-del-cartel-de-sinaloa-quemaba-antros-y-bares-en-baja-california\/#respond"]}]},{"@type":"WebPage","@id":"https:\/\/fuentesfidedignas.com.mx\/index.php\/2024\/06\/25\/detienen-a-celula-del-cartel-de-sinaloa-quemaba-antros-y-bares-en-baja-california\/","url":"https:\/\/fuentesfidedignas.com.mx\/index.php\/2024\/06\/25\/detienen-a-celula-del-cartel-de-sinaloa-quemaba-antros-y-bares-en-baja-california\/","name":"Detienen a c\u00e9lula del Cartel de Sinaloa; quemaba antros y bares en Baja California - Fuentes Fidedignas","isPartOf":{"@id":"https:\/\/fuentesfidedignas.com.mx\/#website"},"primaryImageOfPage":{"@id":"https:\/\/fuentesfidedignas.com.mx\/index.php\/2024\/06\/25\/detienen-a-celula-del-cartel-de-sinaloa-quemaba-antros-y-bares-en-baja-california\/#primaryimage"},"image":{"@id":"https:\/\/fuentesfidedignas.com.mx\/index.php\/2024\/06\/25\/detienen-a-celula-del-cartel-de-sinaloa-quemaba-antros-y-bares-en-baja-california\/#primaryimage"},"thumbnailUrl":"https:\/\/fuentesfidedignas.com.mx\/wp-content\/uploads\/2024\/06\/cedula-bc.jpg","datePublished":"2024-06-25T18:35:08+00:00","breadcrumb":{"@id":"https:\/\/fuentesfidedignas.com.mx\/index.php\/2024\/06\/25\/detienen-a-celula-del-cartel-de-sinaloa-quemaba-antros-y-bares-en-baja-california\/#breadcrumb"},"inLanguage":"es","potentialAction":[{"@type":"ReadAction","target":["https:\/\/fuentesfidedignas.com.mx\/index.php\/2024\/06\/25\/detienen-a-celula-del-cartel-de-sinaloa-quemaba-antros-y-bares-en-baja-california\/"]}]},{"@type":"ImageObject","inLanguage":"es","@id":"https:\/\/fuentesfidedignas.com.mx\/index.php\/2024\/06\/25\/detienen-a-celula-del-cartel-de-sinaloa-quemaba-antros-y-bares-en-baja-california\/#primaryimage","url":"https:\/\/fuentesfidedignas.com.mx\/wp-content\/uploads\/2024\/06\/cedula-bc.jpg","contentUrl":"https:\/\/fuentesfidedignas.com.mx\/wp-content\/uploads\/2024\/06\/cedula-bc.jpg","width":650,"height":364},{"@type":"BreadcrumbList","@id":"https:\/\/fuentesfidedignas.com.mx\/index.php\/2024\/06\/25\/detienen-a-celula-del-cartel-de-sinaloa-quemaba-antros-y-bares-en-baja-california\/#breadcrumb","itemListElement":[{"@type":"ListItem","position":1,"name":"Inicio","item":"https:\/\/fuentesfidedignas.com.mx\/"},{"@type":"ListItem","position":2,"name":"Detienen a c\u00e9lula del Cartel de Sinaloa; quemaba antros y bares en Baja California"}]},{"@type":"WebSite","@id":"https:\/\/fuentesfidedignas.com.mx\/#website","url":"https:\/\/fuentesfidedignas.com.mx\/","name":"Fuentes Fidedignas","description":"Otro sitio realizado con WordPress","publisher":{"@id":"https:\/\/fuentesfidedignas.com.mx\/#organization"},"potentialAction":[{"@type":"SearchAction","target":{"@type":"EntryPoint","urlTemplate":"https:\/\/fuentesfidedignas.com.mx\/?s={search_term_string}"},"query-input":{"@type":"PropertyValueSpecification","valueRequired":true,"valueName":"search_term_string"}}],"inLanguage":"es"},{"@type":"Organization","@id":"https:\/\/fuentesfidedignas.com.mx\/#organization","name":"Fuentes Fidedignas","url":"https:\/\/fuentesfidedignas.com.mx\/","logo":{"@type":"ImageObject","inLanguage":"es","@id":"https:\/\/fuentesfidedignas.com.mx\/#\/schema\/logo\/image\/","url":"https:\/\/fuentesfidedignas.com.mx\/wp-content\/uploads\/2021\/04\/logo-retina.png","contentUrl":"https:\/\/fuentesfidedignas.com.mx\/wp-content\/uploads\/2021\/04\/logo-retina.png","width":280,"height":51,"caption":"Fuentes Fidedignas"},"image":{"@id":"https:\/\/fuentesfidedignas.com.mx\/#\/schema\/logo\/image\/"},"sameAs":["https:\/\/www.facebook.com\/Fuentes-Fidedignas-368234489921644","https:\/\/x.com\/fidedignas"]},{"@type":"Person","@id":"https:\/\/fuentesfidedignas.com.mx\/#\/schema\/person\/47ec0135738f4b0c7495f06a77a2c976","name":"Milenio","image":{"@type":"ImageObject","inLanguage":"es","@id":"https:\/\/secure.gravatar.com\/avatar\/acabf7b54753e51c2c76457954577c236b3b764789b19879565769739d1e4a75?s=96&d=mm&r=g","url":"https:\/\/secure.gravatar.com\/avatar\/acabf7b54753e51c2c76457954577c236b3b764789b19879565769739d1e4a75?s=96&d=mm&r=g","contentUrl":"https:\/\/secure.gravatar.com\/avatar\/acabf7b54753e51c2c76457954577c236b3b764789b19879565769739d1e4a75?s=96&d=mm&r=g","caption":"Milenio"},"url":"https:\/\/fuentesfidedignas.com.mx\/index.php\/author\/milenio\/"}]}},"_links":{"self":[{"href":"https:\/\/fuentesfidedignas.com.mx\/index.php\/wp-json\/wp\/v2\/posts\/84894","targetHints":{"allow":["GET"]}}],"collection":[{"href":"https:\/\/fuentesfidedignas.com.mx\/index.php\/wp-json\/wp\/v2\/posts"}],"about":[{"href":"https:\/\/fuentesfidedignas.com.mx\/index.php\/wp-json\/wp\/v2\/types\/post"}],"author":[{"embeddable":true,"href":"https:\/\/fuentesfidedignas.com.mx\/index.php\/wp-json\/wp\/v2\/users\/9"}],"replies":[{"embeddable":true,"href":"https:\/\/fuentesfidedignas.com.mx\/index.php\/wp-json\/wp\/v2\/comments?post=84894"}],"version-history":[{"count":1,"href":"https:\/\/fuentesfidedignas.com.mx\/index.php\/wp-json\/wp\/v2\/posts\/84894\/revisions"}],"predecessor-version":[{"id":84896,"href":"https:\/\/fuentesfidedignas.com.mx\/index.php\/wp-json\/wp\/v2\/posts\/84894\/revisions\/84896"}],"wp:featuredmedia":[{"embeddable":true,"href":"https:\/\/fuentesfidedignas.com.mx\/index.php\/wp-json\/wp\/v2\/media\/84897"}],"wp:attachment":[{"href":"https:\/\/fuentesfidedignas.com.mx\/index.php\/wp-json\/wp\/v2\/media?parent=84894"}],"wp:term":[{"taxonomy":"category","embeddable":true,"href":"https:\/\/fuentesfidedignas.com.mx\/index.php\/wp-json\/wp\/v2\/categories?post=84894"},{"taxonomy":"post_tag","embeddable":true,"href":"https:\/\/fuentesfidedignas.com.mx\/index.php\/wp-json\/wp\/v2\/tags?post=84894"}],"curies":[{"name":"wp","href":"https:\/\/api.w.org\/{rel}","templated":true}]}}