{"id":84877,"date":"2024-06-25T07:33:04","date_gmt":"2024-06-25T14:33:04","guid":{"rendered":"https:\/\/fuentesfidedignas.com.mx\/?p=84877"},"modified":"2024-06-25T07:33:04","modified_gmt":"2024-06-25T14:33:04","slug":"ordenan-liberar-a-el-gorila-jefe-de-plaza-del-cartel-de-sinaloa-detenido-en-baja-california","status":"publish","type":"post","link":"https:\/\/fuentesfidedignas.com.mx\/index.php\/2024\/06\/25\/ordenan-liberar-a-el-gorila-jefe-de-plaza-del-cartel-de-sinaloa-detenido-en-baja-california\/","title":{"rendered":"Ordenan liberar a \u2018El Gorila\u2019, jefe de plaza del C\u00e1rtel de Sinaloa detenido en Baja California"},"content":{"rendered":"\n<p><strong><em>\u00d3scar Federico \u201cN\u201d fue vinculado a proceso por el delito de portaci\u00f3n de armas de uso exclusivo del Ej\u00e9rcito, pero posteriormente se autoriz\u00f3 su liberaci\u00f3n<\/em><\/strong><\/p>\n\n\n\n<p>A dos semanas de haber sido detenido en el estado de Baja California, \u00d3scar Federico \u201cN\u201d, alias \u2018El Gorila\u2019, podr\u00e1 recuperar su libertad gracias a una demanda de amparo que present\u00f3 su defensa legal.<\/p>\n\n\n\n<p>\u2018El Gorila\u2019 es identificado como jefe de plaza del C\u00e1rtel de Sinaloa en el Golfo de Santa Clara. Su detenci\u00f3n se dio a conocer el 10 de junio en la ciudad de San Felipe. Seg\u00fan reportes de Zeta Tijuana, aunque este sujeto fue vinculado a proceso por el delito de portaci\u00f3n de armas de fuego de uso exclusivo del Ej\u00e9rcito, un juez federal orden\u00f3 su liberaci\u00f3n.<\/p>\n\n\n\n<p>Lo anterior con la condici\u00f3n de que \u2018El Gorila\u2019 acuda a firmar cada 15 d\u00edas como parte de sus medidas cautelares. Si bien no se proporcionaron detalles sobre su liberaci\u00f3n, se indic\u00f3 que tuvo que ver con una demanda de amparo presentada por sus abogados.<\/p>\n\n\n\n<p><strong>As\u00ed fue la detenci\u00f3n de \u2018El Gorila\u2019<\/strong><br>\u2018El Gorila\u2019 es un operador criminal de 29 a\u00f1os de edad vinculado a Los Chapitos, la facci\u00f3n del C\u00e1rtel de Sinaloa liderada por los hijos de Joaqu\u00edn \u2018El Chapo\u2019 Guzm\u00e1n. Su detenci\u00f3n se llev\u00f3 a cabo tras un operativo desplegado por elementos de la Fuerza Estatal de Seguridad Ciudadana (FESC), la Secretar\u00eda de la Defensa Nacional (Sedena) y la Guardia Nacional (GN) en la ciudad portuaria de San Felipe.<\/p>\n\n\n\n<p>Seg\u00fan los reportes, los agentes realizaban recorridos de vigilancia cuando se percataron que un grupo de individuos portaba armas de fuego al exterior de un inmueble. Tras darles seguimiento fueron detenidos cuatro sujetos: \u2018El Gorila\u2019; Carlos Eduardo \u201cN\u201d (21 a\u00f1os); Roberto \u201cN\u201d (35 a\u00f1os), y Jonathan Eduardo \u201cN\u201d (26 a\u00f1os).<\/p>\n\n\n\n<p>Durante estos actos tambi\u00e9n se aseguraron dos pistolas con cargadores abastecidos de seis cartuchos \u00fatiles calibre 9 mil\u00edmetros y un par de fusiles con cargadores de cartuchos calibre 7.62&#215;39 y 7.52&#215;39.<\/p>\n\n\n\n<p>Aunque \u2018El Gorila\u2019 es originario de Culiac\u00e1n, Sinaloa \u2014el principal basti\u00f3n de Los Chapitos\u2014, su centro de operaciones se encuentra en la zona del Golfo de Santa Clara y San Felipe, donde se desempe\u00f1a como lugarteniente de La Chapiza.<\/p>\n\n\n\n<p>\u2018El Gorila\u2019 lleg\u00f3 a ser lugarteniente de Los Chapitos luego del asesinato de Samuel Ibarra Peralta, alias \u2018El P\u00eda\u2019, registrado el pasado mes de marzo, y de la detenci\u00f3n de Aurelio Ibarra Ramiro, alias \u2018El Comandante Aurelio\u2019, reportada en junio de 2023.<\/p>\n\n\n\n<p>Con la finalidad de mantener el control territorial en el Golfo de Santa Clara, \u00d3scar Federico lidera una c\u00e9lula criminal conocida como \u2018Los Gorilas\u2019, la cual ha desplegado narcomantas en dicha localidad en la que muestran su respaldo a Los Chapitos.<\/p>\n\n\n\n<p>A mediados de octubre de 2023, en el Golfo de Santa Clara se encontraron mensajes colgados sobre el letrero de una carretera en los que se anunciaba la prohibici\u00f3n de la producci\u00f3n y venta de fentanilo. Esta advertencia ten\u00eda que ver con el veto anunciado por Los Chapitos en Culiac\u00e1n, debido a la presi\u00f3n ejercida por Estados Unidos (EEUU) para desmantelar a las organizaciones criminales involucradas en la producci\u00f3n de dicho opioide sint\u00e9tico.<\/p>\n","protected":false},"excerpt":{"rendered":"<p>\u00d3scar Federico \u201cN\u201d fue vinculado a proceso por el delito de portaci\u00f3n de armas de uso exclusivo del Ej\u00e9rcito, pero posteriormente se autoriz\u00f3 su liberaci\u00f3n A dos semanas de haber sido detenido en el estado de Baja California, \u00d3scar Federico \u201cN\u201d, alias \u2018El Gorila\u2019, podr\u00e1 recuperar su libertad gracias a una demanda de amparo que [&hellip;]<\/p>\n","protected":false},"author":41,"featured_media":84878,"comment_status":"open","ping_status":"open","sticky":false,"template":"","format":"standard","meta":{"tdm_status":"","tdm_grid_status":"","footnotes":""},"categories":[39],"tags":[],"class_list":{"0":"post-84877","1":"post","2":"type-post","3":"status-publish","4":"format-standard","5":"has-post-thumbnail","7":"category-noticias-nacionales"},"yoast_head":"<!-- This site is optimized with the Yoast SEO plugin v27.4 - https:\/\/yoast.com\/product\/yoast-seo-wordpress\/ -->\n<title>Ordenan liberar a \u2018El Gorila\u2019, jefe de plaza del C\u00e1rtel de Sinaloa detenido en Baja California - Fuentes Fidedignas<\/title>\n<meta name=\"robots\" content=\"index, follow, max-snippet:-1, max-image-preview:large, max-video-preview:-1\" \/>\n<link rel=\"canonical\" href=\"https:\/\/fuentesfidedignas.com.mx\/index.php\/2024\/06\/25\/ordenan-liberar-a-el-gorila-jefe-de-plaza-del-cartel-de-sinaloa-detenido-en-baja-california\/\" \/>\n<meta property=\"og:locale\" content=\"es_MX\" \/>\n<meta property=\"og:type\" content=\"article\" \/>\n<meta property=\"og:title\" content=\"Ordenan liberar a \u2018El Gorila\u2019, jefe de plaza del C\u00e1rtel de Sinaloa detenido en Baja California - Fuentes Fidedignas\" \/>\n<meta property=\"og:description\" content=\"\u00d3scar Federico \u201cN\u201d fue vinculado a proceso por el delito de portaci\u00f3n de armas de uso exclusivo del Ej\u00e9rcito, pero posteriormente se autoriz\u00f3 su liberaci\u00f3n A dos semanas de haber sido detenido en el estado de Baja California, \u00d3scar Federico \u201cN\u201d, alias \u2018El Gorila\u2019, podr\u00e1 recuperar su libertad gracias a una demanda de amparo que [&hellip;]\" \/>\n<meta property=\"og:url\" content=\"https:\/\/fuentesfidedignas.com.mx\/index.php\/2024\/06\/25\/ordenan-liberar-a-el-gorila-jefe-de-plaza-del-cartel-de-sinaloa-detenido-en-baja-california\/\" \/>\n<meta property=\"og:site_name\" content=\"Fuentes Fidedignas\" \/>\n<meta property=\"article:publisher\" content=\"https:\/\/www.facebook.com\/Fuentes-Fidedignas-368234489921644\" \/>\n<meta property=\"article:published_time\" content=\"2024-06-25T14:33:04+00:00\" \/>\n<meta property=\"og:image\" content=\"https:\/\/fuentesfidedignas.com.mx\/wp-content\/uploads\/2024\/06\/\u2018El-Gorila-jefe-de-plaza-del-Cartel-de-Sinaloa.jpg\" \/>\n\t<meta property=\"og:image:width\" content=\"650\" \/>\n\t<meta property=\"og:image:height\" content=\"363\" \/>\n\t<meta property=\"og:image:type\" content=\"image\/jpeg\" \/>\n<meta name=\"author\" content=\"Infobae\" \/>\n<meta name=\"twitter:card\" content=\"summary_large_image\" \/>\n<meta name=\"twitter:creator\" content=\"@fidedignas\" \/>\n<meta name=\"twitter:site\" content=\"@fidedignas\" \/>\n<meta name=\"twitter:label1\" content=\"Escrito por\" \/>\n\t<meta name=\"twitter:data1\" content=\"Infobae\" \/>\n\t<meta name=\"twitter:label2\" content=\"Tiempo de lectura\" \/>\n\t<meta name=\"twitter:data2\" content=\"3 minutos\" \/>\n<script type=\"application\/ld+json\" class=\"yoast-schema-graph\">{\"@context\":\"https:\\\/\\\/schema.org\",\"@graph\":[{\"@type\":\"Article\",\"@id\":\"https:\\\/\\\/fuentesfidedignas.com.mx\\\/index.php\\\/2024\\\/06\\\/25\\\/ordenan-liberar-a-el-gorila-jefe-de-plaza-del-cartel-de-sinaloa-detenido-en-baja-california\\\/#article\",\"isPartOf\":{\"@id\":\"https:\\\/\\\/fuentesfidedignas.com.mx\\\/index.php\\\/2024\\\/06\\\/25\\\/ordenan-liberar-a-el-gorila-jefe-de-plaza-del-cartel-de-sinaloa-detenido-en-baja-california\\\/\"},\"author\":{\"name\":\"Infobae\",\"@id\":\"https:\\\/\\\/fuentesfidedignas.com.mx\\\/#\\\/schema\\\/person\\\/8575896a7c1067d352f6c1cd6582c389\"},\"headline\":\"Ordenan liberar a \u2018El Gorila\u2019, jefe de plaza del C\u00e1rtel de Sinaloa detenido en Baja California\",\"datePublished\":\"2024-06-25T14:33:04+00:00\",\"mainEntityOfPage\":{\"@id\":\"https:\\\/\\\/fuentesfidedignas.com.mx\\\/index.php\\\/2024\\\/06\\\/25\\\/ordenan-liberar-a-el-gorila-jefe-de-plaza-del-cartel-de-sinaloa-detenido-en-baja-california\\\/\"},\"wordCount\":569,\"commentCount\":0,\"publisher\":{\"@id\":\"https:\\\/\\\/fuentesfidedignas.com.mx\\\/#organization\"},\"image\":{\"@id\":\"https:\\\/\\\/fuentesfidedignas.com.mx\\\/index.php\\\/2024\\\/06\\\/25\\\/ordenan-liberar-a-el-gorila-jefe-de-plaza-del-cartel-de-sinaloa-detenido-en-baja-california\\\/#primaryimage\"},\"thumbnailUrl\":\"https:\\\/\\\/fuentesfidedignas.com.mx\\\/wp-content\\\/uploads\\\/2024\\\/06\\\/\u2018El-Gorila-jefe-de-plaza-del-Cartel-de-Sinaloa.jpg\",\"articleSection\":[\"NOTICIAS NACIONALES\"],\"inLanguage\":\"es\",\"potentialAction\":[{\"@type\":\"CommentAction\",\"name\":\"Comment\",\"target\":[\"https:\\\/\\\/fuentesfidedignas.com.mx\\\/index.php\\\/2024\\\/06\\\/25\\\/ordenan-liberar-a-el-gorila-jefe-de-plaza-del-cartel-de-sinaloa-detenido-en-baja-california\\\/#respond\"]}]},{\"@type\":\"WebPage\",\"@id\":\"https:\\\/\\\/fuentesfidedignas.com.mx\\\/index.php\\\/2024\\\/06\\\/25\\\/ordenan-liberar-a-el-gorila-jefe-de-plaza-del-cartel-de-sinaloa-detenido-en-baja-california\\\/\",\"url\":\"https:\\\/\\\/fuentesfidedignas.com.mx\\\/index.php\\\/2024\\\/06\\\/25\\\/ordenan-liberar-a-el-gorila-jefe-de-plaza-del-cartel-de-sinaloa-detenido-en-baja-california\\\/\",\"name\":\"Ordenan liberar a \u2018El Gorila\u2019, jefe de plaza del C\u00e1rtel de Sinaloa detenido en Baja California - Fuentes Fidedignas\",\"isPartOf\":{\"@id\":\"https:\\\/\\\/fuentesfidedignas.com.mx\\\/#website\"},\"primaryImageOfPage\":{\"@id\":\"https:\\\/\\\/fuentesfidedignas.com.mx\\\/index.php\\\/2024\\\/06\\\/25\\\/ordenan-liberar-a-el-gorila-jefe-de-plaza-del-cartel-de-sinaloa-detenido-en-baja-california\\\/#primaryimage\"},\"image\":{\"@id\":\"https:\\\/\\\/fuentesfidedignas.com.mx\\\/index.php\\\/2024\\\/06\\\/25\\\/ordenan-liberar-a-el-gorila-jefe-de-plaza-del-cartel-de-sinaloa-detenido-en-baja-california\\\/#primaryimage\"},\"thumbnailUrl\":\"https:\\\/\\\/fuentesfidedignas.com.mx\\\/wp-content\\\/uploads\\\/2024\\\/06\\\/\u2018El-Gorila-jefe-de-plaza-del-Cartel-de-Sinaloa.jpg\",\"datePublished\":\"2024-06-25T14:33:04+00:00\",\"breadcrumb\":{\"@id\":\"https:\\\/\\\/fuentesfidedignas.com.mx\\\/index.php\\\/2024\\\/06\\\/25\\\/ordenan-liberar-a-el-gorila-jefe-de-plaza-del-cartel-de-sinaloa-detenido-en-baja-california\\\/#breadcrumb\"},\"inLanguage\":\"es\",\"potentialAction\":[{\"@type\":\"ReadAction\",\"target\":[\"https:\\\/\\\/fuentesfidedignas.com.mx\\\/index.php\\\/2024\\\/06\\\/25\\\/ordenan-liberar-a-el-gorila-jefe-de-plaza-del-cartel-de-sinaloa-detenido-en-baja-california\\\/\"]}]},{\"@type\":\"ImageObject\",\"inLanguage\":\"es\",\"@id\":\"https:\\\/\\\/fuentesfidedignas.com.mx\\\/index.php\\\/2024\\\/06\\\/25\\\/ordenan-liberar-a-el-gorila-jefe-de-plaza-del-cartel-de-sinaloa-detenido-en-baja-california\\\/#primaryimage\",\"url\":\"https:\\\/\\\/fuentesfidedignas.com.mx\\\/wp-content\\\/uploads\\\/2024\\\/06\\\/\u2018El-Gorila-jefe-de-plaza-del-Cartel-de-Sinaloa.jpg\",\"contentUrl\":\"https:\\\/\\\/fuentesfidedignas.com.mx\\\/wp-content\\\/uploads\\\/2024\\\/06\\\/\u2018El-Gorila-jefe-de-plaza-del-Cartel-de-Sinaloa.jpg\",\"width\":650,\"height\":363},{\"@type\":\"BreadcrumbList\",\"@id\":\"https:\\\/\\\/fuentesfidedignas.com.mx\\\/index.php\\\/2024\\\/06\\\/25\\\/ordenan-liberar-a-el-gorila-jefe-de-plaza-del-cartel-de-sinaloa-detenido-en-baja-california\\\/#breadcrumb\",\"itemListElement\":[{\"@type\":\"ListItem\",\"position\":1,\"name\":\"Inicio\",\"item\":\"https:\\\/\\\/fuentesfidedignas.com.mx\\\/\"},{\"@type\":\"ListItem\",\"position\":2,\"name\":\"Ordenan liberar a \u2018El Gorila\u2019, jefe de plaza del C\u00e1rtel de Sinaloa detenido en Baja California\"}]},{\"@type\":\"WebSite\",\"@id\":\"https:\\\/\\\/fuentesfidedignas.com.mx\\\/#website\",\"url\":\"https:\\\/\\\/fuentesfidedignas.com.mx\\\/\",\"name\":\"Fuentes Fidedignas\",\"description\":\"Otro sitio realizado con WordPress\",\"publisher\":{\"@id\":\"https:\\\/\\\/fuentesfidedignas.com.mx\\\/#organization\"},\"potentialAction\":[{\"@type\":\"SearchAction\",\"target\":{\"@type\":\"EntryPoint\",\"urlTemplate\":\"https:\\\/\\\/fuentesfidedignas.com.mx\\\/?s={search_term_string}\"},\"query-input\":{\"@type\":\"PropertyValueSpecification\",\"valueRequired\":true,\"valueName\":\"search_term_string\"}}],\"inLanguage\":\"es\"},{\"@type\":\"Organization\",\"@id\":\"https:\\\/\\\/fuentesfidedignas.com.mx\\\/#organization\",\"name\":\"Fuentes Fidedignas\",\"url\":\"https:\\\/\\\/fuentesfidedignas.com.mx\\\/\",\"logo\":{\"@type\":\"ImageObject\",\"inLanguage\":\"es\",\"@id\":\"https:\\\/\\\/fuentesfidedignas.com.mx\\\/#\\\/schema\\\/logo\\\/image\\\/\",\"url\":\"https:\\\/\\\/fuentesfidedignas.com.mx\\\/wp-content\\\/uploads\\\/2021\\\/04\\\/logo-retina.png\",\"contentUrl\":\"https:\\\/\\\/fuentesfidedignas.com.mx\\\/wp-content\\\/uploads\\\/2021\\\/04\\\/logo-retina.png\",\"width\":280,\"height\":51,\"caption\":\"Fuentes Fidedignas\"},\"image\":{\"@id\":\"https:\\\/\\\/fuentesfidedignas.com.mx\\\/#\\\/schema\\\/logo\\\/image\\\/\"},\"sameAs\":[\"https:\\\/\\\/www.facebook.com\\\/Fuentes-Fidedignas-368234489921644\",\"https:\\\/\\\/x.com\\\/fidedignas\"]},{\"@type\":\"Person\",\"@id\":\"https:\\\/\\\/fuentesfidedignas.com.mx\\\/#\\\/schema\\\/person\\\/8575896a7c1067d352f6c1cd6582c389\",\"name\":\"Infobae\",\"image\":{\"@type\":\"ImageObject\",\"inLanguage\":\"es\",\"@id\":\"https:\\\/\\\/secure.gravatar.com\\\/avatar\\\/e4ec95706f8d1670343f6526fdcec45474bab17475a851434a64ca12b5acba1c?s=96&d=mm&r=g\",\"url\":\"https:\\\/\\\/secure.gravatar.com\\\/avatar\\\/e4ec95706f8d1670343f6526fdcec45474bab17475a851434a64ca12b5acba1c?s=96&d=mm&r=g\",\"contentUrl\":\"https:\\\/\\\/secure.gravatar.com\\\/avatar\\\/e4ec95706f8d1670343f6526fdcec45474bab17475a851434a64ca12b5acba1c?s=96&d=mm&r=g\",\"caption\":\"Infobae\"},\"url\":\"https:\\\/\\\/fuentesfidedignas.com.mx\\\/index.php\\\/author\\\/infobae\\\/\"}]}<\/script>\n<!-- \/ Yoast SEO plugin. -->","yoast_head_json":{"title":"Ordenan liberar a \u2018El Gorila\u2019, jefe de plaza del C\u00e1rtel de Sinaloa detenido en Baja California - Fuentes Fidedignas","robots":{"index":"index","follow":"follow","max-snippet":"max-snippet:-1","max-image-preview":"max-image-preview:large","max-video-preview":"max-video-preview:-1"},"canonical":"https:\/\/fuentesfidedignas.com.mx\/index.php\/2024\/06\/25\/ordenan-liberar-a-el-gorila-jefe-de-plaza-del-cartel-de-sinaloa-detenido-en-baja-california\/","og_locale":"es_MX","og_type":"article","og_title":"Ordenan liberar a \u2018El Gorila\u2019, jefe de plaza del C\u00e1rtel de Sinaloa detenido en Baja California - Fuentes Fidedignas","og_description":"\u00d3scar Federico \u201cN\u201d fue vinculado a proceso por el delito de portaci\u00f3n de armas de uso exclusivo del Ej\u00e9rcito, pero posteriormente se autoriz\u00f3 su liberaci\u00f3n A dos semanas de haber sido detenido en el estado de Baja California, \u00d3scar Federico \u201cN\u201d, alias \u2018El Gorila\u2019, podr\u00e1 recuperar su libertad gracias a una demanda de amparo que [&hellip;]","og_url":"https:\/\/fuentesfidedignas.com.mx\/index.php\/2024\/06\/25\/ordenan-liberar-a-el-gorila-jefe-de-plaza-del-cartel-de-sinaloa-detenido-en-baja-california\/","og_site_name":"Fuentes Fidedignas","article_publisher":"https:\/\/www.facebook.com\/Fuentes-Fidedignas-368234489921644","article_published_time":"2024-06-25T14:33:04+00:00","og_image":[{"width":650,"height":363,"url":"https:\/\/fuentesfidedignas.com.mx\/wp-content\/uploads\/2024\/06\/\u2018El-Gorila-jefe-de-plaza-del-Cartel-de-Sinaloa.jpg","type":"image\/jpeg"}],"author":"Infobae","twitter_card":"summary_large_image","twitter_creator":"@fidedignas","twitter_site":"@fidedignas","twitter_misc":{"Escrito por":"Infobae","Tiempo de lectura":"3 minutos"},"schema":{"@context":"https:\/\/schema.org","@graph":[{"@type":"Article","@id":"https:\/\/fuentesfidedignas.com.mx\/index.php\/2024\/06\/25\/ordenan-liberar-a-el-gorila-jefe-de-plaza-del-cartel-de-sinaloa-detenido-en-baja-california\/#article","isPartOf":{"@id":"https:\/\/fuentesfidedignas.com.mx\/index.php\/2024\/06\/25\/ordenan-liberar-a-el-gorila-jefe-de-plaza-del-cartel-de-sinaloa-detenido-en-baja-california\/"},"author":{"name":"Infobae","@id":"https:\/\/fuentesfidedignas.com.mx\/#\/schema\/person\/8575896a7c1067d352f6c1cd6582c389"},"headline":"Ordenan liberar a \u2018El Gorila\u2019, jefe de plaza del C\u00e1rtel de Sinaloa detenido en Baja California","datePublished":"2024-06-25T14:33:04+00:00","mainEntityOfPage":{"@id":"https:\/\/fuentesfidedignas.com.mx\/index.php\/2024\/06\/25\/ordenan-liberar-a-el-gorila-jefe-de-plaza-del-cartel-de-sinaloa-detenido-en-baja-california\/"},"wordCount":569,"commentCount":0,"publisher":{"@id":"https:\/\/fuentesfidedignas.com.mx\/#organization"},"image":{"@id":"https:\/\/fuentesfidedignas.com.mx\/index.php\/2024\/06\/25\/ordenan-liberar-a-el-gorila-jefe-de-plaza-del-cartel-de-sinaloa-detenido-en-baja-california\/#primaryimage"},"thumbnailUrl":"https:\/\/fuentesfidedignas.com.mx\/wp-content\/uploads\/2024\/06\/\u2018El-Gorila-jefe-de-plaza-del-Cartel-de-Sinaloa.jpg","articleSection":["NOTICIAS NACIONALES"],"inLanguage":"es","potentialAction":[{"@type":"CommentAction","name":"Comment","target":["https:\/\/fuentesfidedignas.com.mx\/index.php\/2024\/06\/25\/ordenan-liberar-a-el-gorila-jefe-de-plaza-del-cartel-de-sinaloa-detenido-en-baja-california\/#respond"]}]},{"@type":"WebPage","@id":"https:\/\/fuentesfidedignas.com.mx\/index.php\/2024\/06\/25\/ordenan-liberar-a-el-gorila-jefe-de-plaza-del-cartel-de-sinaloa-detenido-en-baja-california\/","url":"https:\/\/fuentesfidedignas.com.mx\/index.php\/2024\/06\/25\/ordenan-liberar-a-el-gorila-jefe-de-plaza-del-cartel-de-sinaloa-detenido-en-baja-california\/","name":"Ordenan liberar a \u2018El Gorila\u2019, jefe de plaza del C\u00e1rtel de Sinaloa detenido en Baja California - Fuentes Fidedignas","isPartOf":{"@id":"https:\/\/fuentesfidedignas.com.mx\/#website"},"primaryImageOfPage":{"@id":"https:\/\/fuentesfidedignas.com.mx\/index.php\/2024\/06\/25\/ordenan-liberar-a-el-gorila-jefe-de-plaza-del-cartel-de-sinaloa-detenido-en-baja-california\/#primaryimage"},"image":{"@id":"https:\/\/fuentesfidedignas.com.mx\/index.php\/2024\/06\/25\/ordenan-liberar-a-el-gorila-jefe-de-plaza-del-cartel-de-sinaloa-detenido-en-baja-california\/#primaryimage"},"thumbnailUrl":"https:\/\/fuentesfidedignas.com.mx\/wp-content\/uploads\/2024\/06\/\u2018El-Gorila-jefe-de-plaza-del-Cartel-de-Sinaloa.jpg","datePublished":"2024-06-25T14:33:04+00:00","breadcrumb":{"@id":"https:\/\/fuentesfidedignas.com.mx\/index.php\/2024\/06\/25\/ordenan-liberar-a-el-gorila-jefe-de-plaza-del-cartel-de-sinaloa-detenido-en-baja-california\/#breadcrumb"},"inLanguage":"es","potentialAction":[{"@type":"ReadAction","target":["https:\/\/fuentesfidedignas.com.mx\/index.php\/2024\/06\/25\/ordenan-liberar-a-el-gorila-jefe-de-plaza-del-cartel-de-sinaloa-detenido-en-baja-california\/"]}]},{"@type":"ImageObject","inLanguage":"es","@id":"https:\/\/fuentesfidedignas.com.mx\/index.php\/2024\/06\/25\/ordenan-liberar-a-el-gorila-jefe-de-plaza-del-cartel-de-sinaloa-detenido-en-baja-california\/#primaryimage","url":"https:\/\/fuentesfidedignas.com.mx\/wp-content\/uploads\/2024\/06\/\u2018El-Gorila-jefe-de-plaza-del-Cartel-de-Sinaloa.jpg","contentUrl":"https:\/\/fuentesfidedignas.com.mx\/wp-content\/uploads\/2024\/06\/\u2018El-Gorila-jefe-de-plaza-del-Cartel-de-Sinaloa.jpg","width":650,"height":363},{"@type":"BreadcrumbList","@id":"https:\/\/fuentesfidedignas.com.mx\/index.php\/2024\/06\/25\/ordenan-liberar-a-el-gorila-jefe-de-plaza-del-cartel-de-sinaloa-detenido-en-baja-california\/#breadcrumb","itemListElement":[{"@type":"ListItem","position":1,"name":"Inicio","item":"https:\/\/fuentesfidedignas.com.mx\/"},{"@type":"ListItem","position":2,"name":"Ordenan liberar a \u2018El Gorila\u2019, jefe de plaza del C\u00e1rtel de Sinaloa detenido en Baja California"}]},{"@type":"WebSite","@id":"https:\/\/fuentesfidedignas.com.mx\/#website","url":"https:\/\/fuentesfidedignas.com.mx\/","name":"Fuentes Fidedignas","description":"Otro sitio realizado con WordPress","publisher":{"@id":"https:\/\/fuentesfidedignas.com.mx\/#organization"},"potentialAction":[{"@type":"SearchAction","target":{"@type":"EntryPoint","urlTemplate":"https:\/\/fuentesfidedignas.com.mx\/?s={search_term_string}"},"query-input":{"@type":"PropertyValueSpecification","valueRequired":true,"valueName":"search_term_string"}}],"inLanguage":"es"},{"@type":"Organization","@id":"https:\/\/fuentesfidedignas.com.mx\/#organization","name":"Fuentes Fidedignas","url":"https:\/\/fuentesfidedignas.com.mx\/","logo":{"@type":"ImageObject","inLanguage":"es","@id":"https:\/\/fuentesfidedignas.com.mx\/#\/schema\/logo\/image\/","url":"https:\/\/fuentesfidedignas.com.mx\/wp-content\/uploads\/2021\/04\/logo-retina.png","contentUrl":"https:\/\/fuentesfidedignas.com.mx\/wp-content\/uploads\/2021\/04\/logo-retina.png","width":280,"height":51,"caption":"Fuentes Fidedignas"},"image":{"@id":"https:\/\/fuentesfidedignas.com.mx\/#\/schema\/logo\/image\/"},"sameAs":["https:\/\/www.facebook.com\/Fuentes-Fidedignas-368234489921644","https:\/\/x.com\/fidedignas"]},{"@type":"Person","@id":"https:\/\/fuentesfidedignas.com.mx\/#\/schema\/person\/8575896a7c1067d352f6c1cd6582c389","name":"Infobae","image":{"@type":"ImageObject","inLanguage":"es","@id":"https:\/\/secure.gravatar.com\/avatar\/e4ec95706f8d1670343f6526fdcec45474bab17475a851434a64ca12b5acba1c?s=96&d=mm&r=g","url":"https:\/\/secure.gravatar.com\/avatar\/e4ec95706f8d1670343f6526fdcec45474bab17475a851434a64ca12b5acba1c?s=96&d=mm&r=g","contentUrl":"https:\/\/secure.gravatar.com\/avatar\/e4ec95706f8d1670343f6526fdcec45474bab17475a851434a64ca12b5acba1c?s=96&d=mm&r=g","caption":"Infobae"},"url":"https:\/\/fuentesfidedignas.com.mx\/index.php\/author\/infobae\/"}]}},"_links":{"self":[{"href":"https:\/\/fuentesfidedignas.com.mx\/index.php\/wp-json\/wp\/v2\/posts\/84877","targetHints":{"allow":["GET"]}}],"collection":[{"href":"https:\/\/fuentesfidedignas.com.mx\/index.php\/wp-json\/wp\/v2\/posts"}],"about":[{"href":"https:\/\/fuentesfidedignas.com.mx\/index.php\/wp-json\/wp\/v2\/types\/post"}],"author":[{"embeddable":true,"href":"https:\/\/fuentesfidedignas.com.mx\/index.php\/wp-json\/wp\/v2\/users\/41"}],"replies":[{"embeddable":true,"href":"https:\/\/fuentesfidedignas.com.mx\/index.php\/wp-json\/wp\/v2\/comments?post=84877"}],"version-history":[{"count":1,"href":"https:\/\/fuentesfidedignas.com.mx\/index.php\/wp-json\/wp\/v2\/posts\/84877\/revisions"}],"predecessor-version":[{"id":84879,"href":"https:\/\/fuentesfidedignas.com.mx\/index.php\/wp-json\/wp\/v2\/posts\/84877\/revisions\/84879"}],"wp:featuredmedia":[{"embeddable":true,"href":"https:\/\/fuentesfidedignas.com.mx\/index.php\/wp-json\/wp\/v2\/media\/84878"}],"wp:attachment":[{"href":"https:\/\/fuentesfidedignas.com.mx\/index.php\/wp-json\/wp\/v2\/media?parent=84877"}],"wp:term":[{"taxonomy":"category","embeddable":true,"href":"https:\/\/fuentesfidedignas.com.mx\/index.php\/wp-json\/wp\/v2\/categories?post=84877"},{"taxonomy":"post_tag","embeddable":true,"href":"https:\/\/fuentesfidedignas.com.mx\/index.php\/wp-json\/wp\/v2\/tags?post=84877"}],"curies":[{"name":"wp","href":"https:\/\/api.w.org\/{rel}","templated":true}]}}