{"id":84753,"date":"2024-06-23T12:04:29","date_gmt":"2024-06-23T19:04:29","guid":{"rendered":"https:\/\/fuentesfidedignas.com.mx\/?p=84753"},"modified":"2024-06-23T12:04:29","modified_gmt":"2024-06-23T19:04:29","slug":"sube-a-7-cifra-de-victimas-en-mexico-por-paso-de-alberto","status":"publish","type":"post","link":"https:\/\/fuentesfidedignas.com.mx\/index.php\/2024\/06\/23\/sube-a-7-cifra-de-victimas-en-mexico-por-paso-de-alberto\/","title":{"rendered":"Sube a 7 cifra de v\u00edctimas en M\u00e9xico por paso de \u2018Alberto\u2019"},"content":{"rendered":"\n<p><strong><em>El paso de la tormenta tropical Alberto ocasion\u00f3 diversas muertes en Nuevo Le\u00f3n y Oaxaca<\/em><\/strong><\/p>\n\n\n\n<p>La tormenta tropical Alberto provoc\u00f3 al menos siete muertes en M\u00e9xico.<\/p>\n\n\n\n<p>En Nuevo Le\u00f3n, servicios de emergencia recuperaron el cuerpo de una mujer en Cadereyta, lo que elev\u00f3 la cifra de v\u00edctimas a seis.<\/p>\n\n\n\n<p>Concepci\u00f3n Garza hab\u00eda sido reportada como desaparecida tras ser arrastrada por la corriente de un r\u00edo.<\/p>\n\n\n\n<p>Veinticuatro horas despu\u00e9s su cuerpo fue hallado en la carretera que va hacia Allende.<\/p>\n\n\n\n<p>El resto de v\u00edctimas en Nuevo Le\u00f3n fueron Alex, de 15 a\u00f1os, quien fue llevado por una corriente al intentar recuperar un bal\u00f3n.<\/p>\n\n\n\n<p>En Allende dos adolescentes de 12 a\u00f1os murieron electrocutados al tocar por accidente un cable que sosten\u00eda un poste.<\/p>\n\n\n\n<p>En Apodaca se recuper\u00f3 el cuerpo de un hombre en el r\u00edo Topo Chico, atorado entre unas piedras.<\/p>\n\n\n\n<p>En El Carmen una persona sufri\u00f3 una descarga el\u00e9ctrica al manipular una caja de fusibles mientras llov\u00eda.<\/p>\n\n\n\n<p>La s\u00e9ptima muerte derivada de la tormenta tropical Alberto ocurri\u00f3 en Oaxaca.<\/p>\n\n\n\n<p>\u00c1ngel, de 16 a\u00f1os, fue arrastrado por el r\u00edo Grande.<\/p>\n","protected":false},"excerpt":{"rendered":"<p>El paso de la tormenta tropical Alberto ocasion\u00f3 diversas muertes en Nuevo Le\u00f3n y Oaxaca La tormenta tropical Alberto provoc\u00f3 al menos siete muertes en M\u00e9xico. En Nuevo Le\u00f3n, servicios de emergencia recuperaron el cuerpo de una mujer en Cadereyta, lo que elev\u00f3 la cifra de v\u00edctimas a seis. Concepci\u00f3n Garza hab\u00eda sido reportada como [&hellip;]<\/p>\n","protected":false},"author":47,"featured_media":84754,"comment_status":"open","ping_status":"open","sticky":false,"template":"","format":"standard","meta":{"tdm_status":"","tdm_grid_status":"","footnotes":""},"categories":[39],"tags":[],"class_list":{"0":"post-84753","1":"post","2":"type-post","3":"status-publish","4":"format-standard","5":"has-post-thumbnail","7":"category-noticias-nacionales"},"yoast_head":"<!-- This site is optimized with the Yoast SEO plugin v27.5 - https:\/\/yoast.com\/product\/yoast-seo-wordpress\/ -->\n<title>Sube a 7 cifra de v\u00edctimas en M\u00e9xico por paso de \u2018Alberto\u2019 - Fuentes Fidedignas<\/title>\n<meta name=\"robots\" content=\"index, follow, max-snippet:-1, max-image-preview:large, max-video-preview:-1\" \/>\n<link rel=\"canonical\" href=\"https:\/\/fuentesfidedignas.com.mx\/index.php\/2024\/06\/23\/sube-a-7-cifra-de-victimas-en-mexico-por-paso-de-alberto\/\" \/>\n<meta property=\"og:locale\" content=\"es_MX\" \/>\n<meta property=\"og:type\" content=\"article\" \/>\n<meta property=\"og:title\" content=\"Sube a 7 cifra de v\u00edctimas en M\u00e9xico por paso de \u2018Alberto\u2019 - Fuentes Fidedignas\" \/>\n<meta property=\"og:description\" content=\"El paso de la tormenta tropical Alberto ocasion\u00f3 diversas muertes en Nuevo Le\u00f3n y Oaxaca La tormenta tropical Alberto provoc\u00f3 al menos siete muertes en M\u00e9xico. En Nuevo Le\u00f3n, servicios de emergencia recuperaron el cuerpo de una mujer en Cadereyta, lo que elev\u00f3 la cifra de v\u00edctimas a seis. Concepci\u00f3n Garza hab\u00eda sido reportada como [&hellip;]\" \/>\n<meta property=\"og:url\" content=\"https:\/\/fuentesfidedignas.com.mx\/index.php\/2024\/06\/23\/sube-a-7-cifra-de-victimas-en-mexico-por-paso-de-alberto\/\" \/>\n<meta property=\"og:site_name\" content=\"Fuentes Fidedignas\" \/>\n<meta property=\"article:publisher\" content=\"https:\/\/www.facebook.com\/Fuentes-Fidedignas-368234489921644\" \/>\n<meta property=\"article:published_time\" content=\"2024-06-23T19:04:29+00:00\" \/>\n<meta property=\"og:image\" content=\"https:\/\/fuentesfidedignas.com.mx\/wp-content\/uploads\/2024\/06\/inundaciones-tormenta-tropical-alberto.webp\" \/>\n\t<meta property=\"og:image:width\" content=\"1599\" \/>\n\t<meta property=\"og:image:height\" content=\"1066\" \/>\n\t<meta property=\"og:image:type\" content=\"image\/webp\" \/>\n<meta name=\"author\" content=\"L\u00f3pez D\u00f3riga\" \/>\n<meta name=\"twitter:card\" content=\"summary_large_image\" \/>\n<meta name=\"twitter:creator\" content=\"@fidedignas\" \/>\n<meta name=\"twitter:site\" content=\"@fidedignas\" \/>\n<meta name=\"twitter:label1\" content=\"Escrito por\" \/>\n\t<meta name=\"twitter:data1\" content=\"L\u00f3pez D\u00f3riga\" \/>\n\t<meta name=\"twitter:label2\" content=\"Tiempo de lectura\" \/>\n\t<meta name=\"twitter:data2\" content=\"2 minutos\" \/>\n<script type=\"application\/ld+json\" class=\"yoast-schema-graph\">{\"@context\":\"https:\\\/\\\/schema.org\",\"@graph\":[{\"@type\":\"Article\",\"@id\":\"https:\\\/\\\/fuentesfidedignas.com.mx\\\/index.php\\\/2024\\\/06\\\/23\\\/sube-a-7-cifra-de-victimas-en-mexico-por-paso-de-alberto\\\/#article\",\"isPartOf\":{\"@id\":\"https:\\\/\\\/fuentesfidedignas.com.mx\\\/index.php\\\/2024\\\/06\\\/23\\\/sube-a-7-cifra-de-victimas-en-mexico-por-paso-de-alberto\\\/\"},\"author\":{\"name\":\"L\u00f3pez D\u00f3riga\",\"@id\":\"https:\\\/\\\/fuentesfidedignas.com.mx\\\/#\\\/schema\\\/person\\\/67d852f0557c8509146a4b9ddebd543a\"},\"headline\":\"Sube a 7 cifra de v\u00edctimas en M\u00e9xico por paso de \u2018Alberto\u2019\",\"datePublished\":\"2024-06-23T19:04:29+00:00\",\"mainEntityOfPage\":{\"@id\":\"https:\\\/\\\/fuentesfidedignas.com.mx\\\/index.php\\\/2024\\\/06\\\/23\\\/sube-a-7-cifra-de-victimas-en-mexico-por-paso-de-alberto\\\/\"},\"wordCount\":208,\"commentCount\":0,\"publisher\":{\"@id\":\"https:\\\/\\\/fuentesfidedignas.com.mx\\\/#organization\"},\"image\":{\"@id\":\"https:\\\/\\\/fuentesfidedignas.com.mx\\\/index.php\\\/2024\\\/06\\\/23\\\/sube-a-7-cifra-de-victimas-en-mexico-por-paso-de-alberto\\\/#primaryimage\"},\"thumbnailUrl\":\"https:\\\/\\\/fuentesfidedignas.com.mx\\\/wp-content\\\/uploads\\\/2024\\\/06\\\/inundaciones-tormenta-tropical-alberto.webp\",\"articleSection\":[\"NOTICIAS NACIONALES\"],\"inLanguage\":\"es\",\"potentialAction\":[{\"@type\":\"CommentAction\",\"name\":\"Comment\",\"target\":[\"https:\\\/\\\/fuentesfidedignas.com.mx\\\/index.php\\\/2024\\\/06\\\/23\\\/sube-a-7-cifra-de-victimas-en-mexico-por-paso-de-alberto\\\/#respond\"]}]},{\"@type\":\"WebPage\",\"@id\":\"https:\\\/\\\/fuentesfidedignas.com.mx\\\/index.php\\\/2024\\\/06\\\/23\\\/sube-a-7-cifra-de-victimas-en-mexico-por-paso-de-alberto\\\/\",\"url\":\"https:\\\/\\\/fuentesfidedignas.com.mx\\\/index.php\\\/2024\\\/06\\\/23\\\/sube-a-7-cifra-de-victimas-en-mexico-por-paso-de-alberto\\\/\",\"name\":\"Sube a 7 cifra de v\u00edctimas en M\u00e9xico por paso de \u2018Alberto\u2019 - Fuentes Fidedignas\",\"isPartOf\":{\"@id\":\"https:\\\/\\\/fuentesfidedignas.com.mx\\\/#website\"},\"primaryImageOfPage\":{\"@id\":\"https:\\\/\\\/fuentesfidedignas.com.mx\\\/index.php\\\/2024\\\/06\\\/23\\\/sube-a-7-cifra-de-victimas-en-mexico-por-paso-de-alberto\\\/#primaryimage\"},\"image\":{\"@id\":\"https:\\\/\\\/fuentesfidedignas.com.mx\\\/index.php\\\/2024\\\/06\\\/23\\\/sube-a-7-cifra-de-victimas-en-mexico-por-paso-de-alberto\\\/#primaryimage\"},\"thumbnailUrl\":\"https:\\\/\\\/fuentesfidedignas.com.mx\\\/wp-content\\\/uploads\\\/2024\\\/06\\\/inundaciones-tormenta-tropical-alberto.webp\",\"datePublished\":\"2024-06-23T19:04:29+00:00\",\"breadcrumb\":{\"@id\":\"https:\\\/\\\/fuentesfidedignas.com.mx\\\/index.php\\\/2024\\\/06\\\/23\\\/sube-a-7-cifra-de-victimas-en-mexico-por-paso-de-alberto\\\/#breadcrumb\"},\"inLanguage\":\"es\",\"potentialAction\":[{\"@type\":\"ReadAction\",\"target\":[\"https:\\\/\\\/fuentesfidedignas.com.mx\\\/index.php\\\/2024\\\/06\\\/23\\\/sube-a-7-cifra-de-victimas-en-mexico-por-paso-de-alberto\\\/\"]}]},{\"@type\":\"ImageObject\",\"inLanguage\":\"es\",\"@id\":\"https:\\\/\\\/fuentesfidedignas.com.mx\\\/index.php\\\/2024\\\/06\\\/23\\\/sube-a-7-cifra-de-victimas-en-mexico-por-paso-de-alberto\\\/#primaryimage\",\"url\":\"https:\\\/\\\/fuentesfidedignas.com.mx\\\/wp-content\\\/uploads\\\/2024\\\/06\\\/inundaciones-tormenta-tropical-alberto.webp\",\"contentUrl\":\"https:\\\/\\\/fuentesfidedignas.com.mx\\\/wp-content\\\/uploads\\\/2024\\\/06\\\/inundaciones-tormenta-tropical-alberto.webp\",\"width\":1599,\"height\":1066},{\"@type\":\"BreadcrumbList\",\"@id\":\"https:\\\/\\\/fuentesfidedignas.com.mx\\\/index.php\\\/2024\\\/06\\\/23\\\/sube-a-7-cifra-de-victimas-en-mexico-por-paso-de-alberto\\\/#breadcrumb\",\"itemListElement\":[{\"@type\":\"ListItem\",\"position\":1,\"name\":\"Inicio\",\"item\":\"https:\\\/\\\/fuentesfidedignas.com.mx\\\/\"},{\"@type\":\"ListItem\",\"position\":2,\"name\":\"Sube a 7 cifra de v\u00edctimas en M\u00e9xico por paso de \u2018Alberto\u2019\"}]},{\"@type\":\"WebSite\",\"@id\":\"https:\\\/\\\/fuentesfidedignas.com.mx\\\/#website\",\"url\":\"https:\\\/\\\/fuentesfidedignas.com.mx\\\/\",\"name\":\"Fuentes Fidedignas\",\"description\":\"Otro sitio realizado con WordPress\",\"publisher\":{\"@id\":\"https:\\\/\\\/fuentesfidedignas.com.mx\\\/#organization\"},\"potentialAction\":[{\"@type\":\"SearchAction\",\"target\":{\"@type\":\"EntryPoint\",\"urlTemplate\":\"https:\\\/\\\/fuentesfidedignas.com.mx\\\/?s={search_term_string}\"},\"query-input\":{\"@type\":\"PropertyValueSpecification\",\"valueRequired\":true,\"valueName\":\"search_term_string\"}}],\"inLanguage\":\"es\"},{\"@type\":\"Organization\",\"@id\":\"https:\\\/\\\/fuentesfidedignas.com.mx\\\/#organization\",\"name\":\"Fuentes Fidedignas\",\"url\":\"https:\\\/\\\/fuentesfidedignas.com.mx\\\/\",\"logo\":{\"@type\":\"ImageObject\",\"inLanguage\":\"es\",\"@id\":\"https:\\\/\\\/fuentesfidedignas.com.mx\\\/#\\\/schema\\\/logo\\\/image\\\/\",\"url\":\"https:\\\/\\\/fuentesfidedignas.com.mx\\\/wp-content\\\/uploads\\\/2021\\\/04\\\/logo-retina.png\",\"contentUrl\":\"https:\\\/\\\/fuentesfidedignas.com.mx\\\/wp-content\\\/uploads\\\/2021\\\/04\\\/logo-retina.png\",\"width\":280,\"height\":51,\"caption\":\"Fuentes Fidedignas\"},\"image\":{\"@id\":\"https:\\\/\\\/fuentesfidedignas.com.mx\\\/#\\\/schema\\\/logo\\\/image\\\/\"},\"sameAs\":[\"https:\\\/\\\/www.facebook.com\\\/Fuentes-Fidedignas-368234489921644\",\"https:\\\/\\\/x.com\\\/fidedignas\"]},{\"@type\":\"Person\",\"@id\":\"https:\\\/\\\/fuentesfidedignas.com.mx\\\/#\\\/schema\\\/person\\\/67d852f0557c8509146a4b9ddebd543a\",\"name\":\"L\u00f3pez D\u00f3riga\",\"image\":{\"@type\":\"ImageObject\",\"inLanguage\":\"es\",\"@id\":\"https:\\\/\\\/secure.gravatar.com\\\/avatar\\\/e525b06574ca18b33cded59dfe5778d6c823b9513154eff47da551b0551bdd1e?s=96&d=mm&r=g\",\"url\":\"https:\\\/\\\/secure.gravatar.com\\\/avatar\\\/e525b06574ca18b33cded59dfe5778d6c823b9513154eff47da551b0551bdd1e?s=96&d=mm&r=g\",\"contentUrl\":\"https:\\\/\\\/secure.gravatar.com\\\/avatar\\\/e525b06574ca18b33cded59dfe5778d6c823b9513154eff47da551b0551bdd1e?s=96&d=mm&r=g\",\"caption\":\"L\u00f3pez D\u00f3riga\"},\"url\":\"https:\\\/\\\/fuentesfidedignas.com.mx\\\/index.php\\\/author\\\/doriga\\\/\"}]}<\/script>\n<!-- \/ Yoast SEO plugin. -->","yoast_head_json":{"title":"Sube a 7 cifra de v\u00edctimas en M\u00e9xico por paso de \u2018Alberto\u2019 - Fuentes Fidedignas","robots":{"index":"index","follow":"follow","max-snippet":"max-snippet:-1","max-image-preview":"max-image-preview:large","max-video-preview":"max-video-preview:-1"},"canonical":"https:\/\/fuentesfidedignas.com.mx\/index.php\/2024\/06\/23\/sube-a-7-cifra-de-victimas-en-mexico-por-paso-de-alberto\/","og_locale":"es_MX","og_type":"article","og_title":"Sube a 7 cifra de v\u00edctimas en M\u00e9xico por paso de \u2018Alberto\u2019 - Fuentes Fidedignas","og_description":"El paso de la tormenta tropical Alberto ocasion\u00f3 diversas muertes en Nuevo Le\u00f3n y Oaxaca La tormenta tropical Alberto provoc\u00f3 al menos siete muertes en M\u00e9xico. En Nuevo Le\u00f3n, servicios de emergencia recuperaron el cuerpo de una mujer en Cadereyta, lo que elev\u00f3 la cifra de v\u00edctimas a seis. Concepci\u00f3n Garza hab\u00eda sido reportada como [&hellip;]","og_url":"https:\/\/fuentesfidedignas.com.mx\/index.php\/2024\/06\/23\/sube-a-7-cifra-de-victimas-en-mexico-por-paso-de-alberto\/","og_site_name":"Fuentes Fidedignas","article_publisher":"https:\/\/www.facebook.com\/Fuentes-Fidedignas-368234489921644","article_published_time":"2024-06-23T19:04:29+00:00","og_image":[{"width":1599,"height":1066,"url":"https:\/\/fuentesfidedignas.com.mx\/wp-content\/uploads\/2024\/06\/inundaciones-tormenta-tropical-alberto.webp","type":"image\/webp"}],"author":"L\u00f3pez D\u00f3riga","twitter_card":"summary_large_image","twitter_creator":"@fidedignas","twitter_site":"@fidedignas","twitter_misc":{"Escrito por":"L\u00f3pez D\u00f3riga","Tiempo de lectura":"2 minutos"},"schema":{"@context":"https:\/\/schema.org","@graph":[{"@type":"Article","@id":"https:\/\/fuentesfidedignas.com.mx\/index.php\/2024\/06\/23\/sube-a-7-cifra-de-victimas-en-mexico-por-paso-de-alberto\/#article","isPartOf":{"@id":"https:\/\/fuentesfidedignas.com.mx\/index.php\/2024\/06\/23\/sube-a-7-cifra-de-victimas-en-mexico-por-paso-de-alberto\/"},"author":{"name":"L\u00f3pez D\u00f3riga","@id":"https:\/\/fuentesfidedignas.com.mx\/#\/schema\/person\/67d852f0557c8509146a4b9ddebd543a"},"headline":"Sube a 7 cifra de v\u00edctimas en M\u00e9xico por paso de \u2018Alberto\u2019","datePublished":"2024-06-23T19:04:29+00:00","mainEntityOfPage":{"@id":"https:\/\/fuentesfidedignas.com.mx\/index.php\/2024\/06\/23\/sube-a-7-cifra-de-victimas-en-mexico-por-paso-de-alberto\/"},"wordCount":208,"commentCount":0,"publisher":{"@id":"https:\/\/fuentesfidedignas.com.mx\/#organization"},"image":{"@id":"https:\/\/fuentesfidedignas.com.mx\/index.php\/2024\/06\/23\/sube-a-7-cifra-de-victimas-en-mexico-por-paso-de-alberto\/#primaryimage"},"thumbnailUrl":"https:\/\/fuentesfidedignas.com.mx\/wp-content\/uploads\/2024\/06\/inundaciones-tormenta-tropical-alberto.webp","articleSection":["NOTICIAS NACIONALES"],"inLanguage":"es","potentialAction":[{"@type":"CommentAction","name":"Comment","target":["https:\/\/fuentesfidedignas.com.mx\/index.php\/2024\/06\/23\/sube-a-7-cifra-de-victimas-en-mexico-por-paso-de-alberto\/#respond"]}]},{"@type":"WebPage","@id":"https:\/\/fuentesfidedignas.com.mx\/index.php\/2024\/06\/23\/sube-a-7-cifra-de-victimas-en-mexico-por-paso-de-alberto\/","url":"https:\/\/fuentesfidedignas.com.mx\/index.php\/2024\/06\/23\/sube-a-7-cifra-de-victimas-en-mexico-por-paso-de-alberto\/","name":"Sube a 7 cifra de v\u00edctimas en M\u00e9xico por paso de \u2018Alberto\u2019 - Fuentes Fidedignas","isPartOf":{"@id":"https:\/\/fuentesfidedignas.com.mx\/#website"},"primaryImageOfPage":{"@id":"https:\/\/fuentesfidedignas.com.mx\/index.php\/2024\/06\/23\/sube-a-7-cifra-de-victimas-en-mexico-por-paso-de-alberto\/#primaryimage"},"image":{"@id":"https:\/\/fuentesfidedignas.com.mx\/index.php\/2024\/06\/23\/sube-a-7-cifra-de-victimas-en-mexico-por-paso-de-alberto\/#primaryimage"},"thumbnailUrl":"https:\/\/fuentesfidedignas.com.mx\/wp-content\/uploads\/2024\/06\/inundaciones-tormenta-tropical-alberto.webp","datePublished":"2024-06-23T19:04:29+00:00","breadcrumb":{"@id":"https:\/\/fuentesfidedignas.com.mx\/index.php\/2024\/06\/23\/sube-a-7-cifra-de-victimas-en-mexico-por-paso-de-alberto\/#breadcrumb"},"inLanguage":"es","potentialAction":[{"@type":"ReadAction","target":["https:\/\/fuentesfidedignas.com.mx\/index.php\/2024\/06\/23\/sube-a-7-cifra-de-victimas-en-mexico-por-paso-de-alberto\/"]}]},{"@type":"ImageObject","inLanguage":"es","@id":"https:\/\/fuentesfidedignas.com.mx\/index.php\/2024\/06\/23\/sube-a-7-cifra-de-victimas-en-mexico-por-paso-de-alberto\/#primaryimage","url":"https:\/\/fuentesfidedignas.com.mx\/wp-content\/uploads\/2024\/06\/inundaciones-tormenta-tropical-alberto.webp","contentUrl":"https:\/\/fuentesfidedignas.com.mx\/wp-content\/uploads\/2024\/06\/inundaciones-tormenta-tropical-alberto.webp","width":1599,"height":1066},{"@type":"BreadcrumbList","@id":"https:\/\/fuentesfidedignas.com.mx\/index.php\/2024\/06\/23\/sube-a-7-cifra-de-victimas-en-mexico-por-paso-de-alberto\/#breadcrumb","itemListElement":[{"@type":"ListItem","position":1,"name":"Inicio","item":"https:\/\/fuentesfidedignas.com.mx\/"},{"@type":"ListItem","position":2,"name":"Sube a 7 cifra de v\u00edctimas en M\u00e9xico por paso de \u2018Alberto\u2019"}]},{"@type":"WebSite","@id":"https:\/\/fuentesfidedignas.com.mx\/#website","url":"https:\/\/fuentesfidedignas.com.mx\/","name":"Fuentes Fidedignas","description":"Otro sitio realizado con WordPress","publisher":{"@id":"https:\/\/fuentesfidedignas.com.mx\/#organization"},"potentialAction":[{"@type":"SearchAction","target":{"@type":"EntryPoint","urlTemplate":"https:\/\/fuentesfidedignas.com.mx\/?s={search_term_string}"},"query-input":{"@type":"PropertyValueSpecification","valueRequired":true,"valueName":"search_term_string"}}],"inLanguage":"es"},{"@type":"Organization","@id":"https:\/\/fuentesfidedignas.com.mx\/#organization","name":"Fuentes Fidedignas","url":"https:\/\/fuentesfidedignas.com.mx\/","logo":{"@type":"ImageObject","inLanguage":"es","@id":"https:\/\/fuentesfidedignas.com.mx\/#\/schema\/logo\/image\/","url":"https:\/\/fuentesfidedignas.com.mx\/wp-content\/uploads\/2021\/04\/logo-retina.png","contentUrl":"https:\/\/fuentesfidedignas.com.mx\/wp-content\/uploads\/2021\/04\/logo-retina.png","width":280,"height":51,"caption":"Fuentes Fidedignas"},"image":{"@id":"https:\/\/fuentesfidedignas.com.mx\/#\/schema\/logo\/image\/"},"sameAs":["https:\/\/www.facebook.com\/Fuentes-Fidedignas-368234489921644","https:\/\/x.com\/fidedignas"]},{"@type":"Person","@id":"https:\/\/fuentesfidedignas.com.mx\/#\/schema\/person\/67d852f0557c8509146a4b9ddebd543a","name":"L\u00f3pez D\u00f3riga","image":{"@type":"ImageObject","inLanguage":"es","@id":"https:\/\/secure.gravatar.com\/avatar\/e525b06574ca18b33cded59dfe5778d6c823b9513154eff47da551b0551bdd1e?s=96&d=mm&r=g","url":"https:\/\/secure.gravatar.com\/avatar\/e525b06574ca18b33cded59dfe5778d6c823b9513154eff47da551b0551bdd1e?s=96&d=mm&r=g","contentUrl":"https:\/\/secure.gravatar.com\/avatar\/e525b06574ca18b33cded59dfe5778d6c823b9513154eff47da551b0551bdd1e?s=96&d=mm&r=g","caption":"L\u00f3pez D\u00f3riga"},"url":"https:\/\/fuentesfidedignas.com.mx\/index.php\/author\/doriga\/"}]}},"_links":{"self":[{"href":"https:\/\/fuentesfidedignas.com.mx\/index.php\/wp-json\/wp\/v2\/posts\/84753","targetHints":{"allow":["GET"]}}],"collection":[{"href":"https:\/\/fuentesfidedignas.com.mx\/index.php\/wp-json\/wp\/v2\/posts"}],"about":[{"href":"https:\/\/fuentesfidedignas.com.mx\/index.php\/wp-json\/wp\/v2\/types\/post"}],"author":[{"embeddable":true,"href":"https:\/\/fuentesfidedignas.com.mx\/index.php\/wp-json\/wp\/v2\/users\/47"}],"replies":[{"embeddable":true,"href":"https:\/\/fuentesfidedignas.com.mx\/index.php\/wp-json\/wp\/v2\/comments?post=84753"}],"version-history":[{"count":1,"href":"https:\/\/fuentesfidedignas.com.mx\/index.php\/wp-json\/wp\/v2\/posts\/84753\/revisions"}],"predecessor-version":[{"id":84755,"href":"https:\/\/fuentesfidedignas.com.mx\/index.php\/wp-json\/wp\/v2\/posts\/84753\/revisions\/84755"}],"wp:featuredmedia":[{"embeddable":true,"href":"https:\/\/fuentesfidedignas.com.mx\/index.php\/wp-json\/wp\/v2\/media\/84754"}],"wp:attachment":[{"href":"https:\/\/fuentesfidedignas.com.mx\/index.php\/wp-json\/wp\/v2\/media?parent=84753"}],"wp:term":[{"taxonomy":"category","embeddable":true,"href":"https:\/\/fuentesfidedignas.com.mx\/index.php\/wp-json\/wp\/v2\/categories?post=84753"},{"taxonomy":"post_tag","embeddable":true,"href":"https:\/\/fuentesfidedignas.com.mx\/index.php\/wp-json\/wp\/v2\/tags?post=84753"}],"curies":[{"name":"wp","href":"https:\/\/api.w.org\/{rel}","templated":true}]}}