{"id":84733,"date":"2024-06-23T09:46:39","date_gmt":"2024-06-23T16:46:39","guid":{"rendered":"https:\/\/fuentesfidedignas.com.mx\/?p=84733"},"modified":"2024-06-23T09:46:39","modified_gmt":"2024-06-23T16:46:39","slug":"el-chore-jefe-de-plaza-de-los-chapitos-en-eldorado-resulto-abatido-por-militares","status":"publish","type":"post","link":"https:\/\/fuentesfidedignas.com.mx\/index.php\/2024\/06\/23\/el-chore-jefe-de-plaza-de-los-chapitos-en-eldorado-resulto-abatido-por-militares\/","title":{"rendered":"&#8220;El Chore&#8221; jefe de Plaza de &#8220;Los Chapitos&#8221; en Eldorado, result\u00f3 abatido por militares"},"content":{"rendered":"\n<p><strong><em>De confirmarse la ca\u00edda de esta pieza importante de dicho grupo delictivo se estar\u00eda hablando que las autoridades habr\u00edan acertado un duro golpe al Cartel de Sinaloa <\/em><\/strong><\/p>\n\n\n\n<p>Culiac\u00e1n, Sinaloa.- En el fuerte enfrentamiento de la GN, Ej\u00e9rcito, result\u00f3 abatido Raul Carrasco N, alias \u201cEl Chore\u201d, jefe de plaza por los Chapitos en el Dorado Sinaloa, y uno de los hombres de confianza de Ivan Archivaldo Guzman Salazar (a) \u201cChapito\u201d.<\/p>\n\n\n\n<p>La versi\u00f3n sobre la muerte de Ra\u00fal Carrasco mejor conocido como \u2018El Chore\u2019 ha circulado a trav\u00e9s de las redes sociales pero ninguna corporaci\u00f3n ni autoridad lo ha confirmado tras el enfrentamiento registrado durante la ma\u00f1ana de este domingo 23 de junio en la comunidad de Leopoldo S\u00e1nchez Celis, en el Eldorado.<\/p>\n\n\n\n<p>De confirmarse la ca\u00edda de esta pieza importante de dicho grupo delictivo se estar\u00eda hablando que las autoridades habr\u00edan acertado un duro golpe al Cartel de Sinaloa pues este hombre es considerado como uno de los m\u00e1s importantes en el \u00e1mbito de seguridad dentro del grupo delictivo.<\/p>\n\n\n\n<p>Hasta el momento solo se ha informado que el enfrentamiento se registr\u00f3 en las inmediaciones de una yarda de veh\u00edculos de carga que se localiza en la parte central de la comunidad anteriormente mencionada y donde hasta este momento personal del Ej\u00e9rcito Mexicano, Guardia Nacional y otras corporaciones de seguridad se encuentran trabajando, pero no se ha informado a detalle qu\u00e9 es lo que sucedi\u00f3 aunque los vecinos se\u00f1alaron que varios helic\u00f3pteros sobrevolaron la zona durante esta ma\u00f1ana y uno de ellos aterriz\u00f3 en la zona del conflicto.<\/p>\n","protected":false},"excerpt":{"rendered":"<p>De confirmarse la ca\u00edda de esta pieza importante de dicho grupo delictivo se estar\u00eda hablando que las autoridades habr\u00edan acertado un duro golpe al Cartel de Sinaloa Culiac\u00e1n, Sinaloa.- En el fuerte enfrentamiento de la GN, Ej\u00e9rcito, result\u00f3 abatido Raul Carrasco N, alias \u201cEl Chore\u201d, jefe de plaza por los Chapitos en el Dorado Sinaloa, [&hellip;]<\/p>\n","protected":false},"author":169,"featured_media":81785,"comment_status":"open","ping_status":"open","sticky":false,"template":"","format":"standard","meta":{"tdm_status":"","tdm_grid_status":"","footnotes":""},"categories":[37],"tags":[],"class_list":{"0":"post-84733","1":"post","2":"type-post","3":"status-publish","4":"format-standard","5":"has-post-thumbnail","7":"category-nota-principal"},"yoast_head":"<!-- This site is optimized with the Yoast SEO plugin v27.5 - https:\/\/yoast.com\/product\/yoast-seo-wordpress\/ -->\n<title>&quot;El Chore&quot; jefe de Plaza de &quot;Los Chapitos&quot; en Eldorado, result\u00f3 abatido por militares - Fuentes Fidedignas<\/title>\n<meta name=\"robots\" content=\"index, follow, max-snippet:-1, max-image-preview:large, max-video-preview:-1\" \/>\n<link rel=\"canonical\" href=\"https:\/\/fuentesfidedignas.com.mx\/index.php\/2024\/06\/23\/el-chore-jefe-de-plaza-de-los-chapitos-en-eldorado-resulto-abatido-por-militares\/\" \/>\n<meta property=\"og:locale\" content=\"es_MX\" \/>\n<meta property=\"og:type\" content=\"article\" \/>\n<meta property=\"og:title\" content=\"&quot;El Chore&quot; jefe de Plaza de &quot;Los Chapitos&quot; en Eldorado, result\u00f3 abatido por militares - Fuentes Fidedignas\" \/>\n<meta property=\"og:description\" content=\"De confirmarse la ca\u00edda de esta pieza importante de dicho grupo delictivo se estar\u00eda hablando que las autoridades habr\u00edan acertado un duro golpe al Cartel de Sinaloa Culiac\u00e1n, Sinaloa.- En el fuerte enfrentamiento de la GN, Ej\u00e9rcito, result\u00f3 abatido Raul Carrasco N, alias \u201cEl Chore\u201d, jefe de plaza por los Chapitos en el Dorado Sinaloa, [&hellip;]\" \/>\n<meta property=\"og:url\" content=\"https:\/\/fuentesfidedignas.com.mx\/index.php\/2024\/06\/23\/el-chore-jefe-de-plaza-de-los-chapitos-en-eldorado-resulto-abatido-por-militares\/\" \/>\n<meta property=\"og:site_name\" content=\"Fuentes Fidedignas\" \/>\n<meta property=\"article:publisher\" content=\"https:\/\/www.facebook.com\/Fuentes-Fidedignas-368234489921644\" \/>\n<meta property=\"article:published_time\" content=\"2024-06-23T16:46:39+00:00\" \/>\n<meta property=\"og:image\" content=\"https:\/\/fuentesfidedignas.com.mx\/wp-content\/uploads\/2024\/05\/cinta-nopasar.jpg\" \/>\n\t<meta property=\"og:image:width\" content=\"650\" \/>\n\t<meta property=\"og:image:height\" content=\"422\" \/>\n\t<meta property=\"og:image:type\" content=\"image\/jpeg\" \/>\n<meta name=\"author\" content=\"Blogdelnarco\" \/>\n<meta name=\"twitter:card\" content=\"summary_large_image\" \/>\n<meta name=\"twitter:creator\" content=\"@fidedignas\" \/>\n<meta name=\"twitter:site\" content=\"@fidedignas\" \/>\n<meta name=\"twitter:label1\" content=\"Escrito por\" \/>\n\t<meta name=\"twitter:data1\" content=\"Blogdelnarco\" \/>\n\t<meta name=\"twitter:label2\" content=\"Tiempo de lectura\" \/>\n\t<meta name=\"twitter:data2\" content=\"2 minutos\" \/>\n<script type=\"application\/ld+json\" class=\"yoast-schema-graph\">{\"@context\":\"https:\\\/\\\/schema.org\",\"@graph\":[{\"@type\":\"Article\",\"@id\":\"https:\\\/\\\/fuentesfidedignas.com.mx\\\/index.php\\\/2024\\\/06\\\/23\\\/el-chore-jefe-de-plaza-de-los-chapitos-en-eldorado-resulto-abatido-por-militares\\\/#article\",\"isPartOf\":{\"@id\":\"https:\\\/\\\/fuentesfidedignas.com.mx\\\/index.php\\\/2024\\\/06\\\/23\\\/el-chore-jefe-de-plaza-de-los-chapitos-en-eldorado-resulto-abatido-por-militares\\\/\"},\"author\":{\"name\":\"Blogdelnarco\",\"@id\":\"https:\\\/\\\/fuentesfidedignas.com.mx\\\/#\\\/schema\\\/person\\\/343ef13e666b55cb4b3071c552d904ab\"},\"headline\":\"&#8220;El Chore&#8221; jefe de Plaza de &#8220;Los Chapitos&#8221; en Eldorado, result\u00f3 abatido por militares\",\"datePublished\":\"2024-06-23T16:46:39+00:00\",\"mainEntityOfPage\":{\"@id\":\"https:\\\/\\\/fuentesfidedignas.com.mx\\\/index.php\\\/2024\\\/06\\\/23\\\/el-chore-jefe-de-plaza-de-los-chapitos-en-eldorado-resulto-abatido-por-militares\\\/\"},\"wordCount\":290,\"commentCount\":0,\"publisher\":{\"@id\":\"https:\\\/\\\/fuentesfidedignas.com.mx\\\/#organization\"},\"image\":{\"@id\":\"https:\\\/\\\/fuentesfidedignas.com.mx\\\/index.php\\\/2024\\\/06\\\/23\\\/el-chore-jefe-de-plaza-de-los-chapitos-en-eldorado-resulto-abatido-por-militares\\\/#primaryimage\"},\"thumbnailUrl\":\"https:\\\/\\\/fuentesfidedignas.com.mx\\\/wp-content\\\/uploads\\\/2024\\\/05\\\/cinta-nopasar.jpg\",\"articleSection\":[\"NOTA PRINCIPAL\"],\"inLanguage\":\"es\",\"potentialAction\":[{\"@type\":\"CommentAction\",\"name\":\"Comment\",\"target\":[\"https:\\\/\\\/fuentesfidedignas.com.mx\\\/index.php\\\/2024\\\/06\\\/23\\\/el-chore-jefe-de-plaza-de-los-chapitos-en-eldorado-resulto-abatido-por-militares\\\/#respond\"]}]},{\"@type\":\"WebPage\",\"@id\":\"https:\\\/\\\/fuentesfidedignas.com.mx\\\/index.php\\\/2024\\\/06\\\/23\\\/el-chore-jefe-de-plaza-de-los-chapitos-en-eldorado-resulto-abatido-por-militares\\\/\",\"url\":\"https:\\\/\\\/fuentesfidedignas.com.mx\\\/index.php\\\/2024\\\/06\\\/23\\\/el-chore-jefe-de-plaza-de-los-chapitos-en-eldorado-resulto-abatido-por-militares\\\/\",\"name\":\"\\\"El Chore\\\" jefe de Plaza de \\\"Los Chapitos\\\" en Eldorado, result\u00f3 abatido por militares - Fuentes Fidedignas\",\"isPartOf\":{\"@id\":\"https:\\\/\\\/fuentesfidedignas.com.mx\\\/#website\"},\"primaryImageOfPage\":{\"@id\":\"https:\\\/\\\/fuentesfidedignas.com.mx\\\/index.php\\\/2024\\\/06\\\/23\\\/el-chore-jefe-de-plaza-de-los-chapitos-en-eldorado-resulto-abatido-por-militares\\\/#primaryimage\"},\"image\":{\"@id\":\"https:\\\/\\\/fuentesfidedignas.com.mx\\\/index.php\\\/2024\\\/06\\\/23\\\/el-chore-jefe-de-plaza-de-los-chapitos-en-eldorado-resulto-abatido-por-militares\\\/#primaryimage\"},\"thumbnailUrl\":\"https:\\\/\\\/fuentesfidedignas.com.mx\\\/wp-content\\\/uploads\\\/2024\\\/05\\\/cinta-nopasar.jpg\",\"datePublished\":\"2024-06-23T16:46:39+00:00\",\"breadcrumb\":{\"@id\":\"https:\\\/\\\/fuentesfidedignas.com.mx\\\/index.php\\\/2024\\\/06\\\/23\\\/el-chore-jefe-de-plaza-de-los-chapitos-en-eldorado-resulto-abatido-por-militares\\\/#breadcrumb\"},\"inLanguage\":\"es\",\"potentialAction\":[{\"@type\":\"ReadAction\",\"target\":[\"https:\\\/\\\/fuentesfidedignas.com.mx\\\/index.php\\\/2024\\\/06\\\/23\\\/el-chore-jefe-de-plaza-de-los-chapitos-en-eldorado-resulto-abatido-por-militares\\\/\"]}]},{\"@type\":\"ImageObject\",\"inLanguage\":\"es\",\"@id\":\"https:\\\/\\\/fuentesfidedignas.com.mx\\\/index.php\\\/2024\\\/06\\\/23\\\/el-chore-jefe-de-plaza-de-los-chapitos-en-eldorado-resulto-abatido-por-militares\\\/#primaryimage\",\"url\":\"https:\\\/\\\/fuentesfidedignas.com.mx\\\/wp-content\\\/uploads\\\/2024\\\/05\\\/cinta-nopasar.jpg\",\"contentUrl\":\"https:\\\/\\\/fuentesfidedignas.com.mx\\\/wp-content\\\/uploads\\\/2024\\\/05\\\/cinta-nopasar.jpg\",\"width\":650,\"height\":422},{\"@type\":\"BreadcrumbList\",\"@id\":\"https:\\\/\\\/fuentesfidedignas.com.mx\\\/index.php\\\/2024\\\/06\\\/23\\\/el-chore-jefe-de-plaza-de-los-chapitos-en-eldorado-resulto-abatido-por-militares\\\/#breadcrumb\",\"itemListElement\":[{\"@type\":\"ListItem\",\"position\":1,\"name\":\"Inicio\",\"item\":\"https:\\\/\\\/fuentesfidedignas.com.mx\\\/\"},{\"@type\":\"ListItem\",\"position\":2,\"name\":\"&#8220;El Chore&#8221; jefe de Plaza de &#8220;Los Chapitos&#8221; en Eldorado, result\u00f3 abatido por militares\"}]},{\"@type\":\"WebSite\",\"@id\":\"https:\\\/\\\/fuentesfidedignas.com.mx\\\/#website\",\"url\":\"https:\\\/\\\/fuentesfidedignas.com.mx\\\/\",\"name\":\"Fuentes Fidedignas\",\"description\":\"Otro sitio realizado con WordPress\",\"publisher\":{\"@id\":\"https:\\\/\\\/fuentesfidedignas.com.mx\\\/#organization\"},\"potentialAction\":[{\"@type\":\"SearchAction\",\"target\":{\"@type\":\"EntryPoint\",\"urlTemplate\":\"https:\\\/\\\/fuentesfidedignas.com.mx\\\/?s={search_term_string}\"},\"query-input\":{\"@type\":\"PropertyValueSpecification\",\"valueRequired\":true,\"valueName\":\"search_term_string\"}}],\"inLanguage\":\"es\"},{\"@type\":\"Organization\",\"@id\":\"https:\\\/\\\/fuentesfidedignas.com.mx\\\/#organization\",\"name\":\"Fuentes Fidedignas\",\"url\":\"https:\\\/\\\/fuentesfidedignas.com.mx\\\/\",\"logo\":{\"@type\":\"ImageObject\",\"inLanguage\":\"es\",\"@id\":\"https:\\\/\\\/fuentesfidedignas.com.mx\\\/#\\\/schema\\\/logo\\\/image\\\/\",\"url\":\"https:\\\/\\\/fuentesfidedignas.com.mx\\\/wp-content\\\/uploads\\\/2021\\\/04\\\/logo-retina.png\",\"contentUrl\":\"https:\\\/\\\/fuentesfidedignas.com.mx\\\/wp-content\\\/uploads\\\/2021\\\/04\\\/logo-retina.png\",\"width\":280,\"height\":51,\"caption\":\"Fuentes Fidedignas\"},\"image\":{\"@id\":\"https:\\\/\\\/fuentesfidedignas.com.mx\\\/#\\\/schema\\\/logo\\\/image\\\/\"},\"sameAs\":[\"https:\\\/\\\/www.facebook.com\\\/Fuentes-Fidedignas-368234489921644\",\"https:\\\/\\\/x.com\\\/fidedignas\"]},{\"@type\":\"Person\",\"@id\":\"https:\\\/\\\/fuentesfidedignas.com.mx\\\/#\\\/schema\\\/person\\\/343ef13e666b55cb4b3071c552d904ab\",\"name\":\"Blogdelnarco\",\"image\":{\"@type\":\"ImageObject\",\"inLanguage\":\"es\",\"@id\":\"https:\\\/\\\/secure.gravatar.com\\\/avatar\\\/e533ac454ec6728aa85911a2a5ed44e92cb0f5c7b28dee7d882452d0ceb499ec?s=96&d=mm&r=g\",\"url\":\"https:\\\/\\\/secure.gravatar.com\\\/avatar\\\/e533ac454ec6728aa85911a2a5ed44e92cb0f5c7b28dee7d882452d0ceb499ec?s=96&d=mm&r=g\",\"contentUrl\":\"https:\\\/\\\/secure.gravatar.com\\\/avatar\\\/e533ac454ec6728aa85911a2a5ed44e92cb0f5c7b28dee7d882452d0ceb499ec?s=96&d=mm&r=g\",\"caption\":\"Blogdelnarco\"},\"url\":\"https:\\\/\\\/fuentesfidedignas.com.mx\\\/index.php\\\/author\\\/bliogdelnarco\\\/\"}]}<\/script>\n<!-- \/ Yoast SEO plugin. -->","yoast_head_json":{"title":"\"El Chore\" jefe de Plaza de \"Los Chapitos\" en Eldorado, result\u00f3 abatido por militares - Fuentes Fidedignas","robots":{"index":"index","follow":"follow","max-snippet":"max-snippet:-1","max-image-preview":"max-image-preview:large","max-video-preview":"max-video-preview:-1"},"canonical":"https:\/\/fuentesfidedignas.com.mx\/index.php\/2024\/06\/23\/el-chore-jefe-de-plaza-de-los-chapitos-en-eldorado-resulto-abatido-por-militares\/","og_locale":"es_MX","og_type":"article","og_title":"\"El Chore\" jefe de Plaza de \"Los Chapitos\" en Eldorado, result\u00f3 abatido por militares - Fuentes Fidedignas","og_description":"De confirmarse la ca\u00edda de esta pieza importante de dicho grupo delictivo se estar\u00eda hablando que las autoridades habr\u00edan acertado un duro golpe al Cartel de Sinaloa Culiac\u00e1n, Sinaloa.- En el fuerte enfrentamiento de la GN, Ej\u00e9rcito, result\u00f3 abatido Raul Carrasco N, alias \u201cEl Chore\u201d, jefe de plaza por los Chapitos en el Dorado Sinaloa, [&hellip;]","og_url":"https:\/\/fuentesfidedignas.com.mx\/index.php\/2024\/06\/23\/el-chore-jefe-de-plaza-de-los-chapitos-en-eldorado-resulto-abatido-por-militares\/","og_site_name":"Fuentes Fidedignas","article_publisher":"https:\/\/www.facebook.com\/Fuentes-Fidedignas-368234489921644","article_published_time":"2024-06-23T16:46:39+00:00","og_image":[{"width":650,"height":422,"url":"https:\/\/fuentesfidedignas.com.mx\/wp-content\/uploads\/2024\/05\/cinta-nopasar.jpg","type":"image\/jpeg"}],"author":"Blogdelnarco","twitter_card":"summary_large_image","twitter_creator":"@fidedignas","twitter_site":"@fidedignas","twitter_misc":{"Escrito por":"Blogdelnarco","Tiempo de lectura":"2 minutos"},"schema":{"@context":"https:\/\/schema.org","@graph":[{"@type":"Article","@id":"https:\/\/fuentesfidedignas.com.mx\/index.php\/2024\/06\/23\/el-chore-jefe-de-plaza-de-los-chapitos-en-eldorado-resulto-abatido-por-militares\/#article","isPartOf":{"@id":"https:\/\/fuentesfidedignas.com.mx\/index.php\/2024\/06\/23\/el-chore-jefe-de-plaza-de-los-chapitos-en-eldorado-resulto-abatido-por-militares\/"},"author":{"name":"Blogdelnarco","@id":"https:\/\/fuentesfidedignas.com.mx\/#\/schema\/person\/343ef13e666b55cb4b3071c552d904ab"},"headline":"&#8220;El Chore&#8221; jefe de Plaza de &#8220;Los Chapitos&#8221; en Eldorado, result\u00f3 abatido por militares","datePublished":"2024-06-23T16:46:39+00:00","mainEntityOfPage":{"@id":"https:\/\/fuentesfidedignas.com.mx\/index.php\/2024\/06\/23\/el-chore-jefe-de-plaza-de-los-chapitos-en-eldorado-resulto-abatido-por-militares\/"},"wordCount":290,"commentCount":0,"publisher":{"@id":"https:\/\/fuentesfidedignas.com.mx\/#organization"},"image":{"@id":"https:\/\/fuentesfidedignas.com.mx\/index.php\/2024\/06\/23\/el-chore-jefe-de-plaza-de-los-chapitos-en-eldorado-resulto-abatido-por-militares\/#primaryimage"},"thumbnailUrl":"https:\/\/fuentesfidedignas.com.mx\/wp-content\/uploads\/2024\/05\/cinta-nopasar.jpg","articleSection":["NOTA PRINCIPAL"],"inLanguage":"es","potentialAction":[{"@type":"CommentAction","name":"Comment","target":["https:\/\/fuentesfidedignas.com.mx\/index.php\/2024\/06\/23\/el-chore-jefe-de-plaza-de-los-chapitos-en-eldorado-resulto-abatido-por-militares\/#respond"]}]},{"@type":"WebPage","@id":"https:\/\/fuentesfidedignas.com.mx\/index.php\/2024\/06\/23\/el-chore-jefe-de-plaza-de-los-chapitos-en-eldorado-resulto-abatido-por-militares\/","url":"https:\/\/fuentesfidedignas.com.mx\/index.php\/2024\/06\/23\/el-chore-jefe-de-plaza-de-los-chapitos-en-eldorado-resulto-abatido-por-militares\/","name":"\"El Chore\" jefe de Plaza de \"Los Chapitos\" en Eldorado, result\u00f3 abatido por militares - Fuentes Fidedignas","isPartOf":{"@id":"https:\/\/fuentesfidedignas.com.mx\/#website"},"primaryImageOfPage":{"@id":"https:\/\/fuentesfidedignas.com.mx\/index.php\/2024\/06\/23\/el-chore-jefe-de-plaza-de-los-chapitos-en-eldorado-resulto-abatido-por-militares\/#primaryimage"},"image":{"@id":"https:\/\/fuentesfidedignas.com.mx\/index.php\/2024\/06\/23\/el-chore-jefe-de-plaza-de-los-chapitos-en-eldorado-resulto-abatido-por-militares\/#primaryimage"},"thumbnailUrl":"https:\/\/fuentesfidedignas.com.mx\/wp-content\/uploads\/2024\/05\/cinta-nopasar.jpg","datePublished":"2024-06-23T16:46:39+00:00","breadcrumb":{"@id":"https:\/\/fuentesfidedignas.com.mx\/index.php\/2024\/06\/23\/el-chore-jefe-de-plaza-de-los-chapitos-en-eldorado-resulto-abatido-por-militares\/#breadcrumb"},"inLanguage":"es","potentialAction":[{"@type":"ReadAction","target":["https:\/\/fuentesfidedignas.com.mx\/index.php\/2024\/06\/23\/el-chore-jefe-de-plaza-de-los-chapitos-en-eldorado-resulto-abatido-por-militares\/"]}]},{"@type":"ImageObject","inLanguage":"es","@id":"https:\/\/fuentesfidedignas.com.mx\/index.php\/2024\/06\/23\/el-chore-jefe-de-plaza-de-los-chapitos-en-eldorado-resulto-abatido-por-militares\/#primaryimage","url":"https:\/\/fuentesfidedignas.com.mx\/wp-content\/uploads\/2024\/05\/cinta-nopasar.jpg","contentUrl":"https:\/\/fuentesfidedignas.com.mx\/wp-content\/uploads\/2024\/05\/cinta-nopasar.jpg","width":650,"height":422},{"@type":"BreadcrumbList","@id":"https:\/\/fuentesfidedignas.com.mx\/index.php\/2024\/06\/23\/el-chore-jefe-de-plaza-de-los-chapitos-en-eldorado-resulto-abatido-por-militares\/#breadcrumb","itemListElement":[{"@type":"ListItem","position":1,"name":"Inicio","item":"https:\/\/fuentesfidedignas.com.mx\/"},{"@type":"ListItem","position":2,"name":"&#8220;El Chore&#8221; jefe de Plaza de &#8220;Los Chapitos&#8221; en Eldorado, result\u00f3 abatido por militares"}]},{"@type":"WebSite","@id":"https:\/\/fuentesfidedignas.com.mx\/#website","url":"https:\/\/fuentesfidedignas.com.mx\/","name":"Fuentes Fidedignas","description":"Otro sitio realizado con WordPress","publisher":{"@id":"https:\/\/fuentesfidedignas.com.mx\/#organization"},"potentialAction":[{"@type":"SearchAction","target":{"@type":"EntryPoint","urlTemplate":"https:\/\/fuentesfidedignas.com.mx\/?s={search_term_string}"},"query-input":{"@type":"PropertyValueSpecification","valueRequired":true,"valueName":"search_term_string"}}],"inLanguage":"es"},{"@type":"Organization","@id":"https:\/\/fuentesfidedignas.com.mx\/#organization","name":"Fuentes Fidedignas","url":"https:\/\/fuentesfidedignas.com.mx\/","logo":{"@type":"ImageObject","inLanguage":"es","@id":"https:\/\/fuentesfidedignas.com.mx\/#\/schema\/logo\/image\/","url":"https:\/\/fuentesfidedignas.com.mx\/wp-content\/uploads\/2021\/04\/logo-retina.png","contentUrl":"https:\/\/fuentesfidedignas.com.mx\/wp-content\/uploads\/2021\/04\/logo-retina.png","width":280,"height":51,"caption":"Fuentes Fidedignas"},"image":{"@id":"https:\/\/fuentesfidedignas.com.mx\/#\/schema\/logo\/image\/"},"sameAs":["https:\/\/www.facebook.com\/Fuentes-Fidedignas-368234489921644","https:\/\/x.com\/fidedignas"]},{"@type":"Person","@id":"https:\/\/fuentesfidedignas.com.mx\/#\/schema\/person\/343ef13e666b55cb4b3071c552d904ab","name":"Blogdelnarco","image":{"@type":"ImageObject","inLanguage":"es","@id":"https:\/\/secure.gravatar.com\/avatar\/e533ac454ec6728aa85911a2a5ed44e92cb0f5c7b28dee7d882452d0ceb499ec?s=96&d=mm&r=g","url":"https:\/\/secure.gravatar.com\/avatar\/e533ac454ec6728aa85911a2a5ed44e92cb0f5c7b28dee7d882452d0ceb499ec?s=96&d=mm&r=g","contentUrl":"https:\/\/secure.gravatar.com\/avatar\/e533ac454ec6728aa85911a2a5ed44e92cb0f5c7b28dee7d882452d0ceb499ec?s=96&d=mm&r=g","caption":"Blogdelnarco"},"url":"https:\/\/fuentesfidedignas.com.mx\/index.php\/author\/bliogdelnarco\/"}]}},"_links":{"self":[{"href":"https:\/\/fuentesfidedignas.com.mx\/index.php\/wp-json\/wp\/v2\/posts\/84733","targetHints":{"allow":["GET"]}}],"collection":[{"href":"https:\/\/fuentesfidedignas.com.mx\/index.php\/wp-json\/wp\/v2\/posts"}],"about":[{"href":"https:\/\/fuentesfidedignas.com.mx\/index.php\/wp-json\/wp\/v2\/types\/post"}],"author":[{"embeddable":true,"href":"https:\/\/fuentesfidedignas.com.mx\/index.php\/wp-json\/wp\/v2\/users\/169"}],"replies":[{"embeddable":true,"href":"https:\/\/fuentesfidedignas.com.mx\/index.php\/wp-json\/wp\/v2\/comments?post=84733"}],"version-history":[{"count":2,"href":"https:\/\/fuentesfidedignas.com.mx\/index.php\/wp-json\/wp\/v2\/posts\/84733\/revisions"}],"predecessor-version":[{"id":84735,"href":"https:\/\/fuentesfidedignas.com.mx\/index.php\/wp-json\/wp\/v2\/posts\/84733\/revisions\/84735"}],"wp:featuredmedia":[{"embeddable":true,"href":"https:\/\/fuentesfidedignas.com.mx\/index.php\/wp-json\/wp\/v2\/media\/81785"}],"wp:attachment":[{"href":"https:\/\/fuentesfidedignas.com.mx\/index.php\/wp-json\/wp\/v2\/media?parent=84733"}],"wp:term":[{"taxonomy":"category","embeddable":true,"href":"https:\/\/fuentesfidedignas.com.mx\/index.php\/wp-json\/wp\/v2\/categories?post=84733"},{"taxonomy":"post_tag","embeddable":true,"href":"https:\/\/fuentesfidedignas.com.mx\/index.php\/wp-json\/wp\/v2\/tags?post=84733"}],"curies":[{"name":"wp","href":"https:\/\/api.w.org\/{rel}","templated":true}]}}