{"id":84677,"date":"2024-06-21T12:36:09","date_gmt":"2024-06-21T19:36:09","guid":{"rendered":"https:\/\/fuentesfidedignas.com.mx\/?p=84677"},"modified":"2024-06-21T12:38:21","modified_gmt":"2024-06-21T19:38:21","slug":"mexico-acumula-155-muertes-por-calor-en-lo-que-va-de-2024-sinaloa-fuera-de-los-estados-con-decesos","status":"publish","type":"post","link":"https:\/\/fuentesfidedignas.com.mx\/index.php\/2024\/06\/21\/mexico-acumula-155-muertes-por-calor-en-lo-que-va-de-2024-sinaloa-fuera-de-los-estados-con-decesos\/","title":{"rendered":"M\u00e9xico acumula 155 muertes por calor en lo que va de 2024; Sinaloa fuera de los estados con decesos"},"content":{"rendered":"\n<p><strong><em>La Secretar\u00eda de Salud actualiz\u00f3 a 155 el n\u00famero de muertes asociadas al calor, con la advertencia de que continuar\u00e1n las altas temperaturas<\/em><\/strong><\/p>\n\n\n\n<p>La Secretar\u00eda de Salud (SSa) actualiz\u00f3 la cifra de muertes por los efectos del calor, que aumentaron en 30 desde la pasada semana, lo que sit\u00faa en 155 el total de personas muertas por las altas temperaturas desde que comenzara 2024.<\/p>\n\n\n\n<p>En su m\u00e1s reciente informe semanal de vigilancia epidemiol\u00f3gica, la dependencia especific\u00f3 que, tan solo en la semana 24, que abarca del 13 al 18 de junio, se notificaron 259 casos asociados a temperaturas naturales extremas adem\u00e1s de la treintena que acabaron siendo fatales.<\/p>\n\n\n\n<p>Seg\u00fan el reporte de la SSa, los estados del pa\u00eds que reportaron defunciones en la semana 24 fueron Veracruz (13), Yucat\u00e1n (5), Oaxaca (4), Tamaulipas (2), Baja California (1), Chihuahua (1), Guerrero (1), Nayarit (1), Nuevo Le\u00f3n (1) y Sonora (1).<\/p>\n\n\n\n<p>Aunque en el informe se reflejan 30 nuevas defunciones en esta semana, algunas de ellas pertenecen a periodos anteriores y no hab\u00edan sido confirmadas hasta la fecha, de ah\u00ed que de los fallecimientos notificados en la semana 24, tres son atribuibles a la segunda onda, y 17 a la tercera onda de calor.<\/p>\n\n\n\n<p>Desde la Secretar\u00eda de Salud avisan que las altas temperaturas continuar\u00e1n en el pa\u00eds en la pr\u00f3xima semana, ya que se prev\u00e9n temperaturas m\u00e1ximas superiores a 45 \u00b0C en Baja California y Sonora y m\u00e1ximas de 35 a 40 grados Celsius en Baja California Sur , Chihuahua , Durango y Sinaloa, todos estados del norte de M\u00e9xico.<\/p>\n\n\n\n<p>Algo m\u00e1s suaves pero a\u00fan altas ser\u00e1n las temperaturas m\u00e1ximas que se experimenten en los estados norte\u00f1os de Coahuila, Nuevo Le\u00f3n, Tamaulipas, en los occidentales de Nayarit, Jalisco, Michoac\u00e1n, Guerrero, Morelos, Oaxaca y en las entidades sure\u00f1as de Chiapas, Veracruz, Tabasco, Campeche y Yucat\u00e1n.<\/p>\n\n\n\n<p>En el comunicado se recuerda a la poblaci\u00f3n la importancia de mantenerse hidratado, el consumo de frutas y verduras frescas as\u00ed como evitar la exposici\u00f3n al sol durante las horas de mayor radiaci\u00f3n, de 11:00 a 15:00 horas.<\/p>\n\n\n\n<p>El Gobierno mexicano pronostic\u00f3 al menos cinco ondas de calor entre marzo y julio el pasado 16 de abril.<\/p>\n","protected":false},"excerpt":{"rendered":"<p>La Secretar\u00eda de Salud actualiz\u00f3 a 155 el n\u00famero de muertes asociadas al calor, con la advertencia de que continuar\u00e1n las altas temperaturas La Secretar\u00eda de Salud (SSa) actualiz\u00f3 la cifra de muertes por los efectos del calor, que aumentaron en 30 desde la pasada semana, lo que sit\u00faa en 155 el total de personas [&hellip;]<\/p>\n","protected":false},"author":47,"featured_media":65250,"comment_status":"open","ping_status":"open","sticky":false,"template":"","format":"standard","meta":{"tdm_status":"","tdm_grid_status":"","footnotes":""},"categories":[37],"tags":[],"class_list":{"0":"post-84677","1":"post","2":"type-post","3":"status-publish","4":"format-standard","5":"has-post-thumbnail","7":"category-nota-principal"},"yoast_head":"<!-- This site is optimized with the Yoast SEO plugin v27.5 - https:\/\/yoast.com\/product\/yoast-seo-wordpress\/ -->\n<title>M\u00e9xico acumula 155 muertes por calor en lo que va de 2024; Sinaloa fuera de los estados con decesos - Fuentes Fidedignas<\/title>\n<meta name=\"robots\" content=\"index, follow, max-snippet:-1, max-image-preview:large, max-video-preview:-1\" \/>\n<link rel=\"canonical\" href=\"https:\/\/fuentesfidedignas.com.mx\/index.php\/2024\/06\/21\/mexico-acumula-155-muertes-por-calor-en-lo-que-va-de-2024-sinaloa-fuera-de-los-estados-con-decesos\/\" \/>\n<meta property=\"og:locale\" content=\"es_MX\" \/>\n<meta property=\"og:type\" content=\"article\" \/>\n<meta property=\"og:title\" content=\"M\u00e9xico acumula 155 muertes por calor en lo que va de 2024; Sinaloa fuera de los estados con decesos - Fuentes Fidedignas\" \/>\n<meta property=\"og:description\" content=\"La Secretar\u00eda de Salud actualiz\u00f3 a 155 el n\u00famero de muertes asociadas al calor, con la advertencia de que continuar\u00e1n las altas temperaturas La Secretar\u00eda de Salud (SSa) actualiz\u00f3 la cifra de muertes por los efectos del calor, que aumentaron en 30 desde la pasada semana, lo que sit\u00faa en 155 el total de personas [&hellip;]\" \/>\n<meta property=\"og:url\" content=\"https:\/\/fuentesfidedignas.com.mx\/index.php\/2024\/06\/21\/mexico-acumula-155-muertes-por-calor-en-lo-que-va-de-2024-sinaloa-fuera-de-los-estados-con-decesos\/\" \/>\n<meta property=\"og:site_name\" content=\"Fuentes Fidedignas\" \/>\n<meta property=\"article:publisher\" content=\"https:\/\/www.facebook.com\/Fuentes-Fidedignas-368234489921644\" \/>\n<meta property=\"article:published_time\" content=\"2024-06-21T19:36:09+00:00\" \/>\n<meta property=\"article:modified_time\" content=\"2024-06-21T19:38:21+00:00\" \/>\n<meta property=\"og:image\" content=\"https:\/\/fuentesfidedignas.com.mx\/wp-content\/uploads\/2023\/11\/CALOR.jpg\" \/>\n\t<meta property=\"og:image:width\" content=\"1000\" \/>\n\t<meta property=\"og:image:height\" content=\"522\" \/>\n\t<meta property=\"og:image:type\" content=\"image\/jpeg\" \/>\n<meta name=\"author\" content=\"L\u00f3pez D\u00f3riga\" \/>\n<meta name=\"twitter:card\" content=\"summary_large_image\" \/>\n<meta name=\"twitter:creator\" content=\"@fidedignas\" \/>\n<meta name=\"twitter:site\" content=\"@fidedignas\" \/>\n<meta name=\"twitter:label1\" content=\"Escrito por\" \/>\n\t<meta name=\"twitter:data1\" content=\"L\u00f3pez D\u00f3riga\" \/>\n\t<meta name=\"twitter:label2\" content=\"Tiempo de lectura\" \/>\n\t<meta name=\"twitter:data2\" content=\"2 minutos\" \/>\n<script type=\"application\/ld+json\" class=\"yoast-schema-graph\">{\"@context\":\"https:\\\/\\\/schema.org\",\"@graph\":[{\"@type\":\"Article\",\"@id\":\"https:\\\/\\\/fuentesfidedignas.com.mx\\\/index.php\\\/2024\\\/06\\\/21\\\/mexico-acumula-155-muertes-por-calor-en-lo-que-va-de-2024-sinaloa-fuera-de-los-estados-con-decesos\\\/#article\",\"isPartOf\":{\"@id\":\"https:\\\/\\\/fuentesfidedignas.com.mx\\\/index.php\\\/2024\\\/06\\\/21\\\/mexico-acumula-155-muertes-por-calor-en-lo-que-va-de-2024-sinaloa-fuera-de-los-estados-con-decesos\\\/\"},\"author\":{\"name\":\"L\u00f3pez D\u00f3riga\",\"@id\":\"https:\\\/\\\/fuentesfidedignas.com.mx\\\/#\\\/schema\\\/person\\\/67d852f0557c8509146a4b9ddebd543a\"},\"headline\":\"M\u00e9xico acumula 155 muertes por calor en lo que va de 2024; Sinaloa fuera de los estados con decesos\",\"datePublished\":\"2024-06-21T19:36:09+00:00\",\"dateModified\":\"2024-06-21T19:38:21+00:00\",\"mainEntityOfPage\":{\"@id\":\"https:\\\/\\\/fuentesfidedignas.com.mx\\\/index.php\\\/2024\\\/06\\\/21\\\/mexico-acumula-155-muertes-por-calor-en-lo-que-va-de-2024-sinaloa-fuera-de-los-estados-con-decesos\\\/\"},\"wordCount\":381,\"commentCount\":0,\"publisher\":{\"@id\":\"https:\\\/\\\/fuentesfidedignas.com.mx\\\/#organization\"},\"image\":{\"@id\":\"https:\\\/\\\/fuentesfidedignas.com.mx\\\/index.php\\\/2024\\\/06\\\/21\\\/mexico-acumula-155-muertes-por-calor-en-lo-que-va-de-2024-sinaloa-fuera-de-los-estados-con-decesos\\\/#primaryimage\"},\"thumbnailUrl\":\"https:\\\/\\\/fuentesfidedignas.com.mx\\\/wp-content\\\/uploads\\\/2023\\\/11\\\/CALOR.jpg\",\"articleSection\":[\"NOTA PRINCIPAL\"],\"inLanguage\":\"es\",\"potentialAction\":[{\"@type\":\"CommentAction\",\"name\":\"Comment\",\"target\":[\"https:\\\/\\\/fuentesfidedignas.com.mx\\\/index.php\\\/2024\\\/06\\\/21\\\/mexico-acumula-155-muertes-por-calor-en-lo-que-va-de-2024-sinaloa-fuera-de-los-estados-con-decesos\\\/#respond\"]}]},{\"@type\":\"WebPage\",\"@id\":\"https:\\\/\\\/fuentesfidedignas.com.mx\\\/index.php\\\/2024\\\/06\\\/21\\\/mexico-acumula-155-muertes-por-calor-en-lo-que-va-de-2024-sinaloa-fuera-de-los-estados-con-decesos\\\/\",\"url\":\"https:\\\/\\\/fuentesfidedignas.com.mx\\\/index.php\\\/2024\\\/06\\\/21\\\/mexico-acumula-155-muertes-por-calor-en-lo-que-va-de-2024-sinaloa-fuera-de-los-estados-con-decesos\\\/\",\"name\":\"M\u00e9xico acumula 155 muertes por calor en lo que va de 2024; Sinaloa fuera de los estados con decesos - Fuentes Fidedignas\",\"isPartOf\":{\"@id\":\"https:\\\/\\\/fuentesfidedignas.com.mx\\\/#website\"},\"primaryImageOfPage\":{\"@id\":\"https:\\\/\\\/fuentesfidedignas.com.mx\\\/index.php\\\/2024\\\/06\\\/21\\\/mexico-acumula-155-muertes-por-calor-en-lo-que-va-de-2024-sinaloa-fuera-de-los-estados-con-decesos\\\/#primaryimage\"},\"image\":{\"@id\":\"https:\\\/\\\/fuentesfidedignas.com.mx\\\/index.php\\\/2024\\\/06\\\/21\\\/mexico-acumula-155-muertes-por-calor-en-lo-que-va-de-2024-sinaloa-fuera-de-los-estados-con-decesos\\\/#primaryimage\"},\"thumbnailUrl\":\"https:\\\/\\\/fuentesfidedignas.com.mx\\\/wp-content\\\/uploads\\\/2023\\\/11\\\/CALOR.jpg\",\"datePublished\":\"2024-06-21T19:36:09+00:00\",\"dateModified\":\"2024-06-21T19:38:21+00:00\",\"breadcrumb\":{\"@id\":\"https:\\\/\\\/fuentesfidedignas.com.mx\\\/index.php\\\/2024\\\/06\\\/21\\\/mexico-acumula-155-muertes-por-calor-en-lo-que-va-de-2024-sinaloa-fuera-de-los-estados-con-decesos\\\/#breadcrumb\"},\"inLanguage\":\"es\",\"potentialAction\":[{\"@type\":\"ReadAction\",\"target\":[\"https:\\\/\\\/fuentesfidedignas.com.mx\\\/index.php\\\/2024\\\/06\\\/21\\\/mexico-acumula-155-muertes-por-calor-en-lo-que-va-de-2024-sinaloa-fuera-de-los-estados-con-decesos\\\/\"]}]},{\"@type\":\"ImageObject\",\"inLanguage\":\"es\",\"@id\":\"https:\\\/\\\/fuentesfidedignas.com.mx\\\/index.php\\\/2024\\\/06\\\/21\\\/mexico-acumula-155-muertes-por-calor-en-lo-que-va-de-2024-sinaloa-fuera-de-los-estados-con-decesos\\\/#primaryimage\",\"url\":\"https:\\\/\\\/fuentesfidedignas.com.mx\\\/wp-content\\\/uploads\\\/2023\\\/11\\\/CALOR.jpg\",\"contentUrl\":\"https:\\\/\\\/fuentesfidedignas.com.mx\\\/wp-content\\\/uploads\\\/2023\\\/11\\\/CALOR.jpg\",\"width\":1000,\"height\":522},{\"@type\":\"BreadcrumbList\",\"@id\":\"https:\\\/\\\/fuentesfidedignas.com.mx\\\/index.php\\\/2024\\\/06\\\/21\\\/mexico-acumula-155-muertes-por-calor-en-lo-que-va-de-2024-sinaloa-fuera-de-los-estados-con-decesos\\\/#breadcrumb\",\"itemListElement\":[{\"@type\":\"ListItem\",\"position\":1,\"name\":\"Inicio\",\"item\":\"https:\\\/\\\/fuentesfidedignas.com.mx\\\/\"},{\"@type\":\"ListItem\",\"position\":2,\"name\":\"M\u00e9xico acumula 155 muertes por calor en lo que va de 2024; Sinaloa fuera de los estados con decesos\"}]},{\"@type\":\"WebSite\",\"@id\":\"https:\\\/\\\/fuentesfidedignas.com.mx\\\/#website\",\"url\":\"https:\\\/\\\/fuentesfidedignas.com.mx\\\/\",\"name\":\"Fuentes Fidedignas\",\"description\":\"Otro sitio realizado con WordPress\",\"publisher\":{\"@id\":\"https:\\\/\\\/fuentesfidedignas.com.mx\\\/#organization\"},\"potentialAction\":[{\"@type\":\"SearchAction\",\"target\":{\"@type\":\"EntryPoint\",\"urlTemplate\":\"https:\\\/\\\/fuentesfidedignas.com.mx\\\/?s={search_term_string}\"},\"query-input\":{\"@type\":\"PropertyValueSpecification\",\"valueRequired\":true,\"valueName\":\"search_term_string\"}}],\"inLanguage\":\"es\"},{\"@type\":\"Organization\",\"@id\":\"https:\\\/\\\/fuentesfidedignas.com.mx\\\/#organization\",\"name\":\"Fuentes Fidedignas\",\"url\":\"https:\\\/\\\/fuentesfidedignas.com.mx\\\/\",\"logo\":{\"@type\":\"ImageObject\",\"inLanguage\":\"es\",\"@id\":\"https:\\\/\\\/fuentesfidedignas.com.mx\\\/#\\\/schema\\\/logo\\\/image\\\/\",\"url\":\"https:\\\/\\\/fuentesfidedignas.com.mx\\\/wp-content\\\/uploads\\\/2021\\\/04\\\/logo-retina.png\",\"contentUrl\":\"https:\\\/\\\/fuentesfidedignas.com.mx\\\/wp-content\\\/uploads\\\/2021\\\/04\\\/logo-retina.png\",\"width\":280,\"height\":51,\"caption\":\"Fuentes Fidedignas\"},\"image\":{\"@id\":\"https:\\\/\\\/fuentesfidedignas.com.mx\\\/#\\\/schema\\\/logo\\\/image\\\/\"},\"sameAs\":[\"https:\\\/\\\/www.facebook.com\\\/Fuentes-Fidedignas-368234489921644\",\"https:\\\/\\\/x.com\\\/fidedignas\"]},{\"@type\":\"Person\",\"@id\":\"https:\\\/\\\/fuentesfidedignas.com.mx\\\/#\\\/schema\\\/person\\\/67d852f0557c8509146a4b9ddebd543a\",\"name\":\"L\u00f3pez D\u00f3riga\",\"image\":{\"@type\":\"ImageObject\",\"inLanguage\":\"es\",\"@id\":\"https:\\\/\\\/secure.gravatar.com\\\/avatar\\\/e525b06574ca18b33cded59dfe5778d6c823b9513154eff47da551b0551bdd1e?s=96&d=mm&r=g\",\"url\":\"https:\\\/\\\/secure.gravatar.com\\\/avatar\\\/e525b06574ca18b33cded59dfe5778d6c823b9513154eff47da551b0551bdd1e?s=96&d=mm&r=g\",\"contentUrl\":\"https:\\\/\\\/secure.gravatar.com\\\/avatar\\\/e525b06574ca18b33cded59dfe5778d6c823b9513154eff47da551b0551bdd1e?s=96&d=mm&r=g\",\"caption\":\"L\u00f3pez D\u00f3riga\"},\"url\":\"https:\\\/\\\/fuentesfidedignas.com.mx\\\/index.php\\\/author\\\/doriga\\\/\"}]}<\/script>\n<!-- \/ Yoast SEO plugin. -->","yoast_head_json":{"title":"M\u00e9xico acumula 155 muertes por calor en lo que va de 2024; Sinaloa fuera de los estados con decesos - Fuentes Fidedignas","robots":{"index":"index","follow":"follow","max-snippet":"max-snippet:-1","max-image-preview":"max-image-preview:large","max-video-preview":"max-video-preview:-1"},"canonical":"https:\/\/fuentesfidedignas.com.mx\/index.php\/2024\/06\/21\/mexico-acumula-155-muertes-por-calor-en-lo-que-va-de-2024-sinaloa-fuera-de-los-estados-con-decesos\/","og_locale":"es_MX","og_type":"article","og_title":"M\u00e9xico acumula 155 muertes por calor en lo que va de 2024; Sinaloa fuera de los estados con decesos - Fuentes Fidedignas","og_description":"La Secretar\u00eda de Salud actualiz\u00f3 a 155 el n\u00famero de muertes asociadas al calor, con la advertencia de que continuar\u00e1n las altas temperaturas La Secretar\u00eda de Salud (SSa) actualiz\u00f3 la cifra de muertes por los efectos del calor, que aumentaron en 30 desde la pasada semana, lo que sit\u00faa en 155 el total de personas [&hellip;]","og_url":"https:\/\/fuentesfidedignas.com.mx\/index.php\/2024\/06\/21\/mexico-acumula-155-muertes-por-calor-en-lo-que-va-de-2024-sinaloa-fuera-de-los-estados-con-decesos\/","og_site_name":"Fuentes Fidedignas","article_publisher":"https:\/\/www.facebook.com\/Fuentes-Fidedignas-368234489921644","article_published_time":"2024-06-21T19:36:09+00:00","article_modified_time":"2024-06-21T19:38:21+00:00","og_image":[{"width":1000,"height":522,"url":"https:\/\/fuentesfidedignas.com.mx\/wp-content\/uploads\/2023\/11\/CALOR.jpg","type":"image\/jpeg"}],"author":"L\u00f3pez D\u00f3riga","twitter_card":"summary_large_image","twitter_creator":"@fidedignas","twitter_site":"@fidedignas","twitter_misc":{"Escrito por":"L\u00f3pez D\u00f3riga","Tiempo de lectura":"2 minutos"},"schema":{"@context":"https:\/\/schema.org","@graph":[{"@type":"Article","@id":"https:\/\/fuentesfidedignas.com.mx\/index.php\/2024\/06\/21\/mexico-acumula-155-muertes-por-calor-en-lo-que-va-de-2024-sinaloa-fuera-de-los-estados-con-decesos\/#article","isPartOf":{"@id":"https:\/\/fuentesfidedignas.com.mx\/index.php\/2024\/06\/21\/mexico-acumula-155-muertes-por-calor-en-lo-que-va-de-2024-sinaloa-fuera-de-los-estados-con-decesos\/"},"author":{"name":"L\u00f3pez D\u00f3riga","@id":"https:\/\/fuentesfidedignas.com.mx\/#\/schema\/person\/67d852f0557c8509146a4b9ddebd543a"},"headline":"M\u00e9xico acumula 155 muertes por calor en lo que va de 2024; Sinaloa fuera de los estados con decesos","datePublished":"2024-06-21T19:36:09+00:00","dateModified":"2024-06-21T19:38:21+00:00","mainEntityOfPage":{"@id":"https:\/\/fuentesfidedignas.com.mx\/index.php\/2024\/06\/21\/mexico-acumula-155-muertes-por-calor-en-lo-que-va-de-2024-sinaloa-fuera-de-los-estados-con-decesos\/"},"wordCount":381,"commentCount":0,"publisher":{"@id":"https:\/\/fuentesfidedignas.com.mx\/#organization"},"image":{"@id":"https:\/\/fuentesfidedignas.com.mx\/index.php\/2024\/06\/21\/mexico-acumula-155-muertes-por-calor-en-lo-que-va-de-2024-sinaloa-fuera-de-los-estados-con-decesos\/#primaryimage"},"thumbnailUrl":"https:\/\/fuentesfidedignas.com.mx\/wp-content\/uploads\/2023\/11\/CALOR.jpg","articleSection":["NOTA PRINCIPAL"],"inLanguage":"es","potentialAction":[{"@type":"CommentAction","name":"Comment","target":["https:\/\/fuentesfidedignas.com.mx\/index.php\/2024\/06\/21\/mexico-acumula-155-muertes-por-calor-en-lo-que-va-de-2024-sinaloa-fuera-de-los-estados-con-decesos\/#respond"]}]},{"@type":"WebPage","@id":"https:\/\/fuentesfidedignas.com.mx\/index.php\/2024\/06\/21\/mexico-acumula-155-muertes-por-calor-en-lo-que-va-de-2024-sinaloa-fuera-de-los-estados-con-decesos\/","url":"https:\/\/fuentesfidedignas.com.mx\/index.php\/2024\/06\/21\/mexico-acumula-155-muertes-por-calor-en-lo-que-va-de-2024-sinaloa-fuera-de-los-estados-con-decesos\/","name":"M\u00e9xico acumula 155 muertes por calor en lo que va de 2024; Sinaloa fuera de los estados con decesos - Fuentes Fidedignas","isPartOf":{"@id":"https:\/\/fuentesfidedignas.com.mx\/#website"},"primaryImageOfPage":{"@id":"https:\/\/fuentesfidedignas.com.mx\/index.php\/2024\/06\/21\/mexico-acumula-155-muertes-por-calor-en-lo-que-va-de-2024-sinaloa-fuera-de-los-estados-con-decesos\/#primaryimage"},"image":{"@id":"https:\/\/fuentesfidedignas.com.mx\/index.php\/2024\/06\/21\/mexico-acumula-155-muertes-por-calor-en-lo-que-va-de-2024-sinaloa-fuera-de-los-estados-con-decesos\/#primaryimage"},"thumbnailUrl":"https:\/\/fuentesfidedignas.com.mx\/wp-content\/uploads\/2023\/11\/CALOR.jpg","datePublished":"2024-06-21T19:36:09+00:00","dateModified":"2024-06-21T19:38:21+00:00","breadcrumb":{"@id":"https:\/\/fuentesfidedignas.com.mx\/index.php\/2024\/06\/21\/mexico-acumula-155-muertes-por-calor-en-lo-que-va-de-2024-sinaloa-fuera-de-los-estados-con-decesos\/#breadcrumb"},"inLanguage":"es","potentialAction":[{"@type":"ReadAction","target":["https:\/\/fuentesfidedignas.com.mx\/index.php\/2024\/06\/21\/mexico-acumula-155-muertes-por-calor-en-lo-que-va-de-2024-sinaloa-fuera-de-los-estados-con-decesos\/"]}]},{"@type":"ImageObject","inLanguage":"es","@id":"https:\/\/fuentesfidedignas.com.mx\/index.php\/2024\/06\/21\/mexico-acumula-155-muertes-por-calor-en-lo-que-va-de-2024-sinaloa-fuera-de-los-estados-con-decesos\/#primaryimage","url":"https:\/\/fuentesfidedignas.com.mx\/wp-content\/uploads\/2023\/11\/CALOR.jpg","contentUrl":"https:\/\/fuentesfidedignas.com.mx\/wp-content\/uploads\/2023\/11\/CALOR.jpg","width":1000,"height":522},{"@type":"BreadcrumbList","@id":"https:\/\/fuentesfidedignas.com.mx\/index.php\/2024\/06\/21\/mexico-acumula-155-muertes-por-calor-en-lo-que-va-de-2024-sinaloa-fuera-de-los-estados-con-decesos\/#breadcrumb","itemListElement":[{"@type":"ListItem","position":1,"name":"Inicio","item":"https:\/\/fuentesfidedignas.com.mx\/"},{"@type":"ListItem","position":2,"name":"M\u00e9xico acumula 155 muertes por calor en lo que va de 2024; Sinaloa fuera de los estados con decesos"}]},{"@type":"WebSite","@id":"https:\/\/fuentesfidedignas.com.mx\/#website","url":"https:\/\/fuentesfidedignas.com.mx\/","name":"Fuentes Fidedignas","description":"Otro sitio realizado con WordPress","publisher":{"@id":"https:\/\/fuentesfidedignas.com.mx\/#organization"},"potentialAction":[{"@type":"SearchAction","target":{"@type":"EntryPoint","urlTemplate":"https:\/\/fuentesfidedignas.com.mx\/?s={search_term_string}"},"query-input":{"@type":"PropertyValueSpecification","valueRequired":true,"valueName":"search_term_string"}}],"inLanguage":"es"},{"@type":"Organization","@id":"https:\/\/fuentesfidedignas.com.mx\/#organization","name":"Fuentes Fidedignas","url":"https:\/\/fuentesfidedignas.com.mx\/","logo":{"@type":"ImageObject","inLanguage":"es","@id":"https:\/\/fuentesfidedignas.com.mx\/#\/schema\/logo\/image\/","url":"https:\/\/fuentesfidedignas.com.mx\/wp-content\/uploads\/2021\/04\/logo-retina.png","contentUrl":"https:\/\/fuentesfidedignas.com.mx\/wp-content\/uploads\/2021\/04\/logo-retina.png","width":280,"height":51,"caption":"Fuentes Fidedignas"},"image":{"@id":"https:\/\/fuentesfidedignas.com.mx\/#\/schema\/logo\/image\/"},"sameAs":["https:\/\/www.facebook.com\/Fuentes-Fidedignas-368234489921644","https:\/\/x.com\/fidedignas"]},{"@type":"Person","@id":"https:\/\/fuentesfidedignas.com.mx\/#\/schema\/person\/67d852f0557c8509146a4b9ddebd543a","name":"L\u00f3pez D\u00f3riga","image":{"@type":"ImageObject","inLanguage":"es","@id":"https:\/\/secure.gravatar.com\/avatar\/e525b06574ca18b33cded59dfe5778d6c823b9513154eff47da551b0551bdd1e?s=96&d=mm&r=g","url":"https:\/\/secure.gravatar.com\/avatar\/e525b06574ca18b33cded59dfe5778d6c823b9513154eff47da551b0551bdd1e?s=96&d=mm&r=g","contentUrl":"https:\/\/secure.gravatar.com\/avatar\/e525b06574ca18b33cded59dfe5778d6c823b9513154eff47da551b0551bdd1e?s=96&d=mm&r=g","caption":"L\u00f3pez D\u00f3riga"},"url":"https:\/\/fuentesfidedignas.com.mx\/index.php\/author\/doriga\/"}]}},"_links":{"self":[{"href":"https:\/\/fuentesfidedignas.com.mx\/index.php\/wp-json\/wp\/v2\/posts\/84677","targetHints":{"allow":["GET"]}}],"collection":[{"href":"https:\/\/fuentesfidedignas.com.mx\/index.php\/wp-json\/wp\/v2\/posts"}],"about":[{"href":"https:\/\/fuentesfidedignas.com.mx\/index.php\/wp-json\/wp\/v2\/types\/post"}],"author":[{"embeddable":true,"href":"https:\/\/fuentesfidedignas.com.mx\/index.php\/wp-json\/wp\/v2\/users\/47"}],"replies":[{"embeddable":true,"href":"https:\/\/fuentesfidedignas.com.mx\/index.php\/wp-json\/wp\/v2\/comments?post=84677"}],"version-history":[{"count":2,"href":"https:\/\/fuentesfidedignas.com.mx\/index.php\/wp-json\/wp\/v2\/posts\/84677\/revisions"}],"predecessor-version":[{"id":84679,"href":"https:\/\/fuentesfidedignas.com.mx\/index.php\/wp-json\/wp\/v2\/posts\/84677\/revisions\/84679"}],"wp:featuredmedia":[{"embeddable":true,"href":"https:\/\/fuentesfidedignas.com.mx\/index.php\/wp-json\/wp\/v2\/media\/65250"}],"wp:attachment":[{"href":"https:\/\/fuentesfidedignas.com.mx\/index.php\/wp-json\/wp\/v2\/media?parent=84677"}],"wp:term":[{"taxonomy":"category","embeddable":true,"href":"https:\/\/fuentesfidedignas.com.mx\/index.php\/wp-json\/wp\/v2\/categories?post=84677"},{"taxonomy":"post_tag","embeddable":true,"href":"https:\/\/fuentesfidedignas.com.mx\/index.php\/wp-json\/wp\/v2\/tags?post=84677"}],"curies":[{"name":"wp","href":"https:\/\/api.w.org\/{rel}","templated":true}]}}