{"id":84649,"date":"2024-06-21T07:23:03","date_gmt":"2024-06-21T14:23:03","guid":{"rendered":"https:\/\/fuentesfidedignas.com.mx\/?p=84649"},"modified":"2024-06-21T07:23:03","modified_gmt":"2024-06-21T14:23:03","slug":"enfrentamiento-entre-policias-y-pobladores-en-perote-veracruz-deja-dos-muertos","status":"publish","type":"post","link":"https:\/\/fuentesfidedignas.com.mx\/index.php\/2024\/06\/21\/enfrentamiento-entre-policias-y-pobladores-en-perote-veracruz-deja-dos-muertos\/","title":{"rendered":"Enfrentamiento entre polic\u00edas y pobladores en Perote, Veracruz, deja dos muertos"},"content":{"rendered":"\n<p><strong><em>De acuerdo con reportes, sobre la carretera federal Xalapa-Perote personas se manifestaron presuntamente por agua contaminada, por lo que se despleg\u00f3 a fuerzas de seguridad para disolver la protesta<\/em><\/strong><\/p>\n\n\n\n<p>La Fiscal\u00eda de Veracruz abri\u00f3 una investigaci\u00f3n tras el enfrentamiento que protagonizaron polic\u00edas y pobladores de la localidad de Totalco, municipio de Perote, que dejaron dos personas muertas.<\/p>\n\n\n\n<p>&#8220;La Fiscal\u00eda Regional zona centro Xalapa realiza los actos de investigaci\u00f3n en relaci\u00f3n con estos sucesos, a trav\u00e9s de fiscales, peritos y polic\u00edas ministeriales, para recabar evidencias que permitan determinar las circunstancias que desencadenaron el incidente y para deslindar responsabilidades de manera transparente y conforme a derecho\u201d, inform\u00f3 la autoridad en un comunicado.<\/p>\n\n\n\n<blockquote class=\"twitter-tweet\"><p lang=\"es\" dir=\"ltr\">FGE INFORMA AVANCES EN LAS INVESTIGACIONES POR LOS HECHOS OCURRIDOS EN TOTALCO<\/p>&mdash; FGE Veracruz (@FGE_Veracruz) <a href=\"https:\/\/twitter.com\/FGE_Veracruz\/status\/1803950662058729687?ref_src=twsrc%5Etfw\">June 21, 2024<\/a><\/blockquote> <script async src=\"https:\/\/platform.twitter.com\/widgets.js\" charset=\"utf-8\"><\/script>\n\n\n\n<p>De acuerdo con reportes, sobre la carretera federal Xalapa-Perote personas se manifestaron presuntamente por agua contaminada, por lo que se despleg\u00f3 a fuerzas de seguridad para disolver la protesta.<\/p>\n","protected":false},"excerpt":{"rendered":"<p>De acuerdo con reportes, sobre la carretera federal Xalapa-Perote personas se manifestaron presuntamente por agua contaminada, por lo que se despleg\u00f3 a fuerzas de seguridad para disolver la protesta La Fiscal\u00eda de Veracruz abri\u00f3 una investigaci\u00f3n tras el enfrentamiento que protagonizaron polic\u00edas y pobladores de la localidad de Totalco, municipio de Perote, que dejaron dos [&hellip;]<\/p>\n","protected":false},"author":47,"featured_media":84650,"comment_status":"open","ping_status":"open","sticky":false,"template":"","format":"standard","meta":{"tdm_status":"","tdm_grid_status":"","footnotes":""},"categories":[39],"tags":[],"class_list":{"0":"post-84649","1":"post","2":"type-post","3":"status-publish","4":"format-standard","5":"has-post-thumbnail","7":"category-noticias-nacionales"},"yoast_head":"<!-- This site is optimized with the Yoast SEO plugin v27.5 - https:\/\/yoast.com\/product\/yoast-seo-wordpress\/ -->\n<title>Enfrentamiento entre polic\u00edas y pobladores en Perote, Veracruz, deja dos muertos - Fuentes Fidedignas<\/title>\n<meta name=\"robots\" content=\"index, follow, max-snippet:-1, max-image-preview:large, max-video-preview:-1\" \/>\n<link rel=\"canonical\" href=\"https:\/\/fuentesfidedignas.com.mx\/index.php\/2024\/06\/21\/enfrentamiento-entre-policias-y-pobladores-en-perote-veracruz-deja-dos-muertos\/\" \/>\n<meta property=\"og:locale\" content=\"es_MX\" \/>\n<meta property=\"og:type\" content=\"article\" \/>\n<meta property=\"og:title\" content=\"Enfrentamiento entre polic\u00edas y pobladores en Perote, Veracruz, deja dos muertos - Fuentes Fidedignas\" \/>\n<meta property=\"og:description\" content=\"De acuerdo con reportes, sobre la carretera federal Xalapa-Perote personas se manifestaron presuntamente por agua contaminada, por lo que se despleg\u00f3 a fuerzas de seguridad para disolver la protesta La Fiscal\u00eda de Veracruz abri\u00f3 una investigaci\u00f3n tras el enfrentamiento que protagonizaron polic\u00edas y pobladores de la localidad de Totalco, municipio de Perote, que dejaron dos [&hellip;]\" \/>\n<meta property=\"og:url\" content=\"https:\/\/fuentesfidedignas.com.mx\/index.php\/2024\/06\/21\/enfrentamiento-entre-policias-y-pobladores-en-perote-veracruz-deja-dos-muertos\/\" \/>\n<meta property=\"og:site_name\" content=\"Fuentes Fidedignas\" \/>\n<meta property=\"article:publisher\" content=\"https:\/\/www.facebook.com\/Fuentes-Fidedignas-368234489921644\" \/>\n<meta property=\"article:published_time\" content=\"2024-06-21T14:23:03+00:00\" \/>\n<meta property=\"og:image\" content=\"https:\/\/fuentesfidedignas.com.mx\/wp-content\/uploads\/2024\/06\/enfrentamiento-en-vrcruz.jpg\" \/>\n\t<meta property=\"og:image:width\" content=\"650\" \/>\n\t<meta property=\"og:image:height\" content=\"449\" \/>\n\t<meta property=\"og:image:type\" content=\"image\/jpeg\" \/>\n<meta name=\"author\" content=\"L\u00f3pez D\u00f3riga\" \/>\n<meta name=\"twitter:card\" content=\"summary_large_image\" \/>\n<meta name=\"twitter:creator\" content=\"@fidedignas\" \/>\n<meta name=\"twitter:site\" content=\"@fidedignas\" \/>\n<meta name=\"twitter:label1\" content=\"Escrito por\" \/>\n\t<meta name=\"twitter:data1\" content=\"L\u00f3pez D\u00f3riga\" \/>\n\t<meta name=\"twitter:label2\" content=\"Tiempo de lectura\" \/>\n\t<meta name=\"twitter:data2\" content=\"1 minuto\" \/>\n<script type=\"application\/ld+json\" class=\"yoast-schema-graph\">{\"@context\":\"https:\\\/\\\/schema.org\",\"@graph\":[{\"@type\":\"Article\",\"@id\":\"https:\\\/\\\/fuentesfidedignas.com.mx\\\/index.php\\\/2024\\\/06\\\/21\\\/enfrentamiento-entre-policias-y-pobladores-en-perote-veracruz-deja-dos-muertos\\\/#article\",\"isPartOf\":{\"@id\":\"https:\\\/\\\/fuentesfidedignas.com.mx\\\/index.php\\\/2024\\\/06\\\/21\\\/enfrentamiento-entre-policias-y-pobladores-en-perote-veracruz-deja-dos-muertos\\\/\"},\"author\":{\"name\":\"L\u00f3pez D\u00f3riga\",\"@id\":\"https:\\\/\\\/fuentesfidedignas.com.mx\\\/#\\\/schema\\\/person\\\/67d852f0557c8509146a4b9ddebd543a\"},\"headline\":\"Enfrentamiento entre polic\u00edas y pobladores en Perote, Veracruz, deja dos muertos\",\"datePublished\":\"2024-06-21T14:23:03+00:00\",\"mainEntityOfPage\":{\"@id\":\"https:\\\/\\\/fuentesfidedignas.com.mx\\\/index.php\\\/2024\\\/06\\\/21\\\/enfrentamiento-entre-policias-y-pobladores-en-perote-veracruz-deja-dos-muertos\\\/\"},\"wordCount\":177,\"commentCount\":0,\"publisher\":{\"@id\":\"https:\\\/\\\/fuentesfidedignas.com.mx\\\/#organization\"},\"image\":{\"@id\":\"https:\\\/\\\/fuentesfidedignas.com.mx\\\/index.php\\\/2024\\\/06\\\/21\\\/enfrentamiento-entre-policias-y-pobladores-en-perote-veracruz-deja-dos-muertos\\\/#primaryimage\"},\"thumbnailUrl\":\"https:\\\/\\\/fuentesfidedignas.com.mx\\\/wp-content\\\/uploads\\\/2024\\\/06\\\/enfrentamiento-en-vrcruz.jpg\",\"articleSection\":[\"NOTICIAS NACIONALES\"],\"inLanguage\":\"es\",\"potentialAction\":[{\"@type\":\"CommentAction\",\"name\":\"Comment\",\"target\":[\"https:\\\/\\\/fuentesfidedignas.com.mx\\\/index.php\\\/2024\\\/06\\\/21\\\/enfrentamiento-entre-policias-y-pobladores-en-perote-veracruz-deja-dos-muertos\\\/#respond\"]}]},{\"@type\":\"WebPage\",\"@id\":\"https:\\\/\\\/fuentesfidedignas.com.mx\\\/index.php\\\/2024\\\/06\\\/21\\\/enfrentamiento-entre-policias-y-pobladores-en-perote-veracruz-deja-dos-muertos\\\/\",\"url\":\"https:\\\/\\\/fuentesfidedignas.com.mx\\\/index.php\\\/2024\\\/06\\\/21\\\/enfrentamiento-entre-policias-y-pobladores-en-perote-veracruz-deja-dos-muertos\\\/\",\"name\":\"Enfrentamiento entre polic\u00edas y pobladores en Perote, Veracruz, deja dos muertos - Fuentes Fidedignas\",\"isPartOf\":{\"@id\":\"https:\\\/\\\/fuentesfidedignas.com.mx\\\/#website\"},\"primaryImageOfPage\":{\"@id\":\"https:\\\/\\\/fuentesfidedignas.com.mx\\\/index.php\\\/2024\\\/06\\\/21\\\/enfrentamiento-entre-policias-y-pobladores-en-perote-veracruz-deja-dos-muertos\\\/#primaryimage\"},\"image\":{\"@id\":\"https:\\\/\\\/fuentesfidedignas.com.mx\\\/index.php\\\/2024\\\/06\\\/21\\\/enfrentamiento-entre-policias-y-pobladores-en-perote-veracruz-deja-dos-muertos\\\/#primaryimage\"},\"thumbnailUrl\":\"https:\\\/\\\/fuentesfidedignas.com.mx\\\/wp-content\\\/uploads\\\/2024\\\/06\\\/enfrentamiento-en-vrcruz.jpg\",\"datePublished\":\"2024-06-21T14:23:03+00:00\",\"breadcrumb\":{\"@id\":\"https:\\\/\\\/fuentesfidedignas.com.mx\\\/index.php\\\/2024\\\/06\\\/21\\\/enfrentamiento-entre-policias-y-pobladores-en-perote-veracruz-deja-dos-muertos\\\/#breadcrumb\"},\"inLanguage\":\"es\",\"potentialAction\":[{\"@type\":\"ReadAction\",\"target\":[\"https:\\\/\\\/fuentesfidedignas.com.mx\\\/index.php\\\/2024\\\/06\\\/21\\\/enfrentamiento-entre-policias-y-pobladores-en-perote-veracruz-deja-dos-muertos\\\/\"]}]},{\"@type\":\"ImageObject\",\"inLanguage\":\"es\",\"@id\":\"https:\\\/\\\/fuentesfidedignas.com.mx\\\/index.php\\\/2024\\\/06\\\/21\\\/enfrentamiento-entre-policias-y-pobladores-en-perote-veracruz-deja-dos-muertos\\\/#primaryimage\",\"url\":\"https:\\\/\\\/fuentesfidedignas.com.mx\\\/wp-content\\\/uploads\\\/2024\\\/06\\\/enfrentamiento-en-vrcruz.jpg\",\"contentUrl\":\"https:\\\/\\\/fuentesfidedignas.com.mx\\\/wp-content\\\/uploads\\\/2024\\\/06\\\/enfrentamiento-en-vrcruz.jpg\",\"width\":650,\"height\":449},{\"@type\":\"BreadcrumbList\",\"@id\":\"https:\\\/\\\/fuentesfidedignas.com.mx\\\/index.php\\\/2024\\\/06\\\/21\\\/enfrentamiento-entre-policias-y-pobladores-en-perote-veracruz-deja-dos-muertos\\\/#breadcrumb\",\"itemListElement\":[{\"@type\":\"ListItem\",\"position\":1,\"name\":\"Inicio\",\"item\":\"https:\\\/\\\/fuentesfidedignas.com.mx\\\/\"},{\"@type\":\"ListItem\",\"position\":2,\"name\":\"Enfrentamiento entre polic\u00edas y pobladores en Perote, Veracruz, deja dos muertos\"}]},{\"@type\":\"WebSite\",\"@id\":\"https:\\\/\\\/fuentesfidedignas.com.mx\\\/#website\",\"url\":\"https:\\\/\\\/fuentesfidedignas.com.mx\\\/\",\"name\":\"Fuentes Fidedignas\",\"description\":\"Otro sitio realizado con WordPress\",\"publisher\":{\"@id\":\"https:\\\/\\\/fuentesfidedignas.com.mx\\\/#organization\"},\"potentialAction\":[{\"@type\":\"SearchAction\",\"target\":{\"@type\":\"EntryPoint\",\"urlTemplate\":\"https:\\\/\\\/fuentesfidedignas.com.mx\\\/?s={search_term_string}\"},\"query-input\":{\"@type\":\"PropertyValueSpecification\",\"valueRequired\":true,\"valueName\":\"search_term_string\"}}],\"inLanguage\":\"es\"},{\"@type\":\"Organization\",\"@id\":\"https:\\\/\\\/fuentesfidedignas.com.mx\\\/#organization\",\"name\":\"Fuentes Fidedignas\",\"url\":\"https:\\\/\\\/fuentesfidedignas.com.mx\\\/\",\"logo\":{\"@type\":\"ImageObject\",\"inLanguage\":\"es\",\"@id\":\"https:\\\/\\\/fuentesfidedignas.com.mx\\\/#\\\/schema\\\/logo\\\/image\\\/\",\"url\":\"https:\\\/\\\/fuentesfidedignas.com.mx\\\/wp-content\\\/uploads\\\/2021\\\/04\\\/logo-retina.png\",\"contentUrl\":\"https:\\\/\\\/fuentesfidedignas.com.mx\\\/wp-content\\\/uploads\\\/2021\\\/04\\\/logo-retina.png\",\"width\":280,\"height\":51,\"caption\":\"Fuentes Fidedignas\"},\"image\":{\"@id\":\"https:\\\/\\\/fuentesfidedignas.com.mx\\\/#\\\/schema\\\/logo\\\/image\\\/\"},\"sameAs\":[\"https:\\\/\\\/www.facebook.com\\\/Fuentes-Fidedignas-368234489921644\",\"https:\\\/\\\/x.com\\\/fidedignas\"]},{\"@type\":\"Person\",\"@id\":\"https:\\\/\\\/fuentesfidedignas.com.mx\\\/#\\\/schema\\\/person\\\/67d852f0557c8509146a4b9ddebd543a\",\"name\":\"L\u00f3pez D\u00f3riga\",\"image\":{\"@type\":\"ImageObject\",\"inLanguage\":\"es\",\"@id\":\"https:\\\/\\\/secure.gravatar.com\\\/avatar\\\/e525b06574ca18b33cded59dfe5778d6c823b9513154eff47da551b0551bdd1e?s=96&d=mm&r=g\",\"url\":\"https:\\\/\\\/secure.gravatar.com\\\/avatar\\\/e525b06574ca18b33cded59dfe5778d6c823b9513154eff47da551b0551bdd1e?s=96&d=mm&r=g\",\"contentUrl\":\"https:\\\/\\\/secure.gravatar.com\\\/avatar\\\/e525b06574ca18b33cded59dfe5778d6c823b9513154eff47da551b0551bdd1e?s=96&d=mm&r=g\",\"caption\":\"L\u00f3pez D\u00f3riga\"},\"url\":\"https:\\\/\\\/fuentesfidedignas.com.mx\\\/index.php\\\/author\\\/doriga\\\/\"}]}<\/script>\n<!-- \/ Yoast SEO plugin. -->","yoast_head_json":{"title":"Enfrentamiento entre polic\u00edas y pobladores en Perote, Veracruz, deja dos muertos - Fuentes Fidedignas","robots":{"index":"index","follow":"follow","max-snippet":"max-snippet:-1","max-image-preview":"max-image-preview:large","max-video-preview":"max-video-preview:-1"},"canonical":"https:\/\/fuentesfidedignas.com.mx\/index.php\/2024\/06\/21\/enfrentamiento-entre-policias-y-pobladores-en-perote-veracruz-deja-dos-muertos\/","og_locale":"es_MX","og_type":"article","og_title":"Enfrentamiento entre polic\u00edas y pobladores en Perote, Veracruz, deja dos muertos - Fuentes Fidedignas","og_description":"De acuerdo con reportes, sobre la carretera federal Xalapa-Perote personas se manifestaron presuntamente por agua contaminada, por lo que se despleg\u00f3 a fuerzas de seguridad para disolver la protesta La Fiscal\u00eda de Veracruz abri\u00f3 una investigaci\u00f3n tras el enfrentamiento que protagonizaron polic\u00edas y pobladores de la localidad de Totalco, municipio de Perote, que dejaron dos [&hellip;]","og_url":"https:\/\/fuentesfidedignas.com.mx\/index.php\/2024\/06\/21\/enfrentamiento-entre-policias-y-pobladores-en-perote-veracruz-deja-dos-muertos\/","og_site_name":"Fuentes Fidedignas","article_publisher":"https:\/\/www.facebook.com\/Fuentes-Fidedignas-368234489921644","article_published_time":"2024-06-21T14:23:03+00:00","og_image":[{"width":650,"height":449,"url":"https:\/\/fuentesfidedignas.com.mx\/wp-content\/uploads\/2024\/06\/enfrentamiento-en-vrcruz.jpg","type":"image\/jpeg"}],"author":"L\u00f3pez D\u00f3riga","twitter_card":"summary_large_image","twitter_creator":"@fidedignas","twitter_site":"@fidedignas","twitter_misc":{"Escrito por":"L\u00f3pez D\u00f3riga","Tiempo de lectura":"1 minuto"},"schema":{"@context":"https:\/\/schema.org","@graph":[{"@type":"Article","@id":"https:\/\/fuentesfidedignas.com.mx\/index.php\/2024\/06\/21\/enfrentamiento-entre-policias-y-pobladores-en-perote-veracruz-deja-dos-muertos\/#article","isPartOf":{"@id":"https:\/\/fuentesfidedignas.com.mx\/index.php\/2024\/06\/21\/enfrentamiento-entre-policias-y-pobladores-en-perote-veracruz-deja-dos-muertos\/"},"author":{"name":"L\u00f3pez D\u00f3riga","@id":"https:\/\/fuentesfidedignas.com.mx\/#\/schema\/person\/67d852f0557c8509146a4b9ddebd543a"},"headline":"Enfrentamiento entre polic\u00edas y pobladores en Perote, Veracruz, deja dos muertos","datePublished":"2024-06-21T14:23:03+00:00","mainEntityOfPage":{"@id":"https:\/\/fuentesfidedignas.com.mx\/index.php\/2024\/06\/21\/enfrentamiento-entre-policias-y-pobladores-en-perote-veracruz-deja-dos-muertos\/"},"wordCount":177,"commentCount":0,"publisher":{"@id":"https:\/\/fuentesfidedignas.com.mx\/#organization"},"image":{"@id":"https:\/\/fuentesfidedignas.com.mx\/index.php\/2024\/06\/21\/enfrentamiento-entre-policias-y-pobladores-en-perote-veracruz-deja-dos-muertos\/#primaryimage"},"thumbnailUrl":"https:\/\/fuentesfidedignas.com.mx\/wp-content\/uploads\/2024\/06\/enfrentamiento-en-vrcruz.jpg","articleSection":["NOTICIAS NACIONALES"],"inLanguage":"es","potentialAction":[{"@type":"CommentAction","name":"Comment","target":["https:\/\/fuentesfidedignas.com.mx\/index.php\/2024\/06\/21\/enfrentamiento-entre-policias-y-pobladores-en-perote-veracruz-deja-dos-muertos\/#respond"]}]},{"@type":"WebPage","@id":"https:\/\/fuentesfidedignas.com.mx\/index.php\/2024\/06\/21\/enfrentamiento-entre-policias-y-pobladores-en-perote-veracruz-deja-dos-muertos\/","url":"https:\/\/fuentesfidedignas.com.mx\/index.php\/2024\/06\/21\/enfrentamiento-entre-policias-y-pobladores-en-perote-veracruz-deja-dos-muertos\/","name":"Enfrentamiento entre polic\u00edas y pobladores en Perote, Veracruz, deja dos muertos - Fuentes Fidedignas","isPartOf":{"@id":"https:\/\/fuentesfidedignas.com.mx\/#website"},"primaryImageOfPage":{"@id":"https:\/\/fuentesfidedignas.com.mx\/index.php\/2024\/06\/21\/enfrentamiento-entre-policias-y-pobladores-en-perote-veracruz-deja-dos-muertos\/#primaryimage"},"image":{"@id":"https:\/\/fuentesfidedignas.com.mx\/index.php\/2024\/06\/21\/enfrentamiento-entre-policias-y-pobladores-en-perote-veracruz-deja-dos-muertos\/#primaryimage"},"thumbnailUrl":"https:\/\/fuentesfidedignas.com.mx\/wp-content\/uploads\/2024\/06\/enfrentamiento-en-vrcruz.jpg","datePublished":"2024-06-21T14:23:03+00:00","breadcrumb":{"@id":"https:\/\/fuentesfidedignas.com.mx\/index.php\/2024\/06\/21\/enfrentamiento-entre-policias-y-pobladores-en-perote-veracruz-deja-dos-muertos\/#breadcrumb"},"inLanguage":"es","potentialAction":[{"@type":"ReadAction","target":["https:\/\/fuentesfidedignas.com.mx\/index.php\/2024\/06\/21\/enfrentamiento-entre-policias-y-pobladores-en-perote-veracruz-deja-dos-muertos\/"]}]},{"@type":"ImageObject","inLanguage":"es","@id":"https:\/\/fuentesfidedignas.com.mx\/index.php\/2024\/06\/21\/enfrentamiento-entre-policias-y-pobladores-en-perote-veracruz-deja-dos-muertos\/#primaryimage","url":"https:\/\/fuentesfidedignas.com.mx\/wp-content\/uploads\/2024\/06\/enfrentamiento-en-vrcruz.jpg","contentUrl":"https:\/\/fuentesfidedignas.com.mx\/wp-content\/uploads\/2024\/06\/enfrentamiento-en-vrcruz.jpg","width":650,"height":449},{"@type":"BreadcrumbList","@id":"https:\/\/fuentesfidedignas.com.mx\/index.php\/2024\/06\/21\/enfrentamiento-entre-policias-y-pobladores-en-perote-veracruz-deja-dos-muertos\/#breadcrumb","itemListElement":[{"@type":"ListItem","position":1,"name":"Inicio","item":"https:\/\/fuentesfidedignas.com.mx\/"},{"@type":"ListItem","position":2,"name":"Enfrentamiento entre polic\u00edas y pobladores en Perote, Veracruz, deja dos muertos"}]},{"@type":"WebSite","@id":"https:\/\/fuentesfidedignas.com.mx\/#website","url":"https:\/\/fuentesfidedignas.com.mx\/","name":"Fuentes Fidedignas","description":"Otro sitio realizado con WordPress","publisher":{"@id":"https:\/\/fuentesfidedignas.com.mx\/#organization"},"potentialAction":[{"@type":"SearchAction","target":{"@type":"EntryPoint","urlTemplate":"https:\/\/fuentesfidedignas.com.mx\/?s={search_term_string}"},"query-input":{"@type":"PropertyValueSpecification","valueRequired":true,"valueName":"search_term_string"}}],"inLanguage":"es"},{"@type":"Organization","@id":"https:\/\/fuentesfidedignas.com.mx\/#organization","name":"Fuentes Fidedignas","url":"https:\/\/fuentesfidedignas.com.mx\/","logo":{"@type":"ImageObject","inLanguage":"es","@id":"https:\/\/fuentesfidedignas.com.mx\/#\/schema\/logo\/image\/","url":"https:\/\/fuentesfidedignas.com.mx\/wp-content\/uploads\/2021\/04\/logo-retina.png","contentUrl":"https:\/\/fuentesfidedignas.com.mx\/wp-content\/uploads\/2021\/04\/logo-retina.png","width":280,"height":51,"caption":"Fuentes Fidedignas"},"image":{"@id":"https:\/\/fuentesfidedignas.com.mx\/#\/schema\/logo\/image\/"},"sameAs":["https:\/\/www.facebook.com\/Fuentes-Fidedignas-368234489921644","https:\/\/x.com\/fidedignas"]},{"@type":"Person","@id":"https:\/\/fuentesfidedignas.com.mx\/#\/schema\/person\/67d852f0557c8509146a4b9ddebd543a","name":"L\u00f3pez D\u00f3riga","image":{"@type":"ImageObject","inLanguage":"es","@id":"https:\/\/secure.gravatar.com\/avatar\/e525b06574ca18b33cded59dfe5778d6c823b9513154eff47da551b0551bdd1e?s=96&d=mm&r=g","url":"https:\/\/secure.gravatar.com\/avatar\/e525b06574ca18b33cded59dfe5778d6c823b9513154eff47da551b0551bdd1e?s=96&d=mm&r=g","contentUrl":"https:\/\/secure.gravatar.com\/avatar\/e525b06574ca18b33cded59dfe5778d6c823b9513154eff47da551b0551bdd1e?s=96&d=mm&r=g","caption":"L\u00f3pez D\u00f3riga"},"url":"https:\/\/fuentesfidedignas.com.mx\/index.php\/author\/doriga\/"}]}},"_links":{"self":[{"href":"https:\/\/fuentesfidedignas.com.mx\/index.php\/wp-json\/wp\/v2\/posts\/84649","targetHints":{"allow":["GET"]}}],"collection":[{"href":"https:\/\/fuentesfidedignas.com.mx\/index.php\/wp-json\/wp\/v2\/posts"}],"about":[{"href":"https:\/\/fuentesfidedignas.com.mx\/index.php\/wp-json\/wp\/v2\/types\/post"}],"author":[{"embeddable":true,"href":"https:\/\/fuentesfidedignas.com.mx\/index.php\/wp-json\/wp\/v2\/users\/47"}],"replies":[{"embeddable":true,"href":"https:\/\/fuentesfidedignas.com.mx\/index.php\/wp-json\/wp\/v2\/comments?post=84649"}],"version-history":[{"count":1,"href":"https:\/\/fuentesfidedignas.com.mx\/index.php\/wp-json\/wp\/v2\/posts\/84649\/revisions"}],"predecessor-version":[{"id":84651,"href":"https:\/\/fuentesfidedignas.com.mx\/index.php\/wp-json\/wp\/v2\/posts\/84649\/revisions\/84651"}],"wp:featuredmedia":[{"embeddable":true,"href":"https:\/\/fuentesfidedignas.com.mx\/index.php\/wp-json\/wp\/v2\/media\/84650"}],"wp:attachment":[{"href":"https:\/\/fuentesfidedignas.com.mx\/index.php\/wp-json\/wp\/v2\/media?parent=84649"}],"wp:term":[{"taxonomy":"category","embeddable":true,"href":"https:\/\/fuentesfidedignas.com.mx\/index.php\/wp-json\/wp\/v2\/categories?post=84649"},{"taxonomy":"post_tag","embeddable":true,"href":"https:\/\/fuentesfidedignas.com.mx\/index.php\/wp-json\/wp\/v2\/tags?post=84649"}],"curies":[{"name":"wp","href":"https:\/\/api.w.org\/{rel}","templated":true}]}}