{"id":84646,"date":"2024-06-21T06:56:02","date_gmt":"2024-06-21T13:56:02","guid":{"rendered":"https:\/\/fuentesfidedignas.com.mx\/?p=84646"},"modified":"2024-06-21T06:56:02","modified_gmt":"2024-06-21T13:56:02","slug":"cambio-generacional-cartel-de-sinaloa-es-controlado-por-ninos-de-los-90","status":"publish","type":"post","link":"https:\/\/fuentesfidedignas.com.mx\/index.php\/2024\/06\/21\/cambio-generacional-cartel-de-sinaloa-es-controlado-por-ninos-de-los-90\/","title":{"rendered":"\u00a1Cambio generacional! C\u00e1rtel de Sinaloa es controlado por &#8220;ni\u00f1os de los 90&#8221;"},"content":{"rendered":"\n<p><strong><em>Los j\u00f3venes directores de la delincuencia Arturo D\u2019Artagnan, Porthos Mar\u00edn y Mayre Robledo ya est\u00e1n en la mira de Estados Unidos.<\/em><\/strong><\/p>\n\n\n\n<p>El c\u00e1rtel m\u00e1s reconocido en M\u00e9xico y en el mundo cambia de piel. Con la generaci\u00f3n de los fundadores muertos, presos o desaparecidos, ha emergido una nueva casta de l\u00edderes tan j\u00f3venes que nacieron entre 1996 y 2004 y que representan un reto in\u00e9dito para las autoridades encargadas de la seguridad p\u00fablica.<\/p>\n\n\n\n<p>En marzo de este a\u00f1o, el Departamento del Tesoro de Estados Unidos oficializ\u00f3 entre sus documentos a esa siguiente generaci\u00f3n del tambi\u00e9n llamado c\u00e1rtel del Pac\u00edfico.<\/p>\n\n\n\n<p>Por su parte, funcionarios estadunidenses acusaron a dos hermanos \u2014Arturo D\u2019Artagnan y Porthos Mar\u00edn Gonz\u00e1lez\u2014 de ser l\u00edderes en operaciones de lavado de dinero y compra de fentanilo a trav\u00e9s de un negocio de venta de celulares llamado Smart Depot en Culiac\u00e1n, Sinaloa. Sus edades: 27 y 28 a\u00f1os, respectivamente.<\/p>\n\n\n\n<p>No se trataba de los \u00fanicos \u201cni\u00f1os de los 90\u201d en el documento oficial: ah\u00ed est\u00e1 tambi\u00e9n Adilene Mayre Robledo Arreondo, de 28 a\u00f1os, nacida en 1997, cuyo rol en el c\u00e1rtel es de concretar tratos millonarios de fentanilo y reclutamiento de vendedores de drogas. Adem\u00e1s de Jes\u00fas Tirado Andrade, nacido en 1996.<\/p>\n\n\n\n<p>As\u00ed como los hermanos Edy y Alexis Vergara Meza, fichados por Estados Unidos como influyentes narcotraficantes, con fecha de nacimiento en 1992 y 1996.<\/p>\n\n\n\n<p>Esta es una generaci\u00f3n distinta. No son los menores de edad que fueron reclutados para laborar en los pelda\u00f1os m\u00e1s bajos del crimen organizado, como el halconeo o la venta de drogas al menudeo, sino que se trata de l\u00edderes con complejas tareas de las cuales depende el \u00e9xito financiero de la empresa criminal. Los j\u00f3venes directores de la delincuencia.<\/p>\n\n\n\n<p>\u201cEsta nueva generaci\u00f3n que naci\u00f3 en los 1990, los 2000, tienen toda la vida viviendo con los actuales niveles de violencia. Si alguno de ellos naci\u00f3 en 1997, ellos ten\u00edan 10 a\u00f1os cuando Felipe Calder\u00f3n lanz\u00f3 la \u2018guerra contra el narco\u2019. Crecen y conocen la violencia como algo normal. Es su ambiente natural\u201d, opina Ioan Grillo, autor de varios libros sobre narcotr\u00e1fico, entre ellos, \u201cCaudillos del Crimen\u201d.<\/p>\n\n\n\n<p>En M\u00e9xico, un a\u00f1o antes de la publicaci\u00f3n del Departamento del Tesoro de Estados Unidos, una detenci\u00f3n en Culiac\u00e1n, Sinaloa, daba cuenta de ese cambio de guardia: la mano derecha de N\u00e9stor Isidro P\u00e9rez Salas o El Nini \u2014ahora ex jefe de seguridad de Los Chapitos\u2014 conocido como El Humberto hab\u00eda ca\u00eddo tras meses de una discreta persecuci\u00f3n.\u00a0<\/p>\n\n\n\n<p>La fotograf\u00eda que mostr\u00f3 la Secretar\u00eda de la Defensa Nacional (Sedena) en su comunicado exhib\u00eda sus rasgos ani\u00f1ados.<\/p>\n\n\n\n<p>Nacido en el 2001 y con apenas 23 a\u00f1os, El Humberto ten\u00eda una ocupaci\u00f3n clave para la supervivencia de los hijos de Joaqu\u00edn El Chapo Guzm\u00e1n: coordinar el trasiego de armas largas desde Estados Unidos hasta Sinaloa para armar a La Chapiza, el pelot\u00f3n de j\u00f3venes que se encarga de la seguridad de Iv\u00e1n Archivaldo, Jes\u00fas Alfredo y Joaqu\u00edn Guzm\u00e1n L\u00f3pez.<\/p>\n\n\n\n<p>Para que ese flujo de armas no parara, El Humberto contaba con jefes de plaza desde Sinaloa hasta Arizona. La mayor\u00eda de esos l\u00edderes ten\u00edan claves de patr\u00f3n y estatus de jefe. Tambi\u00e9n actas de nacimiento fechadas del 2002 al 2007.<\/p>\n\n\n\n<p><strong>Cambio de t\u00e1ctica<\/strong><br>El cambio de generaci\u00f3n no son s\u00f3lo d\u00edgitos en la edad de los m\u00e1s buscados. Su juventud implica un reto para cualquier estrategia de pacificaci\u00f3n.<\/p>\n\n\n\n<p>Una diferencia notoria es que los fundadores del c\u00e1rtel de Sinaloa, y otros viejos liderazgos, entraron al crimen organizado para huir de la pobreza que azotaba en el siglo pasado a la zona del Tri\u00e1ngulo Dorado. Joaqu\u00edn Guzm\u00e1n Loera, Ismael Zambada Garc\u00eda, Rafael Caro Quintero, quienes proven\u00edan de comunidades paup\u00e9rrimas, nacieron sin poder y desde ni\u00f1os abandonaron la escuela.<\/p>\n\n\n\n<p>Al contrario, la siguiente generaci\u00f3n naci\u00f3 en familias con enormes fortunas gracias a sus negocios ilegales. Desde peque\u00f1os aprendieron a moverse en c\u00edrculos de poder con pol\u00edticos, empresarios e influencers y asistieron a los colegios m\u00e1s caros en los que aprendieron idiomas y negocios internacionales.<\/p>\n\n\n\n<p>Para ellos, los programas sociales para \u201catender las causas del delito\u201d no son un disuasivo para delinquir, aseguran expertos. Comida, estudios y dinero en la bolsa siempre han tenido.<\/p>\n\n\n\n<p>\u201cHubo un cambio de estafeta hereditario en el c\u00e1rtel. Y vino una generaci\u00f3n distinta. Yo soy esc\u00e9ptico de las becas y los apoyos, porque si de verdad las transferencias directas fuera la receta para la paz, este sexenio no habr\u00eda terminado como el m\u00e1s violento de la historia moderna de M\u00e9xico\u201d, asegura V\u00edctor Hern\u00e1ndez, especialista en seguridad nacional de la Universidad Panamericana.<\/p>\n\n\n\n<p>A diferencia de la primera generaci\u00f3n que buscaba romper con el c\u00edrculo de la pobreza, la nueva casta va detr\u00e1s de la reputaci\u00f3n. Para V\u00edctor Hern\u00e1ndez, una clave para adaptar las nuevas pol\u00edticas de seguridad a los nuevos tiempos est\u00e1 en observar lo que hacen las Fuerzas Armadas.<\/p>\n\n\n\n<p>\u201cEl Ej\u00e9rcito y el narco reclutan de la misma manera. Del lado de las Fuerzas Armadas est\u00e1 el ofrecimiento de la estabilidad laboral, mientras que el crimen organizado ofrece intensidad laboral: hay buen dinero desde el principio, aunque desde las coordenadas de la Ciudad de M\u00e9xico un sueldo de 30 mil pesos al mes no parezca mucho. Ambos ofrecen estatus: el Ej\u00e9rcito pone el uniforme y los desfiles; el narco, la pistola, la narcocultura. Ah\u00ed hay una explicaci\u00f3n\u201d, afirma.<\/p>\n\n\n\n<p><strong>Narcos y nativos digitales<\/strong><br>En el Desierto de Sonora, entre Caborca y El S\u00e1sabe, hay un jefe de plaza del c\u00e1rtel de Sinaloa que los traficantes de migrantes conocen como El Cesar\u00edn. En cambio, los agentes migratorios en Arizona le llaman El Chiquil\u00edn. Polleros y polic\u00edas lo describen como ambicioso, sanguinario, aficionado a las camionetas de lujo y ropa de marca.\u00a0<\/p>\n\n\n\n<p>Ser\u00eda una descripci\u00f3n gen\u00e9rica para cualquier mafioso de la zona, pero resalta por dos datos: no rebasa los 25 a\u00f1os y se apellida Quintero, que all\u00e1 es tanto como ser hijo de un rey.<\/p>\n\n\n\n<p>Su tropa es a\u00fan m\u00e1s peque\u00f1a, aunque eso ya no sorprende en el norte de Sonora, donde es cotidiano ver a halcones en la pubertad que reportan a checadores adolescentes.&nbsp;<\/p>\n\n\n\n<p>Esos que el crimen organizado llama \u201cdesechables\u201d. Rafael Prieto Curiel, del Instituto Matem\u00e1tico de la Universidad de Oxford, calcul\u00f3 que las organizaciones criminales en M\u00e9xico tienen actualmente entre 160 mil y 185 mil miembros. Y quienes entran a un c\u00e1rtel tienen una probabilidad de 40% de ser asesinados o encarcelados al cabo de 10 a\u00f1os.<\/p>\n\n\n\n<p>Sin embargo, la nueva casta de veintea\u00f1eros tiene otras cifras por ser generales del crimen organizado y no soldados. A los liderazgos veintea\u00f1eros les rodean pactos con autoridades, apellidos de alcurnia criminal y riquezas para tener una vida holgada, mientras la base de la pir\u00e1mide pelea por sus negocios. Aprendieron los errores de los viejos y son m\u00e1s r\u00e1pidos, \u00e1giles y mortales.<\/p>\n\n\n\n<p>\u201cEn el pa\u00eds invertimos muy poco en seguridad. M\u00e9xico pone el 0.62% del PIB en lucha contra la violencia, polic\u00edas, jueces y sistema penitenciario, lo cual est\u00e1 muy por debajo de lo que otros pa\u00edses de la OCDE est\u00e1n invirtiendo (Costa Rica el 2.5%). Queremos con pocos recursos hacer magia y eso nos da malos resultados\u201d, asegura Prieto Curiel.<br>Pese a las dificultades, \u201clos ni\u00f1os de los 90\u201d tienen una debilidad: son nativos, no migrantes, digitales. La vida en internet es tan intensa como en las calles y eso deber\u00eda contemplarse en todos los rincones de una nueva pol\u00edtica de seguridad.<\/p>\n\n\n\n<p>\u201cEllos tienen el \u00edmpetu de tener sus propias redes sociales. Y la imprudencia de subir sus fotos, sus armas, hace f\u00e1cil a las \u00e1reas de Inteligencia encontrar a esa gente. El problema es que en cualquier fiscal\u00eda de este pa\u00eds las \u00e1reas de Inform\u00e1tica Forense o Ciberseguridad son diminutas. No son m\u00e1s de 20 personas por estado&#8221;.<br>\u201cTenemos un problema, porque le hemos puesto mucha atenci\u00f3n a los patrullajes aleatorios que requieren de miles de personas para tener presencia en el terreno, pero faltan perfiles t\u00e9cnicos en las \u00e1reas de Inteligencia\u201d, opina V\u00edctor Hern\u00e1ndez.<\/p>\n\n\n\n<p>El c\u00e1rtel de Sinaloa ha hecho un relevo generacional frente a los ojos del pa\u00eds. Falta que ese cambio generacional, y de enfoque, ocurra tambi\u00e9n en una nueva t\u00e1ctica para pacificar a M\u00e9xico.<\/p>\n","protected":false},"excerpt":{"rendered":"<p>Los j\u00f3venes directores de la delincuencia Arturo D\u2019Artagnan, Porthos Mar\u00edn y Mayre Robledo ya est\u00e1n en la mira de Estados Unidos. El c\u00e1rtel m\u00e1s reconocido en M\u00e9xico y en el mundo cambia de piel. Con la generaci\u00f3n de los fundadores muertos, presos o desaparecidos, ha emergido una nueva casta de l\u00edderes tan j\u00f3venes que nacieron [&hellip;]<\/p>\n","protected":false},"author":9,"featured_media":84647,"comment_status":"open","ping_status":"open","sticky":false,"template":"","format":"standard","meta":{"tdm_status":"","tdm_grid_status":"","footnotes":""},"categories":[37],"tags":[],"class_list":{"0":"post-84646","1":"post","2":"type-post","3":"status-publish","4":"format-standard","5":"has-post-thumbnail","7":"category-nota-principal"},"yoast_head":"<!-- This site is optimized with the Yoast SEO plugin v27.5 - https:\/\/yoast.com\/product\/yoast-seo-wordpress\/ -->\n<title>\u00a1Cambio generacional! C\u00e1rtel de Sinaloa es controlado por &quot;ni\u00f1os de los 90&quot; - Fuentes Fidedignas<\/title>\n<meta name=\"robots\" content=\"index, follow, max-snippet:-1, max-image-preview:large, max-video-preview:-1\" \/>\n<link rel=\"canonical\" href=\"https:\/\/fuentesfidedignas.com.mx\/index.php\/2024\/06\/21\/cambio-generacional-cartel-de-sinaloa-es-controlado-por-ninos-de-los-90\/\" \/>\n<meta property=\"og:locale\" content=\"es_MX\" \/>\n<meta property=\"og:type\" content=\"article\" \/>\n<meta property=\"og:title\" content=\"\u00a1Cambio generacional! C\u00e1rtel de Sinaloa es controlado por &quot;ni\u00f1os de los 90&quot; - Fuentes Fidedignas\" \/>\n<meta property=\"og:description\" content=\"Los j\u00f3venes directores de la delincuencia Arturo D\u2019Artagnan, Porthos Mar\u00edn y Mayre Robledo ya est\u00e1n en la mira de Estados Unidos. El c\u00e1rtel m\u00e1s reconocido en M\u00e9xico y en el mundo cambia de piel. Con la generaci\u00f3n de los fundadores muertos, presos o desaparecidos, ha emergido una nueva casta de l\u00edderes tan j\u00f3venes que nacieron [&hellip;]\" \/>\n<meta property=\"og:url\" content=\"https:\/\/fuentesfidedignas.com.mx\/index.php\/2024\/06\/21\/cambio-generacional-cartel-de-sinaloa-es-controlado-por-ninos-de-los-90\/\" \/>\n<meta property=\"og:site_name\" content=\"Fuentes Fidedignas\" \/>\n<meta property=\"article:publisher\" content=\"https:\/\/www.facebook.com\/Fuentes-Fidedignas-368234489921644\" \/>\n<meta property=\"article:published_time\" content=\"2024-06-21T13:56:02+00:00\" \/>\n<meta property=\"og:image\" content=\"https:\/\/fuentesfidedignas.com.mx\/wp-content\/uploads\/2024\/06\/CDS-generacion.jpg\" \/>\n\t<meta property=\"og:image:width\" content=\"771\" \/>\n\t<meta property=\"og:image:height\" content=\"528\" \/>\n\t<meta property=\"og:image:type\" content=\"image\/jpeg\" \/>\n<meta name=\"author\" content=\"Milenio\" \/>\n<meta name=\"twitter:card\" content=\"summary_large_image\" \/>\n<meta name=\"twitter:creator\" content=\"@fidedignas\" \/>\n<meta name=\"twitter:site\" content=\"@fidedignas\" \/>\n<meta name=\"twitter:label1\" content=\"Escrito por\" \/>\n\t<meta name=\"twitter:data1\" content=\"Milenio\" \/>\n\t<meta name=\"twitter:label2\" content=\"Tiempo de lectura\" \/>\n\t<meta name=\"twitter:data2\" content=\"7 minutos\" \/>\n<script type=\"application\/ld+json\" class=\"yoast-schema-graph\">{\"@context\":\"https:\\\/\\\/schema.org\",\"@graph\":[{\"@type\":\"Article\",\"@id\":\"https:\\\/\\\/fuentesfidedignas.com.mx\\\/index.php\\\/2024\\\/06\\\/21\\\/cambio-generacional-cartel-de-sinaloa-es-controlado-por-ninos-de-los-90\\\/#article\",\"isPartOf\":{\"@id\":\"https:\\\/\\\/fuentesfidedignas.com.mx\\\/index.php\\\/2024\\\/06\\\/21\\\/cambio-generacional-cartel-de-sinaloa-es-controlado-por-ninos-de-los-90\\\/\"},\"author\":{\"name\":\"Milenio\",\"@id\":\"https:\\\/\\\/fuentesfidedignas.com.mx\\\/#\\\/schema\\\/person\\\/47ec0135738f4b0c7495f06a77a2c976\"},\"headline\":\"\u00a1Cambio generacional! C\u00e1rtel de Sinaloa es controlado por &#8220;ni\u00f1os de los 90&#8221;\",\"datePublished\":\"2024-06-21T13:56:02+00:00\",\"mainEntityOfPage\":{\"@id\":\"https:\\\/\\\/fuentesfidedignas.com.mx\\\/index.php\\\/2024\\\/06\\\/21\\\/cambio-generacional-cartel-de-sinaloa-es-controlado-por-ninos-de-los-90\\\/\"},\"wordCount\":1489,\"commentCount\":0,\"publisher\":{\"@id\":\"https:\\\/\\\/fuentesfidedignas.com.mx\\\/#organization\"},\"image\":{\"@id\":\"https:\\\/\\\/fuentesfidedignas.com.mx\\\/index.php\\\/2024\\\/06\\\/21\\\/cambio-generacional-cartel-de-sinaloa-es-controlado-por-ninos-de-los-90\\\/#primaryimage\"},\"thumbnailUrl\":\"https:\\\/\\\/fuentesfidedignas.com.mx\\\/wp-content\\\/uploads\\\/2024\\\/06\\\/CDS-generacion.jpg\",\"articleSection\":[\"NOTA PRINCIPAL\"],\"inLanguage\":\"es\",\"potentialAction\":[{\"@type\":\"CommentAction\",\"name\":\"Comment\",\"target\":[\"https:\\\/\\\/fuentesfidedignas.com.mx\\\/index.php\\\/2024\\\/06\\\/21\\\/cambio-generacional-cartel-de-sinaloa-es-controlado-por-ninos-de-los-90\\\/#respond\"]}]},{\"@type\":\"WebPage\",\"@id\":\"https:\\\/\\\/fuentesfidedignas.com.mx\\\/index.php\\\/2024\\\/06\\\/21\\\/cambio-generacional-cartel-de-sinaloa-es-controlado-por-ninos-de-los-90\\\/\",\"url\":\"https:\\\/\\\/fuentesfidedignas.com.mx\\\/index.php\\\/2024\\\/06\\\/21\\\/cambio-generacional-cartel-de-sinaloa-es-controlado-por-ninos-de-los-90\\\/\",\"name\":\"\u00a1Cambio generacional! C\u00e1rtel de Sinaloa es controlado por \\\"ni\u00f1os de los 90\\\" - Fuentes Fidedignas\",\"isPartOf\":{\"@id\":\"https:\\\/\\\/fuentesfidedignas.com.mx\\\/#website\"},\"primaryImageOfPage\":{\"@id\":\"https:\\\/\\\/fuentesfidedignas.com.mx\\\/index.php\\\/2024\\\/06\\\/21\\\/cambio-generacional-cartel-de-sinaloa-es-controlado-por-ninos-de-los-90\\\/#primaryimage\"},\"image\":{\"@id\":\"https:\\\/\\\/fuentesfidedignas.com.mx\\\/index.php\\\/2024\\\/06\\\/21\\\/cambio-generacional-cartel-de-sinaloa-es-controlado-por-ninos-de-los-90\\\/#primaryimage\"},\"thumbnailUrl\":\"https:\\\/\\\/fuentesfidedignas.com.mx\\\/wp-content\\\/uploads\\\/2024\\\/06\\\/CDS-generacion.jpg\",\"datePublished\":\"2024-06-21T13:56:02+00:00\",\"breadcrumb\":{\"@id\":\"https:\\\/\\\/fuentesfidedignas.com.mx\\\/index.php\\\/2024\\\/06\\\/21\\\/cambio-generacional-cartel-de-sinaloa-es-controlado-por-ninos-de-los-90\\\/#breadcrumb\"},\"inLanguage\":\"es\",\"potentialAction\":[{\"@type\":\"ReadAction\",\"target\":[\"https:\\\/\\\/fuentesfidedignas.com.mx\\\/index.php\\\/2024\\\/06\\\/21\\\/cambio-generacional-cartel-de-sinaloa-es-controlado-por-ninos-de-los-90\\\/\"]}]},{\"@type\":\"ImageObject\",\"inLanguage\":\"es\",\"@id\":\"https:\\\/\\\/fuentesfidedignas.com.mx\\\/index.php\\\/2024\\\/06\\\/21\\\/cambio-generacional-cartel-de-sinaloa-es-controlado-por-ninos-de-los-90\\\/#primaryimage\",\"url\":\"https:\\\/\\\/fuentesfidedignas.com.mx\\\/wp-content\\\/uploads\\\/2024\\\/06\\\/CDS-generacion.jpg\",\"contentUrl\":\"https:\\\/\\\/fuentesfidedignas.com.mx\\\/wp-content\\\/uploads\\\/2024\\\/06\\\/CDS-generacion.jpg\",\"width\":771,\"height\":528},{\"@type\":\"BreadcrumbList\",\"@id\":\"https:\\\/\\\/fuentesfidedignas.com.mx\\\/index.php\\\/2024\\\/06\\\/21\\\/cambio-generacional-cartel-de-sinaloa-es-controlado-por-ninos-de-los-90\\\/#breadcrumb\",\"itemListElement\":[{\"@type\":\"ListItem\",\"position\":1,\"name\":\"Inicio\",\"item\":\"https:\\\/\\\/fuentesfidedignas.com.mx\\\/\"},{\"@type\":\"ListItem\",\"position\":2,\"name\":\"\u00a1Cambio generacional! C\u00e1rtel de Sinaloa es controlado por &#8220;ni\u00f1os de los 90&#8221;\"}]},{\"@type\":\"WebSite\",\"@id\":\"https:\\\/\\\/fuentesfidedignas.com.mx\\\/#website\",\"url\":\"https:\\\/\\\/fuentesfidedignas.com.mx\\\/\",\"name\":\"Fuentes Fidedignas\",\"description\":\"Otro sitio realizado con WordPress\",\"publisher\":{\"@id\":\"https:\\\/\\\/fuentesfidedignas.com.mx\\\/#organization\"},\"potentialAction\":[{\"@type\":\"SearchAction\",\"target\":{\"@type\":\"EntryPoint\",\"urlTemplate\":\"https:\\\/\\\/fuentesfidedignas.com.mx\\\/?s={search_term_string}\"},\"query-input\":{\"@type\":\"PropertyValueSpecification\",\"valueRequired\":true,\"valueName\":\"search_term_string\"}}],\"inLanguage\":\"es\"},{\"@type\":\"Organization\",\"@id\":\"https:\\\/\\\/fuentesfidedignas.com.mx\\\/#organization\",\"name\":\"Fuentes Fidedignas\",\"url\":\"https:\\\/\\\/fuentesfidedignas.com.mx\\\/\",\"logo\":{\"@type\":\"ImageObject\",\"inLanguage\":\"es\",\"@id\":\"https:\\\/\\\/fuentesfidedignas.com.mx\\\/#\\\/schema\\\/logo\\\/image\\\/\",\"url\":\"https:\\\/\\\/fuentesfidedignas.com.mx\\\/wp-content\\\/uploads\\\/2021\\\/04\\\/logo-retina.png\",\"contentUrl\":\"https:\\\/\\\/fuentesfidedignas.com.mx\\\/wp-content\\\/uploads\\\/2021\\\/04\\\/logo-retina.png\",\"width\":280,\"height\":51,\"caption\":\"Fuentes Fidedignas\"},\"image\":{\"@id\":\"https:\\\/\\\/fuentesfidedignas.com.mx\\\/#\\\/schema\\\/logo\\\/image\\\/\"},\"sameAs\":[\"https:\\\/\\\/www.facebook.com\\\/Fuentes-Fidedignas-368234489921644\",\"https:\\\/\\\/x.com\\\/fidedignas\"]},{\"@type\":\"Person\",\"@id\":\"https:\\\/\\\/fuentesfidedignas.com.mx\\\/#\\\/schema\\\/person\\\/47ec0135738f4b0c7495f06a77a2c976\",\"name\":\"Milenio\",\"image\":{\"@type\":\"ImageObject\",\"inLanguage\":\"es\",\"@id\":\"https:\\\/\\\/secure.gravatar.com\\\/avatar\\\/acabf7b54753e51c2c76457954577c236b3b764789b19879565769739d1e4a75?s=96&d=mm&r=g\",\"url\":\"https:\\\/\\\/secure.gravatar.com\\\/avatar\\\/acabf7b54753e51c2c76457954577c236b3b764789b19879565769739d1e4a75?s=96&d=mm&r=g\",\"contentUrl\":\"https:\\\/\\\/secure.gravatar.com\\\/avatar\\\/acabf7b54753e51c2c76457954577c236b3b764789b19879565769739d1e4a75?s=96&d=mm&r=g\",\"caption\":\"Milenio\"},\"url\":\"https:\\\/\\\/fuentesfidedignas.com.mx\\\/index.php\\\/author\\\/milenio\\\/\"}]}<\/script>\n<!-- \/ Yoast SEO plugin. -->","yoast_head_json":{"title":"\u00a1Cambio generacional! C\u00e1rtel de Sinaloa es controlado por \"ni\u00f1os de los 90\" - Fuentes Fidedignas","robots":{"index":"index","follow":"follow","max-snippet":"max-snippet:-1","max-image-preview":"max-image-preview:large","max-video-preview":"max-video-preview:-1"},"canonical":"https:\/\/fuentesfidedignas.com.mx\/index.php\/2024\/06\/21\/cambio-generacional-cartel-de-sinaloa-es-controlado-por-ninos-de-los-90\/","og_locale":"es_MX","og_type":"article","og_title":"\u00a1Cambio generacional! C\u00e1rtel de Sinaloa es controlado por \"ni\u00f1os de los 90\" - Fuentes Fidedignas","og_description":"Los j\u00f3venes directores de la delincuencia Arturo D\u2019Artagnan, Porthos Mar\u00edn y Mayre Robledo ya est\u00e1n en la mira de Estados Unidos. El c\u00e1rtel m\u00e1s reconocido en M\u00e9xico y en el mundo cambia de piel. Con la generaci\u00f3n de los fundadores muertos, presos o desaparecidos, ha emergido una nueva casta de l\u00edderes tan j\u00f3venes que nacieron [&hellip;]","og_url":"https:\/\/fuentesfidedignas.com.mx\/index.php\/2024\/06\/21\/cambio-generacional-cartel-de-sinaloa-es-controlado-por-ninos-de-los-90\/","og_site_name":"Fuentes Fidedignas","article_publisher":"https:\/\/www.facebook.com\/Fuentes-Fidedignas-368234489921644","article_published_time":"2024-06-21T13:56:02+00:00","og_image":[{"width":771,"height":528,"url":"https:\/\/fuentesfidedignas.com.mx\/wp-content\/uploads\/2024\/06\/CDS-generacion.jpg","type":"image\/jpeg"}],"author":"Milenio","twitter_card":"summary_large_image","twitter_creator":"@fidedignas","twitter_site":"@fidedignas","twitter_misc":{"Escrito por":"Milenio","Tiempo de lectura":"7 minutos"},"schema":{"@context":"https:\/\/schema.org","@graph":[{"@type":"Article","@id":"https:\/\/fuentesfidedignas.com.mx\/index.php\/2024\/06\/21\/cambio-generacional-cartel-de-sinaloa-es-controlado-por-ninos-de-los-90\/#article","isPartOf":{"@id":"https:\/\/fuentesfidedignas.com.mx\/index.php\/2024\/06\/21\/cambio-generacional-cartel-de-sinaloa-es-controlado-por-ninos-de-los-90\/"},"author":{"name":"Milenio","@id":"https:\/\/fuentesfidedignas.com.mx\/#\/schema\/person\/47ec0135738f4b0c7495f06a77a2c976"},"headline":"\u00a1Cambio generacional! C\u00e1rtel de Sinaloa es controlado por &#8220;ni\u00f1os de los 90&#8221;","datePublished":"2024-06-21T13:56:02+00:00","mainEntityOfPage":{"@id":"https:\/\/fuentesfidedignas.com.mx\/index.php\/2024\/06\/21\/cambio-generacional-cartel-de-sinaloa-es-controlado-por-ninos-de-los-90\/"},"wordCount":1489,"commentCount":0,"publisher":{"@id":"https:\/\/fuentesfidedignas.com.mx\/#organization"},"image":{"@id":"https:\/\/fuentesfidedignas.com.mx\/index.php\/2024\/06\/21\/cambio-generacional-cartel-de-sinaloa-es-controlado-por-ninos-de-los-90\/#primaryimage"},"thumbnailUrl":"https:\/\/fuentesfidedignas.com.mx\/wp-content\/uploads\/2024\/06\/CDS-generacion.jpg","articleSection":["NOTA PRINCIPAL"],"inLanguage":"es","potentialAction":[{"@type":"CommentAction","name":"Comment","target":["https:\/\/fuentesfidedignas.com.mx\/index.php\/2024\/06\/21\/cambio-generacional-cartel-de-sinaloa-es-controlado-por-ninos-de-los-90\/#respond"]}]},{"@type":"WebPage","@id":"https:\/\/fuentesfidedignas.com.mx\/index.php\/2024\/06\/21\/cambio-generacional-cartel-de-sinaloa-es-controlado-por-ninos-de-los-90\/","url":"https:\/\/fuentesfidedignas.com.mx\/index.php\/2024\/06\/21\/cambio-generacional-cartel-de-sinaloa-es-controlado-por-ninos-de-los-90\/","name":"\u00a1Cambio generacional! C\u00e1rtel de Sinaloa es controlado por \"ni\u00f1os de los 90\" - Fuentes Fidedignas","isPartOf":{"@id":"https:\/\/fuentesfidedignas.com.mx\/#website"},"primaryImageOfPage":{"@id":"https:\/\/fuentesfidedignas.com.mx\/index.php\/2024\/06\/21\/cambio-generacional-cartel-de-sinaloa-es-controlado-por-ninos-de-los-90\/#primaryimage"},"image":{"@id":"https:\/\/fuentesfidedignas.com.mx\/index.php\/2024\/06\/21\/cambio-generacional-cartel-de-sinaloa-es-controlado-por-ninos-de-los-90\/#primaryimage"},"thumbnailUrl":"https:\/\/fuentesfidedignas.com.mx\/wp-content\/uploads\/2024\/06\/CDS-generacion.jpg","datePublished":"2024-06-21T13:56:02+00:00","breadcrumb":{"@id":"https:\/\/fuentesfidedignas.com.mx\/index.php\/2024\/06\/21\/cambio-generacional-cartel-de-sinaloa-es-controlado-por-ninos-de-los-90\/#breadcrumb"},"inLanguage":"es","potentialAction":[{"@type":"ReadAction","target":["https:\/\/fuentesfidedignas.com.mx\/index.php\/2024\/06\/21\/cambio-generacional-cartel-de-sinaloa-es-controlado-por-ninos-de-los-90\/"]}]},{"@type":"ImageObject","inLanguage":"es","@id":"https:\/\/fuentesfidedignas.com.mx\/index.php\/2024\/06\/21\/cambio-generacional-cartel-de-sinaloa-es-controlado-por-ninos-de-los-90\/#primaryimage","url":"https:\/\/fuentesfidedignas.com.mx\/wp-content\/uploads\/2024\/06\/CDS-generacion.jpg","contentUrl":"https:\/\/fuentesfidedignas.com.mx\/wp-content\/uploads\/2024\/06\/CDS-generacion.jpg","width":771,"height":528},{"@type":"BreadcrumbList","@id":"https:\/\/fuentesfidedignas.com.mx\/index.php\/2024\/06\/21\/cambio-generacional-cartel-de-sinaloa-es-controlado-por-ninos-de-los-90\/#breadcrumb","itemListElement":[{"@type":"ListItem","position":1,"name":"Inicio","item":"https:\/\/fuentesfidedignas.com.mx\/"},{"@type":"ListItem","position":2,"name":"\u00a1Cambio generacional! C\u00e1rtel de Sinaloa es controlado por &#8220;ni\u00f1os de los 90&#8221;"}]},{"@type":"WebSite","@id":"https:\/\/fuentesfidedignas.com.mx\/#website","url":"https:\/\/fuentesfidedignas.com.mx\/","name":"Fuentes Fidedignas","description":"Otro sitio realizado con WordPress","publisher":{"@id":"https:\/\/fuentesfidedignas.com.mx\/#organization"},"potentialAction":[{"@type":"SearchAction","target":{"@type":"EntryPoint","urlTemplate":"https:\/\/fuentesfidedignas.com.mx\/?s={search_term_string}"},"query-input":{"@type":"PropertyValueSpecification","valueRequired":true,"valueName":"search_term_string"}}],"inLanguage":"es"},{"@type":"Organization","@id":"https:\/\/fuentesfidedignas.com.mx\/#organization","name":"Fuentes Fidedignas","url":"https:\/\/fuentesfidedignas.com.mx\/","logo":{"@type":"ImageObject","inLanguage":"es","@id":"https:\/\/fuentesfidedignas.com.mx\/#\/schema\/logo\/image\/","url":"https:\/\/fuentesfidedignas.com.mx\/wp-content\/uploads\/2021\/04\/logo-retina.png","contentUrl":"https:\/\/fuentesfidedignas.com.mx\/wp-content\/uploads\/2021\/04\/logo-retina.png","width":280,"height":51,"caption":"Fuentes Fidedignas"},"image":{"@id":"https:\/\/fuentesfidedignas.com.mx\/#\/schema\/logo\/image\/"},"sameAs":["https:\/\/www.facebook.com\/Fuentes-Fidedignas-368234489921644","https:\/\/x.com\/fidedignas"]},{"@type":"Person","@id":"https:\/\/fuentesfidedignas.com.mx\/#\/schema\/person\/47ec0135738f4b0c7495f06a77a2c976","name":"Milenio","image":{"@type":"ImageObject","inLanguage":"es","@id":"https:\/\/secure.gravatar.com\/avatar\/acabf7b54753e51c2c76457954577c236b3b764789b19879565769739d1e4a75?s=96&d=mm&r=g","url":"https:\/\/secure.gravatar.com\/avatar\/acabf7b54753e51c2c76457954577c236b3b764789b19879565769739d1e4a75?s=96&d=mm&r=g","contentUrl":"https:\/\/secure.gravatar.com\/avatar\/acabf7b54753e51c2c76457954577c236b3b764789b19879565769739d1e4a75?s=96&d=mm&r=g","caption":"Milenio"},"url":"https:\/\/fuentesfidedignas.com.mx\/index.php\/author\/milenio\/"}]}},"_links":{"self":[{"href":"https:\/\/fuentesfidedignas.com.mx\/index.php\/wp-json\/wp\/v2\/posts\/84646","targetHints":{"allow":["GET"]}}],"collection":[{"href":"https:\/\/fuentesfidedignas.com.mx\/index.php\/wp-json\/wp\/v2\/posts"}],"about":[{"href":"https:\/\/fuentesfidedignas.com.mx\/index.php\/wp-json\/wp\/v2\/types\/post"}],"author":[{"embeddable":true,"href":"https:\/\/fuentesfidedignas.com.mx\/index.php\/wp-json\/wp\/v2\/users\/9"}],"replies":[{"embeddable":true,"href":"https:\/\/fuentesfidedignas.com.mx\/index.php\/wp-json\/wp\/v2\/comments?post=84646"}],"version-history":[{"count":1,"href":"https:\/\/fuentesfidedignas.com.mx\/index.php\/wp-json\/wp\/v2\/posts\/84646\/revisions"}],"predecessor-version":[{"id":84648,"href":"https:\/\/fuentesfidedignas.com.mx\/index.php\/wp-json\/wp\/v2\/posts\/84646\/revisions\/84648"}],"wp:featuredmedia":[{"embeddable":true,"href":"https:\/\/fuentesfidedignas.com.mx\/index.php\/wp-json\/wp\/v2\/media\/84647"}],"wp:attachment":[{"href":"https:\/\/fuentesfidedignas.com.mx\/index.php\/wp-json\/wp\/v2\/media?parent=84646"}],"wp:term":[{"taxonomy":"category","embeddable":true,"href":"https:\/\/fuentesfidedignas.com.mx\/index.php\/wp-json\/wp\/v2\/categories?post=84646"},{"taxonomy":"post_tag","embeddable":true,"href":"https:\/\/fuentesfidedignas.com.mx\/index.php\/wp-json\/wp\/v2\/tags?post=84646"}],"curies":[{"name":"wp","href":"https:\/\/api.w.org\/{rel}","templated":true}]}}