{"id":84636,"date":"2024-06-21T05:11:53","date_gmt":"2024-06-21T12:11:53","guid":{"rendered":"https:\/\/fuentesfidedignas.com.mx\/?p=84636"},"modified":"2024-06-20T18:12:22","modified_gmt":"2024-06-21T01:12:22","slug":"futbolista-de-jamaica-le-dice-no-a-la-copa-america-y-se-va-de-vacaciones-a-mexico","status":"publish","type":"post","link":"https:\/\/fuentesfidedignas.com.mx\/index.php\/2024\/06\/21\/futbolista-de-jamaica-le-dice-no-a-la-copa-america-y-se-va-de-vacaciones-a-mexico\/","title":{"rendered":"Futbolista de Jamaica le dice NO a la Copa Am\u00e9rica y se va de VACACIONES a M\u00e9xico"},"content":{"rendered":"\n<p><strong><em>El pol\u00e9mico delantero Leon Bailey rechaz\u00f3 jugar con Jamaica la Copa Am\u00e9rica 2024, donde enfrentar\u00eda a M\u00e9xico<\/em><\/strong><\/p>\n\n\n\n<p>El pol\u00e9mico delantero Leon Bailey, del Aston Villa ingl\u00e9s, renunci\u00f3 formalmente a jugar con Jamaica la Copa Am\u00e9rica y est\u00e1 de vacaciones en M\u00e9xico, el pa\u00eds que ser\u00e1 el rival de los Reggae Boyz este s\u00e1bado en el torneo.<\/p>\n\n\n\n<p>Seg\u00fan anunci\u00f3 su padre y agente deportivo, Craig Butler, en sus redes sociales, el delantero quiso descansar y no jugar el torneo con Jamaica por \u201csalud mental\u201d.<\/p>\n\n\n\n<p>Leon, el jugador con mayor valor en el mercado de la selecci\u00f3n de Jamaica, tasado en 37 millones de euros, entre todos los destinos tur\u00edsticos eligi\u00f3 Canc\u00fan para disfrutar con su familia y amigos.<\/p>\n\n\n\n<p>Mientras Bailey se divierte en M\u00e9xico, el Tricolor ser\u00e1 precisamente el pr\u00f3ximo rival de los Reggae Boyz este s\u00e1bado en Houston por el Grupo B del torneo que completan Ecuador y Venezuela.<\/p>\n\n\n\n<p>&#8220;Leon Bailey ha declarado que se toma un descanso de la selecci\u00f3n de Jamaica por su salud mental y para pasar tiempo con su familia. Su posici\u00f3n no ha cambiado. Pedimos amablemente que respeten sus deseos\u201d, dijo Butler, quien le manifest\u00f3 a un canal de su pa\u00eds que le hab\u00edan pedido a la federaci\u00f3n jamaicana no anunciarlo en la lista definitiva de 26 jugadores mientras el delantero se decid\u00eda.<\/p>\n\n\n\n<p>Como el atacante no respondi\u00f3, la Federaci\u00f3n de F\u00fatbol de Jamaica lo convoc\u00f3 oficialmente. Pero ahora su jugador insignia le dijo no a la Copa Am\u00e9rica 2024.<\/p>\n\n\n\n<p>Butler dijo que haber publicado la lista con Bailey es un hecho \u201cdesafortunado\u201d.<\/p>\n\n\n\n<p>Mientras que el secretario general de la Federaci\u00f3n de F\u00fatbol de Jamaica (JFF), Dennis Chung, afirm\u00f3 para la radio local HITZ92FM que Bailey fue incluido en el equipo despu\u00e9s de una conversaci\u00f3n entre Hallgrimsson y Butler.<\/p>\n\n\n\n<p>Chung revel\u00f3 a medios locales que durante una conversaci\u00f3n con Butler se le hicieron varias solicitudes, entre estas, que la JFF proporcionara seguridad personal a Bailey durante la Copa.<\/p>\n\n\n\n<p>Pero Chung afirm\u00f3 que la federaci\u00f3n no estaba en condiciones de brindar seguridad personal ni a Bailey ni a cada jugador del equipo.<\/p>\n\n\n\n<p>Cabe recordar que Bailey fue suspendido por el seleccionador Heimir Hallgrimsson en marzo pasado para el partido por la semifinal de la Liga de Naciones de la Concacaf contra Estados Unidos, tras salir sin permiso del hotel de concentraci\u00f3n.<\/p>\n\n\n\n<p>Despu\u00e9s de no jugar la semifinal, Bailey critic\u00f3 duramente a la Federaci\u00f3n de Futbol de Jamaica en el podcast \u2018Let\u2019s Be Honest\u2019 que se hizo viral por sus declaraciones.<\/p>\n\n\n\n<p>&#8220;Mucha gente no sabe que la mayor parte del tiempo reservo mis propios vuelos para venir a representar a Jamaica porque no son muy profesionales. Ni siquiera tienen equipamiento deportivo y nos dan las camisetas del equipo femenino. \u00a1Algo rid\u00edculo!\u201d, fue uno de los dardos de Bailey.<\/p>\n\n\n\n<p>Hallgrimsson tampoco lo convoc\u00f3 para los dos partidos del pasado 6 y 9 de junio de las eliminatorias de Concacaf para el Mundial de 2026, donde los Reggae Boyz ganaron a Rep\u00fablica Dominicana por 1-0 y a Dominica por 2-3.<\/p>\n\n\n\n<p>Con todos estos antecedentes y la negativa de Bailey a la Copa Am\u00e9rica 2024, Leon parece ponerle fin a su ciclo con Jamaica, al menos mientras el seleccionador sea Hallgrimsson.<\/p>\n\n\n\n<p>\u201cEsa es su decisi\u00f3n. \u00c9l opt\u00f3 por negarse a jugar para su pa\u00eds y ese es el final de la historia para m\u00ed, absolutamente el final de la historia\u201d, coment\u00f3 un tajante Hallgrimsson a medios jamaicanos.<\/p>\n\n\n\n<p>\u201cAhora solo quisiera que todos se concentren en aquellos jugadores que s\u00ed quieren jugar para Jamaica\u201d, insisti\u00f3 el entrenador.<\/p>\n\n\n\n<p>Bailey debut\u00f3 con Jamaica ante Honduras en 2019 en la Copa Oro y desde entonces ha disputado 28 partidos con cinco goles y seis asistencias. Su \u00faltimo juego con los Reggae Boyz fue ante Canad\u00e1 en noviembre del 2023 en los cuartos de final de la Liga de Naciones.<\/p>\n\n\n\n<p>Jamaica ha participado en dos ediciones de la Copa Am\u00e9rica, la de Chile 2015 y la del Centenario en Estados Unidos 2016. En ambas perdi\u00f3 todos los partidos de la fase de grupos y no marc\u00f3 goles.<\/p>\n","protected":false},"excerpt":{"rendered":"<p>El pol\u00e9mico delantero Leon Bailey rechaz\u00f3 jugar con Jamaica la Copa Am\u00e9rica 2024, donde enfrentar\u00eda a M\u00e9xico El pol\u00e9mico delantero Leon Bailey, del Aston Villa ingl\u00e9s, renunci\u00f3 formalmente a jugar con Jamaica la Copa Am\u00e9rica y est\u00e1 de vacaciones en M\u00e9xico, el pa\u00eds que ser\u00e1 el rival de los Reggae Boyz este s\u00e1bado en el [&hellip;]<\/p>\n","protected":false},"author":47,"featured_media":84637,"comment_status":"open","ping_status":"open","sticky":false,"template":"","format":"standard","meta":{"tdm_status":"","tdm_grid_status":"","footnotes":""},"categories":[40],"tags":[],"class_list":{"0":"post-84636","1":"post","2":"type-post","3":"status-publish","4":"format-standard","5":"has-post-thumbnail","7":"category-las-asombrosas"},"yoast_head":"<!-- This site is optimized with the Yoast SEO plugin v27.5 - https:\/\/yoast.com\/product\/yoast-seo-wordpress\/ -->\n<title>Futbolista de Jamaica le dice NO a la Copa Am\u00e9rica y se va de VACACIONES a M\u00e9xico - Fuentes Fidedignas<\/title>\n<meta name=\"robots\" content=\"index, follow, max-snippet:-1, max-image-preview:large, max-video-preview:-1\" \/>\n<link rel=\"canonical\" href=\"https:\/\/fuentesfidedignas.com.mx\/index.php\/2024\/06\/21\/futbolista-de-jamaica-le-dice-no-a-la-copa-america-y-se-va-de-vacaciones-a-mexico\/\" \/>\n<meta property=\"og:locale\" content=\"es_MX\" \/>\n<meta property=\"og:type\" content=\"article\" \/>\n<meta property=\"og:title\" content=\"Futbolista de Jamaica le dice NO a la Copa Am\u00e9rica y se va de VACACIONES a M\u00e9xico - Fuentes Fidedignas\" \/>\n<meta property=\"og:description\" content=\"El pol\u00e9mico delantero Leon Bailey rechaz\u00f3 jugar con Jamaica la Copa Am\u00e9rica 2024, donde enfrentar\u00eda a M\u00e9xico El pol\u00e9mico delantero Leon Bailey, del Aston Villa ingl\u00e9s, renunci\u00f3 formalmente a jugar con Jamaica la Copa Am\u00e9rica y est\u00e1 de vacaciones en M\u00e9xico, el pa\u00eds que ser\u00e1 el rival de los Reggae Boyz este s\u00e1bado en el [&hellip;]\" \/>\n<meta property=\"og:url\" content=\"https:\/\/fuentesfidedignas.com.mx\/index.php\/2024\/06\/21\/futbolista-de-jamaica-le-dice-no-a-la-copa-america-y-se-va-de-vacaciones-a-mexico\/\" \/>\n<meta property=\"og:site_name\" content=\"Fuentes Fidedignas\" \/>\n<meta property=\"article:publisher\" content=\"https:\/\/www.facebook.com\/Fuentes-Fidedignas-368234489921644\" \/>\n<meta property=\"article:published_time\" content=\"2024-06-21T12:11:53+00:00\" \/>\n<meta property=\"og:image\" content=\"https:\/\/fuentesfidedignas.com.mx\/wp-content\/uploads\/2024\/06\/futbolista-jamaica.jpg\" \/>\n\t<meta property=\"og:image:width\" content=\"650\" \/>\n\t<meta property=\"og:image:height\" content=\"433\" \/>\n\t<meta property=\"og:image:type\" content=\"image\/jpeg\" \/>\n<meta name=\"author\" content=\"L\u00f3pez D\u00f3riga\" \/>\n<meta name=\"twitter:card\" content=\"summary_large_image\" \/>\n<meta name=\"twitter:creator\" content=\"@fidedignas\" \/>\n<meta name=\"twitter:site\" content=\"@fidedignas\" \/>\n<meta name=\"twitter:label1\" content=\"Escrito por\" \/>\n\t<meta name=\"twitter:data1\" content=\"L\u00f3pez D\u00f3riga\" \/>\n\t<meta name=\"twitter:label2\" content=\"Tiempo de lectura\" \/>\n\t<meta name=\"twitter:data2\" content=\"4 minutos\" \/>\n<script type=\"application\/ld+json\" class=\"yoast-schema-graph\">{\"@context\":\"https:\\\/\\\/schema.org\",\"@graph\":[{\"@type\":\"Article\",\"@id\":\"https:\\\/\\\/fuentesfidedignas.com.mx\\\/index.php\\\/2024\\\/06\\\/21\\\/futbolista-de-jamaica-le-dice-no-a-la-copa-america-y-se-va-de-vacaciones-a-mexico\\\/#article\",\"isPartOf\":{\"@id\":\"https:\\\/\\\/fuentesfidedignas.com.mx\\\/index.php\\\/2024\\\/06\\\/21\\\/futbolista-de-jamaica-le-dice-no-a-la-copa-america-y-se-va-de-vacaciones-a-mexico\\\/\"},\"author\":{\"name\":\"L\u00f3pez D\u00f3riga\",\"@id\":\"https:\\\/\\\/fuentesfidedignas.com.mx\\\/#\\\/schema\\\/person\\\/67d852f0557c8509146a4b9ddebd543a\"},\"headline\":\"Futbolista de Jamaica le dice NO a la Copa Am\u00e9rica y se va de VACACIONES a M\u00e9xico\",\"datePublished\":\"2024-06-21T12:11:53+00:00\",\"mainEntityOfPage\":{\"@id\":\"https:\\\/\\\/fuentesfidedignas.com.mx\\\/index.php\\\/2024\\\/06\\\/21\\\/futbolista-de-jamaica-le-dice-no-a-la-copa-america-y-se-va-de-vacaciones-a-mexico\\\/\"},\"wordCount\":721,\"commentCount\":0,\"publisher\":{\"@id\":\"https:\\\/\\\/fuentesfidedignas.com.mx\\\/#organization\"},\"image\":{\"@id\":\"https:\\\/\\\/fuentesfidedignas.com.mx\\\/index.php\\\/2024\\\/06\\\/21\\\/futbolista-de-jamaica-le-dice-no-a-la-copa-america-y-se-va-de-vacaciones-a-mexico\\\/#primaryimage\"},\"thumbnailUrl\":\"https:\\\/\\\/fuentesfidedignas.com.mx\\\/wp-content\\\/uploads\\\/2024\\\/06\\\/futbolista-jamaica.jpg\",\"articleSection\":[\"LAS ASOMBROSAS\"],\"inLanguage\":\"es\",\"potentialAction\":[{\"@type\":\"CommentAction\",\"name\":\"Comment\",\"target\":[\"https:\\\/\\\/fuentesfidedignas.com.mx\\\/index.php\\\/2024\\\/06\\\/21\\\/futbolista-de-jamaica-le-dice-no-a-la-copa-america-y-se-va-de-vacaciones-a-mexico\\\/#respond\"]}]},{\"@type\":\"WebPage\",\"@id\":\"https:\\\/\\\/fuentesfidedignas.com.mx\\\/index.php\\\/2024\\\/06\\\/21\\\/futbolista-de-jamaica-le-dice-no-a-la-copa-america-y-se-va-de-vacaciones-a-mexico\\\/\",\"url\":\"https:\\\/\\\/fuentesfidedignas.com.mx\\\/index.php\\\/2024\\\/06\\\/21\\\/futbolista-de-jamaica-le-dice-no-a-la-copa-america-y-se-va-de-vacaciones-a-mexico\\\/\",\"name\":\"Futbolista de Jamaica le dice NO a la Copa Am\u00e9rica y se va de VACACIONES a M\u00e9xico - Fuentes Fidedignas\",\"isPartOf\":{\"@id\":\"https:\\\/\\\/fuentesfidedignas.com.mx\\\/#website\"},\"primaryImageOfPage\":{\"@id\":\"https:\\\/\\\/fuentesfidedignas.com.mx\\\/index.php\\\/2024\\\/06\\\/21\\\/futbolista-de-jamaica-le-dice-no-a-la-copa-america-y-se-va-de-vacaciones-a-mexico\\\/#primaryimage\"},\"image\":{\"@id\":\"https:\\\/\\\/fuentesfidedignas.com.mx\\\/index.php\\\/2024\\\/06\\\/21\\\/futbolista-de-jamaica-le-dice-no-a-la-copa-america-y-se-va-de-vacaciones-a-mexico\\\/#primaryimage\"},\"thumbnailUrl\":\"https:\\\/\\\/fuentesfidedignas.com.mx\\\/wp-content\\\/uploads\\\/2024\\\/06\\\/futbolista-jamaica.jpg\",\"datePublished\":\"2024-06-21T12:11:53+00:00\",\"breadcrumb\":{\"@id\":\"https:\\\/\\\/fuentesfidedignas.com.mx\\\/index.php\\\/2024\\\/06\\\/21\\\/futbolista-de-jamaica-le-dice-no-a-la-copa-america-y-se-va-de-vacaciones-a-mexico\\\/#breadcrumb\"},\"inLanguage\":\"es\",\"potentialAction\":[{\"@type\":\"ReadAction\",\"target\":[\"https:\\\/\\\/fuentesfidedignas.com.mx\\\/index.php\\\/2024\\\/06\\\/21\\\/futbolista-de-jamaica-le-dice-no-a-la-copa-america-y-se-va-de-vacaciones-a-mexico\\\/\"]}]},{\"@type\":\"ImageObject\",\"inLanguage\":\"es\",\"@id\":\"https:\\\/\\\/fuentesfidedignas.com.mx\\\/index.php\\\/2024\\\/06\\\/21\\\/futbolista-de-jamaica-le-dice-no-a-la-copa-america-y-se-va-de-vacaciones-a-mexico\\\/#primaryimage\",\"url\":\"https:\\\/\\\/fuentesfidedignas.com.mx\\\/wp-content\\\/uploads\\\/2024\\\/06\\\/futbolista-jamaica.jpg\",\"contentUrl\":\"https:\\\/\\\/fuentesfidedignas.com.mx\\\/wp-content\\\/uploads\\\/2024\\\/06\\\/futbolista-jamaica.jpg\",\"width\":650,\"height\":433},{\"@type\":\"BreadcrumbList\",\"@id\":\"https:\\\/\\\/fuentesfidedignas.com.mx\\\/index.php\\\/2024\\\/06\\\/21\\\/futbolista-de-jamaica-le-dice-no-a-la-copa-america-y-se-va-de-vacaciones-a-mexico\\\/#breadcrumb\",\"itemListElement\":[{\"@type\":\"ListItem\",\"position\":1,\"name\":\"Inicio\",\"item\":\"https:\\\/\\\/fuentesfidedignas.com.mx\\\/\"},{\"@type\":\"ListItem\",\"position\":2,\"name\":\"Futbolista de Jamaica le dice NO a la Copa Am\u00e9rica y se va de VACACIONES a M\u00e9xico\"}]},{\"@type\":\"WebSite\",\"@id\":\"https:\\\/\\\/fuentesfidedignas.com.mx\\\/#website\",\"url\":\"https:\\\/\\\/fuentesfidedignas.com.mx\\\/\",\"name\":\"Fuentes Fidedignas\",\"description\":\"Otro sitio realizado con WordPress\",\"publisher\":{\"@id\":\"https:\\\/\\\/fuentesfidedignas.com.mx\\\/#organization\"},\"potentialAction\":[{\"@type\":\"SearchAction\",\"target\":{\"@type\":\"EntryPoint\",\"urlTemplate\":\"https:\\\/\\\/fuentesfidedignas.com.mx\\\/?s={search_term_string}\"},\"query-input\":{\"@type\":\"PropertyValueSpecification\",\"valueRequired\":true,\"valueName\":\"search_term_string\"}}],\"inLanguage\":\"es\"},{\"@type\":\"Organization\",\"@id\":\"https:\\\/\\\/fuentesfidedignas.com.mx\\\/#organization\",\"name\":\"Fuentes Fidedignas\",\"url\":\"https:\\\/\\\/fuentesfidedignas.com.mx\\\/\",\"logo\":{\"@type\":\"ImageObject\",\"inLanguage\":\"es\",\"@id\":\"https:\\\/\\\/fuentesfidedignas.com.mx\\\/#\\\/schema\\\/logo\\\/image\\\/\",\"url\":\"https:\\\/\\\/fuentesfidedignas.com.mx\\\/wp-content\\\/uploads\\\/2021\\\/04\\\/logo-retina.png\",\"contentUrl\":\"https:\\\/\\\/fuentesfidedignas.com.mx\\\/wp-content\\\/uploads\\\/2021\\\/04\\\/logo-retina.png\",\"width\":280,\"height\":51,\"caption\":\"Fuentes Fidedignas\"},\"image\":{\"@id\":\"https:\\\/\\\/fuentesfidedignas.com.mx\\\/#\\\/schema\\\/logo\\\/image\\\/\"},\"sameAs\":[\"https:\\\/\\\/www.facebook.com\\\/Fuentes-Fidedignas-368234489921644\",\"https:\\\/\\\/x.com\\\/fidedignas\"]},{\"@type\":\"Person\",\"@id\":\"https:\\\/\\\/fuentesfidedignas.com.mx\\\/#\\\/schema\\\/person\\\/67d852f0557c8509146a4b9ddebd543a\",\"name\":\"L\u00f3pez D\u00f3riga\",\"image\":{\"@type\":\"ImageObject\",\"inLanguage\":\"es\",\"@id\":\"https:\\\/\\\/secure.gravatar.com\\\/avatar\\\/e525b06574ca18b33cded59dfe5778d6c823b9513154eff47da551b0551bdd1e?s=96&d=mm&r=g\",\"url\":\"https:\\\/\\\/secure.gravatar.com\\\/avatar\\\/e525b06574ca18b33cded59dfe5778d6c823b9513154eff47da551b0551bdd1e?s=96&d=mm&r=g\",\"contentUrl\":\"https:\\\/\\\/secure.gravatar.com\\\/avatar\\\/e525b06574ca18b33cded59dfe5778d6c823b9513154eff47da551b0551bdd1e?s=96&d=mm&r=g\",\"caption\":\"L\u00f3pez D\u00f3riga\"},\"url\":\"https:\\\/\\\/fuentesfidedignas.com.mx\\\/index.php\\\/author\\\/doriga\\\/\"}]}<\/script>\n<!-- \/ Yoast SEO plugin. -->","yoast_head_json":{"title":"Futbolista de Jamaica le dice NO a la Copa Am\u00e9rica y se va de VACACIONES a M\u00e9xico - Fuentes Fidedignas","robots":{"index":"index","follow":"follow","max-snippet":"max-snippet:-1","max-image-preview":"max-image-preview:large","max-video-preview":"max-video-preview:-1"},"canonical":"https:\/\/fuentesfidedignas.com.mx\/index.php\/2024\/06\/21\/futbolista-de-jamaica-le-dice-no-a-la-copa-america-y-se-va-de-vacaciones-a-mexico\/","og_locale":"es_MX","og_type":"article","og_title":"Futbolista de Jamaica le dice NO a la Copa Am\u00e9rica y se va de VACACIONES a M\u00e9xico - Fuentes Fidedignas","og_description":"El pol\u00e9mico delantero Leon Bailey rechaz\u00f3 jugar con Jamaica la Copa Am\u00e9rica 2024, donde enfrentar\u00eda a M\u00e9xico El pol\u00e9mico delantero Leon Bailey, del Aston Villa ingl\u00e9s, renunci\u00f3 formalmente a jugar con Jamaica la Copa Am\u00e9rica y est\u00e1 de vacaciones en M\u00e9xico, el pa\u00eds que ser\u00e1 el rival de los Reggae Boyz este s\u00e1bado en el [&hellip;]","og_url":"https:\/\/fuentesfidedignas.com.mx\/index.php\/2024\/06\/21\/futbolista-de-jamaica-le-dice-no-a-la-copa-america-y-se-va-de-vacaciones-a-mexico\/","og_site_name":"Fuentes Fidedignas","article_publisher":"https:\/\/www.facebook.com\/Fuentes-Fidedignas-368234489921644","article_published_time":"2024-06-21T12:11:53+00:00","og_image":[{"width":650,"height":433,"url":"https:\/\/fuentesfidedignas.com.mx\/wp-content\/uploads\/2024\/06\/futbolista-jamaica.jpg","type":"image\/jpeg"}],"author":"L\u00f3pez D\u00f3riga","twitter_card":"summary_large_image","twitter_creator":"@fidedignas","twitter_site":"@fidedignas","twitter_misc":{"Escrito por":"L\u00f3pez D\u00f3riga","Tiempo de lectura":"4 minutos"},"schema":{"@context":"https:\/\/schema.org","@graph":[{"@type":"Article","@id":"https:\/\/fuentesfidedignas.com.mx\/index.php\/2024\/06\/21\/futbolista-de-jamaica-le-dice-no-a-la-copa-america-y-se-va-de-vacaciones-a-mexico\/#article","isPartOf":{"@id":"https:\/\/fuentesfidedignas.com.mx\/index.php\/2024\/06\/21\/futbolista-de-jamaica-le-dice-no-a-la-copa-america-y-se-va-de-vacaciones-a-mexico\/"},"author":{"name":"L\u00f3pez D\u00f3riga","@id":"https:\/\/fuentesfidedignas.com.mx\/#\/schema\/person\/67d852f0557c8509146a4b9ddebd543a"},"headline":"Futbolista de Jamaica le dice NO a la Copa Am\u00e9rica y se va de VACACIONES a M\u00e9xico","datePublished":"2024-06-21T12:11:53+00:00","mainEntityOfPage":{"@id":"https:\/\/fuentesfidedignas.com.mx\/index.php\/2024\/06\/21\/futbolista-de-jamaica-le-dice-no-a-la-copa-america-y-se-va-de-vacaciones-a-mexico\/"},"wordCount":721,"commentCount":0,"publisher":{"@id":"https:\/\/fuentesfidedignas.com.mx\/#organization"},"image":{"@id":"https:\/\/fuentesfidedignas.com.mx\/index.php\/2024\/06\/21\/futbolista-de-jamaica-le-dice-no-a-la-copa-america-y-se-va-de-vacaciones-a-mexico\/#primaryimage"},"thumbnailUrl":"https:\/\/fuentesfidedignas.com.mx\/wp-content\/uploads\/2024\/06\/futbolista-jamaica.jpg","articleSection":["LAS ASOMBROSAS"],"inLanguage":"es","potentialAction":[{"@type":"CommentAction","name":"Comment","target":["https:\/\/fuentesfidedignas.com.mx\/index.php\/2024\/06\/21\/futbolista-de-jamaica-le-dice-no-a-la-copa-america-y-se-va-de-vacaciones-a-mexico\/#respond"]}]},{"@type":"WebPage","@id":"https:\/\/fuentesfidedignas.com.mx\/index.php\/2024\/06\/21\/futbolista-de-jamaica-le-dice-no-a-la-copa-america-y-se-va-de-vacaciones-a-mexico\/","url":"https:\/\/fuentesfidedignas.com.mx\/index.php\/2024\/06\/21\/futbolista-de-jamaica-le-dice-no-a-la-copa-america-y-se-va-de-vacaciones-a-mexico\/","name":"Futbolista de Jamaica le dice NO a la Copa Am\u00e9rica y se va de VACACIONES a M\u00e9xico - Fuentes Fidedignas","isPartOf":{"@id":"https:\/\/fuentesfidedignas.com.mx\/#website"},"primaryImageOfPage":{"@id":"https:\/\/fuentesfidedignas.com.mx\/index.php\/2024\/06\/21\/futbolista-de-jamaica-le-dice-no-a-la-copa-america-y-se-va-de-vacaciones-a-mexico\/#primaryimage"},"image":{"@id":"https:\/\/fuentesfidedignas.com.mx\/index.php\/2024\/06\/21\/futbolista-de-jamaica-le-dice-no-a-la-copa-america-y-se-va-de-vacaciones-a-mexico\/#primaryimage"},"thumbnailUrl":"https:\/\/fuentesfidedignas.com.mx\/wp-content\/uploads\/2024\/06\/futbolista-jamaica.jpg","datePublished":"2024-06-21T12:11:53+00:00","breadcrumb":{"@id":"https:\/\/fuentesfidedignas.com.mx\/index.php\/2024\/06\/21\/futbolista-de-jamaica-le-dice-no-a-la-copa-america-y-se-va-de-vacaciones-a-mexico\/#breadcrumb"},"inLanguage":"es","potentialAction":[{"@type":"ReadAction","target":["https:\/\/fuentesfidedignas.com.mx\/index.php\/2024\/06\/21\/futbolista-de-jamaica-le-dice-no-a-la-copa-america-y-se-va-de-vacaciones-a-mexico\/"]}]},{"@type":"ImageObject","inLanguage":"es","@id":"https:\/\/fuentesfidedignas.com.mx\/index.php\/2024\/06\/21\/futbolista-de-jamaica-le-dice-no-a-la-copa-america-y-se-va-de-vacaciones-a-mexico\/#primaryimage","url":"https:\/\/fuentesfidedignas.com.mx\/wp-content\/uploads\/2024\/06\/futbolista-jamaica.jpg","contentUrl":"https:\/\/fuentesfidedignas.com.mx\/wp-content\/uploads\/2024\/06\/futbolista-jamaica.jpg","width":650,"height":433},{"@type":"BreadcrumbList","@id":"https:\/\/fuentesfidedignas.com.mx\/index.php\/2024\/06\/21\/futbolista-de-jamaica-le-dice-no-a-la-copa-america-y-se-va-de-vacaciones-a-mexico\/#breadcrumb","itemListElement":[{"@type":"ListItem","position":1,"name":"Inicio","item":"https:\/\/fuentesfidedignas.com.mx\/"},{"@type":"ListItem","position":2,"name":"Futbolista de Jamaica le dice NO a la Copa Am\u00e9rica y se va de VACACIONES a M\u00e9xico"}]},{"@type":"WebSite","@id":"https:\/\/fuentesfidedignas.com.mx\/#website","url":"https:\/\/fuentesfidedignas.com.mx\/","name":"Fuentes Fidedignas","description":"Otro sitio realizado con WordPress","publisher":{"@id":"https:\/\/fuentesfidedignas.com.mx\/#organization"},"potentialAction":[{"@type":"SearchAction","target":{"@type":"EntryPoint","urlTemplate":"https:\/\/fuentesfidedignas.com.mx\/?s={search_term_string}"},"query-input":{"@type":"PropertyValueSpecification","valueRequired":true,"valueName":"search_term_string"}}],"inLanguage":"es"},{"@type":"Organization","@id":"https:\/\/fuentesfidedignas.com.mx\/#organization","name":"Fuentes Fidedignas","url":"https:\/\/fuentesfidedignas.com.mx\/","logo":{"@type":"ImageObject","inLanguage":"es","@id":"https:\/\/fuentesfidedignas.com.mx\/#\/schema\/logo\/image\/","url":"https:\/\/fuentesfidedignas.com.mx\/wp-content\/uploads\/2021\/04\/logo-retina.png","contentUrl":"https:\/\/fuentesfidedignas.com.mx\/wp-content\/uploads\/2021\/04\/logo-retina.png","width":280,"height":51,"caption":"Fuentes Fidedignas"},"image":{"@id":"https:\/\/fuentesfidedignas.com.mx\/#\/schema\/logo\/image\/"},"sameAs":["https:\/\/www.facebook.com\/Fuentes-Fidedignas-368234489921644","https:\/\/x.com\/fidedignas"]},{"@type":"Person","@id":"https:\/\/fuentesfidedignas.com.mx\/#\/schema\/person\/67d852f0557c8509146a4b9ddebd543a","name":"L\u00f3pez D\u00f3riga","image":{"@type":"ImageObject","inLanguage":"es","@id":"https:\/\/secure.gravatar.com\/avatar\/e525b06574ca18b33cded59dfe5778d6c823b9513154eff47da551b0551bdd1e?s=96&d=mm&r=g","url":"https:\/\/secure.gravatar.com\/avatar\/e525b06574ca18b33cded59dfe5778d6c823b9513154eff47da551b0551bdd1e?s=96&d=mm&r=g","contentUrl":"https:\/\/secure.gravatar.com\/avatar\/e525b06574ca18b33cded59dfe5778d6c823b9513154eff47da551b0551bdd1e?s=96&d=mm&r=g","caption":"L\u00f3pez D\u00f3riga"},"url":"https:\/\/fuentesfidedignas.com.mx\/index.php\/author\/doriga\/"}]}},"_links":{"self":[{"href":"https:\/\/fuentesfidedignas.com.mx\/index.php\/wp-json\/wp\/v2\/posts\/84636","targetHints":{"allow":["GET"]}}],"collection":[{"href":"https:\/\/fuentesfidedignas.com.mx\/index.php\/wp-json\/wp\/v2\/posts"}],"about":[{"href":"https:\/\/fuentesfidedignas.com.mx\/index.php\/wp-json\/wp\/v2\/types\/post"}],"author":[{"embeddable":true,"href":"https:\/\/fuentesfidedignas.com.mx\/index.php\/wp-json\/wp\/v2\/users\/47"}],"replies":[{"embeddable":true,"href":"https:\/\/fuentesfidedignas.com.mx\/index.php\/wp-json\/wp\/v2\/comments?post=84636"}],"version-history":[{"count":1,"href":"https:\/\/fuentesfidedignas.com.mx\/index.php\/wp-json\/wp\/v2\/posts\/84636\/revisions"}],"predecessor-version":[{"id":84638,"href":"https:\/\/fuentesfidedignas.com.mx\/index.php\/wp-json\/wp\/v2\/posts\/84636\/revisions\/84638"}],"wp:featuredmedia":[{"embeddable":true,"href":"https:\/\/fuentesfidedignas.com.mx\/index.php\/wp-json\/wp\/v2\/media\/84637"}],"wp:attachment":[{"href":"https:\/\/fuentesfidedignas.com.mx\/index.php\/wp-json\/wp\/v2\/media?parent=84636"}],"wp:term":[{"taxonomy":"category","embeddable":true,"href":"https:\/\/fuentesfidedignas.com.mx\/index.php\/wp-json\/wp\/v2\/categories?post=84636"},{"taxonomy":"post_tag","embeddable":true,"href":"https:\/\/fuentesfidedignas.com.mx\/index.php\/wp-json\/wp\/v2\/tags?post=84636"}],"curies":[{"name":"wp","href":"https:\/\/api.w.org\/{rel}","templated":true}]}}